{"id":133143,"date":"2025-06-23T11:45:33","date_gmt":"2025-06-23T09:45:33","guid":{"rendered":"https:\/\/vosgesinfo.fr\/epinalinfo\/?p=133143"},"modified":"2025-06-23T11:33:08","modified_gmt":"2025-06-23T09:33:08","slug":"appel-a-participation-projet-extension-une-aventure-artistique-collective-avec-la-compagnie-spoart","status":"publish","type":"post","link":"https:\/\/vosgesinfo.fr\/epinalinfo\/2025\/06\/appel-a-participation-projet-extension-une-aventure-artistique-collective-avec-la-compagnie-spoart\/","title":{"rendered":"Appel \u00e0 participation \u2013 Projet EXTENSION : une aventure artistique collective avec la compagnie S\u2019Poart"},"content":{"rendered":"<h2><strong><a href=\"https:\/\/vosgesinfo.fr\/app\/uploads\/sites\/3\/2025\/04\/cd88-spoart-flyer-extension-v5-page-0001.jpg\"><img decoding=\"async\" class=\"aligncenter size-full wp-image-130923\" src=\"https:\/\/vosgesinfo.fr\/app\/uploads\/sites\/3\/2025\/04\/cd88-spoart-flyer-extension-v5-page-0001.jpg\" alt=\"\" width=\"877\" height=\"1241\" srcset=\"https:\/\/vosgesinfo.fr\/app\/uploads\/sites\/3\/2025\/04\/cd88-spoart-flyer-extension-v5-page-0001.jpg 877w, https:\/\/vosgesinfo.fr\/app\/uploads\/sites\/3\/2025\/04\/cd88-spoart-flyer-extension-v5-page-0001-212x300.jpg 212w, https:\/\/vosgesinfo.fr\/app\/uploads\/sites\/3\/2025\/04\/cd88-spoart-flyer-extension-v5-page-0001-724x1024.jpg 724w, https:\/\/vosgesinfo.fr\/app\/uploads\/sites\/3\/2025\/04\/cd88-spoart-flyer-extension-v5-page-0001-768x1087.jpg 768w\" sizes=\"(max-width: 877px) 100vw, 877px\" \/><\/a>Dans le cadre de la r\u00e9sidence d\u00e9partementale de la compagnie S\u2019Poart, un projet d\u2019envergure voit le jour : EXTENSION, une cr\u00e9ation chor\u00e9graphique participative ouverte \u00e0 toutes et \u00e0 tous. Ce projet est port\u00e9 par le Conseil D\u00e9partemental des Vosges, en collaboration avec les partenaires des secteurs de Neufch\u00e2teau et Remiremont, et en partenariat avec la Danse Moderne Academy.<\/strong><\/h2>\n<p>La Danse Moderne Academy, d\u00e9j\u00e0 partenaire d\u2019un pr\u00e9c\u00e9dent projet avec la compagnie S\u2019Poart, ayant donn\u00e9 lieu \u00e0 une restitution en premi\u00e8re partie du spectacle Mega Unity, renouvelle son engagement artistique et territorial \u00e0 travers cette nouvelle aventure.<\/p>\n<p>Nous avons besoin de vous !<\/p>\n<p>L\u2019objectif est ambitieux : r\u00e9unir 100 participants sur sc\u00e8ne pour une performance collective, festive et interg\u00e9n\u00e9rationnelle. Que vous soyez sportif, b\u00e9n\u00e9vole associatif, passionn\u00e9 de danse ou simplement curieux de vivre une exp\u00e9rience artistique unique, ce projet est fait pour vous !<\/p>\n<p>Qui peut participer ?<\/p>\n<p>Tout le monde ! \u00c0 partir de 8 ans et jusqu\u2019\u00e0 99 ans, danseurs ou non. EXTENSION se veut \u00eatre un grand rassemblement de tous \u00e2ges et tous profils : \u00e9l\u00e8ves au conservatoire, amateurs, d\u00e9butants, parents et enfants, amis et coll\u00e8gues\u2026 Seule obligation : l\u2019enthousiasme de participer \u00e0 cette cr\u00e9ation collective d\u2019un spectacle.<\/p>\n<p>L\u2019inscription engage \u00e0 participer aux diff\u00e9rentes r\u00e9p\u00e9titions et au spectacle de votre secteur. Les mineurs doivent \u00eatre accompagn\u00e9s d\u2019un adulte ou fournir une d\u00e9charge lors de la premi\u00e8re s\u00e9ance.<\/p>\n<p>Profils recherch\u00e9s :<\/p>\n<p>\u00b7 Habitants des secteurs de Neufch\u00e2teau, Remiremont et alentours<\/p>\n<p>\u00b7 De 8 \u00e0 99 ans, sans limite d\u2019\u00e2ge<\/p>\n<p>\u00b7 Tous niveaux bienvenus : non-danseurs, amateurs, confirm\u00e9s, professionnels\u2026<\/p>\n<p>Les r\u00e9p\u00e9titions (du 9 au 18 juillet, hors week-end)<\/p>\n<p>\ud83d\udccd Gymnase Charlet | Remiremont<\/p>\n<p>\u00b7 Danseurs confirm\u00e9s : 9h-12h \/ 14h-17h<\/p>\n<p>\u00b7 Non-danseurs \/ d\u00e9butants : 18h-20h30<\/p>\n<p>\ud83d\udccd Cosec | Neufch\u00e2teau<\/p>\n<p>\u00b7 Non-danseurs \/ d\u00e9butants : 18h-20h30<\/p>\n<p>Les spectacles<\/p>\n<p>\ud83c\udfad 19 juillet \u00e0 14h30 \u2013 pour les danseurs du secteur Neufch\u00e2teau \ud83d\udccd Parc des Confluences | Neufch\u00e2teau<\/p>\n<p>\ud83c\udfad 20 juillet \u00e0 15h \u2013 pour les danseurs du secteur Remiremont \ud83d\udccd Kiosque du Calvaire | Remiremont<\/p>\n<p>Inscriptions et renseignements (jusqu\u2019au 1er juillet)<\/p>\n<p>\ud83d\udcde 03 29 29 87 58 \ud83d\udce7 aammour-lenoir@vosges.fr \ud83c\udf10 Inscriptions et d\u00e9tails du projet sur Culture C Nous : https:\/\/culturecnous.vosges.fr\/annonces\/appel-a-participation-extension-projet-de-danse-hip-hop-collaboratif\/<\/p>\n<p>\ud83d\udcc4 Flyer de l\u2019appel \u00e0 participation en pi\u00e8ce jointe<\/p>\n<p>Contact \u2013 Danse Moderne Academy : \ud83d\udce7 dma88200@gmail.com \ud83d\udcde 06 21 93 36 05<\/p>\n<p>\ud83d\udd17 R\u00e9seaux sociaux :<\/p>\n<p>\u00b7 Facebook : Danse Moderne Academy<\/p>\n<p>\u00b7 Instagram : @dmaofficiel<\/p>\n<p>\u00b7 TikTok : @Danse_Moderne_Academy<\/p>\n<p>\u00b7 LinkedIn : Danse Moderne Academy<\/p>\n<p>Merci \u00e0 toutes et tous pour votre soutien et votre mobilisation. Ensemble, faisons de ce projet un moment inoubliable !<\/p>\n","protected":false},"excerpt":{"rendered":"<p>Dans le cadre de la r\u00e9sidence d\u00e9partementale de la compagnie S\u2019Poart, un projet d\u2019envergure voit le jour : EXTENSION, une [&hellip;]<\/p>\n","protected":false},"author":41,"featured_media":130923,"comment_status":"open","ping_status":"open","sticky":false,"template":"","format":"standard","meta":{"footnotes":""},"categories":[22,24],"tags":[],"class_list":["post-133143","post","type-post","status-publish","format-standard","has-post-thumbnail","hentry","category-a-la-une","category-epinal"],"acf":[],"yoast_head":"<!-- This site is optimized with the Yoast SEO plugin v22.5 - https:\/\/yoast.com\/wordpress\/plugins\/seo\/ -->\n<title>Appel \u00e0 participation \u2013 Projet EXTENSION : une aventure artistique collective avec la compagnie S\u2019Poart - Epinal Info<\/title>\n<meta name=\"robots\" content=\"index, follow, max-snippet:-1, max-image-preview:large, max-video-preview:-1\" \/>\n<link rel=\"canonical\" href=\"https:\/\/vosgesinfo.fr\/epinalinfo\/2025\/06\/appel-a-participation-projet-extension-une-aventure-artistique-collective-avec-la-compagnie-spoart\/\" \/>\n<meta name=\"twitter:card\" content=\"summary_large_image\" \/>\n<meta name=\"twitter:title\" content=\"Appel \u00e0 participation \u2013 Projet EXTENSION : une aventure artistique collective avec la compagnie S\u2019Poart - Epinal Info\" \/>\n<meta name=\"twitter:description\" content=\"Dans le cadre de la r\u00e9sidence d\u00e9partementale de la compagnie S\u2019Poart, un projet d\u2019envergure voit le jour : EXTENSION, une [&hellip;]\" \/>\n<meta name=\"twitter:image\" content=\"https:\/\/vosgesinfo.fr\/app\/uploads\/sites\/3\/2025\/04\/cd88-spoart-flyer-extension-v5-page-0001.jpg\" \/>\n<meta name=\"twitter:creator\" content=\"@VosgesInfo88\" \/>\n<meta name=\"twitter:site\" content=\"@VosgesInfo88\" \/>\n<meta name=\"twitter:label1\" content=\"\u00c9crit par\" \/>\n\t<meta name=\"twitter:data1\" content=\"La r\u00e9daction\" \/>\n\t<meta name=\"twitter:label2\" content=\"Dur\u00e9e de lecture estim\u00e9e\" \/>\n\t<meta name=\"twitter:data2\" content=\"2 minutes\" \/>\n<script type=\"application\/ld+json\" class=\"yoast-schema-graph\">{\"@context\":\"https:\/\/schema.org\",\"@graph\":[{\"@type\":\"Article\",\"@id\":\"https:\/\/vosgesinfo.fr\/epinalinfo\/2025\/06\/appel-a-participation-projet-extension-une-aventure-artistique-collective-avec-la-compagnie-spoart\/#article\",\"isPartOf\":{\"@id\":\"https:\/\/vosgesinfo.fr\/epinalinfo\/2025\/06\/appel-a-participation-projet-extension-une-aventure-artistique-collective-avec-la-compagnie-spoart\/\"},\"author\":{\"name\":\"La r\u00e9daction\",\"@id\":\"https:\/\/vosgesinfo.fr\/epinalinfo\/#\/schema\/person\/44f5fff67d0ae31d2770e1f7555c711d\"},\"headline\":\"Appel \u00e0 participation \u2013 Projet EXTENSION : une aventure artistique collective avec la compagnie S\u2019Poart\",\"datePublished\":\"2025-06-23T09:45:33+00:00\",\"dateModified\":\"2025-06-23T09:33:08+00:00\",\"mainEntityOfPage\":{\"@id\":\"https:\/\/vosgesinfo.fr\/epinalinfo\/2025\/06\/appel-a-participation-projet-extension-une-aventure-artistique-collective-avec-la-compagnie-spoart\/\"},\"wordCount\":423,\"commentCount\":0,\"publisher\":{\"@id\":\"https:\/\/vosgesinfo.fr\/epinalinfo\/#organization\"},\"image\":{\"@id\":\"https:\/\/vosgesinfo.fr\/epinalinfo\/2025\/06\/appel-a-participation-projet-extension-une-aventure-artistique-collective-avec-la-compagnie-spoart\/#primaryimage\"},\"thumbnailUrl\":\"https:\/\/vosgesinfo.fr\/app\/uploads\/sites\/3\/2025\/04\/cd88-spoart-flyer-extension-v5-page-0001.jpg\",\"articleSection\":[\"A la Une\",\"Epinal\"],\"inLanguage\":\"fr-FR\",\"potentialAction\":[{\"@type\":\"CommentAction\",\"name\":\"Comment\",\"target\":[\"https:\/\/vosgesinfo.fr\/epinalinfo\/2025\/06\/appel-a-participation-projet-extension-une-aventure-artistique-collective-avec-la-compagnie-spoart\/#respond\"]}]},{\"@type\":\"WebPage\",\"@id\":\"https:\/\/vosgesinfo.fr\/epinalinfo\/2025\/06\/appel-a-participation-projet-extension-une-aventure-artistique-collective-avec-la-compagnie-spoart\/\",\"url\":\"https:\/\/vosgesinfo.fr\/epinalinfo\/2025\/06\/appel-a-participation-projet-extension-une-aventure-artistique-collective-avec-la-compagnie-spoart\/\",\"name\":\"Appel \u00e0 participation \u2013 Projet EXTENSION : une aventure artistique collective avec la compagnie S\u2019Poart - Epinal Info\",\"isPartOf\":{\"@id\":\"https:\/\/vosgesinfo.fr\/epinalinfo\/#website\"},\"primaryImageOfPage\":{\"@id\":\"https:\/\/vosgesinfo.fr\/epinalinfo\/2025\/06\/appel-a-participation-projet-extension-une-aventure-artistique-collective-avec-la-compagnie-spoart\/#primaryimage\"},\"image\":{\"@id\":\"https:\/\/vosgesinfo.fr\/epinalinfo\/2025\/06\/appel-a-participation-projet-extension-une-aventure-artistique-collective-avec-la-compagnie-spoart\/#primaryimage\"},\"thumbnailUrl\":\"https:\/\/vosgesinfo.fr\/app\/uploads\/sites\/3\/2025\/04\/cd88-spoart-flyer-extension-v5-page-0001.jpg\",\"datePublished\":\"2025-06-23T09:45:33+00:00\",\"dateModified\":\"2025-06-23T09:33:08+00:00\",\"breadcrumb\":{\"@id\":\"https:\/\/vosgesinfo.fr\/epinalinfo\/2025\/06\/appel-a-participation-projet-extension-une-aventure-artistique-collective-avec-la-compagnie-spoart\/#breadcrumb\"},\"inLanguage\":\"fr-FR\",\"potentialAction\":[{\"@type\":\"ReadAction\",\"target\":[\"https:\/\/vosgesinfo.fr\/epinalinfo\/2025\/06\/appel-a-participation-projet-extension-une-aventure-artistique-collective-avec-la-compagnie-spoart\/\"]}]},{\"@type\":\"ImageObject\",\"inLanguage\":\"fr-FR\",\"@id\":\"https:\/\/vosgesinfo.fr\/epinalinfo\/2025\/06\/appel-a-participation-projet-extension-une-aventure-artistique-collective-avec-la-compagnie-spoart\/#primaryimage\",\"url\":\"https:\/\/vosgesinfo.fr\/app\/uploads\/sites\/3\/2025\/04\/cd88-spoart-flyer-extension-v5-page-0001.jpg\",\"contentUrl\":\"https:\/\/vosgesinfo.fr\/app\/uploads\/sites\/3\/2025\/04\/cd88-spoart-flyer-extension-v5-page-0001.jpg\",\"width\":877,\"height\":1241},{\"@type\":\"BreadcrumbList\",\"@id\":\"https:\/\/vosgesinfo.fr\/epinalinfo\/2025\/06\/appel-a-participation-projet-extension-une-aventure-artistique-collective-avec-la-compagnie-spoart\/#breadcrumb\",\"itemListElement\":[{\"@type\":\"ListItem\",\"position\":1,\"name\":\"Home\",\"item\":\"https:\/\/vosgesinfo.fr\/epinalinfo\/\"},{\"@type\":\"ListItem\",\"position\":2,\"name\":\"Appel \u00e0 participation \u2013 Projet EXTENSION : une aventure artistique collective avec la compagnie S\u2019Poart\"}]},{\"@type\":\"WebSite\",\"@id\":\"https:\/\/vosgesinfo.fr\/epinalinfo\/#website\",\"url\":\"https:\/\/vosgesinfo.fr\/epinalinfo\/\",\"name\":\"Epinal Info\",\"description\":\"Toute l&#039;actualit\u00e9 d&#039;\u00c9pinal\",\"publisher\":{\"@id\":\"https:\/\/vosgesinfo.fr\/epinalinfo\/#organization\"},\"alternateName\":\"Toute l'actualit\u00e9 d'\u00c9pinal\",\"potentialAction\":[{\"@type\":\"SearchAction\",\"target\":{\"@type\":\"EntryPoint\",\"urlTemplate\":\"https:\/\/vosgesinfo.fr\/epinalinfo\/?s={search_term_string}\"},\"query-input\":\"required name=search_term_string\"}],\"inLanguage\":\"fr-FR\"},{\"@type\":\"Organization\",\"@id\":\"https:\/\/vosgesinfo.fr\/epinalinfo\/#organization\",\"name\":\"Epinal Info\",\"url\":\"https:\/\/vosgesinfo.fr\/epinalinfo\/\",\"logo\":{\"@type\":\"ImageObject\",\"inLanguage\":\"fr-FR\",\"@id\":\"https:\/\/vosgesinfo.fr\/epinalinfo\/#\/schema\/logo\/image\/\",\"url\":\"https:\/\/vosgesinfo.fr\/app\/uploads\/sites\/3\/2023\/08\/logo-epinalinfos.svg\",\"contentUrl\":\"https:\/\/vosgesinfo.fr\/app\/uploads\/sites\/3\/2023\/08\/logo-epinalinfos.svg\",\"width\":1,\"height\":1,\"caption\":\"Epinal Info\"},\"image\":{\"@id\":\"https:\/\/vosgesinfo.fr\/epinalinfo\/#\/schema\/logo\/image\/\"},\"sameAs\":[\"https:\/\/www.facebook.com\/Epinalinfos\",\"https:\/\/x.com\/VosgesInfo88\",\"https:\/\/www.youtube.com\/@vosgesinfo\"]},{\"@type\":\"Person\",\"@id\":\"https:\/\/vosgesinfo.fr\/epinalinfo\/#\/schema\/person\/44f5fff67d0ae31d2770e1f7555c711d\",\"name\":\"La r\u00e9daction\",\"image\":{\"@type\":\"ImageObject\",\"inLanguage\":\"fr-FR\",\"@id\":\"https:\/\/vosgesinfo.fr\/epinalinfo\/#\/schema\/person\/image\/\",\"url\":\"https:\/\/secure.gravatar.com\/avatar\/16dedd2578b2ae59b9a3a38f046defecb4cf834aaec7bb1d03d9ba6b5e55a8d5?s=96&d=mm&r=g\",\"contentUrl\":\"https:\/\/secure.gravatar.com\/avatar\/16dedd2578b2ae59b9a3a38f046defecb4cf834aaec7bb1d03d9ba6b5e55a8d5?s=96&d=mm&r=g\",\"caption\":\"La r\u00e9daction\"},\"url\":\"https:\/\/vosgesinfo.fr\/epinalinfo\/author\/poupy\/\"}]}<\/script>\n<!-- \/ Yoast SEO plugin. -->","yoast_head_json":{"title":"Appel \u00e0 participation \u2013 Projet EXTENSION : une aventure artistique collective avec la compagnie S\u2019Poart - Epinal Info","robots":{"index":"index","follow":"follow","max-snippet":"max-snippet:-1","max-image-preview":"max-image-preview:large","max-video-preview":"max-video-preview:-1"},"canonical":"https:\/\/vosgesinfo.fr\/epinalinfo\/2025\/06\/appel-a-participation-projet-extension-une-aventure-artistique-collective-avec-la-compagnie-spoart\/","twitter_card":"summary_large_image","twitter_title":"Appel \u00e0 participation \u2013 Projet EXTENSION : une aventure artistique collective avec la compagnie S\u2019Poart - Epinal Info","twitter_description":"Dans le cadre de la r\u00e9sidence d\u00e9partementale de la compagnie S\u2019Poart, un projet d\u2019envergure voit le jour : EXTENSION, une [&hellip;]","twitter_image":"https:\/\/vosgesinfo.fr\/app\/uploads\/sites\/3\/2025\/04\/cd88-spoart-flyer-extension-v5-page-0001.jpg","twitter_creator":"@VosgesInfo88","twitter_site":"@VosgesInfo88","twitter_misc":{"\u00c9crit par":"La r\u00e9daction","Dur\u00e9e de lecture estim\u00e9e":"2 minutes"},"schema":{"@context":"https:\/\/schema.org","@graph":[{"@type":"Article","@id":"https:\/\/vosgesinfo.fr\/epinalinfo\/2025\/06\/appel-a-participation-projet-extension-une-aventure-artistique-collective-avec-la-compagnie-spoart\/#article","isPartOf":{"@id":"https:\/\/vosgesinfo.fr\/epinalinfo\/2025\/06\/appel-a-participation-projet-extension-une-aventure-artistique-collective-avec-la-compagnie-spoart\/"},"author":{"name":"La r\u00e9daction","@id":"https:\/\/vosgesinfo.fr\/epinalinfo\/#\/schema\/person\/44f5fff67d0ae31d2770e1f7555c711d"},"headline":"Appel \u00e0 participation \u2013 Projet EXTENSION : une aventure artistique collective avec la compagnie S\u2019Poart","datePublished":"2025-06-23T09:45:33+00:00","dateModified":"2025-06-23T09:33:08+00:00","mainEntityOfPage":{"@id":"https:\/\/vosgesinfo.fr\/epinalinfo\/2025\/06\/appel-a-participation-projet-extension-une-aventure-artistique-collective-avec-la-compagnie-spoart\/"},"wordCount":423,"commentCount":0,"publisher":{"@id":"https:\/\/vosgesinfo.fr\/epinalinfo\/#organization"},"image":{"@id":"https:\/\/vosgesinfo.fr\/epinalinfo\/2025\/06\/appel-a-participation-projet-extension-une-aventure-artistique-collective-avec-la-compagnie-spoart\/#primaryimage"},"thumbnailUrl":"https:\/\/vosgesinfo.fr\/app\/uploads\/sites\/3\/2025\/04\/cd88-spoart-flyer-extension-v5-page-0001.jpg","articleSection":["A la Une","Epinal"],"inLanguage":"fr-FR","potentialAction":[{"@type":"CommentAction","name":"Comment","target":["https:\/\/vosgesinfo.fr\/epinalinfo\/2025\/06\/appel-a-participation-projet-extension-une-aventure-artistique-collective-avec-la-compagnie-spoart\/#respond"]}]},{"@type":"WebPage","@id":"https:\/\/vosgesinfo.fr\/epinalinfo\/2025\/06\/appel-a-participation-projet-extension-une-aventure-artistique-collective-avec-la-compagnie-spoart\/","url":"https:\/\/vosgesinfo.fr\/epinalinfo\/2025\/06\/appel-a-participation-projet-extension-une-aventure-artistique-collective-avec-la-compagnie-spoart\/","name":"Appel \u00e0 participation \u2013 Projet EXTENSION : une aventure artistique collective avec la compagnie S\u2019Poart - Epinal Info","isPartOf":{"@id":"https:\/\/vosgesinfo.fr\/epinalinfo\/#website"},"primaryImageOfPage":{"@id":"https:\/\/vosgesinfo.fr\/epinalinfo\/2025\/06\/appel-a-participation-projet-extension-une-aventure-artistique-collective-avec-la-compagnie-spoart\/#primaryimage"},"image":{"@id":"https:\/\/vosgesinfo.fr\/epinalinfo\/2025\/06\/appel-a-participation-projet-extension-une-aventure-artistique-collective-avec-la-compagnie-spoart\/#primaryimage"},"thumbnailUrl":"https:\/\/vosgesinfo.fr\/app\/uploads\/sites\/3\/2025\/04\/cd88-spoart-flyer-extension-v5-page-0001.jpg","datePublished":"2025-06-23T09:45:33+00:00","dateModified":"2025-06-23T09:33:08+00:00","breadcrumb":{"@id":"https:\/\/vosgesinfo.fr\/epinalinfo\/2025\/06\/appel-a-participation-projet-extension-une-aventure-artistique-collective-avec-la-compagnie-spoart\/#breadcrumb"},"inLanguage":"fr-FR","potentialAction":[{"@type":"ReadAction","target":["https:\/\/vosgesinfo.fr\/epinalinfo\/2025\/06\/appel-a-participation-projet-extension-une-aventure-artistique-collective-avec-la-compagnie-spoart\/"]}]},{"@type":"ImageObject","inLanguage":"fr-FR","@id":"https:\/\/vosgesinfo.fr\/epinalinfo\/2025\/06\/appel-a-participation-projet-extension-une-aventure-artistique-collective-avec-la-compagnie-spoart\/#primaryimage","url":"https:\/\/vosgesinfo.fr\/app\/uploads\/sites\/3\/2025\/04\/cd88-spoart-flyer-extension-v5-page-0001.jpg","contentUrl":"https:\/\/vosgesinfo.fr\/app\/uploads\/sites\/3\/2025\/04\/cd88-spoart-flyer-extension-v5-page-0001.jpg","width":877,"height":1241},{"@type":"BreadcrumbList","@id":"https:\/\/vosgesinfo.fr\/epinalinfo\/2025\/06\/appel-a-participation-projet-extension-une-aventure-artistique-collective-avec-la-compagnie-spoart\/#breadcrumb","itemListElement":[{"@type":"ListItem","position":1,"name":"Home","item":"https:\/\/vosgesinfo.fr\/epinalinfo\/"},{"@type":"ListItem","position":2,"name":"Appel \u00e0 participation \u2013 Projet EXTENSION : une aventure artistique collective avec la compagnie S\u2019Poart"}]},{"@type":"WebSite","@id":"https:\/\/vosgesinfo.fr\/epinalinfo\/#website","url":"https:\/\/vosgesinfo.fr\/epinalinfo\/","name":"Epinal Info","description":"Toute l&#039;actualit\u00e9 d&#039;\u00c9pinal","publisher":{"@id":"https:\/\/vosgesinfo.fr\/epinalinfo\/#organization"},"alternateName":"Toute l'actualit\u00e9 d'\u00c9pinal","potentialAction":[{"@type":"SearchAction","target":{"@type":"EntryPoint","urlTemplate":"https:\/\/vosgesinfo.fr\/epinalinfo\/?s={search_term_string}"},"query-input":"required name=search_term_string"}],"inLanguage":"fr-FR"},{"@type":"Organization","@id":"https:\/\/vosgesinfo.fr\/epinalinfo\/#organization","name":"Epinal Info","url":"https:\/\/vosgesinfo.fr\/epinalinfo\/","logo":{"@type":"ImageObject","inLanguage":"fr-FR","@id":"https:\/\/vosgesinfo.fr\/epinalinfo\/#\/schema\/logo\/image\/","url":"https:\/\/vosgesinfo.fr\/app\/uploads\/sites\/3\/2023\/08\/logo-epinalinfos.svg","contentUrl":"https:\/\/vosgesinfo.fr\/app\/uploads\/sites\/3\/2023\/08\/logo-epinalinfos.svg","width":1,"height":1,"caption":"Epinal Info"},"image":{"@id":"https:\/\/vosgesinfo.fr\/epinalinfo\/#\/schema\/logo\/image\/"},"sameAs":["https:\/\/www.facebook.com\/Epinalinfos","https:\/\/x.com\/VosgesInfo88","https:\/\/www.youtube.com\/@vosgesinfo"]},{"@type":"Person","@id":"https:\/\/vosgesinfo.fr\/epinalinfo\/#\/schema\/person\/44f5fff67d0ae31d2770e1f7555c711d","name":"La r\u00e9daction","image":{"@type":"ImageObject","inLanguage":"fr-FR","@id":"https:\/\/vosgesinfo.fr\/epinalinfo\/#\/schema\/person\/image\/","url":"https:\/\/secure.gravatar.com\/avatar\/16dedd2578b2ae59b9a3a38f046defecb4cf834aaec7bb1d03d9ba6b5e55a8d5?s=96&d=mm&r=g","contentUrl":"https:\/\/secure.gravatar.com\/avatar\/16dedd2578b2ae59b9a3a38f046defecb4cf834aaec7bb1d03d9ba6b5e55a8d5?s=96&d=mm&r=g","caption":"La r\u00e9daction"},"url":"https:\/\/vosgesinfo.fr\/epinalinfo\/author\/poupy\/"}]}},"_links":{"self":[{"href":"https:\/\/vosgesinfo.fr\/epinalinfo\/wp-json\/wp\/v2\/posts\/133143","targetHints":{"allow":["GET"]}}],"collection":[{"href":"https:\/\/vosgesinfo.fr\/epinalinfo\/wp-json\/wp\/v2\/posts"}],"about":[{"href":"https:\/\/vosgesinfo.fr\/epinalinfo\/wp-json\/wp\/v2\/types\/post"}],"author":[{"embeddable":true,"href":"https:\/\/vosgesinfo.fr\/epinalinfo\/wp-json\/wp\/v2\/users\/41"}],"replies":[{"embeddable":true,"href":"https:\/\/vosgesinfo.fr\/epinalinfo\/wp-json\/wp\/v2\/comments?post=133143"}],"version-history":[{"count":1,"href":"https:\/\/vosgesinfo.fr\/epinalinfo\/wp-json\/wp\/v2\/posts\/133143\/revisions"}],"predecessor-version":[{"id":133144,"href":"https:\/\/vosgesinfo.fr\/epinalinfo\/wp-json\/wp\/v2\/posts\/133143\/revisions\/133144"}],"wp:featuredmedia":[{"embeddable":true,"href":"https:\/\/vosgesinfo.fr\/epinalinfo\/wp-json\/wp\/v2\/media\/130923"}],"wp:attachment":[{"href":"https:\/\/vosgesinfo.fr\/epinalinfo\/wp-json\/wp\/v2\/media?parent=133143"}],"wp:term":[{"taxonomy":"category","embeddable":true,"href":"https:\/\/vosgesinfo.fr\/epinalinfo\/wp-json\/wp\/v2\/categories?post=133143"},{"taxonomy":"post_tag","embeddable":true,"href":"https:\/\/vosgesinfo.fr\/epinalinfo\/wp-json\/wp\/v2\/tags?post=133143"}],"curies":[{"name":"wp","href":"https:\/\/api.w.org\/{rel}","templated":true}]}}