{"id":133147,"date":"2025-06-24T07:13:35","date_gmt":"2025-06-24T05:13:35","guid":{"rendered":"https:\/\/vosgesinfo.fr\/epinalinfo\/?p=133147"},"modified":"2025-06-23T13:17:19","modified_gmt":"2025-06-23T11:17:19","slug":"epinal-bouge-lete-2025-une-saison-culturelle-festive-conviviale-et-haute-en-couleurs","status":"publish","type":"post","link":"https:\/\/vosgesinfo.fr\/epinalinfo\/2025\/06\/epinal-bouge-lete-2025-une-saison-culturelle-festive-conviviale-et-haute-en-couleurs\/","title":{"rendered":"\u00c9pinal bouge l\u2019\u00e9t\u00e9 2025 : une saison culturelle festive, conviviale et haute en couleurs"},"content":{"rendered":"<div id=\"attachment_43335\" style=\"width: 2570px\" class=\"wp-caption aligncenter\"><a href=\"https:\/\/vosgesinfo.fr\/app\/uploads\/sites\/3\/2024\/07\/epinalo-bouge-l-ete-le-gros-tour-13-scaled.jpg\"><img decoding=\"async\" aria-describedby=\"caption-attachment-43335\" class=\"size-full wp-image-43335\" src=\"https:\/\/vosgesinfo.fr\/app\/uploads\/sites\/3\/2024\/07\/epinalo-bouge-l-ete-le-gros-tour-13-scaled.jpg\" alt=\"\" width=\"2560\" height=\"1709\" srcset=\"https:\/\/vosgesinfo.fr\/app\/uploads\/sites\/3\/2024\/07\/epinalo-bouge-l-ete-le-gros-tour-13-scaled.jpg 2560w, https:\/\/vosgesinfo.fr\/app\/uploads\/sites\/3\/2024\/07\/epinalo-bouge-l-ete-le-gros-tour-13-300x200.jpg 300w, https:\/\/vosgesinfo.fr\/app\/uploads\/sites\/3\/2024\/07\/epinalo-bouge-l-ete-le-gros-tour-13-1024x684.jpg 1024w, https:\/\/vosgesinfo.fr\/app\/uploads\/sites\/3\/2024\/07\/epinalo-bouge-l-ete-le-gros-tour-13-768x513.jpg 768w, https:\/\/vosgesinfo.fr\/app\/uploads\/sites\/3\/2024\/07\/epinalo-bouge-l-ete-le-gros-tour-13-1536x1025.jpg 1536w, https:\/\/vosgesinfo.fr\/app\/uploads\/sites\/3\/2024\/07\/epinalo-bouge-l-ete-le-gros-tour-13-2048x1367.jpg 2048w\" sizes=\"(max-width: 2560px) 100vw, 2560px\" \/><\/a><p id=\"caption-attachment-43335\" class=\"wp-caption-text\">PBP-PHOTOGRAPHIE<\/p><\/div>\n<h2 data-start=\"216\" data-end=\"680\"><strong>L\u2019\u00e9t\u00e9 \u00e0 \u00c9pinal promet d\u2019\u00eatre anim\u00e9 ! Fid\u00e8le \u00e0 son rendez-vous estival, la Ville d\u2019\u00c9pinal l\u00e8ve le voile sur sa programmation culturelle 2025, port\u00e9e par le d\u00e9sormais embl\u00e9matique festival \u00c9pinal bouge l\u2019\u00e9t\u00e9. Entre concerts, spectacles pour enfants, projections de cin\u00e9ma en plein air et animations gratuites, la saison s\u2019annonce riche, populaire et f\u00e9d\u00e9ratrice. Le tout dans une ambiance chaleureuse, propice \u00e0 la fl\u00e2nerie, \u00e0 la f\u00eate et \u00e0 la d\u00e9couverte.<\/strong><\/h2>\n<h3 data-start=\"682\" data-end=\"727\"><strong data-start=\"686\" data-end=\"727\">Une programmation musicale \u00e9clectique<\/strong><\/h3>\n<p data-start=\"729\" data-end=\"976\">Les <strong data-start=\"733\" data-end=\"769\">vendredis soirs place des Vosges<\/strong>, le c\u0153ur de la ville vibrera au rythme des <strong data-start=\"813\" data-end=\"838\">concerts en plein air<\/strong>. Quatre soir\u00e9es musicales sont pr\u00e9vues, en partenariat avec la salle La Souris Verte, qui met \u00e9galement \u00e0 l&rsquo;honneur la <strong data-start=\"958\" data-end=\"974\">sc\u00e8ne locale<\/strong> :<\/p>\n<ul data-start=\"978\" data-end=\"1397\">\n<li data-start=\"978\" data-end=\"1090\">\n<p data-start=\"980\" data-end=\"1090\"><strong data-start=\"980\" data-end=\"994\">25 juillet<\/strong> : <em data-start=\"997\" data-end=\"1016\">La Brigade du Kif<\/em> (rock alternatif), pr\u00e9c\u00e9d\u00e9 des \u00e9nergiques <em data-start=\"1059\" data-end=\"1083\">Supr\u00eame Tag\u00fceul Simone<\/em> (punk)<\/p>\n<\/li>\n<li data-start=\"1091\" data-end=\"1197\">\n<p data-start=\"1093\" data-end=\"1197\"><strong data-start=\"1093\" data-end=\"1103\">8 ao\u00fbt<\/strong> : soir\u00e9e <em data-start=\"1113\" data-end=\"1129\">Tremplin local<\/em> avec <em data-start=\"1135\" data-end=\"1146\">Anthemeza<\/em> et <em data-start=\"1150\" data-end=\"1162\">The Maniax<\/em> (rock psych\u00e9d\u00e9lique et alternatif)<\/p>\n<\/li>\n<li data-start=\"1198\" data-end=\"1324\">\n<p data-start=\"1200\" data-end=\"1324\"><strong data-start=\"1200\" data-end=\"1211\">22 ao\u00fbt<\/strong> : ambiance latine avec <em data-start=\"1235\" data-end=\"1249\">Ocho y Media<\/em> (salsa cumbia), en premi\u00e8re partie <em data-start=\"1285\" data-end=\"1296\">Coco Loco<\/em> (soul et musiques du monde)<\/p>\n<\/li>\n<li data-start=\"1325\" data-end=\"1397\">\n<p data-start=\"1327\" data-end=\"1397\"><strong data-start=\"1327\" data-end=\"1338\">29 ao\u00fbt<\/strong> : cl\u00f4ture festive avec <em data-start=\"1362\" data-end=\"1381\">The Celtic Tramps<\/em> (folk celtique)<\/p>\n<\/li>\n<\/ul>\n<p data-start=\"1399\" data-end=\"1606\">Et pour les amateurs de big band et de bals populaires, <strong data-start=\"1455\" data-end=\"1472\">le 13 juillet<\/strong>, la <strong data-start=\"1477\" data-end=\"1495\">F\u00eate nationale<\/strong> sera c\u00e9l\u00e9br\u00e9e avec <em data-start=\"1515\" data-end=\"1540\">Spinal Groove Syndicate<\/em> suivi d\u2019un bal populaire sur la place des Vosges \u00e0 partir de 23h.<\/p>\n<h3 data-start=\"1608\" data-end=\"1684\"><strong data-start=\"1612\" data-end=\"1684\">Des spectacles familiaux dans le cadre enchanteur du parc du Ch\u00e2teau<\/strong><\/h3>\n<p data-start=\"1686\" data-end=\"1832\">Le <strong data-start=\"1689\" data-end=\"1718\">mercredi apr\u00e8s-midi \u00e0 15h<\/strong>, les familles sont invit\u00e9es \u00e0 s\u2019installer au <strong data-start=\"1764\" data-end=\"1787\">pavillon du ch\u00e2teau<\/strong> pour d\u00e9couvrir des spectacles jeune public :<\/p>\n<ul data-start=\"1834\" data-end=\"2210\">\n<li data-start=\"1834\" data-end=\"1931\">\n<p data-start=\"1836\" data-end=\"1931\"><strong data-start=\"1836\" data-end=\"1849\">9 juillet<\/strong> : <em data-start=\"1852\" data-end=\"1879\">Jo et le salut des Kr\u00e2\u00e2vs<\/em>, un spectacle de marionnettes par la Cie Astrotapir<\/p>\n<\/li>\n<li data-start=\"1932\" data-end=\"2022\">\n<p data-start=\"1934\" data-end=\"2022\"><strong data-start=\"1934\" data-end=\"1948\">23 juillet<\/strong> : <em data-start=\"1951\" data-end=\"1972\">Marchand de voyages<\/em>, un spectacle musical de la Cie La Chose Publique<\/p>\n<\/li>\n<li data-start=\"2023\" data-end=\"2108\">\n<p data-start=\"2025\" data-end=\"2108\"><strong data-start=\"2025\" data-end=\"2035\">6 ao\u00fbt<\/strong> : <em data-start=\"2038\" data-end=\"2054\">\u00c0 l\u2019abordage !<\/em>, une aventure participative par la Cie Histoire d\u2019Eux<\/p>\n<\/li>\n<li data-start=\"2109\" data-end=\"2210\">\n<p data-start=\"2111\" data-end=\"2210\"><strong data-start=\"2111\" data-end=\"2122\">20 ao\u00fbt<\/strong> : <em data-start=\"2125\" data-end=\"2162\">Gustave Auguste, \u00e9leveur de cuivres<\/em>, spectacle musical de la Cie Musique \u00e0 tue-t\u00eate<\/p>\n<\/li>\n<\/ul>\n<h3 data-start=\"2212\" data-end=\"2260\"><strong data-start=\"2216\" data-end=\"2260\">Nouveaut\u00e9 2025 : cin\u00e9ma sous les \u00e9toiles<\/strong><\/h3>\n<p data-start=\"2262\" data-end=\"2540\">Grande nouveaut\u00e9 cette ann\u00e9e : les <strong data-start=\"2297\" data-end=\"2334\">projections de films en plein air<\/strong> dans le magnifique <strong data-start=\"2354\" data-end=\"2385\">jardin de la Maison Romaine<\/strong>, en partenariat avec Image\u2019Est et les Cin\u00e9s Palace. Apportez votre transat, votre plaid et de quoi pique-niquer pour profiter de ces soir\u00e9es conviviales :<\/p>\n<ul data-start=\"2542\" data-end=\"2803\">\n<li data-start=\"2542\" data-end=\"2621\">\n<p data-start=\"2544\" data-end=\"2621\"><strong data-start=\"2544\" data-end=\"2564\">18 juillet \u00e0 22h<\/strong> : <em data-start=\"2567\" data-end=\"2606\">Ast\u00e9rix et Ob\u00e9lix : Mission Cl\u00e9op\u00e2tre<\/em> d\u2019Alain Chabat<\/p>\n<\/li>\n<li data-start=\"2622\" data-end=\"2688\">\n<p data-start=\"2624\" data-end=\"2688\"><strong data-start=\"2624\" data-end=\"2642\">1er ao\u00fbt \u00e0 22h<\/strong> : <em data-start=\"2645\" data-end=\"2671\">Soyez sympas, rembobinez<\/em> de Michel Gondry<\/p>\n<\/li>\n<li data-start=\"2689\" data-end=\"2744\">\n<p data-start=\"2691\" data-end=\"2744\"><strong data-start=\"2691\" data-end=\"2710\">15 ao\u00fbt \u00e0 21h30<\/strong> : <em data-start=\"2713\" data-end=\"2725\">Pers\u00e9polis<\/em> de Marjane Satrapi<\/p>\n<\/li>\n<li data-start=\"2745\" data-end=\"2803\">\n<p data-start=\"2747\" data-end=\"2803\"><strong data-start=\"2747\" data-end=\"2766\">26 ao\u00fbt \u00e0 21h30<\/strong> : date de repli en cas d\u2019intemp\u00e9ries<\/p>\n<\/li>\n<\/ul>\n<h3 data-start=\"2805\" data-end=\"2852\"><strong data-start=\"2809\" data-end=\"2852\">Un \u00e9v\u00e9nement solidaire et interculturel<\/strong><\/h3>\n<p data-start=\"2854\" data-end=\"3135\">Le <strong data-start=\"2857\" data-end=\"2879\">24 juillet \u00e0 20h30<\/strong>, l\u2019Auditorium de la Louvi\u00e8re accueillera le spectacle <strong data-start=\"2934\" data-end=\"2951\">Slava Ukraini<\/strong>, un moment de partage autour des musiques et danses traditionnelles d\u2019Ukraine, en lien avec l\u2019association <strong data-start=\"3058\" data-end=\"3081\">Liouba Lorr\u2019Ukraine<\/strong>, qui soutient les populations touch\u00e9es par la guerre.<\/p>\n<p data-start=\"3186\" data-end=\"3469\">\n","protected":false},"excerpt":{"rendered":"<p>L\u2019\u00e9t\u00e9 \u00e0 \u00c9pinal promet d\u2019\u00eatre anim\u00e9 ! Fid\u00e8le \u00e0 son rendez-vous estival, la Ville d\u2019\u00c9pinal l\u00e8ve le voile sur sa [&hellip;]<\/p>\n","protected":false},"author":52,"featured_media":43335,"comment_status":"open","ping_status":"open","sticky":false,"template":"","format":"standard","meta":{"footnotes":""},"categories":[22,20,24],"tags":[209,671,58,664,3359,75],"class_list":["post-133147","post","type-post","status-publish","format-standard","has-post-thumbnail","hentry","category-a-la-une","category-divertissement","category-epinal","tag-culture","tag-divertissement","tag-epinal-bouge-lete","tag-musique","tag-spectacles","tag-vosges"],"acf":[],"yoast_head":"<!-- This site is optimized with the Yoast SEO plugin v22.5 - https:\/\/yoast.com\/wordpress\/plugins\/seo\/ -->\n<title>\u00c9pinal bouge l\u2019\u00e9t\u00e9 2025 : une saison culturelle festive, conviviale et haute en couleurs - Epinal Info<\/title>\n<meta name=\"robots\" content=\"index, follow, max-snippet:-1, max-image-preview:large, max-video-preview:-1\" \/>\n<link rel=\"canonical\" href=\"https:\/\/vosgesinfo.fr\/epinalinfo\/2025\/06\/epinal-bouge-lete-2025-une-saison-culturelle-festive-conviviale-et-haute-en-couleurs\/\" \/>\n<meta name=\"twitter:card\" content=\"summary_large_image\" \/>\n<meta name=\"twitter:title\" content=\"\u00c9pinal bouge l\u2019\u00e9t\u00e9 2025 : une saison culturelle festive, conviviale et haute en couleurs - Epinal Info\" \/>\n<meta name=\"twitter:description\" content=\"L\u2019\u00e9t\u00e9 \u00e0 \u00c9pinal promet d\u2019\u00eatre anim\u00e9 ! Fid\u00e8le \u00e0 son rendez-vous estival, la Ville d\u2019\u00c9pinal l\u00e8ve le voile sur sa [&hellip;]\" \/>\n<meta name=\"twitter:image\" content=\"https:\/\/vosgesinfo.fr\/app\/uploads\/sites\/3\/2024\/07\/epinalo-bouge-l-ete-le-gros-tour-13-scaled.jpg\" \/>\n<meta name=\"twitter:creator\" content=\"@VosgesInfo88\" \/>\n<meta name=\"twitter:site\" content=\"@VosgesInfo88\" \/>\n<meta name=\"twitter:label1\" content=\"\u00c9crit par\" \/>\n\t<meta name=\"twitter:data1\" content=\"C.K.\" \/>\n\t<meta name=\"twitter:label2\" content=\"Dur\u00e9e de lecture estim\u00e9e\" \/>\n\t<meta name=\"twitter:data2\" content=\"2 minutes\" \/>\n<script type=\"application\/ld+json\" class=\"yoast-schema-graph\">{\"@context\":\"https:\/\/schema.org\",\"@graph\":[{\"@type\":\"Article\",\"@id\":\"https:\/\/vosgesinfo.fr\/epinalinfo\/2025\/06\/epinal-bouge-lete-2025-une-saison-culturelle-festive-conviviale-et-haute-en-couleurs\/#article\",\"isPartOf\":{\"@id\":\"https:\/\/vosgesinfo.fr\/epinalinfo\/2025\/06\/epinal-bouge-lete-2025-une-saison-culturelle-festive-conviviale-et-haute-en-couleurs\/\"},\"author\":{\"name\":\"C.K.\",\"@id\":\"https:\/\/vosgesinfo.fr\/epinalinfo\/#\/schema\/person\/6f9a650eeea99d969b6c4ab78fccbe81\"},\"headline\":\"\u00c9pinal bouge l\u2019\u00e9t\u00e9 2025 : une saison culturelle festive, conviviale et haute en couleurs\",\"datePublished\":\"2025-06-24T05:13:35+00:00\",\"dateModified\":\"2025-06-23T11:17:19+00:00\",\"mainEntityOfPage\":{\"@id\":\"https:\/\/vosgesinfo.fr\/epinalinfo\/2025\/06\/epinal-bouge-lete-2025-une-saison-culturelle-festive-conviviale-et-haute-en-couleurs\/\"},\"wordCount\":491,\"commentCount\":0,\"publisher\":{\"@id\":\"https:\/\/vosgesinfo.fr\/epinalinfo\/#organization\"},\"image\":{\"@id\":\"https:\/\/vosgesinfo.fr\/epinalinfo\/2025\/06\/epinal-bouge-lete-2025-une-saison-culturelle-festive-conviviale-et-haute-en-couleurs\/#primaryimage\"},\"thumbnailUrl\":\"https:\/\/vosgesinfo.fr\/app\/uploads\/sites\/3\/2024\/07\/epinalo-bouge-l-ete-le-gros-tour-13-scaled.jpg\",\"keywords\":[\"culture\",\"divertissement\",\"\u00c9pinal bouge l'\u00e9t\u00e9\",\"musique\",\"spectacles\",\"vosges\"],\"articleSection\":[\"A la Une\",\"Divertissement\",\"Epinal\"],\"inLanguage\":\"fr-FR\",\"potentialAction\":[{\"@type\":\"CommentAction\",\"name\":\"Comment\",\"target\":[\"https:\/\/vosgesinfo.fr\/epinalinfo\/2025\/06\/epinal-bouge-lete-2025-une-saison-culturelle-festive-conviviale-et-haute-en-couleurs\/#respond\"]}]},{\"@type\":\"WebPage\",\"@id\":\"https:\/\/vosgesinfo.fr\/epinalinfo\/2025\/06\/epinal-bouge-lete-2025-une-saison-culturelle-festive-conviviale-et-haute-en-couleurs\/\",\"url\":\"https:\/\/vosgesinfo.fr\/epinalinfo\/2025\/06\/epinal-bouge-lete-2025-une-saison-culturelle-festive-conviviale-et-haute-en-couleurs\/\",\"name\":\"\u00c9pinal bouge l\u2019\u00e9t\u00e9 2025 : une saison culturelle festive, conviviale et haute en couleurs - Epinal Info\",\"isPartOf\":{\"@id\":\"https:\/\/vosgesinfo.fr\/epinalinfo\/#website\"},\"primaryImageOfPage\":{\"@id\":\"https:\/\/vosgesinfo.fr\/epinalinfo\/2025\/06\/epinal-bouge-lete-2025-une-saison-culturelle-festive-conviviale-et-haute-en-couleurs\/#primaryimage\"},\"image\":{\"@id\":\"https:\/\/vosgesinfo.fr\/epinalinfo\/2025\/06\/epinal-bouge-lete-2025-une-saison-culturelle-festive-conviviale-et-haute-en-couleurs\/#primaryimage\"},\"thumbnailUrl\":\"https:\/\/vosgesinfo.fr\/app\/uploads\/sites\/3\/2024\/07\/epinalo-bouge-l-ete-le-gros-tour-13-scaled.jpg\",\"datePublished\":\"2025-06-24T05:13:35+00:00\",\"dateModified\":\"2025-06-23T11:17:19+00:00\",\"breadcrumb\":{\"@id\":\"https:\/\/vosgesinfo.fr\/epinalinfo\/2025\/06\/epinal-bouge-lete-2025-une-saison-culturelle-festive-conviviale-et-haute-en-couleurs\/#breadcrumb\"},\"inLanguage\":\"fr-FR\",\"potentialAction\":[{\"@type\":\"ReadAction\",\"target\":[\"https:\/\/vosgesinfo.fr\/epinalinfo\/2025\/06\/epinal-bouge-lete-2025-une-saison-culturelle-festive-conviviale-et-haute-en-couleurs\/\"]}]},{\"@type\":\"ImageObject\",\"inLanguage\":\"fr-FR\",\"@id\":\"https:\/\/vosgesinfo.fr\/epinalinfo\/2025\/06\/epinal-bouge-lete-2025-une-saison-culturelle-festive-conviviale-et-haute-en-couleurs\/#primaryimage\",\"url\":\"https:\/\/vosgesinfo.fr\/app\/uploads\/sites\/3\/2024\/07\/epinalo-bouge-l-ete-le-gros-tour-13-scaled.jpg\",\"contentUrl\":\"https:\/\/vosgesinfo.fr\/app\/uploads\/sites\/3\/2024\/07\/epinalo-bouge-l-ete-le-gros-tour-13-scaled.jpg\",\"width\":2560,\"height\":1709,\"caption\":\"PBP-PHOTOGRAPHIE\"},{\"@type\":\"BreadcrumbList\",\"@id\":\"https:\/\/vosgesinfo.fr\/epinalinfo\/2025\/06\/epinal-bouge-lete-2025-une-saison-culturelle-festive-conviviale-et-haute-en-couleurs\/#breadcrumb\",\"itemListElement\":[{\"@type\":\"ListItem\",\"position\":1,\"name\":\"Home\",\"item\":\"https:\/\/vosgesinfo.fr\/epinalinfo\/\"},{\"@type\":\"ListItem\",\"position\":2,\"name\":\"\u00c9pinal bouge l\u2019\u00e9t\u00e9 2025 : une saison culturelle festive, conviviale et haute en couleurs\"}]},{\"@type\":\"WebSite\",\"@id\":\"https:\/\/vosgesinfo.fr\/epinalinfo\/#website\",\"url\":\"https:\/\/vosgesinfo.fr\/epinalinfo\/\",\"name\":\"Epinal Info\",\"description\":\"Toute l&#039;actualit\u00e9 d&#039;\u00c9pinal\",\"publisher\":{\"@id\":\"https:\/\/vosgesinfo.fr\/epinalinfo\/#organization\"},\"alternateName\":\"Toute l'actualit\u00e9 d'\u00c9pinal\",\"potentialAction\":[{\"@type\":\"SearchAction\",\"target\":{\"@type\":\"EntryPoint\",\"urlTemplate\":\"https:\/\/vosgesinfo.fr\/epinalinfo\/?s={search_term_string}\"},\"query-input\":\"required name=search_term_string\"}],\"inLanguage\":\"fr-FR\"},{\"@type\":\"Organization\",\"@id\":\"https:\/\/vosgesinfo.fr\/epinalinfo\/#organization\",\"name\":\"Epinal Info\",\"url\":\"https:\/\/vosgesinfo.fr\/epinalinfo\/\",\"logo\":{\"@type\":\"ImageObject\",\"inLanguage\":\"fr-FR\",\"@id\":\"https:\/\/vosgesinfo.fr\/epinalinfo\/#\/schema\/logo\/image\/\",\"url\":\"https:\/\/vosgesinfo.fr\/app\/uploads\/sites\/3\/2023\/08\/logo-epinalinfos.svg\",\"contentUrl\":\"https:\/\/vosgesinfo.fr\/app\/uploads\/sites\/3\/2023\/08\/logo-epinalinfos.svg\",\"width\":1,\"height\":1,\"caption\":\"Epinal Info\"},\"image\":{\"@id\":\"https:\/\/vosgesinfo.fr\/epinalinfo\/#\/schema\/logo\/image\/\"},\"sameAs\":[\"https:\/\/www.facebook.com\/Epinalinfos\",\"https:\/\/x.com\/VosgesInfo88\",\"https:\/\/www.youtube.com\/@vosgesinfo\"]},{\"@type\":\"Person\",\"@id\":\"https:\/\/vosgesinfo.fr\/epinalinfo\/#\/schema\/person\/6f9a650eeea99d969b6c4ab78fccbe81\",\"name\":\"C.K.\",\"image\":{\"@type\":\"ImageObject\",\"inLanguage\":\"fr-FR\",\"@id\":\"https:\/\/vosgesinfo.fr\/epinalinfo\/#\/schema\/person\/image\/\",\"url\":\"https:\/\/secure.gravatar.com\/avatar\/48e3fc7f8421ba8942be6b74a2b7f014ca39bc00dece156b7a8e098ae7dc87bf?s=96&d=mm&r=g\",\"contentUrl\":\"https:\/\/secure.gravatar.com\/avatar\/48e3fc7f8421ba8942be6b74a2b7f014ca39bc00dece156b7a8e098ae7dc87bf?s=96&d=mm&r=g\",\"caption\":\"C.K.\"},\"url\":\"https:\/\/vosgesinfo.fr\/epinalinfo\/author\/celia-k-n\/\"}]}<\/script>\n<!-- \/ Yoast SEO plugin. -->","yoast_head_json":{"title":"\u00c9pinal bouge l\u2019\u00e9t\u00e9 2025 : une saison culturelle festive, conviviale et haute en couleurs - Epinal Info","robots":{"index":"index","follow":"follow","max-snippet":"max-snippet:-1","max-image-preview":"max-image-preview:large","max-video-preview":"max-video-preview:-1"},"canonical":"https:\/\/vosgesinfo.fr\/epinalinfo\/2025\/06\/epinal-bouge-lete-2025-une-saison-culturelle-festive-conviviale-et-haute-en-couleurs\/","twitter_card":"summary_large_image","twitter_title":"\u00c9pinal bouge l\u2019\u00e9t\u00e9 2025 : une saison culturelle festive, conviviale et haute en couleurs - Epinal Info","twitter_description":"L\u2019\u00e9t\u00e9 \u00e0 \u00c9pinal promet d\u2019\u00eatre anim\u00e9 ! Fid\u00e8le \u00e0 son rendez-vous estival, la Ville d\u2019\u00c9pinal l\u00e8ve le voile sur sa [&hellip;]","twitter_image":"https:\/\/vosgesinfo.fr\/app\/uploads\/sites\/3\/2024\/07\/epinalo-bouge-l-ete-le-gros-tour-13-scaled.jpg","twitter_creator":"@VosgesInfo88","twitter_site":"@VosgesInfo88","twitter_misc":{"\u00c9crit par":"C.K.","Dur\u00e9e de lecture estim\u00e9e":"2 minutes"},"schema":{"@context":"https:\/\/schema.org","@graph":[{"@type":"Article","@id":"https:\/\/vosgesinfo.fr\/epinalinfo\/2025\/06\/epinal-bouge-lete-2025-une-saison-culturelle-festive-conviviale-et-haute-en-couleurs\/#article","isPartOf":{"@id":"https:\/\/vosgesinfo.fr\/epinalinfo\/2025\/06\/epinal-bouge-lete-2025-une-saison-culturelle-festive-conviviale-et-haute-en-couleurs\/"},"author":{"name":"C.K.","@id":"https:\/\/vosgesinfo.fr\/epinalinfo\/#\/schema\/person\/6f9a650eeea99d969b6c4ab78fccbe81"},"headline":"\u00c9pinal bouge l\u2019\u00e9t\u00e9 2025 : une saison culturelle festive, conviviale et haute en couleurs","datePublished":"2025-06-24T05:13:35+00:00","dateModified":"2025-06-23T11:17:19+00:00","mainEntityOfPage":{"@id":"https:\/\/vosgesinfo.fr\/epinalinfo\/2025\/06\/epinal-bouge-lete-2025-une-saison-culturelle-festive-conviviale-et-haute-en-couleurs\/"},"wordCount":491,"commentCount":0,"publisher":{"@id":"https:\/\/vosgesinfo.fr\/epinalinfo\/#organization"},"image":{"@id":"https:\/\/vosgesinfo.fr\/epinalinfo\/2025\/06\/epinal-bouge-lete-2025-une-saison-culturelle-festive-conviviale-et-haute-en-couleurs\/#primaryimage"},"thumbnailUrl":"https:\/\/vosgesinfo.fr\/app\/uploads\/sites\/3\/2024\/07\/epinalo-bouge-l-ete-le-gros-tour-13-scaled.jpg","keywords":["culture","divertissement","\u00c9pinal bouge l'\u00e9t\u00e9","musique","spectacles","vosges"],"articleSection":["A la Une","Divertissement","Epinal"],"inLanguage":"fr-FR","potentialAction":[{"@type":"CommentAction","name":"Comment","target":["https:\/\/vosgesinfo.fr\/epinalinfo\/2025\/06\/epinal-bouge-lete-2025-une-saison-culturelle-festive-conviviale-et-haute-en-couleurs\/#respond"]}]},{"@type":"WebPage","@id":"https:\/\/vosgesinfo.fr\/epinalinfo\/2025\/06\/epinal-bouge-lete-2025-une-saison-culturelle-festive-conviviale-et-haute-en-couleurs\/","url":"https:\/\/vosgesinfo.fr\/epinalinfo\/2025\/06\/epinal-bouge-lete-2025-une-saison-culturelle-festive-conviviale-et-haute-en-couleurs\/","name":"\u00c9pinal bouge l\u2019\u00e9t\u00e9 2025 : une saison culturelle festive, conviviale et haute en couleurs - Epinal Info","isPartOf":{"@id":"https:\/\/vosgesinfo.fr\/epinalinfo\/#website"},"primaryImageOfPage":{"@id":"https:\/\/vosgesinfo.fr\/epinalinfo\/2025\/06\/epinal-bouge-lete-2025-une-saison-culturelle-festive-conviviale-et-haute-en-couleurs\/#primaryimage"},"image":{"@id":"https:\/\/vosgesinfo.fr\/epinalinfo\/2025\/06\/epinal-bouge-lete-2025-une-saison-culturelle-festive-conviviale-et-haute-en-couleurs\/#primaryimage"},"thumbnailUrl":"https:\/\/vosgesinfo.fr\/app\/uploads\/sites\/3\/2024\/07\/epinalo-bouge-l-ete-le-gros-tour-13-scaled.jpg","datePublished":"2025-06-24T05:13:35+00:00","dateModified":"2025-06-23T11:17:19+00:00","breadcrumb":{"@id":"https:\/\/vosgesinfo.fr\/epinalinfo\/2025\/06\/epinal-bouge-lete-2025-une-saison-culturelle-festive-conviviale-et-haute-en-couleurs\/#breadcrumb"},"inLanguage":"fr-FR","potentialAction":[{"@type":"ReadAction","target":["https:\/\/vosgesinfo.fr\/epinalinfo\/2025\/06\/epinal-bouge-lete-2025-une-saison-culturelle-festive-conviviale-et-haute-en-couleurs\/"]}]},{"@type":"ImageObject","inLanguage":"fr-FR","@id":"https:\/\/vosgesinfo.fr\/epinalinfo\/2025\/06\/epinal-bouge-lete-2025-une-saison-culturelle-festive-conviviale-et-haute-en-couleurs\/#primaryimage","url":"https:\/\/vosgesinfo.fr\/app\/uploads\/sites\/3\/2024\/07\/epinalo-bouge-l-ete-le-gros-tour-13-scaled.jpg","contentUrl":"https:\/\/vosgesinfo.fr\/app\/uploads\/sites\/3\/2024\/07\/epinalo-bouge-l-ete-le-gros-tour-13-scaled.jpg","width":2560,"height":1709,"caption":"PBP-PHOTOGRAPHIE"},{"@type":"BreadcrumbList","@id":"https:\/\/vosgesinfo.fr\/epinalinfo\/2025\/06\/epinal-bouge-lete-2025-une-saison-culturelle-festive-conviviale-et-haute-en-couleurs\/#breadcrumb","itemListElement":[{"@type":"ListItem","position":1,"name":"Home","item":"https:\/\/vosgesinfo.fr\/epinalinfo\/"},{"@type":"ListItem","position":2,"name":"\u00c9pinal bouge l\u2019\u00e9t\u00e9 2025 : une saison culturelle festive, conviviale et haute en couleurs"}]},{"@type":"WebSite","@id":"https:\/\/vosgesinfo.fr\/epinalinfo\/#website","url":"https:\/\/vosgesinfo.fr\/epinalinfo\/","name":"Epinal Info","description":"Toute l&#039;actualit\u00e9 d&#039;\u00c9pinal","publisher":{"@id":"https:\/\/vosgesinfo.fr\/epinalinfo\/#organization"},"alternateName":"Toute l'actualit\u00e9 d'\u00c9pinal","potentialAction":[{"@type":"SearchAction","target":{"@type":"EntryPoint","urlTemplate":"https:\/\/vosgesinfo.fr\/epinalinfo\/?s={search_term_string}"},"query-input":"required name=search_term_string"}],"inLanguage":"fr-FR"},{"@type":"Organization","@id":"https:\/\/vosgesinfo.fr\/epinalinfo\/#organization","name":"Epinal Info","url":"https:\/\/vosgesinfo.fr\/epinalinfo\/","logo":{"@type":"ImageObject","inLanguage":"fr-FR","@id":"https:\/\/vosgesinfo.fr\/epinalinfo\/#\/schema\/logo\/image\/","url":"https:\/\/vosgesinfo.fr\/app\/uploads\/sites\/3\/2023\/08\/logo-epinalinfos.svg","contentUrl":"https:\/\/vosgesinfo.fr\/app\/uploads\/sites\/3\/2023\/08\/logo-epinalinfos.svg","width":1,"height":1,"caption":"Epinal Info"},"image":{"@id":"https:\/\/vosgesinfo.fr\/epinalinfo\/#\/schema\/logo\/image\/"},"sameAs":["https:\/\/www.facebook.com\/Epinalinfos","https:\/\/x.com\/VosgesInfo88","https:\/\/www.youtube.com\/@vosgesinfo"]},{"@type":"Person","@id":"https:\/\/vosgesinfo.fr\/epinalinfo\/#\/schema\/person\/6f9a650eeea99d969b6c4ab78fccbe81","name":"C.K.","image":{"@type":"ImageObject","inLanguage":"fr-FR","@id":"https:\/\/vosgesinfo.fr\/epinalinfo\/#\/schema\/person\/image\/","url":"https:\/\/secure.gravatar.com\/avatar\/48e3fc7f8421ba8942be6b74a2b7f014ca39bc00dece156b7a8e098ae7dc87bf?s=96&d=mm&r=g","contentUrl":"https:\/\/secure.gravatar.com\/avatar\/48e3fc7f8421ba8942be6b74a2b7f014ca39bc00dece156b7a8e098ae7dc87bf?s=96&d=mm&r=g","caption":"C.K."},"url":"https:\/\/vosgesinfo.fr\/epinalinfo\/author\/celia-k-n\/"}]}},"_links":{"self":[{"href":"https:\/\/vosgesinfo.fr\/epinalinfo\/wp-json\/wp\/v2\/posts\/133147","targetHints":{"allow":["GET"]}}],"collection":[{"href":"https:\/\/vosgesinfo.fr\/epinalinfo\/wp-json\/wp\/v2\/posts"}],"about":[{"href":"https:\/\/vosgesinfo.fr\/epinalinfo\/wp-json\/wp\/v2\/types\/post"}],"author":[{"embeddable":true,"href":"https:\/\/vosgesinfo.fr\/epinalinfo\/wp-json\/wp\/v2\/users\/52"}],"replies":[{"embeddable":true,"href":"https:\/\/vosgesinfo.fr\/epinalinfo\/wp-json\/wp\/v2\/comments?post=133147"}],"version-history":[{"count":1,"href":"https:\/\/vosgesinfo.fr\/epinalinfo\/wp-json\/wp\/v2\/posts\/133147\/revisions"}],"predecessor-version":[{"id":133148,"href":"https:\/\/vosgesinfo.fr\/epinalinfo\/wp-json\/wp\/v2\/posts\/133147\/revisions\/133148"}],"wp:featuredmedia":[{"embeddable":true,"href":"https:\/\/vosgesinfo.fr\/epinalinfo\/wp-json\/wp\/v2\/media\/43335"}],"wp:attachment":[{"href":"https:\/\/vosgesinfo.fr\/epinalinfo\/wp-json\/wp\/v2\/media?parent=133147"}],"wp:term":[{"taxonomy":"category","embeddable":true,"href":"https:\/\/vosgesinfo.fr\/epinalinfo\/wp-json\/wp\/v2\/categories?post=133147"},{"taxonomy":"post_tag","embeddable":true,"href":"https:\/\/vosgesinfo.fr\/epinalinfo\/wp-json\/wp\/v2\/tags?post=133147"}],"curies":[{"name":"wp","href":"https:\/\/api.w.org\/{rel}","templated":true}]}}