{"id":133155,"date":"2025-06-23T15:40:22","date_gmt":"2025-06-23T13:40:22","guid":{"rendered":"https:\/\/vosgesinfo.fr\/epinalinfo\/?p=133155"},"modified":"2025-06-23T15:37:30","modified_gmt":"2025-06-23T13:37:30","slug":"rn57-fermeture-de-bretelle-en-direction-de-vittel-dans-lechangeur-de-chavelot","status":"publish","type":"post","link":"https:\/\/vosgesinfo.fr\/epinalinfo\/2025\/06\/rn57-fermeture-de-bretelle-en-direction-de-vittel-dans-lechangeur-de-chavelot\/","title":{"rendered":"RN57 \u2013 Fermeture de bretelle en direction de Vittel dans l&rsquo;\u00e9changeur de Chavelot"},"content":{"rendered":"<p><a href=\"https:\/\/vosgesinfo.fr\/app\/uploads\/sites\/3\/2024\/11\/dir-est-travaux.png\"><img decoding=\"async\" class=\"aligncenter size-full wp-image-124415\" src=\"https:\/\/vosgesinfo.fr\/app\/uploads\/sites\/3\/2024\/11\/dir-est-travaux.png\" alt=\"\" width=\"800\" height=\"775\" srcset=\"https:\/\/vosgesinfo.fr\/app\/uploads\/sites\/3\/2024\/11\/dir-est-travaux.png 800w, https:\/\/vosgesinfo.fr\/app\/uploads\/sites\/3\/2024\/11\/dir-est-travaux-300x291.png 300w, https:\/\/vosgesinfo.fr\/app\/uploads\/sites\/3\/2024\/11\/dir-est-travaux-768x744.png 768w\" sizes=\"(max-width: 800px) 100vw, 800px\" \/><\/a>Mercredi 25 juin 2025 de 8h \u00e0 17h, le D\u00e9partement des Vosges va r\u00e9aliser de travaux de marquage routier.<br \/>\nEn cons\u00e9quence, la Direction Interd\u00e9partementale des Routes Est (DIR Est), pour le compte de l\u2019\u00c9tat, devra proc\u00e9der \u00e0 la fermeture de la bretelle de l\u2019\u00e9changeur de Chavelot de la RN57 vers la RD166a (acc\u00e8s direct \u00e0 Vittel sans passer par le giratoire)<\/p>\n","protected":false},"excerpt":{"rendered":"<p>Mercredi 25 juin 2025 de 8h \u00e0 17h, le D\u00e9partement des Vosges va r\u00e9aliser de travaux de marquage routier. En [&hellip;]<\/p>\n","protected":false},"author":52,"featured_media":124415,"comment_status":"open","ping_status":"open","sticky":false,"template":"","format":"standard","meta":{"footnotes":""},"categories":[22,24],"tags":[828,16779,831],"class_list":["post-133155","post","type-post","status-publish","format-standard","has-post-thumbnail","hentry","category-a-la-une","category-epinal","tag-chavelot","tag-fermeture-de-bretelle-en-direction-de-vittel","tag-rn57"],"acf":[],"yoast_head":"<!-- This site is optimized with the Yoast SEO plugin v22.5 - https:\/\/yoast.com\/wordpress\/plugins\/seo\/ -->\n<title>RN57 \u2013 Fermeture de bretelle en direction de Vittel dans l&#039;\u00e9changeur de Chavelot - Epinal Info<\/title>\n<meta name=\"robots\" content=\"index, follow, max-snippet:-1, max-image-preview:large, max-video-preview:-1\" \/>\n<link rel=\"canonical\" href=\"https:\/\/vosgesinfo.fr\/epinalinfo\/2025\/06\/rn57-fermeture-de-bretelle-en-direction-de-vittel-dans-lechangeur-de-chavelot\/\" \/>\n<meta name=\"twitter:card\" content=\"summary_large_image\" \/>\n<meta name=\"twitter:title\" content=\"RN57 \u2013 Fermeture de bretelle en direction de Vittel dans l&#039;\u00e9changeur de Chavelot - Epinal Info\" \/>\n<meta name=\"twitter:description\" content=\"Mercredi 25 juin 2025 de 8h \u00e0 17h, le D\u00e9partement des Vosges va r\u00e9aliser de travaux de marquage routier. En [&hellip;]\" \/>\n<meta name=\"twitter:image\" content=\"https:\/\/vosgesinfo.fr\/app\/uploads\/sites\/3\/2024\/11\/dir-est-travaux.png\" \/>\n<meta name=\"twitter:creator\" content=\"@VosgesInfo88\" \/>\n<meta name=\"twitter:site\" content=\"@VosgesInfo88\" \/>\n<meta name=\"twitter:label1\" content=\"\u00c9crit par\" \/>\n\t<meta name=\"twitter:data1\" content=\"C.K.\" \/>\n<script type=\"application\/ld+json\" class=\"yoast-schema-graph\">{\"@context\":\"https:\/\/schema.org\",\"@graph\":[{\"@type\":\"Article\",\"@id\":\"https:\/\/vosgesinfo.fr\/epinalinfo\/2025\/06\/rn57-fermeture-de-bretelle-en-direction-de-vittel-dans-lechangeur-de-chavelot\/#article\",\"isPartOf\":{\"@id\":\"https:\/\/vosgesinfo.fr\/epinalinfo\/2025\/06\/rn57-fermeture-de-bretelle-en-direction-de-vittel-dans-lechangeur-de-chavelot\/\"},\"author\":{\"name\":\"C.K.\",\"@id\":\"https:\/\/vosgesinfo.fr\/epinalinfo\/#\/schema\/person\/6f9a650eeea99d969b6c4ab78fccbe81\"},\"headline\":\"RN57 \u2013 Fermeture de bretelle en direction de Vittel dans l&rsquo;\u00e9changeur de Chavelot\",\"datePublished\":\"2025-06-23T13:40:22+00:00\",\"dateModified\":\"2025-06-23T13:37:30+00:00\",\"mainEntityOfPage\":{\"@id\":\"https:\/\/vosgesinfo.fr\/epinalinfo\/2025\/06\/rn57-fermeture-de-bretelle-en-direction-de-vittel-dans-lechangeur-de-chavelot\/\"},\"wordCount\":78,\"commentCount\":0,\"publisher\":{\"@id\":\"https:\/\/vosgesinfo.fr\/epinalinfo\/#organization\"},\"image\":{\"@id\":\"https:\/\/vosgesinfo.fr\/epinalinfo\/2025\/06\/rn57-fermeture-de-bretelle-en-direction-de-vittel-dans-lechangeur-de-chavelot\/#primaryimage\"},\"thumbnailUrl\":\"https:\/\/vosgesinfo.fr\/app\/uploads\/sites\/3\/2024\/11\/dir-est-travaux.png\",\"keywords\":[\"Chavelot\",\"Fermeture de bretelle en direction de Vittel\",\"RN57\"],\"articleSection\":[\"A la Une\",\"Epinal\"],\"inLanguage\":\"fr-FR\",\"potentialAction\":[{\"@type\":\"CommentAction\",\"name\":\"Comment\",\"target\":[\"https:\/\/vosgesinfo.fr\/epinalinfo\/2025\/06\/rn57-fermeture-de-bretelle-en-direction-de-vittel-dans-lechangeur-de-chavelot\/#respond\"]}]},{\"@type\":\"WebPage\",\"@id\":\"https:\/\/vosgesinfo.fr\/epinalinfo\/2025\/06\/rn57-fermeture-de-bretelle-en-direction-de-vittel-dans-lechangeur-de-chavelot\/\",\"url\":\"https:\/\/vosgesinfo.fr\/epinalinfo\/2025\/06\/rn57-fermeture-de-bretelle-en-direction-de-vittel-dans-lechangeur-de-chavelot\/\",\"name\":\"RN57 \u2013 Fermeture de bretelle en direction de Vittel dans l'\u00e9changeur de Chavelot - Epinal Info\",\"isPartOf\":{\"@id\":\"https:\/\/vosgesinfo.fr\/epinalinfo\/#website\"},\"primaryImageOfPage\":{\"@id\":\"https:\/\/vosgesinfo.fr\/epinalinfo\/2025\/06\/rn57-fermeture-de-bretelle-en-direction-de-vittel-dans-lechangeur-de-chavelot\/#primaryimage\"},\"image\":{\"@id\":\"https:\/\/vosgesinfo.fr\/epinalinfo\/2025\/06\/rn57-fermeture-de-bretelle-en-direction-de-vittel-dans-lechangeur-de-chavelot\/#primaryimage\"},\"thumbnailUrl\":\"https:\/\/vosgesinfo.fr\/app\/uploads\/sites\/3\/2024\/11\/dir-est-travaux.png\",\"datePublished\":\"2025-06-23T13:40:22+00:00\",\"dateModified\":\"2025-06-23T13:37:30+00:00\",\"breadcrumb\":{\"@id\":\"https:\/\/vosgesinfo.fr\/epinalinfo\/2025\/06\/rn57-fermeture-de-bretelle-en-direction-de-vittel-dans-lechangeur-de-chavelot\/#breadcrumb\"},\"inLanguage\":\"fr-FR\",\"potentialAction\":[{\"@type\":\"ReadAction\",\"target\":[\"https:\/\/vosgesinfo.fr\/epinalinfo\/2025\/06\/rn57-fermeture-de-bretelle-en-direction-de-vittel-dans-lechangeur-de-chavelot\/\"]}]},{\"@type\":\"ImageObject\",\"inLanguage\":\"fr-FR\",\"@id\":\"https:\/\/vosgesinfo.fr\/epinalinfo\/2025\/06\/rn57-fermeture-de-bretelle-en-direction-de-vittel-dans-lechangeur-de-chavelot\/#primaryimage\",\"url\":\"https:\/\/vosgesinfo.fr\/app\/uploads\/sites\/3\/2024\/11\/dir-est-travaux.png\",\"contentUrl\":\"https:\/\/vosgesinfo.fr\/app\/uploads\/sites\/3\/2024\/11\/dir-est-travaux.png\",\"width\":800,\"height\":775},{\"@type\":\"BreadcrumbList\",\"@id\":\"https:\/\/vosgesinfo.fr\/epinalinfo\/2025\/06\/rn57-fermeture-de-bretelle-en-direction-de-vittel-dans-lechangeur-de-chavelot\/#breadcrumb\",\"itemListElement\":[{\"@type\":\"ListItem\",\"position\":1,\"name\":\"Home\",\"item\":\"https:\/\/vosgesinfo.fr\/epinalinfo\/\"},{\"@type\":\"ListItem\",\"position\":2,\"name\":\"RN57 \u2013 Fermeture de bretelle en direction de Vittel dans l&rsquo;\u00e9changeur de Chavelot\"}]},{\"@type\":\"WebSite\",\"@id\":\"https:\/\/vosgesinfo.fr\/epinalinfo\/#website\",\"url\":\"https:\/\/vosgesinfo.fr\/epinalinfo\/\",\"name\":\"Epinal Info\",\"description\":\"Toute l&#039;actualit\u00e9 d&#039;\u00c9pinal\",\"publisher\":{\"@id\":\"https:\/\/vosgesinfo.fr\/epinalinfo\/#organization\"},\"alternateName\":\"Toute l'actualit\u00e9 d'\u00c9pinal\",\"potentialAction\":[{\"@type\":\"SearchAction\",\"target\":{\"@type\":\"EntryPoint\",\"urlTemplate\":\"https:\/\/vosgesinfo.fr\/epinalinfo\/?s={search_term_string}\"},\"query-input\":\"required name=search_term_string\"}],\"inLanguage\":\"fr-FR\"},{\"@type\":\"Organization\",\"@id\":\"https:\/\/vosgesinfo.fr\/epinalinfo\/#organization\",\"name\":\"Epinal Info\",\"url\":\"https:\/\/vosgesinfo.fr\/epinalinfo\/\",\"logo\":{\"@type\":\"ImageObject\",\"inLanguage\":\"fr-FR\",\"@id\":\"https:\/\/vosgesinfo.fr\/epinalinfo\/#\/schema\/logo\/image\/\",\"url\":\"https:\/\/vosgesinfo.fr\/app\/uploads\/sites\/3\/2023\/08\/logo-epinalinfos.svg\",\"contentUrl\":\"https:\/\/vosgesinfo.fr\/app\/uploads\/sites\/3\/2023\/08\/logo-epinalinfos.svg\",\"width\":1,\"height\":1,\"caption\":\"Epinal Info\"},\"image\":{\"@id\":\"https:\/\/vosgesinfo.fr\/epinalinfo\/#\/schema\/logo\/image\/\"},\"sameAs\":[\"https:\/\/www.facebook.com\/Epinalinfos\",\"https:\/\/x.com\/VosgesInfo88\",\"https:\/\/www.youtube.com\/@vosgesinfo\"]},{\"@type\":\"Person\",\"@id\":\"https:\/\/vosgesinfo.fr\/epinalinfo\/#\/schema\/person\/6f9a650eeea99d969b6c4ab78fccbe81\",\"name\":\"C.K.\",\"image\":{\"@type\":\"ImageObject\",\"inLanguage\":\"fr-FR\",\"@id\":\"https:\/\/vosgesinfo.fr\/epinalinfo\/#\/schema\/person\/image\/\",\"url\":\"https:\/\/secure.gravatar.com\/avatar\/48e3fc7f8421ba8942be6b74a2b7f014ca39bc00dece156b7a8e098ae7dc87bf?s=96&d=mm&r=g\",\"contentUrl\":\"https:\/\/secure.gravatar.com\/avatar\/48e3fc7f8421ba8942be6b74a2b7f014ca39bc00dece156b7a8e098ae7dc87bf?s=96&d=mm&r=g\",\"caption\":\"C.K.\"},\"url\":\"https:\/\/vosgesinfo.fr\/epinalinfo\/author\/celia-k-n\/\"}]}<\/script>\n<!-- \/ Yoast SEO plugin. -->","yoast_head_json":{"title":"RN57 \u2013 Fermeture de bretelle en direction de Vittel dans l'\u00e9changeur de Chavelot - Epinal Info","robots":{"index":"index","follow":"follow","max-snippet":"max-snippet:-1","max-image-preview":"max-image-preview:large","max-video-preview":"max-video-preview:-1"},"canonical":"https:\/\/vosgesinfo.fr\/epinalinfo\/2025\/06\/rn57-fermeture-de-bretelle-en-direction-de-vittel-dans-lechangeur-de-chavelot\/","twitter_card":"summary_large_image","twitter_title":"RN57 \u2013 Fermeture de bretelle en direction de Vittel dans l'\u00e9changeur de Chavelot - Epinal Info","twitter_description":"Mercredi 25 juin 2025 de 8h \u00e0 17h, le D\u00e9partement des Vosges va r\u00e9aliser de travaux de marquage routier. En [&hellip;]","twitter_image":"https:\/\/vosgesinfo.fr\/app\/uploads\/sites\/3\/2024\/11\/dir-est-travaux.png","twitter_creator":"@VosgesInfo88","twitter_site":"@VosgesInfo88","twitter_misc":{"\u00c9crit par":"C.K."},"schema":{"@context":"https:\/\/schema.org","@graph":[{"@type":"Article","@id":"https:\/\/vosgesinfo.fr\/epinalinfo\/2025\/06\/rn57-fermeture-de-bretelle-en-direction-de-vittel-dans-lechangeur-de-chavelot\/#article","isPartOf":{"@id":"https:\/\/vosgesinfo.fr\/epinalinfo\/2025\/06\/rn57-fermeture-de-bretelle-en-direction-de-vittel-dans-lechangeur-de-chavelot\/"},"author":{"name":"C.K.","@id":"https:\/\/vosgesinfo.fr\/epinalinfo\/#\/schema\/person\/6f9a650eeea99d969b6c4ab78fccbe81"},"headline":"RN57 \u2013 Fermeture de bretelle en direction de Vittel dans l&rsquo;\u00e9changeur de Chavelot","datePublished":"2025-06-23T13:40:22+00:00","dateModified":"2025-06-23T13:37:30+00:00","mainEntityOfPage":{"@id":"https:\/\/vosgesinfo.fr\/epinalinfo\/2025\/06\/rn57-fermeture-de-bretelle-en-direction-de-vittel-dans-lechangeur-de-chavelot\/"},"wordCount":78,"commentCount":0,"publisher":{"@id":"https:\/\/vosgesinfo.fr\/epinalinfo\/#organization"},"image":{"@id":"https:\/\/vosgesinfo.fr\/epinalinfo\/2025\/06\/rn57-fermeture-de-bretelle-en-direction-de-vittel-dans-lechangeur-de-chavelot\/#primaryimage"},"thumbnailUrl":"https:\/\/vosgesinfo.fr\/app\/uploads\/sites\/3\/2024\/11\/dir-est-travaux.png","keywords":["Chavelot","Fermeture de bretelle en direction de Vittel","RN57"],"articleSection":["A la Une","Epinal"],"inLanguage":"fr-FR","potentialAction":[{"@type":"CommentAction","name":"Comment","target":["https:\/\/vosgesinfo.fr\/epinalinfo\/2025\/06\/rn57-fermeture-de-bretelle-en-direction-de-vittel-dans-lechangeur-de-chavelot\/#respond"]}]},{"@type":"WebPage","@id":"https:\/\/vosgesinfo.fr\/epinalinfo\/2025\/06\/rn57-fermeture-de-bretelle-en-direction-de-vittel-dans-lechangeur-de-chavelot\/","url":"https:\/\/vosgesinfo.fr\/epinalinfo\/2025\/06\/rn57-fermeture-de-bretelle-en-direction-de-vittel-dans-lechangeur-de-chavelot\/","name":"RN57 \u2013 Fermeture de bretelle en direction de Vittel dans l'\u00e9changeur de Chavelot - Epinal Info","isPartOf":{"@id":"https:\/\/vosgesinfo.fr\/epinalinfo\/#website"},"primaryImageOfPage":{"@id":"https:\/\/vosgesinfo.fr\/epinalinfo\/2025\/06\/rn57-fermeture-de-bretelle-en-direction-de-vittel-dans-lechangeur-de-chavelot\/#primaryimage"},"image":{"@id":"https:\/\/vosgesinfo.fr\/epinalinfo\/2025\/06\/rn57-fermeture-de-bretelle-en-direction-de-vittel-dans-lechangeur-de-chavelot\/#primaryimage"},"thumbnailUrl":"https:\/\/vosgesinfo.fr\/app\/uploads\/sites\/3\/2024\/11\/dir-est-travaux.png","datePublished":"2025-06-23T13:40:22+00:00","dateModified":"2025-06-23T13:37:30+00:00","breadcrumb":{"@id":"https:\/\/vosgesinfo.fr\/epinalinfo\/2025\/06\/rn57-fermeture-de-bretelle-en-direction-de-vittel-dans-lechangeur-de-chavelot\/#breadcrumb"},"inLanguage":"fr-FR","potentialAction":[{"@type":"ReadAction","target":["https:\/\/vosgesinfo.fr\/epinalinfo\/2025\/06\/rn57-fermeture-de-bretelle-en-direction-de-vittel-dans-lechangeur-de-chavelot\/"]}]},{"@type":"ImageObject","inLanguage":"fr-FR","@id":"https:\/\/vosgesinfo.fr\/epinalinfo\/2025\/06\/rn57-fermeture-de-bretelle-en-direction-de-vittel-dans-lechangeur-de-chavelot\/#primaryimage","url":"https:\/\/vosgesinfo.fr\/app\/uploads\/sites\/3\/2024\/11\/dir-est-travaux.png","contentUrl":"https:\/\/vosgesinfo.fr\/app\/uploads\/sites\/3\/2024\/11\/dir-est-travaux.png","width":800,"height":775},{"@type":"BreadcrumbList","@id":"https:\/\/vosgesinfo.fr\/epinalinfo\/2025\/06\/rn57-fermeture-de-bretelle-en-direction-de-vittel-dans-lechangeur-de-chavelot\/#breadcrumb","itemListElement":[{"@type":"ListItem","position":1,"name":"Home","item":"https:\/\/vosgesinfo.fr\/epinalinfo\/"},{"@type":"ListItem","position":2,"name":"RN57 \u2013 Fermeture de bretelle en direction de Vittel dans l&rsquo;\u00e9changeur de Chavelot"}]},{"@type":"WebSite","@id":"https:\/\/vosgesinfo.fr\/epinalinfo\/#website","url":"https:\/\/vosgesinfo.fr\/epinalinfo\/","name":"Epinal Info","description":"Toute l&#039;actualit\u00e9 d&#039;\u00c9pinal","publisher":{"@id":"https:\/\/vosgesinfo.fr\/epinalinfo\/#organization"},"alternateName":"Toute l'actualit\u00e9 d'\u00c9pinal","potentialAction":[{"@type":"SearchAction","target":{"@type":"EntryPoint","urlTemplate":"https:\/\/vosgesinfo.fr\/epinalinfo\/?s={search_term_string}"},"query-input":"required name=search_term_string"}],"inLanguage":"fr-FR"},{"@type":"Organization","@id":"https:\/\/vosgesinfo.fr\/epinalinfo\/#organization","name":"Epinal Info","url":"https:\/\/vosgesinfo.fr\/epinalinfo\/","logo":{"@type":"ImageObject","inLanguage":"fr-FR","@id":"https:\/\/vosgesinfo.fr\/epinalinfo\/#\/schema\/logo\/image\/","url":"https:\/\/vosgesinfo.fr\/app\/uploads\/sites\/3\/2023\/08\/logo-epinalinfos.svg","contentUrl":"https:\/\/vosgesinfo.fr\/app\/uploads\/sites\/3\/2023\/08\/logo-epinalinfos.svg","width":1,"height":1,"caption":"Epinal Info"},"image":{"@id":"https:\/\/vosgesinfo.fr\/epinalinfo\/#\/schema\/logo\/image\/"},"sameAs":["https:\/\/www.facebook.com\/Epinalinfos","https:\/\/x.com\/VosgesInfo88","https:\/\/www.youtube.com\/@vosgesinfo"]},{"@type":"Person","@id":"https:\/\/vosgesinfo.fr\/epinalinfo\/#\/schema\/person\/6f9a650eeea99d969b6c4ab78fccbe81","name":"C.K.","image":{"@type":"ImageObject","inLanguage":"fr-FR","@id":"https:\/\/vosgesinfo.fr\/epinalinfo\/#\/schema\/person\/image\/","url":"https:\/\/secure.gravatar.com\/avatar\/48e3fc7f8421ba8942be6b74a2b7f014ca39bc00dece156b7a8e098ae7dc87bf?s=96&d=mm&r=g","contentUrl":"https:\/\/secure.gravatar.com\/avatar\/48e3fc7f8421ba8942be6b74a2b7f014ca39bc00dece156b7a8e098ae7dc87bf?s=96&d=mm&r=g","caption":"C.K."},"url":"https:\/\/vosgesinfo.fr\/epinalinfo\/author\/celia-k-n\/"}]}},"_links":{"self":[{"href":"https:\/\/vosgesinfo.fr\/epinalinfo\/wp-json\/wp\/v2\/posts\/133155","targetHints":{"allow":["GET"]}}],"collection":[{"href":"https:\/\/vosgesinfo.fr\/epinalinfo\/wp-json\/wp\/v2\/posts"}],"about":[{"href":"https:\/\/vosgesinfo.fr\/epinalinfo\/wp-json\/wp\/v2\/types\/post"}],"author":[{"embeddable":true,"href":"https:\/\/vosgesinfo.fr\/epinalinfo\/wp-json\/wp\/v2\/users\/52"}],"replies":[{"embeddable":true,"href":"https:\/\/vosgesinfo.fr\/epinalinfo\/wp-json\/wp\/v2\/comments?post=133155"}],"version-history":[{"count":1,"href":"https:\/\/vosgesinfo.fr\/epinalinfo\/wp-json\/wp\/v2\/posts\/133155\/revisions"}],"predecessor-version":[{"id":133156,"href":"https:\/\/vosgesinfo.fr\/epinalinfo\/wp-json\/wp\/v2\/posts\/133155\/revisions\/133156"}],"wp:featuredmedia":[{"embeddable":true,"href":"https:\/\/vosgesinfo.fr\/epinalinfo\/wp-json\/wp\/v2\/media\/124415"}],"wp:attachment":[{"href":"https:\/\/vosgesinfo.fr\/epinalinfo\/wp-json\/wp\/v2\/media?parent=133155"}],"wp:term":[{"taxonomy":"category","embeddable":true,"href":"https:\/\/vosgesinfo.fr\/epinalinfo\/wp-json\/wp\/v2\/categories?post=133155"},{"taxonomy":"post_tag","embeddable":true,"href":"https:\/\/vosgesinfo.fr\/epinalinfo\/wp-json\/wp\/v2\/tags?post=133155"}],"curies":[{"name":"wp","href":"https:\/\/api.w.org\/{rel}","templated":true}]}}