{"id":133159,"date":"2025-06-24T09:00:27","date_gmt":"2025-06-24T07:00:27","guid":{"rendered":"https:\/\/vosgesinfo.fr\/epinalinfo\/?p=133159"},"modified":"2025-06-24T08:55:08","modified_gmt":"2025-06-24T06:55:08","slug":"detecter-linvisible-nathalie-goulet-sonne-lalarme-dans-les-vosges","status":"publish","type":"post","link":"https:\/\/vosgesinfo.fr\/epinalinfo\/2025\/06\/detecter-linvisible-nathalie-goulet-sonne-lalarme-dans-les-vosges\/","title":{"rendered":"D\u00e9tecter l\u2019invisible : Nathalie Goulet sonne l\u2019alarme dans les Vosges"},"content":{"rendered":"<h2 data-start=\"218\" data-end=\"540\"><strong><a href=\"https:\/\/vosgesinfo.fr\/app\/uploads\/sites\/3\/2025\/06\/img-20250623-084152.jpg\"><img decoding=\"async\" class=\"aligncenter size-full wp-image-133160\" src=\"https:\/\/vosgesinfo.fr\/app\/uploads\/sites\/3\/2025\/06\/img-20250623-084152.jpg\" alt=\"\" width=\"2040\" height=\"1536\" srcset=\"https:\/\/vosgesinfo.fr\/app\/uploads\/sites\/3\/2025\/06\/img-20250623-084152.jpg 2040w, https:\/\/vosgesinfo.fr\/app\/uploads\/sites\/3\/2025\/06\/img-20250623-084152-300x226.jpg 300w, https:\/\/vosgesinfo.fr\/app\/uploads\/sites\/3\/2025\/06\/img-20250623-084152-1024x771.jpg 1024w, https:\/\/vosgesinfo.fr\/app\/uploads\/sites\/3\/2025\/06\/img-20250623-084152-768x578.jpg 768w, https:\/\/vosgesinfo.fr\/app\/uploads\/sites\/3\/2025\/06\/img-20250623-084152-1536x1157.jpg 1536w\" sizes=\"(max-width: 2040px) 100vw, 2040px\" \/><\/a>Le s\u00e9nateur vosgien Jean Hingray a re\u00e7u ce lundi dans les Vosges la s\u00e9natrice de l\u2019Orne, Nathalie Goulet, pour un temps d\u2019\u00e9changes autour d\u2019un enjeu crucial de s\u00e9curit\u00e9 nationale et internationale : la d\u00e9tection des signaux faibles dans la lutte contre le terrorisme et son financement.<\/strong><\/h2>\n<p data-start=\"542\" data-end=\"1030\">Reconnue comme l\u2019une des expertes parlementaires de ces sujets sensibles, Nathalie Goulet est \u00e0 l\u2019origine de nombreuses initiatives l\u00e9gislatives en France et en Europe. Parmi ses combats : le d\u00e9mant\u00e8lement des r\u00e9seaux de financement du terrorisme, une meilleure coh\u00e9rence du traitement p\u00e9nal des \u00e9trangers en situation irr\u00e9guli\u00e8re, ou encore la cr\u00e9ation d\u2019une commission d\u2019enqu\u00eate sur les outils de lutte contre la d\u00e9linquance financi\u00e8re et le contournement des sanctions internationales.<\/p>\n<h3 data-start=\"1032\" data-end=\"1088\"><strong data-start=\"1036\" data-end=\"1088\">\u00ab\u00a0L\u2019argent du terrorisme\u00a0\u00bb, une enqu\u00eate actualis\u00e9e<\/strong><\/h3>\n<p data-start=\"1090\" data-end=\"1426\">Dix ans apr\u00e8s l\u2019attentat de Charlie Hebdo, Nathalie Goulet a publi\u00e9 une version enrichie de son<em> \u00ab\u00a0Ab\u00e9c\u00e9daire du financement des groupes terroristes\u00a0\u00bb<\/em>, sous le titre <em><strong data-start=\"1251\" data-end=\"1279\">\u00ab\u00a0L\u2019argent du terrorisme\u00a0\u00bb<\/strong><\/em>. Ce nouvel ouvrage dresse un constat alarmant : les modes de financement des organisations terroristes n\u2019ont pas disparu, ils se sont transform\u00e9s.<\/p>\n<blockquote data-start=\"1428\" data-end=\"1672\">\n<p data-start=\"1430\" data-end=\"1672\"><em>\u00ab\u00a0Les terroristes continuent \u00e0 se financer gr\u00e2ce \u00e0 des outils du quotidien : la contrefa\u00e7on, les cagnottes en ligne, le trafic de migrants, la drogue\u2026\u00a0\u00bb, d\u00e9clare la s\u00e9natrice. \u00ab\u00a0Mais surtout, les outils de lutte ne sont pas encore \u00e0 la hauteur.\u00a0\u00bb<\/em> explique-t-elle.<\/p>\n<\/blockquote>\n<p data-start=\"1674\" data-end=\"1840\">Elle d\u00e9plore \u00e9galement l\u2019opacit\u00e9 de certains financements europ\u00e9ens accord\u00e9s \u00e0 des associations qu\u2019elle juge proches des Fr\u00e8res musulmans ou de l\u2019islam radical :<\/p>\n<h3 data-start=\"2004\" data-end=\"2052\"><strong data-start=\"2008\" data-end=\"2052\">Crypto-monnaies et sanctions contourn\u00e9es<\/strong><\/h3>\n<p data-start=\"2054\" data-end=\"2247\">Un chapitre in\u00e9dit de son enqu\u00eate est consacr\u00e9 \u00e0 l\u2019usage massif des <strong data-start=\"2122\" data-end=\"2141\">crypto-monnaies<\/strong> dans le financement du terrorisme. Selon Nathalie Goulet, leur usage a explos\u00e9 ces deux derni\u00e8res ann\u00e9es.<\/p>\n<blockquote data-start=\"2249\" data-end=\"2489\">\n<p data-start=\"2251\" data-end=\"2489\"><em>\u00ab\u00a0On observe cet usage \u00e0 Gaza, mais aussi ailleurs. C\u2019est un moyen discret et opaque pour contourner les sanctions internationales. Les crypto permettent \u00e0 des \u00c9tats sous embargo, comme l\u2019Iran, de financer le Hamas ou le Hezbollah.\u00a0\u00bb<\/em><\/p>\n<\/blockquote>\n<h3 data-start=\"2491\" data-end=\"2557\"><strong data-start=\"2495\" data-end=\"2557\">Des outils encore insuffisants face \u00e0 des menaces hybrides<\/strong><\/h3>\n<p data-start=\"2559\" data-end=\"2811\">Si les \u00c9tats ne restent pas inactifs, la s\u00e9natrice pointe du doigt la complexit\u00e9 des dispositifs de lutte, souvent inefficaces car trop proches des m\u00e9canismes utilis\u00e9s par la grande d\u00e9linquance financi\u00e8re : fraude fiscale, blanchiment, \u00e9vasion fiscale\u2026<\/p>\n<blockquote data-start=\"2813\" data-end=\"2960\">\n<p data-start=\"2815\" data-end=\"2960\"><em>\u00ab\u00a0Les outils du terrorisme sont les m\u00eames que ceux de la criminalit\u00e9 organis\u00e9e. Il est urgent d\u2019adapter notre arsenal juridique et nos contr\u00f4les.\u00a0\u00bb<\/em><\/p>\n<\/blockquote>\n<h3 data-start=\"2962\" data-end=\"3008\"><strong data-start=\"2966\" data-end=\"3008\">Un \u00e9change constructif dans les Vosges<\/strong><\/h3>\n<p data-start=\"3010\" data-end=\"3219\">\u00c0 l\u2019invitation de Jean Hingray, cet \u00e9change dans les Vosges a permis de sensibiliser les \u00e9lus et les acteurs locaux \u00e0 ces enjeux globaux. Le s\u00e9nateur vosgien a salu\u00e9 l\u2019engagement de sa coll\u00e8gue :<\/p>\n<blockquote data-start=\"3221\" data-end=\"3418\">\n<p data-start=\"3223\" data-end=\"3418\"><em>\u00ab\u00a0Nathalie Goulet porte une parole libre et document\u00e9e. Face \u00e0 des menaces mouvantes, nous avons besoin de cette vigilance, et d\u2019un sursaut politique \u00e0 l\u2019\u00e9chelle nationale comme europ\u00e9enne.\u00a0\u00bb<\/em><\/p>\n<\/blockquote>\n","protected":false},"excerpt":{"rendered":"<p>Le s\u00e9nateur vosgien Jean Hingray a re\u00e7u ce lundi dans les Vosges la s\u00e9natrice de l\u2019Orne, Nathalie Goulet, pour un [&hellip;]<\/p>\n","protected":false},"author":52,"featured_media":133160,"comment_status":"open","ping_status":"open","sticky":false,"template":"","format":"standard","meta":{"footnotes":""},"categories":[22,24,5],"tags":[],"class_list":["post-133159","post","type-post","status-publish","format-standard","has-post-thumbnail","hentry","category-a-la-une","category-epinal","category-vosges"],"acf":[],"yoast_head":"<!-- This site is optimized with the Yoast SEO plugin v22.5 - https:\/\/yoast.com\/wordpress\/plugins\/seo\/ -->\n<title>D\u00e9tecter l\u2019invisible : Nathalie Goulet sonne l\u2019alarme dans les Vosges - Epinal Info<\/title>\n<meta name=\"robots\" content=\"index, follow, max-snippet:-1, max-image-preview:large, max-video-preview:-1\" \/>\n<link rel=\"canonical\" href=\"https:\/\/vosgesinfo.fr\/epinalinfo\/2025\/06\/detecter-linvisible-nathalie-goulet-sonne-lalarme-dans-les-vosges\/\" \/>\n<meta name=\"twitter:card\" content=\"summary_large_image\" \/>\n<meta name=\"twitter:title\" content=\"D\u00e9tecter l\u2019invisible : Nathalie Goulet sonne l\u2019alarme dans les Vosges - Epinal Info\" \/>\n<meta name=\"twitter:description\" content=\"Le s\u00e9nateur vosgien Jean Hingray a re\u00e7u ce lundi dans les Vosges la s\u00e9natrice de l\u2019Orne, Nathalie Goulet, pour un [&hellip;]\" \/>\n<meta name=\"twitter:image\" content=\"https:\/\/vosgesinfo.fr\/app\/uploads\/sites\/3\/2025\/06\/img-20250623-084152.jpg\" \/>\n<meta name=\"twitter:creator\" content=\"@VosgesInfo88\" \/>\n<meta name=\"twitter:site\" content=\"@VosgesInfo88\" \/>\n<meta name=\"twitter:label1\" content=\"\u00c9crit par\" \/>\n\t<meta name=\"twitter:data1\" content=\"C.K.\" \/>\n\t<meta name=\"twitter:label2\" content=\"Dur\u00e9e de lecture estim\u00e9e\" \/>\n\t<meta name=\"twitter:data2\" content=\"2 minutes\" \/>\n<script type=\"application\/ld+json\" class=\"yoast-schema-graph\">{\"@context\":\"https:\/\/schema.org\",\"@graph\":[{\"@type\":\"Article\",\"@id\":\"https:\/\/vosgesinfo.fr\/epinalinfo\/2025\/06\/detecter-linvisible-nathalie-goulet-sonne-lalarme-dans-les-vosges\/#article\",\"isPartOf\":{\"@id\":\"https:\/\/vosgesinfo.fr\/epinalinfo\/2025\/06\/detecter-linvisible-nathalie-goulet-sonne-lalarme-dans-les-vosges\/\"},\"author\":{\"name\":\"C.K.\",\"@id\":\"https:\/\/vosgesinfo.fr\/epinalinfo\/#\/schema\/person\/6f9a650eeea99d969b6c4ab78fccbe81\"},\"headline\":\"D\u00e9tecter l\u2019invisible : Nathalie Goulet sonne l\u2019alarme dans les Vosges\",\"datePublished\":\"2025-06-24T07:00:27+00:00\",\"dateModified\":\"2025-06-24T06:55:08+00:00\",\"mainEntityOfPage\":{\"@id\":\"https:\/\/vosgesinfo.fr\/epinalinfo\/2025\/06\/detecter-linvisible-nathalie-goulet-sonne-lalarme-dans-les-vosges\/\"},\"wordCount\":505,\"commentCount\":0,\"publisher\":{\"@id\":\"https:\/\/vosgesinfo.fr\/epinalinfo\/#organization\"},\"image\":{\"@id\":\"https:\/\/vosgesinfo.fr\/epinalinfo\/2025\/06\/detecter-linvisible-nathalie-goulet-sonne-lalarme-dans-les-vosges\/#primaryimage\"},\"thumbnailUrl\":\"https:\/\/vosgesinfo.fr\/app\/uploads\/sites\/3\/2025\/06\/img-20250623-084152.jpg\",\"articleSection\":[\"A la Une\",\"Epinal\",\"Vosges\"],\"inLanguage\":\"fr-FR\",\"potentialAction\":[{\"@type\":\"CommentAction\",\"name\":\"Comment\",\"target\":[\"https:\/\/vosgesinfo.fr\/epinalinfo\/2025\/06\/detecter-linvisible-nathalie-goulet-sonne-lalarme-dans-les-vosges\/#respond\"]}]},{\"@type\":\"WebPage\",\"@id\":\"https:\/\/vosgesinfo.fr\/epinalinfo\/2025\/06\/detecter-linvisible-nathalie-goulet-sonne-lalarme-dans-les-vosges\/\",\"url\":\"https:\/\/vosgesinfo.fr\/epinalinfo\/2025\/06\/detecter-linvisible-nathalie-goulet-sonne-lalarme-dans-les-vosges\/\",\"name\":\"D\u00e9tecter l\u2019invisible : Nathalie Goulet sonne l\u2019alarme dans les Vosges - Epinal Info\",\"isPartOf\":{\"@id\":\"https:\/\/vosgesinfo.fr\/epinalinfo\/#website\"},\"primaryImageOfPage\":{\"@id\":\"https:\/\/vosgesinfo.fr\/epinalinfo\/2025\/06\/detecter-linvisible-nathalie-goulet-sonne-lalarme-dans-les-vosges\/#primaryimage\"},\"image\":{\"@id\":\"https:\/\/vosgesinfo.fr\/epinalinfo\/2025\/06\/detecter-linvisible-nathalie-goulet-sonne-lalarme-dans-les-vosges\/#primaryimage\"},\"thumbnailUrl\":\"https:\/\/vosgesinfo.fr\/app\/uploads\/sites\/3\/2025\/06\/img-20250623-084152.jpg\",\"datePublished\":\"2025-06-24T07:00:27+00:00\",\"dateModified\":\"2025-06-24T06:55:08+00:00\",\"breadcrumb\":{\"@id\":\"https:\/\/vosgesinfo.fr\/epinalinfo\/2025\/06\/detecter-linvisible-nathalie-goulet-sonne-lalarme-dans-les-vosges\/#breadcrumb\"},\"inLanguage\":\"fr-FR\",\"potentialAction\":[{\"@type\":\"ReadAction\",\"target\":[\"https:\/\/vosgesinfo.fr\/epinalinfo\/2025\/06\/detecter-linvisible-nathalie-goulet-sonne-lalarme-dans-les-vosges\/\"]}]},{\"@type\":\"ImageObject\",\"inLanguage\":\"fr-FR\",\"@id\":\"https:\/\/vosgesinfo.fr\/epinalinfo\/2025\/06\/detecter-linvisible-nathalie-goulet-sonne-lalarme-dans-les-vosges\/#primaryimage\",\"url\":\"https:\/\/vosgesinfo.fr\/app\/uploads\/sites\/3\/2025\/06\/img-20250623-084152.jpg\",\"contentUrl\":\"https:\/\/vosgesinfo.fr\/app\/uploads\/sites\/3\/2025\/06\/img-20250623-084152.jpg\",\"width\":2040,\"height\":1536},{\"@type\":\"BreadcrumbList\",\"@id\":\"https:\/\/vosgesinfo.fr\/epinalinfo\/2025\/06\/detecter-linvisible-nathalie-goulet-sonne-lalarme-dans-les-vosges\/#breadcrumb\",\"itemListElement\":[{\"@type\":\"ListItem\",\"position\":1,\"name\":\"Home\",\"item\":\"https:\/\/vosgesinfo.fr\/epinalinfo\/\"},{\"@type\":\"ListItem\",\"position\":2,\"name\":\"D\u00e9tecter l\u2019invisible : Nathalie Goulet sonne l\u2019alarme dans les Vosges\"}]},{\"@type\":\"WebSite\",\"@id\":\"https:\/\/vosgesinfo.fr\/epinalinfo\/#website\",\"url\":\"https:\/\/vosgesinfo.fr\/epinalinfo\/\",\"name\":\"Epinal Info\",\"description\":\"Toute l&#039;actualit\u00e9 d&#039;\u00c9pinal\",\"publisher\":{\"@id\":\"https:\/\/vosgesinfo.fr\/epinalinfo\/#organization\"},\"alternateName\":\"Toute l'actualit\u00e9 d'\u00c9pinal\",\"potentialAction\":[{\"@type\":\"SearchAction\",\"target\":{\"@type\":\"EntryPoint\",\"urlTemplate\":\"https:\/\/vosgesinfo.fr\/epinalinfo\/?s={search_term_string}\"},\"query-input\":\"required name=search_term_string\"}],\"inLanguage\":\"fr-FR\"},{\"@type\":\"Organization\",\"@id\":\"https:\/\/vosgesinfo.fr\/epinalinfo\/#organization\",\"name\":\"Epinal Info\",\"url\":\"https:\/\/vosgesinfo.fr\/epinalinfo\/\",\"logo\":{\"@type\":\"ImageObject\",\"inLanguage\":\"fr-FR\",\"@id\":\"https:\/\/vosgesinfo.fr\/epinalinfo\/#\/schema\/logo\/image\/\",\"url\":\"https:\/\/vosgesinfo.fr\/app\/uploads\/sites\/3\/2023\/08\/logo-epinalinfos.svg\",\"contentUrl\":\"https:\/\/vosgesinfo.fr\/app\/uploads\/sites\/3\/2023\/08\/logo-epinalinfos.svg\",\"width\":1,\"height\":1,\"caption\":\"Epinal Info\"},\"image\":{\"@id\":\"https:\/\/vosgesinfo.fr\/epinalinfo\/#\/schema\/logo\/image\/\"},\"sameAs\":[\"https:\/\/www.facebook.com\/Epinalinfos\",\"https:\/\/x.com\/VosgesInfo88\",\"https:\/\/www.youtube.com\/@vosgesinfo\"]},{\"@type\":\"Person\",\"@id\":\"https:\/\/vosgesinfo.fr\/epinalinfo\/#\/schema\/person\/6f9a650eeea99d969b6c4ab78fccbe81\",\"name\":\"C.K.\",\"image\":{\"@type\":\"ImageObject\",\"inLanguage\":\"fr-FR\",\"@id\":\"https:\/\/vosgesinfo.fr\/epinalinfo\/#\/schema\/person\/image\/\",\"url\":\"https:\/\/secure.gravatar.com\/avatar\/48e3fc7f8421ba8942be6b74a2b7f014ca39bc00dece156b7a8e098ae7dc87bf?s=96&d=mm&r=g\",\"contentUrl\":\"https:\/\/secure.gravatar.com\/avatar\/48e3fc7f8421ba8942be6b74a2b7f014ca39bc00dece156b7a8e098ae7dc87bf?s=96&d=mm&r=g\",\"caption\":\"C.K.\"},\"url\":\"https:\/\/vosgesinfo.fr\/epinalinfo\/author\/celia-k-n\/\"}]}<\/script>\n<!-- \/ Yoast SEO plugin. -->","yoast_head_json":{"title":"D\u00e9tecter l\u2019invisible : Nathalie Goulet sonne l\u2019alarme dans les Vosges - Epinal Info","robots":{"index":"index","follow":"follow","max-snippet":"max-snippet:-1","max-image-preview":"max-image-preview:large","max-video-preview":"max-video-preview:-1"},"canonical":"https:\/\/vosgesinfo.fr\/epinalinfo\/2025\/06\/detecter-linvisible-nathalie-goulet-sonne-lalarme-dans-les-vosges\/","twitter_card":"summary_large_image","twitter_title":"D\u00e9tecter l\u2019invisible : Nathalie Goulet sonne l\u2019alarme dans les Vosges - Epinal Info","twitter_description":"Le s\u00e9nateur vosgien Jean Hingray a re\u00e7u ce lundi dans les Vosges la s\u00e9natrice de l\u2019Orne, Nathalie Goulet, pour un [&hellip;]","twitter_image":"https:\/\/vosgesinfo.fr\/app\/uploads\/sites\/3\/2025\/06\/img-20250623-084152.jpg","twitter_creator":"@VosgesInfo88","twitter_site":"@VosgesInfo88","twitter_misc":{"\u00c9crit par":"C.K.","Dur\u00e9e de lecture estim\u00e9e":"2 minutes"},"schema":{"@context":"https:\/\/schema.org","@graph":[{"@type":"Article","@id":"https:\/\/vosgesinfo.fr\/epinalinfo\/2025\/06\/detecter-linvisible-nathalie-goulet-sonne-lalarme-dans-les-vosges\/#article","isPartOf":{"@id":"https:\/\/vosgesinfo.fr\/epinalinfo\/2025\/06\/detecter-linvisible-nathalie-goulet-sonne-lalarme-dans-les-vosges\/"},"author":{"name":"C.K.","@id":"https:\/\/vosgesinfo.fr\/epinalinfo\/#\/schema\/person\/6f9a650eeea99d969b6c4ab78fccbe81"},"headline":"D\u00e9tecter l\u2019invisible : Nathalie Goulet sonne l\u2019alarme dans les Vosges","datePublished":"2025-06-24T07:00:27+00:00","dateModified":"2025-06-24T06:55:08+00:00","mainEntityOfPage":{"@id":"https:\/\/vosgesinfo.fr\/epinalinfo\/2025\/06\/detecter-linvisible-nathalie-goulet-sonne-lalarme-dans-les-vosges\/"},"wordCount":505,"commentCount":0,"publisher":{"@id":"https:\/\/vosgesinfo.fr\/epinalinfo\/#organization"},"image":{"@id":"https:\/\/vosgesinfo.fr\/epinalinfo\/2025\/06\/detecter-linvisible-nathalie-goulet-sonne-lalarme-dans-les-vosges\/#primaryimage"},"thumbnailUrl":"https:\/\/vosgesinfo.fr\/app\/uploads\/sites\/3\/2025\/06\/img-20250623-084152.jpg","articleSection":["A la Une","Epinal","Vosges"],"inLanguage":"fr-FR","potentialAction":[{"@type":"CommentAction","name":"Comment","target":["https:\/\/vosgesinfo.fr\/epinalinfo\/2025\/06\/detecter-linvisible-nathalie-goulet-sonne-lalarme-dans-les-vosges\/#respond"]}]},{"@type":"WebPage","@id":"https:\/\/vosgesinfo.fr\/epinalinfo\/2025\/06\/detecter-linvisible-nathalie-goulet-sonne-lalarme-dans-les-vosges\/","url":"https:\/\/vosgesinfo.fr\/epinalinfo\/2025\/06\/detecter-linvisible-nathalie-goulet-sonne-lalarme-dans-les-vosges\/","name":"D\u00e9tecter l\u2019invisible : Nathalie Goulet sonne l\u2019alarme dans les Vosges - Epinal Info","isPartOf":{"@id":"https:\/\/vosgesinfo.fr\/epinalinfo\/#website"},"primaryImageOfPage":{"@id":"https:\/\/vosgesinfo.fr\/epinalinfo\/2025\/06\/detecter-linvisible-nathalie-goulet-sonne-lalarme-dans-les-vosges\/#primaryimage"},"image":{"@id":"https:\/\/vosgesinfo.fr\/epinalinfo\/2025\/06\/detecter-linvisible-nathalie-goulet-sonne-lalarme-dans-les-vosges\/#primaryimage"},"thumbnailUrl":"https:\/\/vosgesinfo.fr\/app\/uploads\/sites\/3\/2025\/06\/img-20250623-084152.jpg","datePublished":"2025-06-24T07:00:27+00:00","dateModified":"2025-06-24T06:55:08+00:00","breadcrumb":{"@id":"https:\/\/vosgesinfo.fr\/epinalinfo\/2025\/06\/detecter-linvisible-nathalie-goulet-sonne-lalarme-dans-les-vosges\/#breadcrumb"},"inLanguage":"fr-FR","potentialAction":[{"@type":"ReadAction","target":["https:\/\/vosgesinfo.fr\/epinalinfo\/2025\/06\/detecter-linvisible-nathalie-goulet-sonne-lalarme-dans-les-vosges\/"]}]},{"@type":"ImageObject","inLanguage":"fr-FR","@id":"https:\/\/vosgesinfo.fr\/epinalinfo\/2025\/06\/detecter-linvisible-nathalie-goulet-sonne-lalarme-dans-les-vosges\/#primaryimage","url":"https:\/\/vosgesinfo.fr\/app\/uploads\/sites\/3\/2025\/06\/img-20250623-084152.jpg","contentUrl":"https:\/\/vosgesinfo.fr\/app\/uploads\/sites\/3\/2025\/06\/img-20250623-084152.jpg","width":2040,"height":1536},{"@type":"BreadcrumbList","@id":"https:\/\/vosgesinfo.fr\/epinalinfo\/2025\/06\/detecter-linvisible-nathalie-goulet-sonne-lalarme-dans-les-vosges\/#breadcrumb","itemListElement":[{"@type":"ListItem","position":1,"name":"Home","item":"https:\/\/vosgesinfo.fr\/epinalinfo\/"},{"@type":"ListItem","position":2,"name":"D\u00e9tecter l\u2019invisible : Nathalie Goulet sonne l\u2019alarme dans les Vosges"}]},{"@type":"WebSite","@id":"https:\/\/vosgesinfo.fr\/epinalinfo\/#website","url":"https:\/\/vosgesinfo.fr\/epinalinfo\/","name":"Epinal Info","description":"Toute l&#039;actualit\u00e9 d&#039;\u00c9pinal","publisher":{"@id":"https:\/\/vosgesinfo.fr\/epinalinfo\/#organization"},"alternateName":"Toute l'actualit\u00e9 d'\u00c9pinal","potentialAction":[{"@type":"SearchAction","target":{"@type":"EntryPoint","urlTemplate":"https:\/\/vosgesinfo.fr\/epinalinfo\/?s={search_term_string}"},"query-input":"required name=search_term_string"}],"inLanguage":"fr-FR"},{"@type":"Organization","@id":"https:\/\/vosgesinfo.fr\/epinalinfo\/#organization","name":"Epinal Info","url":"https:\/\/vosgesinfo.fr\/epinalinfo\/","logo":{"@type":"ImageObject","inLanguage":"fr-FR","@id":"https:\/\/vosgesinfo.fr\/epinalinfo\/#\/schema\/logo\/image\/","url":"https:\/\/vosgesinfo.fr\/app\/uploads\/sites\/3\/2023\/08\/logo-epinalinfos.svg","contentUrl":"https:\/\/vosgesinfo.fr\/app\/uploads\/sites\/3\/2023\/08\/logo-epinalinfos.svg","width":1,"height":1,"caption":"Epinal Info"},"image":{"@id":"https:\/\/vosgesinfo.fr\/epinalinfo\/#\/schema\/logo\/image\/"},"sameAs":["https:\/\/www.facebook.com\/Epinalinfos","https:\/\/x.com\/VosgesInfo88","https:\/\/www.youtube.com\/@vosgesinfo"]},{"@type":"Person","@id":"https:\/\/vosgesinfo.fr\/epinalinfo\/#\/schema\/person\/6f9a650eeea99d969b6c4ab78fccbe81","name":"C.K.","image":{"@type":"ImageObject","inLanguage":"fr-FR","@id":"https:\/\/vosgesinfo.fr\/epinalinfo\/#\/schema\/person\/image\/","url":"https:\/\/secure.gravatar.com\/avatar\/48e3fc7f8421ba8942be6b74a2b7f014ca39bc00dece156b7a8e098ae7dc87bf?s=96&d=mm&r=g","contentUrl":"https:\/\/secure.gravatar.com\/avatar\/48e3fc7f8421ba8942be6b74a2b7f014ca39bc00dece156b7a8e098ae7dc87bf?s=96&d=mm&r=g","caption":"C.K."},"url":"https:\/\/vosgesinfo.fr\/epinalinfo\/author\/celia-k-n\/"}]}},"_links":{"self":[{"href":"https:\/\/vosgesinfo.fr\/epinalinfo\/wp-json\/wp\/v2\/posts\/133159","targetHints":{"allow":["GET"]}}],"collection":[{"href":"https:\/\/vosgesinfo.fr\/epinalinfo\/wp-json\/wp\/v2\/posts"}],"about":[{"href":"https:\/\/vosgesinfo.fr\/epinalinfo\/wp-json\/wp\/v2\/types\/post"}],"author":[{"embeddable":true,"href":"https:\/\/vosgesinfo.fr\/epinalinfo\/wp-json\/wp\/v2\/users\/52"}],"replies":[{"embeddable":true,"href":"https:\/\/vosgesinfo.fr\/epinalinfo\/wp-json\/wp\/v2\/comments?post=133159"}],"version-history":[{"count":1,"href":"https:\/\/vosgesinfo.fr\/epinalinfo\/wp-json\/wp\/v2\/posts\/133159\/revisions"}],"predecessor-version":[{"id":133161,"href":"https:\/\/vosgesinfo.fr\/epinalinfo\/wp-json\/wp\/v2\/posts\/133159\/revisions\/133161"}],"wp:featuredmedia":[{"embeddable":true,"href":"https:\/\/vosgesinfo.fr\/epinalinfo\/wp-json\/wp\/v2\/media\/133160"}],"wp:attachment":[{"href":"https:\/\/vosgesinfo.fr\/epinalinfo\/wp-json\/wp\/v2\/media?parent=133159"}],"wp:term":[{"taxonomy":"category","embeddable":true,"href":"https:\/\/vosgesinfo.fr\/epinalinfo\/wp-json\/wp\/v2\/categories?post=133159"},{"taxonomy":"post_tag","embeddable":true,"href":"https:\/\/vosgesinfo.fr\/epinalinfo\/wp-json\/wp\/v2\/tags?post=133159"}],"curies":[{"name":"wp","href":"https:\/\/api.w.org\/{rel}","templated":true}]}}