{"id":133162,"date":"2025-06-24T09:14:22","date_gmt":"2025-06-24T07:14:22","guid":{"rendered":"https:\/\/vosgesinfo.fr\/epinalinfo\/?p=133162"},"modified":"2025-06-24T09:06:12","modified_gmt":"2025-06-24T07:06:12","slug":"les-cines-palace-depinal-bientot-modernises","status":"publish","type":"post","link":"https:\/\/vosgesinfo.fr\/epinalinfo\/2025\/06\/les-cines-palace-depinal-bientot-modernises\/","title":{"rendered":"Les Cin\u00e9s Palace d\u2019\u00c9pinal bient\u00f4t modernis\u00e9s"},"content":{"rendered":"<h2 data-start=\"171\" data-end=\"618\"><strong><a href=\"https:\/\/vosgesinfo.fr\/app\/uploads\/sites\/3\/2024\/04\/cinema-epinal-3-1-scaled.jpg\"><img decoding=\"async\" class=\"aligncenter size-full wp-image-40369\" src=\"https:\/\/vosgesinfo.fr\/app\/uploads\/sites\/3\/2024\/04\/cinema-epinal-3-1-scaled.jpg\" alt=\"\" width=\"2560\" height=\"1920\" srcset=\"https:\/\/vosgesinfo.fr\/app\/uploads\/sites\/3\/2024\/04\/cinema-epinal-3-1-scaled.jpg 2560w, https:\/\/vosgesinfo.fr\/app\/uploads\/sites\/3\/2024\/04\/cinema-epinal-3-1-300x225.jpg 300w, https:\/\/vosgesinfo.fr\/app\/uploads\/sites\/3\/2024\/04\/cinema-epinal-3-1-1024x768.jpg 1024w, https:\/\/vosgesinfo.fr\/app\/uploads\/sites\/3\/2024\/04\/cinema-epinal-3-1-768x576.jpg 768w, https:\/\/vosgesinfo.fr\/app\/uploads\/sites\/3\/2024\/04\/cinema-epinal-3-1-1536x1152.jpg 1536w, https:\/\/vosgesinfo.fr\/app\/uploads\/sites\/3\/2024\/04\/cinema-epinal-3-1-2048x1536.jpg 2048w\" sizes=\"(max-width: 2560px) 100vw, 2560px\" \/><\/a>R\u00e9unis ce lundi soir en conseil communautaire, les \u00e9lus de la communaut\u00e9 d\u2019agglom\u00e9ration d\u2019\u00c9pinal ont vot\u00e9 l\u2019octroi d\u2019une subvention de 5 000 euros en faveur de la modernisation et de l\u2019extension du complexe Cin\u00e9s Palace situ\u00e9 au c\u0153ur de la ville. Ce soutien financier s\u2019inscrit dans le cadre d\u2019un projet d\u2019envergure port\u00e9 par la SEM Palace \u00c9pinal, visant \u00e0 renforcer l\u2019attractivit\u00e9 culturelle du territoire.<\/strong><\/h2>\n<h3 data-start=\"620\" data-end=\"666\"><strong data-start=\"624\" data-end=\"666\">Un multiplexe en pleine transformation<\/strong><\/h3>\n<p data-start=\"668\" data-end=\"793\">Le projet pr\u00e9voit <strong data-start=\"686\" data-end=\"732\">l\u2019extension du multiplexe de 8 \u00e0 10 salles<\/strong>, avec la cr\u00e9ation de deux nouveaux espaces embl\u00e9matiques :<\/p>\n<ul data-start=\"794\" data-end=\"1139\">\n<li data-start=\"794\" data-end=\"952\">\n<p data-start=\"796\" data-end=\"952\"><strong data-start=\"796\" data-end=\"817\">Une salle premium<\/strong> exploitant une <strong data-start=\"833\" data-end=\"858\">technologie immersive<\/strong>, destin\u00e9e \u00e0 s\u00e9duire un public jeune et amateur d\u2019exp\u00e9riences cin\u00e9matographiques innovantes.<\/p>\n<\/li>\n<li data-start=\"953\" data-end=\"1139\">\n<p data-start=\"955\" data-end=\"1139\"><strong data-start=\"955\" data-end=\"981\">Une salle art-et-essai<\/strong>, enti\u00e8rement d\u00e9di\u00e9e \u00e0 une programmation culturelle exigeante et diversifi\u00e9e, en r\u00e9ponse \u00e0 une demande croissante de films d\u2019auteur et d\u2019\u0153uvres ind\u00e9pendantes.<\/p>\n<\/li>\n<\/ul>\n<p data-start=\"1141\" data-end=\"1423\">En parall\u00e8le, <strong data-start=\"1155\" data-end=\"1221\">les espaces d\u2019accueil feront l\u2019objet d\u2019une r\u00e9novation compl\u00e8te<\/strong> : agrandissement de la salle de r\u00e9ception \u2013 d\u00e9j\u00e0 tr\u00e8s sollicit\u00e9e par les associations et partenaires locaux \u2013 et <strong data-start=\"1335\" data-end=\"1380\">modernisation de l\u2019espace de consommation<\/strong> pour am\u00e9liorer le confort des spectateurs.<\/p>\n<h3 data-start=\"1425\" data-end=\"1480\"><strong data-start=\"1429\" data-end=\"1480\">Un investissement de pr\u00e8s de 7 millions d\u2019euros<\/strong><\/h3>\n<p data-start=\"1482\" data-end=\"1644\">Le co\u00fbt total du projet est estim\u00e9 \u00e0 <strong data-start=\"1519\" data-end=\"1543\">6,9 millions d\u2019euros<\/strong>, financ\u00e9 par une combinaison de ressources publiques et priv\u00e9es. Le plan de financement comprend :<\/p>\n<ul data-start=\"1645\" data-end=\"2027\">\n<li data-start=\"1645\" data-end=\"1728\">\n<p data-start=\"1647\" data-end=\"1728\">Une <strong data-start=\"1651\" data-end=\"1709\">avance remboursable du Centre National du Cin\u00e9ma (CNC)<\/strong> de <strong data-start=\"1713\" data-end=\"1726\">897 780 \u20ac<\/strong><\/p>\n<\/li>\n<li data-start=\"1729\" data-end=\"1775\">\n<p data-start=\"1731\" data-end=\"1775\">Une <strong data-start=\"1735\" data-end=\"1756\">subvention du CNC<\/strong> de <strong data-start=\"1760\" data-end=\"1773\">600 000 \u20ac<\/strong><\/p>\n<\/li>\n<li data-start=\"1776\" data-end=\"1829\">\n<p data-start=\"1778\" data-end=\"1829\">Un <strong data-start=\"1781\" data-end=\"1808\">apport en fonds propres<\/strong> de <strong data-start=\"1812\" data-end=\"1827\">1 385 000 \u20ac<\/strong><\/p>\n<\/li>\n<li data-start=\"1830\" data-end=\"1885\">\n<p data-start=\"1832\" data-end=\"1885\">Un <strong data-start=\"1835\" data-end=\"1855\">emprunt bancaire<\/strong> de <strong data-start=\"1859\" data-end=\"1883\">3,7 millions d\u2019euros<\/strong><\/p>\n<\/li>\n<li data-start=\"1886\" data-end=\"2027\">\n<p data-start=\"1888\" data-end=\"2027\">Et <strong data-start=\"1891\" data-end=\"1912\">325 000 \u20ac d\u2019aides<\/strong> en provenance des collectivit\u00e9s locales, dont la subvention vot\u00e9e ce lundi soir par la communaut\u00e9 d\u2019agglom\u00e9ration.<\/p>\n<\/li>\n<\/ul>\n<h3 data-start=\"2029\" data-end=\"2077\"><strong data-start=\"2033\" data-end=\"2077\">Un projet structurant pour le territoire<\/strong><\/h3>\n<p data-start=\"2079\" data-end=\"2382\">\u00c0 travers cette transformation, la SEM Palace \u00c9pinal entend renforcer le rayonnement culturel du centre-ville, fid\u00e9liser les publics existants et attirer une nouvelle g\u00e9n\u00e9ration de spectateurs, en particulier les jeunes, via des animations, innovations technologiques et partenariats locaux.<\/p>\n<p data-start=\"2384\" data-end=\"2656\">Pour les \u00e9lus, ce soutien financier, s\u2019inscrit dans une logique plus large de soutien aux \u00e9quipements structurants du territoire. Il t\u00e9moigne aussi de l\u2019importance accord\u00e9e \u00e0 l\u2019acc\u00e8s \u00e0 la culture et \u00e0 la modernisation des infrastructures locales.<\/p>\n","protected":false},"excerpt":{"rendered":"<p>R\u00e9unis ce lundi soir en conseil communautaire, les \u00e9lus de la communaut\u00e9 d\u2019agglom\u00e9ration d\u2019\u00c9pinal ont vot\u00e9 l\u2019octroi d\u2019une subvention de [&hellip;]<\/p>\n","protected":false},"author":52,"featured_media":40369,"comment_status":"open","ping_status":"open","sticky":false,"template":"","format":"standard","meta":{"footnotes":""},"categories":[22,24],"tags":[],"class_list":["post-133162","post","type-post","status-publish","format-standard","has-post-thumbnail","hentry","category-a-la-une","category-epinal"],"acf":[],"yoast_head":"<!-- This site is optimized with the Yoast SEO plugin v22.5 - https:\/\/yoast.com\/wordpress\/plugins\/seo\/ -->\n<title>Les Cin\u00e9s Palace d\u2019\u00c9pinal bient\u00f4t modernis\u00e9s - Epinal Info<\/title>\n<meta name=\"robots\" content=\"index, follow, max-snippet:-1, max-image-preview:large, max-video-preview:-1\" \/>\n<link rel=\"canonical\" href=\"https:\/\/vosgesinfo.fr\/epinalinfo\/2025\/06\/les-cines-palace-depinal-bientot-modernises\/\" \/>\n<meta name=\"twitter:card\" content=\"summary_large_image\" \/>\n<meta name=\"twitter:title\" content=\"Les Cin\u00e9s Palace d\u2019\u00c9pinal bient\u00f4t modernis\u00e9s - Epinal Info\" \/>\n<meta name=\"twitter:description\" content=\"R\u00e9unis ce lundi soir en conseil communautaire, les \u00e9lus de la communaut\u00e9 d\u2019agglom\u00e9ration d\u2019\u00c9pinal ont vot\u00e9 l\u2019octroi d\u2019une subvention de [&hellip;]\" \/>\n<meta name=\"twitter:image\" content=\"https:\/\/vosgesinfo.fr\/app\/uploads\/sites\/3\/2024\/04\/cinema-epinal-3-1-scaled.jpg\" \/>\n<meta name=\"twitter:creator\" content=\"@VosgesInfo88\" \/>\n<meta name=\"twitter:site\" content=\"@VosgesInfo88\" \/>\n<meta name=\"twitter:label1\" content=\"\u00c9crit par\" \/>\n\t<meta name=\"twitter:data1\" content=\"C.K.\" \/>\n\t<meta name=\"twitter:label2\" content=\"Dur\u00e9e de lecture estim\u00e9e\" \/>\n\t<meta name=\"twitter:data2\" content=\"2 minutes\" \/>\n<script type=\"application\/ld+json\" class=\"yoast-schema-graph\">{\"@context\":\"https:\/\/schema.org\",\"@graph\":[{\"@type\":\"Article\",\"@id\":\"https:\/\/vosgesinfo.fr\/epinalinfo\/2025\/06\/les-cines-palace-depinal-bientot-modernises\/#article\",\"isPartOf\":{\"@id\":\"https:\/\/vosgesinfo.fr\/epinalinfo\/2025\/06\/les-cines-palace-depinal-bientot-modernises\/\"},\"author\":{\"name\":\"C.K.\",\"@id\":\"https:\/\/vosgesinfo.fr\/epinalinfo\/#\/schema\/person\/6f9a650eeea99d969b6c4ab78fccbe81\"},\"headline\":\"Les Cin\u00e9s Palace d\u2019\u00c9pinal bient\u00f4t modernis\u00e9s\",\"datePublished\":\"2025-06-24T07:14:22+00:00\",\"dateModified\":\"2025-06-24T07:06:12+00:00\",\"mainEntityOfPage\":{\"@id\":\"https:\/\/vosgesinfo.fr\/epinalinfo\/2025\/06\/les-cines-palace-depinal-bientot-modernises\/\"},\"wordCount\":383,\"commentCount\":1,\"publisher\":{\"@id\":\"https:\/\/vosgesinfo.fr\/epinalinfo\/#organization\"},\"image\":{\"@id\":\"https:\/\/vosgesinfo.fr\/epinalinfo\/2025\/06\/les-cines-palace-depinal-bientot-modernises\/#primaryimage\"},\"thumbnailUrl\":\"https:\/\/vosgesinfo.fr\/app\/uploads\/sites\/3\/2024\/04\/cinema-epinal-3-1-scaled.jpg\",\"articleSection\":[\"A la Une\",\"Epinal\"],\"inLanguage\":\"fr-FR\",\"potentialAction\":[{\"@type\":\"CommentAction\",\"name\":\"Comment\",\"target\":[\"https:\/\/vosgesinfo.fr\/epinalinfo\/2025\/06\/les-cines-palace-depinal-bientot-modernises\/#respond\"]}]},{\"@type\":\"WebPage\",\"@id\":\"https:\/\/vosgesinfo.fr\/epinalinfo\/2025\/06\/les-cines-palace-depinal-bientot-modernises\/\",\"url\":\"https:\/\/vosgesinfo.fr\/epinalinfo\/2025\/06\/les-cines-palace-depinal-bientot-modernises\/\",\"name\":\"Les Cin\u00e9s Palace d\u2019\u00c9pinal bient\u00f4t modernis\u00e9s - Epinal Info\",\"isPartOf\":{\"@id\":\"https:\/\/vosgesinfo.fr\/epinalinfo\/#website\"},\"primaryImageOfPage\":{\"@id\":\"https:\/\/vosgesinfo.fr\/epinalinfo\/2025\/06\/les-cines-palace-depinal-bientot-modernises\/#primaryimage\"},\"image\":{\"@id\":\"https:\/\/vosgesinfo.fr\/epinalinfo\/2025\/06\/les-cines-palace-depinal-bientot-modernises\/#primaryimage\"},\"thumbnailUrl\":\"https:\/\/vosgesinfo.fr\/app\/uploads\/sites\/3\/2024\/04\/cinema-epinal-3-1-scaled.jpg\",\"datePublished\":\"2025-06-24T07:14:22+00:00\",\"dateModified\":\"2025-06-24T07:06:12+00:00\",\"breadcrumb\":{\"@id\":\"https:\/\/vosgesinfo.fr\/epinalinfo\/2025\/06\/les-cines-palace-depinal-bientot-modernises\/#breadcrumb\"},\"inLanguage\":\"fr-FR\",\"potentialAction\":[{\"@type\":\"ReadAction\",\"target\":[\"https:\/\/vosgesinfo.fr\/epinalinfo\/2025\/06\/les-cines-palace-depinal-bientot-modernises\/\"]}]},{\"@type\":\"ImageObject\",\"inLanguage\":\"fr-FR\",\"@id\":\"https:\/\/vosgesinfo.fr\/epinalinfo\/2025\/06\/les-cines-palace-depinal-bientot-modernises\/#primaryimage\",\"url\":\"https:\/\/vosgesinfo.fr\/app\/uploads\/sites\/3\/2024\/04\/cinema-epinal-3-1-scaled.jpg\",\"contentUrl\":\"https:\/\/vosgesinfo.fr\/app\/uploads\/sites\/3\/2024\/04\/cinema-epinal-3-1-scaled.jpg\",\"width\":2560,\"height\":1920},{\"@type\":\"BreadcrumbList\",\"@id\":\"https:\/\/vosgesinfo.fr\/epinalinfo\/2025\/06\/les-cines-palace-depinal-bientot-modernises\/#breadcrumb\",\"itemListElement\":[{\"@type\":\"ListItem\",\"position\":1,\"name\":\"Home\",\"item\":\"https:\/\/vosgesinfo.fr\/epinalinfo\/\"},{\"@type\":\"ListItem\",\"position\":2,\"name\":\"Les Cin\u00e9s Palace d\u2019\u00c9pinal bient\u00f4t modernis\u00e9s\"}]},{\"@type\":\"WebSite\",\"@id\":\"https:\/\/vosgesinfo.fr\/epinalinfo\/#website\",\"url\":\"https:\/\/vosgesinfo.fr\/epinalinfo\/\",\"name\":\"Epinal Info\",\"description\":\"Toute l&#039;actualit\u00e9 d&#039;\u00c9pinal\",\"publisher\":{\"@id\":\"https:\/\/vosgesinfo.fr\/epinalinfo\/#organization\"},\"alternateName\":\"Toute l'actualit\u00e9 d'\u00c9pinal\",\"potentialAction\":[{\"@type\":\"SearchAction\",\"target\":{\"@type\":\"EntryPoint\",\"urlTemplate\":\"https:\/\/vosgesinfo.fr\/epinalinfo\/?s={search_term_string}\"},\"query-input\":\"required name=search_term_string\"}],\"inLanguage\":\"fr-FR\"},{\"@type\":\"Organization\",\"@id\":\"https:\/\/vosgesinfo.fr\/epinalinfo\/#organization\",\"name\":\"Epinal Info\",\"url\":\"https:\/\/vosgesinfo.fr\/epinalinfo\/\",\"logo\":{\"@type\":\"ImageObject\",\"inLanguage\":\"fr-FR\",\"@id\":\"https:\/\/vosgesinfo.fr\/epinalinfo\/#\/schema\/logo\/image\/\",\"url\":\"https:\/\/vosgesinfo.fr\/app\/uploads\/sites\/3\/2023\/08\/logo-epinalinfos.svg\",\"contentUrl\":\"https:\/\/vosgesinfo.fr\/app\/uploads\/sites\/3\/2023\/08\/logo-epinalinfos.svg\",\"width\":1,\"height\":1,\"caption\":\"Epinal Info\"},\"image\":{\"@id\":\"https:\/\/vosgesinfo.fr\/epinalinfo\/#\/schema\/logo\/image\/\"},\"sameAs\":[\"https:\/\/www.facebook.com\/Epinalinfos\",\"https:\/\/x.com\/VosgesInfo88\",\"https:\/\/www.youtube.com\/@vosgesinfo\"]},{\"@type\":\"Person\",\"@id\":\"https:\/\/vosgesinfo.fr\/epinalinfo\/#\/schema\/person\/6f9a650eeea99d969b6c4ab78fccbe81\",\"name\":\"C.K.\",\"image\":{\"@type\":\"ImageObject\",\"inLanguage\":\"fr-FR\",\"@id\":\"https:\/\/vosgesinfo.fr\/epinalinfo\/#\/schema\/person\/image\/\",\"url\":\"https:\/\/secure.gravatar.com\/avatar\/48e3fc7f8421ba8942be6b74a2b7f014ca39bc00dece156b7a8e098ae7dc87bf?s=96&d=mm&r=g\",\"contentUrl\":\"https:\/\/secure.gravatar.com\/avatar\/48e3fc7f8421ba8942be6b74a2b7f014ca39bc00dece156b7a8e098ae7dc87bf?s=96&d=mm&r=g\",\"caption\":\"C.K.\"},\"url\":\"https:\/\/vosgesinfo.fr\/epinalinfo\/author\/celia-k-n\/\"}]}<\/script>\n<!-- \/ Yoast SEO plugin. -->","yoast_head_json":{"title":"Les Cin\u00e9s Palace d\u2019\u00c9pinal bient\u00f4t modernis\u00e9s - Epinal Info","robots":{"index":"index","follow":"follow","max-snippet":"max-snippet:-1","max-image-preview":"max-image-preview:large","max-video-preview":"max-video-preview:-1"},"canonical":"https:\/\/vosgesinfo.fr\/epinalinfo\/2025\/06\/les-cines-palace-depinal-bientot-modernises\/","twitter_card":"summary_large_image","twitter_title":"Les Cin\u00e9s Palace d\u2019\u00c9pinal bient\u00f4t modernis\u00e9s - Epinal Info","twitter_description":"R\u00e9unis ce lundi soir en conseil communautaire, les \u00e9lus de la communaut\u00e9 d\u2019agglom\u00e9ration d\u2019\u00c9pinal ont vot\u00e9 l\u2019octroi d\u2019une subvention de [&hellip;]","twitter_image":"https:\/\/vosgesinfo.fr\/app\/uploads\/sites\/3\/2024\/04\/cinema-epinal-3-1-scaled.jpg","twitter_creator":"@VosgesInfo88","twitter_site":"@VosgesInfo88","twitter_misc":{"\u00c9crit par":"C.K.","Dur\u00e9e de lecture estim\u00e9e":"2 minutes"},"schema":{"@context":"https:\/\/schema.org","@graph":[{"@type":"Article","@id":"https:\/\/vosgesinfo.fr\/epinalinfo\/2025\/06\/les-cines-palace-depinal-bientot-modernises\/#article","isPartOf":{"@id":"https:\/\/vosgesinfo.fr\/epinalinfo\/2025\/06\/les-cines-palace-depinal-bientot-modernises\/"},"author":{"name":"C.K.","@id":"https:\/\/vosgesinfo.fr\/epinalinfo\/#\/schema\/person\/6f9a650eeea99d969b6c4ab78fccbe81"},"headline":"Les Cin\u00e9s Palace d\u2019\u00c9pinal bient\u00f4t modernis\u00e9s","datePublished":"2025-06-24T07:14:22+00:00","dateModified":"2025-06-24T07:06:12+00:00","mainEntityOfPage":{"@id":"https:\/\/vosgesinfo.fr\/epinalinfo\/2025\/06\/les-cines-palace-depinal-bientot-modernises\/"},"wordCount":383,"commentCount":1,"publisher":{"@id":"https:\/\/vosgesinfo.fr\/epinalinfo\/#organization"},"image":{"@id":"https:\/\/vosgesinfo.fr\/epinalinfo\/2025\/06\/les-cines-palace-depinal-bientot-modernises\/#primaryimage"},"thumbnailUrl":"https:\/\/vosgesinfo.fr\/app\/uploads\/sites\/3\/2024\/04\/cinema-epinal-3-1-scaled.jpg","articleSection":["A la Une","Epinal"],"inLanguage":"fr-FR","potentialAction":[{"@type":"CommentAction","name":"Comment","target":["https:\/\/vosgesinfo.fr\/epinalinfo\/2025\/06\/les-cines-palace-depinal-bientot-modernises\/#respond"]}]},{"@type":"WebPage","@id":"https:\/\/vosgesinfo.fr\/epinalinfo\/2025\/06\/les-cines-palace-depinal-bientot-modernises\/","url":"https:\/\/vosgesinfo.fr\/epinalinfo\/2025\/06\/les-cines-palace-depinal-bientot-modernises\/","name":"Les Cin\u00e9s Palace d\u2019\u00c9pinal bient\u00f4t modernis\u00e9s - Epinal Info","isPartOf":{"@id":"https:\/\/vosgesinfo.fr\/epinalinfo\/#website"},"primaryImageOfPage":{"@id":"https:\/\/vosgesinfo.fr\/epinalinfo\/2025\/06\/les-cines-palace-depinal-bientot-modernises\/#primaryimage"},"image":{"@id":"https:\/\/vosgesinfo.fr\/epinalinfo\/2025\/06\/les-cines-palace-depinal-bientot-modernises\/#primaryimage"},"thumbnailUrl":"https:\/\/vosgesinfo.fr\/app\/uploads\/sites\/3\/2024\/04\/cinema-epinal-3-1-scaled.jpg","datePublished":"2025-06-24T07:14:22+00:00","dateModified":"2025-06-24T07:06:12+00:00","breadcrumb":{"@id":"https:\/\/vosgesinfo.fr\/epinalinfo\/2025\/06\/les-cines-palace-depinal-bientot-modernises\/#breadcrumb"},"inLanguage":"fr-FR","potentialAction":[{"@type":"ReadAction","target":["https:\/\/vosgesinfo.fr\/epinalinfo\/2025\/06\/les-cines-palace-depinal-bientot-modernises\/"]}]},{"@type":"ImageObject","inLanguage":"fr-FR","@id":"https:\/\/vosgesinfo.fr\/epinalinfo\/2025\/06\/les-cines-palace-depinal-bientot-modernises\/#primaryimage","url":"https:\/\/vosgesinfo.fr\/app\/uploads\/sites\/3\/2024\/04\/cinema-epinal-3-1-scaled.jpg","contentUrl":"https:\/\/vosgesinfo.fr\/app\/uploads\/sites\/3\/2024\/04\/cinema-epinal-3-1-scaled.jpg","width":2560,"height":1920},{"@type":"BreadcrumbList","@id":"https:\/\/vosgesinfo.fr\/epinalinfo\/2025\/06\/les-cines-palace-depinal-bientot-modernises\/#breadcrumb","itemListElement":[{"@type":"ListItem","position":1,"name":"Home","item":"https:\/\/vosgesinfo.fr\/epinalinfo\/"},{"@type":"ListItem","position":2,"name":"Les Cin\u00e9s Palace d\u2019\u00c9pinal bient\u00f4t modernis\u00e9s"}]},{"@type":"WebSite","@id":"https:\/\/vosgesinfo.fr\/epinalinfo\/#website","url":"https:\/\/vosgesinfo.fr\/epinalinfo\/","name":"Epinal Info","description":"Toute l&#039;actualit\u00e9 d&#039;\u00c9pinal","publisher":{"@id":"https:\/\/vosgesinfo.fr\/epinalinfo\/#organization"},"alternateName":"Toute l'actualit\u00e9 d'\u00c9pinal","potentialAction":[{"@type":"SearchAction","target":{"@type":"EntryPoint","urlTemplate":"https:\/\/vosgesinfo.fr\/epinalinfo\/?s={search_term_string}"},"query-input":"required name=search_term_string"}],"inLanguage":"fr-FR"},{"@type":"Organization","@id":"https:\/\/vosgesinfo.fr\/epinalinfo\/#organization","name":"Epinal Info","url":"https:\/\/vosgesinfo.fr\/epinalinfo\/","logo":{"@type":"ImageObject","inLanguage":"fr-FR","@id":"https:\/\/vosgesinfo.fr\/epinalinfo\/#\/schema\/logo\/image\/","url":"https:\/\/vosgesinfo.fr\/app\/uploads\/sites\/3\/2023\/08\/logo-epinalinfos.svg","contentUrl":"https:\/\/vosgesinfo.fr\/app\/uploads\/sites\/3\/2023\/08\/logo-epinalinfos.svg","width":1,"height":1,"caption":"Epinal Info"},"image":{"@id":"https:\/\/vosgesinfo.fr\/epinalinfo\/#\/schema\/logo\/image\/"},"sameAs":["https:\/\/www.facebook.com\/Epinalinfos","https:\/\/x.com\/VosgesInfo88","https:\/\/www.youtube.com\/@vosgesinfo"]},{"@type":"Person","@id":"https:\/\/vosgesinfo.fr\/epinalinfo\/#\/schema\/person\/6f9a650eeea99d969b6c4ab78fccbe81","name":"C.K.","image":{"@type":"ImageObject","inLanguage":"fr-FR","@id":"https:\/\/vosgesinfo.fr\/epinalinfo\/#\/schema\/person\/image\/","url":"https:\/\/secure.gravatar.com\/avatar\/48e3fc7f8421ba8942be6b74a2b7f014ca39bc00dece156b7a8e098ae7dc87bf?s=96&d=mm&r=g","contentUrl":"https:\/\/secure.gravatar.com\/avatar\/48e3fc7f8421ba8942be6b74a2b7f014ca39bc00dece156b7a8e098ae7dc87bf?s=96&d=mm&r=g","caption":"C.K."},"url":"https:\/\/vosgesinfo.fr\/epinalinfo\/author\/celia-k-n\/"}]}},"_links":{"self":[{"href":"https:\/\/vosgesinfo.fr\/epinalinfo\/wp-json\/wp\/v2\/posts\/133162","targetHints":{"allow":["GET"]}}],"collection":[{"href":"https:\/\/vosgesinfo.fr\/epinalinfo\/wp-json\/wp\/v2\/posts"}],"about":[{"href":"https:\/\/vosgesinfo.fr\/epinalinfo\/wp-json\/wp\/v2\/types\/post"}],"author":[{"embeddable":true,"href":"https:\/\/vosgesinfo.fr\/epinalinfo\/wp-json\/wp\/v2\/users\/52"}],"replies":[{"embeddable":true,"href":"https:\/\/vosgesinfo.fr\/epinalinfo\/wp-json\/wp\/v2\/comments?post=133162"}],"version-history":[{"count":1,"href":"https:\/\/vosgesinfo.fr\/epinalinfo\/wp-json\/wp\/v2\/posts\/133162\/revisions"}],"predecessor-version":[{"id":133163,"href":"https:\/\/vosgesinfo.fr\/epinalinfo\/wp-json\/wp\/v2\/posts\/133162\/revisions\/133163"}],"wp:featuredmedia":[{"embeddable":true,"href":"https:\/\/vosgesinfo.fr\/epinalinfo\/wp-json\/wp\/v2\/media\/40369"}],"wp:attachment":[{"href":"https:\/\/vosgesinfo.fr\/epinalinfo\/wp-json\/wp\/v2\/media?parent=133162"}],"wp:term":[{"taxonomy":"category","embeddable":true,"href":"https:\/\/vosgesinfo.fr\/epinalinfo\/wp-json\/wp\/v2\/categories?post=133162"},{"taxonomy":"post_tag","embeddable":true,"href":"https:\/\/vosgesinfo.fr\/epinalinfo\/wp-json\/wp\/v2\/tags?post=133162"}],"curies":[{"name":"wp","href":"https:\/\/api.w.org\/{rel}","templated":true}]}}