{"id":133164,"date":"2025-06-24T10:30:36","date_gmt":"2025-06-24T08:30:36","guid":{"rendered":"https:\/\/vosgesinfo.fr\/epinalinfo\/?p=133164"},"modified":"2025-06-24T10:22:19","modified_gmt":"2025-06-24T08:22:19","slug":"transports-en-commun-le-reseau-imagine-poursuit-sa-dynamique","status":"publish","type":"post","link":"https:\/\/vosgesinfo.fr\/epinalinfo\/2025\/06\/transports-en-commun-le-reseau-imagine-poursuit-sa-dynamique\/","title":{"rendered":"Transports en commun : le r\u00e9seau Imagine poursuit sa dynamique"},"content":{"rendered":"<h2 data-start=\"173\" data-end=\"573\"><strong><a href=\"https:\/\/vosgesinfo.fr\/app\/uploads\/sites\/3\/2024\/11\/bus-electrique-imagine-keolis-8-scaled.jpg\"><img decoding=\"async\" class=\"aligncenter size-full wp-image-123942\" src=\"https:\/\/vosgesinfo.fr\/app\/uploads\/sites\/3\/2024\/11\/bus-electrique-imagine-keolis-8-scaled.jpg\" alt=\"\" width=\"2560\" height=\"1920\" srcset=\"https:\/\/vosgesinfo.fr\/app\/uploads\/sites\/3\/2024\/11\/bus-electrique-imagine-keolis-8-scaled.jpg 2560w, https:\/\/vosgesinfo.fr\/app\/uploads\/sites\/3\/2024\/11\/bus-electrique-imagine-keolis-8-300x225.jpg 300w, https:\/\/vosgesinfo.fr\/app\/uploads\/sites\/3\/2024\/11\/bus-electrique-imagine-keolis-8-1024x768.jpg 1024w, https:\/\/vosgesinfo.fr\/app\/uploads\/sites\/3\/2024\/11\/bus-electrique-imagine-keolis-8-768x576.jpg 768w, https:\/\/vosgesinfo.fr\/app\/uploads\/sites\/3\/2024\/11\/bus-electrique-imagine-keolis-8-1536x1152.jpg 1536w, https:\/\/vosgesinfo.fr\/app\/uploads\/sites\/3\/2024\/11\/bus-electrique-imagine-keolis-8-2048x1536.jpg 2048w\" sizes=\"(max-width: 2560px) 100vw, 2560px\" \/><\/a>Les \u00e9lus de la communaut\u00e9 d\u2019agglom\u00e9ration d\u2019\u00c9pinal se sont r\u00e9unis ce lundi soir pour dresser le rapport annuel d\u2019activit\u00e9 de la D\u00e9l\u00e9gation de Service Public (DSP) portant sur la gestion et l\u2019exploitation du r\u00e9seau de transport urbain Imagine, op\u00e9r\u00e9 par la soci\u00e9t\u00e9 K\u00e9olis. Ce rapport portait sur l\u2019ann\u00e9e 2024, cinqui\u00e8me ann\u00e9e d\u2019exploitation du contrat.<\/strong><\/h2>\n<h3 data-start=\"575\" data-end=\"635\"><strong data-start=\"579\" data-end=\"635\">Une fr\u00e9quentation en hausse sur l\u2019ensemble du r\u00e9seau<\/strong><\/h3>\n<p data-start=\"637\" data-end=\"989\">Le r\u00e9seau Imagine confirme sa mont\u00e9e en puissance, avec 2 906 830 voyages enregistr\u00e9s sur le r\u00e9seau principal en 2024, soit une hausse de 2,3 % par rapport \u00e0 2023, qui avait d\u00e9j\u00e0 connu une progression de +8,8 %. L\u2019offre de transport a permis de produire 1,34 million de kilom\u00e8tres commerciaux, t\u00e9moignant d\u2019un r\u00e9seau dense et actif.<\/p>\n<p data-start=\"991\" data-end=\"1317\">Le service de transport \u00e0 la demande Cap\u2019Imagine enregistre \u00e9galement une progression spectaculaire avec 14 807 voyages (hors extension), soit une augmentation de 30,3 %, preuve de son ancrage dans les habitudes de d\u00e9placement, notamment pour les publics \u00e0 mobilit\u00e9 r\u00e9duite ou dans les zones moins bien desservies.<\/p>\n<h3 data-start=\"1319\" data-end=\"1396\"><strong data-start=\"1323\" data-end=\"1396\">La r\u00e9volution Booje! : un abonnement pour tous les modes de transport<\/strong><\/h3>\n<p data-start=\"1398\" data-end=\"1682\">L\u2019\u00e9v\u00e9nement majeur de l\u2019ann\u00e9e 2024 a \u00e9t\u00e9 sans conteste la r\u00e9vision de la gamme tarifaire, avec la cr\u00e9ation des titres et abonnements Booje!, lanc\u00e9s au 1er septembre 2024. Cette nouvelle formule vise \u00e0 simplifier et unifier l\u2019acc\u00e8s \u00e0 la mobilit\u00e9 sur tout le territoire.<\/p>\n<p data-start=\"1684\" data-end=\"1785\">D\u00e9sormais, avec Booje!, l\u2019ensemble des services de mobilit\u00e9 est accessible avec un seul titre :<\/p>\n<ul data-start=\"1786\" data-end=\"1898\">\n<li data-start=\"1786\" data-end=\"1821\">\n<p data-start=\"1788\" data-end=\"1821\"><strong data-start=\"1788\" data-end=\"1819\">Bus et cars Imagine et Fluo<\/strong><\/p>\n<\/li>\n<li data-start=\"1822\" data-end=\"1861\">\n<p data-start=\"1824\" data-end=\"1861\"><strong data-start=\"1824\" data-end=\"1859\">Trains TER dans l\u2019agglom\u00e9ration<\/strong><\/p>\n<\/li>\n<li data-start=\"1862\" data-end=\"1898\">\n<p data-start=\"1864\" data-end=\"1898\"><strong data-start=\"1864\" data-end=\"1898\">V\u00e9los en libre-service Vilvolt<\/strong><\/p>\n<\/li>\n<\/ul>\n<p data-start=\"1900\" data-end=\"1989\">La tarification attractive rend les transports collectifs <strong data-start=\"1958\" data-end=\"1985\">encore plus accessibles<\/strong> :<\/p>\n<ul data-start=\"1990\" data-end=\"2114\">\n<li data-start=\"1990\" data-end=\"2021\">\n<p data-start=\"1992\" data-end=\"2021\">Titre unitaire : <strong data-start=\"2009\" data-end=\"2019\">1,50 \u20ac<\/strong><\/p>\n<\/li>\n<li data-start=\"2022\" data-end=\"2048\">\n<p data-start=\"2024\" data-end=\"2048\">Pass journ\u00e9e : <strong data-start=\"2039\" data-end=\"2046\">3 \u20ac<\/strong><\/p>\n<\/li>\n<li data-start=\"2049\" data-end=\"2082\">\n<p data-start=\"2051\" data-end=\"2082\">Abonnement mensuel : <strong data-start=\"2072\" data-end=\"2080\">29 \u20ac<\/strong><\/p>\n<\/li>\n<li data-start=\"2083\" data-end=\"2114\">\n<p data-start=\"2085\" data-end=\"2114\">Abonnement annuel : <strong data-start=\"2105\" data-end=\"2114\">290 \u20ac<\/strong><\/p>\n<\/li>\n<\/ul>\n<p data-start=\"2116\" data-end=\"2327\">Cette int\u00e9gration multimodale, in\u00e9dite \u00e0 l\u2019\u00e9chelle locale, permet notamment de rendre le TER comp\u00e9titif pour les d\u00e9placements intra-agglo, un levier essentiel pour limiter l\u2019usage de la voiture individuelle.<\/p>\n<p data-start=\"2391\" data-end=\"2749\">\n","protected":false},"excerpt":{"rendered":"<p>Les \u00e9lus de la communaut\u00e9 d\u2019agglom\u00e9ration d\u2019\u00c9pinal se sont r\u00e9unis ce lundi soir pour dresser le rapport annuel d\u2019activit\u00e9 de [&hellip;]<\/p>\n","protected":false},"author":52,"featured_media":123942,"comment_status":"open","ping_status":"open","sticky":false,"template":"","format":"standard","meta":{"footnotes":""},"categories":[22,24],"tags":[],"class_list":["post-133164","post","type-post","status-publish","format-standard","has-post-thumbnail","hentry","category-a-la-une","category-epinal"],"acf":[],"yoast_head":"<!-- This site is optimized with the Yoast SEO plugin v22.5 - https:\/\/yoast.com\/wordpress\/plugins\/seo\/ -->\n<title>Transports en commun : le r\u00e9seau Imagine poursuit sa dynamique - Epinal Info<\/title>\n<meta name=\"robots\" content=\"index, follow, max-snippet:-1, max-image-preview:large, max-video-preview:-1\" \/>\n<link rel=\"canonical\" href=\"https:\/\/vosgesinfo.fr\/epinalinfo\/2025\/06\/transports-en-commun-le-reseau-imagine-poursuit-sa-dynamique\/\" \/>\n<meta name=\"twitter:card\" content=\"summary_large_image\" \/>\n<meta name=\"twitter:title\" content=\"Transports en commun : le r\u00e9seau Imagine poursuit sa dynamique - Epinal Info\" \/>\n<meta name=\"twitter:description\" content=\"Les \u00e9lus de la communaut\u00e9 d\u2019agglom\u00e9ration d\u2019\u00c9pinal se sont r\u00e9unis ce lundi soir pour dresser le rapport annuel d\u2019activit\u00e9 de [&hellip;]\" \/>\n<meta name=\"twitter:image\" content=\"https:\/\/vosgesinfo.fr\/app\/uploads\/sites\/3\/2024\/11\/bus-electrique-imagine-keolis-8-scaled.jpg\" \/>\n<meta name=\"twitter:creator\" content=\"@VosgesInfo88\" \/>\n<meta name=\"twitter:site\" content=\"@VosgesInfo88\" \/>\n<meta name=\"twitter:label1\" content=\"\u00c9crit par\" \/>\n\t<meta name=\"twitter:data1\" content=\"C.K.\" \/>\n\t<meta name=\"twitter:label2\" content=\"Dur\u00e9e de lecture estim\u00e9e\" \/>\n\t<meta name=\"twitter:data2\" content=\"2 minutes\" \/>\n<script type=\"application\/ld+json\" class=\"yoast-schema-graph\">{\"@context\":\"https:\/\/schema.org\",\"@graph\":[{\"@type\":\"Article\",\"@id\":\"https:\/\/vosgesinfo.fr\/epinalinfo\/2025\/06\/transports-en-commun-le-reseau-imagine-poursuit-sa-dynamique\/#article\",\"isPartOf\":{\"@id\":\"https:\/\/vosgesinfo.fr\/epinalinfo\/2025\/06\/transports-en-commun-le-reseau-imagine-poursuit-sa-dynamique\/\"},\"author\":{\"name\":\"C.K.\",\"@id\":\"https:\/\/vosgesinfo.fr\/epinalinfo\/#\/schema\/person\/6f9a650eeea99d969b6c4ab78fccbe81\"},\"headline\":\"Transports en commun : le r\u00e9seau Imagine poursuit sa dynamique\",\"datePublished\":\"2025-06-24T08:30:36+00:00\",\"dateModified\":\"2025-06-24T08:22:19+00:00\",\"mainEntityOfPage\":{\"@id\":\"https:\/\/vosgesinfo.fr\/epinalinfo\/2025\/06\/transports-en-commun-le-reseau-imagine-poursuit-sa-dynamique\/\"},\"wordCount\":338,\"commentCount\":0,\"publisher\":{\"@id\":\"https:\/\/vosgesinfo.fr\/epinalinfo\/#organization\"},\"image\":{\"@id\":\"https:\/\/vosgesinfo.fr\/epinalinfo\/2025\/06\/transports-en-commun-le-reseau-imagine-poursuit-sa-dynamique\/#primaryimage\"},\"thumbnailUrl\":\"https:\/\/vosgesinfo.fr\/app\/uploads\/sites\/3\/2024\/11\/bus-electrique-imagine-keolis-8-scaled.jpg\",\"articleSection\":[\"A la Une\",\"Epinal\"],\"inLanguage\":\"fr-FR\",\"potentialAction\":[{\"@type\":\"CommentAction\",\"name\":\"Comment\",\"target\":[\"https:\/\/vosgesinfo.fr\/epinalinfo\/2025\/06\/transports-en-commun-le-reseau-imagine-poursuit-sa-dynamique\/#respond\"]}]},{\"@type\":\"WebPage\",\"@id\":\"https:\/\/vosgesinfo.fr\/epinalinfo\/2025\/06\/transports-en-commun-le-reseau-imagine-poursuit-sa-dynamique\/\",\"url\":\"https:\/\/vosgesinfo.fr\/epinalinfo\/2025\/06\/transports-en-commun-le-reseau-imagine-poursuit-sa-dynamique\/\",\"name\":\"Transports en commun : le r\u00e9seau Imagine poursuit sa dynamique - Epinal Info\",\"isPartOf\":{\"@id\":\"https:\/\/vosgesinfo.fr\/epinalinfo\/#website\"},\"primaryImageOfPage\":{\"@id\":\"https:\/\/vosgesinfo.fr\/epinalinfo\/2025\/06\/transports-en-commun-le-reseau-imagine-poursuit-sa-dynamique\/#primaryimage\"},\"image\":{\"@id\":\"https:\/\/vosgesinfo.fr\/epinalinfo\/2025\/06\/transports-en-commun-le-reseau-imagine-poursuit-sa-dynamique\/#primaryimage\"},\"thumbnailUrl\":\"https:\/\/vosgesinfo.fr\/app\/uploads\/sites\/3\/2024\/11\/bus-electrique-imagine-keolis-8-scaled.jpg\",\"datePublished\":\"2025-06-24T08:30:36+00:00\",\"dateModified\":\"2025-06-24T08:22:19+00:00\",\"breadcrumb\":{\"@id\":\"https:\/\/vosgesinfo.fr\/epinalinfo\/2025\/06\/transports-en-commun-le-reseau-imagine-poursuit-sa-dynamique\/#breadcrumb\"},\"inLanguage\":\"fr-FR\",\"potentialAction\":[{\"@type\":\"ReadAction\",\"target\":[\"https:\/\/vosgesinfo.fr\/epinalinfo\/2025\/06\/transports-en-commun-le-reseau-imagine-poursuit-sa-dynamique\/\"]}]},{\"@type\":\"ImageObject\",\"inLanguage\":\"fr-FR\",\"@id\":\"https:\/\/vosgesinfo.fr\/epinalinfo\/2025\/06\/transports-en-commun-le-reseau-imagine-poursuit-sa-dynamique\/#primaryimage\",\"url\":\"https:\/\/vosgesinfo.fr\/app\/uploads\/sites\/3\/2024\/11\/bus-electrique-imagine-keolis-8-scaled.jpg\",\"contentUrl\":\"https:\/\/vosgesinfo.fr\/app\/uploads\/sites\/3\/2024\/11\/bus-electrique-imagine-keolis-8-scaled.jpg\",\"width\":2560,\"height\":1920},{\"@type\":\"BreadcrumbList\",\"@id\":\"https:\/\/vosgesinfo.fr\/epinalinfo\/2025\/06\/transports-en-commun-le-reseau-imagine-poursuit-sa-dynamique\/#breadcrumb\",\"itemListElement\":[{\"@type\":\"ListItem\",\"position\":1,\"name\":\"Home\",\"item\":\"https:\/\/vosgesinfo.fr\/epinalinfo\/\"},{\"@type\":\"ListItem\",\"position\":2,\"name\":\"Transports en commun : le r\u00e9seau Imagine poursuit sa dynamique\"}]},{\"@type\":\"WebSite\",\"@id\":\"https:\/\/vosgesinfo.fr\/epinalinfo\/#website\",\"url\":\"https:\/\/vosgesinfo.fr\/epinalinfo\/\",\"name\":\"Epinal Info\",\"description\":\"Toute l&#039;actualit\u00e9 d&#039;\u00c9pinal\",\"publisher\":{\"@id\":\"https:\/\/vosgesinfo.fr\/epinalinfo\/#organization\"},\"alternateName\":\"Toute l'actualit\u00e9 d'\u00c9pinal\",\"potentialAction\":[{\"@type\":\"SearchAction\",\"target\":{\"@type\":\"EntryPoint\",\"urlTemplate\":\"https:\/\/vosgesinfo.fr\/epinalinfo\/?s={search_term_string}\"},\"query-input\":\"required name=search_term_string\"}],\"inLanguage\":\"fr-FR\"},{\"@type\":\"Organization\",\"@id\":\"https:\/\/vosgesinfo.fr\/epinalinfo\/#organization\",\"name\":\"Epinal Info\",\"url\":\"https:\/\/vosgesinfo.fr\/epinalinfo\/\",\"logo\":{\"@type\":\"ImageObject\",\"inLanguage\":\"fr-FR\",\"@id\":\"https:\/\/vosgesinfo.fr\/epinalinfo\/#\/schema\/logo\/image\/\",\"url\":\"https:\/\/vosgesinfo.fr\/app\/uploads\/sites\/3\/2023\/08\/logo-epinalinfos.svg\",\"contentUrl\":\"https:\/\/vosgesinfo.fr\/app\/uploads\/sites\/3\/2023\/08\/logo-epinalinfos.svg\",\"width\":1,\"height\":1,\"caption\":\"Epinal Info\"},\"image\":{\"@id\":\"https:\/\/vosgesinfo.fr\/epinalinfo\/#\/schema\/logo\/image\/\"},\"sameAs\":[\"https:\/\/www.facebook.com\/Epinalinfos\",\"https:\/\/x.com\/VosgesInfo88\",\"https:\/\/www.youtube.com\/@vosgesinfo\"]},{\"@type\":\"Person\",\"@id\":\"https:\/\/vosgesinfo.fr\/epinalinfo\/#\/schema\/person\/6f9a650eeea99d969b6c4ab78fccbe81\",\"name\":\"C.K.\",\"image\":{\"@type\":\"ImageObject\",\"inLanguage\":\"fr-FR\",\"@id\":\"https:\/\/vosgesinfo.fr\/epinalinfo\/#\/schema\/person\/image\/\",\"url\":\"https:\/\/secure.gravatar.com\/avatar\/48e3fc7f8421ba8942be6b74a2b7f014ca39bc00dece156b7a8e098ae7dc87bf?s=96&d=mm&r=g\",\"contentUrl\":\"https:\/\/secure.gravatar.com\/avatar\/48e3fc7f8421ba8942be6b74a2b7f014ca39bc00dece156b7a8e098ae7dc87bf?s=96&d=mm&r=g\",\"caption\":\"C.K.\"},\"url\":\"https:\/\/vosgesinfo.fr\/epinalinfo\/author\/celia-k-n\/\"}]}<\/script>\n<!-- \/ Yoast SEO plugin. -->","yoast_head_json":{"title":"Transports en commun : le r\u00e9seau Imagine poursuit sa dynamique - Epinal Info","robots":{"index":"index","follow":"follow","max-snippet":"max-snippet:-1","max-image-preview":"max-image-preview:large","max-video-preview":"max-video-preview:-1"},"canonical":"https:\/\/vosgesinfo.fr\/epinalinfo\/2025\/06\/transports-en-commun-le-reseau-imagine-poursuit-sa-dynamique\/","twitter_card":"summary_large_image","twitter_title":"Transports en commun : le r\u00e9seau Imagine poursuit sa dynamique - Epinal Info","twitter_description":"Les \u00e9lus de la communaut\u00e9 d\u2019agglom\u00e9ration d\u2019\u00c9pinal se sont r\u00e9unis ce lundi soir pour dresser le rapport annuel d\u2019activit\u00e9 de [&hellip;]","twitter_image":"https:\/\/vosgesinfo.fr\/app\/uploads\/sites\/3\/2024\/11\/bus-electrique-imagine-keolis-8-scaled.jpg","twitter_creator":"@VosgesInfo88","twitter_site":"@VosgesInfo88","twitter_misc":{"\u00c9crit par":"C.K.","Dur\u00e9e de lecture estim\u00e9e":"2 minutes"},"schema":{"@context":"https:\/\/schema.org","@graph":[{"@type":"Article","@id":"https:\/\/vosgesinfo.fr\/epinalinfo\/2025\/06\/transports-en-commun-le-reseau-imagine-poursuit-sa-dynamique\/#article","isPartOf":{"@id":"https:\/\/vosgesinfo.fr\/epinalinfo\/2025\/06\/transports-en-commun-le-reseau-imagine-poursuit-sa-dynamique\/"},"author":{"name":"C.K.","@id":"https:\/\/vosgesinfo.fr\/epinalinfo\/#\/schema\/person\/6f9a650eeea99d969b6c4ab78fccbe81"},"headline":"Transports en commun : le r\u00e9seau Imagine poursuit sa dynamique","datePublished":"2025-06-24T08:30:36+00:00","dateModified":"2025-06-24T08:22:19+00:00","mainEntityOfPage":{"@id":"https:\/\/vosgesinfo.fr\/epinalinfo\/2025\/06\/transports-en-commun-le-reseau-imagine-poursuit-sa-dynamique\/"},"wordCount":338,"commentCount":0,"publisher":{"@id":"https:\/\/vosgesinfo.fr\/epinalinfo\/#organization"},"image":{"@id":"https:\/\/vosgesinfo.fr\/epinalinfo\/2025\/06\/transports-en-commun-le-reseau-imagine-poursuit-sa-dynamique\/#primaryimage"},"thumbnailUrl":"https:\/\/vosgesinfo.fr\/app\/uploads\/sites\/3\/2024\/11\/bus-electrique-imagine-keolis-8-scaled.jpg","articleSection":["A la Une","Epinal"],"inLanguage":"fr-FR","potentialAction":[{"@type":"CommentAction","name":"Comment","target":["https:\/\/vosgesinfo.fr\/epinalinfo\/2025\/06\/transports-en-commun-le-reseau-imagine-poursuit-sa-dynamique\/#respond"]}]},{"@type":"WebPage","@id":"https:\/\/vosgesinfo.fr\/epinalinfo\/2025\/06\/transports-en-commun-le-reseau-imagine-poursuit-sa-dynamique\/","url":"https:\/\/vosgesinfo.fr\/epinalinfo\/2025\/06\/transports-en-commun-le-reseau-imagine-poursuit-sa-dynamique\/","name":"Transports en commun : le r\u00e9seau Imagine poursuit sa dynamique - Epinal Info","isPartOf":{"@id":"https:\/\/vosgesinfo.fr\/epinalinfo\/#website"},"primaryImageOfPage":{"@id":"https:\/\/vosgesinfo.fr\/epinalinfo\/2025\/06\/transports-en-commun-le-reseau-imagine-poursuit-sa-dynamique\/#primaryimage"},"image":{"@id":"https:\/\/vosgesinfo.fr\/epinalinfo\/2025\/06\/transports-en-commun-le-reseau-imagine-poursuit-sa-dynamique\/#primaryimage"},"thumbnailUrl":"https:\/\/vosgesinfo.fr\/app\/uploads\/sites\/3\/2024\/11\/bus-electrique-imagine-keolis-8-scaled.jpg","datePublished":"2025-06-24T08:30:36+00:00","dateModified":"2025-06-24T08:22:19+00:00","breadcrumb":{"@id":"https:\/\/vosgesinfo.fr\/epinalinfo\/2025\/06\/transports-en-commun-le-reseau-imagine-poursuit-sa-dynamique\/#breadcrumb"},"inLanguage":"fr-FR","potentialAction":[{"@type":"ReadAction","target":["https:\/\/vosgesinfo.fr\/epinalinfo\/2025\/06\/transports-en-commun-le-reseau-imagine-poursuit-sa-dynamique\/"]}]},{"@type":"ImageObject","inLanguage":"fr-FR","@id":"https:\/\/vosgesinfo.fr\/epinalinfo\/2025\/06\/transports-en-commun-le-reseau-imagine-poursuit-sa-dynamique\/#primaryimage","url":"https:\/\/vosgesinfo.fr\/app\/uploads\/sites\/3\/2024\/11\/bus-electrique-imagine-keolis-8-scaled.jpg","contentUrl":"https:\/\/vosgesinfo.fr\/app\/uploads\/sites\/3\/2024\/11\/bus-electrique-imagine-keolis-8-scaled.jpg","width":2560,"height":1920},{"@type":"BreadcrumbList","@id":"https:\/\/vosgesinfo.fr\/epinalinfo\/2025\/06\/transports-en-commun-le-reseau-imagine-poursuit-sa-dynamique\/#breadcrumb","itemListElement":[{"@type":"ListItem","position":1,"name":"Home","item":"https:\/\/vosgesinfo.fr\/epinalinfo\/"},{"@type":"ListItem","position":2,"name":"Transports en commun : le r\u00e9seau Imagine poursuit sa dynamique"}]},{"@type":"WebSite","@id":"https:\/\/vosgesinfo.fr\/epinalinfo\/#website","url":"https:\/\/vosgesinfo.fr\/epinalinfo\/","name":"Epinal Info","description":"Toute l&#039;actualit\u00e9 d&#039;\u00c9pinal","publisher":{"@id":"https:\/\/vosgesinfo.fr\/epinalinfo\/#organization"},"alternateName":"Toute l'actualit\u00e9 d'\u00c9pinal","potentialAction":[{"@type":"SearchAction","target":{"@type":"EntryPoint","urlTemplate":"https:\/\/vosgesinfo.fr\/epinalinfo\/?s={search_term_string}"},"query-input":"required name=search_term_string"}],"inLanguage":"fr-FR"},{"@type":"Organization","@id":"https:\/\/vosgesinfo.fr\/epinalinfo\/#organization","name":"Epinal Info","url":"https:\/\/vosgesinfo.fr\/epinalinfo\/","logo":{"@type":"ImageObject","inLanguage":"fr-FR","@id":"https:\/\/vosgesinfo.fr\/epinalinfo\/#\/schema\/logo\/image\/","url":"https:\/\/vosgesinfo.fr\/app\/uploads\/sites\/3\/2023\/08\/logo-epinalinfos.svg","contentUrl":"https:\/\/vosgesinfo.fr\/app\/uploads\/sites\/3\/2023\/08\/logo-epinalinfos.svg","width":1,"height":1,"caption":"Epinal Info"},"image":{"@id":"https:\/\/vosgesinfo.fr\/epinalinfo\/#\/schema\/logo\/image\/"},"sameAs":["https:\/\/www.facebook.com\/Epinalinfos","https:\/\/x.com\/VosgesInfo88","https:\/\/www.youtube.com\/@vosgesinfo"]},{"@type":"Person","@id":"https:\/\/vosgesinfo.fr\/epinalinfo\/#\/schema\/person\/6f9a650eeea99d969b6c4ab78fccbe81","name":"C.K.","image":{"@type":"ImageObject","inLanguage":"fr-FR","@id":"https:\/\/vosgesinfo.fr\/epinalinfo\/#\/schema\/person\/image\/","url":"https:\/\/secure.gravatar.com\/avatar\/48e3fc7f8421ba8942be6b74a2b7f014ca39bc00dece156b7a8e098ae7dc87bf?s=96&d=mm&r=g","contentUrl":"https:\/\/secure.gravatar.com\/avatar\/48e3fc7f8421ba8942be6b74a2b7f014ca39bc00dece156b7a8e098ae7dc87bf?s=96&d=mm&r=g","caption":"C.K."},"url":"https:\/\/vosgesinfo.fr\/epinalinfo\/author\/celia-k-n\/"}]}},"_links":{"self":[{"href":"https:\/\/vosgesinfo.fr\/epinalinfo\/wp-json\/wp\/v2\/posts\/133164","targetHints":{"allow":["GET"]}}],"collection":[{"href":"https:\/\/vosgesinfo.fr\/epinalinfo\/wp-json\/wp\/v2\/posts"}],"about":[{"href":"https:\/\/vosgesinfo.fr\/epinalinfo\/wp-json\/wp\/v2\/types\/post"}],"author":[{"embeddable":true,"href":"https:\/\/vosgesinfo.fr\/epinalinfo\/wp-json\/wp\/v2\/users\/52"}],"replies":[{"embeddable":true,"href":"https:\/\/vosgesinfo.fr\/epinalinfo\/wp-json\/wp\/v2\/comments?post=133164"}],"version-history":[{"count":1,"href":"https:\/\/vosgesinfo.fr\/epinalinfo\/wp-json\/wp\/v2\/posts\/133164\/revisions"}],"predecessor-version":[{"id":133165,"href":"https:\/\/vosgesinfo.fr\/epinalinfo\/wp-json\/wp\/v2\/posts\/133164\/revisions\/133165"}],"wp:featuredmedia":[{"embeddable":true,"href":"https:\/\/vosgesinfo.fr\/epinalinfo\/wp-json\/wp\/v2\/media\/123942"}],"wp:attachment":[{"href":"https:\/\/vosgesinfo.fr\/epinalinfo\/wp-json\/wp\/v2\/media?parent=133164"}],"wp:term":[{"taxonomy":"category","embeddable":true,"href":"https:\/\/vosgesinfo.fr\/epinalinfo\/wp-json\/wp\/v2\/categories?post=133164"},{"taxonomy":"post_tag","embeddable":true,"href":"https:\/\/vosgesinfo.fr\/epinalinfo\/wp-json\/wp\/v2\/tags?post=133164"}],"curies":[{"name":"wp","href":"https:\/\/api.w.org\/{rel}","templated":true}]}}