{"id":133166,"date":"2025-06-24T10:40:26","date_gmt":"2025-06-24T08:40:26","guid":{"rendered":"https:\/\/vosgesinfo.fr\/epinalinfo\/?p=133166"},"modified":"2025-06-24T10:32:51","modified_gmt":"2025-06-24T08:32:51","slug":"une-toile-pour-tous-le-cinema-itinerant-arrive-dans-lagglo","status":"publish","type":"post","link":"https:\/\/vosgesinfo.fr\/epinalinfo\/2025\/06\/une-toile-pour-tous-le-cinema-itinerant-arrive-dans-lagglo\/","title":{"rendered":"Une toile pour tous : le cin\u00e9ma itin\u00e9rant arrive dans l\u2019agglo !"},"content":{"rendered":"<h2 data-start=\"190\" data-end=\"575\"><strong><a href=\"https:\/\/vosgesinfo.fr\/app\/uploads\/sites\/3\/2025\/06\/cinema-pop-corn.jpg\"><img decoding=\"async\" class=\"aligncenter size-full wp-image-133167\" src=\"https:\/\/vosgesinfo.fr\/app\/uploads\/sites\/3\/2025\/06\/cinema-pop-corn.jpg\" alt=\"\" width=\"960\" height=\"720\" srcset=\"https:\/\/vosgesinfo.fr\/app\/uploads\/sites\/3\/2025\/06\/cinema-pop-corn.jpg 960w, https:\/\/vosgesinfo.fr\/app\/uploads\/sites\/3\/2025\/06\/cinema-pop-corn-300x225.jpg 300w, https:\/\/vosgesinfo.fr\/app\/uploads\/sites\/3\/2025\/06\/cinema-pop-corn-768x576.jpg 768w\" sizes=\"(max-width: 960px) 100vw, 960px\" \/><\/a>Face \u00e0 une offre cin\u00e9matographique encore in\u00e9gale sur son territoire, la communaut\u00e9 d\u2019agglom\u00e9ration d\u2019\u00c9pinal a d\u00e9cid\u00e9 de franchir une nouvelle \u00e9tape en faveur de l\u2019acc\u00e8s \u00e0 la culture pour tous : la mise en place imminente d\u2019un service de cin\u00e9ma itin\u00e9rant, capable d\u2019amener la toile jusque dans les communes les plus \u00e9loign\u00e9es des centres urbains.<\/strong><\/h2>\n<h3 data-start=\"577\" data-end=\"619\"><strong data-start=\"581\" data-end=\"619\">Un territoire in\u00e9galement desservi<\/strong><\/h3>\n<p data-start=\"621\" data-end=\"1063\">Aujourd\u2019hui, hors du complexe Cin\u00e9s Palace d\u2019\u00c9pinal, l\u2019offre de salles de projection reste limit\u00e9e sur l\u2019ensemble du territoire intercommunal. Si le cin\u00e9ma Cin\u00e9v\u00f4g\u00e9 situ\u00e9 \u00e0 La V\u00f4ge-les-Bains constitue un point d\u2019ancrage culturel fort \u2013 avec une programmation hebdomadaire assur\u00e9e par les Cin\u00e9s Palace dans la salle des f\u00eates mise \u00e0 disposition par la commune \u2013 beaucoup d\u2019autres communes restent sans acc\u00e8s r\u00e9gulier au cin\u00e9ma.<\/p>\n<p data-start=\"1065\" data-end=\"1349\">Le CRAVLOR (Centre R\u00e9gional Audio-Visuel de Lorraine), pilot\u00e9 par la Ligue de l\u2019Enseignement, propose d\u00e9j\u00e0 des s\u00e9ances ponctuelles dans certaines communes comme Ch\u00e2tel-sur-Moselle, Girancourt ou Xertigny, mais ces interventions restent limit\u00e9es en nombre et en r\u00e9gularit\u00e9.<\/p>\n<h3 data-start=\"1351\" data-end=\"1400\"><strong data-start=\"1355\" data-end=\"1400\">Une toile nomade au service des habitants<\/strong><\/h3>\n<p data-start=\"1402\" data-end=\"1750\">Pour r\u00e9pondre \u00e0 ces disparit\u00e9s, l\u2019agglom\u00e9ration s\u2019appr\u00eate \u00e0 lancer un dispositif de cin\u00e9ma itin\u00e9rant, appel\u00e9 \u00e0 se d\u00e9ployer dans les communes volontaires. Ce projet vise \u00e0 couvrir l\u2019ensemble des bassins de vie, en s\u2019appuyant sur une programmation professionnelle, des projections de qualit\u00e9 et un calendrier adaptable aux besoins locaux.<\/p>\n<p data-start=\"1752\" data-end=\"1965\">Cette \u00ab toile nomade \u00bb devrait circuler sur tout le territoire, en s\u2019installant dans des salles communales, gymnases ou espaces polyvalents, offrant ainsi une exp\u00e9rience cin\u00e9matographique de proximit\u00e9.<\/p>\n","protected":false},"excerpt":{"rendered":"<p>Face \u00e0 une offre cin\u00e9matographique encore in\u00e9gale sur son territoire, la communaut\u00e9 d\u2019agglom\u00e9ration d\u2019\u00c9pinal a d\u00e9cid\u00e9 de franchir une nouvelle [&hellip;]<\/p>\n","protected":false},"author":52,"featured_media":133167,"comment_status":"open","ping_status":"open","sticky":false,"template":"","format":"standard","meta":{"footnotes":""},"categories":[22,24],"tags":[],"class_list":["post-133166","post","type-post","status-publish","format-standard","has-post-thumbnail","hentry","category-a-la-une","category-epinal"],"acf":[],"yoast_head":"<!-- This site is optimized with the Yoast SEO plugin v22.5 - https:\/\/yoast.com\/wordpress\/plugins\/seo\/ -->\n<title>Une toile pour tous : le cin\u00e9ma itin\u00e9rant arrive dans l\u2019agglo ! - Epinal Info<\/title>\n<meta name=\"robots\" content=\"index, follow, max-snippet:-1, max-image-preview:large, max-video-preview:-1\" \/>\n<link rel=\"canonical\" href=\"https:\/\/vosgesinfo.fr\/epinalinfo\/2025\/06\/une-toile-pour-tous-le-cinema-itinerant-arrive-dans-lagglo\/\" \/>\n<meta name=\"twitter:card\" content=\"summary_large_image\" \/>\n<meta name=\"twitter:title\" content=\"Une toile pour tous : le cin\u00e9ma itin\u00e9rant arrive dans l\u2019agglo ! - Epinal Info\" \/>\n<meta name=\"twitter:description\" content=\"Face \u00e0 une offre cin\u00e9matographique encore in\u00e9gale sur son territoire, la communaut\u00e9 d\u2019agglom\u00e9ration d\u2019\u00c9pinal a d\u00e9cid\u00e9 de franchir une nouvelle [&hellip;]\" \/>\n<meta name=\"twitter:image\" content=\"https:\/\/vosgesinfo.fr\/app\/uploads\/sites\/3\/2025\/06\/cinema-pop-corn.jpg\" \/>\n<meta name=\"twitter:creator\" content=\"@VosgesInfo88\" \/>\n<meta name=\"twitter:site\" content=\"@VosgesInfo88\" \/>\n<meta name=\"twitter:label1\" content=\"\u00c9crit par\" \/>\n\t<meta name=\"twitter:data1\" content=\"C.K.\" \/>\n\t<meta name=\"twitter:label2\" content=\"Dur\u00e9e de lecture estim\u00e9e\" \/>\n\t<meta name=\"twitter:data2\" content=\"1 minute\" \/>\n<script type=\"application\/ld+json\" class=\"yoast-schema-graph\">{\"@context\":\"https:\/\/schema.org\",\"@graph\":[{\"@type\":\"Article\",\"@id\":\"https:\/\/vosgesinfo.fr\/epinalinfo\/2025\/06\/une-toile-pour-tous-le-cinema-itinerant-arrive-dans-lagglo\/#article\",\"isPartOf\":{\"@id\":\"https:\/\/vosgesinfo.fr\/epinalinfo\/2025\/06\/une-toile-pour-tous-le-cinema-itinerant-arrive-dans-lagglo\/\"},\"author\":{\"name\":\"C.K.\",\"@id\":\"https:\/\/vosgesinfo.fr\/epinalinfo\/#\/schema\/person\/6f9a650eeea99d969b6c4ab78fccbe81\"},\"headline\":\"Une toile pour tous : le cin\u00e9ma itin\u00e9rant arrive dans l\u2019agglo !\",\"datePublished\":\"2025-06-24T08:40:26+00:00\",\"dateModified\":\"2025-06-24T08:32:51+00:00\",\"mainEntityOfPage\":{\"@id\":\"https:\/\/vosgesinfo.fr\/epinalinfo\/2025\/06\/une-toile-pour-tous-le-cinema-itinerant-arrive-dans-lagglo\/\"},\"wordCount\":296,\"commentCount\":0,\"publisher\":{\"@id\":\"https:\/\/vosgesinfo.fr\/epinalinfo\/#organization\"},\"image\":{\"@id\":\"https:\/\/vosgesinfo.fr\/epinalinfo\/2025\/06\/une-toile-pour-tous-le-cinema-itinerant-arrive-dans-lagglo\/#primaryimage\"},\"thumbnailUrl\":\"https:\/\/vosgesinfo.fr\/app\/uploads\/sites\/3\/2025\/06\/cinema-pop-corn.jpg\",\"articleSection\":[\"A la Une\",\"Epinal\"],\"inLanguage\":\"fr-FR\",\"potentialAction\":[{\"@type\":\"CommentAction\",\"name\":\"Comment\",\"target\":[\"https:\/\/vosgesinfo.fr\/epinalinfo\/2025\/06\/une-toile-pour-tous-le-cinema-itinerant-arrive-dans-lagglo\/#respond\"]}]},{\"@type\":\"WebPage\",\"@id\":\"https:\/\/vosgesinfo.fr\/epinalinfo\/2025\/06\/une-toile-pour-tous-le-cinema-itinerant-arrive-dans-lagglo\/\",\"url\":\"https:\/\/vosgesinfo.fr\/epinalinfo\/2025\/06\/une-toile-pour-tous-le-cinema-itinerant-arrive-dans-lagglo\/\",\"name\":\"Une toile pour tous : le cin\u00e9ma itin\u00e9rant arrive dans l\u2019agglo ! - Epinal Info\",\"isPartOf\":{\"@id\":\"https:\/\/vosgesinfo.fr\/epinalinfo\/#website\"},\"primaryImageOfPage\":{\"@id\":\"https:\/\/vosgesinfo.fr\/epinalinfo\/2025\/06\/une-toile-pour-tous-le-cinema-itinerant-arrive-dans-lagglo\/#primaryimage\"},\"image\":{\"@id\":\"https:\/\/vosgesinfo.fr\/epinalinfo\/2025\/06\/une-toile-pour-tous-le-cinema-itinerant-arrive-dans-lagglo\/#primaryimage\"},\"thumbnailUrl\":\"https:\/\/vosgesinfo.fr\/app\/uploads\/sites\/3\/2025\/06\/cinema-pop-corn.jpg\",\"datePublished\":\"2025-06-24T08:40:26+00:00\",\"dateModified\":\"2025-06-24T08:32:51+00:00\",\"breadcrumb\":{\"@id\":\"https:\/\/vosgesinfo.fr\/epinalinfo\/2025\/06\/une-toile-pour-tous-le-cinema-itinerant-arrive-dans-lagglo\/#breadcrumb\"},\"inLanguage\":\"fr-FR\",\"potentialAction\":[{\"@type\":\"ReadAction\",\"target\":[\"https:\/\/vosgesinfo.fr\/epinalinfo\/2025\/06\/une-toile-pour-tous-le-cinema-itinerant-arrive-dans-lagglo\/\"]}]},{\"@type\":\"ImageObject\",\"inLanguage\":\"fr-FR\",\"@id\":\"https:\/\/vosgesinfo.fr\/epinalinfo\/2025\/06\/une-toile-pour-tous-le-cinema-itinerant-arrive-dans-lagglo\/#primaryimage\",\"url\":\"https:\/\/vosgesinfo.fr\/app\/uploads\/sites\/3\/2025\/06\/cinema-pop-corn.jpg\",\"contentUrl\":\"https:\/\/vosgesinfo.fr\/app\/uploads\/sites\/3\/2025\/06\/cinema-pop-corn.jpg\",\"width\":960,\"height\":720},{\"@type\":\"BreadcrumbList\",\"@id\":\"https:\/\/vosgesinfo.fr\/epinalinfo\/2025\/06\/une-toile-pour-tous-le-cinema-itinerant-arrive-dans-lagglo\/#breadcrumb\",\"itemListElement\":[{\"@type\":\"ListItem\",\"position\":1,\"name\":\"Home\",\"item\":\"https:\/\/vosgesinfo.fr\/epinalinfo\/\"},{\"@type\":\"ListItem\",\"position\":2,\"name\":\"Une toile pour tous : le cin\u00e9ma itin\u00e9rant arrive dans l\u2019agglo !\"}]},{\"@type\":\"WebSite\",\"@id\":\"https:\/\/vosgesinfo.fr\/epinalinfo\/#website\",\"url\":\"https:\/\/vosgesinfo.fr\/epinalinfo\/\",\"name\":\"Epinal Info\",\"description\":\"Toute l&#039;actualit\u00e9 d&#039;\u00c9pinal\",\"publisher\":{\"@id\":\"https:\/\/vosgesinfo.fr\/epinalinfo\/#organization\"},\"alternateName\":\"Toute l'actualit\u00e9 d'\u00c9pinal\",\"potentialAction\":[{\"@type\":\"SearchAction\",\"target\":{\"@type\":\"EntryPoint\",\"urlTemplate\":\"https:\/\/vosgesinfo.fr\/epinalinfo\/?s={search_term_string}\"},\"query-input\":\"required name=search_term_string\"}],\"inLanguage\":\"fr-FR\"},{\"@type\":\"Organization\",\"@id\":\"https:\/\/vosgesinfo.fr\/epinalinfo\/#organization\",\"name\":\"Epinal Info\",\"url\":\"https:\/\/vosgesinfo.fr\/epinalinfo\/\",\"logo\":{\"@type\":\"ImageObject\",\"inLanguage\":\"fr-FR\",\"@id\":\"https:\/\/vosgesinfo.fr\/epinalinfo\/#\/schema\/logo\/image\/\",\"url\":\"https:\/\/vosgesinfo.fr\/app\/uploads\/sites\/3\/2023\/08\/logo-epinalinfos.svg\",\"contentUrl\":\"https:\/\/vosgesinfo.fr\/app\/uploads\/sites\/3\/2023\/08\/logo-epinalinfos.svg\",\"width\":1,\"height\":1,\"caption\":\"Epinal Info\"},\"image\":{\"@id\":\"https:\/\/vosgesinfo.fr\/epinalinfo\/#\/schema\/logo\/image\/\"},\"sameAs\":[\"https:\/\/www.facebook.com\/Epinalinfos\",\"https:\/\/x.com\/VosgesInfo88\",\"https:\/\/www.youtube.com\/@vosgesinfo\"]},{\"@type\":\"Person\",\"@id\":\"https:\/\/vosgesinfo.fr\/epinalinfo\/#\/schema\/person\/6f9a650eeea99d969b6c4ab78fccbe81\",\"name\":\"C.K.\",\"image\":{\"@type\":\"ImageObject\",\"inLanguage\":\"fr-FR\",\"@id\":\"https:\/\/vosgesinfo.fr\/epinalinfo\/#\/schema\/person\/image\/\",\"url\":\"https:\/\/secure.gravatar.com\/avatar\/48e3fc7f8421ba8942be6b74a2b7f014ca39bc00dece156b7a8e098ae7dc87bf?s=96&d=mm&r=g\",\"contentUrl\":\"https:\/\/secure.gravatar.com\/avatar\/48e3fc7f8421ba8942be6b74a2b7f014ca39bc00dece156b7a8e098ae7dc87bf?s=96&d=mm&r=g\",\"caption\":\"C.K.\"},\"url\":\"https:\/\/vosgesinfo.fr\/epinalinfo\/author\/celia-k-n\/\"}]}<\/script>\n<!-- \/ Yoast SEO plugin. -->","yoast_head_json":{"title":"Une toile pour tous : le cin\u00e9ma itin\u00e9rant arrive dans l\u2019agglo ! - Epinal Info","robots":{"index":"index","follow":"follow","max-snippet":"max-snippet:-1","max-image-preview":"max-image-preview:large","max-video-preview":"max-video-preview:-1"},"canonical":"https:\/\/vosgesinfo.fr\/epinalinfo\/2025\/06\/une-toile-pour-tous-le-cinema-itinerant-arrive-dans-lagglo\/","twitter_card":"summary_large_image","twitter_title":"Une toile pour tous : le cin\u00e9ma itin\u00e9rant arrive dans l\u2019agglo ! - Epinal Info","twitter_description":"Face \u00e0 une offre cin\u00e9matographique encore in\u00e9gale sur son territoire, la communaut\u00e9 d\u2019agglom\u00e9ration d\u2019\u00c9pinal a d\u00e9cid\u00e9 de franchir une nouvelle [&hellip;]","twitter_image":"https:\/\/vosgesinfo.fr\/app\/uploads\/sites\/3\/2025\/06\/cinema-pop-corn.jpg","twitter_creator":"@VosgesInfo88","twitter_site":"@VosgesInfo88","twitter_misc":{"\u00c9crit par":"C.K.","Dur\u00e9e de lecture estim\u00e9e":"1 minute"},"schema":{"@context":"https:\/\/schema.org","@graph":[{"@type":"Article","@id":"https:\/\/vosgesinfo.fr\/epinalinfo\/2025\/06\/une-toile-pour-tous-le-cinema-itinerant-arrive-dans-lagglo\/#article","isPartOf":{"@id":"https:\/\/vosgesinfo.fr\/epinalinfo\/2025\/06\/une-toile-pour-tous-le-cinema-itinerant-arrive-dans-lagglo\/"},"author":{"name":"C.K.","@id":"https:\/\/vosgesinfo.fr\/epinalinfo\/#\/schema\/person\/6f9a650eeea99d969b6c4ab78fccbe81"},"headline":"Une toile pour tous : le cin\u00e9ma itin\u00e9rant arrive dans l\u2019agglo !","datePublished":"2025-06-24T08:40:26+00:00","dateModified":"2025-06-24T08:32:51+00:00","mainEntityOfPage":{"@id":"https:\/\/vosgesinfo.fr\/epinalinfo\/2025\/06\/une-toile-pour-tous-le-cinema-itinerant-arrive-dans-lagglo\/"},"wordCount":296,"commentCount":0,"publisher":{"@id":"https:\/\/vosgesinfo.fr\/epinalinfo\/#organization"},"image":{"@id":"https:\/\/vosgesinfo.fr\/epinalinfo\/2025\/06\/une-toile-pour-tous-le-cinema-itinerant-arrive-dans-lagglo\/#primaryimage"},"thumbnailUrl":"https:\/\/vosgesinfo.fr\/app\/uploads\/sites\/3\/2025\/06\/cinema-pop-corn.jpg","articleSection":["A la Une","Epinal"],"inLanguage":"fr-FR","potentialAction":[{"@type":"CommentAction","name":"Comment","target":["https:\/\/vosgesinfo.fr\/epinalinfo\/2025\/06\/une-toile-pour-tous-le-cinema-itinerant-arrive-dans-lagglo\/#respond"]}]},{"@type":"WebPage","@id":"https:\/\/vosgesinfo.fr\/epinalinfo\/2025\/06\/une-toile-pour-tous-le-cinema-itinerant-arrive-dans-lagglo\/","url":"https:\/\/vosgesinfo.fr\/epinalinfo\/2025\/06\/une-toile-pour-tous-le-cinema-itinerant-arrive-dans-lagglo\/","name":"Une toile pour tous : le cin\u00e9ma itin\u00e9rant arrive dans l\u2019agglo ! - Epinal Info","isPartOf":{"@id":"https:\/\/vosgesinfo.fr\/epinalinfo\/#website"},"primaryImageOfPage":{"@id":"https:\/\/vosgesinfo.fr\/epinalinfo\/2025\/06\/une-toile-pour-tous-le-cinema-itinerant-arrive-dans-lagglo\/#primaryimage"},"image":{"@id":"https:\/\/vosgesinfo.fr\/epinalinfo\/2025\/06\/une-toile-pour-tous-le-cinema-itinerant-arrive-dans-lagglo\/#primaryimage"},"thumbnailUrl":"https:\/\/vosgesinfo.fr\/app\/uploads\/sites\/3\/2025\/06\/cinema-pop-corn.jpg","datePublished":"2025-06-24T08:40:26+00:00","dateModified":"2025-06-24T08:32:51+00:00","breadcrumb":{"@id":"https:\/\/vosgesinfo.fr\/epinalinfo\/2025\/06\/une-toile-pour-tous-le-cinema-itinerant-arrive-dans-lagglo\/#breadcrumb"},"inLanguage":"fr-FR","potentialAction":[{"@type":"ReadAction","target":["https:\/\/vosgesinfo.fr\/epinalinfo\/2025\/06\/une-toile-pour-tous-le-cinema-itinerant-arrive-dans-lagglo\/"]}]},{"@type":"ImageObject","inLanguage":"fr-FR","@id":"https:\/\/vosgesinfo.fr\/epinalinfo\/2025\/06\/une-toile-pour-tous-le-cinema-itinerant-arrive-dans-lagglo\/#primaryimage","url":"https:\/\/vosgesinfo.fr\/app\/uploads\/sites\/3\/2025\/06\/cinema-pop-corn.jpg","contentUrl":"https:\/\/vosgesinfo.fr\/app\/uploads\/sites\/3\/2025\/06\/cinema-pop-corn.jpg","width":960,"height":720},{"@type":"BreadcrumbList","@id":"https:\/\/vosgesinfo.fr\/epinalinfo\/2025\/06\/une-toile-pour-tous-le-cinema-itinerant-arrive-dans-lagglo\/#breadcrumb","itemListElement":[{"@type":"ListItem","position":1,"name":"Home","item":"https:\/\/vosgesinfo.fr\/epinalinfo\/"},{"@type":"ListItem","position":2,"name":"Une toile pour tous : le cin\u00e9ma itin\u00e9rant arrive dans l\u2019agglo !"}]},{"@type":"WebSite","@id":"https:\/\/vosgesinfo.fr\/epinalinfo\/#website","url":"https:\/\/vosgesinfo.fr\/epinalinfo\/","name":"Epinal Info","description":"Toute l&#039;actualit\u00e9 d&#039;\u00c9pinal","publisher":{"@id":"https:\/\/vosgesinfo.fr\/epinalinfo\/#organization"},"alternateName":"Toute l'actualit\u00e9 d'\u00c9pinal","potentialAction":[{"@type":"SearchAction","target":{"@type":"EntryPoint","urlTemplate":"https:\/\/vosgesinfo.fr\/epinalinfo\/?s={search_term_string}"},"query-input":"required name=search_term_string"}],"inLanguage":"fr-FR"},{"@type":"Organization","@id":"https:\/\/vosgesinfo.fr\/epinalinfo\/#organization","name":"Epinal Info","url":"https:\/\/vosgesinfo.fr\/epinalinfo\/","logo":{"@type":"ImageObject","inLanguage":"fr-FR","@id":"https:\/\/vosgesinfo.fr\/epinalinfo\/#\/schema\/logo\/image\/","url":"https:\/\/vosgesinfo.fr\/app\/uploads\/sites\/3\/2023\/08\/logo-epinalinfos.svg","contentUrl":"https:\/\/vosgesinfo.fr\/app\/uploads\/sites\/3\/2023\/08\/logo-epinalinfos.svg","width":1,"height":1,"caption":"Epinal Info"},"image":{"@id":"https:\/\/vosgesinfo.fr\/epinalinfo\/#\/schema\/logo\/image\/"},"sameAs":["https:\/\/www.facebook.com\/Epinalinfos","https:\/\/x.com\/VosgesInfo88","https:\/\/www.youtube.com\/@vosgesinfo"]},{"@type":"Person","@id":"https:\/\/vosgesinfo.fr\/epinalinfo\/#\/schema\/person\/6f9a650eeea99d969b6c4ab78fccbe81","name":"C.K.","image":{"@type":"ImageObject","inLanguage":"fr-FR","@id":"https:\/\/vosgesinfo.fr\/epinalinfo\/#\/schema\/person\/image\/","url":"https:\/\/secure.gravatar.com\/avatar\/48e3fc7f8421ba8942be6b74a2b7f014ca39bc00dece156b7a8e098ae7dc87bf?s=96&d=mm&r=g","contentUrl":"https:\/\/secure.gravatar.com\/avatar\/48e3fc7f8421ba8942be6b74a2b7f014ca39bc00dece156b7a8e098ae7dc87bf?s=96&d=mm&r=g","caption":"C.K."},"url":"https:\/\/vosgesinfo.fr\/epinalinfo\/author\/celia-k-n\/"}]}},"_links":{"self":[{"href":"https:\/\/vosgesinfo.fr\/epinalinfo\/wp-json\/wp\/v2\/posts\/133166","targetHints":{"allow":["GET"]}}],"collection":[{"href":"https:\/\/vosgesinfo.fr\/epinalinfo\/wp-json\/wp\/v2\/posts"}],"about":[{"href":"https:\/\/vosgesinfo.fr\/epinalinfo\/wp-json\/wp\/v2\/types\/post"}],"author":[{"embeddable":true,"href":"https:\/\/vosgesinfo.fr\/epinalinfo\/wp-json\/wp\/v2\/users\/52"}],"replies":[{"embeddable":true,"href":"https:\/\/vosgesinfo.fr\/epinalinfo\/wp-json\/wp\/v2\/comments?post=133166"}],"version-history":[{"count":1,"href":"https:\/\/vosgesinfo.fr\/epinalinfo\/wp-json\/wp\/v2\/posts\/133166\/revisions"}],"predecessor-version":[{"id":133168,"href":"https:\/\/vosgesinfo.fr\/epinalinfo\/wp-json\/wp\/v2\/posts\/133166\/revisions\/133168"}],"wp:featuredmedia":[{"embeddable":true,"href":"https:\/\/vosgesinfo.fr\/epinalinfo\/wp-json\/wp\/v2\/media\/133167"}],"wp:attachment":[{"href":"https:\/\/vosgesinfo.fr\/epinalinfo\/wp-json\/wp\/v2\/media?parent=133166"}],"wp:term":[{"taxonomy":"category","embeddable":true,"href":"https:\/\/vosgesinfo.fr\/epinalinfo\/wp-json\/wp\/v2\/categories?post=133166"},{"taxonomy":"post_tag","embeddable":true,"href":"https:\/\/vosgesinfo.fr\/epinalinfo\/wp-json\/wp\/v2\/tags?post=133166"}],"curies":[{"name":"wp","href":"https:\/\/api.w.org\/{rel}","templated":true}]}}