{"id":133173,"date":"2025-06-24T14:00:30","date_gmt":"2025-06-24T12:00:30","guid":{"rendered":"https:\/\/vosgesinfo.fr\/epinalinfo\/?p=133173"},"modified":"2025-06-24T13:53:38","modified_gmt":"2025-06-24T11:53:38","slug":"la-prefete-des-vosges-apprentie-dun-jour-au-cfa-de-roville-aux-chenes","status":"publish","type":"post","link":"https:\/\/vosgesinfo.fr\/epinalinfo\/2025\/06\/la-prefete-des-vosges-apprentie-dun-jour-au-cfa-de-roville-aux-chenes\/","title":{"rendered":"La Pr\u00e9f\u00e8te des Vosges \u00ab Apprentie d\u2019un jour \u00bb au CFA de Roville-aux-Ch\u00eanes"},"content":{"rendered":"<div id=\"attachment_133174\" style=\"width: 2058px\" class=\"wp-caption aligncenter\"><a href=\"https:\/\/vosgesinfo.fr\/app\/uploads\/sites\/3\/2025\/06\/511664493-1031311855814553-6478092219875084825-n.jpg\"><img decoding=\"async\" aria-describedby=\"caption-attachment-133174\" class=\"size-full wp-image-133174\" src=\"https:\/\/vosgesinfo.fr\/app\/uploads\/sites\/3\/2025\/06\/511664493-1031311855814553-6478092219875084825-n.jpg\" alt=\"\" width=\"2048\" height=\"1536\" srcset=\"https:\/\/vosgesinfo.fr\/app\/uploads\/sites\/3\/2025\/06\/511664493-1031311855814553-6478092219875084825-n.jpg 2048w, https:\/\/vosgesinfo.fr\/app\/uploads\/sites\/3\/2025\/06\/511664493-1031311855814553-6478092219875084825-n-300x225.jpg 300w, https:\/\/vosgesinfo.fr\/app\/uploads\/sites\/3\/2025\/06\/511664493-1031311855814553-6478092219875084825-n-1024x768.jpg 1024w, https:\/\/vosgesinfo.fr\/app\/uploads\/sites\/3\/2025\/06\/511664493-1031311855814553-6478092219875084825-n-768x576.jpg 768w, https:\/\/vosgesinfo.fr\/app\/uploads\/sites\/3\/2025\/06\/511664493-1031311855814553-6478092219875084825-n-1536x1152.jpg 1536w\" sizes=\"(max-width: 2048px) 100vw, 2048px\" \/><\/a><p id=\"caption-attachment-133174\" class=\"wp-caption-text\">photo Pr\u00e9fecture des Vosges<\/p><\/div>\n<h2 data-start=\"182\" data-end=\"642\">Ce matin, dans une ambiance \u00e0 la fois studieuse et conviviale, la Pr\u00e9f\u00e8te des Vosges, Val\u00e9rie Michel-Moreaux, a troqu\u00e9 son uniforme officiel pour celui d\u2019une apprentie fleuriste et paysagiste. Accueillie au Centre de Formation d\u2019Apprentis (CFA) de Roville-aux-Ch\u00eanes, elle s\u2019est pr\u00eat\u00e9e au jeu de l\u2019immersion dans les m\u00e9tiers de l\u2019artisanat, \u00e0 l\u2019occasion de l\u2019op\u00e9ration \u00ab Apprenti d\u2019un jour \u00bb port\u00e9e par l\u2019U2P Vosges (Union des entreprises de proximit\u00e9).<\/h2>\n<p data-start=\"644\" data-end=\"1069\">Tout au long de la matin\u00e9e, la Pr\u00e9f\u00e8te a d\u00e9couvert les gestes techniques et les savoir-faire que requi\u00e8rent ces m\u00e9tiers exigeants. Accompagn\u00e9e par des formateurs et de jeunes apprentis passionn\u00e9s, elle a mis la main \u00e0 la p\u00e2te, entre composition florale et am\u00e9nagement paysager. L\u2019objectif : vivre concr\u00e8tement la r\u00e9alit\u00e9 de l\u2019apprentissage et t\u00e9moigner de l\u2019importance de ces formations pour le tissu \u00e9conomique local.<\/p>\n<p data-start=\"1071\" data-end=\"1434\">Cette immersion vise \u00e0 mettre en lumi\u00e8re la richesse des m\u00e9tiers de proximit\u00e9, trop souvent m\u00e9connus, mais pourtant essentiels \u00e0 la vitalit\u00e9 des territoires. En s\u2019investissant personnellement, la pr\u00e9f\u00e8te a souhait\u00e9 souligner le r\u00f4le d\u00e9terminant de l\u2019apprentissage dans l\u2019insertion professionnelle des jeunes et le d\u00e9veloppement des comp\u00e9tences locales.<\/p>\n<p data-start=\"1436\" data-end=\"1648\">L\u2019op\u00e9ration \u00ab Apprenti d\u2019un jour \u00bb illustre ainsi la volont\u00e9 commune des pouvoirs publics et des organisations professionnelles de valoriser l\u2019alternance et de rapprocher les d\u00e9cideurs institutionnels du terrain.<\/p>\n<p data-start=\"1650\" data-end=\"1762\">Une matin\u00e9e riche, empreinte de respect mutuel et d\u2019engagement pour la jeunesse et l\u2019\u00e9conomie de demain.<\/p>\n","protected":false},"excerpt":{"rendered":"<p>Ce matin, dans une ambiance \u00e0 la fois studieuse et conviviale, la Pr\u00e9f\u00e8te des Vosges, Val\u00e9rie Michel-Moreaux, a troqu\u00e9 son [&hellip;]<\/p>\n","protected":false},"author":52,"featured_media":133174,"comment_status":"open","ping_status":"open","sticky":false,"template":"","format":"standard","meta":{"footnotes":""},"categories":[22,24,5],"tags":[1816,75],"class_list":["post-133173","post","type-post","status-publish","format-standard","has-post-thumbnail","hentry","category-a-la-une","category-epinal","category-vosges","tag-cfa-de-roville-aux-chenes","tag-vosges"],"acf":[],"yoast_head":"<!-- This site is optimized with the Yoast SEO plugin v22.5 - https:\/\/yoast.com\/wordpress\/plugins\/seo\/ -->\n<title>La Pr\u00e9f\u00e8te des Vosges \u00ab Apprentie d\u2019un jour \u00bb au CFA de Roville-aux-Ch\u00eanes - Epinal Info<\/title>\n<meta name=\"robots\" content=\"index, follow, max-snippet:-1, max-image-preview:large, max-video-preview:-1\" \/>\n<link rel=\"canonical\" href=\"https:\/\/vosgesinfo.fr\/epinalinfo\/2025\/06\/la-prefete-des-vosges-apprentie-dun-jour-au-cfa-de-roville-aux-chenes\/\" \/>\n<meta name=\"twitter:card\" content=\"summary_large_image\" \/>\n<meta name=\"twitter:title\" content=\"La Pr\u00e9f\u00e8te des Vosges \u00ab Apprentie d\u2019un jour \u00bb au CFA de Roville-aux-Ch\u00eanes - Epinal Info\" \/>\n<meta name=\"twitter:description\" content=\"Ce matin, dans une ambiance \u00e0 la fois studieuse et conviviale, la Pr\u00e9f\u00e8te des Vosges, Val\u00e9rie Michel-Moreaux, a troqu\u00e9 son [&hellip;]\" \/>\n<meta name=\"twitter:image\" content=\"https:\/\/vosgesinfo.fr\/app\/uploads\/sites\/3\/2025\/06\/511664493-1031311855814553-6478092219875084825-n.jpg\" \/>\n<meta name=\"twitter:creator\" content=\"@VosgesInfo88\" \/>\n<meta name=\"twitter:site\" content=\"@VosgesInfo88\" \/>\n<meta name=\"twitter:label1\" content=\"\u00c9crit par\" \/>\n\t<meta name=\"twitter:data1\" content=\"C.K.\" \/>\n\t<meta name=\"twitter:label2\" content=\"Dur\u00e9e de lecture estim\u00e9e\" \/>\n\t<meta name=\"twitter:data2\" content=\"1 minute\" \/>\n<script type=\"application\/ld+json\" class=\"yoast-schema-graph\">{\"@context\":\"https:\/\/schema.org\",\"@graph\":[{\"@type\":\"Article\",\"@id\":\"https:\/\/vosgesinfo.fr\/epinalinfo\/2025\/06\/la-prefete-des-vosges-apprentie-dun-jour-au-cfa-de-roville-aux-chenes\/#article\",\"isPartOf\":{\"@id\":\"https:\/\/vosgesinfo.fr\/epinalinfo\/2025\/06\/la-prefete-des-vosges-apprentie-dun-jour-au-cfa-de-roville-aux-chenes\/\"},\"author\":{\"name\":\"C.K.\",\"@id\":\"https:\/\/vosgesinfo.fr\/epinalinfo\/#\/schema\/person\/6f9a650eeea99d969b6c4ab78fccbe81\"},\"headline\":\"La Pr\u00e9f\u00e8te des Vosges \u00ab Apprentie d\u2019un jour \u00bb au CFA de Roville-aux-Ch\u00eanes\",\"datePublished\":\"2025-06-24T12:00:30+00:00\",\"dateModified\":\"2025-06-24T11:53:38+00:00\",\"mainEntityOfPage\":{\"@id\":\"https:\/\/vosgesinfo.fr\/epinalinfo\/2025\/06\/la-prefete-des-vosges-apprentie-dun-jour-au-cfa-de-roville-aux-chenes\/\"},\"wordCount\":297,\"commentCount\":0,\"publisher\":{\"@id\":\"https:\/\/vosgesinfo.fr\/epinalinfo\/#organization\"},\"image\":{\"@id\":\"https:\/\/vosgesinfo.fr\/epinalinfo\/2025\/06\/la-prefete-des-vosges-apprentie-dun-jour-au-cfa-de-roville-aux-chenes\/#primaryimage\"},\"thumbnailUrl\":\"https:\/\/vosgesinfo.fr\/app\/uploads\/sites\/3\/2025\/06\/511664493-1031311855814553-6478092219875084825-n.jpg\",\"keywords\":[\"CFA de Roville-aux-Ch\u00eanes\",\"vosges\"],\"articleSection\":[\"A la Une\",\"Epinal\",\"Vosges\"],\"inLanguage\":\"fr-FR\",\"potentialAction\":[{\"@type\":\"CommentAction\",\"name\":\"Comment\",\"target\":[\"https:\/\/vosgesinfo.fr\/epinalinfo\/2025\/06\/la-prefete-des-vosges-apprentie-dun-jour-au-cfa-de-roville-aux-chenes\/#respond\"]}]},{\"@type\":\"WebPage\",\"@id\":\"https:\/\/vosgesinfo.fr\/epinalinfo\/2025\/06\/la-prefete-des-vosges-apprentie-dun-jour-au-cfa-de-roville-aux-chenes\/\",\"url\":\"https:\/\/vosgesinfo.fr\/epinalinfo\/2025\/06\/la-prefete-des-vosges-apprentie-dun-jour-au-cfa-de-roville-aux-chenes\/\",\"name\":\"La Pr\u00e9f\u00e8te des Vosges \u00ab Apprentie d\u2019un jour \u00bb au CFA de Roville-aux-Ch\u00eanes - Epinal Info\",\"isPartOf\":{\"@id\":\"https:\/\/vosgesinfo.fr\/epinalinfo\/#website\"},\"primaryImageOfPage\":{\"@id\":\"https:\/\/vosgesinfo.fr\/epinalinfo\/2025\/06\/la-prefete-des-vosges-apprentie-dun-jour-au-cfa-de-roville-aux-chenes\/#primaryimage\"},\"image\":{\"@id\":\"https:\/\/vosgesinfo.fr\/epinalinfo\/2025\/06\/la-prefete-des-vosges-apprentie-dun-jour-au-cfa-de-roville-aux-chenes\/#primaryimage\"},\"thumbnailUrl\":\"https:\/\/vosgesinfo.fr\/app\/uploads\/sites\/3\/2025\/06\/511664493-1031311855814553-6478092219875084825-n.jpg\",\"datePublished\":\"2025-06-24T12:00:30+00:00\",\"dateModified\":\"2025-06-24T11:53:38+00:00\",\"breadcrumb\":{\"@id\":\"https:\/\/vosgesinfo.fr\/epinalinfo\/2025\/06\/la-prefete-des-vosges-apprentie-dun-jour-au-cfa-de-roville-aux-chenes\/#breadcrumb\"},\"inLanguage\":\"fr-FR\",\"potentialAction\":[{\"@type\":\"ReadAction\",\"target\":[\"https:\/\/vosgesinfo.fr\/epinalinfo\/2025\/06\/la-prefete-des-vosges-apprentie-dun-jour-au-cfa-de-roville-aux-chenes\/\"]}]},{\"@type\":\"ImageObject\",\"inLanguage\":\"fr-FR\",\"@id\":\"https:\/\/vosgesinfo.fr\/epinalinfo\/2025\/06\/la-prefete-des-vosges-apprentie-dun-jour-au-cfa-de-roville-aux-chenes\/#primaryimage\",\"url\":\"https:\/\/vosgesinfo.fr\/app\/uploads\/sites\/3\/2025\/06\/511664493-1031311855814553-6478092219875084825-n.jpg\",\"contentUrl\":\"https:\/\/vosgesinfo.fr\/app\/uploads\/sites\/3\/2025\/06\/511664493-1031311855814553-6478092219875084825-n.jpg\",\"width\":2048,\"height\":1536,\"caption\":\"photo Pr\u00e9fecture des Vosges\"},{\"@type\":\"BreadcrumbList\",\"@id\":\"https:\/\/vosgesinfo.fr\/epinalinfo\/2025\/06\/la-prefete-des-vosges-apprentie-dun-jour-au-cfa-de-roville-aux-chenes\/#breadcrumb\",\"itemListElement\":[{\"@type\":\"ListItem\",\"position\":1,\"name\":\"Home\",\"item\":\"https:\/\/vosgesinfo.fr\/epinalinfo\/\"},{\"@type\":\"ListItem\",\"position\":2,\"name\":\"La Pr\u00e9f\u00e8te des Vosges \u00ab Apprentie d\u2019un jour \u00bb au CFA de Roville-aux-Ch\u00eanes\"}]},{\"@type\":\"WebSite\",\"@id\":\"https:\/\/vosgesinfo.fr\/epinalinfo\/#website\",\"url\":\"https:\/\/vosgesinfo.fr\/epinalinfo\/\",\"name\":\"Epinal Info\",\"description\":\"Toute l&#039;actualit\u00e9 d&#039;\u00c9pinal\",\"publisher\":{\"@id\":\"https:\/\/vosgesinfo.fr\/epinalinfo\/#organization\"},\"alternateName\":\"Toute l'actualit\u00e9 d'\u00c9pinal\",\"potentialAction\":[{\"@type\":\"SearchAction\",\"target\":{\"@type\":\"EntryPoint\",\"urlTemplate\":\"https:\/\/vosgesinfo.fr\/epinalinfo\/?s={search_term_string}\"},\"query-input\":\"required name=search_term_string\"}],\"inLanguage\":\"fr-FR\"},{\"@type\":\"Organization\",\"@id\":\"https:\/\/vosgesinfo.fr\/epinalinfo\/#organization\",\"name\":\"Epinal Info\",\"url\":\"https:\/\/vosgesinfo.fr\/epinalinfo\/\",\"logo\":{\"@type\":\"ImageObject\",\"inLanguage\":\"fr-FR\",\"@id\":\"https:\/\/vosgesinfo.fr\/epinalinfo\/#\/schema\/logo\/image\/\",\"url\":\"https:\/\/vosgesinfo.fr\/app\/uploads\/sites\/3\/2023\/08\/logo-epinalinfos.svg\",\"contentUrl\":\"https:\/\/vosgesinfo.fr\/app\/uploads\/sites\/3\/2023\/08\/logo-epinalinfos.svg\",\"width\":1,\"height\":1,\"caption\":\"Epinal Info\"},\"image\":{\"@id\":\"https:\/\/vosgesinfo.fr\/epinalinfo\/#\/schema\/logo\/image\/\"},\"sameAs\":[\"https:\/\/www.facebook.com\/Epinalinfos\",\"https:\/\/x.com\/VosgesInfo88\",\"https:\/\/www.youtube.com\/@vosgesinfo\"]},{\"@type\":\"Person\",\"@id\":\"https:\/\/vosgesinfo.fr\/epinalinfo\/#\/schema\/person\/6f9a650eeea99d969b6c4ab78fccbe81\",\"name\":\"C.K.\",\"image\":{\"@type\":\"ImageObject\",\"inLanguage\":\"fr-FR\",\"@id\":\"https:\/\/vosgesinfo.fr\/epinalinfo\/#\/schema\/person\/image\/\",\"url\":\"https:\/\/secure.gravatar.com\/avatar\/48e3fc7f8421ba8942be6b74a2b7f014ca39bc00dece156b7a8e098ae7dc87bf?s=96&d=mm&r=g\",\"contentUrl\":\"https:\/\/secure.gravatar.com\/avatar\/48e3fc7f8421ba8942be6b74a2b7f014ca39bc00dece156b7a8e098ae7dc87bf?s=96&d=mm&r=g\",\"caption\":\"C.K.\"},\"url\":\"https:\/\/vosgesinfo.fr\/epinalinfo\/author\/celia-k-n\/\"}]}<\/script>\n<!-- \/ Yoast SEO plugin. -->","yoast_head_json":{"title":"La Pr\u00e9f\u00e8te des Vosges \u00ab Apprentie d\u2019un jour \u00bb au CFA de Roville-aux-Ch\u00eanes - Epinal Info","robots":{"index":"index","follow":"follow","max-snippet":"max-snippet:-1","max-image-preview":"max-image-preview:large","max-video-preview":"max-video-preview:-1"},"canonical":"https:\/\/vosgesinfo.fr\/epinalinfo\/2025\/06\/la-prefete-des-vosges-apprentie-dun-jour-au-cfa-de-roville-aux-chenes\/","twitter_card":"summary_large_image","twitter_title":"La Pr\u00e9f\u00e8te des Vosges \u00ab Apprentie d\u2019un jour \u00bb au CFA de Roville-aux-Ch\u00eanes - Epinal Info","twitter_description":"Ce matin, dans une ambiance \u00e0 la fois studieuse et conviviale, la Pr\u00e9f\u00e8te des Vosges, Val\u00e9rie Michel-Moreaux, a troqu\u00e9 son [&hellip;]","twitter_image":"https:\/\/vosgesinfo.fr\/app\/uploads\/sites\/3\/2025\/06\/511664493-1031311855814553-6478092219875084825-n.jpg","twitter_creator":"@VosgesInfo88","twitter_site":"@VosgesInfo88","twitter_misc":{"\u00c9crit par":"C.K.","Dur\u00e9e de lecture estim\u00e9e":"1 minute"},"schema":{"@context":"https:\/\/schema.org","@graph":[{"@type":"Article","@id":"https:\/\/vosgesinfo.fr\/epinalinfo\/2025\/06\/la-prefete-des-vosges-apprentie-dun-jour-au-cfa-de-roville-aux-chenes\/#article","isPartOf":{"@id":"https:\/\/vosgesinfo.fr\/epinalinfo\/2025\/06\/la-prefete-des-vosges-apprentie-dun-jour-au-cfa-de-roville-aux-chenes\/"},"author":{"name":"C.K.","@id":"https:\/\/vosgesinfo.fr\/epinalinfo\/#\/schema\/person\/6f9a650eeea99d969b6c4ab78fccbe81"},"headline":"La Pr\u00e9f\u00e8te des Vosges \u00ab Apprentie d\u2019un jour \u00bb au CFA de Roville-aux-Ch\u00eanes","datePublished":"2025-06-24T12:00:30+00:00","dateModified":"2025-06-24T11:53:38+00:00","mainEntityOfPage":{"@id":"https:\/\/vosgesinfo.fr\/epinalinfo\/2025\/06\/la-prefete-des-vosges-apprentie-dun-jour-au-cfa-de-roville-aux-chenes\/"},"wordCount":297,"commentCount":0,"publisher":{"@id":"https:\/\/vosgesinfo.fr\/epinalinfo\/#organization"},"image":{"@id":"https:\/\/vosgesinfo.fr\/epinalinfo\/2025\/06\/la-prefete-des-vosges-apprentie-dun-jour-au-cfa-de-roville-aux-chenes\/#primaryimage"},"thumbnailUrl":"https:\/\/vosgesinfo.fr\/app\/uploads\/sites\/3\/2025\/06\/511664493-1031311855814553-6478092219875084825-n.jpg","keywords":["CFA de Roville-aux-Ch\u00eanes","vosges"],"articleSection":["A la Une","Epinal","Vosges"],"inLanguage":"fr-FR","potentialAction":[{"@type":"CommentAction","name":"Comment","target":["https:\/\/vosgesinfo.fr\/epinalinfo\/2025\/06\/la-prefete-des-vosges-apprentie-dun-jour-au-cfa-de-roville-aux-chenes\/#respond"]}]},{"@type":"WebPage","@id":"https:\/\/vosgesinfo.fr\/epinalinfo\/2025\/06\/la-prefete-des-vosges-apprentie-dun-jour-au-cfa-de-roville-aux-chenes\/","url":"https:\/\/vosgesinfo.fr\/epinalinfo\/2025\/06\/la-prefete-des-vosges-apprentie-dun-jour-au-cfa-de-roville-aux-chenes\/","name":"La Pr\u00e9f\u00e8te des Vosges \u00ab Apprentie d\u2019un jour \u00bb au CFA de Roville-aux-Ch\u00eanes - Epinal Info","isPartOf":{"@id":"https:\/\/vosgesinfo.fr\/epinalinfo\/#website"},"primaryImageOfPage":{"@id":"https:\/\/vosgesinfo.fr\/epinalinfo\/2025\/06\/la-prefete-des-vosges-apprentie-dun-jour-au-cfa-de-roville-aux-chenes\/#primaryimage"},"image":{"@id":"https:\/\/vosgesinfo.fr\/epinalinfo\/2025\/06\/la-prefete-des-vosges-apprentie-dun-jour-au-cfa-de-roville-aux-chenes\/#primaryimage"},"thumbnailUrl":"https:\/\/vosgesinfo.fr\/app\/uploads\/sites\/3\/2025\/06\/511664493-1031311855814553-6478092219875084825-n.jpg","datePublished":"2025-06-24T12:00:30+00:00","dateModified":"2025-06-24T11:53:38+00:00","breadcrumb":{"@id":"https:\/\/vosgesinfo.fr\/epinalinfo\/2025\/06\/la-prefete-des-vosges-apprentie-dun-jour-au-cfa-de-roville-aux-chenes\/#breadcrumb"},"inLanguage":"fr-FR","potentialAction":[{"@type":"ReadAction","target":["https:\/\/vosgesinfo.fr\/epinalinfo\/2025\/06\/la-prefete-des-vosges-apprentie-dun-jour-au-cfa-de-roville-aux-chenes\/"]}]},{"@type":"ImageObject","inLanguage":"fr-FR","@id":"https:\/\/vosgesinfo.fr\/epinalinfo\/2025\/06\/la-prefete-des-vosges-apprentie-dun-jour-au-cfa-de-roville-aux-chenes\/#primaryimage","url":"https:\/\/vosgesinfo.fr\/app\/uploads\/sites\/3\/2025\/06\/511664493-1031311855814553-6478092219875084825-n.jpg","contentUrl":"https:\/\/vosgesinfo.fr\/app\/uploads\/sites\/3\/2025\/06\/511664493-1031311855814553-6478092219875084825-n.jpg","width":2048,"height":1536,"caption":"photo Pr\u00e9fecture des Vosges"},{"@type":"BreadcrumbList","@id":"https:\/\/vosgesinfo.fr\/epinalinfo\/2025\/06\/la-prefete-des-vosges-apprentie-dun-jour-au-cfa-de-roville-aux-chenes\/#breadcrumb","itemListElement":[{"@type":"ListItem","position":1,"name":"Home","item":"https:\/\/vosgesinfo.fr\/epinalinfo\/"},{"@type":"ListItem","position":2,"name":"La Pr\u00e9f\u00e8te des Vosges \u00ab Apprentie d\u2019un jour \u00bb au CFA de Roville-aux-Ch\u00eanes"}]},{"@type":"WebSite","@id":"https:\/\/vosgesinfo.fr\/epinalinfo\/#website","url":"https:\/\/vosgesinfo.fr\/epinalinfo\/","name":"Epinal Info","description":"Toute l&#039;actualit\u00e9 d&#039;\u00c9pinal","publisher":{"@id":"https:\/\/vosgesinfo.fr\/epinalinfo\/#organization"},"alternateName":"Toute l'actualit\u00e9 d'\u00c9pinal","potentialAction":[{"@type":"SearchAction","target":{"@type":"EntryPoint","urlTemplate":"https:\/\/vosgesinfo.fr\/epinalinfo\/?s={search_term_string}"},"query-input":"required name=search_term_string"}],"inLanguage":"fr-FR"},{"@type":"Organization","@id":"https:\/\/vosgesinfo.fr\/epinalinfo\/#organization","name":"Epinal Info","url":"https:\/\/vosgesinfo.fr\/epinalinfo\/","logo":{"@type":"ImageObject","inLanguage":"fr-FR","@id":"https:\/\/vosgesinfo.fr\/epinalinfo\/#\/schema\/logo\/image\/","url":"https:\/\/vosgesinfo.fr\/app\/uploads\/sites\/3\/2023\/08\/logo-epinalinfos.svg","contentUrl":"https:\/\/vosgesinfo.fr\/app\/uploads\/sites\/3\/2023\/08\/logo-epinalinfos.svg","width":1,"height":1,"caption":"Epinal Info"},"image":{"@id":"https:\/\/vosgesinfo.fr\/epinalinfo\/#\/schema\/logo\/image\/"},"sameAs":["https:\/\/www.facebook.com\/Epinalinfos","https:\/\/x.com\/VosgesInfo88","https:\/\/www.youtube.com\/@vosgesinfo"]},{"@type":"Person","@id":"https:\/\/vosgesinfo.fr\/epinalinfo\/#\/schema\/person\/6f9a650eeea99d969b6c4ab78fccbe81","name":"C.K.","image":{"@type":"ImageObject","inLanguage":"fr-FR","@id":"https:\/\/vosgesinfo.fr\/epinalinfo\/#\/schema\/person\/image\/","url":"https:\/\/secure.gravatar.com\/avatar\/48e3fc7f8421ba8942be6b74a2b7f014ca39bc00dece156b7a8e098ae7dc87bf?s=96&d=mm&r=g","contentUrl":"https:\/\/secure.gravatar.com\/avatar\/48e3fc7f8421ba8942be6b74a2b7f014ca39bc00dece156b7a8e098ae7dc87bf?s=96&d=mm&r=g","caption":"C.K."},"url":"https:\/\/vosgesinfo.fr\/epinalinfo\/author\/celia-k-n\/"}]}},"_links":{"self":[{"href":"https:\/\/vosgesinfo.fr\/epinalinfo\/wp-json\/wp\/v2\/posts\/133173","targetHints":{"allow":["GET"]}}],"collection":[{"href":"https:\/\/vosgesinfo.fr\/epinalinfo\/wp-json\/wp\/v2\/posts"}],"about":[{"href":"https:\/\/vosgesinfo.fr\/epinalinfo\/wp-json\/wp\/v2\/types\/post"}],"author":[{"embeddable":true,"href":"https:\/\/vosgesinfo.fr\/epinalinfo\/wp-json\/wp\/v2\/users\/52"}],"replies":[{"embeddable":true,"href":"https:\/\/vosgesinfo.fr\/epinalinfo\/wp-json\/wp\/v2\/comments?post=133173"}],"version-history":[{"count":1,"href":"https:\/\/vosgesinfo.fr\/epinalinfo\/wp-json\/wp\/v2\/posts\/133173\/revisions"}],"predecessor-version":[{"id":133175,"href":"https:\/\/vosgesinfo.fr\/epinalinfo\/wp-json\/wp\/v2\/posts\/133173\/revisions\/133175"}],"wp:featuredmedia":[{"embeddable":true,"href":"https:\/\/vosgesinfo.fr\/epinalinfo\/wp-json\/wp\/v2\/media\/133174"}],"wp:attachment":[{"href":"https:\/\/vosgesinfo.fr\/epinalinfo\/wp-json\/wp\/v2\/media?parent=133173"}],"wp:term":[{"taxonomy":"category","embeddable":true,"href":"https:\/\/vosgesinfo.fr\/epinalinfo\/wp-json\/wp\/v2\/categories?post=133173"},{"taxonomy":"post_tag","embeddable":true,"href":"https:\/\/vosgesinfo.fr\/epinalinfo\/wp-json\/wp\/v2\/tags?post=133173"}],"curies":[{"name":"wp","href":"https:\/\/api.w.org\/{rel}","templated":true}]}}