{"id":133195,"date":"2025-06-25T11:20:42","date_gmt":"2025-06-25T09:20:42","guid":{"rendered":"https:\/\/vosgesinfo.fr\/epinalinfo\/?p=133195"},"modified":"2025-06-25T11:18:01","modified_gmt":"2025-06-25T09:18:01","slug":"concert-a-epinal-une-pause-musicale-dete-avec-le-choeur-micrologus","status":"publish","type":"post","link":"https:\/\/vosgesinfo.fr\/epinalinfo\/2025\/06\/concert-a-epinal-une-pause-musicale-dete-avec-le-choeur-micrologus\/","title":{"rendered":"Concert \u00e0 \u00c9pinal : une pause musicale d\u2019\u00e9t\u00e9 avec le Ch\u0153ur Micrologus"},"content":{"rendered":"<p data-start=\"174\" data-end=\"410\"><strong><a href=\"https:\/\/vosgesinfo.fr\/app\/uploads\/sites\/3\/2025\/06\/flyer-juin-2025.png\"><img decoding=\"async\" class=\"aligncenter size-full wp-image-133196\" src=\"https:\/\/vosgesinfo.fr\/app\/uploads\/sites\/3\/2025\/06\/flyer-juin-2025.png\" alt=\"\" width=\"1240\" height=\"1748\" srcset=\"https:\/\/vosgesinfo.fr\/app\/uploads\/sites\/3\/2025\/06\/flyer-juin-2025.png 1240w, https:\/\/vosgesinfo.fr\/app\/uploads\/sites\/3\/2025\/06\/flyer-juin-2025-213x300.png 213w, https:\/\/vosgesinfo.fr\/app\/uploads\/sites\/3\/2025\/06\/flyer-juin-2025-726x1024.png 726w, https:\/\/vosgesinfo.fr\/app\/uploads\/sites\/3\/2025\/06\/flyer-juin-2025-768x1083.png 768w, https:\/\/vosgesinfo.fr\/app\/uploads\/sites\/3\/2025\/06\/flyer-juin-2025-1090x1536.png 1090w\" sizes=\"(max-width: 1240px) 100vw, 1240px\" \/><\/a>Ce dimanche 29 juin \u00e0 17h, l\u2019\u00e9glise Notre-Dame-au-Cierge d\u2019\u00c9pinal accueillera un \u00e9v\u00e9nement musical d\u2019exception : le Ch\u0153ur MICROLOGUS vous invite \u00e0 une pause musicale d\u2019\u00e9t\u00e9 plac\u00e9e sous le signe de la diversit\u00e9 et de la modernit\u00e9.<\/strong><\/p>\n<p data-start=\"412\" data-end=\"820\">Accompagn\u00e9 par <strong data-start=\"427\" data-end=\"454\">Benjamin Faure au piano<\/strong> et <strong data-start=\"458\" data-end=\"490\">Constance Claude au hautbois<\/strong>, l\u2019ensemble vocal proposera un programme intitul\u00e9 <strong data-start=\"541\" data-end=\"571\">\u00ab Musiques d\u2019aujourd\u2019hui \u00bb<\/strong>, explorant les compositions contemporaines pour ch\u0153ur sign\u00e9es <strong data-start=\"634\" data-end=\"648\">Ola Gjeilo<\/strong> et <strong data-start=\"652\" data-end=\"668\">Karl Jenkins<\/strong>, deux figures majeures de la musique chorale actuelle. Leur univers, \u00e0 la fois profond, accessible et envo\u00fbtant, promet une exp\u00e9rience auditive unique.<\/p>\n<p data-start=\"822\" data-end=\"1101\">Mais ce n\u2019est pas tout : le concert se poursuivra par un <strong data-start=\"879\" data-end=\"916\">voyage musical \u00e0 travers le monde<\/strong>, \u00e0 la d\u00e9couverte de musiques traditionnelles revisit\u00e9es, aux couleurs chatoyantes et aux rythmes inspirants. Une invitation \u00e0 l\u2019\u00e9vasion, sans quitter les bancs de l\u2019\u00e9glise spinalienne.<\/p>\n<p data-start=\"1103\" data-end=\"1256\">Ce concert marquera \u00e9galement <strong data-start=\"1133\" data-end=\"1188\">la premi\u00e8re apparition du Ch\u0153ur Micrologus \u00e0 \u00c9pinal<\/strong>, une occasion \u00e0 ne pas manquer pour les amateurs de musique vocale.<\/p>\n<p data-start=\"1258\" data-end=\"1282\">\ud83d\udccd <strong data-start=\"1261\" data-end=\"1280\">Infos pratiques<\/strong><\/p>\n<ul data-start=\"1283\" data-end=\"1422\">\n<li data-start=\"1283\" data-end=\"1320\">\n<p data-start=\"1285\" data-end=\"1320\"><strong data-start=\"1285\" data-end=\"1295\">Date :<\/strong> Dimanche 29 juin \u00e0 17h<\/p>\n<\/li>\n<li data-start=\"1321\" data-end=\"1371\">\n<p data-start=\"1323\" data-end=\"1371\"><strong data-start=\"1323\" data-end=\"1333\">Lieu :<\/strong> \u00c9glise Notre-Dame-au-Cierge, \u00c9pinal<\/p>\n<\/li>\n<li data-start=\"1372\" data-end=\"1422\">\n<p data-start=\"1374\" data-end=\"1422\"><strong data-start=\"1374\" data-end=\"1386\">Entr\u00e9e :<\/strong> Libre, avec participation aux frais<\/p>\n<\/li>\n<\/ul>\n<p data-start=\"1424\" data-end=\"1560\">\ud83c\udfb6 \u00c0 noter : un premier concert aura lieu la veille, le <strong data-start=\"1480\" data-end=\"1506\">samedi 28 juin \u00e0 20h30<\/strong> \u00e0 la <strong data-start=\"1512\" data-end=\"1559\">Basilique Saint-Pierre de Luxeuil-les-Bains<\/strong>.<\/p>\n<p data-start=\"1562\" data-end=\"1720\">\n","protected":false},"excerpt":{"rendered":"<p>Ce dimanche 29 juin \u00e0 17h, l\u2019\u00e9glise Notre-Dame-au-Cierge d\u2019\u00c9pinal accueillera un \u00e9v\u00e9nement musical d\u2019exception : le Ch\u0153ur MICROLOGUS vous invite [&hellip;]<\/p>\n","protected":false},"author":52,"featured_media":133196,"comment_status":"open","ping_status":"open","sticky":false,"template":"","format":"standard","meta":{"footnotes":""},"categories":[22,24],"tags":[],"class_list":["post-133195","post","type-post","status-publish","format-standard","has-post-thumbnail","hentry","category-a-la-une","category-epinal"],"acf":[],"yoast_head":"<!-- This site is optimized with the Yoast SEO plugin v22.5 - https:\/\/yoast.com\/wordpress\/plugins\/seo\/ -->\n<title>Concert \u00e0 \u00c9pinal : une pause musicale d\u2019\u00e9t\u00e9 avec le Ch\u0153ur Micrologus - Epinal Info<\/title>\n<meta name=\"robots\" content=\"index, follow, max-snippet:-1, max-image-preview:large, max-video-preview:-1\" \/>\n<link rel=\"canonical\" href=\"https:\/\/vosgesinfo.fr\/epinalinfo\/2025\/06\/concert-a-epinal-une-pause-musicale-dete-avec-le-choeur-micrologus\/\" \/>\n<meta name=\"twitter:card\" content=\"summary_large_image\" \/>\n<meta name=\"twitter:title\" content=\"Concert \u00e0 \u00c9pinal : une pause musicale d\u2019\u00e9t\u00e9 avec le Ch\u0153ur Micrologus - Epinal Info\" \/>\n<meta name=\"twitter:description\" content=\"Ce dimanche 29 juin \u00e0 17h, l\u2019\u00e9glise Notre-Dame-au-Cierge d\u2019\u00c9pinal accueillera un \u00e9v\u00e9nement musical d\u2019exception : le Ch\u0153ur MICROLOGUS vous invite [&hellip;]\" \/>\n<meta name=\"twitter:image\" content=\"https:\/\/vosgesinfo.fr\/app\/uploads\/sites\/3\/2025\/06\/flyer-juin-2025.png\" \/>\n<meta name=\"twitter:creator\" content=\"@VosgesInfo88\" \/>\n<meta name=\"twitter:site\" content=\"@VosgesInfo88\" \/>\n<meta name=\"twitter:label1\" content=\"\u00c9crit par\" \/>\n\t<meta name=\"twitter:data1\" content=\"C.K.\" \/>\n\t<meta name=\"twitter:label2\" content=\"Dur\u00e9e de lecture estim\u00e9e\" \/>\n\t<meta name=\"twitter:data2\" content=\"1 minute\" \/>\n<script type=\"application\/ld+json\" class=\"yoast-schema-graph\">{\"@context\":\"https:\/\/schema.org\",\"@graph\":[{\"@type\":\"Article\",\"@id\":\"https:\/\/vosgesinfo.fr\/epinalinfo\/2025\/06\/concert-a-epinal-une-pause-musicale-dete-avec-le-choeur-micrologus\/#article\",\"isPartOf\":{\"@id\":\"https:\/\/vosgesinfo.fr\/epinalinfo\/2025\/06\/concert-a-epinal-une-pause-musicale-dete-avec-le-choeur-micrologus\/\"},\"author\":{\"name\":\"C.K.\",\"@id\":\"https:\/\/vosgesinfo.fr\/epinalinfo\/#\/schema\/person\/6f9a650eeea99d969b6c4ab78fccbe81\"},\"headline\":\"Concert \u00e0 \u00c9pinal : une pause musicale d\u2019\u00e9t\u00e9 avec le Ch\u0153ur Micrologus\",\"datePublished\":\"2025-06-25T09:20:42+00:00\",\"dateModified\":\"2025-06-25T09:18:01+00:00\",\"mainEntityOfPage\":{\"@id\":\"https:\/\/vosgesinfo.fr\/epinalinfo\/2025\/06\/concert-a-epinal-une-pause-musicale-dete-avec-le-choeur-micrologus\/\"},\"wordCount\":212,\"commentCount\":0,\"publisher\":{\"@id\":\"https:\/\/vosgesinfo.fr\/epinalinfo\/#organization\"},\"image\":{\"@id\":\"https:\/\/vosgesinfo.fr\/epinalinfo\/2025\/06\/concert-a-epinal-une-pause-musicale-dete-avec-le-choeur-micrologus\/#primaryimage\"},\"thumbnailUrl\":\"https:\/\/vosgesinfo.fr\/app\/uploads\/sites\/3\/2025\/06\/flyer-juin-2025.png\",\"articleSection\":[\"A la Une\",\"Epinal\"],\"inLanguage\":\"fr-FR\",\"potentialAction\":[{\"@type\":\"CommentAction\",\"name\":\"Comment\",\"target\":[\"https:\/\/vosgesinfo.fr\/epinalinfo\/2025\/06\/concert-a-epinal-une-pause-musicale-dete-avec-le-choeur-micrologus\/#respond\"]}]},{\"@type\":\"WebPage\",\"@id\":\"https:\/\/vosgesinfo.fr\/epinalinfo\/2025\/06\/concert-a-epinal-une-pause-musicale-dete-avec-le-choeur-micrologus\/\",\"url\":\"https:\/\/vosgesinfo.fr\/epinalinfo\/2025\/06\/concert-a-epinal-une-pause-musicale-dete-avec-le-choeur-micrologus\/\",\"name\":\"Concert \u00e0 \u00c9pinal : une pause musicale d\u2019\u00e9t\u00e9 avec le Ch\u0153ur Micrologus - Epinal Info\",\"isPartOf\":{\"@id\":\"https:\/\/vosgesinfo.fr\/epinalinfo\/#website\"},\"primaryImageOfPage\":{\"@id\":\"https:\/\/vosgesinfo.fr\/epinalinfo\/2025\/06\/concert-a-epinal-une-pause-musicale-dete-avec-le-choeur-micrologus\/#primaryimage\"},\"image\":{\"@id\":\"https:\/\/vosgesinfo.fr\/epinalinfo\/2025\/06\/concert-a-epinal-une-pause-musicale-dete-avec-le-choeur-micrologus\/#primaryimage\"},\"thumbnailUrl\":\"https:\/\/vosgesinfo.fr\/app\/uploads\/sites\/3\/2025\/06\/flyer-juin-2025.png\",\"datePublished\":\"2025-06-25T09:20:42+00:00\",\"dateModified\":\"2025-06-25T09:18:01+00:00\",\"breadcrumb\":{\"@id\":\"https:\/\/vosgesinfo.fr\/epinalinfo\/2025\/06\/concert-a-epinal-une-pause-musicale-dete-avec-le-choeur-micrologus\/#breadcrumb\"},\"inLanguage\":\"fr-FR\",\"potentialAction\":[{\"@type\":\"ReadAction\",\"target\":[\"https:\/\/vosgesinfo.fr\/epinalinfo\/2025\/06\/concert-a-epinal-une-pause-musicale-dete-avec-le-choeur-micrologus\/\"]}]},{\"@type\":\"ImageObject\",\"inLanguage\":\"fr-FR\",\"@id\":\"https:\/\/vosgesinfo.fr\/epinalinfo\/2025\/06\/concert-a-epinal-une-pause-musicale-dete-avec-le-choeur-micrologus\/#primaryimage\",\"url\":\"https:\/\/vosgesinfo.fr\/app\/uploads\/sites\/3\/2025\/06\/flyer-juin-2025.png\",\"contentUrl\":\"https:\/\/vosgesinfo.fr\/app\/uploads\/sites\/3\/2025\/06\/flyer-juin-2025.png\",\"width\":1240,\"height\":1748},{\"@type\":\"BreadcrumbList\",\"@id\":\"https:\/\/vosgesinfo.fr\/epinalinfo\/2025\/06\/concert-a-epinal-une-pause-musicale-dete-avec-le-choeur-micrologus\/#breadcrumb\",\"itemListElement\":[{\"@type\":\"ListItem\",\"position\":1,\"name\":\"Home\",\"item\":\"https:\/\/vosgesinfo.fr\/epinalinfo\/\"},{\"@type\":\"ListItem\",\"position\":2,\"name\":\"Concert \u00e0 \u00c9pinal : une pause musicale d\u2019\u00e9t\u00e9 avec le Ch\u0153ur Micrologus\"}]},{\"@type\":\"WebSite\",\"@id\":\"https:\/\/vosgesinfo.fr\/epinalinfo\/#website\",\"url\":\"https:\/\/vosgesinfo.fr\/epinalinfo\/\",\"name\":\"Epinal Info\",\"description\":\"Toute l&#039;actualit\u00e9 d&#039;\u00c9pinal\",\"publisher\":{\"@id\":\"https:\/\/vosgesinfo.fr\/epinalinfo\/#organization\"},\"alternateName\":\"Toute l'actualit\u00e9 d'\u00c9pinal\",\"potentialAction\":[{\"@type\":\"SearchAction\",\"target\":{\"@type\":\"EntryPoint\",\"urlTemplate\":\"https:\/\/vosgesinfo.fr\/epinalinfo\/?s={search_term_string}\"},\"query-input\":\"required name=search_term_string\"}],\"inLanguage\":\"fr-FR\"},{\"@type\":\"Organization\",\"@id\":\"https:\/\/vosgesinfo.fr\/epinalinfo\/#organization\",\"name\":\"Epinal Info\",\"url\":\"https:\/\/vosgesinfo.fr\/epinalinfo\/\",\"logo\":{\"@type\":\"ImageObject\",\"inLanguage\":\"fr-FR\",\"@id\":\"https:\/\/vosgesinfo.fr\/epinalinfo\/#\/schema\/logo\/image\/\",\"url\":\"https:\/\/vosgesinfo.fr\/app\/uploads\/sites\/3\/2023\/08\/logo-epinalinfos.svg\",\"contentUrl\":\"https:\/\/vosgesinfo.fr\/app\/uploads\/sites\/3\/2023\/08\/logo-epinalinfos.svg\",\"width\":1,\"height\":1,\"caption\":\"Epinal Info\"},\"image\":{\"@id\":\"https:\/\/vosgesinfo.fr\/epinalinfo\/#\/schema\/logo\/image\/\"},\"sameAs\":[\"https:\/\/www.facebook.com\/Epinalinfos\",\"https:\/\/x.com\/VosgesInfo88\",\"https:\/\/www.youtube.com\/@vosgesinfo\"]},{\"@type\":\"Person\",\"@id\":\"https:\/\/vosgesinfo.fr\/epinalinfo\/#\/schema\/person\/6f9a650eeea99d969b6c4ab78fccbe81\",\"name\":\"C.K.\",\"image\":{\"@type\":\"ImageObject\",\"inLanguage\":\"fr-FR\",\"@id\":\"https:\/\/vosgesinfo.fr\/epinalinfo\/#\/schema\/person\/image\/\",\"url\":\"https:\/\/secure.gravatar.com\/avatar\/48e3fc7f8421ba8942be6b74a2b7f014ca39bc00dece156b7a8e098ae7dc87bf?s=96&d=mm&r=g\",\"contentUrl\":\"https:\/\/secure.gravatar.com\/avatar\/48e3fc7f8421ba8942be6b74a2b7f014ca39bc00dece156b7a8e098ae7dc87bf?s=96&d=mm&r=g\",\"caption\":\"C.K.\"},\"url\":\"https:\/\/vosgesinfo.fr\/epinalinfo\/author\/celia-k-n\/\"}]}<\/script>\n<!-- \/ Yoast SEO plugin. -->","yoast_head_json":{"title":"Concert \u00e0 \u00c9pinal : une pause musicale d\u2019\u00e9t\u00e9 avec le Ch\u0153ur Micrologus - Epinal Info","robots":{"index":"index","follow":"follow","max-snippet":"max-snippet:-1","max-image-preview":"max-image-preview:large","max-video-preview":"max-video-preview:-1"},"canonical":"https:\/\/vosgesinfo.fr\/epinalinfo\/2025\/06\/concert-a-epinal-une-pause-musicale-dete-avec-le-choeur-micrologus\/","twitter_card":"summary_large_image","twitter_title":"Concert \u00e0 \u00c9pinal : une pause musicale d\u2019\u00e9t\u00e9 avec le Ch\u0153ur Micrologus - Epinal Info","twitter_description":"Ce dimanche 29 juin \u00e0 17h, l\u2019\u00e9glise Notre-Dame-au-Cierge d\u2019\u00c9pinal accueillera un \u00e9v\u00e9nement musical d\u2019exception : le Ch\u0153ur MICROLOGUS vous invite [&hellip;]","twitter_image":"https:\/\/vosgesinfo.fr\/app\/uploads\/sites\/3\/2025\/06\/flyer-juin-2025.png","twitter_creator":"@VosgesInfo88","twitter_site":"@VosgesInfo88","twitter_misc":{"\u00c9crit par":"C.K.","Dur\u00e9e de lecture estim\u00e9e":"1 minute"},"schema":{"@context":"https:\/\/schema.org","@graph":[{"@type":"Article","@id":"https:\/\/vosgesinfo.fr\/epinalinfo\/2025\/06\/concert-a-epinal-une-pause-musicale-dete-avec-le-choeur-micrologus\/#article","isPartOf":{"@id":"https:\/\/vosgesinfo.fr\/epinalinfo\/2025\/06\/concert-a-epinal-une-pause-musicale-dete-avec-le-choeur-micrologus\/"},"author":{"name":"C.K.","@id":"https:\/\/vosgesinfo.fr\/epinalinfo\/#\/schema\/person\/6f9a650eeea99d969b6c4ab78fccbe81"},"headline":"Concert \u00e0 \u00c9pinal : une pause musicale d\u2019\u00e9t\u00e9 avec le Ch\u0153ur Micrologus","datePublished":"2025-06-25T09:20:42+00:00","dateModified":"2025-06-25T09:18:01+00:00","mainEntityOfPage":{"@id":"https:\/\/vosgesinfo.fr\/epinalinfo\/2025\/06\/concert-a-epinal-une-pause-musicale-dete-avec-le-choeur-micrologus\/"},"wordCount":212,"commentCount":0,"publisher":{"@id":"https:\/\/vosgesinfo.fr\/epinalinfo\/#organization"},"image":{"@id":"https:\/\/vosgesinfo.fr\/epinalinfo\/2025\/06\/concert-a-epinal-une-pause-musicale-dete-avec-le-choeur-micrologus\/#primaryimage"},"thumbnailUrl":"https:\/\/vosgesinfo.fr\/app\/uploads\/sites\/3\/2025\/06\/flyer-juin-2025.png","articleSection":["A la Une","Epinal"],"inLanguage":"fr-FR","potentialAction":[{"@type":"CommentAction","name":"Comment","target":["https:\/\/vosgesinfo.fr\/epinalinfo\/2025\/06\/concert-a-epinal-une-pause-musicale-dete-avec-le-choeur-micrologus\/#respond"]}]},{"@type":"WebPage","@id":"https:\/\/vosgesinfo.fr\/epinalinfo\/2025\/06\/concert-a-epinal-une-pause-musicale-dete-avec-le-choeur-micrologus\/","url":"https:\/\/vosgesinfo.fr\/epinalinfo\/2025\/06\/concert-a-epinal-une-pause-musicale-dete-avec-le-choeur-micrologus\/","name":"Concert \u00e0 \u00c9pinal : une pause musicale d\u2019\u00e9t\u00e9 avec le Ch\u0153ur Micrologus - Epinal Info","isPartOf":{"@id":"https:\/\/vosgesinfo.fr\/epinalinfo\/#website"},"primaryImageOfPage":{"@id":"https:\/\/vosgesinfo.fr\/epinalinfo\/2025\/06\/concert-a-epinal-une-pause-musicale-dete-avec-le-choeur-micrologus\/#primaryimage"},"image":{"@id":"https:\/\/vosgesinfo.fr\/epinalinfo\/2025\/06\/concert-a-epinal-une-pause-musicale-dete-avec-le-choeur-micrologus\/#primaryimage"},"thumbnailUrl":"https:\/\/vosgesinfo.fr\/app\/uploads\/sites\/3\/2025\/06\/flyer-juin-2025.png","datePublished":"2025-06-25T09:20:42+00:00","dateModified":"2025-06-25T09:18:01+00:00","breadcrumb":{"@id":"https:\/\/vosgesinfo.fr\/epinalinfo\/2025\/06\/concert-a-epinal-une-pause-musicale-dete-avec-le-choeur-micrologus\/#breadcrumb"},"inLanguage":"fr-FR","potentialAction":[{"@type":"ReadAction","target":["https:\/\/vosgesinfo.fr\/epinalinfo\/2025\/06\/concert-a-epinal-une-pause-musicale-dete-avec-le-choeur-micrologus\/"]}]},{"@type":"ImageObject","inLanguage":"fr-FR","@id":"https:\/\/vosgesinfo.fr\/epinalinfo\/2025\/06\/concert-a-epinal-une-pause-musicale-dete-avec-le-choeur-micrologus\/#primaryimage","url":"https:\/\/vosgesinfo.fr\/app\/uploads\/sites\/3\/2025\/06\/flyer-juin-2025.png","contentUrl":"https:\/\/vosgesinfo.fr\/app\/uploads\/sites\/3\/2025\/06\/flyer-juin-2025.png","width":1240,"height":1748},{"@type":"BreadcrumbList","@id":"https:\/\/vosgesinfo.fr\/epinalinfo\/2025\/06\/concert-a-epinal-une-pause-musicale-dete-avec-le-choeur-micrologus\/#breadcrumb","itemListElement":[{"@type":"ListItem","position":1,"name":"Home","item":"https:\/\/vosgesinfo.fr\/epinalinfo\/"},{"@type":"ListItem","position":2,"name":"Concert \u00e0 \u00c9pinal : une pause musicale d\u2019\u00e9t\u00e9 avec le Ch\u0153ur Micrologus"}]},{"@type":"WebSite","@id":"https:\/\/vosgesinfo.fr\/epinalinfo\/#website","url":"https:\/\/vosgesinfo.fr\/epinalinfo\/","name":"Epinal Info","description":"Toute l&#039;actualit\u00e9 d&#039;\u00c9pinal","publisher":{"@id":"https:\/\/vosgesinfo.fr\/epinalinfo\/#organization"},"alternateName":"Toute l'actualit\u00e9 d'\u00c9pinal","potentialAction":[{"@type":"SearchAction","target":{"@type":"EntryPoint","urlTemplate":"https:\/\/vosgesinfo.fr\/epinalinfo\/?s={search_term_string}"},"query-input":"required name=search_term_string"}],"inLanguage":"fr-FR"},{"@type":"Organization","@id":"https:\/\/vosgesinfo.fr\/epinalinfo\/#organization","name":"Epinal Info","url":"https:\/\/vosgesinfo.fr\/epinalinfo\/","logo":{"@type":"ImageObject","inLanguage":"fr-FR","@id":"https:\/\/vosgesinfo.fr\/epinalinfo\/#\/schema\/logo\/image\/","url":"https:\/\/vosgesinfo.fr\/app\/uploads\/sites\/3\/2023\/08\/logo-epinalinfos.svg","contentUrl":"https:\/\/vosgesinfo.fr\/app\/uploads\/sites\/3\/2023\/08\/logo-epinalinfos.svg","width":1,"height":1,"caption":"Epinal Info"},"image":{"@id":"https:\/\/vosgesinfo.fr\/epinalinfo\/#\/schema\/logo\/image\/"},"sameAs":["https:\/\/www.facebook.com\/Epinalinfos","https:\/\/x.com\/VosgesInfo88","https:\/\/www.youtube.com\/@vosgesinfo"]},{"@type":"Person","@id":"https:\/\/vosgesinfo.fr\/epinalinfo\/#\/schema\/person\/6f9a650eeea99d969b6c4ab78fccbe81","name":"C.K.","image":{"@type":"ImageObject","inLanguage":"fr-FR","@id":"https:\/\/vosgesinfo.fr\/epinalinfo\/#\/schema\/person\/image\/","url":"https:\/\/secure.gravatar.com\/avatar\/48e3fc7f8421ba8942be6b74a2b7f014ca39bc00dece156b7a8e098ae7dc87bf?s=96&d=mm&r=g","contentUrl":"https:\/\/secure.gravatar.com\/avatar\/48e3fc7f8421ba8942be6b74a2b7f014ca39bc00dece156b7a8e098ae7dc87bf?s=96&d=mm&r=g","caption":"C.K."},"url":"https:\/\/vosgesinfo.fr\/epinalinfo\/author\/celia-k-n\/"}]}},"_links":{"self":[{"href":"https:\/\/vosgesinfo.fr\/epinalinfo\/wp-json\/wp\/v2\/posts\/133195","targetHints":{"allow":["GET"]}}],"collection":[{"href":"https:\/\/vosgesinfo.fr\/epinalinfo\/wp-json\/wp\/v2\/posts"}],"about":[{"href":"https:\/\/vosgesinfo.fr\/epinalinfo\/wp-json\/wp\/v2\/types\/post"}],"author":[{"embeddable":true,"href":"https:\/\/vosgesinfo.fr\/epinalinfo\/wp-json\/wp\/v2\/users\/52"}],"replies":[{"embeddable":true,"href":"https:\/\/vosgesinfo.fr\/epinalinfo\/wp-json\/wp\/v2\/comments?post=133195"}],"version-history":[{"count":1,"href":"https:\/\/vosgesinfo.fr\/epinalinfo\/wp-json\/wp\/v2\/posts\/133195\/revisions"}],"predecessor-version":[{"id":133197,"href":"https:\/\/vosgesinfo.fr\/epinalinfo\/wp-json\/wp\/v2\/posts\/133195\/revisions\/133197"}],"wp:featuredmedia":[{"embeddable":true,"href":"https:\/\/vosgesinfo.fr\/epinalinfo\/wp-json\/wp\/v2\/media\/133196"}],"wp:attachment":[{"href":"https:\/\/vosgesinfo.fr\/epinalinfo\/wp-json\/wp\/v2\/media?parent=133195"}],"wp:term":[{"taxonomy":"category","embeddable":true,"href":"https:\/\/vosgesinfo.fr\/epinalinfo\/wp-json\/wp\/v2\/categories?post=133195"},{"taxonomy":"post_tag","embeddable":true,"href":"https:\/\/vosgesinfo.fr\/epinalinfo\/wp-json\/wp\/v2\/tags?post=133195"}],"curies":[{"name":"wp","href":"https:\/\/api.w.org\/{rel}","templated":true}]}}