{"id":133198,"date":"2025-06-25T11:30:41","date_gmt":"2025-06-25T09:30:41","guid":{"rendered":"https:\/\/vosgesinfo.fr\/epinalinfo\/?p=133198"},"modified":"2025-06-25T11:24:12","modified_gmt":"2025-06-25T09:24:12","slug":"epinal-la-prefecture-des-vosges-recompensee-par-le-prix-territorial-de-la-resilience","status":"publish","type":"post","link":"https:\/\/vosgesinfo.fr\/epinalinfo\/2025\/06\/epinal-la-prefecture-des-vosges-recompensee-par-le-prix-territorial-de-la-resilience\/","title":{"rendered":"\u00c9pinal : la pr\u00e9fecture des Vosges r\u00e9compens\u00e9e par le Prix territorial de la r\u00e9silience"},"content":{"rendered":"<div id=\"attachment_133201\" style=\"width: 2058px\" class=\"wp-caption aligncenter\"><a href=\"https:\/\/vosgesinfo.fr\/app\/uploads\/sites\/3\/2025\/06\/513304176-1031952665750472-6659111246373361148-n.jpg\"><img decoding=\"async\" aria-describedby=\"caption-attachment-133201\" class=\"size-full wp-image-133201\" src=\"https:\/\/vosgesinfo.fr\/app\/uploads\/sites\/3\/2025\/06\/513304176-1031952665750472-6659111246373361148-n.jpg\" alt=\"\" width=\"2048\" height=\"1536\" srcset=\"https:\/\/vosgesinfo.fr\/app\/uploads\/sites\/3\/2025\/06\/513304176-1031952665750472-6659111246373361148-n.jpg 2048w, https:\/\/vosgesinfo.fr\/app\/uploads\/sites\/3\/2025\/06\/513304176-1031952665750472-6659111246373361148-n-300x225.jpg 300w, https:\/\/vosgesinfo.fr\/app\/uploads\/sites\/3\/2025\/06\/513304176-1031952665750472-6659111246373361148-n-1024x768.jpg 1024w, https:\/\/vosgesinfo.fr\/app\/uploads\/sites\/3\/2025\/06\/513304176-1031952665750472-6659111246373361148-n-768x576.jpg 768w, https:\/\/vosgesinfo.fr\/app\/uploads\/sites\/3\/2025\/06\/513304176-1031952665750472-6659111246373361148-n-1536x1152.jpg 1536w\" sizes=\"(max-width: 2048px) 100vw, 2048px\" \/><\/a><p id=\"caption-attachment-133201\" class=\"wp-caption-text\">photo pr\u00e9fecture des vosges<\/p><\/div>\n<h2><strong>Cette semaine, la ville d\u2019\u00c9pinal a accueilli un \u00e9v\u00e9nement marquant : la remise du Prix territorial de la r\u00e9silience \u00e0 la pr\u00e9fecture des Vosges par le pr\u00e9fet de la r\u00e9gion Grand Est. Une distinction qui vient saluer une initiative d\u2019envergure : l\u2019op\u00e9ration R\u00e9silience Vosges 2024, organis\u00e9e \u00e0 Raon-l\u2019\u00c9tape.<\/strong><\/h2>\n<p data-start=\"541\" data-end=\"888\">Ce prix symbolique met en lumi\u00e8re le travail collectif men\u00e9 sur le terrain pour pr\u00e9venir et sensibiliser aux risques majeurs, notamment ceux li\u00e9s aux inondations. L\u2019op\u00e9ration a mobilis\u00e9 plus de 90 professionnels issus de divers horizons : services de l\u2019\u00c9tat, collectivit\u00e9s locales, associations, forces de secours, et citoyens volontaires.<\/p>\n<p data-start=\"890\" data-end=\"949\"><strong data-start=\"890\" data-end=\"949\">Un exercice grandeur nature au service de la pr\u00e9vention<\/strong><\/p>\n<p data-start=\"951\" data-end=\"1305\">R\u00e9silience Vosges 2024 a permis de tester et de renforcer les dispositifs d\u2019alerte et de coordination en cas de crise, tout en impliquant les habitants \u00e0 travers des ateliers et des d\u00e9monstrations p\u00e9dagogiques. Ce type d\u2019initiative r\u00e9pond \u00e0 un enjeu croissant : pr\u00e9parer les territoires \u00e0 faire face aux al\u00e9as climatiques et aux \u00e9v\u00e9nements impr\u00e9visibles.<\/p>\n<p data-start=\"1307\" data-end=\"1598\">Le pr\u00e9fet r\u00e9gional a salu\u00e9 \u00ab l\u2019engagement exemplaire \u00bb des acteurs locaux et la capacit\u00e9 du territoire \u00e0 se mobiliser collectivement. Il a rappel\u00e9 que la r\u00e9silience n\u2019est pas une option, mais une n\u00e9cessit\u00e9, dans un contexte o\u00f9 les \u00e9pisodes climatiques extr\u00eames deviennent plus fr\u00e9quents.<\/p>\n<p data-start=\"1600\" data-end=\"1629\"><strong data-start=\"1600\" data-end=\"1629\">Un travail d\u2019\u00e9quipe salu\u00e9<\/strong><\/p>\n<p data-start=\"1631\" data-end=\"1890\">Bravo aux services engag\u00e9s, aux \u00e9lus locaux, aux associations, et \u00e0 tous les citoyens impliqu\u00e9s dans cette d\u00e9marche. Gr\u00e2ce \u00e0 cet engagement commun, les Vosges renforcent leur capacit\u00e9 \u00e0 anticiper, r\u00e9agir et se relever face \u00e0 l\u2019impr\u00e9visible.<\/p>\n","protected":false},"excerpt":{"rendered":"<p>Cette semaine, la ville d\u2019\u00c9pinal a accueilli un \u00e9v\u00e9nement marquant : la remise du Prix territorial de la r\u00e9silience \u00e0 [&hellip;]<\/p>\n","protected":false},"author":52,"featured_media":133201,"comment_status":"open","ping_status":"open","sticky":false,"template":"","format":"standard","meta":{"footnotes":""},"categories":[22,24,5],"tags":[],"class_list":["post-133198","post","type-post","status-publish","format-standard","has-post-thumbnail","hentry","category-a-la-une","category-epinal","category-vosges"],"acf":[],"yoast_head":"<!-- This site is optimized with the Yoast SEO plugin v22.5 - https:\/\/yoast.com\/wordpress\/plugins\/seo\/ -->\n<title>\u00c9pinal : la pr\u00e9fecture des Vosges r\u00e9compens\u00e9e par le Prix territorial de la r\u00e9silience - Epinal Info<\/title>\n<meta name=\"robots\" content=\"index, follow, max-snippet:-1, max-image-preview:large, max-video-preview:-1\" \/>\n<link rel=\"canonical\" href=\"https:\/\/vosgesinfo.fr\/epinalinfo\/2025\/06\/epinal-la-prefecture-des-vosges-recompensee-par-le-prix-territorial-de-la-resilience\/\" \/>\n<meta name=\"twitter:card\" content=\"summary_large_image\" \/>\n<meta name=\"twitter:title\" content=\"\u00c9pinal : la pr\u00e9fecture des Vosges r\u00e9compens\u00e9e par le Prix territorial de la r\u00e9silience - Epinal Info\" \/>\n<meta name=\"twitter:description\" content=\"Cette semaine, la ville d\u2019\u00c9pinal a accueilli un \u00e9v\u00e9nement marquant : la remise du Prix territorial de la r\u00e9silience \u00e0 [&hellip;]\" \/>\n<meta name=\"twitter:image\" content=\"https:\/\/vosgesinfo.fr\/app\/uploads\/sites\/3\/2025\/06\/513304176-1031952665750472-6659111246373361148-n.jpg\" \/>\n<meta name=\"twitter:creator\" content=\"@VosgesInfo88\" \/>\n<meta name=\"twitter:site\" content=\"@VosgesInfo88\" \/>\n<meta name=\"twitter:label1\" content=\"\u00c9crit par\" \/>\n\t<meta name=\"twitter:data1\" content=\"C.K.\" \/>\n\t<meta name=\"twitter:label2\" content=\"Dur\u00e9e de lecture estim\u00e9e\" \/>\n\t<meta name=\"twitter:data2\" content=\"1 minute\" \/>\n<script type=\"application\/ld+json\" class=\"yoast-schema-graph\">{\"@context\":\"https:\/\/schema.org\",\"@graph\":[{\"@type\":\"Article\",\"@id\":\"https:\/\/vosgesinfo.fr\/epinalinfo\/2025\/06\/epinal-la-prefecture-des-vosges-recompensee-par-le-prix-territorial-de-la-resilience\/#article\",\"isPartOf\":{\"@id\":\"https:\/\/vosgesinfo.fr\/epinalinfo\/2025\/06\/epinal-la-prefecture-des-vosges-recompensee-par-le-prix-territorial-de-la-resilience\/\"},\"author\":{\"name\":\"C.K.\",\"@id\":\"https:\/\/vosgesinfo.fr\/epinalinfo\/#\/schema\/person\/6f9a650eeea99d969b6c4ab78fccbe81\"},\"headline\":\"\u00c9pinal : la pr\u00e9fecture des Vosges r\u00e9compens\u00e9e par le Prix territorial de la r\u00e9silience\",\"datePublished\":\"2025-06-25T09:30:41+00:00\",\"dateModified\":\"2025-06-25T09:24:12+00:00\",\"mainEntityOfPage\":{\"@id\":\"https:\/\/vosgesinfo.fr\/epinalinfo\/2025\/06\/epinal-la-prefecture-des-vosges-recompensee-par-le-prix-territorial-de-la-resilience\/\"},\"wordCount\":303,\"commentCount\":0,\"publisher\":{\"@id\":\"https:\/\/vosgesinfo.fr\/epinalinfo\/#organization\"},\"image\":{\"@id\":\"https:\/\/vosgesinfo.fr\/epinalinfo\/2025\/06\/epinal-la-prefecture-des-vosges-recompensee-par-le-prix-territorial-de-la-resilience\/#primaryimage\"},\"thumbnailUrl\":\"https:\/\/vosgesinfo.fr\/app\/uploads\/sites\/3\/2025\/06\/513304176-1031952665750472-6659111246373361148-n.jpg\",\"articleSection\":[\"A la Une\",\"Epinal\",\"Vosges\"],\"inLanguage\":\"fr-FR\",\"potentialAction\":[{\"@type\":\"CommentAction\",\"name\":\"Comment\",\"target\":[\"https:\/\/vosgesinfo.fr\/epinalinfo\/2025\/06\/epinal-la-prefecture-des-vosges-recompensee-par-le-prix-territorial-de-la-resilience\/#respond\"]}]},{\"@type\":\"WebPage\",\"@id\":\"https:\/\/vosgesinfo.fr\/epinalinfo\/2025\/06\/epinal-la-prefecture-des-vosges-recompensee-par-le-prix-territorial-de-la-resilience\/\",\"url\":\"https:\/\/vosgesinfo.fr\/epinalinfo\/2025\/06\/epinal-la-prefecture-des-vosges-recompensee-par-le-prix-territorial-de-la-resilience\/\",\"name\":\"\u00c9pinal : la pr\u00e9fecture des Vosges r\u00e9compens\u00e9e par le Prix territorial de la r\u00e9silience - Epinal Info\",\"isPartOf\":{\"@id\":\"https:\/\/vosgesinfo.fr\/epinalinfo\/#website\"},\"primaryImageOfPage\":{\"@id\":\"https:\/\/vosgesinfo.fr\/epinalinfo\/2025\/06\/epinal-la-prefecture-des-vosges-recompensee-par-le-prix-territorial-de-la-resilience\/#primaryimage\"},\"image\":{\"@id\":\"https:\/\/vosgesinfo.fr\/epinalinfo\/2025\/06\/epinal-la-prefecture-des-vosges-recompensee-par-le-prix-territorial-de-la-resilience\/#primaryimage\"},\"thumbnailUrl\":\"https:\/\/vosgesinfo.fr\/app\/uploads\/sites\/3\/2025\/06\/513304176-1031952665750472-6659111246373361148-n.jpg\",\"datePublished\":\"2025-06-25T09:30:41+00:00\",\"dateModified\":\"2025-06-25T09:24:12+00:00\",\"breadcrumb\":{\"@id\":\"https:\/\/vosgesinfo.fr\/epinalinfo\/2025\/06\/epinal-la-prefecture-des-vosges-recompensee-par-le-prix-territorial-de-la-resilience\/#breadcrumb\"},\"inLanguage\":\"fr-FR\",\"potentialAction\":[{\"@type\":\"ReadAction\",\"target\":[\"https:\/\/vosgesinfo.fr\/epinalinfo\/2025\/06\/epinal-la-prefecture-des-vosges-recompensee-par-le-prix-territorial-de-la-resilience\/\"]}]},{\"@type\":\"ImageObject\",\"inLanguage\":\"fr-FR\",\"@id\":\"https:\/\/vosgesinfo.fr\/epinalinfo\/2025\/06\/epinal-la-prefecture-des-vosges-recompensee-par-le-prix-territorial-de-la-resilience\/#primaryimage\",\"url\":\"https:\/\/vosgesinfo.fr\/app\/uploads\/sites\/3\/2025\/06\/513304176-1031952665750472-6659111246373361148-n.jpg\",\"contentUrl\":\"https:\/\/vosgesinfo.fr\/app\/uploads\/sites\/3\/2025\/06\/513304176-1031952665750472-6659111246373361148-n.jpg\",\"width\":2048,\"height\":1536,\"caption\":\"photo pr\u00e9fecture des vosges\"},{\"@type\":\"BreadcrumbList\",\"@id\":\"https:\/\/vosgesinfo.fr\/epinalinfo\/2025\/06\/epinal-la-prefecture-des-vosges-recompensee-par-le-prix-territorial-de-la-resilience\/#breadcrumb\",\"itemListElement\":[{\"@type\":\"ListItem\",\"position\":1,\"name\":\"Home\",\"item\":\"https:\/\/vosgesinfo.fr\/epinalinfo\/\"},{\"@type\":\"ListItem\",\"position\":2,\"name\":\"\u00c9pinal : la pr\u00e9fecture des Vosges r\u00e9compens\u00e9e par le Prix territorial de la r\u00e9silience\"}]},{\"@type\":\"WebSite\",\"@id\":\"https:\/\/vosgesinfo.fr\/epinalinfo\/#website\",\"url\":\"https:\/\/vosgesinfo.fr\/epinalinfo\/\",\"name\":\"Epinal Info\",\"description\":\"Toute l&#039;actualit\u00e9 d&#039;\u00c9pinal\",\"publisher\":{\"@id\":\"https:\/\/vosgesinfo.fr\/epinalinfo\/#organization\"},\"alternateName\":\"Toute l'actualit\u00e9 d'\u00c9pinal\",\"potentialAction\":[{\"@type\":\"SearchAction\",\"target\":{\"@type\":\"EntryPoint\",\"urlTemplate\":\"https:\/\/vosgesinfo.fr\/epinalinfo\/?s={search_term_string}\"},\"query-input\":\"required name=search_term_string\"}],\"inLanguage\":\"fr-FR\"},{\"@type\":\"Organization\",\"@id\":\"https:\/\/vosgesinfo.fr\/epinalinfo\/#organization\",\"name\":\"Epinal Info\",\"url\":\"https:\/\/vosgesinfo.fr\/epinalinfo\/\",\"logo\":{\"@type\":\"ImageObject\",\"inLanguage\":\"fr-FR\",\"@id\":\"https:\/\/vosgesinfo.fr\/epinalinfo\/#\/schema\/logo\/image\/\",\"url\":\"https:\/\/vosgesinfo.fr\/app\/uploads\/sites\/3\/2023\/08\/logo-epinalinfos.svg\",\"contentUrl\":\"https:\/\/vosgesinfo.fr\/app\/uploads\/sites\/3\/2023\/08\/logo-epinalinfos.svg\",\"width\":1,\"height\":1,\"caption\":\"Epinal Info\"},\"image\":{\"@id\":\"https:\/\/vosgesinfo.fr\/epinalinfo\/#\/schema\/logo\/image\/\"},\"sameAs\":[\"https:\/\/www.facebook.com\/Epinalinfos\",\"https:\/\/x.com\/VosgesInfo88\",\"https:\/\/www.youtube.com\/@vosgesinfo\"]},{\"@type\":\"Person\",\"@id\":\"https:\/\/vosgesinfo.fr\/epinalinfo\/#\/schema\/person\/6f9a650eeea99d969b6c4ab78fccbe81\",\"name\":\"C.K.\",\"image\":{\"@type\":\"ImageObject\",\"inLanguage\":\"fr-FR\",\"@id\":\"https:\/\/vosgesinfo.fr\/epinalinfo\/#\/schema\/person\/image\/\",\"url\":\"https:\/\/secure.gravatar.com\/avatar\/48e3fc7f8421ba8942be6b74a2b7f014ca39bc00dece156b7a8e098ae7dc87bf?s=96&d=mm&r=g\",\"contentUrl\":\"https:\/\/secure.gravatar.com\/avatar\/48e3fc7f8421ba8942be6b74a2b7f014ca39bc00dece156b7a8e098ae7dc87bf?s=96&d=mm&r=g\",\"caption\":\"C.K.\"},\"url\":\"https:\/\/vosgesinfo.fr\/epinalinfo\/author\/celia-k-n\/\"}]}<\/script>\n<!-- \/ Yoast SEO plugin. -->","yoast_head_json":{"title":"\u00c9pinal : la pr\u00e9fecture des Vosges r\u00e9compens\u00e9e par le Prix territorial de la r\u00e9silience - Epinal Info","robots":{"index":"index","follow":"follow","max-snippet":"max-snippet:-1","max-image-preview":"max-image-preview:large","max-video-preview":"max-video-preview:-1"},"canonical":"https:\/\/vosgesinfo.fr\/epinalinfo\/2025\/06\/epinal-la-prefecture-des-vosges-recompensee-par-le-prix-territorial-de-la-resilience\/","twitter_card":"summary_large_image","twitter_title":"\u00c9pinal : la pr\u00e9fecture des Vosges r\u00e9compens\u00e9e par le Prix territorial de la r\u00e9silience - Epinal Info","twitter_description":"Cette semaine, la ville d\u2019\u00c9pinal a accueilli un \u00e9v\u00e9nement marquant : la remise du Prix territorial de la r\u00e9silience \u00e0 [&hellip;]","twitter_image":"https:\/\/vosgesinfo.fr\/app\/uploads\/sites\/3\/2025\/06\/513304176-1031952665750472-6659111246373361148-n.jpg","twitter_creator":"@VosgesInfo88","twitter_site":"@VosgesInfo88","twitter_misc":{"\u00c9crit par":"C.K.","Dur\u00e9e de lecture estim\u00e9e":"1 minute"},"schema":{"@context":"https:\/\/schema.org","@graph":[{"@type":"Article","@id":"https:\/\/vosgesinfo.fr\/epinalinfo\/2025\/06\/epinal-la-prefecture-des-vosges-recompensee-par-le-prix-territorial-de-la-resilience\/#article","isPartOf":{"@id":"https:\/\/vosgesinfo.fr\/epinalinfo\/2025\/06\/epinal-la-prefecture-des-vosges-recompensee-par-le-prix-territorial-de-la-resilience\/"},"author":{"name":"C.K.","@id":"https:\/\/vosgesinfo.fr\/epinalinfo\/#\/schema\/person\/6f9a650eeea99d969b6c4ab78fccbe81"},"headline":"\u00c9pinal : la pr\u00e9fecture des Vosges r\u00e9compens\u00e9e par le Prix territorial de la r\u00e9silience","datePublished":"2025-06-25T09:30:41+00:00","dateModified":"2025-06-25T09:24:12+00:00","mainEntityOfPage":{"@id":"https:\/\/vosgesinfo.fr\/epinalinfo\/2025\/06\/epinal-la-prefecture-des-vosges-recompensee-par-le-prix-territorial-de-la-resilience\/"},"wordCount":303,"commentCount":0,"publisher":{"@id":"https:\/\/vosgesinfo.fr\/epinalinfo\/#organization"},"image":{"@id":"https:\/\/vosgesinfo.fr\/epinalinfo\/2025\/06\/epinal-la-prefecture-des-vosges-recompensee-par-le-prix-territorial-de-la-resilience\/#primaryimage"},"thumbnailUrl":"https:\/\/vosgesinfo.fr\/app\/uploads\/sites\/3\/2025\/06\/513304176-1031952665750472-6659111246373361148-n.jpg","articleSection":["A la Une","Epinal","Vosges"],"inLanguage":"fr-FR","potentialAction":[{"@type":"CommentAction","name":"Comment","target":["https:\/\/vosgesinfo.fr\/epinalinfo\/2025\/06\/epinal-la-prefecture-des-vosges-recompensee-par-le-prix-territorial-de-la-resilience\/#respond"]}]},{"@type":"WebPage","@id":"https:\/\/vosgesinfo.fr\/epinalinfo\/2025\/06\/epinal-la-prefecture-des-vosges-recompensee-par-le-prix-territorial-de-la-resilience\/","url":"https:\/\/vosgesinfo.fr\/epinalinfo\/2025\/06\/epinal-la-prefecture-des-vosges-recompensee-par-le-prix-territorial-de-la-resilience\/","name":"\u00c9pinal : la pr\u00e9fecture des Vosges r\u00e9compens\u00e9e par le Prix territorial de la r\u00e9silience - Epinal Info","isPartOf":{"@id":"https:\/\/vosgesinfo.fr\/epinalinfo\/#website"},"primaryImageOfPage":{"@id":"https:\/\/vosgesinfo.fr\/epinalinfo\/2025\/06\/epinal-la-prefecture-des-vosges-recompensee-par-le-prix-territorial-de-la-resilience\/#primaryimage"},"image":{"@id":"https:\/\/vosgesinfo.fr\/epinalinfo\/2025\/06\/epinal-la-prefecture-des-vosges-recompensee-par-le-prix-territorial-de-la-resilience\/#primaryimage"},"thumbnailUrl":"https:\/\/vosgesinfo.fr\/app\/uploads\/sites\/3\/2025\/06\/513304176-1031952665750472-6659111246373361148-n.jpg","datePublished":"2025-06-25T09:30:41+00:00","dateModified":"2025-06-25T09:24:12+00:00","breadcrumb":{"@id":"https:\/\/vosgesinfo.fr\/epinalinfo\/2025\/06\/epinal-la-prefecture-des-vosges-recompensee-par-le-prix-territorial-de-la-resilience\/#breadcrumb"},"inLanguage":"fr-FR","potentialAction":[{"@type":"ReadAction","target":["https:\/\/vosgesinfo.fr\/epinalinfo\/2025\/06\/epinal-la-prefecture-des-vosges-recompensee-par-le-prix-territorial-de-la-resilience\/"]}]},{"@type":"ImageObject","inLanguage":"fr-FR","@id":"https:\/\/vosgesinfo.fr\/epinalinfo\/2025\/06\/epinal-la-prefecture-des-vosges-recompensee-par-le-prix-territorial-de-la-resilience\/#primaryimage","url":"https:\/\/vosgesinfo.fr\/app\/uploads\/sites\/3\/2025\/06\/513304176-1031952665750472-6659111246373361148-n.jpg","contentUrl":"https:\/\/vosgesinfo.fr\/app\/uploads\/sites\/3\/2025\/06\/513304176-1031952665750472-6659111246373361148-n.jpg","width":2048,"height":1536,"caption":"photo pr\u00e9fecture des vosges"},{"@type":"BreadcrumbList","@id":"https:\/\/vosgesinfo.fr\/epinalinfo\/2025\/06\/epinal-la-prefecture-des-vosges-recompensee-par-le-prix-territorial-de-la-resilience\/#breadcrumb","itemListElement":[{"@type":"ListItem","position":1,"name":"Home","item":"https:\/\/vosgesinfo.fr\/epinalinfo\/"},{"@type":"ListItem","position":2,"name":"\u00c9pinal : la pr\u00e9fecture des Vosges r\u00e9compens\u00e9e par le Prix territorial de la r\u00e9silience"}]},{"@type":"WebSite","@id":"https:\/\/vosgesinfo.fr\/epinalinfo\/#website","url":"https:\/\/vosgesinfo.fr\/epinalinfo\/","name":"Epinal Info","description":"Toute l&#039;actualit\u00e9 d&#039;\u00c9pinal","publisher":{"@id":"https:\/\/vosgesinfo.fr\/epinalinfo\/#organization"},"alternateName":"Toute l'actualit\u00e9 d'\u00c9pinal","potentialAction":[{"@type":"SearchAction","target":{"@type":"EntryPoint","urlTemplate":"https:\/\/vosgesinfo.fr\/epinalinfo\/?s={search_term_string}"},"query-input":"required name=search_term_string"}],"inLanguage":"fr-FR"},{"@type":"Organization","@id":"https:\/\/vosgesinfo.fr\/epinalinfo\/#organization","name":"Epinal Info","url":"https:\/\/vosgesinfo.fr\/epinalinfo\/","logo":{"@type":"ImageObject","inLanguage":"fr-FR","@id":"https:\/\/vosgesinfo.fr\/epinalinfo\/#\/schema\/logo\/image\/","url":"https:\/\/vosgesinfo.fr\/app\/uploads\/sites\/3\/2023\/08\/logo-epinalinfos.svg","contentUrl":"https:\/\/vosgesinfo.fr\/app\/uploads\/sites\/3\/2023\/08\/logo-epinalinfos.svg","width":1,"height":1,"caption":"Epinal Info"},"image":{"@id":"https:\/\/vosgesinfo.fr\/epinalinfo\/#\/schema\/logo\/image\/"},"sameAs":["https:\/\/www.facebook.com\/Epinalinfos","https:\/\/x.com\/VosgesInfo88","https:\/\/www.youtube.com\/@vosgesinfo"]},{"@type":"Person","@id":"https:\/\/vosgesinfo.fr\/epinalinfo\/#\/schema\/person\/6f9a650eeea99d969b6c4ab78fccbe81","name":"C.K.","image":{"@type":"ImageObject","inLanguage":"fr-FR","@id":"https:\/\/vosgesinfo.fr\/epinalinfo\/#\/schema\/person\/image\/","url":"https:\/\/secure.gravatar.com\/avatar\/48e3fc7f8421ba8942be6b74a2b7f014ca39bc00dece156b7a8e098ae7dc87bf?s=96&d=mm&r=g","contentUrl":"https:\/\/secure.gravatar.com\/avatar\/48e3fc7f8421ba8942be6b74a2b7f014ca39bc00dece156b7a8e098ae7dc87bf?s=96&d=mm&r=g","caption":"C.K."},"url":"https:\/\/vosgesinfo.fr\/epinalinfo\/author\/celia-k-n\/"}]}},"_links":{"self":[{"href":"https:\/\/vosgesinfo.fr\/epinalinfo\/wp-json\/wp\/v2\/posts\/133198","targetHints":{"allow":["GET"]}}],"collection":[{"href":"https:\/\/vosgesinfo.fr\/epinalinfo\/wp-json\/wp\/v2\/posts"}],"about":[{"href":"https:\/\/vosgesinfo.fr\/epinalinfo\/wp-json\/wp\/v2\/types\/post"}],"author":[{"embeddable":true,"href":"https:\/\/vosgesinfo.fr\/epinalinfo\/wp-json\/wp\/v2\/users\/52"}],"replies":[{"embeddable":true,"href":"https:\/\/vosgesinfo.fr\/epinalinfo\/wp-json\/wp\/v2\/comments?post=133198"}],"version-history":[{"count":1,"href":"https:\/\/vosgesinfo.fr\/epinalinfo\/wp-json\/wp\/v2\/posts\/133198\/revisions"}],"predecessor-version":[{"id":133202,"href":"https:\/\/vosgesinfo.fr\/epinalinfo\/wp-json\/wp\/v2\/posts\/133198\/revisions\/133202"}],"wp:featuredmedia":[{"embeddable":true,"href":"https:\/\/vosgesinfo.fr\/epinalinfo\/wp-json\/wp\/v2\/media\/133201"}],"wp:attachment":[{"href":"https:\/\/vosgesinfo.fr\/epinalinfo\/wp-json\/wp\/v2\/media?parent=133198"}],"wp:term":[{"taxonomy":"category","embeddable":true,"href":"https:\/\/vosgesinfo.fr\/epinalinfo\/wp-json\/wp\/v2\/categories?post=133198"},{"taxonomy":"post_tag","embeddable":true,"href":"https:\/\/vosgesinfo.fr\/epinalinfo\/wp-json\/wp\/v2\/tags?post=133198"}],"curies":[{"name":"wp","href":"https:\/\/api.w.org\/{rel}","templated":true}]}}