{"id":133203,"date":"2025-06-25T13:35:11","date_gmt":"2025-06-25T11:35:11","guid":{"rendered":"https:\/\/vosgesinfo.fr\/epinalinfo\/?p=133203"},"modified":"2025-06-25T13:32:53","modified_gmt":"2025-06-25T11:32:53","slug":"le-plateau-technique-risque-inondation-du-sdis-88-a-lhonneur","status":"publish","type":"post","link":"https:\/\/vosgesinfo.fr\/epinalinfo\/2025\/06\/le-plateau-technique-risque-inondation-du-sdis-88-a-lhonneur\/","title":{"rendered":"Le plateau technique risque inondation du SDIS 88 \u00e0 l\u2019honneur"},"content":{"rendered":"<div id=\"attachment_133204\" style=\"width: 1210px\" class=\"wp-caption aligncenter\"><a href=\"https:\/\/vosgesinfo.fr\/app\/uploads\/sites\/3\/2025\/06\/509429969-1130997802404548-6077673803130935135-n.jpg\"><img decoding=\"async\" aria-describedby=\"caption-attachment-133204\" class=\"size-full wp-image-133204\" src=\"https:\/\/vosgesinfo.fr\/app\/uploads\/sites\/3\/2025\/06\/509429969-1130997802404548-6077673803130935135-n.jpg\" alt=\"\" width=\"1200\" height=\"1200\" srcset=\"https:\/\/vosgesinfo.fr\/app\/uploads\/sites\/3\/2025\/06\/509429969-1130997802404548-6077673803130935135-n.jpg 1200w, https:\/\/vosgesinfo.fr\/app\/uploads\/sites\/3\/2025\/06\/509429969-1130997802404548-6077673803130935135-n-300x300.jpg 300w, https:\/\/vosgesinfo.fr\/app\/uploads\/sites\/3\/2025\/06\/509429969-1130997802404548-6077673803130935135-n-1024x1024.jpg 1024w, https:\/\/vosgesinfo.fr\/app\/uploads\/sites\/3\/2025\/06\/509429969-1130997802404548-6077673803130935135-n-150x150.jpg 150w, https:\/\/vosgesinfo.fr\/app\/uploads\/sites\/3\/2025\/06\/509429969-1130997802404548-6077673803130935135-n-768x768.jpg 768w\" sizes=\"(max-width: 1200px) 100vw, 1200px\" \/><\/a><p id=\"caption-attachment-133204\" class=\"wp-caption-text\">photo Sapeurs-pompiers des Vosges<\/p><\/div>\n<h2 data-start=\"266\" data-end=\"532\"><strong>Ce mardi, le pr\u00e9fet de r\u00e9gion Jacques Witkowski s\u2019est rendu dans les Vosges pour d\u00e9couvrir un \u00e9quipement sans \u00e9quivalent en France : le plateau technique risque inondation du SDIS 88, situ\u00e9 au port d&rsquo;Epinal.\u00a0<\/strong><\/h2>\n<p data-start=\"534\" data-end=\"856\">Lors de cette visite, de nombreuses d\u00e9monstrations spectaculaires ont \u00e9t\u00e9 propos\u00e9es, notamment un sauvetage en zone inond\u00e9e et une intervention de l\u2019\u00e9quipe cyno-aqua (chien de sauvetage en milieu aquatique), qui a impressionn\u00e9 tant par sa technicit\u00e9 que par l\u2019engagement des sapeurs-pompiers mobilis\u00e9s.<\/p>\n<h3 data-start=\"858\" data-end=\"916\">Un site d\u2019exception pour la formation et la pr\u00e9vention<\/h3>\n<p data-start=\"918\" data-end=\"1285\">Ce centre d\u2019entra\u00eenement, cofinanc\u00e9 par l\u2019\u00c9tat, le SDIS des Vosges et la Communaut\u00e9 d\u2019Agglom\u00e9ration d\u2019\u00c9pinal, positionne le d\u00e9partement comme un acteur de r\u00e9f\u00e9rence dans la gestion des risques majeurs. Il permet aux secours de s\u2019exercer dans des conditions r\u00e9alistes pour mieux intervenir en cas de crue, catastrophe naturelle ou \u00e9v\u00e9nement climatique extr\u00eame.<\/p>\n<h3 data-start=\"1287\" data-end=\"1335\">Les Vosges r\u00e9compens\u00e9es pour leur engagement<\/h3>\n<p data-start=\"1337\" data-end=\"1821\">Cette journ\u00e9e a \u00e9galement \u00e9t\u00e9 marqu\u00e9e par une remise symbolique en pr\u00e9fecture : le prix territorial \u00ab\u00a0Tous r\u00e9silients face aux risques\u00a0\u00bb a \u00e9t\u00e9 d\u00e9cern\u00e9 au d\u00e9partement des Vosges. Cette r\u00e9compense vient saluer l\u2019organisation de la journ\u00e9e nationale R\u00e9silience qui s\u2019est tenue \u00e0 Raon-l\u2019\u00c9tape. Cet \u00e9v\u00e9nement a permis de sensibiliser largement la population aux comportements \u00e0 adopter en cas de crise, en impliquant institutions, associations et citoyens.<\/p>\n","protected":false},"excerpt":{"rendered":"<p>Ce mardi, le pr\u00e9fet de r\u00e9gion Jacques Witkowski s\u2019est rendu dans les Vosges pour d\u00e9couvrir un \u00e9quipement sans \u00e9quivalent en [&hellip;]<\/p>\n","protected":false},"author":52,"featured_media":133204,"comment_status":"open","ping_status":"open","sticky":false,"template":"","format":"standard","meta":{"footnotes":""},"categories":[22,24,5],"tags":[],"class_list":["post-133203","post","type-post","status-publish","format-standard","has-post-thumbnail","hentry","category-a-la-une","category-epinal","category-vosges"],"acf":[],"yoast_head":"<!-- This site is optimized with the Yoast SEO plugin v22.5 - https:\/\/yoast.com\/wordpress\/plugins\/seo\/ -->\n<title>Le plateau technique risque inondation du SDIS 88 \u00e0 l\u2019honneur - Epinal Info<\/title>\n<meta name=\"robots\" content=\"index, follow, max-snippet:-1, max-image-preview:large, max-video-preview:-1\" \/>\n<link rel=\"canonical\" href=\"https:\/\/vosgesinfo.fr\/epinalinfo\/2025\/06\/le-plateau-technique-risque-inondation-du-sdis-88-a-lhonneur\/\" \/>\n<meta name=\"twitter:card\" content=\"summary_large_image\" \/>\n<meta name=\"twitter:title\" content=\"Le plateau technique risque inondation du SDIS 88 \u00e0 l\u2019honneur - Epinal Info\" \/>\n<meta name=\"twitter:description\" content=\"Ce mardi, le pr\u00e9fet de r\u00e9gion Jacques Witkowski s\u2019est rendu dans les Vosges pour d\u00e9couvrir un \u00e9quipement sans \u00e9quivalent en [&hellip;]\" \/>\n<meta name=\"twitter:image\" content=\"https:\/\/vosgesinfo.fr\/app\/uploads\/sites\/3\/2025\/06\/509429969-1130997802404548-6077673803130935135-n.jpg\" \/>\n<meta name=\"twitter:creator\" content=\"@VosgesInfo88\" \/>\n<meta name=\"twitter:site\" content=\"@VosgesInfo88\" \/>\n<meta name=\"twitter:label1\" content=\"\u00c9crit par\" \/>\n\t<meta name=\"twitter:data1\" content=\"C.K.\" \/>\n\t<meta name=\"twitter:label2\" content=\"Dur\u00e9e de lecture estim\u00e9e\" \/>\n\t<meta name=\"twitter:data2\" content=\"1 minute\" \/>\n<script type=\"application\/ld+json\" class=\"yoast-schema-graph\">{\"@context\":\"https:\/\/schema.org\",\"@graph\":[{\"@type\":\"Article\",\"@id\":\"https:\/\/vosgesinfo.fr\/epinalinfo\/2025\/06\/le-plateau-technique-risque-inondation-du-sdis-88-a-lhonneur\/#article\",\"isPartOf\":{\"@id\":\"https:\/\/vosgesinfo.fr\/epinalinfo\/2025\/06\/le-plateau-technique-risque-inondation-du-sdis-88-a-lhonneur\/\"},\"author\":{\"name\":\"C.K.\",\"@id\":\"https:\/\/vosgesinfo.fr\/epinalinfo\/#\/schema\/person\/6f9a650eeea99d969b6c4ab78fccbe81\"},\"headline\":\"Le plateau technique risque inondation du SDIS 88 \u00e0 l\u2019honneur\",\"datePublished\":\"2025-06-25T11:35:11+00:00\",\"dateModified\":\"2025-06-25T11:32:53+00:00\",\"mainEntityOfPage\":{\"@id\":\"https:\/\/vosgesinfo.fr\/epinalinfo\/2025\/06\/le-plateau-technique-risque-inondation-du-sdis-88-a-lhonneur\/\"},\"wordCount\":265,\"commentCount\":0,\"publisher\":{\"@id\":\"https:\/\/vosgesinfo.fr\/epinalinfo\/#organization\"},\"image\":{\"@id\":\"https:\/\/vosgesinfo.fr\/epinalinfo\/2025\/06\/le-plateau-technique-risque-inondation-du-sdis-88-a-lhonneur\/#primaryimage\"},\"thumbnailUrl\":\"https:\/\/vosgesinfo.fr\/app\/uploads\/sites\/3\/2025\/06\/509429969-1130997802404548-6077673803130935135-n.jpg\",\"articleSection\":[\"A la Une\",\"Epinal\",\"Vosges\"],\"inLanguage\":\"fr-FR\",\"potentialAction\":[{\"@type\":\"CommentAction\",\"name\":\"Comment\",\"target\":[\"https:\/\/vosgesinfo.fr\/epinalinfo\/2025\/06\/le-plateau-technique-risque-inondation-du-sdis-88-a-lhonneur\/#respond\"]}]},{\"@type\":\"WebPage\",\"@id\":\"https:\/\/vosgesinfo.fr\/epinalinfo\/2025\/06\/le-plateau-technique-risque-inondation-du-sdis-88-a-lhonneur\/\",\"url\":\"https:\/\/vosgesinfo.fr\/epinalinfo\/2025\/06\/le-plateau-technique-risque-inondation-du-sdis-88-a-lhonneur\/\",\"name\":\"Le plateau technique risque inondation du SDIS 88 \u00e0 l\u2019honneur - Epinal Info\",\"isPartOf\":{\"@id\":\"https:\/\/vosgesinfo.fr\/epinalinfo\/#website\"},\"primaryImageOfPage\":{\"@id\":\"https:\/\/vosgesinfo.fr\/epinalinfo\/2025\/06\/le-plateau-technique-risque-inondation-du-sdis-88-a-lhonneur\/#primaryimage\"},\"image\":{\"@id\":\"https:\/\/vosgesinfo.fr\/epinalinfo\/2025\/06\/le-plateau-technique-risque-inondation-du-sdis-88-a-lhonneur\/#primaryimage\"},\"thumbnailUrl\":\"https:\/\/vosgesinfo.fr\/app\/uploads\/sites\/3\/2025\/06\/509429969-1130997802404548-6077673803130935135-n.jpg\",\"datePublished\":\"2025-06-25T11:35:11+00:00\",\"dateModified\":\"2025-06-25T11:32:53+00:00\",\"breadcrumb\":{\"@id\":\"https:\/\/vosgesinfo.fr\/epinalinfo\/2025\/06\/le-plateau-technique-risque-inondation-du-sdis-88-a-lhonneur\/#breadcrumb\"},\"inLanguage\":\"fr-FR\",\"potentialAction\":[{\"@type\":\"ReadAction\",\"target\":[\"https:\/\/vosgesinfo.fr\/epinalinfo\/2025\/06\/le-plateau-technique-risque-inondation-du-sdis-88-a-lhonneur\/\"]}]},{\"@type\":\"ImageObject\",\"inLanguage\":\"fr-FR\",\"@id\":\"https:\/\/vosgesinfo.fr\/epinalinfo\/2025\/06\/le-plateau-technique-risque-inondation-du-sdis-88-a-lhonneur\/#primaryimage\",\"url\":\"https:\/\/vosgesinfo.fr\/app\/uploads\/sites\/3\/2025\/06\/509429969-1130997802404548-6077673803130935135-n.jpg\",\"contentUrl\":\"https:\/\/vosgesinfo.fr\/app\/uploads\/sites\/3\/2025\/06\/509429969-1130997802404548-6077673803130935135-n.jpg\",\"width\":1200,\"height\":1200,\"caption\":\"photo Sapeurs-pompiers des Vosges\"},{\"@type\":\"BreadcrumbList\",\"@id\":\"https:\/\/vosgesinfo.fr\/epinalinfo\/2025\/06\/le-plateau-technique-risque-inondation-du-sdis-88-a-lhonneur\/#breadcrumb\",\"itemListElement\":[{\"@type\":\"ListItem\",\"position\":1,\"name\":\"Home\",\"item\":\"https:\/\/vosgesinfo.fr\/epinalinfo\/\"},{\"@type\":\"ListItem\",\"position\":2,\"name\":\"Le plateau technique risque inondation du SDIS 88 \u00e0 l\u2019honneur\"}]},{\"@type\":\"WebSite\",\"@id\":\"https:\/\/vosgesinfo.fr\/epinalinfo\/#website\",\"url\":\"https:\/\/vosgesinfo.fr\/epinalinfo\/\",\"name\":\"Epinal Info\",\"description\":\"Toute l&#039;actualit\u00e9 d&#039;\u00c9pinal\",\"publisher\":{\"@id\":\"https:\/\/vosgesinfo.fr\/epinalinfo\/#organization\"},\"alternateName\":\"Toute l'actualit\u00e9 d'\u00c9pinal\",\"potentialAction\":[{\"@type\":\"SearchAction\",\"target\":{\"@type\":\"EntryPoint\",\"urlTemplate\":\"https:\/\/vosgesinfo.fr\/epinalinfo\/?s={search_term_string}\"},\"query-input\":\"required name=search_term_string\"}],\"inLanguage\":\"fr-FR\"},{\"@type\":\"Organization\",\"@id\":\"https:\/\/vosgesinfo.fr\/epinalinfo\/#organization\",\"name\":\"Epinal Info\",\"url\":\"https:\/\/vosgesinfo.fr\/epinalinfo\/\",\"logo\":{\"@type\":\"ImageObject\",\"inLanguage\":\"fr-FR\",\"@id\":\"https:\/\/vosgesinfo.fr\/epinalinfo\/#\/schema\/logo\/image\/\",\"url\":\"https:\/\/vosgesinfo.fr\/app\/uploads\/sites\/3\/2023\/08\/logo-epinalinfos.svg\",\"contentUrl\":\"https:\/\/vosgesinfo.fr\/app\/uploads\/sites\/3\/2023\/08\/logo-epinalinfos.svg\",\"width\":1,\"height\":1,\"caption\":\"Epinal Info\"},\"image\":{\"@id\":\"https:\/\/vosgesinfo.fr\/epinalinfo\/#\/schema\/logo\/image\/\"},\"sameAs\":[\"https:\/\/www.facebook.com\/Epinalinfos\",\"https:\/\/x.com\/VosgesInfo88\",\"https:\/\/www.youtube.com\/@vosgesinfo\"]},{\"@type\":\"Person\",\"@id\":\"https:\/\/vosgesinfo.fr\/epinalinfo\/#\/schema\/person\/6f9a650eeea99d969b6c4ab78fccbe81\",\"name\":\"C.K.\",\"image\":{\"@type\":\"ImageObject\",\"inLanguage\":\"fr-FR\",\"@id\":\"https:\/\/vosgesinfo.fr\/epinalinfo\/#\/schema\/person\/image\/\",\"url\":\"https:\/\/secure.gravatar.com\/avatar\/48e3fc7f8421ba8942be6b74a2b7f014ca39bc00dece156b7a8e098ae7dc87bf?s=96&d=mm&r=g\",\"contentUrl\":\"https:\/\/secure.gravatar.com\/avatar\/48e3fc7f8421ba8942be6b74a2b7f014ca39bc00dece156b7a8e098ae7dc87bf?s=96&d=mm&r=g\",\"caption\":\"C.K.\"},\"url\":\"https:\/\/vosgesinfo.fr\/epinalinfo\/author\/celia-k-n\/\"}]}<\/script>\n<!-- \/ Yoast SEO plugin. -->","yoast_head_json":{"title":"Le plateau technique risque inondation du SDIS 88 \u00e0 l\u2019honneur - Epinal Info","robots":{"index":"index","follow":"follow","max-snippet":"max-snippet:-1","max-image-preview":"max-image-preview:large","max-video-preview":"max-video-preview:-1"},"canonical":"https:\/\/vosgesinfo.fr\/epinalinfo\/2025\/06\/le-plateau-technique-risque-inondation-du-sdis-88-a-lhonneur\/","twitter_card":"summary_large_image","twitter_title":"Le plateau technique risque inondation du SDIS 88 \u00e0 l\u2019honneur - Epinal Info","twitter_description":"Ce mardi, le pr\u00e9fet de r\u00e9gion Jacques Witkowski s\u2019est rendu dans les Vosges pour d\u00e9couvrir un \u00e9quipement sans \u00e9quivalent en [&hellip;]","twitter_image":"https:\/\/vosgesinfo.fr\/app\/uploads\/sites\/3\/2025\/06\/509429969-1130997802404548-6077673803130935135-n.jpg","twitter_creator":"@VosgesInfo88","twitter_site":"@VosgesInfo88","twitter_misc":{"\u00c9crit par":"C.K.","Dur\u00e9e de lecture estim\u00e9e":"1 minute"},"schema":{"@context":"https:\/\/schema.org","@graph":[{"@type":"Article","@id":"https:\/\/vosgesinfo.fr\/epinalinfo\/2025\/06\/le-plateau-technique-risque-inondation-du-sdis-88-a-lhonneur\/#article","isPartOf":{"@id":"https:\/\/vosgesinfo.fr\/epinalinfo\/2025\/06\/le-plateau-technique-risque-inondation-du-sdis-88-a-lhonneur\/"},"author":{"name":"C.K.","@id":"https:\/\/vosgesinfo.fr\/epinalinfo\/#\/schema\/person\/6f9a650eeea99d969b6c4ab78fccbe81"},"headline":"Le plateau technique risque inondation du SDIS 88 \u00e0 l\u2019honneur","datePublished":"2025-06-25T11:35:11+00:00","dateModified":"2025-06-25T11:32:53+00:00","mainEntityOfPage":{"@id":"https:\/\/vosgesinfo.fr\/epinalinfo\/2025\/06\/le-plateau-technique-risque-inondation-du-sdis-88-a-lhonneur\/"},"wordCount":265,"commentCount":0,"publisher":{"@id":"https:\/\/vosgesinfo.fr\/epinalinfo\/#organization"},"image":{"@id":"https:\/\/vosgesinfo.fr\/epinalinfo\/2025\/06\/le-plateau-technique-risque-inondation-du-sdis-88-a-lhonneur\/#primaryimage"},"thumbnailUrl":"https:\/\/vosgesinfo.fr\/app\/uploads\/sites\/3\/2025\/06\/509429969-1130997802404548-6077673803130935135-n.jpg","articleSection":["A la Une","Epinal","Vosges"],"inLanguage":"fr-FR","potentialAction":[{"@type":"CommentAction","name":"Comment","target":["https:\/\/vosgesinfo.fr\/epinalinfo\/2025\/06\/le-plateau-technique-risque-inondation-du-sdis-88-a-lhonneur\/#respond"]}]},{"@type":"WebPage","@id":"https:\/\/vosgesinfo.fr\/epinalinfo\/2025\/06\/le-plateau-technique-risque-inondation-du-sdis-88-a-lhonneur\/","url":"https:\/\/vosgesinfo.fr\/epinalinfo\/2025\/06\/le-plateau-technique-risque-inondation-du-sdis-88-a-lhonneur\/","name":"Le plateau technique risque inondation du SDIS 88 \u00e0 l\u2019honneur - Epinal Info","isPartOf":{"@id":"https:\/\/vosgesinfo.fr\/epinalinfo\/#website"},"primaryImageOfPage":{"@id":"https:\/\/vosgesinfo.fr\/epinalinfo\/2025\/06\/le-plateau-technique-risque-inondation-du-sdis-88-a-lhonneur\/#primaryimage"},"image":{"@id":"https:\/\/vosgesinfo.fr\/epinalinfo\/2025\/06\/le-plateau-technique-risque-inondation-du-sdis-88-a-lhonneur\/#primaryimage"},"thumbnailUrl":"https:\/\/vosgesinfo.fr\/app\/uploads\/sites\/3\/2025\/06\/509429969-1130997802404548-6077673803130935135-n.jpg","datePublished":"2025-06-25T11:35:11+00:00","dateModified":"2025-06-25T11:32:53+00:00","breadcrumb":{"@id":"https:\/\/vosgesinfo.fr\/epinalinfo\/2025\/06\/le-plateau-technique-risque-inondation-du-sdis-88-a-lhonneur\/#breadcrumb"},"inLanguage":"fr-FR","potentialAction":[{"@type":"ReadAction","target":["https:\/\/vosgesinfo.fr\/epinalinfo\/2025\/06\/le-plateau-technique-risque-inondation-du-sdis-88-a-lhonneur\/"]}]},{"@type":"ImageObject","inLanguage":"fr-FR","@id":"https:\/\/vosgesinfo.fr\/epinalinfo\/2025\/06\/le-plateau-technique-risque-inondation-du-sdis-88-a-lhonneur\/#primaryimage","url":"https:\/\/vosgesinfo.fr\/app\/uploads\/sites\/3\/2025\/06\/509429969-1130997802404548-6077673803130935135-n.jpg","contentUrl":"https:\/\/vosgesinfo.fr\/app\/uploads\/sites\/3\/2025\/06\/509429969-1130997802404548-6077673803130935135-n.jpg","width":1200,"height":1200,"caption":"photo Sapeurs-pompiers des Vosges"},{"@type":"BreadcrumbList","@id":"https:\/\/vosgesinfo.fr\/epinalinfo\/2025\/06\/le-plateau-technique-risque-inondation-du-sdis-88-a-lhonneur\/#breadcrumb","itemListElement":[{"@type":"ListItem","position":1,"name":"Home","item":"https:\/\/vosgesinfo.fr\/epinalinfo\/"},{"@type":"ListItem","position":2,"name":"Le plateau technique risque inondation du SDIS 88 \u00e0 l\u2019honneur"}]},{"@type":"WebSite","@id":"https:\/\/vosgesinfo.fr\/epinalinfo\/#website","url":"https:\/\/vosgesinfo.fr\/epinalinfo\/","name":"Epinal Info","description":"Toute l&#039;actualit\u00e9 d&#039;\u00c9pinal","publisher":{"@id":"https:\/\/vosgesinfo.fr\/epinalinfo\/#organization"},"alternateName":"Toute l'actualit\u00e9 d'\u00c9pinal","potentialAction":[{"@type":"SearchAction","target":{"@type":"EntryPoint","urlTemplate":"https:\/\/vosgesinfo.fr\/epinalinfo\/?s={search_term_string}"},"query-input":"required name=search_term_string"}],"inLanguage":"fr-FR"},{"@type":"Organization","@id":"https:\/\/vosgesinfo.fr\/epinalinfo\/#organization","name":"Epinal Info","url":"https:\/\/vosgesinfo.fr\/epinalinfo\/","logo":{"@type":"ImageObject","inLanguage":"fr-FR","@id":"https:\/\/vosgesinfo.fr\/epinalinfo\/#\/schema\/logo\/image\/","url":"https:\/\/vosgesinfo.fr\/app\/uploads\/sites\/3\/2023\/08\/logo-epinalinfos.svg","contentUrl":"https:\/\/vosgesinfo.fr\/app\/uploads\/sites\/3\/2023\/08\/logo-epinalinfos.svg","width":1,"height":1,"caption":"Epinal Info"},"image":{"@id":"https:\/\/vosgesinfo.fr\/epinalinfo\/#\/schema\/logo\/image\/"},"sameAs":["https:\/\/www.facebook.com\/Epinalinfos","https:\/\/x.com\/VosgesInfo88","https:\/\/www.youtube.com\/@vosgesinfo"]},{"@type":"Person","@id":"https:\/\/vosgesinfo.fr\/epinalinfo\/#\/schema\/person\/6f9a650eeea99d969b6c4ab78fccbe81","name":"C.K.","image":{"@type":"ImageObject","inLanguage":"fr-FR","@id":"https:\/\/vosgesinfo.fr\/epinalinfo\/#\/schema\/person\/image\/","url":"https:\/\/secure.gravatar.com\/avatar\/48e3fc7f8421ba8942be6b74a2b7f014ca39bc00dece156b7a8e098ae7dc87bf?s=96&d=mm&r=g","contentUrl":"https:\/\/secure.gravatar.com\/avatar\/48e3fc7f8421ba8942be6b74a2b7f014ca39bc00dece156b7a8e098ae7dc87bf?s=96&d=mm&r=g","caption":"C.K."},"url":"https:\/\/vosgesinfo.fr\/epinalinfo\/author\/celia-k-n\/"}]}},"_links":{"self":[{"href":"https:\/\/vosgesinfo.fr\/epinalinfo\/wp-json\/wp\/v2\/posts\/133203","targetHints":{"allow":["GET"]}}],"collection":[{"href":"https:\/\/vosgesinfo.fr\/epinalinfo\/wp-json\/wp\/v2\/posts"}],"about":[{"href":"https:\/\/vosgesinfo.fr\/epinalinfo\/wp-json\/wp\/v2\/types\/post"}],"author":[{"embeddable":true,"href":"https:\/\/vosgesinfo.fr\/epinalinfo\/wp-json\/wp\/v2\/users\/52"}],"replies":[{"embeddable":true,"href":"https:\/\/vosgesinfo.fr\/epinalinfo\/wp-json\/wp\/v2\/comments?post=133203"}],"version-history":[{"count":1,"href":"https:\/\/vosgesinfo.fr\/epinalinfo\/wp-json\/wp\/v2\/posts\/133203\/revisions"}],"predecessor-version":[{"id":133209,"href":"https:\/\/vosgesinfo.fr\/epinalinfo\/wp-json\/wp\/v2\/posts\/133203\/revisions\/133209"}],"wp:featuredmedia":[{"embeddable":true,"href":"https:\/\/vosgesinfo.fr\/epinalinfo\/wp-json\/wp\/v2\/media\/133204"}],"wp:attachment":[{"href":"https:\/\/vosgesinfo.fr\/epinalinfo\/wp-json\/wp\/v2\/media?parent=133203"}],"wp:term":[{"taxonomy":"category","embeddable":true,"href":"https:\/\/vosgesinfo.fr\/epinalinfo\/wp-json\/wp\/v2\/categories?post=133203"},{"taxonomy":"post_tag","embeddable":true,"href":"https:\/\/vosgesinfo.fr\/epinalinfo\/wp-json\/wp\/v2\/tags?post=133203"}],"curies":[{"name":"wp","href":"https:\/\/api.w.org\/{rel}","templated":true}]}}