{"id":133359,"date":"2025-06-30T07:00:31","date_gmt":"2025-06-30T05:00:31","guid":{"rendered":"https:\/\/vosgesinfo.fr\/epinalinfo\/?p=133359"},"modified":"2025-06-29T10:59:45","modified_gmt":"2025-06-29T08:59:45","slug":"municipales-2026-a-epinal-une-gauche-rassemblee-autour-de-daniela-amiunes","status":"publish","type":"post","link":"https:\/\/vosgesinfo.fr\/epinalinfo\/2025\/06\/municipales-2026-a-epinal-une-gauche-rassemblee-autour-de-daniela-amiunes\/","title":{"rendered":"Municipales 2026 \u00e0 \u00c9pinal : une gauche rassembl\u00e9e autour de Daniela Amiunes"},"content":{"rendered":"<div id=\"attachment_133372\" style=\"width: 1210px\" class=\"wp-caption aligncenter\"><a href=\"https:\/\/vosgesinfo.fr\/app\/uploads\/sites\/3\/2025\/06\/thumbnail-pre\u0301sentation-lste-2-28-juin-2025-photo-ste\u0301phane-calmels.jpg\"><img decoding=\"async\" aria-describedby=\"caption-attachment-133372\" class=\"size-full wp-image-133372\" src=\"https:\/\/vosgesinfo.fr\/app\/uploads\/sites\/3\/2025\/06\/thumbnail-pre\u0301sentation-lste-2-28-juin-2025-photo-ste\u0301phane-calmels.jpg\" alt=\"\" width=\"1200\" height=\"613\" srcset=\"https:\/\/vosgesinfo.fr\/app\/uploads\/sites\/3\/2025\/06\/thumbnail-pre\u0301sentation-lste-2-28-juin-2025-photo-ste\u0301phane-calmels.jpg 1200w, https:\/\/vosgesinfo.fr\/app\/uploads\/sites\/3\/2025\/06\/thumbnail-pre\u0301sentation-lste-2-28-juin-2025-photo-ste\u0301phane-calmels-300x153.jpg 300w, https:\/\/vosgesinfo.fr\/app\/uploads\/sites\/3\/2025\/06\/thumbnail-pre\u0301sentation-lste-2-28-juin-2025-photo-ste\u0301phane-calmels-1024x523.jpg 1024w, https:\/\/vosgesinfo.fr\/app\/uploads\/sites\/3\/2025\/06\/thumbnail-pre\u0301sentation-lste-2-28-juin-2025-photo-ste\u0301phane-calmels-768x392.jpg 768w\" sizes=\"(max-width: 1200px) 100vw, 1200px\" \/><\/a><p id=\"caption-attachment-133372\" class=\"wp-caption-text\">photographie St\u00e9phane Calmels<\/p><\/div>\n<h2 data-start=\"183\" data-end=\"611\"><strong>\u00c0 l\u2019approche des \u00e9lections municipales de 2026, la gauche spinalienne affiche son unit\u00e9 derri\u00e8re une figure d\u00e9sormais bien connue du paysage local : Daniela Amiunes. En officialisant sa candidature, celle qui incarne la liste \u00ab\u00a0\u00c9pinal en partage\u00a0\u00bb entend f\u00e9d\u00e9rer les diff\u00e9rentes sensibilit\u00e9s progressistes autour d\u2019un m\u00eame projet, port\u00e9 par des valeurs fortes : justice sociale, \u00e9cologie et d\u00e9mocratie participative.<\/strong><\/h2>\n<p data-start=\"613\" data-end=\"1020\">Professeure de l\u2019enseignement secondaire et engag\u00e9e de longue date, Daniela Amiunes se pr\u00e9sente comme la cheffe de file d\u2019un large rassemblement. Aux c\u00f4t\u00e9s des \u00e9cologistes qu\u2019elle repr\u00e9sente, elle est d\u00e9sormais rejointe par des membres de La France insoumise et du Parti communiste fran\u00e7ais, marquant ainsi une volont\u00e9 affirm\u00e9e de renouveler l\u2019exp\u00e9rience de l\u2019union de la gauche d\u00e9j\u00e0 tent\u00e9e en 2020.<\/p>\n<p data-start=\"1022\" data-end=\"1631\">La liste \u00ab\u00a0\u00c9pinal en partage\u00a0\u00bb s\u2019inscrit d\u2019ailleurs dans la continuit\u00e9 de cette pr\u00e9c\u00e9dente d\u00e9marche, alors intitul\u00e9e \u00ab\u00a0\u00c9pinal ouverte sur l\u2019avenir\u00a0\u00bb, qui avait atteint le second tour avec 12,73 % des voix. Forte de cette dynamique, la nouvelle \u00e9quipe se veut \u00e0 la fois fid\u00e8le \u00e0 ses engagements initiaux et ouverte \u00e0 de nouvelles propositions. Plusieurs colistiers de 2020 rempilent, rejoints cette fois par de nouveaux profils.<\/p>\n<p data-start=\"1633\" data-end=\"2027\">Si les grands axes du programme ne seront d\u00e9voil\u00e9s qu\u2019\u00e0 partir de septembre, les priorit\u00e9s du mouvement sont d\u2019ores et d\u00e9j\u00e0 trac\u00e9es : b\u00e2tir une politique municipale centr\u00e9e sur la solidarit\u00e9, l\u2019\u00e9galit\u00e9 et la protection du vivant. Autant de th\u00e9matiques qui devraient se d\u00e9cliner dans des mesures concr\u00e8tes, certaines issues du programme de 2020, d\u2019autres adapt\u00e9es aux enjeux actuels.<\/p>\n<p data-start=\"2029\" data-end=\"2293\">Avec cette candidature, la gauche spinalienne esp\u00e8re peser davantage dans le d\u00e9bat local, et offrir une alternative claire et coh\u00e9rente \u00e0 la politique municipale en place. Reste \u00e0 savoir si cette union renouvel\u00e9e saura convaincre au-del\u00e0 de son socle traditionnel.<\/p>\n<div id=\"attachment_133373\" style=\"width: 1210px\" class=\"wp-caption aligncenter\"><a href=\"https:\/\/vosgesinfo.fr\/app\/uploads\/sites\/3\/2025\/06\/thumbnail-pre\u0301sentation-liste-1-28-juin-2025-photo-ste\u0301phane-calmels.jpg\"><img decoding=\"async\" aria-describedby=\"caption-attachment-133373\" class=\"size-full wp-image-133373\" src=\"https:\/\/vosgesinfo.fr\/app\/uploads\/sites\/3\/2025\/06\/thumbnail-pre\u0301sentation-liste-1-28-juin-2025-photo-ste\u0301phane-calmels.jpg\" alt=\"\" width=\"1200\" height=\"613\" srcset=\"https:\/\/vosgesinfo.fr\/app\/uploads\/sites\/3\/2025\/06\/thumbnail-pre\u0301sentation-liste-1-28-juin-2025-photo-ste\u0301phane-calmels.jpg 1200w, https:\/\/vosgesinfo.fr\/app\/uploads\/sites\/3\/2025\/06\/thumbnail-pre\u0301sentation-liste-1-28-juin-2025-photo-ste\u0301phane-calmels-300x153.jpg 300w, https:\/\/vosgesinfo.fr\/app\/uploads\/sites\/3\/2025\/06\/thumbnail-pre\u0301sentation-liste-1-28-juin-2025-photo-ste\u0301phane-calmels-1024x523.jpg 1024w, https:\/\/vosgesinfo.fr\/app\/uploads\/sites\/3\/2025\/06\/thumbnail-pre\u0301sentation-liste-1-28-juin-2025-photo-ste\u0301phane-calmels-768x392.jpg 768w\" sizes=\"(max-width: 1200px) 100vw, 1200px\" \/><\/a><p id=\"caption-attachment-133373\" class=\"wp-caption-text\">photographie St\u00e9phane Calmels<\/p><\/div>\n","protected":false},"excerpt":{"rendered":"<p>\u00c0 l\u2019approche des \u00e9lections municipales de 2026, la gauche spinalienne affiche son unit\u00e9 derri\u00e8re une figure d\u00e9sormais bien connue du [&hellip;]<\/p>\n","protected":false},"author":52,"featured_media":133374,"comment_status":"open","ping_status":"open","sticky":false,"template":"","format":"standard","meta":{"footnotes":""},"categories":[22,24],"tags":[16807],"class_list":["post-133359","post","type-post","status-publish","format-standard","has-post-thumbnail","hentry","category-a-la-une","category-epinal","tag-elections-municipales-de-2026"],"acf":[],"yoast_head":"<!-- This site is optimized with the Yoast SEO plugin v22.5 - https:\/\/yoast.com\/wordpress\/plugins\/seo\/ -->\n<title>Municipales 2026 \u00e0 \u00c9pinal : une gauche rassembl\u00e9e autour de Daniela Amiunes - Epinal Info<\/title>\n<meta name=\"robots\" content=\"index, follow, max-snippet:-1, max-image-preview:large, max-video-preview:-1\" \/>\n<link rel=\"canonical\" href=\"https:\/\/vosgesinfo.fr\/epinalinfo\/2025\/06\/municipales-2026-a-epinal-une-gauche-rassemblee-autour-de-daniela-amiunes\/\" \/>\n<meta name=\"twitter:card\" content=\"summary_large_image\" \/>\n<meta name=\"twitter:title\" content=\"Municipales 2026 \u00e0 \u00c9pinal : une gauche rassembl\u00e9e autour de Daniela Amiunes - Epinal Info\" \/>\n<meta name=\"twitter:description\" content=\"\u00c0 l\u2019approche des \u00e9lections municipales de 2026, la gauche spinalienne affiche son unit\u00e9 derri\u00e8re une figure d\u00e9sormais bien connue du [&hellip;]\" \/>\n<meta name=\"twitter:image\" content=\"https:\/\/vosgesinfo.fr\/app\/uploads\/sites\/3\/2025\/06\/capture-decran-2025-06-29-105846.jpg\" \/>\n<meta name=\"twitter:creator\" content=\"@VosgesInfo88\" \/>\n<meta name=\"twitter:site\" content=\"@VosgesInfo88\" \/>\n<meta name=\"twitter:label1\" content=\"\u00c9crit par\" \/>\n\t<meta name=\"twitter:data1\" content=\"C.K.\" \/>\n\t<meta name=\"twitter:label2\" content=\"Dur\u00e9e de lecture estim\u00e9e\" \/>\n\t<meta name=\"twitter:data2\" content=\"2 minutes\" \/>\n<script type=\"application\/ld+json\" class=\"yoast-schema-graph\">{\"@context\":\"https:\/\/schema.org\",\"@graph\":[{\"@type\":\"Article\",\"@id\":\"https:\/\/vosgesinfo.fr\/epinalinfo\/2025\/06\/municipales-2026-a-epinal-une-gauche-rassemblee-autour-de-daniela-amiunes\/#article\",\"isPartOf\":{\"@id\":\"https:\/\/vosgesinfo.fr\/epinalinfo\/2025\/06\/municipales-2026-a-epinal-une-gauche-rassemblee-autour-de-daniela-amiunes\/\"},\"author\":{\"name\":\"C.K.\",\"@id\":\"https:\/\/vosgesinfo.fr\/epinalinfo\/#\/schema\/person\/6f9a650eeea99d969b6c4ab78fccbe81\"},\"headline\":\"Municipales 2026 \u00e0 \u00c9pinal : une gauche rassembl\u00e9e autour de Daniela Amiunes\",\"datePublished\":\"2025-06-30T05:00:31+00:00\",\"dateModified\":\"2025-06-29T08:59:45+00:00\",\"mainEntityOfPage\":{\"@id\":\"https:\/\/vosgesinfo.fr\/epinalinfo\/2025\/06\/municipales-2026-a-epinal-une-gauche-rassemblee-autour-de-daniela-amiunes\/\"},\"wordCount\":353,\"commentCount\":1,\"publisher\":{\"@id\":\"https:\/\/vosgesinfo.fr\/epinalinfo\/#organization\"},\"image\":{\"@id\":\"https:\/\/vosgesinfo.fr\/epinalinfo\/2025\/06\/municipales-2026-a-epinal-une-gauche-rassemblee-autour-de-daniela-amiunes\/#primaryimage\"},\"thumbnailUrl\":\"https:\/\/vosgesinfo.fr\/app\/uploads\/sites\/3\/2025\/06\/capture-decran-2025-06-29-105846.jpg\",\"keywords\":[\"\u00e9lections municipales de 2026\"],\"articleSection\":[\"A la Une\",\"Epinal\"],\"inLanguage\":\"fr-FR\",\"potentialAction\":[{\"@type\":\"CommentAction\",\"name\":\"Comment\",\"target\":[\"https:\/\/vosgesinfo.fr\/epinalinfo\/2025\/06\/municipales-2026-a-epinal-une-gauche-rassemblee-autour-de-daniela-amiunes\/#respond\"]}]},{\"@type\":\"WebPage\",\"@id\":\"https:\/\/vosgesinfo.fr\/epinalinfo\/2025\/06\/municipales-2026-a-epinal-une-gauche-rassemblee-autour-de-daniela-amiunes\/\",\"url\":\"https:\/\/vosgesinfo.fr\/epinalinfo\/2025\/06\/municipales-2026-a-epinal-une-gauche-rassemblee-autour-de-daniela-amiunes\/\",\"name\":\"Municipales 2026 \u00e0 \u00c9pinal : une gauche rassembl\u00e9e autour de Daniela Amiunes - Epinal Info\",\"isPartOf\":{\"@id\":\"https:\/\/vosgesinfo.fr\/epinalinfo\/#website\"},\"primaryImageOfPage\":{\"@id\":\"https:\/\/vosgesinfo.fr\/epinalinfo\/2025\/06\/municipales-2026-a-epinal-une-gauche-rassemblee-autour-de-daniela-amiunes\/#primaryimage\"},\"image\":{\"@id\":\"https:\/\/vosgesinfo.fr\/epinalinfo\/2025\/06\/municipales-2026-a-epinal-une-gauche-rassemblee-autour-de-daniela-amiunes\/#primaryimage\"},\"thumbnailUrl\":\"https:\/\/vosgesinfo.fr\/app\/uploads\/sites\/3\/2025\/06\/capture-decran-2025-06-29-105846.jpg\",\"datePublished\":\"2025-06-30T05:00:31+00:00\",\"dateModified\":\"2025-06-29T08:59:45+00:00\",\"breadcrumb\":{\"@id\":\"https:\/\/vosgesinfo.fr\/epinalinfo\/2025\/06\/municipales-2026-a-epinal-une-gauche-rassemblee-autour-de-daniela-amiunes\/#breadcrumb\"},\"inLanguage\":\"fr-FR\",\"potentialAction\":[{\"@type\":\"ReadAction\",\"target\":[\"https:\/\/vosgesinfo.fr\/epinalinfo\/2025\/06\/municipales-2026-a-epinal-une-gauche-rassemblee-autour-de-daniela-amiunes\/\"]}]},{\"@type\":\"ImageObject\",\"inLanguage\":\"fr-FR\",\"@id\":\"https:\/\/vosgesinfo.fr\/epinalinfo\/2025\/06\/municipales-2026-a-epinal-une-gauche-rassemblee-autour-de-daniela-amiunes\/#primaryimage\",\"url\":\"https:\/\/vosgesinfo.fr\/app\/uploads\/sites\/3\/2025\/06\/capture-decran-2025-06-29-105846.jpg\",\"contentUrl\":\"https:\/\/vosgesinfo.fr\/app\/uploads\/sites\/3\/2025\/06\/capture-decran-2025-06-29-105846.jpg\",\"width\":1278,\"height\":739},{\"@type\":\"BreadcrumbList\",\"@id\":\"https:\/\/vosgesinfo.fr\/epinalinfo\/2025\/06\/municipales-2026-a-epinal-une-gauche-rassemblee-autour-de-daniela-amiunes\/#breadcrumb\",\"itemListElement\":[{\"@type\":\"ListItem\",\"position\":1,\"name\":\"Home\",\"item\":\"https:\/\/vosgesinfo.fr\/epinalinfo\/\"},{\"@type\":\"ListItem\",\"position\":2,\"name\":\"Municipales 2026 \u00e0 \u00c9pinal : une gauche rassembl\u00e9e autour de Daniela Amiunes\"}]},{\"@type\":\"WebSite\",\"@id\":\"https:\/\/vosgesinfo.fr\/epinalinfo\/#website\",\"url\":\"https:\/\/vosgesinfo.fr\/epinalinfo\/\",\"name\":\"Epinal Info\",\"description\":\"Toute l&#039;actualit\u00e9 d&#039;\u00c9pinal\",\"publisher\":{\"@id\":\"https:\/\/vosgesinfo.fr\/epinalinfo\/#organization\"},\"alternateName\":\"Toute l'actualit\u00e9 d'\u00c9pinal\",\"potentialAction\":[{\"@type\":\"SearchAction\",\"target\":{\"@type\":\"EntryPoint\",\"urlTemplate\":\"https:\/\/vosgesinfo.fr\/epinalinfo\/?s={search_term_string}\"},\"query-input\":\"required name=search_term_string\"}],\"inLanguage\":\"fr-FR\"},{\"@type\":\"Organization\",\"@id\":\"https:\/\/vosgesinfo.fr\/epinalinfo\/#organization\",\"name\":\"Epinal Info\",\"url\":\"https:\/\/vosgesinfo.fr\/epinalinfo\/\",\"logo\":{\"@type\":\"ImageObject\",\"inLanguage\":\"fr-FR\",\"@id\":\"https:\/\/vosgesinfo.fr\/epinalinfo\/#\/schema\/logo\/image\/\",\"url\":\"https:\/\/vosgesinfo.fr\/app\/uploads\/sites\/3\/2023\/08\/logo-epinalinfos.svg\",\"contentUrl\":\"https:\/\/vosgesinfo.fr\/app\/uploads\/sites\/3\/2023\/08\/logo-epinalinfos.svg\",\"width\":1,\"height\":1,\"caption\":\"Epinal Info\"},\"image\":{\"@id\":\"https:\/\/vosgesinfo.fr\/epinalinfo\/#\/schema\/logo\/image\/\"},\"sameAs\":[\"https:\/\/www.facebook.com\/Epinalinfos\",\"https:\/\/x.com\/VosgesInfo88\",\"https:\/\/www.youtube.com\/@vosgesinfo\"]},{\"@type\":\"Person\",\"@id\":\"https:\/\/vosgesinfo.fr\/epinalinfo\/#\/schema\/person\/6f9a650eeea99d969b6c4ab78fccbe81\",\"name\":\"C.K.\",\"image\":{\"@type\":\"ImageObject\",\"inLanguage\":\"fr-FR\",\"@id\":\"https:\/\/vosgesinfo.fr\/epinalinfo\/#\/schema\/person\/image\/\",\"url\":\"https:\/\/secure.gravatar.com\/avatar\/48e3fc7f8421ba8942be6b74a2b7f014ca39bc00dece156b7a8e098ae7dc87bf?s=96&d=mm&r=g\",\"contentUrl\":\"https:\/\/secure.gravatar.com\/avatar\/48e3fc7f8421ba8942be6b74a2b7f014ca39bc00dece156b7a8e098ae7dc87bf?s=96&d=mm&r=g\",\"caption\":\"C.K.\"},\"url\":\"https:\/\/vosgesinfo.fr\/epinalinfo\/author\/celia-k-n\/\"}]}<\/script>\n<!-- \/ Yoast SEO plugin. -->","yoast_head_json":{"title":"Municipales 2026 \u00e0 \u00c9pinal : une gauche rassembl\u00e9e autour de Daniela Amiunes - Epinal Info","robots":{"index":"index","follow":"follow","max-snippet":"max-snippet:-1","max-image-preview":"max-image-preview:large","max-video-preview":"max-video-preview:-1"},"canonical":"https:\/\/vosgesinfo.fr\/epinalinfo\/2025\/06\/municipales-2026-a-epinal-une-gauche-rassemblee-autour-de-daniela-amiunes\/","twitter_card":"summary_large_image","twitter_title":"Municipales 2026 \u00e0 \u00c9pinal : une gauche rassembl\u00e9e autour de Daniela Amiunes - Epinal Info","twitter_description":"\u00c0 l\u2019approche des \u00e9lections municipales de 2026, la gauche spinalienne affiche son unit\u00e9 derri\u00e8re une figure d\u00e9sormais bien connue du [&hellip;]","twitter_image":"https:\/\/vosgesinfo.fr\/app\/uploads\/sites\/3\/2025\/06\/capture-decran-2025-06-29-105846.jpg","twitter_creator":"@VosgesInfo88","twitter_site":"@VosgesInfo88","twitter_misc":{"\u00c9crit par":"C.K.","Dur\u00e9e de lecture estim\u00e9e":"2 minutes"},"schema":{"@context":"https:\/\/schema.org","@graph":[{"@type":"Article","@id":"https:\/\/vosgesinfo.fr\/epinalinfo\/2025\/06\/municipales-2026-a-epinal-une-gauche-rassemblee-autour-de-daniela-amiunes\/#article","isPartOf":{"@id":"https:\/\/vosgesinfo.fr\/epinalinfo\/2025\/06\/municipales-2026-a-epinal-une-gauche-rassemblee-autour-de-daniela-amiunes\/"},"author":{"name":"C.K.","@id":"https:\/\/vosgesinfo.fr\/epinalinfo\/#\/schema\/person\/6f9a650eeea99d969b6c4ab78fccbe81"},"headline":"Municipales 2026 \u00e0 \u00c9pinal : une gauche rassembl\u00e9e autour de Daniela Amiunes","datePublished":"2025-06-30T05:00:31+00:00","dateModified":"2025-06-29T08:59:45+00:00","mainEntityOfPage":{"@id":"https:\/\/vosgesinfo.fr\/epinalinfo\/2025\/06\/municipales-2026-a-epinal-une-gauche-rassemblee-autour-de-daniela-amiunes\/"},"wordCount":353,"commentCount":1,"publisher":{"@id":"https:\/\/vosgesinfo.fr\/epinalinfo\/#organization"},"image":{"@id":"https:\/\/vosgesinfo.fr\/epinalinfo\/2025\/06\/municipales-2026-a-epinal-une-gauche-rassemblee-autour-de-daniela-amiunes\/#primaryimage"},"thumbnailUrl":"https:\/\/vosgesinfo.fr\/app\/uploads\/sites\/3\/2025\/06\/capture-decran-2025-06-29-105846.jpg","keywords":["\u00e9lections municipales de 2026"],"articleSection":["A la Une","Epinal"],"inLanguage":"fr-FR","potentialAction":[{"@type":"CommentAction","name":"Comment","target":["https:\/\/vosgesinfo.fr\/epinalinfo\/2025\/06\/municipales-2026-a-epinal-une-gauche-rassemblee-autour-de-daniela-amiunes\/#respond"]}]},{"@type":"WebPage","@id":"https:\/\/vosgesinfo.fr\/epinalinfo\/2025\/06\/municipales-2026-a-epinal-une-gauche-rassemblee-autour-de-daniela-amiunes\/","url":"https:\/\/vosgesinfo.fr\/epinalinfo\/2025\/06\/municipales-2026-a-epinal-une-gauche-rassemblee-autour-de-daniela-amiunes\/","name":"Municipales 2026 \u00e0 \u00c9pinal : une gauche rassembl\u00e9e autour de Daniela Amiunes - Epinal Info","isPartOf":{"@id":"https:\/\/vosgesinfo.fr\/epinalinfo\/#website"},"primaryImageOfPage":{"@id":"https:\/\/vosgesinfo.fr\/epinalinfo\/2025\/06\/municipales-2026-a-epinal-une-gauche-rassemblee-autour-de-daniela-amiunes\/#primaryimage"},"image":{"@id":"https:\/\/vosgesinfo.fr\/epinalinfo\/2025\/06\/municipales-2026-a-epinal-une-gauche-rassemblee-autour-de-daniela-amiunes\/#primaryimage"},"thumbnailUrl":"https:\/\/vosgesinfo.fr\/app\/uploads\/sites\/3\/2025\/06\/capture-decran-2025-06-29-105846.jpg","datePublished":"2025-06-30T05:00:31+00:00","dateModified":"2025-06-29T08:59:45+00:00","breadcrumb":{"@id":"https:\/\/vosgesinfo.fr\/epinalinfo\/2025\/06\/municipales-2026-a-epinal-une-gauche-rassemblee-autour-de-daniela-amiunes\/#breadcrumb"},"inLanguage":"fr-FR","potentialAction":[{"@type":"ReadAction","target":["https:\/\/vosgesinfo.fr\/epinalinfo\/2025\/06\/municipales-2026-a-epinal-une-gauche-rassemblee-autour-de-daniela-amiunes\/"]}]},{"@type":"ImageObject","inLanguage":"fr-FR","@id":"https:\/\/vosgesinfo.fr\/epinalinfo\/2025\/06\/municipales-2026-a-epinal-une-gauche-rassemblee-autour-de-daniela-amiunes\/#primaryimage","url":"https:\/\/vosgesinfo.fr\/app\/uploads\/sites\/3\/2025\/06\/capture-decran-2025-06-29-105846.jpg","contentUrl":"https:\/\/vosgesinfo.fr\/app\/uploads\/sites\/3\/2025\/06\/capture-decran-2025-06-29-105846.jpg","width":1278,"height":739},{"@type":"BreadcrumbList","@id":"https:\/\/vosgesinfo.fr\/epinalinfo\/2025\/06\/municipales-2026-a-epinal-une-gauche-rassemblee-autour-de-daniela-amiunes\/#breadcrumb","itemListElement":[{"@type":"ListItem","position":1,"name":"Home","item":"https:\/\/vosgesinfo.fr\/epinalinfo\/"},{"@type":"ListItem","position":2,"name":"Municipales 2026 \u00e0 \u00c9pinal : une gauche rassembl\u00e9e autour de Daniela Amiunes"}]},{"@type":"WebSite","@id":"https:\/\/vosgesinfo.fr\/epinalinfo\/#website","url":"https:\/\/vosgesinfo.fr\/epinalinfo\/","name":"Epinal Info","description":"Toute l&#039;actualit\u00e9 d&#039;\u00c9pinal","publisher":{"@id":"https:\/\/vosgesinfo.fr\/epinalinfo\/#organization"},"alternateName":"Toute l'actualit\u00e9 d'\u00c9pinal","potentialAction":[{"@type":"SearchAction","target":{"@type":"EntryPoint","urlTemplate":"https:\/\/vosgesinfo.fr\/epinalinfo\/?s={search_term_string}"},"query-input":"required name=search_term_string"}],"inLanguage":"fr-FR"},{"@type":"Organization","@id":"https:\/\/vosgesinfo.fr\/epinalinfo\/#organization","name":"Epinal Info","url":"https:\/\/vosgesinfo.fr\/epinalinfo\/","logo":{"@type":"ImageObject","inLanguage":"fr-FR","@id":"https:\/\/vosgesinfo.fr\/epinalinfo\/#\/schema\/logo\/image\/","url":"https:\/\/vosgesinfo.fr\/app\/uploads\/sites\/3\/2023\/08\/logo-epinalinfos.svg","contentUrl":"https:\/\/vosgesinfo.fr\/app\/uploads\/sites\/3\/2023\/08\/logo-epinalinfos.svg","width":1,"height":1,"caption":"Epinal Info"},"image":{"@id":"https:\/\/vosgesinfo.fr\/epinalinfo\/#\/schema\/logo\/image\/"},"sameAs":["https:\/\/www.facebook.com\/Epinalinfos","https:\/\/x.com\/VosgesInfo88","https:\/\/www.youtube.com\/@vosgesinfo"]},{"@type":"Person","@id":"https:\/\/vosgesinfo.fr\/epinalinfo\/#\/schema\/person\/6f9a650eeea99d969b6c4ab78fccbe81","name":"C.K.","image":{"@type":"ImageObject","inLanguage":"fr-FR","@id":"https:\/\/vosgesinfo.fr\/epinalinfo\/#\/schema\/person\/image\/","url":"https:\/\/secure.gravatar.com\/avatar\/48e3fc7f8421ba8942be6b74a2b7f014ca39bc00dece156b7a8e098ae7dc87bf?s=96&d=mm&r=g","contentUrl":"https:\/\/secure.gravatar.com\/avatar\/48e3fc7f8421ba8942be6b74a2b7f014ca39bc00dece156b7a8e098ae7dc87bf?s=96&d=mm&r=g","caption":"C.K."},"url":"https:\/\/vosgesinfo.fr\/epinalinfo\/author\/celia-k-n\/"}]}},"_links":{"self":[{"href":"https:\/\/vosgesinfo.fr\/epinalinfo\/wp-json\/wp\/v2\/posts\/133359","targetHints":{"allow":["GET"]}}],"collection":[{"href":"https:\/\/vosgesinfo.fr\/epinalinfo\/wp-json\/wp\/v2\/posts"}],"about":[{"href":"https:\/\/vosgesinfo.fr\/epinalinfo\/wp-json\/wp\/v2\/types\/post"}],"author":[{"embeddable":true,"href":"https:\/\/vosgesinfo.fr\/epinalinfo\/wp-json\/wp\/v2\/users\/52"}],"replies":[{"embeddable":true,"href":"https:\/\/vosgesinfo.fr\/epinalinfo\/wp-json\/wp\/v2\/comments?post=133359"}],"version-history":[{"count":2,"href":"https:\/\/vosgesinfo.fr\/epinalinfo\/wp-json\/wp\/v2\/posts\/133359\/revisions"}],"predecessor-version":[{"id":133375,"href":"https:\/\/vosgesinfo.fr\/epinalinfo\/wp-json\/wp\/v2\/posts\/133359\/revisions\/133375"}],"wp:featuredmedia":[{"embeddable":true,"href":"https:\/\/vosgesinfo.fr\/epinalinfo\/wp-json\/wp\/v2\/media\/133374"}],"wp:attachment":[{"href":"https:\/\/vosgesinfo.fr\/epinalinfo\/wp-json\/wp\/v2\/media?parent=133359"}],"wp:term":[{"taxonomy":"category","embeddable":true,"href":"https:\/\/vosgesinfo.fr\/epinalinfo\/wp-json\/wp\/v2\/categories?post=133359"},{"taxonomy":"post_tag","embeddable":true,"href":"https:\/\/vosgesinfo.fr\/epinalinfo\/wp-json\/wp\/v2\/tags?post=133359"}],"curies":[{"name":"wp","href":"https:\/\/api.w.org\/{rel}","templated":true}]}}