{"id":133388,"date":"2025-06-30T07:11:55","date_gmt":"2025-06-30T05:11:55","guid":{"rendered":"https:\/\/vosgesinfo.fr\/epinalinfo\/?p=133388"},"modified":"2025-06-29T11:14:29","modified_gmt":"2025-06-29T09:14:29","slug":"le-cinema-sinvite-aux-3-rivieres-a-chatel-sur-moselle","status":"publish","type":"post","link":"https:\/\/vosgesinfo.fr\/epinalinfo\/2025\/06\/le-cinema-sinvite-aux-3-rivieres-a-chatel-sur-moselle\/","title":{"rendered":"Le cin\u00e9ma s&rsquo;invite aux 3 Rivi\u00e8res \u00e0 Ch\u00e2tel-sur-Moselle !"},"content":{"rendered":"<h2 data-start=\"148\" data-end=\"461\"><a href=\"https:\/\/vosgesinfo.fr\/app\/uploads\/sites\/3\/2025\/06\/projection3rivieres2.jpg\"><img decoding=\"async\" class=\"aligncenter size-full wp-image-133389\" src=\"https:\/\/vosgesinfo.fr\/app\/uploads\/sites\/3\/2025\/06\/projection3rivieres2.jpg\" alt=\"\" width=\"1600\" height=\"740\" srcset=\"https:\/\/vosgesinfo.fr\/app\/uploads\/sites\/3\/2025\/06\/projection3rivieres2.jpg 1600w, https:\/\/vosgesinfo.fr\/app\/uploads\/sites\/3\/2025\/06\/projection3rivieres2-300x139.jpg 300w, https:\/\/vosgesinfo.fr\/app\/uploads\/sites\/3\/2025\/06\/projection3rivieres2-1024x474.jpg 1024w, https:\/\/vosgesinfo.fr\/app\/uploads\/sites\/3\/2025\/06\/projection3rivieres2-768x355.jpg 768w, https:\/\/vosgesinfo.fr\/app\/uploads\/sites\/3\/2025\/06\/projection3rivieres2-1536x710.jpg 1536w\" sizes=\"(max-width: 1600px) 100vw, 1600px\" \/><\/a>Mercredi 25 juin 2025, les r\u00e9sidents de l\u2019EHPAD des 3 Rivi\u00e8res \u00e0 Ch\u00e2tel-sur-Moselle ont v\u00e9cu une apr\u00e8s-midi pas comme les autres. Pour la premi\u00e8re fois, une projection de film s\u2019est tenue au sein m\u00eame de l\u2019\u00e9tablissement, transformant une salle en v\u00e9ritable mini-cin\u00e9ma, pour le plus grand plaisir des spectateurs.<\/h2>\n<p data-start=\"463\" data-end=\"797\">Cette projection inaugurale marque le d\u00e9but d\u2019un projet ambitieux et porteur de sens, soutenu par le Rotary Club d\u2019\u00c9pinal en partenariat avec l\u2019association La Riviera. L\u2019objectif : offrir un acc\u00e8s r\u00e9gulier au divertissement cin\u00e9matographique aux personnes \u00e2g\u00e9es d\u00e9pendantes, sans qu\u2019elles aient \u00e0 quitter leur lieu de vie.<\/p>\n<p data-start=\"799\" data-end=\"1097\">C\u2019est la soci\u00e9t\u00e9 CollectivisionR, sp\u00e9cialis\u00e9e dans les animations immersives en \u00e9tablissements de sant\u00e9, qui est en charge de la mise en \u0153uvre technique. Gr\u00e2ce \u00e0 son \u00e9quipement professionnel, les r\u00e9sidents peuvent profiter d\u2019une qualit\u00e9 d\u2019image et de son comparable \u00e0 celle d\u2019une salle obscure.<\/p>\n<p data-start=\"1270\" data-end=\"1552\">L\u2019exp\u00e9rience ne s\u2019arr\u00eate pas l\u00e0 : plusieurs projections sont pr\u00e9vues tout au long de l\u2019ann\u00e9e, avec une s\u00e9lection de films vari\u00e9e, allant des grands classiques aux com\u00e9dies populaires, en passant par des documentaires ou films d\u2019\u00e9poque choisis en concertation avec les r\u00e9sidents.<\/p>\n<p data-start=\"1270\" data-end=\"1552\"><a href=\"https:\/\/vosgesinfo.fr\/app\/uploads\/sites\/3\/2025\/06\/projection3rivieres1.jpg\"><img decoding=\"async\" class=\"aligncenter size-full wp-image-133390\" src=\"https:\/\/vosgesinfo.fr\/app\/uploads\/sites\/3\/2025\/06\/projection3rivieres1.jpg\" alt=\"\" width=\"1600\" height=\"1200\" srcset=\"https:\/\/vosgesinfo.fr\/app\/uploads\/sites\/3\/2025\/06\/projection3rivieres1.jpg 1600w, https:\/\/vosgesinfo.fr\/app\/uploads\/sites\/3\/2025\/06\/projection3rivieres1-300x225.jpg 300w, https:\/\/vosgesinfo.fr\/app\/uploads\/sites\/3\/2025\/06\/projection3rivieres1-1024x768.jpg 1024w, https:\/\/vosgesinfo.fr\/app\/uploads\/sites\/3\/2025\/06\/projection3rivieres1-768x576.jpg 768w, https:\/\/vosgesinfo.fr\/app\/uploads\/sites\/3\/2025\/06\/projection3rivieres1-1536x1152.jpg 1536w\" sizes=\"(max-width: 1600px) 100vw, 1600px\" \/><\/a><\/p>\n","protected":false},"excerpt":{"rendered":"<p>Mercredi 25 juin 2025, les r\u00e9sidents de l\u2019EHPAD des 3 Rivi\u00e8res \u00e0 Ch\u00e2tel-sur-Moselle ont v\u00e9cu une apr\u00e8s-midi pas comme les [&hellip;]<\/p>\n","protected":false},"author":52,"featured_media":133389,"comment_status":"open","ping_status":"open","sticky":false,"template":"","format":"standard","meta":{"footnotes":""},"categories":[22,24],"tags":[16808,137],"class_list":["post-133388","post","type-post","status-publish","format-standard","has-post-thumbnail","hentry","category-a-la-une","category-epinal","tag-3-rivieres-a-chatel-sur-moselle","tag-cinema"],"acf":[],"yoast_head":"<!-- This site is optimized with the Yoast SEO plugin v22.5 - https:\/\/yoast.com\/wordpress\/plugins\/seo\/ -->\n<title>Le cin\u00e9ma s&#039;invite aux 3 Rivi\u00e8res \u00e0 Ch\u00e2tel-sur-Moselle ! - Epinal Info<\/title>\n<meta name=\"robots\" content=\"index, follow, max-snippet:-1, max-image-preview:large, max-video-preview:-1\" \/>\n<link rel=\"canonical\" href=\"https:\/\/vosgesinfo.fr\/epinalinfo\/2025\/06\/le-cinema-sinvite-aux-3-rivieres-a-chatel-sur-moselle\/\" \/>\n<meta name=\"twitter:card\" content=\"summary_large_image\" \/>\n<meta name=\"twitter:title\" content=\"Le cin\u00e9ma s&#039;invite aux 3 Rivi\u00e8res \u00e0 Ch\u00e2tel-sur-Moselle ! - Epinal Info\" \/>\n<meta name=\"twitter:description\" content=\"Mercredi 25 juin 2025, les r\u00e9sidents de l\u2019EHPAD des 3 Rivi\u00e8res \u00e0 Ch\u00e2tel-sur-Moselle ont v\u00e9cu une apr\u00e8s-midi pas comme les [&hellip;]\" \/>\n<meta name=\"twitter:image\" content=\"https:\/\/vosgesinfo.fr\/app\/uploads\/sites\/3\/2025\/06\/projection3rivieres2.jpg\" \/>\n<meta name=\"twitter:creator\" content=\"@VosgesInfo88\" \/>\n<meta name=\"twitter:site\" content=\"@VosgesInfo88\" \/>\n<meta name=\"twitter:label1\" content=\"\u00c9crit par\" \/>\n\t<meta name=\"twitter:data1\" content=\"C.K.\" \/>\n\t<meta name=\"twitter:label2\" content=\"Dur\u00e9e de lecture estim\u00e9e\" \/>\n\t<meta name=\"twitter:data2\" content=\"1 minute\" \/>\n<script type=\"application\/ld+json\" class=\"yoast-schema-graph\">{\"@context\":\"https:\/\/schema.org\",\"@graph\":[{\"@type\":\"Article\",\"@id\":\"https:\/\/vosgesinfo.fr\/epinalinfo\/2025\/06\/le-cinema-sinvite-aux-3-rivieres-a-chatel-sur-moselle\/#article\",\"isPartOf\":{\"@id\":\"https:\/\/vosgesinfo.fr\/epinalinfo\/2025\/06\/le-cinema-sinvite-aux-3-rivieres-a-chatel-sur-moselle\/\"},\"author\":{\"name\":\"C.K.\",\"@id\":\"https:\/\/vosgesinfo.fr\/epinalinfo\/#\/schema\/person\/6f9a650eeea99d969b6c4ab78fccbe81\"},\"headline\":\"Le cin\u00e9ma s&rsquo;invite aux 3 Rivi\u00e8res \u00e0 Ch\u00e2tel-sur-Moselle !\",\"datePublished\":\"2025-06-30T05:11:55+00:00\",\"dateModified\":\"2025-06-29T09:14:29+00:00\",\"mainEntityOfPage\":{\"@id\":\"https:\/\/vosgesinfo.fr\/epinalinfo\/2025\/06\/le-cinema-sinvite-aux-3-rivieres-a-chatel-sur-moselle\/\"},\"wordCount\":227,\"commentCount\":0,\"publisher\":{\"@id\":\"https:\/\/vosgesinfo.fr\/epinalinfo\/#organization\"},\"image\":{\"@id\":\"https:\/\/vosgesinfo.fr\/epinalinfo\/2025\/06\/le-cinema-sinvite-aux-3-rivieres-a-chatel-sur-moselle\/#primaryimage\"},\"thumbnailUrl\":\"https:\/\/vosgesinfo.fr\/app\/uploads\/sites\/3\/2025\/06\/projection3rivieres2.jpg\",\"keywords\":[\"3 Rivi\u00e8res \u00e0 Ch\u00e2tel-sur-Moselle\",\"cin\u00e9ma\"],\"articleSection\":[\"A la Une\",\"Epinal\"],\"inLanguage\":\"fr-FR\",\"potentialAction\":[{\"@type\":\"CommentAction\",\"name\":\"Comment\",\"target\":[\"https:\/\/vosgesinfo.fr\/epinalinfo\/2025\/06\/le-cinema-sinvite-aux-3-rivieres-a-chatel-sur-moselle\/#respond\"]}]},{\"@type\":\"WebPage\",\"@id\":\"https:\/\/vosgesinfo.fr\/epinalinfo\/2025\/06\/le-cinema-sinvite-aux-3-rivieres-a-chatel-sur-moselle\/\",\"url\":\"https:\/\/vosgesinfo.fr\/epinalinfo\/2025\/06\/le-cinema-sinvite-aux-3-rivieres-a-chatel-sur-moselle\/\",\"name\":\"Le cin\u00e9ma s'invite aux 3 Rivi\u00e8res \u00e0 Ch\u00e2tel-sur-Moselle ! - Epinal Info\",\"isPartOf\":{\"@id\":\"https:\/\/vosgesinfo.fr\/epinalinfo\/#website\"},\"primaryImageOfPage\":{\"@id\":\"https:\/\/vosgesinfo.fr\/epinalinfo\/2025\/06\/le-cinema-sinvite-aux-3-rivieres-a-chatel-sur-moselle\/#primaryimage\"},\"image\":{\"@id\":\"https:\/\/vosgesinfo.fr\/epinalinfo\/2025\/06\/le-cinema-sinvite-aux-3-rivieres-a-chatel-sur-moselle\/#primaryimage\"},\"thumbnailUrl\":\"https:\/\/vosgesinfo.fr\/app\/uploads\/sites\/3\/2025\/06\/projection3rivieres2.jpg\",\"datePublished\":\"2025-06-30T05:11:55+00:00\",\"dateModified\":\"2025-06-29T09:14:29+00:00\",\"breadcrumb\":{\"@id\":\"https:\/\/vosgesinfo.fr\/epinalinfo\/2025\/06\/le-cinema-sinvite-aux-3-rivieres-a-chatel-sur-moselle\/#breadcrumb\"},\"inLanguage\":\"fr-FR\",\"potentialAction\":[{\"@type\":\"ReadAction\",\"target\":[\"https:\/\/vosgesinfo.fr\/epinalinfo\/2025\/06\/le-cinema-sinvite-aux-3-rivieres-a-chatel-sur-moselle\/\"]}]},{\"@type\":\"ImageObject\",\"inLanguage\":\"fr-FR\",\"@id\":\"https:\/\/vosgesinfo.fr\/epinalinfo\/2025\/06\/le-cinema-sinvite-aux-3-rivieres-a-chatel-sur-moselle\/#primaryimage\",\"url\":\"https:\/\/vosgesinfo.fr\/app\/uploads\/sites\/3\/2025\/06\/projection3rivieres2.jpg\",\"contentUrl\":\"https:\/\/vosgesinfo.fr\/app\/uploads\/sites\/3\/2025\/06\/projection3rivieres2.jpg\",\"width\":1600,\"height\":740},{\"@type\":\"BreadcrumbList\",\"@id\":\"https:\/\/vosgesinfo.fr\/epinalinfo\/2025\/06\/le-cinema-sinvite-aux-3-rivieres-a-chatel-sur-moselle\/#breadcrumb\",\"itemListElement\":[{\"@type\":\"ListItem\",\"position\":1,\"name\":\"Home\",\"item\":\"https:\/\/vosgesinfo.fr\/epinalinfo\/\"},{\"@type\":\"ListItem\",\"position\":2,\"name\":\"Le cin\u00e9ma s&rsquo;invite aux 3 Rivi\u00e8res \u00e0 Ch\u00e2tel-sur-Moselle !\"}]},{\"@type\":\"WebSite\",\"@id\":\"https:\/\/vosgesinfo.fr\/epinalinfo\/#website\",\"url\":\"https:\/\/vosgesinfo.fr\/epinalinfo\/\",\"name\":\"Epinal Info\",\"description\":\"Toute l&#039;actualit\u00e9 d&#039;\u00c9pinal\",\"publisher\":{\"@id\":\"https:\/\/vosgesinfo.fr\/epinalinfo\/#organization\"},\"alternateName\":\"Toute l'actualit\u00e9 d'\u00c9pinal\",\"potentialAction\":[{\"@type\":\"SearchAction\",\"target\":{\"@type\":\"EntryPoint\",\"urlTemplate\":\"https:\/\/vosgesinfo.fr\/epinalinfo\/?s={search_term_string}\"},\"query-input\":\"required name=search_term_string\"}],\"inLanguage\":\"fr-FR\"},{\"@type\":\"Organization\",\"@id\":\"https:\/\/vosgesinfo.fr\/epinalinfo\/#organization\",\"name\":\"Epinal Info\",\"url\":\"https:\/\/vosgesinfo.fr\/epinalinfo\/\",\"logo\":{\"@type\":\"ImageObject\",\"inLanguage\":\"fr-FR\",\"@id\":\"https:\/\/vosgesinfo.fr\/epinalinfo\/#\/schema\/logo\/image\/\",\"url\":\"https:\/\/vosgesinfo.fr\/app\/uploads\/sites\/3\/2023\/08\/logo-epinalinfos.svg\",\"contentUrl\":\"https:\/\/vosgesinfo.fr\/app\/uploads\/sites\/3\/2023\/08\/logo-epinalinfos.svg\",\"width\":1,\"height\":1,\"caption\":\"Epinal Info\"},\"image\":{\"@id\":\"https:\/\/vosgesinfo.fr\/epinalinfo\/#\/schema\/logo\/image\/\"},\"sameAs\":[\"https:\/\/www.facebook.com\/Epinalinfos\",\"https:\/\/x.com\/VosgesInfo88\",\"https:\/\/www.youtube.com\/@vosgesinfo\"]},{\"@type\":\"Person\",\"@id\":\"https:\/\/vosgesinfo.fr\/epinalinfo\/#\/schema\/person\/6f9a650eeea99d969b6c4ab78fccbe81\",\"name\":\"C.K.\",\"image\":{\"@type\":\"ImageObject\",\"inLanguage\":\"fr-FR\",\"@id\":\"https:\/\/vosgesinfo.fr\/epinalinfo\/#\/schema\/person\/image\/\",\"url\":\"https:\/\/secure.gravatar.com\/avatar\/48e3fc7f8421ba8942be6b74a2b7f014ca39bc00dece156b7a8e098ae7dc87bf?s=96&d=mm&r=g\",\"contentUrl\":\"https:\/\/secure.gravatar.com\/avatar\/48e3fc7f8421ba8942be6b74a2b7f014ca39bc00dece156b7a8e098ae7dc87bf?s=96&d=mm&r=g\",\"caption\":\"C.K.\"},\"url\":\"https:\/\/vosgesinfo.fr\/epinalinfo\/author\/celia-k-n\/\"}]}<\/script>\n<!-- \/ Yoast SEO plugin. -->","yoast_head_json":{"title":"Le cin\u00e9ma s'invite aux 3 Rivi\u00e8res \u00e0 Ch\u00e2tel-sur-Moselle ! - Epinal Info","robots":{"index":"index","follow":"follow","max-snippet":"max-snippet:-1","max-image-preview":"max-image-preview:large","max-video-preview":"max-video-preview:-1"},"canonical":"https:\/\/vosgesinfo.fr\/epinalinfo\/2025\/06\/le-cinema-sinvite-aux-3-rivieres-a-chatel-sur-moselle\/","twitter_card":"summary_large_image","twitter_title":"Le cin\u00e9ma s'invite aux 3 Rivi\u00e8res \u00e0 Ch\u00e2tel-sur-Moselle ! - Epinal Info","twitter_description":"Mercredi 25 juin 2025, les r\u00e9sidents de l\u2019EHPAD des 3 Rivi\u00e8res \u00e0 Ch\u00e2tel-sur-Moselle ont v\u00e9cu une apr\u00e8s-midi pas comme les [&hellip;]","twitter_image":"https:\/\/vosgesinfo.fr\/app\/uploads\/sites\/3\/2025\/06\/projection3rivieres2.jpg","twitter_creator":"@VosgesInfo88","twitter_site":"@VosgesInfo88","twitter_misc":{"\u00c9crit par":"C.K.","Dur\u00e9e de lecture estim\u00e9e":"1 minute"},"schema":{"@context":"https:\/\/schema.org","@graph":[{"@type":"Article","@id":"https:\/\/vosgesinfo.fr\/epinalinfo\/2025\/06\/le-cinema-sinvite-aux-3-rivieres-a-chatel-sur-moselle\/#article","isPartOf":{"@id":"https:\/\/vosgesinfo.fr\/epinalinfo\/2025\/06\/le-cinema-sinvite-aux-3-rivieres-a-chatel-sur-moselle\/"},"author":{"name":"C.K.","@id":"https:\/\/vosgesinfo.fr\/epinalinfo\/#\/schema\/person\/6f9a650eeea99d969b6c4ab78fccbe81"},"headline":"Le cin\u00e9ma s&rsquo;invite aux 3 Rivi\u00e8res \u00e0 Ch\u00e2tel-sur-Moselle !","datePublished":"2025-06-30T05:11:55+00:00","dateModified":"2025-06-29T09:14:29+00:00","mainEntityOfPage":{"@id":"https:\/\/vosgesinfo.fr\/epinalinfo\/2025\/06\/le-cinema-sinvite-aux-3-rivieres-a-chatel-sur-moselle\/"},"wordCount":227,"commentCount":0,"publisher":{"@id":"https:\/\/vosgesinfo.fr\/epinalinfo\/#organization"},"image":{"@id":"https:\/\/vosgesinfo.fr\/epinalinfo\/2025\/06\/le-cinema-sinvite-aux-3-rivieres-a-chatel-sur-moselle\/#primaryimage"},"thumbnailUrl":"https:\/\/vosgesinfo.fr\/app\/uploads\/sites\/3\/2025\/06\/projection3rivieres2.jpg","keywords":["3 Rivi\u00e8res \u00e0 Ch\u00e2tel-sur-Moselle","cin\u00e9ma"],"articleSection":["A la Une","Epinal"],"inLanguage":"fr-FR","potentialAction":[{"@type":"CommentAction","name":"Comment","target":["https:\/\/vosgesinfo.fr\/epinalinfo\/2025\/06\/le-cinema-sinvite-aux-3-rivieres-a-chatel-sur-moselle\/#respond"]}]},{"@type":"WebPage","@id":"https:\/\/vosgesinfo.fr\/epinalinfo\/2025\/06\/le-cinema-sinvite-aux-3-rivieres-a-chatel-sur-moselle\/","url":"https:\/\/vosgesinfo.fr\/epinalinfo\/2025\/06\/le-cinema-sinvite-aux-3-rivieres-a-chatel-sur-moselle\/","name":"Le cin\u00e9ma s'invite aux 3 Rivi\u00e8res \u00e0 Ch\u00e2tel-sur-Moselle ! - Epinal Info","isPartOf":{"@id":"https:\/\/vosgesinfo.fr\/epinalinfo\/#website"},"primaryImageOfPage":{"@id":"https:\/\/vosgesinfo.fr\/epinalinfo\/2025\/06\/le-cinema-sinvite-aux-3-rivieres-a-chatel-sur-moselle\/#primaryimage"},"image":{"@id":"https:\/\/vosgesinfo.fr\/epinalinfo\/2025\/06\/le-cinema-sinvite-aux-3-rivieres-a-chatel-sur-moselle\/#primaryimage"},"thumbnailUrl":"https:\/\/vosgesinfo.fr\/app\/uploads\/sites\/3\/2025\/06\/projection3rivieres2.jpg","datePublished":"2025-06-30T05:11:55+00:00","dateModified":"2025-06-29T09:14:29+00:00","breadcrumb":{"@id":"https:\/\/vosgesinfo.fr\/epinalinfo\/2025\/06\/le-cinema-sinvite-aux-3-rivieres-a-chatel-sur-moselle\/#breadcrumb"},"inLanguage":"fr-FR","potentialAction":[{"@type":"ReadAction","target":["https:\/\/vosgesinfo.fr\/epinalinfo\/2025\/06\/le-cinema-sinvite-aux-3-rivieres-a-chatel-sur-moselle\/"]}]},{"@type":"ImageObject","inLanguage":"fr-FR","@id":"https:\/\/vosgesinfo.fr\/epinalinfo\/2025\/06\/le-cinema-sinvite-aux-3-rivieres-a-chatel-sur-moselle\/#primaryimage","url":"https:\/\/vosgesinfo.fr\/app\/uploads\/sites\/3\/2025\/06\/projection3rivieres2.jpg","contentUrl":"https:\/\/vosgesinfo.fr\/app\/uploads\/sites\/3\/2025\/06\/projection3rivieres2.jpg","width":1600,"height":740},{"@type":"BreadcrumbList","@id":"https:\/\/vosgesinfo.fr\/epinalinfo\/2025\/06\/le-cinema-sinvite-aux-3-rivieres-a-chatel-sur-moselle\/#breadcrumb","itemListElement":[{"@type":"ListItem","position":1,"name":"Home","item":"https:\/\/vosgesinfo.fr\/epinalinfo\/"},{"@type":"ListItem","position":2,"name":"Le cin\u00e9ma s&rsquo;invite aux 3 Rivi\u00e8res \u00e0 Ch\u00e2tel-sur-Moselle !"}]},{"@type":"WebSite","@id":"https:\/\/vosgesinfo.fr\/epinalinfo\/#website","url":"https:\/\/vosgesinfo.fr\/epinalinfo\/","name":"Epinal Info","description":"Toute l&#039;actualit\u00e9 d&#039;\u00c9pinal","publisher":{"@id":"https:\/\/vosgesinfo.fr\/epinalinfo\/#organization"},"alternateName":"Toute l'actualit\u00e9 d'\u00c9pinal","potentialAction":[{"@type":"SearchAction","target":{"@type":"EntryPoint","urlTemplate":"https:\/\/vosgesinfo.fr\/epinalinfo\/?s={search_term_string}"},"query-input":"required name=search_term_string"}],"inLanguage":"fr-FR"},{"@type":"Organization","@id":"https:\/\/vosgesinfo.fr\/epinalinfo\/#organization","name":"Epinal Info","url":"https:\/\/vosgesinfo.fr\/epinalinfo\/","logo":{"@type":"ImageObject","inLanguage":"fr-FR","@id":"https:\/\/vosgesinfo.fr\/epinalinfo\/#\/schema\/logo\/image\/","url":"https:\/\/vosgesinfo.fr\/app\/uploads\/sites\/3\/2023\/08\/logo-epinalinfos.svg","contentUrl":"https:\/\/vosgesinfo.fr\/app\/uploads\/sites\/3\/2023\/08\/logo-epinalinfos.svg","width":1,"height":1,"caption":"Epinal Info"},"image":{"@id":"https:\/\/vosgesinfo.fr\/epinalinfo\/#\/schema\/logo\/image\/"},"sameAs":["https:\/\/www.facebook.com\/Epinalinfos","https:\/\/x.com\/VosgesInfo88","https:\/\/www.youtube.com\/@vosgesinfo"]},{"@type":"Person","@id":"https:\/\/vosgesinfo.fr\/epinalinfo\/#\/schema\/person\/6f9a650eeea99d969b6c4ab78fccbe81","name":"C.K.","image":{"@type":"ImageObject","inLanguage":"fr-FR","@id":"https:\/\/vosgesinfo.fr\/epinalinfo\/#\/schema\/person\/image\/","url":"https:\/\/secure.gravatar.com\/avatar\/48e3fc7f8421ba8942be6b74a2b7f014ca39bc00dece156b7a8e098ae7dc87bf?s=96&d=mm&r=g","contentUrl":"https:\/\/secure.gravatar.com\/avatar\/48e3fc7f8421ba8942be6b74a2b7f014ca39bc00dece156b7a8e098ae7dc87bf?s=96&d=mm&r=g","caption":"C.K."},"url":"https:\/\/vosgesinfo.fr\/epinalinfo\/author\/celia-k-n\/"}]}},"_links":{"self":[{"href":"https:\/\/vosgesinfo.fr\/epinalinfo\/wp-json\/wp\/v2\/posts\/133388","targetHints":{"allow":["GET"]}}],"collection":[{"href":"https:\/\/vosgesinfo.fr\/epinalinfo\/wp-json\/wp\/v2\/posts"}],"about":[{"href":"https:\/\/vosgesinfo.fr\/epinalinfo\/wp-json\/wp\/v2\/types\/post"}],"author":[{"embeddable":true,"href":"https:\/\/vosgesinfo.fr\/epinalinfo\/wp-json\/wp\/v2\/users\/52"}],"replies":[{"embeddable":true,"href":"https:\/\/vosgesinfo.fr\/epinalinfo\/wp-json\/wp\/v2\/comments?post=133388"}],"version-history":[{"count":1,"href":"https:\/\/vosgesinfo.fr\/epinalinfo\/wp-json\/wp\/v2\/posts\/133388\/revisions"}],"predecessor-version":[{"id":133391,"href":"https:\/\/vosgesinfo.fr\/epinalinfo\/wp-json\/wp\/v2\/posts\/133388\/revisions\/133391"}],"wp:featuredmedia":[{"embeddable":true,"href":"https:\/\/vosgesinfo.fr\/epinalinfo\/wp-json\/wp\/v2\/media\/133389"}],"wp:attachment":[{"href":"https:\/\/vosgesinfo.fr\/epinalinfo\/wp-json\/wp\/v2\/media?parent=133388"}],"wp:term":[{"taxonomy":"category","embeddable":true,"href":"https:\/\/vosgesinfo.fr\/epinalinfo\/wp-json\/wp\/v2\/categories?post=133388"},{"taxonomy":"post_tag","embeddable":true,"href":"https:\/\/vosgesinfo.fr\/epinalinfo\/wp-json\/wp\/v2\/tags?post=133388"}],"curies":[{"name":"wp","href":"https:\/\/api.w.org\/{rel}","templated":true}]}}