{"id":133570,"date":"2025-07-04T17:35:50","date_gmt":"2025-07-04T15:35:50","guid":{"rendered":"https:\/\/vosgesinfo.fr\/epinalinfo\/?p=133570"},"modified":"2025-07-04T17:32:09","modified_gmt":"2025-07-04T15:32:09","slug":"bac-2025-au-lycee-louis-lapicque-depinal-lemotion-au-rendez-vous","status":"publish","type":"post","link":"https:\/\/vosgesinfo.fr\/epinalinfo\/2025\/07\/bac-2025-au-lycee-louis-lapicque-depinal-lemotion-au-rendez-vous\/","title":{"rendered":"Bac 2025 : au lyc\u00e9e Louis Lapicque d\u2019\u00c9pinal, l\u2019\u00e9motion au rendez-vous"},"content":{"rendered":"<div id=\"attachment_133571\" style=\"width: 1037px\" class=\"wp-caption aligncenter\"><a href=\"https:\/\/vosgesinfo.fr\/app\/uploads\/sites\/3\/2025\/07\/bac-resultats-lapicque.jpg\"><img decoding=\"async\" aria-describedby=\"caption-attachment-133571\" class=\"size-full wp-image-133571\" src=\"https:\/\/vosgesinfo.fr\/app\/uploads\/sites\/3\/2025\/07\/bac-resultats-lapicque.jpg\" alt=\"\" width=\"1027\" height=\"626\" srcset=\"https:\/\/vosgesinfo.fr\/app\/uploads\/sites\/3\/2025\/07\/bac-resultats-lapicque.jpg 1027w, https:\/\/vosgesinfo.fr\/app\/uploads\/sites\/3\/2025\/07\/bac-resultats-lapicque-300x183.jpg 300w, https:\/\/vosgesinfo.fr\/app\/uploads\/sites\/3\/2025\/07\/bac-resultats-lapicque-1024x624.jpg 1024w, https:\/\/vosgesinfo.fr\/app\/uploads\/sites\/3\/2025\/07\/bac-resultats-lapicque-768x468.jpg 768w\" sizes=\"(max-width: 1027px) 100vw, 1027px\" \/><\/a><p id=\"caption-attachment-133571\" class=\"wp-caption-text\">photo St\u00e9phane Calmels<\/p><\/div>\n<h2 data-start=\"173\" data-end=\"524\">Ce vendredi 4 juillet, les r\u00e9sultats du baccalaur\u00e9at 2025 ont \u00e9t\u00e9 d\u00e9voil\u00e9s dans l\u2019acad\u00e9mie de Nancy-Metz. Avec un taux de r\u00e9ussite global de <strong data-start=\"311\" data-end=\"321\">87,1 %<\/strong> tous bacs confondus, identique \u00e0 celui de 2024, l\u2019acad\u00e9mie confirme sa stabilit\u00e9. Dans les Vosges, la performance reste au rendez-vous, notamment pour le bac g\u00e9n\u00e9ral, qui atteint <strong data-start=\"501\" data-end=\"523\">92,3 % de r\u00e9ussite<\/strong>.<\/h2>\n<h3 data-start=\"526\" data-end=\"598\">Vosges : des sourires et des soulagements au lyc\u00e9e Louis Lapicque<\/h3>\n<p data-start=\"600\" data-end=\"1004\">Ce matin, au lyc\u00e9e Louis Lapicque d\u2019\u00c9pinal, l\u2019\u00e9motion \u00e9tait palpable \u00e0 l\u2019ouverture des r\u00e9sultats. Entre larmes de joie, accolades et soupirs de soulagement, les \u00e9l\u00e8ves ont d\u00e9couvert les fruits de deux ann\u00e9es d\u2019effort. \u00ab\u00a0Je suis prise \u00e0 Strasbourg, je n\u2019y croyais pas !\u00a0\u00bb s\u2019exclame L\u00e9a, tout juste admise avec mention bien. Comme elle, des dizaines de terminales ont vu leurs projets d\u2019avenir prendre forme.<\/p>\n<h3 data-start=\"1006\" data-end=\"1063\">Bac g\u00e9n\u00e9ral : les mentions toujours au rendez-vous<\/h3>\n<p data-start=\"1065\" data-end=\"1404\">Avec <strong data-start=\"1070\" data-end=\"1090\">11 182 candidats<\/strong> inscrits dans l\u2019acad\u00e9mie, le bac g\u00e9n\u00e9ral reste la voie la plus emprunt\u00e9e. <strong data-start=\"1165\" data-end=\"1175\">92,1 %<\/strong> d\u2019entre eux ont d\u00e9croch\u00e9 le dipl\u00f4me d\u00e8s le premier groupe d\u2019\u00e9preuves, un chiffre en tr\u00e8s l\u00e9g\u00e8re baisse (-0,4 point) par rapport \u00e0 l\u2019an dernier. Toutefois, <strong data-start=\"1331\" data-end=\"1374\">74,1 % des admis obtiennent une mention<\/strong>, preuve du bon niveau global.<\/p>\n<p data-start=\"1406\" data-end=\"1556\">Les <strong data-start=\"1410\" data-end=\"1420\">Vosges<\/strong> d\u00e9passent la moyenne avec <strong data-start=\"1447\" data-end=\"1469\">92,3 % de r\u00e9ussite<\/strong>, juste devant la Meurthe-et-Moselle (92,2 %) et derri\u00e8re la Meuse, qui culmine \u00e0 94 %.<\/p>\n<h3 data-start=\"1558\" data-end=\"1607\">Bac technologique : une nette progression<\/h3>\n<p data-start=\"1609\" data-end=\"1954\">Le bac technologique enregistre une belle progression, avec <strong data-start=\"1669\" data-end=\"1691\">84,7 % de r\u00e9ussite<\/strong>, soit <strong data-start=\"1698\" data-end=\"1731\">2,9 points de plus qu\u2019en 2024<\/strong>. Certaines s\u00e9ries brillent par leur excellence : 100 % de r\u00e9ussite en <strong data-start=\"1802\" data-end=\"1811\">STD2A<\/strong> (arts appliqu\u00e9s) et en <strong data-start=\"1835\" data-end=\"1844\">S2TMD<\/strong> (musique, th\u00e9\u00e2tre, danse). Dans les <strong data-start=\"1881\" data-end=\"1891\">Vosges<\/strong>, le taux atteint <strong data-start=\"1909\" data-end=\"1919\">85,4 %<\/strong>, l\u00e0 encore sup\u00e9rieur \u00e0 la moyenne.<\/p>\n<p data-start=\"1956\" data-end=\"2086\">Un signe encourageant pour cette fili\u00e8re parfois en retrait dans les discussions autour du bac, mais qui montre ici son dynamisme.<\/p>\n<h3 data-start=\"2088\" data-end=\"2151\">Bac professionnel : l\u00e9g\u00e8re baisse, mais plus de mentions<\/h3>\n<p data-start=\"2153\" data-end=\"2511\">Avec <strong data-start=\"2158\" data-end=\"2177\">6 878 candidats<\/strong>, le bac professionnel affiche <strong data-start=\"2208\" data-end=\"2230\">80,7 % de r\u00e9ussite<\/strong>, en baisse mod\u00e9r\u00e9e de <strong data-start=\"2253\" data-end=\"2266\">0,9 point<\/strong>. N\u00e9anmoins, <strong data-start=\"2279\" data-end=\"2318\">le taux de mentions grimpe \u00e0 68,9 %<\/strong>, en hausse par rapport \u00e0 2024. Le secteur des services se distingue (82,9 %) face \u00e0 la production (77,5 %). Les <strong data-start=\"2431\" data-end=\"2473\">Vosges enregistrent 80,3 % de r\u00e9ussite<\/strong>, en ligne avec la tendance r\u00e9gionale.<\/p>\n<hr data-start=\"2513\" data-end=\"2516\" \/>\n<h3 data-start=\"2518\" data-end=\"2577\">\ud83d\udcca R\u00e9capitulatif des taux de r\u00e9ussite par d\u00e9partement :<\/h3>\n<div class=\"_tableContainer_80l1q_1\">\n<div class=\"_tableWrapper_80l1q_14 group flex w-fit flex-col-reverse\" tabindex=\"-1\">\n<table class=\"w-fit min-w-(--thread-content-width)\" data-start=\"2579\" data-end=\"2997\">\n<thead data-start=\"2579\" data-end=\"2645\">\n<tr data-start=\"2579\" data-end=\"2645\">\n<th data-start=\"2579\" data-end=\"2602\" data-col-size=\"sm\">D\u00e9partement<\/th>\n<th data-start=\"2602\" data-end=\"2612\" data-col-size=\"sm\">G\u00e9n\u00e9ral<\/th>\n<th data-start=\"2612\" data-end=\"2628\" data-col-size=\"sm\">Technologique<\/th>\n<th data-start=\"2628\" data-end=\"2645\" data-col-size=\"sm\">Professionnel<\/th>\n<\/tr>\n<\/thead>\n<tbody data-start=\"2715\" data-end=\"2997\">\n<tr data-start=\"2715\" data-end=\"2783\">\n<td data-start=\"2715\" data-end=\"2738\" data-col-size=\"sm\">Meurthe-et-Moselle<\/td>\n<td data-start=\"2738\" data-end=\"2748\" data-col-size=\"sm\">92,2 %<\/td>\n<td data-start=\"2748\" data-end=\"2765\" data-col-size=\"sm\">85,9 %<\/td>\n<td data-start=\"2765\" data-end=\"2783\" data-col-size=\"sm\">80,7 %<\/td>\n<\/tr>\n<tr data-start=\"2784\" data-end=\"2852\">\n<td data-start=\"2784\" data-end=\"2807\" data-col-size=\"sm\">Meuse<\/td>\n<td data-col-size=\"sm\" data-start=\"2807\" data-end=\"2817\">94,0 %<\/td>\n<td data-col-size=\"sm\" data-start=\"2817\" data-end=\"2834\">85,5 %<\/td>\n<td data-col-size=\"sm\" data-start=\"2834\" data-end=\"2852\">82,2 %<\/td>\n<\/tr>\n<tr data-start=\"2853\" data-end=\"2921\">\n<td data-start=\"2853\" data-end=\"2876\" data-col-size=\"sm\">Moselle<\/td>\n<td data-start=\"2876\" data-end=\"2886\" data-col-size=\"sm\">91,7 %<\/td>\n<td data-start=\"2886\" data-end=\"2903\" data-col-size=\"sm\">83,6 %<\/td>\n<td data-start=\"2903\" data-end=\"2921\" data-col-size=\"sm\">80,5 %<\/td>\n<\/tr>\n<tr data-start=\"2922\" data-end=\"2997\">\n<td data-start=\"2922\" data-end=\"2945\" data-col-size=\"sm\"><strong data-start=\"2924\" data-end=\"2934\">Vosges<\/strong><\/td>\n<td data-start=\"2945\" data-end=\"2958\" data-col-size=\"sm\"><strong data-start=\"2947\" data-end=\"2957\">92,3 %<\/strong><\/td>\n<td data-col-size=\"sm\" data-start=\"2958\" data-end=\"2977\"><strong data-start=\"2960\" data-end=\"2970\">85,4 %<\/strong><\/td>\n<td data-col-size=\"sm\" data-start=\"2977\" data-end=\"2997\"><strong data-start=\"2979\" data-end=\"2989\">80,3 %<\/strong><\/td>\n<\/tr>\n<\/tbody>\n<\/table>\n\n\t\t<style type=\"text\/css\">\n\t\t\t#gallery-1 {\n\t\t\t\tmargin: auto;\n\t\t\t}\n\t\t\t#gallery-1 .gallery-item {\n\t\t\t\tfloat: left;\n\t\t\t\tmargin-top: 10px;\n\t\t\t\ttext-align: center;\n\t\t\t\twidth: 33%;\n\t\t\t}\n\t\t\t#gallery-1 img {\n\t\t\t\tborder: 2px solid #cfcfcf;\n\t\t\t}\n\t\t\t#gallery-1 .gallery-caption {\n\t\t\t\tmargin-left: 0;\n\t\t\t}\n\t\t\t\/* see gallery_shortcode() in wp-includes\/media.php *\/\n\t\t<\/style>\n\t\t<div id='gallery-1' class='gallery galleryid-133570 gallery-columns-3 gallery-size-large'><dl class='gallery-item'>\n\t\t\t<dt class='gallery-icon landscape'>\n\t\t\t\t<a href='https:\/\/vosgesinfo.fr\/app\/uploads\/sites\/3\/2025\/07\/thumbnail-resultat-du-bac-2025-5-4-juillet-2025-lyce\u0301e-lapicque-epinal-photo-stephane-calmels.jpg'><img decoding=\"async\" width=\"1024\" height=\"538\" src=\"https:\/\/vosgesinfo.fr\/app\/uploads\/sites\/3\/2025\/07\/thumbnail-resultat-du-bac-2025-5-4-juillet-2025-lyce\u0301e-lapicque-epinal-photo-stephane-calmels-1024x538.jpg\" class=\"attachment-large size-large\" alt=\"\" aria-describedby=\"gallery-1-133572\" srcset=\"https:\/\/vosgesinfo.fr\/app\/uploads\/sites\/3\/2025\/07\/thumbnail-resultat-du-bac-2025-5-4-juillet-2025-lyce\u0301e-lapicque-epinal-photo-stephane-calmels-1024x538.jpg 1024w, https:\/\/vosgesinfo.fr\/app\/uploads\/sites\/3\/2025\/07\/thumbnail-resultat-du-bac-2025-5-4-juillet-2025-lyce\u0301e-lapicque-epinal-photo-stephane-calmels-300x158.jpg 300w, https:\/\/vosgesinfo.fr\/app\/uploads\/sites\/3\/2025\/07\/thumbnail-resultat-du-bac-2025-5-4-juillet-2025-lyce\u0301e-lapicque-epinal-photo-stephane-calmels-768x403.jpg 768w, https:\/\/vosgesinfo.fr\/app\/uploads\/sites\/3\/2025\/07\/thumbnail-resultat-du-bac-2025-5-4-juillet-2025-lyce\u0301e-lapicque-epinal-photo-stephane-calmels.jpg 1200w\" sizes=\"(max-width: 1024px) 100vw, 1024px\" \/><\/a>\n\t\t\t<\/dt>\n\t\t\t\t<dd class='wp-caption-text gallery-caption' id='gallery-1-133572'>\n\t\t\t\tphoto St\u00e9phane Calmels\n\t\t\t\t<\/dd><\/dl><dl class='gallery-item'>\n\t\t\t<dt class='gallery-icon landscape'>\n\t\t\t\t<a href='https:\/\/vosgesinfo.fr\/app\/uploads\/sites\/3\/2025\/07\/thumbnail-resultat-du-bac-2025-6-4-juillet-2025-lyce\u0301e-lapicque-epinal-photo-stephane-calmels-copie.jpg'><img decoding=\"async\" width=\"1024\" height=\"538\" src=\"https:\/\/vosgesinfo.fr\/app\/uploads\/sites\/3\/2025\/07\/thumbnail-resultat-du-bac-2025-6-4-juillet-2025-lyce\u0301e-lapicque-epinal-photo-stephane-calmels-copie-1024x538.jpg\" class=\"attachment-large size-large\" alt=\"\" aria-describedby=\"gallery-1-133573\" srcset=\"https:\/\/vosgesinfo.fr\/app\/uploads\/sites\/3\/2025\/07\/thumbnail-resultat-du-bac-2025-6-4-juillet-2025-lyce\u0301e-lapicque-epinal-photo-stephane-calmels-copie-1024x538.jpg 1024w, https:\/\/vosgesinfo.fr\/app\/uploads\/sites\/3\/2025\/07\/thumbnail-resultat-du-bac-2025-6-4-juillet-2025-lyce\u0301e-lapicque-epinal-photo-stephane-calmels-copie-300x158.jpg 300w, https:\/\/vosgesinfo.fr\/app\/uploads\/sites\/3\/2025\/07\/thumbnail-resultat-du-bac-2025-6-4-juillet-2025-lyce\u0301e-lapicque-epinal-photo-stephane-calmels-copie-768x403.jpg 768w, https:\/\/vosgesinfo.fr\/app\/uploads\/sites\/3\/2025\/07\/thumbnail-resultat-du-bac-2025-6-4-juillet-2025-lyce\u0301e-lapicque-epinal-photo-stephane-calmels-copie.jpg 1200w\" sizes=\"(max-width: 1024px) 100vw, 1024px\" \/><\/a>\n\t\t\t<\/dt>\n\t\t\t\t<dd class='wp-caption-text gallery-caption' id='gallery-1-133573'>\n\t\t\t\tphoto St\u00e9phane Calmels\n\t\t\t\t<\/dd><\/dl><dl class='gallery-item'>\n\t\t\t<dt class='gallery-icon landscape'>\n\t\t\t\t<a href='https:\/\/vosgesinfo.fr\/app\/uploads\/sites\/3\/2025\/07\/thumbnail-resultat-du-bac-2025-1-4-juillet-2025-lyce\u0301e-lapicque-epinal-photo-stephane-calmels.jpg'><img decoding=\"async\" width=\"1024\" height=\"538\" src=\"https:\/\/vosgesinfo.fr\/app\/uploads\/sites\/3\/2025\/07\/thumbnail-resultat-du-bac-2025-1-4-juillet-2025-lyce\u0301e-lapicque-epinal-photo-stephane-calmels-1024x538.jpg\" class=\"attachment-large size-large\" alt=\"\" aria-describedby=\"gallery-1-133574\" srcset=\"https:\/\/vosgesinfo.fr\/app\/uploads\/sites\/3\/2025\/07\/thumbnail-resultat-du-bac-2025-1-4-juillet-2025-lyce\u0301e-lapicque-epinal-photo-stephane-calmels-1024x538.jpg 1024w, https:\/\/vosgesinfo.fr\/app\/uploads\/sites\/3\/2025\/07\/thumbnail-resultat-du-bac-2025-1-4-juillet-2025-lyce\u0301e-lapicque-epinal-photo-stephane-calmels-300x158.jpg 300w, https:\/\/vosgesinfo.fr\/app\/uploads\/sites\/3\/2025\/07\/thumbnail-resultat-du-bac-2025-1-4-juillet-2025-lyce\u0301e-lapicque-epinal-photo-stephane-calmels-768x403.jpg 768w, https:\/\/vosgesinfo.fr\/app\/uploads\/sites\/3\/2025\/07\/thumbnail-resultat-du-bac-2025-1-4-juillet-2025-lyce\u0301e-lapicque-epinal-photo-stephane-calmels.jpg 1200w\" sizes=\"(max-width: 1024px) 100vw, 1024px\" \/><\/a>\n\t\t\t<\/dt>\n\t\t\t\t<dd class='wp-caption-text gallery-caption' id='gallery-1-133574'>\n\t\t\t\tphoto St\u00e9phane Calmels\n\t\t\t\t<\/dd><\/dl><br style=\"clear: both\" \/><dl class='gallery-item'>\n\t\t\t<dt class='gallery-icon landscape'>\n\t\t\t\t<a href='https:\/\/vosgesinfo.fr\/app\/uploads\/sites\/3\/2025\/07\/thumbnail-resultat-du-bac-2025-2-4-juillet-2025-lyce\u0301e-lapicque-epinal-photo-stephane-calmels.jpg'><img decoding=\"async\" width=\"1024\" height=\"538\" src=\"https:\/\/vosgesinfo.fr\/app\/uploads\/sites\/3\/2025\/07\/thumbnail-resultat-du-bac-2025-2-4-juillet-2025-lyce\u0301e-lapicque-epinal-photo-stephane-calmels-1024x538.jpg\" class=\"attachment-large size-large\" alt=\"\" aria-describedby=\"gallery-1-133575\" srcset=\"https:\/\/vosgesinfo.fr\/app\/uploads\/sites\/3\/2025\/07\/thumbnail-resultat-du-bac-2025-2-4-juillet-2025-lyce\u0301e-lapicque-epinal-photo-stephane-calmels-1024x538.jpg 1024w, https:\/\/vosgesinfo.fr\/app\/uploads\/sites\/3\/2025\/07\/thumbnail-resultat-du-bac-2025-2-4-juillet-2025-lyce\u0301e-lapicque-epinal-photo-stephane-calmels-300x158.jpg 300w, https:\/\/vosgesinfo.fr\/app\/uploads\/sites\/3\/2025\/07\/thumbnail-resultat-du-bac-2025-2-4-juillet-2025-lyce\u0301e-lapicque-epinal-photo-stephane-calmels-768x403.jpg 768w, https:\/\/vosgesinfo.fr\/app\/uploads\/sites\/3\/2025\/07\/thumbnail-resultat-du-bac-2025-2-4-juillet-2025-lyce\u0301e-lapicque-epinal-photo-stephane-calmels.jpg 1200w\" sizes=\"(max-width: 1024px) 100vw, 1024px\" \/><\/a>\n\t\t\t<\/dt>\n\t\t\t\t<dd class='wp-caption-text gallery-caption' id='gallery-1-133575'>\n\t\t\t\tphoto St\u00e9phane Calmels\n\t\t\t\t<\/dd><\/dl><dl class='gallery-item'>\n\t\t\t<dt class='gallery-icon landscape'>\n\t\t\t\t<a href='https:\/\/vosgesinfo.fr\/app\/uploads\/sites\/3\/2025\/07\/thumbnail-resultat-du-bac-2025-3-4-juillet-2025-lyce\u0301e-lapicque-epinal-photo-stephane-calmels.jpg'><img decoding=\"async\" width=\"1024\" height=\"538\" src=\"https:\/\/vosgesinfo.fr\/app\/uploads\/sites\/3\/2025\/07\/thumbnail-resultat-du-bac-2025-3-4-juillet-2025-lyce\u0301e-lapicque-epinal-photo-stephane-calmels-1024x538.jpg\" class=\"attachment-large size-large\" alt=\"\" aria-describedby=\"gallery-1-133576\" srcset=\"https:\/\/vosgesinfo.fr\/app\/uploads\/sites\/3\/2025\/07\/thumbnail-resultat-du-bac-2025-3-4-juillet-2025-lyce\u0301e-lapicque-epinal-photo-stephane-calmels-1024x538.jpg 1024w, https:\/\/vosgesinfo.fr\/app\/uploads\/sites\/3\/2025\/07\/thumbnail-resultat-du-bac-2025-3-4-juillet-2025-lyce\u0301e-lapicque-epinal-photo-stephane-calmels-300x158.jpg 300w, https:\/\/vosgesinfo.fr\/app\/uploads\/sites\/3\/2025\/07\/thumbnail-resultat-du-bac-2025-3-4-juillet-2025-lyce\u0301e-lapicque-epinal-photo-stephane-calmels-768x403.jpg 768w, https:\/\/vosgesinfo.fr\/app\/uploads\/sites\/3\/2025\/07\/thumbnail-resultat-du-bac-2025-3-4-juillet-2025-lyce\u0301e-lapicque-epinal-photo-stephane-calmels.jpg 1200w\" sizes=\"(max-width: 1024px) 100vw, 1024px\" \/><\/a>\n\t\t\t<\/dt>\n\t\t\t\t<dd class='wp-caption-text gallery-caption' id='gallery-1-133576'>\n\t\t\t\tphoto St\u00e9phane Calmels\n\t\t\t\t<\/dd><\/dl><dl class='gallery-item'>\n\t\t\t<dt class='gallery-icon landscape'>\n\t\t\t\t<a href='https:\/\/vosgesinfo.fr\/app\/uploads\/sites\/3\/2025\/07\/thumbnail-resultat-du-bac-2025-4-4-juillet-2025-lyce\u0301e-lapicque-epinal-photo-stephane-calmels.jpg'><img decoding=\"async\" width=\"1024\" height=\"538\" src=\"https:\/\/vosgesinfo.fr\/app\/uploads\/sites\/3\/2025\/07\/thumbnail-resultat-du-bac-2025-4-4-juillet-2025-lyce\u0301e-lapicque-epinal-photo-stephane-calmels-1024x538.jpg\" class=\"attachment-large size-large\" alt=\"\" aria-describedby=\"gallery-1-133577\" srcset=\"https:\/\/vosgesinfo.fr\/app\/uploads\/sites\/3\/2025\/07\/thumbnail-resultat-du-bac-2025-4-4-juillet-2025-lyce\u0301e-lapicque-epinal-photo-stephane-calmels-1024x538.jpg 1024w, https:\/\/vosgesinfo.fr\/app\/uploads\/sites\/3\/2025\/07\/thumbnail-resultat-du-bac-2025-4-4-juillet-2025-lyce\u0301e-lapicque-epinal-photo-stephane-calmels-300x158.jpg 300w, https:\/\/vosgesinfo.fr\/app\/uploads\/sites\/3\/2025\/07\/thumbnail-resultat-du-bac-2025-4-4-juillet-2025-lyce\u0301e-lapicque-epinal-photo-stephane-calmels-768x403.jpg 768w, https:\/\/vosgesinfo.fr\/app\/uploads\/sites\/3\/2025\/07\/thumbnail-resultat-du-bac-2025-4-4-juillet-2025-lyce\u0301e-lapicque-epinal-photo-stephane-calmels.jpg 1200w\" sizes=\"(max-width: 1024px) 100vw, 1024px\" \/><\/a>\n\t\t\t<\/dt>\n\t\t\t\t<dd class='wp-caption-text gallery-caption' id='gallery-1-133577'>\n\t\t\t\tphoto St\u00e9phane Calmels\n\t\t\t\t<\/dd><\/dl><br style=\"clear: both\" \/>\n\t\t<\/div>\n\n<\/div>\n<\/div>\n","protected":false},"excerpt":{"rendered":"<p>Ce vendredi 4 juillet, les r\u00e9sultats du baccalaur\u00e9at 2025 ont \u00e9t\u00e9 d\u00e9voil\u00e9s dans l\u2019acad\u00e9mie de Nancy-Metz. Avec un taux de [&hellip;]<\/p>\n","protected":false},"author":52,"featured_media":133571,"comment_status":"open","ping_status":"open","sticky":false,"template":"","format":"standard","meta":{"footnotes":""},"categories":[22,24,5],"tags":[],"class_list":["post-133570","post","type-post","status-publish","format-standard","has-post-thumbnail","hentry","category-a-la-une","category-epinal","category-vosges"],"acf":[],"yoast_head":"<!-- This site is optimized with the Yoast SEO plugin v22.5 - https:\/\/yoast.com\/wordpress\/plugins\/seo\/ -->\n<title>Bac 2025 : au lyc\u00e9e Louis Lapicque d\u2019\u00c9pinal, l\u2019\u00e9motion au rendez-vous - Epinal Info<\/title>\n<meta name=\"robots\" content=\"index, follow, max-snippet:-1, max-image-preview:large, max-video-preview:-1\" \/>\n<link rel=\"canonical\" href=\"https:\/\/vosgesinfo.fr\/epinalinfo\/2025\/07\/bac-2025-au-lycee-louis-lapicque-depinal-lemotion-au-rendez-vous\/\" \/>\n<meta name=\"twitter:card\" content=\"summary_large_image\" \/>\n<meta name=\"twitter:title\" content=\"Bac 2025 : au lyc\u00e9e Louis Lapicque d\u2019\u00c9pinal, l\u2019\u00e9motion au rendez-vous - Epinal Info\" \/>\n<meta name=\"twitter:description\" content=\"Ce vendredi 4 juillet, les r\u00e9sultats du baccalaur\u00e9at 2025 ont \u00e9t\u00e9 d\u00e9voil\u00e9s dans l\u2019acad\u00e9mie de Nancy-Metz. Avec un taux de [&hellip;]\" \/>\n<meta name=\"twitter:image\" content=\"https:\/\/vosgesinfo.fr\/app\/uploads\/sites\/3\/2025\/07\/bac-resultats-lapicque.jpg\" \/>\n<meta name=\"twitter:creator\" content=\"@VosgesInfo88\" \/>\n<meta name=\"twitter:site\" content=\"@VosgesInfo88\" \/>\n<meta name=\"twitter:label1\" content=\"\u00c9crit par\" \/>\n\t<meta name=\"twitter:data1\" content=\"C.K.\" \/>\n\t<meta name=\"twitter:label2\" content=\"Dur\u00e9e de lecture estim\u00e9e\" \/>\n\t<meta name=\"twitter:data2\" content=\"2 minutes\" \/>\n<script type=\"application\/ld+json\" class=\"yoast-schema-graph\">{\"@context\":\"https:\/\/schema.org\",\"@graph\":[{\"@type\":\"Article\",\"@id\":\"https:\/\/vosgesinfo.fr\/epinalinfo\/2025\/07\/bac-2025-au-lycee-louis-lapicque-depinal-lemotion-au-rendez-vous\/#article\",\"isPartOf\":{\"@id\":\"https:\/\/vosgesinfo.fr\/epinalinfo\/2025\/07\/bac-2025-au-lycee-louis-lapicque-depinal-lemotion-au-rendez-vous\/\"},\"author\":{\"name\":\"C.K.\",\"@id\":\"https:\/\/vosgesinfo.fr\/epinalinfo\/#\/schema\/person\/6f9a650eeea99d969b6c4ab78fccbe81\"},\"headline\":\"Bac 2025 : au lyc\u00e9e Louis Lapicque d\u2019\u00c9pinal, l\u2019\u00e9motion au rendez-vous\",\"datePublished\":\"2025-07-04T15:35:50+00:00\",\"dateModified\":\"2025-07-04T15:32:09+00:00\",\"mainEntityOfPage\":{\"@id\":\"https:\/\/vosgesinfo.fr\/epinalinfo\/2025\/07\/bac-2025-au-lycee-louis-lapicque-depinal-lemotion-au-rendez-vous\/\"},\"wordCount\":426,\"commentCount\":1,\"publisher\":{\"@id\":\"https:\/\/vosgesinfo.fr\/epinalinfo\/#organization\"},\"image\":{\"@id\":\"https:\/\/vosgesinfo.fr\/epinalinfo\/2025\/07\/bac-2025-au-lycee-louis-lapicque-depinal-lemotion-au-rendez-vous\/#primaryimage\"},\"thumbnailUrl\":\"https:\/\/vosgesinfo.fr\/app\/uploads\/sites\/3\/2025\/07\/bac-resultats-lapicque.jpg\",\"articleSection\":[\"A la Une\",\"Epinal\",\"Vosges\"],\"inLanguage\":\"fr-FR\",\"potentialAction\":[{\"@type\":\"CommentAction\",\"name\":\"Comment\",\"target\":[\"https:\/\/vosgesinfo.fr\/epinalinfo\/2025\/07\/bac-2025-au-lycee-louis-lapicque-depinal-lemotion-au-rendez-vous\/#respond\"]}]},{\"@type\":\"WebPage\",\"@id\":\"https:\/\/vosgesinfo.fr\/epinalinfo\/2025\/07\/bac-2025-au-lycee-louis-lapicque-depinal-lemotion-au-rendez-vous\/\",\"url\":\"https:\/\/vosgesinfo.fr\/epinalinfo\/2025\/07\/bac-2025-au-lycee-louis-lapicque-depinal-lemotion-au-rendez-vous\/\",\"name\":\"Bac 2025 : au lyc\u00e9e Louis Lapicque d\u2019\u00c9pinal, l\u2019\u00e9motion au rendez-vous - Epinal Info\",\"isPartOf\":{\"@id\":\"https:\/\/vosgesinfo.fr\/epinalinfo\/#website\"},\"primaryImageOfPage\":{\"@id\":\"https:\/\/vosgesinfo.fr\/epinalinfo\/2025\/07\/bac-2025-au-lycee-louis-lapicque-depinal-lemotion-au-rendez-vous\/#primaryimage\"},\"image\":{\"@id\":\"https:\/\/vosgesinfo.fr\/epinalinfo\/2025\/07\/bac-2025-au-lycee-louis-lapicque-depinal-lemotion-au-rendez-vous\/#primaryimage\"},\"thumbnailUrl\":\"https:\/\/vosgesinfo.fr\/app\/uploads\/sites\/3\/2025\/07\/bac-resultats-lapicque.jpg\",\"datePublished\":\"2025-07-04T15:35:50+00:00\",\"dateModified\":\"2025-07-04T15:32:09+00:00\",\"breadcrumb\":{\"@id\":\"https:\/\/vosgesinfo.fr\/epinalinfo\/2025\/07\/bac-2025-au-lycee-louis-lapicque-depinal-lemotion-au-rendez-vous\/#breadcrumb\"},\"inLanguage\":\"fr-FR\",\"potentialAction\":[{\"@type\":\"ReadAction\",\"target\":[\"https:\/\/vosgesinfo.fr\/epinalinfo\/2025\/07\/bac-2025-au-lycee-louis-lapicque-depinal-lemotion-au-rendez-vous\/\"]}]},{\"@type\":\"ImageObject\",\"inLanguage\":\"fr-FR\",\"@id\":\"https:\/\/vosgesinfo.fr\/epinalinfo\/2025\/07\/bac-2025-au-lycee-louis-lapicque-depinal-lemotion-au-rendez-vous\/#primaryimage\",\"url\":\"https:\/\/vosgesinfo.fr\/app\/uploads\/sites\/3\/2025\/07\/bac-resultats-lapicque.jpg\",\"contentUrl\":\"https:\/\/vosgesinfo.fr\/app\/uploads\/sites\/3\/2025\/07\/bac-resultats-lapicque.jpg\",\"width\":1027,\"height\":626,\"caption\":\"photo St\u00e9phane Calmels\"},{\"@type\":\"BreadcrumbList\",\"@id\":\"https:\/\/vosgesinfo.fr\/epinalinfo\/2025\/07\/bac-2025-au-lycee-louis-lapicque-depinal-lemotion-au-rendez-vous\/#breadcrumb\",\"itemListElement\":[{\"@type\":\"ListItem\",\"position\":1,\"name\":\"Home\",\"item\":\"https:\/\/vosgesinfo.fr\/epinalinfo\/\"},{\"@type\":\"ListItem\",\"position\":2,\"name\":\"Bac 2025 : au lyc\u00e9e Louis Lapicque d\u2019\u00c9pinal, l\u2019\u00e9motion au rendez-vous\"}]},{\"@type\":\"WebSite\",\"@id\":\"https:\/\/vosgesinfo.fr\/epinalinfo\/#website\",\"url\":\"https:\/\/vosgesinfo.fr\/epinalinfo\/\",\"name\":\"Epinal Info\",\"description\":\"Toute l&#039;actualit\u00e9 d&#039;\u00c9pinal\",\"publisher\":{\"@id\":\"https:\/\/vosgesinfo.fr\/epinalinfo\/#organization\"},\"alternateName\":\"Toute l'actualit\u00e9 d'\u00c9pinal\",\"potentialAction\":[{\"@type\":\"SearchAction\",\"target\":{\"@type\":\"EntryPoint\",\"urlTemplate\":\"https:\/\/vosgesinfo.fr\/epinalinfo\/?s={search_term_string}\"},\"query-input\":\"required name=search_term_string\"}],\"inLanguage\":\"fr-FR\"},{\"@type\":\"Organization\",\"@id\":\"https:\/\/vosgesinfo.fr\/epinalinfo\/#organization\",\"name\":\"Epinal Info\",\"url\":\"https:\/\/vosgesinfo.fr\/epinalinfo\/\",\"logo\":{\"@type\":\"ImageObject\",\"inLanguage\":\"fr-FR\",\"@id\":\"https:\/\/vosgesinfo.fr\/epinalinfo\/#\/schema\/logo\/image\/\",\"url\":\"https:\/\/vosgesinfo.fr\/app\/uploads\/sites\/3\/2023\/08\/logo-epinalinfos.svg\",\"contentUrl\":\"https:\/\/vosgesinfo.fr\/app\/uploads\/sites\/3\/2023\/08\/logo-epinalinfos.svg\",\"width\":1,\"height\":1,\"caption\":\"Epinal Info\"},\"image\":{\"@id\":\"https:\/\/vosgesinfo.fr\/epinalinfo\/#\/schema\/logo\/image\/\"},\"sameAs\":[\"https:\/\/www.facebook.com\/Epinalinfos\",\"https:\/\/x.com\/VosgesInfo88\",\"https:\/\/www.youtube.com\/@vosgesinfo\"]},{\"@type\":\"Person\",\"@id\":\"https:\/\/vosgesinfo.fr\/epinalinfo\/#\/schema\/person\/6f9a650eeea99d969b6c4ab78fccbe81\",\"name\":\"C.K.\",\"image\":{\"@type\":\"ImageObject\",\"inLanguage\":\"fr-FR\",\"@id\":\"https:\/\/vosgesinfo.fr\/epinalinfo\/#\/schema\/person\/image\/\",\"url\":\"https:\/\/secure.gravatar.com\/avatar\/48e3fc7f8421ba8942be6b74a2b7f014ca39bc00dece156b7a8e098ae7dc87bf?s=96&d=mm&r=g\",\"contentUrl\":\"https:\/\/secure.gravatar.com\/avatar\/48e3fc7f8421ba8942be6b74a2b7f014ca39bc00dece156b7a8e098ae7dc87bf?s=96&d=mm&r=g\",\"caption\":\"C.K.\"},\"url\":\"https:\/\/vosgesinfo.fr\/epinalinfo\/author\/celia-k-n\/\"}]}<\/script>\n<!-- \/ Yoast SEO plugin. -->","yoast_head_json":{"title":"Bac 2025 : au lyc\u00e9e Louis Lapicque d\u2019\u00c9pinal, l\u2019\u00e9motion au rendez-vous - Epinal Info","robots":{"index":"index","follow":"follow","max-snippet":"max-snippet:-1","max-image-preview":"max-image-preview:large","max-video-preview":"max-video-preview:-1"},"canonical":"https:\/\/vosgesinfo.fr\/epinalinfo\/2025\/07\/bac-2025-au-lycee-louis-lapicque-depinal-lemotion-au-rendez-vous\/","twitter_card":"summary_large_image","twitter_title":"Bac 2025 : au lyc\u00e9e Louis Lapicque d\u2019\u00c9pinal, l\u2019\u00e9motion au rendez-vous - Epinal Info","twitter_description":"Ce vendredi 4 juillet, les r\u00e9sultats du baccalaur\u00e9at 2025 ont \u00e9t\u00e9 d\u00e9voil\u00e9s dans l\u2019acad\u00e9mie de Nancy-Metz. Avec un taux de [&hellip;]","twitter_image":"https:\/\/vosgesinfo.fr\/app\/uploads\/sites\/3\/2025\/07\/bac-resultats-lapicque.jpg","twitter_creator":"@VosgesInfo88","twitter_site":"@VosgesInfo88","twitter_misc":{"\u00c9crit par":"C.K.","Dur\u00e9e de lecture estim\u00e9e":"2 minutes"},"schema":{"@context":"https:\/\/schema.org","@graph":[{"@type":"Article","@id":"https:\/\/vosgesinfo.fr\/epinalinfo\/2025\/07\/bac-2025-au-lycee-louis-lapicque-depinal-lemotion-au-rendez-vous\/#article","isPartOf":{"@id":"https:\/\/vosgesinfo.fr\/epinalinfo\/2025\/07\/bac-2025-au-lycee-louis-lapicque-depinal-lemotion-au-rendez-vous\/"},"author":{"name":"C.K.","@id":"https:\/\/vosgesinfo.fr\/epinalinfo\/#\/schema\/person\/6f9a650eeea99d969b6c4ab78fccbe81"},"headline":"Bac 2025 : au lyc\u00e9e Louis Lapicque d\u2019\u00c9pinal, l\u2019\u00e9motion au rendez-vous","datePublished":"2025-07-04T15:35:50+00:00","dateModified":"2025-07-04T15:32:09+00:00","mainEntityOfPage":{"@id":"https:\/\/vosgesinfo.fr\/epinalinfo\/2025\/07\/bac-2025-au-lycee-louis-lapicque-depinal-lemotion-au-rendez-vous\/"},"wordCount":426,"commentCount":1,"publisher":{"@id":"https:\/\/vosgesinfo.fr\/epinalinfo\/#organization"},"image":{"@id":"https:\/\/vosgesinfo.fr\/epinalinfo\/2025\/07\/bac-2025-au-lycee-louis-lapicque-depinal-lemotion-au-rendez-vous\/#primaryimage"},"thumbnailUrl":"https:\/\/vosgesinfo.fr\/app\/uploads\/sites\/3\/2025\/07\/bac-resultats-lapicque.jpg","articleSection":["A la Une","Epinal","Vosges"],"inLanguage":"fr-FR","potentialAction":[{"@type":"CommentAction","name":"Comment","target":["https:\/\/vosgesinfo.fr\/epinalinfo\/2025\/07\/bac-2025-au-lycee-louis-lapicque-depinal-lemotion-au-rendez-vous\/#respond"]}]},{"@type":"WebPage","@id":"https:\/\/vosgesinfo.fr\/epinalinfo\/2025\/07\/bac-2025-au-lycee-louis-lapicque-depinal-lemotion-au-rendez-vous\/","url":"https:\/\/vosgesinfo.fr\/epinalinfo\/2025\/07\/bac-2025-au-lycee-louis-lapicque-depinal-lemotion-au-rendez-vous\/","name":"Bac 2025 : au lyc\u00e9e Louis Lapicque d\u2019\u00c9pinal, l\u2019\u00e9motion au rendez-vous - Epinal Info","isPartOf":{"@id":"https:\/\/vosgesinfo.fr\/epinalinfo\/#website"},"primaryImageOfPage":{"@id":"https:\/\/vosgesinfo.fr\/epinalinfo\/2025\/07\/bac-2025-au-lycee-louis-lapicque-depinal-lemotion-au-rendez-vous\/#primaryimage"},"image":{"@id":"https:\/\/vosgesinfo.fr\/epinalinfo\/2025\/07\/bac-2025-au-lycee-louis-lapicque-depinal-lemotion-au-rendez-vous\/#primaryimage"},"thumbnailUrl":"https:\/\/vosgesinfo.fr\/app\/uploads\/sites\/3\/2025\/07\/bac-resultats-lapicque.jpg","datePublished":"2025-07-04T15:35:50+00:00","dateModified":"2025-07-04T15:32:09+00:00","breadcrumb":{"@id":"https:\/\/vosgesinfo.fr\/epinalinfo\/2025\/07\/bac-2025-au-lycee-louis-lapicque-depinal-lemotion-au-rendez-vous\/#breadcrumb"},"inLanguage":"fr-FR","potentialAction":[{"@type":"ReadAction","target":["https:\/\/vosgesinfo.fr\/epinalinfo\/2025\/07\/bac-2025-au-lycee-louis-lapicque-depinal-lemotion-au-rendez-vous\/"]}]},{"@type":"ImageObject","inLanguage":"fr-FR","@id":"https:\/\/vosgesinfo.fr\/epinalinfo\/2025\/07\/bac-2025-au-lycee-louis-lapicque-depinal-lemotion-au-rendez-vous\/#primaryimage","url":"https:\/\/vosgesinfo.fr\/app\/uploads\/sites\/3\/2025\/07\/bac-resultats-lapicque.jpg","contentUrl":"https:\/\/vosgesinfo.fr\/app\/uploads\/sites\/3\/2025\/07\/bac-resultats-lapicque.jpg","width":1027,"height":626,"caption":"photo St\u00e9phane Calmels"},{"@type":"BreadcrumbList","@id":"https:\/\/vosgesinfo.fr\/epinalinfo\/2025\/07\/bac-2025-au-lycee-louis-lapicque-depinal-lemotion-au-rendez-vous\/#breadcrumb","itemListElement":[{"@type":"ListItem","position":1,"name":"Home","item":"https:\/\/vosgesinfo.fr\/epinalinfo\/"},{"@type":"ListItem","position":2,"name":"Bac 2025 : au lyc\u00e9e Louis Lapicque d\u2019\u00c9pinal, l\u2019\u00e9motion au rendez-vous"}]},{"@type":"WebSite","@id":"https:\/\/vosgesinfo.fr\/epinalinfo\/#website","url":"https:\/\/vosgesinfo.fr\/epinalinfo\/","name":"Epinal Info","description":"Toute l&#039;actualit\u00e9 d&#039;\u00c9pinal","publisher":{"@id":"https:\/\/vosgesinfo.fr\/epinalinfo\/#organization"},"alternateName":"Toute l'actualit\u00e9 d'\u00c9pinal","potentialAction":[{"@type":"SearchAction","target":{"@type":"EntryPoint","urlTemplate":"https:\/\/vosgesinfo.fr\/epinalinfo\/?s={search_term_string}"},"query-input":"required name=search_term_string"}],"inLanguage":"fr-FR"},{"@type":"Organization","@id":"https:\/\/vosgesinfo.fr\/epinalinfo\/#organization","name":"Epinal Info","url":"https:\/\/vosgesinfo.fr\/epinalinfo\/","logo":{"@type":"ImageObject","inLanguage":"fr-FR","@id":"https:\/\/vosgesinfo.fr\/epinalinfo\/#\/schema\/logo\/image\/","url":"https:\/\/vosgesinfo.fr\/app\/uploads\/sites\/3\/2023\/08\/logo-epinalinfos.svg","contentUrl":"https:\/\/vosgesinfo.fr\/app\/uploads\/sites\/3\/2023\/08\/logo-epinalinfos.svg","width":1,"height":1,"caption":"Epinal Info"},"image":{"@id":"https:\/\/vosgesinfo.fr\/epinalinfo\/#\/schema\/logo\/image\/"},"sameAs":["https:\/\/www.facebook.com\/Epinalinfos","https:\/\/x.com\/VosgesInfo88","https:\/\/www.youtube.com\/@vosgesinfo"]},{"@type":"Person","@id":"https:\/\/vosgesinfo.fr\/epinalinfo\/#\/schema\/person\/6f9a650eeea99d969b6c4ab78fccbe81","name":"C.K.","image":{"@type":"ImageObject","inLanguage":"fr-FR","@id":"https:\/\/vosgesinfo.fr\/epinalinfo\/#\/schema\/person\/image\/","url":"https:\/\/secure.gravatar.com\/avatar\/48e3fc7f8421ba8942be6b74a2b7f014ca39bc00dece156b7a8e098ae7dc87bf?s=96&d=mm&r=g","contentUrl":"https:\/\/secure.gravatar.com\/avatar\/48e3fc7f8421ba8942be6b74a2b7f014ca39bc00dece156b7a8e098ae7dc87bf?s=96&d=mm&r=g","caption":"C.K."},"url":"https:\/\/vosgesinfo.fr\/epinalinfo\/author\/celia-k-n\/"}]}},"_links":{"self":[{"href":"https:\/\/vosgesinfo.fr\/epinalinfo\/wp-json\/wp\/v2\/posts\/133570","targetHints":{"allow":["GET"]}}],"collection":[{"href":"https:\/\/vosgesinfo.fr\/epinalinfo\/wp-json\/wp\/v2\/posts"}],"about":[{"href":"https:\/\/vosgesinfo.fr\/epinalinfo\/wp-json\/wp\/v2\/types\/post"}],"author":[{"embeddable":true,"href":"https:\/\/vosgesinfo.fr\/epinalinfo\/wp-json\/wp\/v2\/users\/52"}],"replies":[{"embeddable":true,"href":"https:\/\/vosgesinfo.fr\/epinalinfo\/wp-json\/wp\/v2\/comments?post=133570"}],"version-history":[{"count":1,"href":"https:\/\/vosgesinfo.fr\/epinalinfo\/wp-json\/wp\/v2\/posts\/133570\/revisions"}],"predecessor-version":[{"id":133584,"href":"https:\/\/vosgesinfo.fr\/epinalinfo\/wp-json\/wp\/v2\/posts\/133570\/revisions\/133584"}],"wp:featuredmedia":[{"embeddable":true,"href":"https:\/\/vosgesinfo.fr\/epinalinfo\/wp-json\/wp\/v2\/media\/133571"}],"wp:attachment":[{"href":"https:\/\/vosgesinfo.fr\/epinalinfo\/wp-json\/wp\/v2\/media?parent=133570"}],"wp:term":[{"taxonomy":"category","embeddable":true,"href":"https:\/\/vosgesinfo.fr\/epinalinfo\/wp-json\/wp\/v2\/categories?post=133570"},{"taxonomy":"post_tag","embeddable":true,"href":"https:\/\/vosgesinfo.fr\/epinalinfo\/wp-json\/wp\/v2\/tags?post=133570"}],"curies":[{"name":"wp","href":"https:\/\/api.w.org\/{rel}","templated":true}]}}