{"id":133578,"date":"2025-07-04T17:30:49","date_gmt":"2025-07-04T15:30:49","guid":{"rendered":"https:\/\/vosgesinfo.fr\/epinalinfo\/?p=133578"},"modified":"2025-07-04T17:26:07","modified_gmt":"2025-07-04T15:26:07","slug":"une-premiere-regate-de-bateaux-en-carton-pleine-de-panache-a-thaon-les-vosges","status":"publish","type":"post","link":"https:\/\/vosgesinfo.fr\/epinalinfo\/2025\/07\/une-premiere-regate-de-bateaux-en-carton-pleine-de-panache-a-thaon-les-vosges\/","title":{"rendered":"Une premi\u00e8re r\u00e9gate de bateaux en carton pleine de panache \u00e0 Thaon-les-Vosges !"},"content":{"rendered":"<div id=\"attachment_133579\" style=\"width: 2058px\" class=\"wp-caption aligncenter\"><a href=\"https:\/\/vosgesinfo.fr\/app\/uploads\/sites\/3\/2025\/07\/515439778-1149321810567250-8295828171868516633-n.jpg\"><img decoding=\"async\" aria-describedby=\"caption-attachment-133579\" class=\"size-full wp-image-133579\" src=\"https:\/\/vosgesinfo.fr\/app\/uploads\/sites\/3\/2025\/07\/515439778-1149321810567250-8295828171868516633-n.jpg\" alt=\"\" width=\"2048\" height=\"1346\" srcset=\"https:\/\/vosgesinfo.fr\/app\/uploads\/sites\/3\/2025\/07\/515439778-1149321810567250-8295828171868516633-n.jpg 2048w, https:\/\/vosgesinfo.fr\/app\/uploads\/sites\/3\/2025\/07\/515439778-1149321810567250-8295828171868516633-n-300x197.jpg 300w, https:\/\/vosgesinfo.fr\/app\/uploads\/sites\/3\/2025\/07\/515439778-1149321810567250-8295828171868516633-n-1024x673.jpg 1024w, https:\/\/vosgesinfo.fr\/app\/uploads\/sites\/3\/2025\/07\/515439778-1149321810567250-8295828171868516633-n-768x505.jpg 768w, https:\/\/vosgesinfo.fr\/app\/uploads\/sites\/3\/2025\/07\/515439778-1149321810567250-8295828171868516633-n-1536x1010.jpg 1536w\" sizes=\"(max-width: 2048px) 100vw, 2048px\" \/><\/a><p id=\"caption-attachment-133579\" class=\"wp-caption-text\">photo gendarmerie des Vosges<\/p><\/div>\n<h2 data-start=\"152\" data-end=\"563\">Ce dimanche 29 juin, le Domaine des Lacs de Thaon-les-Vosges a \u00e9t\u00e9 le th\u00e9\u00e2tre d\u2019un \u00e9v\u00e9nement aussi original que festif : la premi\u00e8re grande r\u00e9gate de bateaux en carton organis\u00e9e par l\u2019Odcvl des Vosges. Une initiative haute en couleur qui a attir\u00e9 curieux, familles et participants venus relever un d\u00e9fi aussi amusant que technique : faire flotter \u2013 et avancer \u2013 une embarcation enti\u00e8rement fabriqu\u00e9e en carton !<\/h2>\n<p data-start=\"565\" data-end=\"926\">Parmi les 16 \u00e9quipages engag\u00e9s, une \u00e9quipe s\u2019est particuli\u00e8rement illustr\u00e9e : les gendarmes de la Maison de Protection des Familles (MPF), pr\u00e9sents sur place non seulement pour sensibiliser le public aux probl\u00e9matiques de harc\u00e8lement, de cyberharc\u00e8lement, de consentement, ainsi qu\u2019aux dangers li\u00e9s \u00e0 l\u2019alcool et aux drogues, mais aussi pour\u2026 mouiller le polo !<\/p>\n<p data-start=\"928\" data-end=\"1282\">Engag\u00e9s dans la comp\u00e9tition avec leur bateau, fi\u00e8rement baptis\u00e9 <strong data-start=\"992\" data-end=\"1010\">\u00ab\u00a0The MPF boat\u00a0\u00bb<\/strong>, les gendarmes ont impressionn\u00e9 en d\u00e9crochant une tr\u00e8s honorable <strong data-start=\"1076\" data-end=\"1088\">3\u1d49 place<\/strong>, au terme d\u2019une finale particuli\u00e8rement disput\u00e9e. Une performance salu\u00e9e par le public, ravi de voir les forces de l\u2019ordre m\u00ealer pr\u00e9vention et participation active dans une ambiance conviviale.<\/p>\n<p data-start=\"1284\" data-end=\"1560\">Un grand bravo aux 16 \u00e9quipages pour leur cr\u00e9ativit\u00e9 et leur esprit sportif, ainsi qu\u2019\u00e0 l\u2019Odcvl des Vosges pour cette belle initiative qui a su allier divertissement, engagement citoyen et sensibilisation avec brio.<\/p>\n","protected":false},"excerpt":{"rendered":"<p>Ce dimanche 29 juin, le Domaine des Lacs de Thaon-les-Vosges a \u00e9t\u00e9 le th\u00e9\u00e2tre d\u2019un \u00e9v\u00e9nement aussi original que festif [&hellip;]<\/p>\n","protected":false},"author":52,"featured_media":133579,"comment_status":"open","ping_status":"open","sticky":false,"template":"","format":"standard","meta":{"footnotes":""},"categories":[22,24],"tags":[16831,213],"class_list":["post-133578","post","type-post","status-publish","format-standard","has-post-thumbnail","hentry","category-a-la-une","category-epinal","tag-regate","tag-thaon-les-vosges"],"acf":[],"yoast_head":"<!-- This site is optimized with the Yoast SEO plugin v22.5 - https:\/\/yoast.com\/wordpress\/plugins\/seo\/ -->\n<title>Une premi\u00e8re r\u00e9gate de bateaux en carton pleine de panache \u00e0 Thaon-les-Vosges ! - Epinal Info<\/title>\n<meta name=\"robots\" content=\"index, follow, max-snippet:-1, max-image-preview:large, max-video-preview:-1\" \/>\n<link rel=\"canonical\" href=\"https:\/\/vosgesinfo.fr\/epinalinfo\/2025\/07\/une-premiere-regate-de-bateaux-en-carton-pleine-de-panache-a-thaon-les-vosges\/\" \/>\n<meta name=\"twitter:card\" content=\"summary_large_image\" \/>\n<meta name=\"twitter:title\" content=\"Une premi\u00e8re r\u00e9gate de bateaux en carton pleine de panache \u00e0 Thaon-les-Vosges ! - Epinal Info\" \/>\n<meta name=\"twitter:description\" content=\"Ce dimanche 29 juin, le Domaine des Lacs de Thaon-les-Vosges a \u00e9t\u00e9 le th\u00e9\u00e2tre d\u2019un \u00e9v\u00e9nement aussi original que festif [&hellip;]\" \/>\n<meta name=\"twitter:image\" content=\"https:\/\/vosgesinfo.fr\/app\/uploads\/sites\/3\/2025\/07\/515439778-1149321810567250-8295828171868516633-n.jpg\" \/>\n<meta name=\"twitter:creator\" content=\"@VosgesInfo88\" \/>\n<meta name=\"twitter:site\" content=\"@VosgesInfo88\" \/>\n<meta name=\"twitter:label1\" content=\"\u00c9crit par\" \/>\n\t<meta name=\"twitter:data1\" content=\"C.K.\" \/>\n\t<meta name=\"twitter:label2\" content=\"Dur\u00e9e de lecture estim\u00e9e\" \/>\n\t<meta name=\"twitter:data2\" content=\"1 minute\" \/>\n<script type=\"application\/ld+json\" class=\"yoast-schema-graph\">{\"@context\":\"https:\/\/schema.org\",\"@graph\":[{\"@type\":\"Article\",\"@id\":\"https:\/\/vosgesinfo.fr\/epinalinfo\/2025\/07\/une-premiere-regate-de-bateaux-en-carton-pleine-de-panache-a-thaon-les-vosges\/#article\",\"isPartOf\":{\"@id\":\"https:\/\/vosgesinfo.fr\/epinalinfo\/2025\/07\/une-premiere-regate-de-bateaux-en-carton-pleine-de-panache-a-thaon-les-vosges\/\"},\"author\":{\"name\":\"C.K.\",\"@id\":\"https:\/\/vosgesinfo.fr\/epinalinfo\/#\/schema\/person\/6f9a650eeea99d969b6c4ab78fccbe81\"},\"headline\":\"Une premi\u00e8re r\u00e9gate de bateaux en carton pleine de panache \u00e0 Thaon-les-Vosges !\",\"datePublished\":\"2025-07-04T15:30:49+00:00\",\"dateModified\":\"2025-07-04T15:26:07+00:00\",\"mainEntityOfPage\":{\"@id\":\"https:\/\/vosgesinfo.fr\/epinalinfo\/2025\/07\/une-premiere-regate-de-bateaux-en-carton-pleine-de-panache-a-thaon-les-vosges\/\"},\"wordCount\":253,\"commentCount\":0,\"publisher\":{\"@id\":\"https:\/\/vosgesinfo.fr\/epinalinfo\/#organization\"},\"image\":{\"@id\":\"https:\/\/vosgesinfo.fr\/epinalinfo\/2025\/07\/une-premiere-regate-de-bateaux-en-carton-pleine-de-panache-a-thaon-les-vosges\/#primaryimage\"},\"thumbnailUrl\":\"https:\/\/vosgesinfo.fr\/app\/uploads\/sites\/3\/2025\/07\/515439778-1149321810567250-8295828171868516633-n.jpg\",\"keywords\":[\"r\u00e9gate\",\"Thaon-l\u00e8s-Vosges\"],\"articleSection\":[\"A la Une\",\"Epinal\"],\"inLanguage\":\"fr-FR\",\"potentialAction\":[{\"@type\":\"CommentAction\",\"name\":\"Comment\",\"target\":[\"https:\/\/vosgesinfo.fr\/epinalinfo\/2025\/07\/une-premiere-regate-de-bateaux-en-carton-pleine-de-panache-a-thaon-les-vosges\/#respond\"]}]},{\"@type\":\"WebPage\",\"@id\":\"https:\/\/vosgesinfo.fr\/epinalinfo\/2025\/07\/une-premiere-regate-de-bateaux-en-carton-pleine-de-panache-a-thaon-les-vosges\/\",\"url\":\"https:\/\/vosgesinfo.fr\/epinalinfo\/2025\/07\/une-premiere-regate-de-bateaux-en-carton-pleine-de-panache-a-thaon-les-vosges\/\",\"name\":\"Une premi\u00e8re r\u00e9gate de bateaux en carton pleine de panache \u00e0 Thaon-les-Vosges ! - Epinal Info\",\"isPartOf\":{\"@id\":\"https:\/\/vosgesinfo.fr\/epinalinfo\/#website\"},\"primaryImageOfPage\":{\"@id\":\"https:\/\/vosgesinfo.fr\/epinalinfo\/2025\/07\/une-premiere-regate-de-bateaux-en-carton-pleine-de-panache-a-thaon-les-vosges\/#primaryimage\"},\"image\":{\"@id\":\"https:\/\/vosgesinfo.fr\/epinalinfo\/2025\/07\/une-premiere-regate-de-bateaux-en-carton-pleine-de-panache-a-thaon-les-vosges\/#primaryimage\"},\"thumbnailUrl\":\"https:\/\/vosgesinfo.fr\/app\/uploads\/sites\/3\/2025\/07\/515439778-1149321810567250-8295828171868516633-n.jpg\",\"datePublished\":\"2025-07-04T15:30:49+00:00\",\"dateModified\":\"2025-07-04T15:26:07+00:00\",\"breadcrumb\":{\"@id\":\"https:\/\/vosgesinfo.fr\/epinalinfo\/2025\/07\/une-premiere-regate-de-bateaux-en-carton-pleine-de-panache-a-thaon-les-vosges\/#breadcrumb\"},\"inLanguage\":\"fr-FR\",\"potentialAction\":[{\"@type\":\"ReadAction\",\"target\":[\"https:\/\/vosgesinfo.fr\/epinalinfo\/2025\/07\/une-premiere-regate-de-bateaux-en-carton-pleine-de-panache-a-thaon-les-vosges\/\"]}]},{\"@type\":\"ImageObject\",\"inLanguage\":\"fr-FR\",\"@id\":\"https:\/\/vosgesinfo.fr\/epinalinfo\/2025\/07\/une-premiere-regate-de-bateaux-en-carton-pleine-de-panache-a-thaon-les-vosges\/#primaryimage\",\"url\":\"https:\/\/vosgesinfo.fr\/app\/uploads\/sites\/3\/2025\/07\/515439778-1149321810567250-8295828171868516633-n.jpg\",\"contentUrl\":\"https:\/\/vosgesinfo.fr\/app\/uploads\/sites\/3\/2025\/07\/515439778-1149321810567250-8295828171868516633-n.jpg\",\"width\":2048,\"height\":1346,\"caption\":\"photo gendarmerie des Vosges\"},{\"@type\":\"BreadcrumbList\",\"@id\":\"https:\/\/vosgesinfo.fr\/epinalinfo\/2025\/07\/une-premiere-regate-de-bateaux-en-carton-pleine-de-panache-a-thaon-les-vosges\/#breadcrumb\",\"itemListElement\":[{\"@type\":\"ListItem\",\"position\":1,\"name\":\"Home\",\"item\":\"https:\/\/vosgesinfo.fr\/epinalinfo\/\"},{\"@type\":\"ListItem\",\"position\":2,\"name\":\"Une premi\u00e8re r\u00e9gate de bateaux en carton pleine de panache \u00e0 Thaon-les-Vosges !\"}]},{\"@type\":\"WebSite\",\"@id\":\"https:\/\/vosgesinfo.fr\/epinalinfo\/#website\",\"url\":\"https:\/\/vosgesinfo.fr\/epinalinfo\/\",\"name\":\"Epinal Info\",\"description\":\"Toute l&#039;actualit\u00e9 d&#039;\u00c9pinal\",\"publisher\":{\"@id\":\"https:\/\/vosgesinfo.fr\/epinalinfo\/#organization\"},\"alternateName\":\"Toute l'actualit\u00e9 d'\u00c9pinal\",\"potentialAction\":[{\"@type\":\"SearchAction\",\"target\":{\"@type\":\"EntryPoint\",\"urlTemplate\":\"https:\/\/vosgesinfo.fr\/epinalinfo\/?s={search_term_string}\"},\"query-input\":\"required name=search_term_string\"}],\"inLanguage\":\"fr-FR\"},{\"@type\":\"Organization\",\"@id\":\"https:\/\/vosgesinfo.fr\/epinalinfo\/#organization\",\"name\":\"Epinal Info\",\"url\":\"https:\/\/vosgesinfo.fr\/epinalinfo\/\",\"logo\":{\"@type\":\"ImageObject\",\"inLanguage\":\"fr-FR\",\"@id\":\"https:\/\/vosgesinfo.fr\/epinalinfo\/#\/schema\/logo\/image\/\",\"url\":\"https:\/\/vosgesinfo.fr\/app\/uploads\/sites\/3\/2023\/08\/logo-epinalinfos.svg\",\"contentUrl\":\"https:\/\/vosgesinfo.fr\/app\/uploads\/sites\/3\/2023\/08\/logo-epinalinfos.svg\",\"width\":1,\"height\":1,\"caption\":\"Epinal Info\"},\"image\":{\"@id\":\"https:\/\/vosgesinfo.fr\/epinalinfo\/#\/schema\/logo\/image\/\"},\"sameAs\":[\"https:\/\/www.facebook.com\/Epinalinfos\",\"https:\/\/x.com\/VosgesInfo88\",\"https:\/\/www.youtube.com\/@vosgesinfo\"]},{\"@type\":\"Person\",\"@id\":\"https:\/\/vosgesinfo.fr\/epinalinfo\/#\/schema\/person\/6f9a650eeea99d969b6c4ab78fccbe81\",\"name\":\"C.K.\",\"image\":{\"@type\":\"ImageObject\",\"inLanguage\":\"fr-FR\",\"@id\":\"https:\/\/vosgesinfo.fr\/epinalinfo\/#\/schema\/person\/image\/\",\"url\":\"https:\/\/secure.gravatar.com\/avatar\/48e3fc7f8421ba8942be6b74a2b7f014ca39bc00dece156b7a8e098ae7dc87bf?s=96&d=mm&r=g\",\"contentUrl\":\"https:\/\/secure.gravatar.com\/avatar\/48e3fc7f8421ba8942be6b74a2b7f014ca39bc00dece156b7a8e098ae7dc87bf?s=96&d=mm&r=g\",\"caption\":\"C.K.\"},\"url\":\"https:\/\/vosgesinfo.fr\/epinalinfo\/author\/celia-k-n\/\"}]}<\/script>\n<!-- \/ Yoast SEO plugin. -->","yoast_head_json":{"title":"Une premi\u00e8re r\u00e9gate de bateaux en carton pleine de panache \u00e0 Thaon-les-Vosges ! - Epinal Info","robots":{"index":"index","follow":"follow","max-snippet":"max-snippet:-1","max-image-preview":"max-image-preview:large","max-video-preview":"max-video-preview:-1"},"canonical":"https:\/\/vosgesinfo.fr\/epinalinfo\/2025\/07\/une-premiere-regate-de-bateaux-en-carton-pleine-de-panache-a-thaon-les-vosges\/","twitter_card":"summary_large_image","twitter_title":"Une premi\u00e8re r\u00e9gate de bateaux en carton pleine de panache \u00e0 Thaon-les-Vosges ! - Epinal Info","twitter_description":"Ce dimanche 29 juin, le Domaine des Lacs de Thaon-les-Vosges a \u00e9t\u00e9 le th\u00e9\u00e2tre d\u2019un \u00e9v\u00e9nement aussi original que festif [&hellip;]","twitter_image":"https:\/\/vosgesinfo.fr\/app\/uploads\/sites\/3\/2025\/07\/515439778-1149321810567250-8295828171868516633-n.jpg","twitter_creator":"@VosgesInfo88","twitter_site":"@VosgesInfo88","twitter_misc":{"\u00c9crit par":"C.K.","Dur\u00e9e de lecture estim\u00e9e":"1 minute"},"schema":{"@context":"https:\/\/schema.org","@graph":[{"@type":"Article","@id":"https:\/\/vosgesinfo.fr\/epinalinfo\/2025\/07\/une-premiere-regate-de-bateaux-en-carton-pleine-de-panache-a-thaon-les-vosges\/#article","isPartOf":{"@id":"https:\/\/vosgesinfo.fr\/epinalinfo\/2025\/07\/une-premiere-regate-de-bateaux-en-carton-pleine-de-panache-a-thaon-les-vosges\/"},"author":{"name":"C.K.","@id":"https:\/\/vosgesinfo.fr\/epinalinfo\/#\/schema\/person\/6f9a650eeea99d969b6c4ab78fccbe81"},"headline":"Une premi\u00e8re r\u00e9gate de bateaux en carton pleine de panache \u00e0 Thaon-les-Vosges !","datePublished":"2025-07-04T15:30:49+00:00","dateModified":"2025-07-04T15:26:07+00:00","mainEntityOfPage":{"@id":"https:\/\/vosgesinfo.fr\/epinalinfo\/2025\/07\/une-premiere-regate-de-bateaux-en-carton-pleine-de-panache-a-thaon-les-vosges\/"},"wordCount":253,"commentCount":0,"publisher":{"@id":"https:\/\/vosgesinfo.fr\/epinalinfo\/#organization"},"image":{"@id":"https:\/\/vosgesinfo.fr\/epinalinfo\/2025\/07\/une-premiere-regate-de-bateaux-en-carton-pleine-de-panache-a-thaon-les-vosges\/#primaryimage"},"thumbnailUrl":"https:\/\/vosgesinfo.fr\/app\/uploads\/sites\/3\/2025\/07\/515439778-1149321810567250-8295828171868516633-n.jpg","keywords":["r\u00e9gate","Thaon-l\u00e8s-Vosges"],"articleSection":["A la Une","Epinal"],"inLanguage":"fr-FR","potentialAction":[{"@type":"CommentAction","name":"Comment","target":["https:\/\/vosgesinfo.fr\/epinalinfo\/2025\/07\/une-premiere-regate-de-bateaux-en-carton-pleine-de-panache-a-thaon-les-vosges\/#respond"]}]},{"@type":"WebPage","@id":"https:\/\/vosgesinfo.fr\/epinalinfo\/2025\/07\/une-premiere-regate-de-bateaux-en-carton-pleine-de-panache-a-thaon-les-vosges\/","url":"https:\/\/vosgesinfo.fr\/epinalinfo\/2025\/07\/une-premiere-regate-de-bateaux-en-carton-pleine-de-panache-a-thaon-les-vosges\/","name":"Une premi\u00e8re r\u00e9gate de bateaux en carton pleine de panache \u00e0 Thaon-les-Vosges ! - Epinal Info","isPartOf":{"@id":"https:\/\/vosgesinfo.fr\/epinalinfo\/#website"},"primaryImageOfPage":{"@id":"https:\/\/vosgesinfo.fr\/epinalinfo\/2025\/07\/une-premiere-regate-de-bateaux-en-carton-pleine-de-panache-a-thaon-les-vosges\/#primaryimage"},"image":{"@id":"https:\/\/vosgesinfo.fr\/epinalinfo\/2025\/07\/une-premiere-regate-de-bateaux-en-carton-pleine-de-panache-a-thaon-les-vosges\/#primaryimage"},"thumbnailUrl":"https:\/\/vosgesinfo.fr\/app\/uploads\/sites\/3\/2025\/07\/515439778-1149321810567250-8295828171868516633-n.jpg","datePublished":"2025-07-04T15:30:49+00:00","dateModified":"2025-07-04T15:26:07+00:00","breadcrumb":{"@id":"https:\/\/vosgesinfo.fr\/epinalinfo\/2025\/07\/une-premiere-regate-de-bateaux-en-carton-pleine-de-panache-a-thaon-les-vosges\/#breadcrumb"},"inLanguage":"fr-FR","potentialAction":[{"@type":"ReadAction","target":["https:\/\/vosgesinfo.fr\/epinalinfo\/2025\/07\/une-premiere-regate-de-bateaux-en-carton-pleine-de-panache-a-thaon-les-vosges\/"]}]},{"@type":"ImageObject","inLanguage":"fr-FR","@id":"https:\/\/vosgesinfo.fr\/epinalinfo\/2025\/07\/une-premiere-regate-de-bateaux-en-carton-pleine-de-panache-a-thaon-les-vosges\/#primaryimage","url":"https:\/\/vosgesinfo.fr\/app\/uploads\/sites\/3\/2025\/07\/515439778-1149321810567250-8295828171868516633-n.jpg","contentUrl":"https:\/\/vosgesinfo.fr\/app\/uploads\/sites\/3\/2025\/07\/515439778-1149321810567250-8295828171868516633-n.jpg","width":2048,"height":1346,"caption":"photo gendarmerie des Vosges"},{"@type":"BreadcrumbList","@id":"https:\/\/vosgesinfo.fr\/epinalinfo\/2025\/07\/une-premiere-regate-de-bateaux-en-carton-pleine-de-panache-a-thaon-les-vosges\/#breadcrumb","itemListElement":[{"@type":"ListItem","position":1,"name":"Home","item":"https:\/\/vosgesinfo.fr\/epinalinfo\/"},{"@type":"ListItem","position":2,"name":"Une premi\u00e8re r\u00e9gate de bateaux en carton pleine de panache \u00e0 Thaon-les-Vosges !"}]},{"@type":"WebSite","@id":"https:\/\/vosgesinfo.fr\/epinalinfo\/#website","url":"https:\/\/vosgesinfo.fr\/epinalinfo\/","name":"Epinal Info","description":"Toute l&#039;actualit\u00e9 d&#039;\u00c9pinal","publisher":{"@id":"https:\/\/vosgesinfo.fr\/epinalinfo\/#organization"},"alternateName":"Toute l'actualit\u00e9 d'\u00c9pinal","potentialAction":[{"@type":"SearchAction","target":{"@type":"EntryPoint","urlTemplate":"https:\/\/vosgesinfo.fr\/epinalinfo\/?s={search_term_string}"},"query-input":"required name=search_term_string"}],"inLanguage":"fr-FR"},{"@type":"Organization","@id":"https:\/\/vosgesinfo.fr\/epinalinfo\/#organization","name":"Epinal Info","url":"https:\/\/vosgesinfo.fr\/epinalinfo\/","logo":{"@type":"ImageObject","inLanguage":"fr-FR","@id":"https:\/\/vosgesinfo.fr\/epinalinfo\/#\/schema\/logo\/image\/","url":"https:\/\/vosgesinfo.fr\/app\/uploads\/sites\/3\/2023\/08\/logo-epinalinfos.svg","contentUrl":"https:\/\/vosgesinfo.fr\/app\/uploads\/sites\/3\/2023\/08\/logo-epinalinfos.svg","width":1,"height":1,"caption":"Epinal Info"},"image":{"@id":"https:\/\/vosgesinfo.fr\/epinalinfo\/#\/schema\/logo\/image\/"},"sameAs":["https:\/\/www.facebook.com\/Epinalinfos","https:\/\/x.com\/VosgesInfo88","https:\/\/www.youtube.com\/@vosgesinfo"]},{"@type":"Person","@id":"https:\/\/vosgesinfo.fr\/epinalinfo\/#\/schema\/person\/6f9a650eeea99d969b6c4ab78fccbe81","name":"C.K.","image":{"@type":"ImageObject","inLanguage":"fr-FR","@id":"https:\/\/vosgesinfo.fr\/epinalinfo\/#\/schema\/person\/image\/","url":"https:\/\/secure.gravatar.com\/avatar\/48e3fc7f8421ba8942be6b74a2b7f014ca39bc00dece156b7a8e098ae7dc87bf?s=96&d=mm&r=g","contentUrl":"https:\/\/secure.gravatar.com\/avatar\/48e3fc7f8421ba8942be6b74a2b7f014ca39bc00dece156b7a8e098ae7dc87bf?s=96&d=mm&r=g","caption":"C.K."},"url":"https:\/\/vosgesinfo.fr\/epinalinfo\/author\/celia-k-n\/"}]}},"_links":{"self":[{"href":"https:\/\/vosgesinfo.fr\/epinalinfo\/wp-json\/wp\/v2\/posts\/133578","targetHints":{"allow":["GET"]}}],"collection":[{"href":"https:\/\/vosgesinfo.fr\/epinalinfo\/wp-json\/wp\/v2\/posts"}],"about":[{"href":"https:\/\/vosgesinfo.fr\/epinalinfo\/wp-json\/wp\/v2\/types\/post"}],"author":[{"embeddable":true,"href":"https:\/\/vosgesinfo.fr\/epinalinfo\/wp-json\/wp\/v2\/users\/52"}],"replies":[{"embeddable":true,"href":"https:\/\/vosgesinfo.fr\/epinalinfo\/wp-json\/wp\/v2\/comments?post=133578"}],"version-history":[{"count":1,"href":"https:\/\/vosgesinfo.fr\/epinalinfo\/wp-json\/wp\/v2\/posts\/133578\/revisions"}],"predecessor-version":[{"id":133580,"href":"https:\/\/vosgesinfo.fr\/epinalinfo\/wp-json\/wp\/v2\/posts\/133578\/revisions\/133580"}],"wp:featuredmedia":[{"embeddable":true,"href":"https:\/\/vosgesinfo.fr\/epinalinfo\/wp-json\/wp\/v2\/media\/133579"}],"wp:attachment":[{"href":"https:\/\/vosgesinfo.fr\/epinalinfo\/wp-json\/wp\/v2\/media?parent=133578"}],"wp:term":[{"taxonomy":"category","embeddable":true,"href":"https:\/\/vosgesinfo.fr\/epinalinfo\/wp-json\/wp\/v2\/categories?post=133578"},{"taxonomy":"post_tag","embeddable":true,"href":"https:\/\/vosgesinfo.fr\/epinalinfo\/wp-json\/wp\/v2\/tags?post=133578"}],"curies":[{"name":"wp","href":"https:\/\/api.w.org\/{rel}","templated":true}]}}