{"id":133581,"date":"2025-07-04T17:35:21","date_gmt":"2025-07-04T15:35:21","guid":{"rendered":"https:\/\/vosgesinfo.fr\/epinalinfo\/?p=133581"},"modified":"2025-07-04T17:29:05","modified_gmt":"2025-07-04T15:29:05","slug":"camp-des-jeunes-sapeurs-pompiers-2025-une-edition-marquante-sous-le-signe-de-lengagement","status":"publish","type":"post","link":"https:\/\/vosgesinfo.fr\/epinalinfo\/2025\/07\/camp-des-jeunes-sapeurs-pompiers-2025-une-edition-marquante-sous-le-signe-de-lengagement\/","title":{"rendered":"Camp des Jeunes Sapeurs-Pompiers 2025 : Une \u00e9dition marquante sous le signe de l\u2019engagement"},"content":{"rendered":"<div id=\"attachment_133582\" style=\"width: 1076px\" class=\"wp-caption aligncenter\"><a href=\"https:\/\/vosgesinfo.fr\/app\/uploads\/sites\/3\/2025\/07\/camp-jeune-sapeurs-pompiersn.jpg\"><img decoding=\"async\" aria-describedby=\"caption-attachment-133582\" class=\"size-full wp-image-133582\" src=\"https:\/\/vosgesinfo.fr\/app\/uploads\/sites\/3\/2025\/07\/camp-jeune-sapeurs-pompiersn.jpg\" alt=\"\" width=\"1066\" height=\"1066\" srcset=\"https:\/\/vosgesinfo.fr\/app\/uploads\/sites\/3\/2025\/07\/camp-jeune-sapeurs-pompiersn.jpg 1066w, https:\/\/vosgesinfo.fr\/app\/uploads\/sites\/3\/2025\/07\/camp-jeune-sapeurs-pompiersn-300x300.jpg 300w, https:\/\/vosgesinfo.fr\/app\/uploads\/sites\/3\/2025\/07\/camp-jeune-sapeurs-pompiersn-1024x1024.jpg 1024w, https:\/\/vosgesinfo.fr\/app\/uploads\/sites\/3\/2025\/07\/camp-jeune-sapeurs-pompiersn-150x150.jpg 150w, https:\/\/vosgesinfo.fr\/app\/uploads\/sites\/3\/2025\/07\/camp-jeune-sapeurs-pompiersn-768x768.jpg 768w\" sizes=\"(max-width: 1066px) 100vw, 1066px\" \/><\/a><p id=\"caption-attachment-133582\" class=\"wp-caption-text\">photo pr\u00e9fecture<\/p><\/div>\n<h2 data-start=\"143\" data-end=\"416\">Du 27 au 30 juin 2025, la 6e \u00e9dition du camp des Jeunes Sapeurs-Pompiers (JSP) des Vosges s\u2019est tenue sur les communes d\u2019Uxegney, Dogneville et \u00c9pinal. Un rendez-vous attendu qui a, une fois de plus, mis \u00e0 l\u2019honneur la jeunesse engag\u00e9e au service de la s\u00e9curit\u00e9 civile.<\/h2>\n<p data-start=\"418\" data-end=\"770\">Pendant quatre jours intenses, 86 jeunes JSP ont pris part \u00e0 ce rassemblement formateur et exigeant. Encadr\u00e9s par des sapeurs-pompiers passionn\u00e9s, ils ont encha\u00een\u00e9 \u00e9preuves sportives, ateliers techniques, mises en situation op\u00e9rationnelle et modules th\u00e9oriques dans le cadre de la pr\u00e9paration au Brevet National de Jeune Sapeur-Pompier.<\/p>\n<p data-start=\"772\" data-end=\"931\">Au-del\u00e0 des savoir-faire, ce camp a aussi \u00e9t\u00e9 un creuset de coh\u00e9sion, de solidarit\u00e9 et de d\u00e9passement de soi, valeurs fondamentales dans l\u2019univers pompier.<\/p>\n<p data-start=\"933\" data-end=\"1168\">Autre moment fort : 10 jeunes du Service National Universel (SNU) ont \u00e9t\u00e9 accueillis pour d\u00e9couvrir l\u2019univers des sapeurs-pompiers. Une immersion r\u00e9ussie qui a permis d\u2019\u00e9largir les passerelles entre diff\u00e9rents engagements citoyens.<\/p>\n<p data-start=\"1170\" data-end=\"1466\">La c\u00e9r\u00e9monie de cl\u00f4ture a rassembl\u00e9 familles, formateurs et autorit\u00e9s. Elle s\u2019est d\u00e9roul\u00e9e en pr\u00e9sence de Val\u00e9rie MICHEL-MOREAUX, Pr\u00e9f\u00e8te des Vosges, venue saluer avec chaleur et fiert\u00e9 l\u2019engagement exemplaire de ces jeunes, appel\u00e9s \u00e0 devenir les acteurs de la s\u00e9curit\u00e9 de demain.<\/p>\n","protected":false},"excerpt":{"rendered":"<p>Du 27 au 30 juin 2025, la 6e \u00e9dition du camp des Jeunes Sapeurs-Pompiers (JSP) des Vosges s\u2019est tenue sur [&hellip;]<\/p>\n","protected":false},"author":52,"featured_media":133582,"comment_status":"open","ping_status":"open","sticky":false,"template":"","format":"standard","meta":{"footnotes":""},"categories":[22,24],"tags":[6465,70,211],"class_list":["post-133581","post","type-post","status-publish","format-standard","has-post-thumbnail","hentry","category-a-la-une","category-epinal","tag-camp-jeunes-sapeurs-pompiers","tag-epinal","tag-uxegney"],"acf":[],"yoast_head":"<!-- This site is optimized with the Yoast SEO plugin v22.5 - https:\/\/yoast.com\/wordpress\/plugins\/seo\/ -->\n<title>Camp des Jeunes Sapeurs-Pompiers 2025 : Une \u00e9dition marquante sous le signe de l\u2019engagement - Epinal Info<\/title>\n<meta name=\"robots\" content=\"index, follow, max-snippet:-1, max-image-preview:large, max-video-preview:-1\" \/>\n<link rel=\"canonical\" href=\"https:\/\/vosgesinfo.fr\/epinalinfo\/2025\/07\/camp-des-jeunes-sapeurs-pompiers-2025-une-edition-marquante-sous-le-signe-de-lengagement\/\" \/>\n<meta name=\"twitter:card\" content=\"summary_large_image\" \/>\n<meta name=\"twitter:title\" content=\"Camp des Jeunes Sapeurs-Pompiers 2025 : Une \u00e9dition marquante sous le signe de l\u2019engagement - Epinal Info\" \/>\n<meta name=\"twitter:description\" content=\"Du 27 au 30 juin 2025, la 6e \u00e9dition du camp des Jeunes Sapeurs-Pompiers (JSP) des Vosges s\u2019est tenue sur [&hellip;]\" \/>\n<meta name=\"twitter:image\" content=\"https:\/\/vosgesinfo.fr\/app\/uploads\/sites\/3\/2025\/07\/camp-jeune-sapeurs-pompiersn.jpg\" \/>\n<meta name=\"twitter:creator\" content=\"@VosgesInfo88\" \/>\n<meta name=\"twitter:site\" content=\"@VosgesInfo88\" \/>\n<meta name=\"twitter:label1\" content=\"\u00c9crit par\" \/>\n\t<meta name=\"twitter:data1\" content=\"C.K.\" \/>\n\t<meta name=\"twitter:label2\" content=\"Dur\u00e9e de lecture estim\u00e9e\" \/>\n\t<meta name=\"twitter:data2\" content=\"1 minute\" \/>\n<script type=\"application\/ld+json\" class=\"yoast-schema-graph\">{\"@context\":\"https:\/\/schema.org\",\"@graph\":[{\"@type\":\"Article\",\"@id\":\"https:\/\/vosgesinfo.fr\/epinalinfo\/2025\/07\/camp-des-jeunes-sapeurs-pompiers-2025-une-edition-marquante-sous-le-signe-de-lengagement\/#article\",\"isPartOf\":{\"@id\":\"https:\/\/vosgesinfo.fr\/epinalinfo\/2025\/07\/camp-des-jeunes-sapeurs-pompiers-2025-une-edition-marquante-sous-le-signe-de-lengagement\/\"},\"author\":{\"name\":\"C.K.\",\"@id\":\"https:\/\/vosgesinfo.fr\/epinalinfo\/#\/schema\/person\/6f9a650eeea99d969b6c4ab78fccbe81\"},\"headline\":\"Camp des Jeunes Sapeurs-Pompiers 2025 : Une \u00e9dition marquante sous le signe de l\u2019engagement\",\"datePublished\":\"2025-07-04T15:35:21+00:00\",\"dateModified\":\"2025-07-04T15:29:05+00:00\",\"mainEntityOfPage\":{\"@id\":\"https:\/\/vosgesinfo.fr\/epinalinfo\/2025\/07\/camp-des-jeunes-sapeurs-pompiers-2025-une-edition-marquante-sous-le-signe-de-lengagement\/\"},\"wordCount\":239,\"commentCount\":0,\"publisher\":{\"@id\":\"https:\/\/vosgesinfo.fr\/epinalinfo\/#organization\"},\"image\":{\"@id\":\"https:\/\/vosgesinfo.fr\/epinalinfo\/2025\/07\/camp-des-jeunes-sapeurs-pompiers-2025-une-edition-marquante-sous-le-signe-de-lengagement\/#primaryimage\"},\"thumbnailUrl\":\"https:\/\/vosgesinfo.fr\/app\/uploads\/sites\/3\/2025\/07\/camp-jeune-sapeurs-pompiersn.jpg\",\"keywords\":[\"camp jeunes sapeurs-pompiers\",\"Epinal\",\"Uxegney\"],\"articleSection\":[\"A la Une\",\"Epinal\"],\"inLanguage\":\"fr-FR\",\"potentialAction\":[{\"@type\":\"CommentAction\",\"name\":\"Comment\",\"target\":[\"https:\/\/vosgesinfo.fr\/epinalinfo\/2025\/07\/camp-des-jeunes-sapeurs-pompiers-2025-une-edition-marquante-sous-le-signe-de-lengagement\/#respond\"]}]},{\"@type\":\"WebPage\",\"@id\":\"https:\/\/vosgesinfo.fr\/epinalinfo\/2025\/07\/camp-des-jeunes-sapeurs-pompiers-2025-une-edition-marquante-sous-le-signe-de-lengagement\/\",\"url\":\"https:\/\/vosgesinfo.fr\/epinalinfo\/2025\/07\/camp-des-jeunes-sapeurs-pompiers-2025-une-edition-marquante-sous-le-signe-de-lengagement\/\",\"name\":\"Camp des Jeunes Sapeurs-Pompiers 2025 : Une \u00e9dition marquante sous le signe de l\u2019engagement - Epinal Info\",\"isPartOf\":{\"@id\":\"https:\/\/vosgesinfo.fr\/epinalinfo\/#website\"},\"primaryImageOfPage\":{\"@id\":\"https:\/\/vosgesinfo.fr\/epinalinfo\/2025\/07\/camp-des-jeunes-sapeurs-pompiers-2025-une-edition-marquante-sous-le-signe-de-lengagement\/#primaryimage\"},\"image\":{\"@id\":\"https:\/\/vosgesinfo.fr\/epinalinfo\/2025\/07\/camp-des-jeunes-sapeurs-pompiers-2025-une-edition-marquante-sous-le-signe-de-lengagement\/#primaryimage\"},\"thumbnailUrl\":\"https:\/\/vosgesinfo.fr\/app\/uploads\/sites\/3\/2025\/07\/camp-jeune-sapeurs-pompiersn.jpg\",\"datePublished\":\"2025-07-04T15:35:21+00:00\",\"dateModified\":\"2025-07-04T15:29:05+00:00\",\"breadcrumb\":{\"@id\":\"https:\/\/vosgesinfo.fr\/epinalinfo\/2025\/07\/camp-des-jeunes-sapeurs-pompiers-2025-une-edition-marquante-sous-le-signe-de-lengagement\/#breadcrumb\"},\"inLanguage\":\"fr-FR\",\"potentialAction\":[{\"@type\":\"ReadAction\",\"target\":[\"https:\/\/vosgesinfo.fr\/epinalinfo\/2025\/07\/camp-des-jeunes-sapeurs-pompiers-2025-une-edition-marquante-sous-le-signe-de-lengagement\/\"]}]},{\"@type\":\"ImageObject\",\"inLanguage\":\"fr-FR\",\"@id\":\"https:\/\/vosgesinfo.fr\/epinalinfo\/2025\/07\/camp-des-jeunes-sapeurs-pompiers-2025-une-edition-marquante-sous-le-signe-de-lengagement\/#primaryimage\",\"url\":\"https:\/\/vosgesinfo.fr\/app\/uploads\/sites\/3\/2025\/07\/camp-jeune-sapeurs-pompiersn.jpg\",\"contentUrl\":\"https:\/\/vosgesinfo.fr\/app\/uploads\/sites\/3\/2025\/07\/camp-jeune-sapeurs-pompiersn.jpg\",\"width\":1066,\"height\":1066,\"caption\":\"photo pr\u00e9fecture\"},{\"@type\":\"BreadcrumbList\",\"@id\":\"https:\/\/vosgesinfo.fr\/epinalinfo\/2025\/07\/camp-des-jeunes-sapeurs-pompiers-2025-une-edition-marquante-sous-le-signe-de-lengagement\/#breadcrumb\",\"itemListElement\":[{\"@type\":\"ListItem\",\"position\":1,\"name\":\"Home\",\"item\":\"https:\/\/vosgesinfo.fr\/epinalinfo\/\"},{\"@type\":\"ListItem\",\"position\":2,\"name\":\"Camp des Jeunes Sapeurs-Pompiers 2025 : Une \u00e9dition marquante sous le signe de l\u2019engagement\"}]},{\"@type\":\"WebSite\",\"@id\":\"https:\/\/vosgesinfo.fr\/epinalinfo\/#website\",\"url\":\"https:\/\/vosgesinfo.fr\/epinalinfo\/\",\"name\":\"Epinal Info\",\"description\":\"Toute l&#039;actualit\u00e9 d&#039;\u00c9pinal\",\"publisher\":{\"@id\":\"https:\/\/vosgesinfo.fr\/epinalinfo\/#organization\"},\"alternateName\":\"Toute l'actualit\u00e9 d'\u00c9pinal\",\"potentialAction\":[{\"@type\":\"SearchAction\",\"target\":{\"@type\":\"EntryPoint\",\"urlTemplate\":\"https:\/\/vosgesinfo.fr\/epinalinfo\/?s={search_term_string}\"},\"query-input\":\"required name=search_term_string\"}],\"inLanguage\":\"fr-FR\"},{\"@type\":\"Organization\",\"@id\":\"https:\/\/vosgesinfo.fr\/epinalinfo\/#organization\",\"name\":\"Epinal Info\",\"url\":\"https:\/\/vosgesinfo.fr\/epinalinfo\/\",\"logo\":{\"@type\":\"ImageObject\",\"inLanguage\":\"fr-FR\",\"@id\":\"https:\/\/vosgesinfo.fr\/epinalinfo\/#\/schema\/logo\/image\/\",\"url\":\"https:\/\/vosgesinfo.fr\/app\/uploads\/sites\/3\/2023\/08\/logo-epinalinfos.svg\",\"contentUrl\":\"https:\/\/vosgesinfo.fr\/app\/uploads\/sites\/3\/2023\/08\/logo-epinalinfos.svg\",\"width\":1,\"height\":1,\"caption\":\"Epinal Info\"},\"image\":{\"@id\":\"https:\/\/vosgesinfo.fr\/epinalinfo\/#\/schema\/logo\/image\/\"},\"sameAs\":[\"https:\/\/www.facebook.com\/Epinalinfos\",\"https:\/\/x.com\/VosgesInfo88\",\"https:\/\/www.youtube.com\/@vosgesinfo\"]},{\"@type\":\"Person\",\"@id\":\"https:\/\/vosgesinfo.fr\/epinalinfo\/#\/schema\/person\/6f9a650eeea99d969b6c4ab78fccbe81\",\"name\":\"C.K.\",\"image\":{\"@type\":\"ImageObject\",\"inLanguage\":\"fr-FR\",\"@id\":\"https:\/\/vosgesinfo.fr\/epinalinfo\/#\/schema\/person\/image\/\",\"url\":\"https:\/\/secure.gravatar.com\/avatar\/48e3fc7f8421ba8942be6b74a2b7f014ca39bc00dece156b7a8e098ae7dc87bf?s=96&d=mm&r=g\",\"contentUrl\":\"https:\/\/secure.gravatar.com\/avatar\/48e3fc7f8421ba8942be6b74a2b7f014ca39bc00dece156b7a8e098ae7dc87bf?s=96&d=mm&r=g\",\"caption\":\"C.K.\"},\"url\":\"https:\/\/vosgesinfo.fr\/epinalinfo\/author\/celia-k-n\/\"}]}<\/script>\n<!-- \/ Yoast SEO plugin. -->","yoast_head_json":{"title":"Camp des Jeunes Sapeurs-Pompiers 2025 : Une \u00e9dition marquante sous le signe de l\u2019engagement - Epinal Info","robots":{"index":"index","follow":"follow","max-snippet":"max-snippet:-1","max-image-preview":"max-image-preview:large","max-video-preview":"max-video-preview:-1"},"canonical":"https:\/\/vosgesinfo.fr\/epinalinfo\/2025\/07\/camp-des-jeunes-sapeurs-pompiers-2025-une-edition-marquante-sous-le-signe-de-lengagement\/","twitter_card":"summary_large_image","twitter_title":"Camp des Jeunes Sapeurs-Pompiers 2025 : Une \u00e9dition marquante sous le signe de l\u2019engagement - Epinal Info","twitter_description":"Du 27 au 30 juin 2025, la 6e \u00e9dition du camp des Jeunes Sapeurs-Pompiers (JSP) des Vosges s\u2019est tenue sur [&hellip;]","twitter_image":"https:\/\/vosgesinfo.fr\/app\/uploads\/sites\/3\/2025\/07\/camp-jeune-sapeurs-pompiersn.jpg","twitter_creator":"@VosgesInfo88","twitter_site":"@VosgesInfo88","twitter_misc":{"\u00c9crit par":"C.K.","Dur\u00e9e de lecture estim\u00e9e":"1 minute"},"schema":{"@context":"https:\/\/schema.org","@graph":[{"@type":"Article","@id":"https:\/\/vosgesinfo.fr\/epinalinfo\/2025\/07\/camp-des-jeunes-sapeurs-pompiers-2025-une-edition-marquante-sous-le-signe-de-lengagement\/#article","isPartOf":{"@id":"https:\/\/vosgesinfo.fr\/epinalinfo\/2025\/07\/camp-des-jeunes-sapeurs-pompiers-2025-une-edition-marquante-sous-le-signe-de-lengagement\/"},"author":{"name":"C.K.","@id":"https:\/\/vosgesinfo.fr\/epinalinfo\/#\/schema\/person\/6f9a650eeea99d969b6c4ab78fccbe81"},"headline":"Camp des Jeunes Sapeurs-Pompiers 2025 : Une \u00e9dition marquante sous le signe de l\u2019engagement","datePublished":"2025-07-04T15:35:21+00:00","dateModified":"2025-07-04T15:29:05+00:00","mainEntityOfPage":{"@id":"https:\/\/vosgesinfo.fr\/epinalinfo\/2025\/07\/camp-des-jeunes-sapeurs-pompiers-2025-une-edition-marquante-sous-le-signe-de-lengagement\/"},"wordCount":239,"commentCount":0,"publisher":{"@id":"https:\/\/vosgesinfo.fr\/epinalinfo\/#organization"},"image":{"@id":"https:\/\/vosgesinfo.fr\/epinalinfo\/2025\/07\/camp-des-jeunes-sapeurs-pompiers-2025-une-edition-marquante-sous-le-signe-de-lengagement\/#primaryimage"},"thumbnailUrl":"https:\/\/vosgesinfo.fr\/app\/uploads\/sites\/3\/2025\/07\/camp-jeune-sapeurs-pompiersn.jpg","keywords":["camp jeunes sapeurs-pompiers","Epinal","Uxegney"],"articleSection":["A la Une","Epinal"],"inLanguage":"fr-FR","potentialAction":[{"@type":"CommentAction","name":"Comment","target":["https:\/\/vosgesinfo.fr\/epinalinfo\/2025\/07\/camp-des-jeunes-sapeurs-pompiers-2025-une-edition-marquante-sous-le-signe-de-lengagement\/#respond"]}]},{"@type":"WebPage","@id":"https:\/\/vosgesinfo.fr\/epinalinfo\/2025\/07\/camp-des-jeunes-sapeurs-pompiers-2025-une-edition-marquante-sous-le-signe-de-lengagement\/","url":"https:\/\/vosgesinfo.fr\/epinalinfo\/2025\/07\/camp-des-jeunes-sapeurs-pompiers-2025-une-edition-marquante-sous-le-signe-de-lengagement\/","name":"Camp des Jeunes Sapeurs-Pompiers 2025 : Une \u00e9dition marquante sous le signe de l\u2019engagement - Epinal Info","isPartOf":{"@id":"https:\/\/vosgesinfo.fr\/epinalinfo\/#website"},"primaryImageOfPage":{"@id":"https:\/\/vosgesinfo.fr\/epinalinfo\/2025\/07\/camp-des-jeunes-sapeurs-pompiers-2025-une-edition-marquante-sous-le-signe-de-lengagement\/#primaryimage"},"image":{"@id":"https:\/\/vosgesinfo.fr\/epinalinfo\/2025\/07\/camp-des-jeunes-sapeurs-pompiers-2025-une-edition-marquante-sous-le-signe-de-lengagement\/#primaryimage"},"thumbnailUrl":"https:\/\/vosgesinfo.fr\/app\/uploads\/sites\/3\/2025\/07\/camp-jeune-sapeurs-pompiersn.jpg","datePublished":"2025-07-04T15:35:21+00:00","dateModified":"2025-07-04T15:29:05+00:00","breadcrumb":{"@id":"https:\/\/vosgesinfo.fr\/epinalinfo\/2025\/07\/camp-des-jeunes-sapeurs-pompiers-2025-une-edition-marquante-sous-le-signe-de-lengagement\/#breadcrumb"},"inLanguage":"fr-FR","potentialAction":[{"@type":"ReadAction","target":["https:\/\/vosgesinfo.fr\/epinalinfo\/2025\/07\/camp-des-jeunes-sapeurs-pompiers-2025-une-edition-marquante-sous-le-signe-de-lengagement\/"]}]},{"@type":"ImageObject","inLanguage":"fr-FR","@id":"https:\/\/vosgesinfo.fr\/epinalinfo\/2025\/07\/camp-des-jeunes-sapeurs-pompiers-2025-une-edition-marquante-sous-le-signe-de-lengagement\/#primaryimage","url":"https:\/\/vosgesinfo.fr\/app\/uploads\/sites\/3\/2025\/07\/camp-jeune-sapeurs-pompiersn.jpg","contentUrl":"https:\/\/vosgesinfo.fr\/app\/uploads\/sites\/3\/2025\/07\/camp-jeune-sapeurs-pompiersn.jpg","width":1066,"height":1066,"caption":"photo pr\u00e9fecture"},{"@type":"BreadcrumbList","@id":"https:\/\/vosgesinfo.fr\/epinalinfo\/2025\/07\/camp-des-jeunes-sapeurs-pompiers-2025-une-edition-marquante-sous-le-signe-de-lengagement\/#breadcrumb","itemListElement":[{"@type":"ListItem","position":1,"name":"Home","item":"https:\/\/vosgesinfo.fr\/epinalinfo\/"},{"@type":"ListItem","position":2,"name":"Camp des Jeunes Sapeurs-Pompiers 2025 : Une \u00e9dition marquante sous le signe de l\u2019engagement"}]},{"@type":"WebSite","@id":"https:\/\/vosgesinfo.fr\/epinalinfo\/#website","url":"https:\/\/vosgesinfo.fr\/epinalinfo\/","name":"Epinal Info","description":"Toute l&#039;actualit\u00e9 d&#039;\u00c9pinal","publisher":{"@id":"https:\/\/vosgesinfo.fr\/epinalinfo\/#organization"},"alternateName":"Toute l'actualit\u00e9 d'\u00c9pinal","potentialAction":[{"@type":"SearchAction","target":{"@type":"EntryPoint","urlTemplate":"https:\/\/vosgesinfo.fr\/epinalinfo\/?s={search_term_string}"},"query-input":"required name=search_term_string"}],"inLanguage":"fr-FR"},{"@type":"Organization","@id":"https:\/\/vosgesinfo.fr\/epinalinfo\/#organization","name":"Epinal Info","url":"https:\/\/vosgesinfo.fr\/epinalinfo\/","logo":{"@type":"ImageObject","inLanguage":"fr-FR","@id":"https:\/\/vosgesinfo.fr\/epinalinfo\/#\/schema\/logo\/image\/","url":"https:\/\/vosgesinfo.fr\/app\/uploads\/sites\/3\/2023\/08\/logo-epinalinfos.svg","contentUrl":"https:\/\/vosgesinfo.fr\/app\/uploads\/sites\/3\/2023\/08\/logo-epinalinfos.svg","width":1,"height":1,"caption":"Epinal Info"},"image":{"@id":"https:\/\/vosgesinfo.fr\/epinalinfo\/#\/schema\/logo\/image\/"},"sameAs":["https:\/\/www.facebook.com\/Epinalinfos","https:\/\/x.com\/VosgesInfo88","https:\/\/www.youtube.com\/@vosgesinfo"]},{"@type":"Person","@id":"https:\/\/vosgesinfo.fr\/epinalinfo\/#\/schema\/person\/6f9a650eeea99d969b6c4ab78fccbe81","name":"C.K.","image":{"@type":"ImageObject","inLanguage":"fr-FR","@id":"https:\/\/vosgesinfo.fr\/epinalinfo\/#\/schema\/person\/image\/","url":"https:\/\/secure.gravatar.com\/avatar\/48e3fc7f8421ba8942be6b74a2b7f014ca39bc00dece156b7a8e098ae7dc87bf?s=96&d=mm&r=g","contentUrl":"https:\/\/secure.gravatar.com\/avatar\/48e3fc7f8421ba8942be6b74a2b7f014ca39bc00dece156b7a8e098ae7dc87bf?s=96&d=mm&r=g","caption":"C.K."},"url":"https:\/\/vosgesinfo.fr\/epinalinfo\/author\/celia-k-n\/"}]}},"_links":{"self":[{"href":"https:\/\/vosgesinfo.fr\/epinalinfo\/wp-json\/wp\/v2\/posts\/133581","targetHints":{"allow":["GET"]}}],"collection":[{"href":"https:\/\/vosgesinfo.fr\/epinalinfo\/wp-json\/wp\/v2\/posts"}],"about":[{"href":"https:\/\/vosgesinfo.fr\/epinalinfo\/wp-json\/wp\/v2\/types\/post"}],"author":[{"embeddable":true,"href":"https:\/\/vosgesinfo.fr\/epinalinfo\/wp-json\/wp\/v2\/users\/52"}],"replies":[{"embeddable":true,"href":"https:\/\/vosgesinfo.fr\/epinalinfo\/wp-json\/wp\/v2\/comments?post=133581"}],"version-history":[{"count":1,"href":"https:\/\/vosgesinfo.fr\/epinalinfo\/wp-json\/wp\/v2\/posts\/133581\/revisions"}],"predecessor-version":[{"id":133583,"href":"https:\/\/vosgesinfo.fr\/epinalinfo\/wp-json\/wp\/v2\/posts\/133581\/revisions\/133583"}],"wp:featuredmedia":[{"embeddable":true,"href":"https:\/\/vosgesinfo.fr\/epinalinfo\/wp-json\/wp\/v2\/media\/133582"}],"wp:attachment":[{"href":"https:\/\/vosgesinfo.fr\/epinalinfo\/wp-json\/wp\/v2\/media?parent=133581"}],"wp:term":[{"taxonomy":"category","embeddable":true,"href":"https:\/\/vosgesinfo.fr\/epinalinfo\/wp-json\/wp\/v2\/categories?post=133581"},{"taxonomy":"post_tag","embeddable":true,"href":"https:\/\/vosgesinfo.fr\/epinalinfo\/wp-json\/wp\/v2\/tags?post=133581"}],"curies":[{"name":"wp","href":"https:\/\/api.w.org\/{rel}","templated":true}]}}