{"id":133671,"date":"2025-07-08T11:30:57","date_gmt":"2025-07-08T09:30:57","guid":{"rendered":"https:\/\/vosgesinfo.fr\/epinalinfo\/?p=133671"},"modified":"2025-07-08T11:27:04","modified_gmt":"2025-07-08T09:27:04","slug":"un-exosquelette-motorise-integre-le-service-de-reeducation-du-site-de-golbey","status":"publish","type":"post","link":"https:\/\/vosgesinfo.fr\/epinalinfo\/2025\/07\/un-exosquelette-motorise-integre-le-service-de-reeducation-du-site-de-golbey\/","title":{"rendered":"Un exosquelette motoris\u00e9 int\u00e8gre le service de r\u00e9\u00e9ducation du site de Golbey"},"content":{"rendered":"<div id=\"attachment_133672\" style=\"width: 1034px\" class=\"wp-caption aligncenter\"><a href=\"https:\/\/vosgesinfo.fr\/app\/uploads\/sites\/3\/2025\/07\/514253758-1208492181079404-9062722943924995330-n.jpg\"><img decoding=\"async\" aria-describedby=\"caption-attachment-133672\" class=\"size-full wp-image-133672\" src=\"https:\/\/vosgesinfo.fr\/app\/uploads\/sites\/3\/2025\/07\/514253758-1208492181079404-9062722943924995330-n.jpg\" alt=\"\" width=\"1024\" height=\"768\" srcset=\"https:\/\/vosgesinfo.fr\/app\/uploads\/sites\/3\/2025\/07\/514253758-1208492181079404-9062722943924995330-n.jpg 1024w, https:\/\/vosgesinfo.fr\/app\/uploads\/sites\/3\/2025\/07\/514253758-1208492181079404-9062722943924995330-n-300x225.jpg 300w, https:\/\/vosgesinfo.fr\/app\/uploads\/sites\/3\/2025\/07\/514253758-1208492181079404-9062722943924995330-n-768x576.jpg 768w\" sizes=\"(max-width: 1024px) 100vw, 1024px\" \/><\/a><p id=\"caption-attachment-133672\" class=\"wp-caption-text\">photo Centre hospitalier d&rsquo;Epinal<\/p><\/div>\n<h2 data-start=\"181\" data-end=\"522\"><strong>Toujours \u00e0 la pointe de l\u2019innovation, le Centre Hospitalier d\u2019\u00c9pinal franchit une nouvelle \u00e9tape en mati\u00e8re de r\u00e9\u00e9ducation fonctionnelle. Son service de r\u00e9\u00e9ducation, situ\u00e9 sur le site de Golbey, vient de se doter d\u2019un exosquelette motoris\u00e9, une avanc\u00e9e technologique majeure au service des patients atteints de pathologies neurologiques.<\/strong><\/h2>\n<p data-start=\"265\" data-end=\"592\">Toujours \u00e0 la pointe de l\u2019innovation, le Centre Hospitalier d\u2019\u00c9pinal vient d\u2019int\u00e9grer un exosquelette motoris\u00e9 au sein de son service de r\u00e9\u00e9ducation fonctionnelle, situ\u00e9 sur le site de Golbey. Cette technologie de pointe repr\u00e9sente une avanc\u00e9e majeure dans la prise en charge des patients atteints de pathologies neurologiques.<\/p>\n<p data-start=\"594\" data-end=\"907\">L\u2019objectif principal de cet \u00e9quipement est clair : favoriser une reprise pr\u00e9coce de la marche, de mani\u00e8re s\u00e9curis\u00e9e, personnalis\u00e9e et progressive. L\u2019exosquelette permet aux patients de retrouver plus rapidement une mobilit\u00e9 fonctionnelle, tout en \u00e9tant accompagn\u00e9s dans un environnement ma\u00eetris\u00e9 et rassurant.<\/p>\n<p data-start=\"909\" data-end=\"1333\">Deux modes d\u2019assistance sont propos\u00e9s afin de s\u2019adapter aux besoins sp\u00e9cifiques de chaque patient. Le mode contr\u00f4l\u00e9 permet de guider enti\u00e8rement les mouvements de marche, ce qui est particuli\u00e8rement utile dans les phases initiales de la r\u00e9\u00e9ducation. Le mode assist\u00e9, quant \u00e0 lui, encourage l\u2019effort actif du patient en l\u2019incitant \u00e0 mobiliser ses ressources motrices, tout en b\u00e9n\u00e9ficiant du soutien de l\u2019exosquelette.<\/p>\n<p data-start=\"1335\" data-end=\"1611\">Ce dispositif est utilis\u00e9 en synergie avec l\u2019expertise des kin\u00e9sith\u00e9rapeutes et des enseignants en activit\u00e9 physique adapt\u00e9e. Cette approche pluridisciplinaire renforce l\u2019efficacit\u00e9 de la r\u00e9\u00e9ducation et permet de proposer une prise en charge globale et individualis\u00e9e.<\/p>\n<p data-start=\"1613\" data-end=\"2019\">Les b\u00e9n\u00e9fices cliniques sont nombreux. L\u2019exosquelette contribue \u00e0 une verticalisation plus rapide des patients, stimule \u00e0 la fois les fonctions motrices et cognitives, et favorise une meilleure r\u00e9cup\u00e9ration fonctionnelle. Il joue \u00e9galement un r\u00f4le essentiel dans l\u2019acc\u00e9l\u00e9ration du processus de r\u00e9-autonomisation, ce qui repr\u00e9sente un gain pr\u00e9cieux pour le patient comme pour l\u2019\u00e9quipe soignante.<\/p>\n","protected":false},"excerpt":{"rendered":"<p>Toujours \u00e0 la pointe de l\u2019innovation, le Centre Hospitalier d\u2019\u00c9pinal franchit une nouvelle \u00e9tape en mati\u00e8re de r\u00e9\u00e9ducation fonctionnelle. Son [&hellip;]<\/p>\n","protected":false},"author":52,"featured_media":133672,"comment_status":"open","ping_status":"open","sticky":false,"template":"","format":"standard","meta":{"footnotes":""},"categories":[22,24,148,14],"tags":[1349,205,85,16849,16848],"class_list":["post-133671","post","type-post","status-publish","format-standard","has-post-thumbnail","hentry","category-a-la-une","category-epinal","category-golbey","category-sante","tag-centre-hospitalier-depinal","tag-golbey","tag-sante","tag-service-de-reeducation-du-site-de-golbey","tag-un-exosquelette-motorise"],"acf":[],"yoast_head":"<!-- This site is optimized with the Yoast SEO plugin v22.5 - https:\/\/yoast.com\/wordpress\/plugins\/seo\/ -->\n<title>Un exosquelette motoris\u00e9 int\u00e8gre le service de r\u00e9\u00e9ducation du site de Golbey - Epinal Info<\/title>\n<meta name=\"robots\" content=\"index, follow, max-snippet:-1, max-image-preview:large, max-video-preview:-1\" \/>\n<link rel=\"canonical\" href=\"https:\/\/vosgesinfo.fr\/epinalinfo\/2025\/07\/un-exosquelette-motorise-integre-le-service-de-reeducation-du-site-de-golbey\/\" \/>\n<meta name=\"twitter:card\" content=\"summary_large_image\" \/>\n<meta name=\"twitter:title\" content=\"Un exosquelette motoris\u00e9 int\u00e8gre le service de r\u00e9\u00e9ducation du site de Golbey - Epinal Info\" \/>\n<meta name=\"twitter:description\" content=\"Toujours \u00e0 la pointe de l\u2019innovation, le Centre Hospitalier d\u2019\u00c9pinal franchit une nouvelle \u00e9tape en mati\u00e8re de r\u00e9\u00e9ducation fonctionnelle. Son [&hellip;]\" \/>\n<meta name=\"twitter:image\" content=\"https:\/\/vosgesinfo.fr\/app\/uploads\/sites\/3\/2025\/07\/514253758-1208492181079404-9062722943924995330-n.jpg\" \/>\n<meta name=\"twitter:creator\" content=\"@VosgesInfo88\" \/>\n<meta name=\"twitter:site\" content=\"@VosgesInfo88\" \/>\n<meta name=\"twitter:label1\" content=\"\u00c9crit par\" \/>\n\t<meta name=\"twitter:data1\" content=\"C.K.\" \/>\n\t<meta name=\"twitter:label2\" content=\"Dur\u00e9e de lecture estim\u00e9e\" \/>\n\t<meta name=\"twitter:data2\" content=\"2 minutes\" \/>\n<script type=\"application\/ld+json\" class=\"yoast-schema-graph\">{\"@context\":\"https:\/\/schema.org\",\"@graph\":[{\"@type\":\"Article\",\"@id\":\"https:\/\/vosgesinfo.fr\/epinalinfo\/2025\/07\/un-exosquelette-motorise-integre-le-service-de-reeducation-du-site-de-golbey\/#article\",\"isPartOf\":{\"@id\":\"https:\/\/vosgesinfo.fr\/epinalinfo\/2025\/07\/un-exosquelette-motorise-integre-le-service-de-reeducation-du-site-de-golbey\/\"},\"author\":{\"name\":\"C.K.\",\"@id\":\"https:\/\/vosgesinfo.fr\/epinalinfo\/#\/schema\/person\/6f9a650eeea99d969b6c4ab78fccbe81\"},\"headline\":\"Un exosquelette motoris\u00e9 int\u00e8gre le service de r\u00e9\u00e9ducation du site de Golbey\",\"datePublished\":\"2025-07-08T09:30:57+00:00\",\"dateModified\":\"2025-07-08T09:27:04+00:00\",\"mainEntityOfPage\":{\"@id\":\"https:\/\/vosgesinfo.fr\/epinalinfo\/2025\/07\/un-exosquelette-motorise-integre-le-service-de-reeducation-du-site-de-golbey\/\"},\"wordCount\":365,\"commentCount\":0,\"publisher\":{\"@id\":\"https:\/\/vosgesinfo.fr\/epinalinfo\/#organization\"},\"image\":{\"@id\":\"https:\/\/vosgesinfo.fr\/epinalinfo\/2025\/07\/un-exosquelette-motorise-integre-le-service-de-reeducation-du-site-de-golbey\/#primaryimage\"},\"thumbnailUrl\":\"https:\/\/vosgesinfo.fr\/app\/uploads\/sites\/3\/2025\/07\/514253758-1208492181079404-9062722943924995330-n.jpg\",\"keywords\":[\"Centre hospitalier d\u2019\u00c9pinal\",\"Golbey\",\"sant\u00e9\",\"service de r\u00e9\u00e9ducation du site de Golbey\",\"Un exosquelette motoris\u00e9\"],\"articleSection\":[\"A la Une\",\"Epinal\",\"Golbey\",\"Sant\u00e9\"],\"inLanguage\":\"fr-FR\",\"potentialAction\":[{\"@type\":\"CommentAction\",\"name\":\"Comment\",\"target\":[\"https:\/\/vosgesinfo.fr\/epinalinfo\/2025\/07\/un-exosquelette-motorise-integre-le-service-de-reeducation-du-site-de-golbey\/#respond\"]}]},{\"@type\":\"WebPage\",\"@id\":\"https:\/\/vosgesinfo.fr\/epinalinfo\/2025\/07\/un-exosquelette-motorise-integre-le-service-de-reeducation-du-site-de-golbey\/\",\"url\":\"https:\/\/vosgesinfo.fr\/epinalinfo\/2025\/07\/un-exosquelette-motorise-integre-le-service-de-reeducation-du-site-de-golbey\/\",\"name\":\"Un exosquelette motoris\u00e9 int\u00e8gre le service de r\u00e9\u00e9ducation du site de Golbey - Epinal Info\",\"isPartOf\":{\"@id\":\"https:\/\/vosgesinfo.fr\/epinalinfo\/#website\"},\"primaryImageOfPage\":{\"@id\":\"https:\/\/vosgesinfo.fr\/epinalinfo\/2025\/07\/un-exosquelette-motorise-integre-le-service-de-reeducation-du-site-de-golbey\/#primaryimage\"},\"image\":{\"@id\":\"https:\/\/vosgesinfo.fr\/epinalinfo\/2025\/07\/un-exosquelette-motorise-integre-le-service-de-reeducation-du-site-de-golbey\/#primaryimage\"},\"thumbnailUrl\":\"https:\/\/vosgesinfo.fr\/app\/uploads\/sites\/3\/2025\/07\/514253758-1208492181079404-9062722943924995330-n.jpg\",\"datePublished\":\"2025-07-08T09:30:57+00:00\",\"dateModified\":\"2025-07-08T09:27:04+00:00\",\"breadcrumb\":{\"@id\":\"https:\/\/vosgesinfo.fr\/epinalinfo\/2025\/07\/un-exosquelette-motorise-integre-le-service-de-reeducation-du-site-de-golbey\/#breadcrumb\"},\"inLanguage\":\"fr-FR\",\"potentialAction\":[{\"@type\":\"ReadAction\",\"target\":[\"https:\/\/vosgesinfo.fr\/epinalinfo\/2025\/07\/un-exosquelette-motorise-integre-le-service-de-reeducation-du-site-de-golbey\/\"]}]},{\"@type\":\"ImageObject\",\"inLanguage\":\"fr-FR\",\"@id\":\"https:\/\/vosgesinfo.fr\/epinalinfo\/2025\/07\/un-exosquelette-motorise-integre-le-service-de-reeducation-du-site-de-golbey\/#primaryimage\",\"url\":\"https:\/\/vosgesinfo.fr\/app\/uploads\/sites\/3\/2025\/07\/514253758-1208492181079404-9062722943924995330-n.jpg\",\"contentUrl\":\"https:\/\/vosgesinfo.fr\/app\/uploads\/sites\/3\/2025\/07\/514253758-1208492181079404-9062722943924995330-n.jpg\",\"width\":1024,\"height\":768,\"caption\":\"photo Centre hospitalier d'Epinal\"},{\"@type\":\"BreadcrumbList\",\"@id\":\"https:\/\/vosgesinfo.fr\/epinalinfo\/2025\/07\/un-exosquelette-motorise-integre-le-service-de-reeducation-du-site-de-golbey\/#breadcrumb\",\"itemListElement\":[{\"@type\":\"ListItem\",\"position\":1,\"name\":\"Home\",\"item\":\"https:\/\/vosgesinfo.fr\/epinalinfo\/\"},{\"@type\":\"ListItem\",\"position\":2,\"name\":\"Un exosquelette motoris\u00e9 int\u00e8gre le service de r\u00e9\u00e9ducation du site de Golbey\"}]},{\"@type\":\"WebSite\",\"@id\":\"https:\/\/vosgesinfo.fr\/epinalinfo\/#website\",\"url\":\"https:\/\/vosgesinfo.fr\/epinalinfo\/\",\"name\":\"Epinal Info\",\"description\":\"Toute l&#039;actualit\u00e9 d&#039;\u00c9pinal\",\"publisher\":{\"@id\":\"https:\/\/vosgesinfo.fr\/epinalinfo\/#organization\"},\"alternateName\":\"Toute l'actualit\u00e9 d'\u00c9pinal\",\"potentialAction\":[{\"@type\":\"SearchAction\",\"target\":{\"@type\":\"EntryPoint\",\"urlTemplate\":\"https:\/\/vosgesinfo.fr\/epinalinfo\/?s={search_term_string}\"},\"query-input\":\"required name=search_term_string\"}],\"inLanguage\":\"fr-FR\"},{\"@type\":\"Organization\",\"@id\":\"https:\/\/vosgesinfo.fr\/epinalinfo\/#organization\",\"name\":\"Epinal Info\",\"url\":\"https:\/\/vosgesinfo.fr\/epinalinfo\/\",\"logo\":{\"@type\":\"ImageObject\",\"inLanguage\":\"fr-FR\",\"@id\":\"https:\/\/vosgesinfo.fr\/epinalinfo\/#\/schema\/logo\/image\/\",\"url\":\"https:\/\/vosgesinfo.fr\/app\/uploads\/sites\/3\/2023\/08\/logo-epinalinfos.svg\",\"contentUrl\":\"https:\/\/vosgesinfo.fr\/app\/uploads\/sites\/3\/2023\/08\/logo-epinalinfos.svg\",\"width\":1,\"height\":1,\"caption\":\"Epinal Info\"},\"image\":{\"@id\":\"https:\/\/vosgesinfo.fr\/epinalinfo\/#\/schema\/logo\/image\/\"},\"sameAs\":[\"https:\/\/www.facebook.com\/Epinalinfos\",\"https:\/\/x.com\/VosgesInfo88\",\"https:\/\/www.youtube.com\/@vosgesinfo\"]},{\"@type\":\"Person\",\"@id\":\"https:\/\/vosgesinfo.fr\/epinalinfo\/#\/schema\/person\/6f9a650eeea99d969b6c4ab78fccbe81\",\"name\":\"C.K.\",\"image\":{\"@type\":\"ImageObject\",\"inLanguage\":\"fr-FR\",\"@id\":\"https:\/\/vosgesinfo.fr\/epinalinfo\/#\/schema\/person\/image\/\",\"url\":\"https:\/\/secure.gravatar.com\/avatar\/48e3fc7f8421ba8942be6b74a2b7f014ca39bc00dece156b7a8e098ae7dc87bf?s=96&d=mm&r=g\",\"contentUrl\":\"https:\/\/secure.gravatar.com\/avatar\/48e3fc7f8421ba8942be6b74a2b7f014ca39bc00dece156b7a8e098ae7dc87bf?s=96&d=mm&r=g\",\"caption\":\"C.K.\"},\"url\":\"https:\/\/vosgesinfo.fr\/epinalinfo\/author\/celia-k-n\/\"}]}<\/script>\n<!-- \/ Yoast SEO plugin. -->","yoast_head_json":{"title":"Un exosquelette motoris\u00e9 int\u00e8gre le service de r\u00e9\u00e9ducation du site de Golbey - Epinal Info","robots":{"index":"index","follow":"follow","max-snippet":"max-snippet:-1","max-image-preview":"max-image-preview:large","max-video-preview":"max-video-preview:-1"},"canonical":"https:\/\/vosgesinfo.fr\/epinalinfo\/2025\/07\/un-exosquelette-motorise-integre-le-service-de-reeducation-du-site-de-golbey\/","twitter_card":"summary_large_image","twitter_title":"Un exosquelette motoris\u00e9 int\u00e8gre le service de r\u00e9\u00e9ducation du site de Golbey - Epinal Info","twitter_description":"Toujours \u00e0 la pointe de l\u2019innovation, le Centre Hospitalier d\u2019\u00c9pinal franchit une nouvelle \u00e9tape en mati\u00e8re de r\u00e9\u00e9ducation fonctionnelle. Son [&hellip;]","twitter_image":"https:\/\/vosgesinfo.fr\/app\/uploads\/sites\/3\/2025\/07\/514253758-1208492181079404-9062722943924995330-n.jpg","twitter_creator":"@VosgesInfo88","twitter_site":"@VosgesInfo88","twitter_misc":{"\u00c9crit par":"C.K.","Dur\u00e9e de lecture estim\u00e9e":"2 minutes"},"schema":{"@context":"https:\/\/schema.org","@graph":[{"@type":"Article","@id":"https:\/\/vosgesinfo.fr\/epinalinfo\/2025\/07\/un-exosquelette-motorise-integre-le-service-de-reeducation-du-site-de-golbey\/#article","isPartOf":{"@id":"https:\/\/vosgesinfo.fr\/epinalinfo\/2025\/07\/un-exosquelette-motorise-integre-le-service-de-reeducation-du-site-de-golbey\/"},"author":{"name":"C.K.","@id":"https:\/\/vosgesinfo.fr\/epinalinfo\/#\/schema\/person\/6f9a650eeea99d969b6c4ab78fccbe81"},"headline":"Un exosquelette motoris\u00e9 int\u00e8gre le service de r\u00e9\u00e9ducation du site de Golbey","datePublished":"2025-07-08T09:30:57+00:00","dateModified":"2025-07-08T09:27:04+00:00","mainEntityOfPage":{"@id":"https:\/\/vosgesinfo.fr\/epinalinfo\/2025\/07\/un-exosquelette-motorise-integre-le-service-de-reeducation-du-site-de-golbey\/"},"wordCount":365,"commentCount":0,"publisher":{"@id":"https:\/\/vosgesinfo.fr\/epinalinfo\/#organization"},"image":{"@id":"https:\/\/vosgesinfo.fr\/epinalinfo\/2025\/07\/un-exosquelette-motorise-integre-le-service-de-reeducation-du-site-de-golbey\/#primaryimage"},"thumbnailUrl":"https:\/\/vosgesinfo.fr\/app\/uploads\/sites\/3\/2025\/07\/514253758-1208492181079404-9062722943924995330-n.jpg","keywords":["Centre hospitalier d\u2019\u00c9pinal","Golbey","sant\u00e9","service de r\u00e9\u00e9ducation du site de Golbey","Un exosquelette motoris\u00e9"],"articleSection":["A la Une","Epinal","Golbey","Sant\u00e9"],"inLanguage":"fr-FR","potentialAction":[{"@type":"CommentAction","name":"Comment","target":["https:\/\/vosgesinfo.fr\/epinalinfo\/2025\/07\/un-exosquelette-motorise-integre-le-service-de-reeducation-du-site-de-golbey\/#respond"]}]},{"@type":"WebPage","@id":"https:\/\/vosgesinfo.fr\/epinalinfo\/2025\/07\/un-exosquelette-motorise-integre-le-service-de-reeducation-du-site-de-golbey\/","url":"https:\/\/vosgesinfo.fr\/epinalinfo\/2025\/07\/un-exosquelette-motorise-integre-le-service-de-reeducation-du-site-de-golbey\/","name":"Un exosquelette motoris\u00e9 int\u00e8gre le service de r\u00e9\u00e9ducation du site de Golbey - Epinal Info","isPartOf":{"@id":"https:\/\/vosgesinfo.fr\/epinalinfo\/#website"},"primaryImageOfPage":{"@id":"https:\/\/vosgesinfo.fr\/epinalinfo\/2025\/07\/un-exosquelette-motorise-integre-le-service-de-reeducation-du-site-de-golbey\/#primaryimage"},"image":{"@id":"https:\/\/vosgesinfo.fr\/epinalinfo\/2025\/07\/un-exosquelette-motorise-integre-le-service-de-reeducation-du-site-de-golbey\/#primaryimage"},"thumbnailUrl":"https:\/\/vosgesinfo.fr\/app\/uploads\/sites\/3\/2025\/07\/514253758-1208492181079404-9062722943924995330-n.jpg","datePublished":"2025-07-08T09:30:57+00:00","dateModified":"2025-07-08T09:27:04+00:00","breadcrumb":{"@id":"https:\/\/vosgesinfo.fr\/epinalinfo\/2025\/07\/un-exosquelette-motorise-integre-le-service-de-reeducation-du-site-de-golbey\/#breadcrumb"},"inLanguage":"fr-FR","potentialAction":[{"@type":"ReadAction","target":["https:\/\/vosgesinfo.fr\/epinalinfo\/2025\/07\/un-exosquelette-motorise-integre-le-service-de-reeducation-du-site-de-golbey\/"]}]},{"@type":"ImageObject","inLanguage":"fr-FR","@id":"https:\/\/vosgesinfo.fr\/epinalinfo\/2025\/07\/un-exosquelette-motorise-integre-le-service-de-reeducation-du-site-de-golbey\/#primaryimage","url":"https:\/\/vosgesinfo.fr\/app\/uploads\/sites\/3\/2025\/07\/514253758-1208492181079404-9062722943924995330-n.jpg","contentUrl":"https:\/\/vosgesinfo.fr\/app\/uploads\/sites\/3\/2025\/07\/514253758-1208492181079404-9062722943924995330-n.jpg","width":1024,"height":768,"caption":"photo Centre hospitalier d'Epinal"},{"@type":"BreadcrumbList","@id":"https:\/\/vosgesinfo.fr\/epinalinfo\/2025\/07\/un-exosquelette-motorise-integre-le-service-de-reeducation-du-site-de-golbey\/#breadcrumb","itemListElement":[{"@type":"ListItem","position":1,"name":"Home","item":"https:\/\/vosgesinfo.fr\/epinalinfo\/"},{"@type":"ListItem","position":2,"name":"Un exosquelette motoris\u00e9 int\u00e8gre le service de r\u00e9\u00e9ducation du site de Golbey"}]},{"@type":"WebSite","@id":"https:\/\/vosgesinfo.fr\/epinalinfo\/#website","url":"https:\/\/vosgesinfo.fr\/epinalinfo\/","name":"Epinal Info","description":"Toute l&#039;actualit\u00e9 d&#039;\u00c9pinal","publisher":{"@id":"https:\/\/vosgesinfo.fr\/epinalinfo\/#organization"},"alternateName":"Toute l'actualit\u00e9 d'\u00c9pinal","potentialAction":[{"@type":"SearchAction","target":{"@type":"EntryPoint","urlTemplate":"https:\/\/vosgesinfo.fr\/epinalinfo\/?s={search_term_string}"},"query-input":"required name=search_term_string"}],"inLanguage":"fr-FR"},{"@type":"Organization","@id":"https:\/\/vosgesinfo.fr\/epinalinfo\/#organization","name":"Epinal Info","url":"https:\/\/vosgesinfo.fr\/epinalinfo\/","logo":{"@type":"ImageObject","inLanguage":"fr-FR","@id":"https:\/\/vosgesinfo.fr\/epinalinfo\/#\/schema\/logo\/image\/","url":"https:\/\/vosgesinfo.fr\/app\/uploads\/sites\/3\/2023\/08\/logo-epinalinfos.svg","contentUrl":"https:\/\/vosgesinfo.fr\/app\/uploads\/sites\/3\/2023\/08\/logo-epinalinfos.svg","width":1,"height":1,"caption":"Epinal Info"},"image":{"@id":"https:\/\/vosgesinfo.fr\/epinalinfo\/#\/schema\/logo\/image\/"},"sameAs":["https:\/\/www.facebook.com\/Epinalinfos","https:\/\/x.com\/VosgesInfo88","https:\/\/www.youtube.com\/@vosgesinfo"]},{"@type":"Person","@id":"https:\/\/vosgesinfo.fr\/epinalinfo\/#\/schema\/person\/6f9a650eeea99d969b6c4ab78fccbe81","name":"C.K.","image":{"@type":"ImageObject","inLanguage":"fr-FR","@id":"https:\/\/vosgesinfo.fr\/epinalinfo\/#\/schema\/person\/image\/","url":"https:\/\/secure.gravatar.com\/avatar\/48e3fc7f8421ba8942be6b74a2b7f014ca39bc00dece156b7a8e098ae7dc87bf?s=96&d=mm&r=g","contentUrl":"https:\/\/secure.gravatar.com\/avatar\/48e3fc7f8421ba8942be6b74a2b7f014ca39bc00dece156b7a8e098ae7dc87bf?s=96&d=mm&r=g","caption":"C.K."},"url":"https:\/\/vosgesinfo.fr\/epinalinfo\/author\/celia-k-n\/"}]}},"_links":{"self":[{"href":"https:\/\/vosgesinfo.fr\/epinalinfo\/wp-json\/wp\/v2\/posts\/133671","targetHints":{"allow":["GET"]}}],"collection":[{"href":"https:\/\/vosgesinfo.fr\/epinalinfo\/wp-json\/wp\/v2\/posts"}],"about":[{"href":"https:\/\/vosgesinfo.fr\/epinalinfo\/wp-json\/wp\/v2\/types\/post"}],"author":[{"embeddable":true,"href":"https:\/\/vosgesinfo.fr\/epinalinfo\/wp-json\/wp\/v2\/users\/52"}],"replies":[{"embeddable":true,"href":"https:\/\/vosgesinfo.fr\/epinalinfo\/wp-json\/wp\/v2\/comments?post=133671"}],"version-history":[{"count":1,"href":"https:\/\/vosgesinfo.fr\/epinalinfo\/wp-json\/wp\/v2\/posts\/133671\/revisions"}],"predecessor-version":[{"id":133673,"href":"https:\/\/vosgesinfo.fr\/epinalinfo\/wp-json\/wp\/v2\/posts\/133671\/revisions\/133673"}],"wp:featuredmedia":[{"embeddable":true,"href":"https:\/\/vosgesinfo.fr\/epinalinfo\/wp-json\/wp\/v2\/media\/133672"}],"wp:attachment":[{"href":"https:\/\/vosgesinfo.fr\/epinalinfo\/wp-json\/wp\/v2\/media?parent=133671"}],"wp:term":[{"taxonomy":"category","embeddable":true,"href":"https:\/\/vosgesinfo.fr\/epinalinfo\/wp-json\/wp\/v2\/categories?post=133671"},{"taxonomy":"post_tag","embeddable":true,"href":"https:\/\/vosgesinfo.fr\/epinalinfo\/wp-json\/wp\/v2\/tags?post=133671"}],"curies":[{"name":"wp","href":"https:\/\/api.w.org\/{rel}","templated":true}]}}