{"id":133676,"date":"2025-07-08T18:00:56","date_gmt":"2025-07-08T16:00:56","guid":{"rendered":"https:\/\/vosgesinfo.fr\/epinalinfo\/?p=133676"},"modified":"2025-07-08T18:00:56","modified_gmt":"2025-07-08T16:00:56","slug":"bains-les-bains-un-nouveau-souffle-avec-louverture-de-o-ptit-creux-du-jardin","status":"publish","type":"post","link":"https:\/\/vosgesinfo.fr\/epinalinfo\/2025\/07\/bains-les-bains-un-nouveau-souffle-avec-louverture-de-o-ptit-creux-du-jardin\/","title":{"rendered":"Bains-les-Bains : un nouveau souffle avec l\u2019ouverture de \u00ab\u00a0\u00d4 p\u2019tit creux du jardin\u00a0\u00bb"},"content":{"rendered":"<p><a href=\"https:\/\/vosgesinfo.fr\/app\/uploads\/sites\/5\/2025\/07\/o-ptit-creux-du-jardin3-copie-scaled.jpg\"><img decoding=\"async\" class=\"aligncenter wp-image-83557 size-full\" src=\"https:\/\/vosgesinfo.fr\/app\/uploads\/sites\/5\/2025\/07\/o-ptit-creux-du-jardin3-copie-scaled.jpg\" alt=\"\" width=\"2560\" height=\"1920\" \/><\/a><\/p>\n<p><strong>\u00c0 Bains-les-Bains, une nouvelle aventure humaine et entrepreneuriale prend racine avec l\u2019ouverture de \u00ab\u00a0\u00d4 p\u2019tit creux du jardin\u00a0\u00bb, un lieu pas comme les autres, \u00e0 la crois\u00e9e du jardinage, de l\u2019agritourisme et de la convivialit\u00e9.<\/strong><\/p>\n<p>Aux commandes de ce projet : Maud et G\u00e9rald, un couple dans la quarantaine, qui a d\u00e9cid\u00e9 de tout quitter pour donner un nouveau sens \u00e0 leur vie. Lass\u00e9s d\u2019un quotidien rythm\u00e9 par le \u00ab\u00a0m\u00e9tro-boulot-dodo\u00a0\u00bb, ils ont choisi de ralentir, de revenir \u00e0 l\u2019essentiel, et de construire un lieu \u00e0 leur image, en harmonie avec la nature et les valeurs de partage.<\/p>\n<p>\u00ab\u00a0\u00d4 p\u2019tit creux du jardin\u00a0\u00bb, c\u2019est avant tout une ferme agritouristique, mais aussi un jardin p\u00e9dagogique, une production v\u00e9g\u00e9tale, des activit\u00e9s nature, des h\u00e9bergements insolites \u00e0 venir en 2026, et une guinguette chaleureuse. Une combinaison audacieuse qui a su s\u00e9duire : leur initiative a \u00e9t\u00e9 distingu\u00e9e par La Fabrique \u00e0 Entreprendre et la Communaut\u00e9 d\u2019agglom\u00e9ration d\u2019\u00c9pinal, comme l&rsquo;une des meilleures id\u00e9es de cr\u00e9ation d\u2019entreprise de l\u2019ann\u00e9e.<\/p>\n<p>D\u00e8s le 12 juillet, le public pourra d\u00e9couvrir la guinguette avec sa restauration \u00e9ph\u00e9m\u00e8re, ouverte du mardi au dimanche pour des apr\u00e8s-midis gourmands autour de boissons et douceurs locales. Les week-ends seront consacr\u00e9s \u00e0 une restauration de terroir, et les dimanches midis, place au brunch paysan sur r\u00e9servation par t\u00e9l\u00e9phone.<\/p>\n<p>Plus qu\u2019une entreprise, \u00ab\u00a0\u00d4 p\u2019tit creux du jardin\u00a0\u00bb est une invitation \u00e0 ralentir, \u00e0 se reconnecter \u00e0 la terre, aux autres, et \u00e0 soi. Un lieu \u00e0 d\u00e9couvrir en famille ou entre amis, pour savourer l\u2019instant et respirer un peu plus fort.<\/p>\n<p>\u00c0 noter : ouverture officielle le 12 juillet \u00e0 Bains-les-Bains.<\/p>\n<p>Retrouvez les r\u00e9seaux sociaux de \u00ab\u00a0\u00d4 p&rsquo;tit creux du jardin\u00a0\u00bb ci-dessous :<\/p>\n<p><a href=\"https:\/\/www.facebook.com\/share\/1EzbEeiRVr\/\" target=\"_blank\" rel=\"noopener\">https:\/\/www.facebook.com\/share\/1EzbEeiRVr\/<\/a><\/p>\n<p><a href=\"https:\/\/www.instagram.com\/optitcreuxdujardin\/profilecard\/?igsh=MW41cXZoZ3E2ZXhqZw==\" target=\"_blank\" rel=\"noopener\">https:\/\/www.instagram.com\/optitcreuxdujardin\/profilecard\/?igsh=MW41cXZoZ3E2ZXhqZw==<\/a><\/p>\n\n\t\t<style type=\"text\/css\">\n\t\t\t#gallery-1 {\n\t\t\t\tmargin: auto;\n\t\t\t}\n\t\t\t#gallery-1 .gallery-item {\n\t\t\t\tfloat: left;\n\t\t\t\tmargin-top: 10px;\n\t\t\t\ttext-align: center;\n\t\t\t\twidth: 33%;\n\t\t\t}\n\t\t\t#gallery-1 img {\n\t\t\t\tborder: 2px solid #cfcfcf;\n\t\t\t}\n\t\t\t#gallery-1 .gallery-caption {\n\t\t\t\tmargin-left: 0;\n\t\t\t}\n\t\t\t\/* see gallery_shortcode() in wp-includes\/media.php *\/\n\t\t<\/style>\n\t\t<div id='gallery-1' class='gallery galleryid-133676 gallery-columns-3 gallery-size-thumbnail'><dl class='gallery-item'>\n\t\t\t<dt class='gallery-icon portrait'>\n\t\t\t\t<a href='https:\/\/vosgesinfo.fr\/app\/uploads\/sites\/3\/2025\/07\/o-ptit-creux-du-jardin1.jpg'><img decoding=\"async\" width=\"150\" height=\"150\" src=\"https:\/\/vosgesinfo.fr\/app\/uploads\/sites\/3\/2025\/07\/o-ptit-creux-du-jardin1-150x150.jpg\" class=\"attachment-thumbnail size-thumbnail\" alt=\"\" \/><\/a>\n\t\t\t<\/dt><\/dl><dl class='gallery-item'>\n\t\t\t<dt class='gallery-icon portrait'>\n\t\t\t\t<a href='https:\/\/vosgesinfo.fr\/app\/uploads\/sites\/3\/2025\/07\/o-ptit-creux-du-jardin2-copie.jpg'><img decoding=\"async\" width=\"150\" height=\"150\" src=\"https:\/\/vosgesinfo.fr\/app\/uploads\/sites\/3\/2025\/07\/o-ptit-creux-du-jardin2-copie-150x150.jpg\" class=\"attachment-thumbnail size-thumbnail\" alt=\"\" \/><\/a>\n\t\t\t<\/dt><\/dl>\n\t\t\t<br style='clear: both' \/>\n\t\t<\/div>\n\n","protected":false},"excerpt":{"rendered":"<p>\u00c0 Bains-les-Bains, une nouvelle aventure humaine et entrepreneuriale prend racine avec l\u2019ouverture de \u00ab\u00a0\u00d4 p\u2019tit creux du jardin\u00a0\u00bb, un lieu [&hellip;]<\/p>\n","protected":false},"author":418,"featured_media":133677,"comment_status":"open","ping_status":"open","sticky":false,"template":"","format":"standard","meta":{"footnotes":""},"categories":[22,24,6055],"tags":[5848,16850],"class_list":["post-133676","post","type-post","status-publish","format-standard","has-post-thumbnail","hentry","category-a-la-une","category-epinal","category-remiremont","tag-bains-les-bains","tag-o-ptit-creux-du-jardin"],"acf":[],"yoast_head":"<!-- This site is optimized with the Yoast SEO plugin v22.5 - https:\/\/yoast.com\/wordpress\/plugins\/seo\/ -->\n<title>Bains-les-Bains : un nouveau souffle avec l\u2019ouverture de &quot;\u00d4 p\u2019tit creux du jardin&quot; - Epinal Info<\/title>\n<meta name=\"robots\" content=\"index, follow, max-snippet:-1, max-image-preview:large, max-video-preview:-1\" \/>\n<link rel=\"canonical\" href=\"https:\/\/vosgesinfo.fr\/epinalinfo\/2025\/07\/bains-les-bains-un-nouveau-souffle-avec-louverture-de-o-ptit-creux-du-jardin\/\" \/>\n<meta name=\"twitter:card\" content=\"summary_large_image\" \/>\n<meta name=\"twitter:title\" content=\"Bains-les-Bains : un nouveau souffle avec l\u2019ouverture de &quot;\u00d4 p\u2019tit creux du jardin&quot; - Epinal Info\" \/>\n<meta name=\"twitter:description\" content=\"\u00c0 Bains-les-Bains, une nouvelle aventure humaine et entrepreneuriale prend racine avec l\u2019ouverture de \u00ab\u00a0\u00d4 p\u2019tit creux du jardin\u00a0\u00bb, un lieu [&hellip;]\" \/>\n<meta name=\"twitter:image\" content=\"https:\/\/vosgesinfo.fr\/app\/uploads\/sites\/3\/2025\/07\/o-ptit-creux-du-jardin3-copie-scaled-1.jpg\" \/>\n<meta name=\"twitter:creator\" content=\"@VosgesInfo88\" \/>\n<meta name=\"twitter:site\" content=\"@VosgesInfo88\" \/>\n<meta name=\"twitter:label1\" content=\"\u00c9crit par\" \/>\n\t<meta name=\"twitter:data1\" content=\"C.M\" \/>\n\t<meta name=\"twitter:label2\" content=\"Dur\u00e9e de lecture estim\u00e9e\" \/>\n\t<meta name=\"twitter:data2\" content=\"2 minutes\" \/>\n<script type=\"application\/ld+json\" class=\"yoast-schema-graph\">{\"@context\":\"https:\/\/schema.org\",\"@graph\":[{\"@type\":\"Article\",\"@id\":\"https:\/\/vosgesinfo.fr\/epinalinfo\/2025\/07\/bains-les-bains-un-nouveau-souffle-avec-louverture-de-o-ptit-creux-du-jardin\/#article\",\"isPartOf\":{\"@id\":\"https:\/\/vosgesinfo.fr\/epinalinfo\/2025\/07\/bains-les-bains-un-nouveau-souffle-avec-louverture-de-o-ptit-creux-du-jardin\/\"},\"author\":{\"name\":\"C.M\",\"@id\":\"https:\/\/vosgesinfo.fr\/epinalinfo\/#\/schema\/person\/4f38cd3068e342935b7304695c797d08\"},\"headline\":\"Bains-les-Bains : un nouveau souffle avec l\u2019ouverture de \u00ab\u00a0\u00d4 p\u2019tit creux du jardin\u00a0\u00bb\",\"datePublished\":\"2025-07-08T16:00:56+00:00\",\"dateModified\":\"2025-07-08T16:00:56+00:00\",\"mainEntityOfPage\":{\"@id\":\"https:\/\/vosgesinfo.fr\/epinalinfo\/2025\/07\/bains-les-bains-un-nouveau-souffle-avec-louverture-de-o-ptit-creux-du-jardin\/\"},\"wordCount\":328,\"commentCount\":0,\"publisher\":{\"@id\":\"https:\/\/vosgesinfo.fr\/epinalinfo\/#organization\"},\"image\":{\"@id\":\"https:\/\/vosgesinfo.fr\/epinalinfo\/2025\/07\/bains-les-bains-un-nouveau-souffle-avec-louverture-de-o-ptit-creux-du-jardin\/#primaryimage\"},\"thumbnailUrl\":\"https:\/\/vosgesinfo.fr\/app\/uploads\/sites\/3\/2025\/07\/o-ptit-creux-du-jardin3-copie-scaled-1.jpg\",\"keywords\":[\"Bains-les-Bains\",\"\u00d4 p'tit creux du jardin\"],\"articleSection\":[\"A la Une\",\"Epinal\",\"Remiremont\"],\"inLanguage\":\"fr-FR\",\"potentialAction\":[{\"@type\":\"CommentAction\",\"name\":\"Comment\",\"target\":[\"https:\/\/vosgesinfo.fr\/epinalinfo\/2025\/07\/bains-les-bains-un-nouveau-souffle-avec-louverture-de-o-ptit-creux-du-jardin\/#respond\"]}]},{\"@type\":\"WebPage\",\"@id\":\"https:\/\/vosgesinfo.fr\/epinalinfo\/2025\/07\/bains-les-bains-un-nouveau-souffle-avec-louverture-de-o-ptit-creux-du-jardin\/\",\"url\":\"https:\/\/vosgesinfo.fr\/epinalinfo\/2025\/07\/bains-les-bains-un-nouveau-souffle-avec-louverture-de-o-ptit-creux-du-jardin\/\",\"name\":\"Bains-les-Bains : un nouveau souffle avec l\u2019ouverture de \\\"\u00d4 p\u2019tit creux du jardin\\\" - Epinal Info\",\"isPartOf\":{\"@id\":\"https:\/\/vosgesinfo.fr\/epinalinfo\/#website\"},\"primaryImageOfPage\":{\"@id\":\"https:\/\/vosgesinfo.fr\/epinalinfo\/2025\/07\/bains-les-bains-un-nouveau-souffle-avec-louverture-de-o-ptit-creux-du-jardin\/#primaryimage\"},\"image\":{\"@id\":\"https:\/\/vosgesinfo.fr\/epinalinfo\/2025\/07\/bains-les-bains-un-nouveau-souffle-avec-louverture-de-o-ptit-creux-du-jardin\/#primaryimage\"},\"thumbnailUrl\":\"https:\/\/vosgesinfo.fr\/app\/uploads\/sites\/3\/2025\/07\/o-ptit-creux-du-jardin3-copie-scaled-1.jpg\",\"datePublished\":\"2025-07-08T16:00:56+00:00\",\"dateModified\":\"2025-07-08T16:00:56+00:00\",\"breadcrumb\":{\"@id\":\"https:\/\/vosgesinfo.fr\/epinalinfo\/2025\/07\/bains-les-bains-un-nouveau-souffle-avec-louverture-de-o-ptit-creux-du-jardin\/#breadcrumb\"},\"inLanguage\":\"fr-FR\",\"potentialAction\":[{\"@type\":\"ReadAction\",\"target\":[\"https:\/\/vosgesinfo.fr\/epinalinfo\/2025\/07\/bains-les-bains-un-nouveau-souffle-avec-louverture-de-o-ptit-creux-du-jardin\/\"]}]},{\"@type\":\"ImageObject\",\"inLanguage\":\"fr-FR\",\"@id\":\"https:\/\/vosgesinfo.fr\/epinalinfo\/2025\/07\/bains-les-bains-un-nouveau-souffle-avec-louverture-de-o-ptit-creux-du-jardin\/#primaryimage\",\"url\":\"https:\/\/vosgesinfo.fr\/app\/uploads\/sites\/3\/2025\/07\/o-ptit-creux-du-jardin3-copie-scaled-1.jpg\",\"contentUrl\":\"https:\/\/vosgesinfo.fr\/app\/uploads\/sites\/3\/2025\/07\/o-ptit-creux-du-jardin3-copie-scaled-1.jpg\",\"width\":2560,\"height\":1920},{\"@type\":\"BreadcrumbList\",\"@id\":\"https:\/\/vosgesinfo.fr\/epinalinfo\/2025\/07\/bains-les-bains-un-nouveau-souffle-avec-louverture-de-o-ptit-creux-du-jardin\/#breadcrumb\",\"itemListElement\":[{\"@type\":\"ListItem\",\"position\":1,\"name\":\"Home\",\"item\":\"https:\/\/vosgesinfo.fr\/epinalinfo\/\"},{\"@type\":\"ListItem\",\"position\":2,\"name\":\"Bains-les-Bains : un nouveau souffle avec l\u2019ouverture de \u00ab\u00a0\u00d4 p\u2019tit creux du jardin\u00a0\u00bb\"}]},{\"@type\":\"WebSite\",\"@id\":\"https:\/\/vosgesinfo.fr\/epinalinfo\/#website\",\"url\":\"https:\/\/vosgesinfo.fr\/epinalinfo\/\",\"name\":\"Epinal Info\",\"description\":\"Toute l&#039;actualit\u00e9 d&#039;\u00c9pinal\",\"publisher\":{\"@id\":\"https:\/\/vosgesinfo.fr\/epinalinfo\/#organization\"},\"alternateName\":\"Toute l'actualit\u00e9 d'\u00c9pinal\",\"potentialAction\":[{\"@type\":\"SearchAction\",\"target\":{\"@type\":\"EntryPoint\",\"urlTemplate\":\"https:\/\/vosgesinfo.fr\/epinalinfo\/?s={search_term_string}\"},\"query-input\":\"required name=search_term_string\"}],\"inLanguage\":\"fr-FR\"},{\"@type\":\"Organization\",\"@id\":\"https:\/\/vosgesinfo.fr\/epinalinfo\/#organization\",\"name\":\"Epinal Info\",\"url\":\"https:\/\/vosgesinfo.fr\/epinalinfo\/\",\"logo\":{\"@type\":\"ImageObject\",\"inLanguage\":\"fr-FR\",\"@id\":\"https:\/\/vosgesinfo.fr\/epinalinfo\/#\/schema\/logo\/image\/\",\"url\":\"https:\/\/vosgesinfo.fr\/app\/uploads\/sites\/3\/2023\/08\/logo-epinalinfos.svg\",\"contentUrl\":\"https:\/\/vosgesinfo.fr\/app\/uploads\/sites\/3\/2023\/08\/logo-epinalinfos.svg\",\"width\":1,\"height\":1,\"caption\":\"Epinal Info\"},\"image\":{\"@id\":\"https:\/\/vosgesinfo.fr\/epinalinfo\/#\/schema\/logo\/image\/\"},\"sameAs\":[\"https:\/\/www.facebook.com\/Epinalinfos\",\"https:\/\/x.com\/VosgesInfo88\",\"https:\/\/www.youtube.com\/@vosgesinfo\"]},{\"@type\":\"Person\",\"@id\":\"https:\/\/vosgesinfo.fr\/epinalinfo\/#\/schema\/person\/4f38cd3068e342935b7304695c797d08\",\"name\":\"C.M\",\"image\":{\"@type\":\"ImageObject\",\"inLanguage\":\"fr-FR\",\"@id\":\"https:\/\/vosgesinfo.fr\/epinalinfo\/#\/schema\/person\/image\/\",\"url\":\"https:\/\/secure.gravatar.com\/avatar\/fe9daaef0164d920717484172682f3c5c9bcf7d42aa8c7048c76c34f0eb6c8da?s=96&d=mm&r=g\",\"contentUrl\":\"https:\/\/secure.gravatar.com\/avatar\/fe9daaef0164d920717484172682f3c5c9bcf7d42aa8c7048c76c34f0eb6c8da?s=96&d=mm&r=g\",\"caption\":\"C.M\"},\"url\":\"https:\/\/vosgesinfo.fr\/epinalinfo\/author\/cm88200\/\"}]}<\/script>\n<!-- \/ Yoast SEO plugin. -->","yoast_head_json":{"title":"Bains-les-Bains : un nouveau souffle avec l\u2019ouverture de \"\u00d4 p\u2019tit creux du jardin\" - Epinal Info","robots":{"index":"index","follow":"follow","max-snippet":"max-snippet:-1","max-image-preview":"max-image-preview:large","max-video-preview":"max-video-preview:-1"},"canonical":"https:\/\/vosgesinfo.fr\/epinalinfo\/2025\/07\/bains-les-bains-un-nouveau-souffle-avec-louverture-de-o-ptit-creux-du-jardin\/","twitter_card":"summary_large_image","twitter_title":"Bains-les-Bains : un nouveau souffle avec l\u2019ouverture de \"\u00d4 p\u2019tit creux du jardin\" - Epinal Info","twitter_description":"\u00c0 Bains-les-Bains, une nouvelle aventure humaine et entrepreneuriale prend racine avec l\u2019ouverture de \u00ab\u00a0\u00d4 p\u2019tit creux du jardin\u00a0\u00bb, un lieu [&hellip;]","twitter_image":"https:\/\/vosgesinfo.fr\/app\/uploads\/sites\/3\/2025\/07\/o-ptit-creux-du-jardin3-copie-scaled-1.jpg","twitter_creator":"@VosgesInfo88","twitter_site":"@VosgesInfo88","twitter_misc":{"\u00c9crit par":"C.M","Dur\u00e9e de lecture estim\u00e9e":"2 minutes"},"schema":{"@context":"https:\/\/schema.org","@graph":[{"@type":"Article","@id":"https:\/\/vosgesinfo.fr\/epinalinfo\/2025\/07\/bains-les-bains-un-nouveau-souffle-avec-louverture-de-o-ptit-creux-du-jardin\/#article","isPartOf":{"@id":"https:\/\/vosgesinfo.fr\/epinalinfo\/2025\/07\/bains-les-bains-un-nouveau-souffle-avec-louverture-de-o-ptit-creux-du-jardin\/"},"author":{"name":"C.M","@id":"https:\/\/vosgesinfo.fr\/epinalinfo\/#\/schema\/person\/4f38cd3068e342935b7304695c797d08"},"headline":"Bains-les-Bains : un nouveau souffle avec l\u2019ouverture de \u00ab\u00a0\u00d4 p\u2019tit creux du jardin\u00a0\u00bb","datePublished":"2025-07-08T16:00:56+00:00","dateModified":"2025-07-08T16:00:56+00:00","mainEntityOfPage":{"@id":"https:\/\/vosgesinfo.fr\/epinalinfo\/2025\/07\/bains-les-bains-un-nouveau-souffle-avec-louverture-de-o-ptit-creux-du-jardin\/"},"wordCount":328,"commentCount":0,"publisher":{"@id":"https:\/\/vosgesinfo.fr\/epinalinfo\/#organization"},"image":{"@id":"https:\/\/vosgesinfo.fr\/epinalinfo\/2025\/07\/bains-les-bains-un-nouveau-souffle-avec-louverture-de-o-ptit-creux-du-jardin\/#primaryimage"},"thumbnailUrl":"https:\/\/vosgesinfo.fr\/app\/uploads\/sites\/3\/2025\/07\/o-ptit-creux-du-jardin3-copie-scaled-1.jpg","keywords":["Bains-les-Bains","\u00d4 p'tit creux du jardin"],"articleSection":["A la Une","Epinal","Remiremont"],"inLanguage":"fr-FR","potentialAction":[{"@type":"CommentAction","name":"Comment","target":["https:\/\/vosgesinfo.fr\/epinalinfo\/2025\/07\/bains-les-bains-un-nouveau-souffle-avec-louverture-de-o-ptit-creux-du-jardin\/#respond"]}]},{"@type":"WebPage","@id":"https:\/\/vosgesinfo.fr\/epinalinfo\/2025\/07\/bains-les-bains-un-nouveau-souffle-avec-louverture-de-o-ptit-creux-du-jardin\/","url":"https:\/\/vosgesinfo.fr\/epinalinfo\/2025\/07\/bains-les-bains-un-nouveau-souffle-avec-louverture-de-o-ptit-creux-du-jardin\/","name":"Bains-les-Bains : un nouveau souffle avec l\u2019ouverture de \"\u00d4 p\u2019tit creux du jardin\" - Epinal Info","isPartOf":{"@id":"https:\/\/vosgesinfo.fr\/epinalinfo\/#website"},"primaryImageOfPage":{"@id":"https:\/\/vosgesinfo.fr\/epinalinfo\/2025\/07\/bains-les-bains-un-nouveau-souffle-avec-louverture-de-o-ptit-creux-du-jardin\/#primaryimage"},"image":{"@id":"https:\/\/vosgesinfo.fr\/epinalinfo\/2025\/07\/bains-les-bains-un-nouveau-souffle-avec-louverture-de-o-ptit-creux-du-jardin\/#primaryimage"},"thumbnailUrl":"https:\/\/vosgesinfo.fr\/app\/uploads\/sites\/3\/2025\/07\/o-ptit-creux-du-jardin3-copie-scaled-1.jpg","datePublished":"2025-07-08T16:00:56+00:00","dateModified":"2025-07-08T16:00:56+00:00","breadcrumb":{"@id":"https:\/\/vosgesinfo.fr\/epinalinfo\/2025\/07\/bains-les-bains-un-nouveau-souffle-avec-louverture-de-o-ptit-creux-du-jardin\/#breadcrumb"},"inLanguage":"fr-FR","potentialAction":[{"@type":"ReadAction","target":["https:\/\/vosgesinfo.fr\/epinalinfo\/2025\/07\/bains-les-bains-un-nouveau-souffle-avec-louverture-de-o-ptit-creux-du-jardin\/"]}]},{"@type":"ImageObject","inLanguage":"fr-FR","@id":"https:\/\/vosgesinfo.fr\/epinalinfo\/2025\/07\/bains-les-bains-un-nouveau-souffle-avec-louverture-de-o-ptit-creux-du-jardin\/#primaryimage","url":"https:\/\/vosgesinfo.fr\/app\/uploads\/sites\/3\/2025\/07\/o-ptit-creux-du-jardin3-copie-scaled-1.jpg","contentUrl":"https:\/\/vosgesinfo.fr\/app\/uploads\/sites\/3\/2025\/07\/o-ptit-creux-du-jardin3-copie-scaled-1.jpg","width":2560,"height":1920},{"@type":"BreadcrumbList","@id":"https:\/\/vosgesinfo.fr\/epinalinfo\/2025\/07\/bains-les-bains-un-nouveau-souffle-avec-louverture-de-o-ptit-creux-du-jardin\/#breadcrumb","itemListElement":[{"@type":"ListItem","position":1,"name":"Home","item":"https:\/\/vosgesinfo.fr\/epinalinfo\/"},{"@type":"ListItem","position":2,"name":"Bains-les-Bains : un nouveau souffle avec l\u2019ouverture de \u00ab\u00a0\u00d4 p\u2019tit creux du jardin\u00a0\u00bb"}]},{"@type":"WebSite","@id":"https:\/\/vosgesinfo.fr\/epinalinfo\/#website","url":"https:\/\/vosgesinfo.fr\/epinalinfo\/","name":"Epinal Info","description":"Toute l&#039;actualit\u00e9 d&#039;\u00c9pinal","publisher":{"@id":"https:\/\/vosgesinfo.fr\/epinalinfo\/#organization"},"alternateName":"Toute l'actualit\u00e9 d'\u00c9pinal","potentialAction":[{"@type":"SearchAction","target":{"@type":"EntryPoint","urlTemplate":"https:\/\/vosgesinfo.fr\/epinalinfo\/?s={search_term_string}"},"query-input":"required name=search_term_string"}],"inLanguage":"fr-FR"},{"@type":"Organization","@id":"https:\/\/vosgesinfo.fr\/epinalinfo\/#organization","name":"Epinal Info","url":"https:\/\/vosgesinfo.fr\/epinalinfo\/","logo":{"@type":"ImageObject","inLanguage":"fr-FR","@id":"https:\/\/vosgesinfo.fr\/epinalinfo\/#\/schema\/logo\/image\/","url":"https:\/\/vosgesinfo.fr\/app\/uploads\/sites\/3\/2023\/08\/logo-epinalinfos.svg","contentUrl":"https:\/\/vosgesinfo.fr\/app\/uploads\/sites\/3\/2023\/08\/logo-epinalinfos.svg","width":1,"height":1,"caption":"Epinal Info"},"image":{"@id":"https:\/\/vosgesinfo.fr\/epinalinfo\/#\/schema\/logo\/image\/"},"sameAs":["https:\/\/www.facebook.com\/Epinalinfos","https:\/\/x.com\/VosgesInfo88","https:\/\/www.youtube.com\/@vosgesinfo"]},{"@type":"Person","@id":"https:\/\/vosgesinfo.fr\/epinalinfo\/#\/schema\/person\/4f38cd3068e342935b7304695c797d08","name":"C.M","image":{"@type":"ImageObject","inLanguage":"fr-FR","@id":"https:\/\/vosgesinfo.fr\/epinalinfo\/#\/schema\/person\/image\/","url":"https:\/\/secure.gravatar.com\/avatar\/fe9daaef0164d920717484172682f3c5c9bcf7d42aa8c7048c76c34f0eb6c8da?s=96&d=mm&r=g","contentUrl":"https:\/\/secure.gravatar.com\/avatar\/fe9daaef0164d920717484172682f3c5c9bcf7d42aa8c7048c76c34f0eb6c8da?s=96&d=mm&r=g","caption":"C.M"},"url":"https:\/\/vosgesinfo.fr\/epinalinfo\/author\/cm88200\/"}]}},"_links":{"self":[{"href":"https:\/\/vosgesinfo.fr\/epinalinfo\/wp-json\/wp\/v2\/posts\/133676","targetHints":{"allow":["GET"]}}],"collection":[{"href":"https:\/\/vosgesinfo.fr\/epinalinfo\/wp-json\/wp\/v2\/posts"}],"about":[{"href":"https:\/\/vosgesinfo.fr\/epinalinfo\/wp-json\/wp\/v2\/types\/post"}],"author":[{"embeddable":true,"href":"https:\/\/vosgesinfo.fr\/epinalinfo\/wp-json\/wp\/v2\/users\/418"}],"replies":[{"embeddable":true,"href":"https:\/\/vosgesinfo.fr\/epinalinfo\/wp-json\/wp\/v2\/comments?post=133676"}],"version-history":[{"count":0,"href":"https:\/\/vosgesinfo.fr\/epinalinfo\/wp-json\/wp\/v2\/posts\/133676\/revisions"}],"wp:featuredmedia":[{"embeddable":true,"href":"https:\/\/vosgesinfo.fr\/epinalinfo\/wp-json\/wp\/v2\/media\/133677"}],"wp:attachment":[{"href":"https:\/\/vosgesinfo.fr\/epinalinfo\/wp-json\/wp\/v2\/media?parent=133676"}],"wp:term":[{"taxonomy":"category","embeddable":true,"href":"https:\/\/vosgesinfo.fr\/epinalinfo\/wp-json\/wp\/v2\/categories?post=133676"},{"taxonomy":"post_tag","embeddable":true,"href":"https:\/\/vosgesinfo.fr\/epinalinfo\/wp-json\/wp\/v2\/tags?post=133676"}],"curies":[{"name":"wp","href":"https:\/\/api.w.org\/{rel}","templated":true}]}}