{"id":133678,"date":"2025-07-08T16:30:43","date_gmt":"2025-07-08T14:30:43","guid":{"rendered":"https:\/\/vosgesinfo.fr\/epinalinfo\/?p=133678"},"modified":"2025-07-08T16:27:23","modified_gmt":"2025-07-08T14:27:23","slug":"enseignement-de-la-natation-aux-scolaires-reponse-de-michel-heinrich-president-de-la-communaute-dagglomeration-depinal","status":"publish","type":"post","link":"https:\/\/vosgesinfo.fr\/epinalinfo\/2025\/07\/enseignement-de-la-natation-aux-scolaires-reponse-de-michel-heinrich-president-de-la-communaute-dagglomeration-depinal\/","title":{"rendered":"Enseignement de la natation aux scolaires : r\u00e9ponse de Michel HEINRICH, Pr\u00e9sident de la Communaut\u00e9 d\u2019Agglom\u00e9ration d\u2019\u00c9pinal"},"content":{"rendered":"<div class=\"textLayer\" tabindex=\"0\" data-main-rotation=\"0\"><em><span id=\"p3R_mc12\" class=\"markedContent\"><a href=\"https:\/\/vosgesinfo.fr\/app\/uploads\/sites\/3\/2024\/08\/201602piscine-olympique-2.jpg\"><img decoding=\"async\" class=\"aligncenter size-full wp-image-66785\" src=\"https:\/\/vosgesinfo.fr\/app\/uploads\/sites\/3\/2024\/08\/201602piscine-olympique-2.jpg\" alt=\"\" width=\"1024\" height=\"768\" srcset=\"https:\/\/vosgesinfo.fr\/app\/uploads\/sites\/3\/2024\/08\/201602piscine-olympique-2.jpg 1024w, https:\/\/vosgesinfo.fr\/app\/uploads\/sites\/3\/2024\/08\/201602piscine-olympique-2-300x225.jpg 300w, https:\/\/vosgesinfo.fr\/app\/uploads\/sites\/3\/2024\/08\/201602piscine-olympique-2-768x576.jpg 768w\" sizes=\"(max-width: 1024px) 100vw, 1024px\" \/><\/a><br role=\"presentation\" \/><span dir=\"ltr\" role=\"presentation\">\u00ab\u00a0Suite \u00e0 votre publication Facebook en date de ce jour, veuillez trouver ci<\/span><span dir=\"ltr\" role=\"presentation\">&#8211;<\/span><span dir=\"ltr\" role=\"presentation\">dessous les \u00e9l\u00e9ments \u00e0 faire para\u00eetre en droit de r\u00e9ponse.<\/span><\/span><span id=\"p3R_mc13\" class=\"markedContent\"><\/span><span id=\"p3R_mc14\" class=\"markedContent\"><\/span><span id=\"p3R_mc15\" class=\"markedContent\"><br role=\"presentation\" \/><\/span><\/em><\/div>\n<div tabindex=\"0\" data-main-rotation=\"0\"><\/div>\n<div class=\"textLayer\" tabindex=\"0\" data-main-rotation=\"0\"><em><span id=\"p3R_mc15\" class=\"markedContent\"><span dir=\"ltr\" role=\"presentation\">Rappel du contexte<\/span> <span dir=\"ltr\" role=\"presentation\">:<\/span><\/span><span id=\"undefined\" class=\"markedContent\"><\/span><span id=\"p3R_mc16\" class=\"markedContent\"><br role=\"presentation\" \/><span dir=\"ltr\" role=\"presentation\">Depuis toujours, l\u2019acc\u00e8s \u00e0 la piscine, la surveillance et l\u2019enseignement de la natation <\/span><span dir=\"ltr\" role=\"presentation\">pour les \u00e9l\u00e8ves des \u00e9coles \u00e9l\u00e9mentaires sont int\u00e9gralement pris en charge par <\/span><span dir=\"ltr\" role=\"presentation\">l<\/span><span dir=\"ltr\" role=\"presentation\">\u2019agglom\u00e9ration d\u2019\u00c9pinal<\/span><span dir=\"ltr\" role=\"presentation\">.<\/span><\/span><span id=\"p3R_mc17\" class=\"markedContent\"><\/span><span id=\"p3R_mc18\" class=\"markedContent\"><br role=\"presentation\" \/><span dir=\"ltr\" role=\"presentation\">En<\/span> <span dir=\"ltr\" role=\"presentation\">2024,<\/span> <span dir=\"ltr\" role=\"presentation\">60<\/span> <span dir=\"ltr\" role=\"presentation\">451<\/span> <span dir=\"ltr\" role=\"presentation\">\u00e9l\u00e8ves<\/span> <span dir=\"ltr\" role=\"presentation\">de<\/span> <span dir=\"ltr\" role=\"presentation\">l\u2019agglom\u00e9ration<\/span> <span dir=\"ltr\" role=\"presentation\">ont<\/span> <span dir=\"ltr\" role=\"presentation\">fr\u00e9quent\u00e9<\/span> <span dir=\"ltr\" role=\"presentation\">les<\/span> <span dir=\"ltr\" role=\"presentation\">quatre<\/span> <span dir=\"ltr\" role=\"presentation\">piscines <\/span><span dir=\"ltr\" role=\"presentation\">com<\/span><span dir=\"ltr\" role=\"presentation\">munautaires.<\/span><\/span><span id=\"p3R_mc19\" class=\"markedContent\"><\/span><span id=\"p3R_mc20\" class=\"markedContent\"><br role=\"presentation\" \/><\/span><\/em><\/div>\n<div tabindex=\"0\" data-main-rotation=\"0\"><\/div>\n<div class=\"textLayer\" tabindex=\"0\" data-main-rotation=\"0\"><em><span id=\"p3R_mc20\" class=\"markedContent\"><span dir=\"ltr\" role=\"presentation\">Situation budg\u00e9taire actuelle<\/span> <span dir=\"ltr\" role=\"presentation\">:<\/span><\/span><span id=\"undefined\" class=\"markedContent\"><\/span><span id=\"p3R_mc21\" class=\"markedContent\"><br role=\"presentation\" \/><span dir=\"ltr\" role=\"presentation\">Vu le contexte financier in\u00e9dit, et des incertitudes \u00e0 venir,<\/span> <span dir=\"ltr\" role=\"presentation\">l\u2019agglom\u00e9ration &amp;<\/span> <span dir=\"ltr\" role=\"presentation\">\u00e9t\u00e9 <\/span><span dir=\"ltr\" role=\"presentation\">contraint<\/span><span dir=\"ltr\" role=\"presentation\">e<\/span> <span dir=\"ltr\" role=\"presentation\">de r\u00e9duire significativement<\/span> <span dir=\"ltr\" role=\"presentation\">se<\/span><span dir=\"ltr\" role=\"presentation\">s d\u00e9penses de fonctionnement. <\/span><\/span><span id=\"p3R_mc22\" class=\"markedContent\"><span dir=\"ltr\" role=\"presentation\">Ainsi, il a \u00e9t\u00e9 d\u00e9cid\u00e9 de ne plus assurer l&rsquo;enseignement de la natation<\/span><span dir=\"ltr\" role=\"presentation\">,<\/span> <span dir=\"ltr\" role=\"presentation\">qui rel\u00e8ve de <\/span><span dir=\"ltr\" role=\"presentation\">la<\/span> <span dir=\"ltr\" role=\"presentation\">comp\u00e9tence<\/span> <span dir=\"ltr\" role=\"presentation\">des professeurs<\/span> <span dir=\"ltr\" role=\"presentation\">des<\/span> <span dir=\"ltr\" role=\"presentation\">\u00e9coles<\/span> <span dir=\"ltr\" role=\"presentation\">et<\/span> <span dir=\"ltr\" role=\"presentation\">de<\/span> <span dir=\"ltr\" role=\"presentation\">l<\/span><span dir=\"ltr\" role=\"presentation\">\u2019<\/span><span dir=\"ltr\" role=\"presentation\">\u00c9<\/span><span dir=\"ltr\" role=\"presentation\">du<\/span><span dir=\"ltr\" role=\"presentation\">cat<\/span><span dir=\"ltr\" role=\"presentation\">ion<\/span> <span dir=\"ltr\" role=\"presentation\">Nationale<\/span><span dir=\"ltr\" role=\"presentation\">,<\/span> <span dir=\"ltr\" role=\"presentation\">\u00e0 <\/span><span dir=\"ltr\" role=\"presentation\">compter du 1<\/span><span dir=\"ltr\" role=\"presentation\">e<\/span><span dir=\"ltr\" role=\"presentation\">r<\/span> <span dir=\"ltr\" role=\"presentation\">janvier 2026<\/span><span dir=\"ltr\" role=\"presentation\">.<\/span><\/span><span id=\"p3R_mc23\" class=\"markedContent\"><\/span><span id=\"p3R_mc24\" class=\"markedContent\"><br role=\"presentation\" \/><\/span><\/em><\/div>\n<div class=\"textLayer\" tabindex=\"0\" data-main-rotation=\"0\"><em><span id=\"p3R_mc24\" class=\"markedContent\"><span dir=\"ltr\" role=\"presentation\">L&rsquo;acc\u00e8s aux piscines ainsi que l<\/span><span dir=\"ltr\" role=\"presentation\">eur<\/span> <span dir=\"ltr\" role=\"presentation\">surveillance<\/span> <span dir=\"ltr\" role=\"presentation\">sont pleinement maintenus<\/span><span dir=\"ltr\" role=\"presentation\">. <\/span><span dir=\"ltr\" role=\"presentation\">Les piscines communautaires seront<\/span> <span dir=\"ltr\" role=\"presentation\">\u00e9galement<\/span> <span dir=\"ltr\" role=\"presentation\">mises \u00e0 disposition dans le cadre <\/span><span dir=\"ltr\" role=\"presentation\">des sessions de passage d\u2019agr\u00e9ment.<\/span><\/span><span id=\"p3R_mc25\" class=\"markedContent\"><\/span><span id=\"p3R_mc26\" class=\"markedContent\"><br role=\"presentation\" \/><\/span><\/em><\/div>\n<div class=\"textLayer\" tabindex=\"0\" data-main-rotation=\"0\"><em><span id=\"p3R_mc26\" class=\"markedContent\"><span dir=\"ltr\" role=\"presentation\">\u00c0 noter que<\/span> <span dir=\"ltr\" role=\"presentation\">la plupart des<\/span> <span dir=\"ltr\" role=\"presentation\">communaut\u00e9s de communes vosgiennes<\/span> <span dir=\"ltr\" role=\"presentation\">facture<\/span><span dir=\"ltr\" role=\"presentation\">nt<\/span> <span dir=\"ltr\" role=\"presentation\">l\u2019entr\u00e9e <\/span><span dir=\"ltr\" role=\"presentation\">des<\/span> <span dir=\"ltr\" role=\"presentation\">piscines<\/span> <span dir=\"ltr\" role=\"presentation\">aux<\/span> <span dir=\"ltr\" role=\"presentation\">scolaires, ce qui n\u2019est pas de cas sur l\u2019agglom\u00e9ration d\u2019\u00c9pinal.<\/span><\/span><span id=\"p3R_mc27\" class=\"markedContent\"><\/span><span id=\"p3R_mc28\" class=\"markedContent\"><\/span><span id=\"p3R_mc29\" class=\"markedContent\"><br role=\"presentation\" \/><\/span><\/em><\/div>\n<div tabindex=\"0\" data-main-rotation=\"0\"><\/div>\n<div class=\"textLayer\" tabindex=\"0\" data-main-rotation=\"0\"><em><span id=\"p3R_mc29\" class=\"markedContent\"><span dir=\"ltr\" role=\"presentation\">Le cadre r\u00e8glementaire relatif \u00e0 l\u2019encadrement des s\u00e9ances de natation scolaire<\/span> <span dir=\"ltr\" role=\"presentation\">: <\/span><\/span><span id=\"undefined\" class=\"markedContent\"><\/span><span id=\"p3R_mc30\" class=\"markedContent\"><span dir=\"ltr\" role=\"presentation\">La circulaire n\u00b0 2017<\/span><span dir=\"ltr\" role=\"presentation\">&#8211;<\/span><span dir=\"ltr\" role=\"presentation\">127 du 22<\/span><span dir=\"ltr\" role=\"presentation\">&#8211;<\/span><span dir=\"ltr\" role=\"presentation\">8<\/span><span dir=\"ltr\" role=\"presentation\">&#8211;<\/span><span dir=\"ltr\" role=\"presentation\">2017 (BO du Minist\u00e8re de l\u2019<\/span><span dir=\"ltr\" role=\"presentation\">\u00c9<\/span><span dir=\"ltr\" role=\"presentation\">ducation Nationale, <\/span><span dir=\"ltr\" role=\"presentation\">de la Jeunesse et des Sports fixe r\u00e8glementairement le taux d\u2019encadrement des <\/span><span dir=\"ltr\" role=\"presentation\">classes<\/span> <span dir=\"ltr\" role=\"presentation\">pour l\u2019enseignement<\/span> <span dir=\"ltr\" role=\"presentation\">comme suit<\/span> <span dir=\"ltr\" role=\"presentation\">:<\/span><\/span><span id=\"undefined\" class=\"markedContent\"><\/span><span id=\"p3R_mc31\" class=\"markedContent\"><\/span><span id=\"p3R_mc32\" class=\"markedContent\"><\/span><span id=\"p3R_mc33\" class=\"markedContent\"><\/span><span id=\"p3R_mc34\" class=\"markedContent\"><\/span><\/em><\/div>\n<div class=\"textLayer\" tabindex=\"0\" data-main-rotation=\"0\"><em><span id=\"p3R_mc34\" class=\"markedContent\"><a href=\"https:\/\/vosgesinfo.fr\/app\/uploads\/sites\/3\/2025\/07\/capture-decran-2025-07-08-162347.jpg\"><img decoding=\"async\" class=\"aligncenter size-full wp-image-133679\" src=\"https:\/\/vosgesinfo.fr\/app\/uploads\/sites\/3\/2025\/07\/capture-decran-2025-07-08-162347.jpg\" alt=\"\" width=\"748\" height=\"306\" srcset=\"https:\/\/vosgesinfo.fr\/app\/uploads\/sites\/3\/2025\/07\/capture-decran-2025-07-08-162347.jpg 748w, https:\/\/vosgesinfo.fr\/app\/uploads\/sites\/3\/2025\/07\/capture-decran-2025-07-08-162347-300x123.jpg 300w\" sizes=\"(max-width: 748px) 100vw, 748px\" \/><\/a><\/span><span id=\"p3R_mc36\" class=\"markedContent\"><br role=\"presentation\" \/><span dir=\"ltr\" role=\"presentation\">Enseignement de la natation<\/span> <span dir=\"ltr\" role=\"presentation\">aux scolaires<\/span><\/span><span id=\"p3R_mc37\" class=\"markedContent\"><\/span><span id=\"p3R_mc38\" class=\"markedContent\"><\/span><span id=\"p3R_mc39\" class=\"markedContent\"><\/span><\/em><\/div>\n<div class=\"page\" role=\"region\" data-page-number=\"1\" data-l10n-id=\"pdfjs-page-landmark\" data-l10n-args=\"{&quot;page&quot;:1}\" data-loaded=\"true\" aria-label=\"Page 1\"><\/div>\n<p><em><span id=\"p24R_mc3\" class=\"markedContent\"><span dir=\"ltr\" role=\"presentation\">Ce taux d\u2019encadrement ne tient pas compte du personnel affect\u00e9 \u00e0 la surveillance<\/span><span dir=\"ltr\" role=\"presentation\">. <\/span><\/span><span id=\"p24R_mc4\" class=\"markedContent\"><span dir=\"ltr\" role=\"presentation\">Les professeurs des \u00e9coles peuvent se faire accompagner par des intervenants <\/span><span dir=\"ltr\" role=\"presentation\">b\u00e9n\u00e9voles pour encadrer la natation scolaire.<\/span><\/span><span id=\"p24R_mc5\" class=\"markedContent\"><\/span><span id=\"p24R_mc6\" class=\"markedContent\"><br role=\"presentation\" \/><span dir=\"ltr\" role=\"presentation\">Ce<\/span> <span dir=\"ltr\" role=\"presentation\">sont<\/span> <span dir=\"ltr\" role=\"presentation\">en<\/span> <span dir=\"ltr\" role=\"presentation\">g\u00e9n\u00e9ral<\/span> <span dir=\"ltr\" role=\"presentation\">des<\/span> <span dir=\"ltr\" role=\"presentation\">parents<\/span> <span dir=\"ltr\" role=\"presentation\">d\u2019\u00e9l\u00e8ves<\/span> <span dir=\"ltr\" role=\"presentation\">qui<\/span> <span dir=\"ltr\" role=\"presentation\">sont<\/span> <span dir=\"ltr\" role=\"presentation\">soumis<\/span> <span dir=\"ltr\" role=\"presentation\">\u00e0<\/span> <span dir=\"ltr\" role=\"presentation\">l\u2019obtention<\/span> <span dir=\"ltr\" role=\"presentation\">d\u2019un <\/span><\/span><span id=\"undefined\" class=\"markedContent\"><\/span><span id=\"p24R_mc7\" class=\"markedContent\"><span dir=\"ltr\" role=\"presentation\">\u00ab<\/span> <span dir=\"ltr\" role=\"presentation\">agr\u00e9ment natation<\/span> <span dir=\"ltr\" role=\"presentation\">\u00bb<\/span> <span dir=\"ltr\" role=\"presentation\">pr\u00e9alable d\u00e9livr\u00e9 par l&rsquo;IA<\/span><span dir=\"ltr\" role=\"presentation\">&#8211;<\/span><span dir=\"ltr\" role=\"presentation\">Dasen, apr\u00e8s v\u00e9rification de leurs <\/span><\/span><span id=\"undefined\" class=\"markedContent\"><\/span><span id=\"p24R_mc8\" class=\"markedContent\"><span dir=\"ltr\" role=\"presentation\">comp\u00e9tences et de leur honorabilit\u00e9, mais \u00e9galement \u00e0 l&rsquo;autorisation du directeur <\/span><span dir=\"ltr\" role=\"presentation\">d&rsquo;\u00e9cole.<\/span> <span dir=\"ltr\" role=\"presentation\">Cet agr\u00e9ment se compose d\u2019un test pratique qui permet de v\u00e9rifier leur <\/span><span dir=\"ltr\" role=\"presentation\">aisance dans l\u2019eau et d\u2019une partie th\u00e9orique g\u00e9n\u00e9raliste.<\/span><\/span><span id=\"p24R_mc9\" class=\"markedContent\"><br role=\"presentation\" \/><\/span><\/em><\/p>\n<p><em><span id=\"p24R_mc9\" class=\"markedContent\"><span dir=\"ltr\" role=\"presentation\">Les<\/span> <span dir=\"ltr\" role=\"presentation\">sessions<\/span> <span dir=\"ltr\" role=\"presentation\">d\u2019agr\u00e9ment<\/span> <span dir=\"ltr\" role=\"presentation\">sont<\/span> <span dir=\"ltr\" role=\"presentation\">encadr\u00e9es<\/span> <span dir=\"ltr\" role=\"presentation\">par<\/span> <span dir=\"ltr\" role=\"presentation\">les<\/span> <span dir=\"ltr\" role=\"presentation\">c<\/span><span dir=\"ltr\" role=\"presentation\">onseillers<\/span> <span dir=\"ltr\" role=\"presentation\">p<\/span><span dir=\"ltr\" role=\"presentation\">\u00e9dagogiques<\/span> <span dir=\"ltr\" role=\"presentation\">de <\/span><span dir=\"ltr\" role=\"presentation\">c<\/span><span dir=\"ltr\" role=\"presentation\">irconscription. Actuellement une quinzaine de sessions sont organis\u00e9es chaque <\/span><span dir=\"ltr\" role=\"presentation\">ann\u00e9e sur l\u2019ensemble des 4 piscines.<\/span><\/span><span id=\"p24R_mc10\" class=\"markedContent\"><\/span><span id=\"p24R_mc11\" class=\"markedContent\"><br role=\"presentation\" \/><\/span><\/em><\/p>\n<p><em><span id=\"p24R_mc11\" class=\"markedContent\"><span dir=\"ltr\" role=\"presentation\">Une personne titulaire de l\u2019agr\u00e9ment peut<\/span> <span dir=\"ltr\" role=\"presentation\">:<\/span><\/span><span id=\"p24R_mc12\" class=\"markedContent\"><br role=\"presentation\" \/><span dir=\"ltr\" role=\"presentation\">\u2022<\/span><\/span><span id=\"p24R_mc13\" class=\"markedContent\"> <span dir=\"ltr\" role=\"presentation\">Assister l&rsquo;enseignant dans les activit\u00e9s que celui<\/span><span dir=\"ltr\" role=\"presentation\">&#8211;<\/span><span dir=\"ltr\" role=\"presentation\">ci conduit avec un groupe <\/span><span dir=\"ltr\" role=\"presentation\">d&rsquo;\u00e9l\u00e8ves<\/span><\/span><span id=\"p24R_mc14\" class=\"markedContent\"><br role=\"presentation\" \/><span dir=\"ltr\" role=\"presentation\">\u2022<\/span><\/span><span id=\"p24R_mc15\" class=\"markedContent\"> <span dir=\"ltr\" role=\"presentation\">Prendre en charge un groupe d&rsquo;\u00e9l\u00e8ves que l&rsquo;enseignant leur confie et animer <\/span><span dir=\"ltr\" role=\"presentation\">l&rsquo;activit\u00e9 selon les modalit\u00e9s fix\u00e9es par l&rsquo;enseignant.<\/span><\/span><span id=\"p24R_mc16\" class=\"markedContent\"><\/span><span id=\"p24R_mc17\" class=\"markedContent\"><br role=\"presentation\" \/><span dir=\"ltr\" role=\"presentation\">L\u2019agr\u00e9ment est valable pour une ann\u00e9e scolaire, et peut \u00eatre renouvel\u00e9 au maximum <\/span><span dir=\"ltr\" role=\"presentation\">pendant 5 ans sans nouveau passage du t<\/span><span dir=\"ltr\" role=\"presentation\">est, et apr\u00e8s v\u00e9rification de l\u2019honorabilit\u00e9<\/span><\/span><span id=\"p24R_mc18\" class=\"markedContent\"><\/span><span id=\"p24R_mc19\" class=\"markedContent\"><\/span><span id=\"p24R_mc20\" class=\"markedContent\"><br role=\"presentation\" \/><\/span><\/em><\/p>\n<p><em><span id=\"p24R_mc20\" class=\"markedContent\"><span dir=\"ltr\" role=\"presentation\">Constat sur les 4 piscines communautaires<\/span> <span dir=\"ltr\" role=\"presentation\">: <\/span><\/span><span id=\"undefined\" class=\"markedContent\"><\/span><span id=\"p24R_mc21\" class=\"markedContent\"><span dir=\"ltr\" role=\"presentation\">On observe une plus grande mobilisation de parents agr\u00e9\u00e9s pour accompagner les <\/span><span dir=\"ltr\" role=\"presentation\">classes de maternelle. Il arrive fr\u00e9quemment que les classes de maternelles soient <\/span><span dir=\"ltr\" role=\"presentation\">accompagn\u00e9es par 2 ou 3 parents agr\u00e9es. Ce qui n\u2019est g\u00e9n\u00e9ralement pas le cas <\/span><span dir=\"ltr\" role=\"presentation\">pour les \u00e9l\u00e9mentaires (CP \u00e0 CM2).<\/span><\/span><span id=\"p24R_mc22\" class=\"markedContent\"><\/span><span id=\"p24R_mc23\" class=\"markedContent\"><br role=\"presentation\" \/><\/span><\/em><\/p>\n<p><em><span id=\"p24R_mc23\" class=\"markedContent\"><span dir=\"ltr\" role=\"presentation\">Plus de 90<\/span> <span dir=\"ltr\" role=\"presentation\">% des classes qui se rendent sur les piscines ont des effectifs inf\u00e9rieurs<\/span> <span dir=\"ltr\" role=\"presentation\">\u00e0 <\/span><span dir=\"ltr\" role=\"presentation\">30 \u00e9l\u00e8ves. L\u2019enseignant doit donc s\u2019assurer d\u2019avoir 1<\/span> <span dir=\"ltr\" role=\"presentation\">personne<\/span> <span dir=\"ltr\" role=\"presentation\">agr\u00e9e pour les <\/span><span dir=\"ltr\" role=\"presentation\">\u00e9l\u00e9mentaires et 2 personnes agr\u00e9es pour les maternelles.<\/span><\/span><span id=\"p24R_mc24\" class=\"markedContent\"><br role=\"presentation\" \/><\/span><\/em><\/p>\n<p><em><span id=\"p24R_mc24\" class=\"markedContent\"><span dir=\"ltr\" role=\"presentation\">\u00c0<\/span> <span dir=\"ltr\" role=\"presentation\">peine<\/span> <span dir=\"ltr\" role=\"presentation\">10<\/span> <span dir=\"ltr\" role=\"presentation\">%<\/span> <span dir=\"ltr\" role=\"presentation\">sont<\/span> <span dir=\"ltr\" role=\"presentation\">des<\/span> <span dir=\"ltr\" role=\"presentation\">classes<\/span> <span dir=\"ltr\" role=\"presentation\">regroupant<\/span> <span dir=\"ltr\" role=\"presentation\">plusieurs<\/span> <span dir=\"ltr\" role=\"presentation\">niveaux<\/span> <span dir=\"ltr\" role=\"presentation\">(maternelles<\/span> <span dir=\"ltr\" role=\"presentation\">et <\/span><span dir=\"ltr\" role=\"presentation\">\u00e9l\u00e9mentaires), avec des effectifs proches de 30 \u00e9l\u00e8ves. Dans ce cas, l\u2019encadrement <\/span><span dir=\"ltr\" role=\"presentation\">requis s\u2019\u00e9l\u00e8ve \u00e0 3 ou 4 personnes.<\/span><\/span><span id=\"p24R_mc25\" class=\"markedContent\"><\/span><span id=\"p24R_mc26\" class=\"markedContent\"><br role=\"presentation\" \/><\/span><\/em><\/p>\n<p><em><strong><span id=\"p24R_mc26\" class=\"markedContent\"><span dir=\"ltr\" role=\"presentation\">M. Michel HEINRICH,<\/span><\/span><span id=\"p24R_mc27\" class=\"markedContent\"><br role=\"presentation\" \/><span dir=\"ltr\" role=\"presentation\">Pr\u00e9sident de la Communaut\u00e9 d\u2019Agglom\u00e9ration d\u2019\u00c9pinal\u00a0\u00bb<\/span><\/span><\/strong><\/em><\/p>\n","protected":false},"excerpt":{"rendered":"<p>\u00ab\u00a0Suite \u00e0 votre publication Facebook en date de ce jour, veuillez trouver ci&#8211;dessous les \u00e9l\u00e9ments \u00e0 faire para\u00eetre en droit [&hellip;]<\/p>\n","protected":false},"author":391,"featured_media":66785,"comment_status":"open","ping_status":"open","sticky":false,"template":"","format":"standard","meta":{"footnotes":""},"categories":[22,24],"tags":[],"class_list":["post-133678","post","type-post","status-publish","format-standard","has-post-thumbnail","hentry","category-a-la-une","category-epinal"],"acf":[],"yoast_head":"<!-- This site is optimized with the Yoast SEO plugin v22.5 - https:\/\/yoast.com\/wordpress\/plugins\/seo\/ -->\n<title>Enseignement de la natation aux scolaires : r\u00e9ponse de Michel HEINRICH, Pr\u00e9sident de la Communaut\u00e9 d\u2019Agglom\u00e9ration d\u2019\u00c9pinal - Epinal Info<\/title>\n<meta name=\"robots\" content=\"index, follow, max-snippet:-1, max-image-preview:large, max-video-preview:-1\" \/>\n<link rel=\"canonical\" href=\"https:\/\/vosgesinfo.fr\/epinalinfo\/2025\/07\/enseignement-de-la-natation-aux-scolaires-reponse-de-michel-heinrich-president-de-la-communaute-dagglomeration-depinal\/\" \/>\n<meta name=\"twitter:card\" content=\"summary_large_image\" \/>\n<meta name=\"twitter:title\" content=\"Enseignement de la natation aux scolaires : r\u00e9ponse de Michel HEINRICH, Pr\u00e9sident de la Communaut\u00e9 d\u2019Agglom\u00e9ration d\u2019\u00c9pinal - Epinal Info\" \/>\n<meta name=\"twitter:description\" content=\"\u00ab\u00a0Suite \u00e0 votre publication Facebook en date de ce jour, veuillez trouver ci&#8211;dessous les \u00e9l\u00e9ments \u00e0 faire para\u00eetre en droit [&hellip;]\" \/>\n<meta name=\"twitter:image\" content=\"https:\/\/vosgesinfo.fr\/app\/uploads\/sites\/3\/2024\/08\/201602piscine-olympique-2.jpg\" \/>\n<meta name=\"twitter:creator\" content=\"@VosgesInfo88\" \/>\n<meta name=\"twitter:site\" content=\"@VosgesInfo88\" \/>\n<meta name=\"twitter:label1\" content=\"\u00c9crit par\" \/>\n\t<meta name=\"twitter:data1\" content=\"La redaction\" \/>\n\t<meta name=\"twitter:label2\" content=\"Dur\u00e9e de lecture estim\u00e9e\" \/>\n\t<meta name=\"twitter:data2\" content=\"3 minutes\" \/>\n<script type=\"application\/ld+json\" class=\"yoast-schema-graph\">{\"@context\":\"https:\/\/schema.org\",\"@graph\":[{\"@type\":\"Article\",\"@id\":\"https:\/\/vosgesinfo.fr\/epinalinfo\/2025\/07\/enseignement-de-la-natation-aux-scolaires-reponse-de-michel-heinrich-president-de-la-communaute-dagglomeration-depinal\/#article\",\"isPartOf\":{\"@id\":\"https:\/\/vosgesinfo.fr\/epinalinfo\/2025\/07\/enseignement-de-la-natation-aux-scolaires-reponse-de-michel-heinrich-president-de-la-communaute-dagglomeration-depinal\/\"},\"author\":{\"name\":\"La redaction\",\"@id\":\"https:\/\/vosgesinfo.fr\/epinalinfo\/#\/schema\/person\/27a3695b06db98895b354c0765cdfc31\"},\"headline\":\"Enseignement de la natation aux scolaires : r\u00e9ponse de Michel HEINRICH, Pr\u00e9sident de la Communaut\u00e9 d\u2019Agglom\u00e9ration d\u2019\u00c9pinal\",\"datePublished\":\"2025-07-08T14:30:43+00:00\",\"dateModified\":\"2025-07-08T14:27:23+00:00\",\"mainEntityOfPage\":{\"@id\":\"https:\/\/vosgesinfo.fr\/epinalinfo\/2025\/07\/enseignement-de-la-natation-aux-scolaires-reponse-de-michel-heinrich-president-de-la-communaute-dagglomeration-depinal\/\"},\"wordCount\":646,\"commentCount\":2,\"publisher\":{\"@id\":\"https:\/\/vosgesinfo.fr\/epinalinfo\/#organization\"},\"image\":{\"@id\":\"https:\/\/vosgesinfo.fr\/epinalinfo\/2025\/07\/enseignement-de-la-natation-aux-scolaires-reponse-de-michel-heinrich-president-de-la-communaute-dagglomeration-depinal\/#primaryimage\"},\"thumbnailUrl\":\"https:\/\/vosgesinfo.fr\/app\/uploads\/sites\/3\/2024\/08\/201602piscine-olympique-2.jpg\",\"articleSection\":[\"A la Une\",\"Epinal\"],\"inLanguage\":\"fr-FR\",\"potentialAction\":[{\"@type\":\"CommentAction\",\"name\":\"Comment\",\"target\":[\"https:\/\/vosgesinfo.fr\/epinalinfo\/2025\/07\/enseignement-de-la-natation-aux-scolaires-reponse-de-michel-heinrich-president-de-la-communaute-dagglomeration-depinal\/#respond\"]}]},{\"@type\":\"WebPage\",\"@id\":\"https:\/\/vosgesinfo.fr\/epinalinfo\/2025\/07\/enseignement-de-la-natation-aux-scolaires-reponse-de-michel-heinrich-president-de-la-communaute-dagglomeration-depinal\/\",\"url\":\"https:\/\/vosgesinfo.fr\/epinalinfo\/2025\/07\/enseignement-de-la-natation-aux-scolaires-reponse-de-michel-heinrich-president-de-la-communaute-dagglomeration-depinal\/\",\"name\":\"Enseignement de la natation aux scolaires : r\u00e9ponse de Michel HEINRICH, Pr\u00e9sident de la Communaut\u00e9 d\u2019Agglom\u00e9ration d\u2019\u00c9pinal - Epinal Info\",\"isPartOf\":{\"@id\":\"https:\/\/vosgesinfo.fr\/epinalinfo\/#website\"},\"primaryImageOfPage\":{\"@id\":\"https:\/\/vosgesinfo.fr\/epinalinfo\/2025\/07\/enseignement-de-la-natation-aux-scolaires-reponse-de-michel-heinrich-president-de-la-communaute-dagglomeration-depinal\/#primaryimage\"},\"image\":{\"@id\":\"https:\/\/vosgesinfo.fr\/epinalinfo\/2025\/07\/enseignement-de-la-natation-aux-scolaires-reponse-de-michel-heinrich-president-de-la-communaute-dagglomeration-depinal\/#primaryimage\"},\"thumbnailUrl\":\"https:\/\/vosgesinfo.fr\/app\/uploads\/sites\/3\/2024\/08\/201602piscine-olympique-2.jpg\",\"datePublished\":\"2025-07-08T14:30:43+00:00\",\"dateModified\":\"2025-07-08T14:27:23+00:00\",\"breadcrumb\":{\"@id\":\"https:\/\/vosgesinfo.fr\/epinalinfo\/2025\/07\/enseignement-de-la-natation-aux-scolaires-reponse-de-michel-heinrich-president-de-la-communaute-dagglomeration-depinal\/#breadcrumb\"},\"inLanguage\":\"fr-FR\",\"potentialAction\":[{\"@type\":\"ReadAction\",\"target\":[\"https:\/\/vosgesinfo.fr\/epinalinfo\/2025\/07\/enseignement-de-la-natation-aux-scolaires-reponse-de-michel-heinrich-president-de-la-communaute-dagglomeration-depinal\/\"]}]},{\"@type\":\"ImageObject\",\"inLanguage\":\"fr-FR\",\"@id\":\"https:\/\/vosgesinfo.fr\/epinalinfo\/2025\/07\/enseignement-de-la-natation-aux-scolaires-reponse-de-michel-heinrich-president-de-la-communaute-dagglomeration-depinal\/#primaryimage\",\"url\":\"https:\/\/vosgesinfo.fr\/app\/uploads\/sites\/3\/2024\/08\/201602piscine-olympique-2.jpg\",\"contentUrl\":\"https:\/\/vosgesinfo.fr\/app\/uploads\/sites\/3\/2024\/08\/201602piscine-olympique-2.jpg\",\"width\":1024,\"height\":768},{\"@type\":\"BreadcrumbList\",\"@id\":\"https:\/\/vosgesinfo.fr\/epinalinfo\/2025\/07\/enseignement-de-la-natation-aux-scolaires-reponse-de-michel-heinrich-president-de-la-communaute-dagglomeration-depinal\/#breadcrumb\",\"itemListElement\":[{\"@type\":\"ListItem\",\"position\":1,\"name\":\"Home\",\"item\":\"https:\/\/vosgesinfo.fr\/epinalinfo\/\"},{\"@type\":\"ListItem\",\"position\":2,\"name\":\"Enseignement de la natation aux scolaires : r\u00e9ponse de Michel HEINRICH, Pr\u00e9sident de la Communaut\u00e9 d\u2019Agglom\u00e9ration d\u2019\u00c9pinal\"}]},{\"@type\":\"WebSite\",\"@id\":\"https:\/\/vosgesinfo.fr\/epinalinfo\/#website\",\"url\":\"https:\/\/vosgesinfo.fr\/epinalinfo\/\",\"name\":\"Epinal Info\",\"description\":\"Toute l&#039;actualit\u00e9 d&#039;\u00c9pinal\",\"publisher\":{\"@id\":\"https:\/\/vosgesinfo.fr\/epinalinfo\/#organization\"},\"alternateName\":\"Toute l'actualit\u00e9 d'\u00c9pinal\",\"potentialAction\":[{\"@type\":\"SearchAction\",\"target\":{\"@type\":\"EntryPoint\",\"urlTemplate\":\"https:\/\/vosgesinfo.fr\/epinalinfo\/?s={search_term_string}\"},\"query-input\":\"required name=search_term_string\"}],\"inLanguage\":\"fr-FR\"},{\"@type\":\"Organization\",\"@id\":\"https:\/\/vosgesinfo.fr\/epinalinfo\/#organization\",\"name\":\"Epinal Info\",\"url\":\"https:\/\/vosgesinfo.fr\/epinalinfo\/\",\"logo\":{\"@type\":\"ImageObject\",\"inLanguage\":\"fr-FR\",\"@id\":\"https:\/\/vosgesinfo.fr\/epinalinfo\/#\/schema\/logo\/image\/\",\"url\":\"https:\/\/vosgesinfo.fr\/app\/uploads\/sites\/3\/2023\/08\/logo-epinalinfos.svg\",\"contentUrl\":\"https:\/\/vosgesinfo.fr\/app\/uploads\/sites\/3\/2023\/08\/logo-epinalinfos.svg\",\"width\":1,\"height\":1,\"caption\":\"Epinal Info\"},\"image\":{\"@id\":\"https:\/\/vosgesinfo.fr\/epinalinfo\/#\/schema\/logo\/image\/\"},\"sameAs\":[\"https:\/\/www.facebook.com\/Epinalinfos\",\"https:\/\/x.com\/VosgesInfo88\",\"https:\/\/www.youtube.com\/@vosgesinfo\"]},{\"@type\":\"Person\",\"@id\":\"https:\/\/vosgesinfo.fr\/epinalinfo\/#\/schema\/person\/27a3695b06db98895b354c0765cdfc31\",\"name\":\"La redaction\",\"image\":{\"@type\":\"ImageObject\",\"inLanguage\":\"fr-FR\",\"@id\":\"https:\/\/vosgesinfo.fr\/epinalinfo\/#\/schema\/person\/image\/\",\"url\":\"https:\/\/secure.gravatar.com\/avatar\/64c76a78e501cedee55736f43f332df901e1896ae9cd8fad269ae2236dd0e8b6?s=96&d=mm&r=g\",\"contentUrl\":\"https:\/\/secure.gravatar.com\/avatar\/64c76a78e501cedee55736f43f332df901e1896ae9cd8fad269ae2236dd0e8b6?s=96&d=mm&r=g\",\"caption\":\"La redaction\"},\"url\":\"https:\/\/vosgesinfo.fr\/epinalinfo\/author\/la-redaction\/\"}]}<\/script>\n<!-- \/ Yoast SEO plugin. -->","yoast_head_json":{"title":"Enseignement de la natation aux scolaires : r\u00e9ponse de Michel HEINRICH, Pr\u00e9sident de la Communaut\u00e9 d\u2019Agglom\u00e9ration d\u2019\u00c9pinal - Epinal Info","robots":{"index":"index","follow":"follow","max-snippet":"max-snippet:-1","max-image-preview":"max-image-preview:large","max-video-preview":"max-video-preview:-1"},"canonical":"https:\/\/vosgesinfo.fr\/epinalinfo\/2025\/07\/enseignement-de-la-natation-aux-scolaires-reponse-de-michel-heinrich-president-de-la-communaute-dagglomeration-depinal\/","twitter_card":"summary_large_image","twitter_title":"Enseignement de la natation aux scolaires : r\u00e9ponse de Michel HEINRICH, Pr\u00e9sident de la Communaut\u00e9 d\u2019Agglom\u00e9ration d\u2019\u00c9pinal - Epinal Info","twitter_description":"\u00ab\u00a0Suite \u00e0 votre publication Facebook en date de ce jour, veuillez trouver ci&#8211;dessous les \u00e9l\u00e9ments \u00e0 faire para\u00eetre en droit [&hellip;]","twitter_image":"https:\/\/vosgesinfo.fr\/app\/uploads\/sites\/3\/2024\/08\/201602piscine-olympique-2.jpg","twitter_creator":"@VosgesInfo88","twitter_site":"@VosgesInfo88","twitter_misc":{"\u00c9crit par":"La redaction","Dur\u00e9e de lecture estim\u00e9e":"3 minutes"},"schema":{"@context":"https:\/\/schema.org","@graph":[{"@type":"Article","@id":"https:\/\/vosgesinfo.fr\/epinalinfo\/2025\/07\/enseignement-de-la-natation-aux-scolaires-reponse-de-michel-heinrich-president-de-la-communaute-dagglomeration-depinal\/#article","isPartOf":{"@id":"https:\/\/vosgesinfo.fr\/epinalinfo\/2025\/07\/enseignement-de-la-natation-aux-scolaires-reponse-de-michel-heinrich-president-de-la-communaute-dagglomeration-depinal\/"},"author":{"name":"La redaction","@id":"https:\/\/vosgesinfo.fr\/epinalinfo\/#\/schema\/person\/27a3695b06db98895b354c0765cdfc31"},"headline":"Enseignement de la natation aux scolaires : r\u00e9ponse de Michel HEINRICH, Pr\u00e9sident de la Communaut\u00e9 d\u2019Agglom\u00e9ration d\u2019\u00c9pinal","datePublished":"2025-07-08T14:30:43+00:00","dateModified":"2025-07-08T14:27:23+00:00","mainEntityOfPage":{"@id":"https:\/\/vosgesinfo.fr\/epinalinfo\/2025\/07\/enseignement-de-la-natation-aux-scolaires-reponse-de-michel-heinrich-president-de-la-communaute-dagglomeration-depinal\/"},"wordCount":646,"commentCount":2,"publisher":{"@id":"https:\/\/vosgesinfo.fr\/epinalinfo\/#organization"},"image":{"@id":"https:\/\/vosgesinfo.fr\/epinalinfo\/2025\/07\/enseignement-de-la-natation-aux-scolaires-reponse-de-michel-heinrich-president-de-la-communaute-dagglomeration-depinal\/#primaryimage"},"thumbnailUrl":"https:\/\/vosgesinfo.fr\/app\/uploads\/sites\/3\/2024\/08\/201602piscine-olympique-2.jpg","articleSection":["A la Une","Epinal"],"inLanguage":"fr-FR","potentialAction":[{"@type":"CommentAction","name":"Comment","target":["https:\/\/vosgesinfo.fr\/epinalinfo\/2025\/07\/enseignement-de-la-natation-aux-scolaires-reponse-de-michel-heinrich-president-de-la-communaute-dagglomeration-depinal\/#respond"]}]},{"@type":"WebPage","@id":"https:\/\/vosgesinfo.fr\/epinalinfo\/2025\/07\/enseignement-de-la-natation-aux-scolaires-reponse-de-michel-heinrich-president-de-la-communaute-dagglomeration-depinal\/","url":"https:\/\/vosgesinfo.fr\/epinalinfo\/2025\/07\/enseignement-de-la-natation-aux-scolaires-reponse-de-michel-heinrich-president-de-la-communaute-dagglomeration-depinal\/","name":"Enseignement de la natation aux scolaires : r\u00e9ponse de Michel HEINRICH, Pr\u00e9sident de la Communaut\u00e9 d\u2019Agglom\u00e9ration d\u2019\u00c9pinal - Epinal Info","isPartOf":{"@id":"https:\/\/vosgesinfo.fr\/epinalinfo\/#website"},"primaryImageOfPage":{"@id":"https:\/\/vosgesinfo.fr\/epinalinfo\/2025\/07\/enseignement-de-la-natation-aux-scolaires-reponse-de-michel-heinrich-president-de-la-communaute-dagglomeration-depinal\/#primaryimage"},"image":{"@id":"https:\/\/vosgesinfo.fr\/epinalinfo\/2025\/07\/enseignement-de-la-natation-aux-scolaires-reponse-de-michel-heinrich-president-de-la-communaute-dagglomeration-depinal\/#primaryimage"},"thumbnailUrl":"https:\/\/vosgesinfo.fr\/app\/uploads\/sites\/3\/2024\/08\/201602piscine-olympique-2.jpg","datePublished":"2025-07-08T14:30:43+00:00","dateModified":"2025-07-08T14:27:23+00:00","breadcrumb":{"@id":"https:\/\/vosgesinfo.fr\/epinalinfo\/2025\/07\/enseignement-de-la-natation-aux-scolaires-reponse-de-michel-heinrich-president-de-la-communaute-dagglomeration-depinal\/#breadcrumb"},"inLanguage":"fr-FR","potentialAction":[{"@type":"ReadAction","target":["https:\/\/vosgesinfo.fr\/epinalinfo\/2025\/07\/enseignement-de-la-natation-aux-scolaires-reponse-de-michel-heinrich-president-de-la-communaute-dagglomeration-depinal\/"]}]},{"@type":"ImageObject","inLanguage":"fr-FR","@id":"https:\/\/vosgesinfo.fr\/epinalinfo\/2025\/07\/enseignement-de-la-natation-aux-scolaires-reponse-de-michel-heinrich-president-de-la-communaute-dagglomeration-depinal\/#primaryimage","url":"https:\/\/vosgesinfo.fr\/app\/uploads\/sites\/3\/2024\/08\/201602piscine-olympique-2.jpg","contentUrl":"https:\/\/vosgesinfo.fr\/app\/uploads\/sites\/3\/2024\/08\/201602piscine-olympique-2.jpg","width":1024,"height":768},{"@type":"BreadcrumbList","@id":"https:\/\/vosgesinfo.fr\/epinalinfo\/2025\/07\/enseignement-de-la-natation-aux-scolaires-reponse-de-michel-heinrich-president-de-la-communaute-dagglomeration-depinal\/#breadcrumb","itemListElement":[{"@type":"ListItem","position":1,"name":"Home","item":"https:\/\/vosgesinfo.fr\/epinalinfo\/"},{"@type":"ListItem","position":2,"name":"Enseignement de la natation aux scolaires : r\u00e9ponse de Michel HEINRICH, Pr\u00e9sident de la Communaut\u00e9 d\u2019Agglom\u00e9ration d\u2019\u00c9pinal"}]},{"@type":"WebSite","@id":"https:\/\/vosgesinfo.fr\/epinalinfo\/#website","url":"https:\/\/vosgesinfo.fr\/epinalinfo\/","name":"Epinal Info","description":"Toute l&#039;actualit\u00e9 d&#039;\u00c9pinal","publisher":{"@id":"https:\/\/vosgesinfo.fr\/epinalinfo\/#organization"},"alternateName":"Toute l'actualit\u00e9 d'\u00c9pinal","potentialAction":[{"@type":"SearchAction","target":{"@type":"EntryPoint","urlTemplate":"https:\/\/vosgesinfo.fr\/epinalinfo\/?s={search_term_string}"},"query-input":"required name=search_term_string"}],"inLanguage":"fr-FR"},{"@type":"Organization","@id":"https:\/\/vosgesinfo.fr\/epinalinfo\/#organization","name":"Epinal Info","url":"https:\/\/vosgesinfo.fr\/epinalinfo\/","logo":{"@type":"ImageObject","inLanguage":"fr-FR","@id":"https:\/\/vosgesinfo.fr\/epinalinfo\/#\/schema\/logo\/image\/","url":"https:\/\/vosgesinfo.fr\/app\/uploads\/sites\/3\/2023\/08\/logo-epinalinfos.svg","contentUrl":"https:\/\/vosgesinfo.fr\/app\/uploads\/sites\/3\/2023\/08\/logo-epinalinfos.svg","width":1,"height":1,"caption":"Epinal Info"},"image":{"@id":"https:\/\/vosgesinfo.fr\/epinalinfo\/#\/schema\/logo\/image\/"},"sameAs":["https:\/\/www.facebook.com\/Epinalinfos","https:\/\/x.com\/VosgesInfo88","https:\/\/www.youtube.com\/@vosgesinfo"]},{"@type":"Person","@id":"https:\/\/vosgesinfo.fr\/epinalinfo\/#\/schema\/person\/27a3695b06db98895b354c0765cdfc31","name":"La redaction","image":{"@type":"ImageObject","inLanguage":"fr-FR","@id":"https:\/\/vosgesinfo.fr\/epinalinfo\/#\/schema\/person\/image\/","url":"https:\/\/secure.gravatar.com\/avatar\/64c76a78e501cedee55736f43f332df901e1896ae9cd8fad269ae2236dd0e8b6?s=96&d=mm&r=g","contentUrl":"https:\/\/secure.gravatar.com\/avatar\/64c76a78e501cedee55736f43f332df901e1896ae9cd8fad269ae2236dd0e8b6?s=96&d=mm&r=g","caption":"La redaction"},"url":"https:\/\/vosgesinfo.fr\/epinalinfo\/author\/la-redaction\/"}]}},"_links":{"self":[{"href":"https:\/\/vosgesinfo.fr\/epinalinfo\/wp-json\/wp\/v2\/posts\/133678","targetHints":{"allow":["GET"]}}],"collection":[{"href":"https:\/\/vosgesinfo.fr\/epinalinfo\/wp-json\/wp\/v2\/posts"}],"about":[{"href":"https:\/\/vosgesinfo.fr\/epinalinfo\/wp-json\/wp\/v2\/types\/post"}],"author":[{"embeddable":true,"href":"https:\/\/vosgesinfo.fr\/epinalinfo\/wp-json\/wp\/v2\/users\/391"}],"replies":[{"embeddable":true,"href":"https:\/\/vosgesinfo.fr\/epinalinfo\/wp-json\/wp\/v2\/comments?post=133678"}],"version-history":[{"count":1,"href":"https:\/\/vosgesinfo.fr\/epinalinfo\/wp-json\/wp\/v2\/posts\/133678\/revisions"}],"predecessor-version":[{"id":133680,"href":"https:\/\/vosgesinfo.fr\/epinalinfo\/wp-json\/wp\/v2\/posts\/133678\/revisions\/133680"}],"wp:featuredmedia":[{"embeddable":true,"href":"https:\/\/vosgesinfo.fr\/epinalinfo\/wp-json\/wp\/v2\/media\/66785"}],"wp:attachment":[{"href":"https:\/\/vosgesinfo.fr\/epinalinfo\/wp-json\/wp\/v2\/media?parent=133678"}],"wp:term":[{"taxonomy":"category","embeddable":true,"href":"https:\/\/vosgesinfo.fr\/epinalinfo\/wp-json\/wp\/v2\/categories?post=133678"},{"taxonomy":"post_tag","embeddable":true,"href":"https:\/\/vosgesinfo.fr\/epinalinfo\/wp-json\/wp\/v2\/tags?post=133678"}],"curies":[{"name":"wp","href":"https:\/\/api.w.org\/{rel}","templated":true}]}}