{"id":133681,"date":"2025-07-09T07:00:41","date_gmt":"2025-07-09T05:00:41","guid":{"rendered":"https:\/\/vosgesinfo.fr\/epinalinfo\/?p=133681"},"modified":"2025-07-08T16:31:11","modified_gmt":"2025-07-08T14:31:11","slug":"epinal-en-fete-pour-le-14-juillet-deux-jours-de-celebrations-populaires","status":"publish","type":"post","link":"https:\/\/vosgesinfo.fr\/epinalinfo\/2025\/07\/epinal-en-fete-pour-le-14-juillet-deux-jours-de-celebrations-populaires\/","title":{"rendered":"\u00c9pinal en f\u00eate pour le 14 Juillet : deux jours de c\u00e9l\u00e9brations populaires"},"content":{"rendered":"<div id=\"attachment_43674\" style=\"width: 2058px\" class=\"wp-caption aligncenter\"><a href=\"https:\/\/vosgesinfo.fr\/app\/uploads\/sites\/3\/2024\/07\/14-juillet-epinal5.jpg\"><img decoding=\"async\" aria-describedby=\"caption-attachment-43674\" class=\"wp-image-43674 size-full\" src=\"https:\/\/vosgesinfo.fr\/app\/uploads\/sites\/3\/2024\/07\/14-juillet-epinal5.jpg\" alt=\"\" width=\"2048\" height=\"1153\" srcset=\"https:\/\/vosgesinfo.fr\/app\/uploads\/sites\/3\/2024\/07\/14-juillet-epinal5.jpg 2048w, https:\/\/vosgesinfo.fr\/app\/uploads\/sites\/3\/2024\/07\/14-juillet-epinal5-300x169.jpg 300w, https:\/\/vosgesinfo.fr\/app\/uploads\/sites\/3\/2024\/07\/14-juillet-epinal5-1024x577.jpg 1024w, https:\/\/vosgesinfo.fr\/app\/uploads\/sites\/3\/2024\/07\/14-juillet-epinal5-768x432.jpg 768w, https:\/\/vosgesinfo.fr\/app\/uploads\/sites\/3\/2024\/07\/14-juillet-epinal5-1536x865.jpg 1536w\" sizes=\"(max-width: 2048px) 100vw, 2048px\" \/><\/a><p id=\"caption-attachment-43674\" class=\"wp-caption-text\">archive<\/p><\/div>\n<h2 data-start=\"165\" data-end=\"559\"><strong>\u00c0 l\u2019occasion de la F\u00eate nationale, la Ville d\u2019\u00c9pinal donne rendez-vous \u00e0 ses habitants les 13 et 14 juillet pour un week-end plac\u00e9 sous le signe de la convivialit\u00e9, du partage et de la fraternit\u00e9. Concerts, feu d\u2019artifice, c\u00e9r\u00e9monies officielles et animations familiales animeront la cit\u00e9 des Images pendant deux jours de festivit\u00e9s gratuites et ouvertes \u00e0 tous.<\/strong><\/h2>\n<h4 data-start=\"561\" data-end=\"603\"><strong data-start=\"566\" data-end=\"603\">Un 13 juillet musical et lumineux<\/strong><\/h4>\n<p data-start=\"605\" data-end=\"983\">Les c\u00e9l\u00e9brations d\u00e9buteront le dimanche 13 juillet d\u00e8s 21h sur la place de la Chipotte avec un concert de l\u2019Orchestre d\u2019Harmonie d\u2019\u00c9pinal. Cette soir\u00e9e festive se poursuivra par une d\u00e9ambulation aux flambeaux, ouverte par les Jeunes sapeurs-pompiers, en direction de la place du march\u00e9. La Ville distribuera des lampions aux enfants d\u00e9sireux de participer \u00e0 ce cort\u00e8ge f\u00e9erique.<\/p>\n<p data-start=\"985\" data-end=\"1275\">\u00c0 22h45, les regards se tourneront vers le ciel pour le traditionnel feu d\u2019artifice, tir\u00e9 depuis le pont Sadi-Carnot. Pour conclure cette premi\u00e8re soir\u00e9e en beaut\u00e9, le big-band <strong data-start=\"1162\" data-end=\"1189\">Spinal Groove Syndicate<\/strong> fera vibrer la place des Vosges de 23h \u00e0 1h au rythme d\u2019un jazz festif et entra\u00eenant.<\/p>\n<h4 data-start=\"1277\" data-end=\"1318\"><strong data-start=\"1282\" data-end=\"1318\">Un dispositif s\u00e9curis\u00e9 pour tous<\/strong><\/h4>\n<p data-start=\"1320\" data-end=\"1925\">Pour garantir la s\u00e9curit\u00e9 de tous, un large p\u00e9rim\u00e8tre sera mis en place autour du site de tir du feu d\u2019artifice. Le pont Sadi-Carnot sera ferm\u00e9 d\u00e8s 13h aux pi\u00e9tons et aux v\u00e9hicules, tout comme ses rues adjacentes et la passerelle reliant la place Pinau au march\u00e9 couvert, de 20h \u00e0 23h30. Le parking Q-Park du march\u00e9 couvert sera \u00e9galement inaccessible entre 19h et 1h. Les spectateurs sont donc invit\u00e9s \u00e0 anticiper leur venue et \u00e0 privil\u00e9gier le stationnement en dehors de la zone festive, qui s\u2019\u00e9tend de la place des 4 Nations \u00e0 la place des Vosges, et de la place de la Chipotte jusqu\u2019au march\u00e9 couvert.<\/p>\n<h4 data-start=\"1927\" data-end=\"1968\"><strong data-start=\"1932\" data-end=\"1968\">Un 14 juillet solennel et festif<\/strong><\/h4>\n<p data-start=\"1970\" data-end=\"2332\">Le lundi 14 juillet, les c\u00e9l\u00e9brations reprendront \u00e0 11h15 au Petit champ de Mars avec la c\u00e9r\u00e9monie officielle en pr\u00e9sence des autorit\u00e9s civiles et militaires. Le public pourra assister \u00e0 une revue des troupes, \u00e0 la remise de d\u00e9corations et aux traditionnels d\u00e9fil\u00e9s, \u00e0 pied et motoris\u00e9, r\u00e9unissant forces arm\u00e9es, services de secours et associations patriotiques.<\/p>\n<p data-start=\"2334\" data-end=\"2780\">Parmi les temps forts : la fanfare <strong data-start=\"2369\" data-end=\"2378\">Nouba<\/strong> du 1er R\u00e9giment de Tirailleurs rythmera les d\u00e9fil\u00e9s, et les jeunes seront mis \u00e0 l\u2019honneur \u00e0 travers la participation des Cadets de la D\u00e9fense, des Jeunes sapeurs-pompiers, de la Pr\u00e9paration militaire marine et du Conseil des jeunes de la Ville d\u2019\u00c9pinal. Ces derniers assureront notamment la collecte du <strong data-start=\"2682\" data-end=\"2702\">Bleuet de France<\/strong>, en soutien aux anciens combattants et aux victimes de guerre ou d\u2019attentats.<\/p>\n<p data-start=\"2782\" data-end=\"2844\">\u00c0 11h45, la fanfare se produira en aubade au kiosque du Cours.<\/p>\n<h4 data-start=\"2846\" data-end=\"2886\"><strong data-start=\"2851\" data-end=\"2886\">Un apr\u00e8s-midi pour les familles<\/strong><\/h4>\n<p data-start=\"2888\" data-end=\"3252\">Les festivit\u00e9s se cl\u00f4tureront dans la bonne humeur avec un apr\u00e8s-midi r\u00e9cr\u00e9atif au parc du Ch\u00e2teau, de 14h30 \u00e0 16h30. Organis\u00e9 par la Soci\u00e9t\u00e9 des F\u00eates, ce moment convivial proposera aux enfants une multitude de jeux traditionnels : course en sac, chamboule-tout, tir \u00e0 la corde, tir au but ou encore course \u00e0 la brouette. Tous les participants seront r\u00e9compens\u00e9s.<\/p>\n","protected":false},"excerpt":{"rendered":"<p>\u00c0 l\u2019occasion de la F\u00eate nationale, la Ville d\u2019\u00c9pinal donne rendez-vous \u00e0 ses habitants les 13 et 14 juillet pour [&hellip;]<\/p>\n","protected":false},"author":52,"featured_media":43674,"comment_status":"open","ping_status":"open","sticky":false,"template":"","format":"standard","meta":{"footnotes":""},"categories":[22,24],"tags":[],"class_list":["post-133681","post","type-post","status-publish","format-standard","has-post-thumbnail","hentry","category-a-la-une","category-epinal"],"acf":[],"yoast_head":"<!-- This site is optimized with the Yoast SEO plugin v22.5 - https:\/\/yoast.com\/wordpress\/plugins\/seo\/ -->\n<title>\u00c9pinal en f\u00eate pour le 14 Juillet : deux jours de c\u00e9l\u00e9brations populaires - Epinal Info<\/title>\n<meta name=\"robots\" content=\"index, follow, max-snippet:-1, max-image-preview:large, max-video-preview:-1\" \/>\n<link rel=\"canonical\" href=\"https:\/\/vosgesinfo.fr\/epinalinfo\/2025\/07\/epinal-en-fete-pour-le-14-juillet-deux-jours-de-celebrations-populaires\/\" \/>\n<meta name=\"twitter:card\" content=\"summary_large_image\" \/>\n<meta name=\"twitter:title\" content=\"\u00c9pinal en f\u00eate pour le 14 Juillet : deux jours de c\u00e9l\u00e9brations populaires - Epinal Info\" \/>\n<meta name=\"twitter:description\" content=\"\u00c0 l\u2019occasion de la F\u00eate nationale, la Ville d\u2019\u00c9pinal donne rendez-vous \u00e0 ses habitants les 13 et 14 juillet pour [&hellip;]\" \/>\n<meta name=\"twitter:image\" content=\"https:\/\/vosgesinfo.fr\/app\/uploads\/sites\/3\/2024\/07\/14-juillet-epinal5.jpg\" \/>\n<meta name=\"twitter:creator\" content=\"@VosgesInfo88\" \/>\n<meta name=\"twitter:site\" content=\"@VosgesInfo88\" \/>\n<meta name=\"twitter:label1\" content=\"\u00c9crit par\" \/>\n\t<meta name=\"twitter:data1\" content=\"C.K.\" \/>\n\t<meta name=\"twitter:label2\" content=\"Dur\u00e9e de lecture estim\u00e9e\" \/>\n\t<meta name=\"twitter:data2\" content=\"3 minutes\" \/>\n<script type=\"application\/ld+json\" class=\"yoast-schema-graph\">{\"@context\":\"https:\/\/schema.org\",\"@graph\":[{\"@type\":\"Article\",\"@id\":\"https:\/\/vosgesinfo.fr\/epinalinfo\/2025\/07\/epinal-en-fete-pour-le-14-juillet-deux-jours-de-celebrations-populaires\/#article\",\"isPartOf\":{\"@id\":\"https:\/\/vosgesinfo.fr\/epinalinfo\/2025\/07\/epinal-en-fete-pour-le-14-juillet-deux-jours-de-celebrations-populaires\/\"},\"author\":{\"name\":\"C.K.\",\"@id\":\"https:\/\/vosgesinfo.fr\/epinalinfo\/#\/schema\/person\/6f9a650eeea99d969b6c4ab78fccbe81\"},\"headline\":\"\u00c9pinal en f\u00eate pour le 14 Juillet : deux jours de c\u00e9l\u00e9brations populaires\",\"datePublished\":\"2025-07-09T05:00:41+00:00\",\"dateModified\":\"2025-07-08T14:31:11+00:00\",\"mainEntityOfPage\":{\"@id\":\"https:\/\/vosgesinfo.fr\/epinalinfo\/2025\/07\/epinal-en-fete-pour-le-14-juillet-deux-jours-de-celebrations-populaires\/\"},\"wordCount\":552,\"commentCount\":0,\"publisher\":{\"@id\":\"https:\/\/vosgesinfo.fr\/epinalinfo\/#organization\"},\"image\":{\"@id\":\"https:\/\/vosgesinfo.fr\/epinalinfo\/2025\/07\/epinal-en-fete-pour-le-14-juillet-deux-jours-de-celebrations-populaires\/#primaryimage\"},\"thumbnailUrl\":\"https:\/\/vosgesinfo.fr\/app\/uploads\/sites\/3\/2024\/07\/14-juillet-epinal5.jpg\",\"articleSection\":[\"A la Une\",\"Epinal\"],\"inLanguage\":\"fr-FR\",\"potentialAction\":[{\"@type\":\"CommentAction\",\"name\":\"Comment\",\"target\":[\"https:\/\/vosgesinfo.fr\/epinalinfo\/2025\/07\/epinal-en-fete-pour-le-14-juillet-deux-jours-de-celebrations-populaires\/#respond\"]}]},{\"@type\":\"WebPage\",\"@id\":\"https:\/\/vosgesinfo.fr\/epinalinfo\/2025\/07\/epinal-en-fete-pour-le-14-juillet-deux-jours-de-celebrations-populaires\/\",\"url\":\"https:\/\/vosgesinfo.fr\/epinalinfo\/2025\/07\/epinal-en-fete-pour-le-14-juillet-deux-jours-de-celebrations-populaires\/\",\"name\":\"\u00c9pinal en f\u00eate pour le 14 Juillet : deux jours de c\u00e9l\u00e9brations populaires - Epinal Info\",\"isPartOf\":{\"@id\":\"https:\/\/vosgesinfo.fr\/epinalinfo\/#website\"},\"primaryImageOfPage\":{\"@id\":\"https:\/\/vosgesinfo.fr\/epinalinfo\/2025\/07\/epinal-en-fete-pour-le-14-juillet-deux-jours-de-celebrations-populaires\/#primaryimage\"},\"image\":{\"@id\":\"https:\/\/vosgesinfo.fr\/epinalinfo\/2025\/07\/epinal-en-fete-pour-le-14-juillet-deux-jours-de-celebrations-populaires\/#primaryimage\"},\"thumbnailUrl\":\"https:\/\/vosgesinfo.fr\/app\/uploads\/sites\/3\/2024\/07\/14-juillet-epinal5.jpg\",\"datePublished\":\"2025-07-09T05:00:41+00:00\",\"dateModified\":\"2025-07-08T14:31:11+00:00\",\"breadcrumb\":{\"@id\":\"https:\/\/vosgesinfo.fr\/epinalinfo\/2025\/07\/epinal-en-fete-pour-le-14-juillet-deux-jours-de-celebrations-populaires\/#breadcrumb\"},\"inLanguage\":\"fr-FR\",\"potentialAction\":[{\"@type\":\"ReadAction\",\"target\":[\"https:\/\/vosgesinfo.fr\/epinalinfo\/2025\/07\/epinal-en-fete-pour-le-14-juillet-deux-jours-de-celebrations-populaires\/\"]}]},{\"@type\":\"ImageObject\",\"inLanguage\":\"fr-FR\",\"@id\":\"https:\/\/vosgesinfo.fr\/epinalinfo\/2025\/07\/epinal-en-fete-pour-le-14-juillet-deux-jours-de-celebrations-populaires\/#primaryimage\",\"url\":\"https:\/\/vosgesinfo.fr\/app\/uploads\/sites\/3\/2024\/07\/14-juillet-epinal5.jpg\",\"contentUrl\":\"https:\/\/vosgesinfo.fr\/app\/uploads\/sites\/3\/2024\/07\/14-juillet-epinal5.jpg\",\"width\":2048,\"height\":1153},{\"@type\":\"BreadcrumbList\",\"@id\":\"https:\/\/vosgesinfo.fr\/epinalinfo\/2025\/07\/epinal-en-fete-pour-le-14-juillet-deux-jours-de-celebrations-populaires\/#breadcrumb\",\"itemListElement\":[{\"@type\":\"ListItem\",\"position\":1,\"name\":\"Home\",\"item\":\"https:\/\/vosgesinfo.fr\/epinalinfo\/\"},{\"@type\":\"ListItem\",\"position\":2,\"name\":\"\u00c9pinal en f\u00eate pour le 14 Juillet : deux jours de c\u00e9l\u00e9brations populaires\"}]},{\"@type\":\"WebSite\",\"@id\":\"https:\/\/vosgesinfo.fr\/epinalinfo\/#website\",\"url\":\"https:\/\/vosgesinfo.fr\/epinalinfo\/\",\"name\":\"Epinal Info\",\"description\":\"Toute l&#039;actualit\u00e9 d&#039;\u00c9pinal\",\"publisher\":{\"@id\":\"https:\/\/vosgesinfo.fr\/epinalinfo\/#organization\"},\"alternateName\":\"Toute l'actualit\u00e9 d'\u00c9pinal\",\"potentialAction\":[{\"@type\":\"SearchAction\",\"target\":{\"@type\":\"EntryPoint\",\"urlTemplate\":\"https:\/\/vosgesinfo.fr\/epinalinfo\/?s={search_term_string}\"},\"query-input\":\"required name=search_term_string\"}],\"inLanguage\":\"fr-FR\"},{\"@type\":\"Organization\",\"@id\":\"https:\/\/vosgesinfo.fr\/epinalinfo\/#organization\",\"name\":\"Epinal Info\",\"url\":\"https:\/\/vosgesinfo.fr\/epinalinfo\/\",\"logo\":{\"@type\":\"ImageObject\",\"inLanguage\":\"fr-FR\",\"@id\":\"https:\/\/vosgesinfo.fr\/epinalinfo\/#\/schema\/logo\/image\/\",\"url\":\"https:\/\/vosgesinfo.fr\/app\/uploads\/sites\/3\/2023\/08\/logo-epinalinfos.svg\",\"contentUrl\":\"https:\/\/vosgesinfo.fr\/app\/uploads\/sites\/3\/2023\/08\/logo-epinalinfos.svg\",\"width\":1,\"height\":1,\"caption\":\"Epinal Info\"},\"image\":{\"@id\":\"https:\/\/vosgesinfo.fr\/epinalinfo\/#\/schema\/logo\/image\/\"},\"sameAs\":[\"https:\/\/www.facebook.com\/Epinalinfos\",\"https:\/\/x.com\/VosgesInfo88\",\"https:\/\/www.youtube.com\/@vosgesinfo\"]},{\"@type\":\"Person\",\"@id\":\"https:\/\/vosgesinfo.fr\/epinalinfo\/#\/schema\/person\/6f9a650eeea99d969b6c4ab78fccbe81\",\"name\":\"C.K.\",\"image\":{\"@type\":\"ImageObject\",\"inLanguage\":\"fr-FR\",\"@id\":\"https:\/\/vosgesinfo.fr\/epinalinfo\/#\/schema\/person\/image\/\",\"url\":\"https:\/\/secure.gravatar.com\/avatar\/48e3fc7f8421ba8942be6b74a2b7f014ca39bc00dece156b7a8e098ae7dc87bf?s=96&d=mm&r=g\",\"contentUrl\":\"https:\/\/secure.gravatar.com\/avatar\/48e3fc7f8421ba8942be6b74a2b7f014ca39bc00dece156b7a8e098ae7dc87bf?s=96&d=mm&r=g\",\"caption\":\"C.K.\"},\"url\":\"https:\/\/vosgesinfo.fr\/epinalinfo\/author\/celia-k-n\/\"}]}<\/script>\n<!-- \/ Yoast SEO plugin. -->","yoast_head_json":{"title":"\u00c9pinal en f\u00eate pour le 14 Juillet : deux jours de c\u00e9l\u00e9brations populaires - Epinal Info","robots":{"index":"index","follow":"follow","max-snippet":"max-snippet:-1","max-image-preview":"max-image-preview:large","max-video-preview":"max-video-preview:-1"},"canonical":"https:\/\/vosgesinfo.fr\/epinalinfo\/2025\/07\/epinal-en-fete-pour-le-14-juillet-deux-jours-de-celebrations-populaires\/","twitter_card":"summary_large_image","twitter_title":"\u00c9pinal en f\u00eate pour le 14 Juillet : deux jours de c\u00e9l\u00e9brations populaires - Epinal Info","twitter_description":"\u00c0 l\u2019occasion de la F\u00eate nationale, la Ville d\u2019\u00c9pinal donne rendez-vous \u00e0 ses habitants les 13 et 14 juillet pour [&hellip;]","twitter_image":"https:\/\/vosgesinfo.fr\/app\/uploads\/sites\/3\/2024\/07\/14-juillet-epinal5.jpg","twitter_creator":"@VosgesInfo88","twitter_site":"@VosgesInfo88","twitter_misc":{"\u00c9crit par":"C.K.","Dur\u00e9e de lecture estim\u00e9e":"3 minutes"},"schema":{"@context":"https:\/\/schema.org","@graph":[{"@type":"Article","@id":"https:\/\/vosgesinfo.fr\/epinalinfo\/2025\/07\/epinal-en-fete-pour-le-14-juillet-deux-jours-de-celebrations-populaires\/#article","isPartOf":{"@id":"https:\/\/vosgesinfo.fr\/epinalinfo\/2025\/07\/epinal-en-fete-pour-le-14-juillet-deux-jours-de-celebrations-populaires\/"},"author":{"name":"C.K.","@id":"https:\/\/vosgesinfo.fr\/epinalinfo\/#\/schema\/person\/6f9a650eeea99d969b6c4ab78fccbe81"},"headline":"\u00c9pinal en f\u00eate pour le 14 Juillet : deux jours de c\u00e9l\u00e9brations populaires","datePublished":"2025-07-09T05:00:41+00:00","dateModified":"2025-07-08T14:31:11+00:00","mainEntityOfPage":{"@id":"https:\/\/vosgesinfo.fr\/epinalinfo\/2025\/07\/epinal-en-fete-pour-le-14-juillet-deux-jours-de-celebrations-populaires\/"},"wordCount":552,"commentCount":0,"publisher":{"@id":"https:\/\/vosgesinfo.fr\/epinalinfo\/#organization"},"image":{"@id":"https:\/\/vosgesinfo.fr\/epinalinfo\/2025\/07\/epinal-en-fete-pour-le-14-juillet-deux-jours-de-celebrations-populaires\/#primaryimage"},"thumbnailUrl":"https:\/\/vosgesinfo.fr\/app\/uploads\/sites\/3\/2024\/07\/14-juillet-epinal5.jpg","articleSection":["A la Une","Epinal"],"inLanguage":"fr-FR","potentialAction":[{"@type":"CommentAction","name":"Comment","target":["https:\/\/vosgesinfo.fr\/epinalinfo\/2025\/07\/epinal-en-fete-pour-le-14-juillet-deux-jours-de-celebrations-populaires\/#respond"]}]},{"@type":"WebPage","@id":"https:\/\/vosgesinfo.fr\/epinalinfo\/2025\/07\/epinal-en-fete-pour-le-14-juillet-deux-jours-de-celebrations-populaires\/","url":"https:\/\/vosgesinfo.fr\/epinalinfo\/2025\/07\/epinal-en-fete-pour-le-14-juillet-deux-jours-de-celebrations-populaires\/","name":"\u00c9pinal en f\u00eate pour le 14 Juillet : deux jours de c\u00e9l\u00e9brations populaires - Epinal Info","isPartOf":{"@id":"https:\/\/vosgesinfo.fr\/epinalinfo\/#website"},"primaryImageOfPage":{"@id":"https:\/\/vosgesinfo.fr\/epinalinfo\/2025\/07\/epinal-en-fete-pour-le-14-juillet-deux-jours-de-celebrations-populaires\/#primaryimage"},"image":{"@id":"https:\/\/vosgesinfo.fr\/epinalinfo\/2025\/07\/epinal-en-fete-pour-le-14-juillet-deux-jours-de-celebrations-populaires\/#primaryimage"},"thumbnailUrl":"https:\/\/vosgesinfo.fr\/app\/uploads\/sites\/3\/2024\/07\/14-juillet-epinal5.jpg","datePublished":"2025-07-09T05:00:41+00:00","dateModified":"2025-07-08T14:31:11+00:00","breadcrumb":{"@id":"https:\/\/vosgesinfo.fr\/epinalinfo\/2025\/07\/epinal-en-fete-pour-le-14-juillet-deux-jours-de-celebrations-populaires\/#breadcrumb"},"inLanguage":"fr-FR","potentialAction":[{"@type":"ReadAction","target":["https:\/\/vosgesinfo.fr\/epinalinfo\/2025\/07\/epinal-en-fete-pour-le-14-juillet-deux-jours-de-celebrations-populaires\/"]}]},{"@type":"ImageObject","inLanguage":"fr-FR","@id":"https:\/\/vosgesinfo.fr\/epinalinfo\/2025\/07\/epinal-en-fete-pour-le-14-juillet-deux-jours-de-celebrations-populaires\/#primaryimage","url":"https:\/\/vosgesinfo.fr\/app\/uploads\/sites\/3\/2024\/07\/14-juillet-epinal5.jpg","contentUrl":"https:\/\/vosgesinfo.fr\/app\/uploads\/sites\/3\/2024\/07\/14-juillet-epinal5.jpg","width":2048,"height":1153},{"@type":"BreadcrumbList","@id":"https:\/\/vosgesinfo.fr\/epinalinfo\/2025\/07\/epinal-en-fete-pour-le-14-juillet-deux-jours-de-celebrations-populaires\/#breadcrumb","itemListElement":[{"@type":"ListItem","position":1,"name":"Home","item":"https:\/\/vosgesinfo.fr\/epinalinfo\/"},{"@type":"ListItem","position":2,"name":"\u00c9pinal en f\u00eate pour le 14 Juillet : deux jours de c\u00e9l\u00e9brations populaires"}]},{"@type":"WebSite","@id":"https:\/\/vosgesinfo.fr\/epinalinfo\/#website","url":"https:\/\/vosgesinfo.fr\/epinalinfo\/","name":"Epinal Info","description":"Toute l&#039;actualit\u00e9 d&#039;\u00c9pinal","publisher":{"@id":"https:\/\/vosgesinfo.fr\/epinalinfo\/#organization"},"alternateName":"Toute l'actualit\u00e9 d'\u00c9pinal","potentialAction":[{"@type":"SearchAction","target":{"@type":"EntryPoint","urlTemplate":"https:\/\/vosgesinfo.fr\/epinalinfo\/?s={search_term_string}"},"query-input":"required name=search_term_string"}],"inLanguage":"fr-FR"},{"@type":"Organization","@id":"https:\/\/vosgesinfo.fr\/epinalinfo\/#organization","name":"Epinal Info","url":"https:\/\/vosgesinfo.fr\/epinalinfo\/","logo":{"@type":"ImageObject","inLanguage":"fr-FR","@id":"https:\/\/vosgesinfo.fr\/epinalinfo\/#\/schema\/logo\/image\/","url":"https:\/\/vosgesinfo.fr\/app\/uploads\/sites\/3\/2023\/08\/logo-epinalinfos.svg","contentUrl":"https:\/\/vosgesinfo.fr\/app\/uploads\/sites\/3\/2023\/08\/logo-epinalinfos.svg","width":1,"height":1,"caption":"Epinal Info"},"image":{"@id":"https:\/\/vosgesinfo.fr\/epinalinfo\/#\/schema\/logo\/image\/"},"sameAs":["https:\/\/www.facebook.com\/Epinalinfos","https:\/\/x.com\/VosgesInfo88","https:\/\/www.youtube.com\/@vosgesinfo"]},{"@type":"Person","@id":"https:\/\/vosgesinfo.fr\/epinalinfo\/#\/schema\/person\/6f9a650eeea99d969b6c4ab78fccbe81","name":"C.K.","image":{"@type":"ImageObject","inLanguage":"fr-FR","@id":"https:\/\/vosgesinfo.fr\/epinalinfo\/#\/schema\/person\/image\/","url":"https:\/\/secure.gravatar.com\/avatar\/48e3fc7f8421ba8942be6b74a2b7f014ca39bc00dece156b7a8e098ae7dc87bf?s=96&d=mm&r=g","contentUrl":"https:\/\/secure.gravatar.com\/avatar\/48e3fc7f8421ba8942be6b74a2b7f014ca39bc00dece156b7a8e098ae7dc87bf?s=96&d=mm&r=g","caption":"C.K."},"url":"https:\/\/vosgesinfo.fr\/epinalinfo\/author\/celia-k-n\/"}]}},"_links":{"self":[{"href":"https:\/\/vosgesinfo.fr\/epinalinfo\/wp-json\/wp\/v2\/posts\/133681","targetHints":{"allow":["GET"]}}],"collection":[{"href":"https:\/\/vosgesinfo.fr\/epinalinfo\/wp-json\/wp\/v2\/posts"}],"about":[{"href":"https:\/\/vosgesinfo.fr\/epinalinfo\/wp-json\/wp\/v2\/types\/post"}],"author":[{"embeddable":true,"href":"https:\/\/vosgesinfo.fr\/epinalinfo\/wp-json\/wp\/v2\/users\/52"}],"replies":[{"embeddable":true,"href":"https:\/\/vosgesinfo.fr\/epinalinfo\/wp-json\/wp\/v2\/comments?post=133681"}],"version-history":[{"count":1,"href":"https:\/\/vosgesinfo.fr\/epinalinfo\/wp-json\/wp\/v2\/posts\/133681\/revisions"}],"predecessor-version":[{"id":133682,"href":"https:\/\/vosgesinfo.fr\/epinalinfo\/wp-json\/wp\/v2\/posts\/133681\/revisions\/133682"}],"wp:featuredmedia":[{"embeddable":true,"href":"https:\/\/vosgesinfo.fr\/epinalinfo\/wp-json\/wp\/v2\/media\/43674"}],"wp:attachment":[{"href":"https:\/\/vosgesinfo.fr\/epinalinfo\/wp-json\/wp\/v2\/media?parent=133681"}],"wp:term":[{"taxonomy":"category","embeddable":true,"href":"https:\/\/vosgesinfo.fr\/epinalinfo\/wp-json\/wp\/v2\/categories?post=133681"},{"taxonomy":"post_tag","embeddable":true,"href":"https:\/\/vosgesinfo.fr\/epinalinfo\/wp-json\/wp\/v2\/tags?post=133681"}],"curies":[{"name":"wp","href":"https:\/\/api.w.org\/{rel}","templated":true}]}}