{"id":133689,"date":"2025-07-09T13:20:28","date_gmt":"2025-07-09T11:20:28","guid":{"rendered":"https:\/\/vosgesinfo.fr\/epinalinfo\/?p=133689"},"modified":"2025-07-09T13:40:56","modified_gmt":"2025-07-09T11:40:56","slug":"thaon-les-vosges-un-motard-recidive-quatre-heures-apres-la-levee-de-limmobilisation-de-sa-moto","status":"publish","type":"post","link":"https:\/\/vosgesinfo.fr\/epinalinfo\/2025\/07\/thaon-les-vosges-un-motard-recidive-quatre-heures-apres-la-levee-de-limmobilisation-de-sa-moto\/","title":{"rendered":"Thaon-les-Vosges : un motard r\u00e9cidive quatre heures apr\u00e8s la lev\u00e9e de l\u2019immobilisation de sa moto"},"content":{"rendered":"<div id=\"attachment_133690\" style=\"width: 2058px\" class=\"wp-caption aligncenter\"><a href=\"https:\/\/vosgesinfo.fr\/app\/uploads\/sites\/3\/2025\/07\/515439939-1154737206692377-8409095874007273593-n.jpg\"><img decoding=\"async\" aria-describedby=\"caption-attachment-133690\" class=\"size-full wp-image-133690\" src=\"https:\/\/vosgesinfo.fr\/app\/uploads\/sites\/3\/2025\/07\/515439939-1154737206692377-8409095874007273593-n.jpg\" alt=\"\" width=\"2048\" height=\"1455\" srcset=\"https:\/\/vosgesinfo.fr\/app\/uploads\/sites\/3\/2025\/07\/515439939-1154737206692377-8409095874007273593-n.jpg 2048w, https:\/\/vosgesinfo.fr\/app\/uploads\/sites\/3\/2025\/07\/515439939-1154737206692377-8409095874007273593-n-300x213.jpg 300w, https:\/\/vosgesinfo.fr\/app\/uploads\/sites\/3\/2025\/07\/515439939-1154737206692377-8409095874007273593-n-1024x728.jpg 1024w, https:\/\/vosgesinfo.fr\/app\/uploads\/sites\/3\/2025\/07\/515439939-1154737206692377-8409095874007273593-n-768x546.jpg 768w, https:\/\/vosgesinfo.fr\/app\/uploads\/sites\/3\/2025\/07\/515439939-1154737206692377-8409095874007273593-n-1536x1091.jpg 1536w\" sizes=\"(max-width: 2048px) 100vw, 2048px\" \/><\/a><p id=\"caption-attachment-133690\" class=\"wp-caption-text\">photo gendarmerie des vosges<\/p><\/div>\n<h2 data-start=\"289\" data-end=\"574\"><strong>\u00c0 Thaon-les-Vosges, dans le quartier de l\u2019Europe, les gendarmes ont de nouveau intercept\u00e9 un individu circulant \u00e0 moto tout-terrain sur la voie publique, sans casque ni aucun \u00e9quipement de protection. Ce comportement dangereux a conduit \u00e0 une intervention rapide des forces de l\u2019ordre.<\/strong><\/h2>\n<p data-start=\"576\" data-end=\"829\">Les faits se sont d\u00e9roul\u00e9s en deux temps. Lundi dernier, l\u2019homme en question a achet\u00e9 une moto. Dans la m\u00eame journ\u00e9e, il a \u00e9t\u00e9 rep\u00e9r\u00e9 par les gendarmes pour une conduite inappropri\u00e9e, entra\u00eenant imm\u00e9diatement l\u2019immobilisation administrative du v\u00e9hicule.<\/p>\n<p data-start=\"831\" data-end=\"1138\">Mais ce n\u2019est pas tout. Ce mardi, \u00e0 14h00, la mesure d\u2019immobilisation a \u00e9t\u00e9 lev\u00e9e. Pourtant, seulement quatre heures plus tard, \u00e0 18h00, l\u2019individu \u00e9tait de nouveau surpris en train de circuler avec la m\u00eame moto, dans les m\u00eames conditions dangereuses : sans casque, sans \u00e9quipement, et sur la voie publique.<\/p>\n<p data-start=\"1140\" data-end=\"1354\">Face \u00e0 cette r\u00e9cidive aussi rapide qu\u2019inqui\u00e9tante, la r\u00e9ponse des autorit\u00e9s ne s\u2019est pas fait attendre. Une <strong data-start=\"1248\" data-end=\"1306\">nouvelle immobilisation administrative a \u00e9t\u00e9 prononc\u00e9e<\/strong>, et le deux-roues a \u00e9t\u00e9 plac\u00e9 <strong data-start=\"1337\" data-end=\"1353\">en fourri\u00e8re<\/strong>.<\/p>\n<p data-start=\"1356\" data-end=\"1615\">La gendarmerie des Vosges tient \u00e0 rappeler que la s\u00e9curit\u00e9 routi\u00e8re est une priorit\u00e9 absolue. Elle condamne fermement ce type de comportement irresponsable, qui met en danger non seulement le conducteur lui-m\u00eame, mais \u00e9galement les autres usagers de la route.<\/p>\n<p data-start=\"1617\" data-end=\"1756\"><strong data-start=\"1617\" data-end=\"1660\">\u00ab Votre s\u00e9curit\u00e9 n\u2019est pas n\u00e9gociable \u00bb<\/strong>, mart\u00e8lent les gendarmes, bien d\u00e9cid\u00e9s \u00e0 r\u00e9agir avec rapidit\u00e9 et fermet\u00e9 face \u00e0 toute r\u00e9cidive.<\/p>\n","protected":false},"excerpt":{"rendered":"<p>\u00c0 Thaon-les-Vosges, dans le quartier de l\u2019Europe, les gendarmes ont de nouveau intercept\u00e9 un individu circulant \u00e0 moto tout-terrain sur [&hellip;]<\/p>\n","protected":false},"author":52,"featured_media":133690,"comment_status":"open","ping_status":"open","sticky":false,"template":"","format":"standard","meta":{"footnotes":""},"categories":[22,24,6,93,5],"tags":[268,213],"class_list":["post-133689","post","type-post","status-publish","format-standard","has-post-thumbnail","hentry","category-a-la-une","category-epinal","category-faits-divers","category-thaon-les-vosges","category-vosges","tag-faits-divers","tag-thaon-les-vosges"],"acf":[],"yoast_head":"<!-- This site is optimized with the Yoast SEO plugin v22.5 - https:\/\/yoast.com\/wordpress\/plugins\/seo\/ -->\n<title>Thaon-les-Vosges : un motard r\u00e9cidive quatre heures apr\u00e8s la lev\u00e9e de l\u2019immobilisation de sa moto - Epinal Info<\/title>\n<meta name=\"robots\" content=\"index, follow, max-snippet:-1, max-image-preview:large, max-video-preview:-1\" \/>\n<link rel=\"canonical\" href=\"https:\/\/vosgesinfo.fr\/epinalinfo\/?p=133689\" \/>\n<meta name=\"twitter:card\" content=\"summary_large_image\" \/>\n<meta name=\"twitter:title\" content=\"Thaon-les-Vosges : un motard r\u00e9cidive quatre heures apr\u00e8s la lev\u00e9e de l\u2019immobilisation de sa moto - Epinal Info\" \/>\n<meta name=\"twitter:description\" content=\"\u00c0 Thaon-les-Vosges, dans le quartier de l\u2019Europe, les gendarmes ont de nouveau intercept\u00e9 un individu circulant \u00e0 moto tout-terrain sur [&hellip;]\" \/>\n<meta name=\"twitter:image\" content=\"https:\/\/vosgesinfo.fr\/app\/uploads\/sites\/3\/2025\/07\/515439939-1154737206692377-8409095874007273593-n.jpg\" \/>\n<meta name=\"twitter:creator\" content=\"@VosgesInfo88\" \/>\n<meta name=\"twitter:site\" content=\"@VosgesInfo88\" \/>\n<meta name=\"twitter:label1\" content=\"\u00c9crit par\" \/>\n\t<meta name=\"twitter:data1\" content=\"C.K.\" \/>\n\t<meta name=\"twitter:label2\" content=\"Dur\u00e9e de lecture estim\u00e9e\" \/>\n\t<meta name=\"twitter:data2\" content=\"1 minute\" \/>\n<script type=\"application\/ld+json\" class=\"yoast-schema-graph\">{\"@context\":\"https:\/\/schema.org\",\"@graph\":[{\"@type\":\"Article\",\"@id\":\"https:\/\/vosgesinfo.fr\/epinalinfo\/?p=133689#article\",\"isPartOf\":{\"@id\":\"https:\/\/vosgesinfo.fr\/epinalinfo\/?p=133689\"},\"author\":{\"name\":\"C.K.\",\"@id\":\"https:\/\/vosgesinfo.fr\/epinalinfo\/#\/schema\/person\/6f9a650eeea99d969b6c4ab78fccbe81\"},\"headline\":\"Thaon-les-Vosges : un motard r\u00e9cidive quatre heures apr\u00e8s la lev\u00e9e de l\u2019immobilisation de sa moto\",\"datePublished\":\"2025-07-09T11:20:28+00:00\",\"dateModified\":\"2025-07-09T11:40:56+00:00\",\"mainEntityOfPage\":{\"@id\":\"https:\/\/vosgesinfo.fr\/epinalinfo\/?p=133689\"},\"wordCount\":280,\"commentCount\":2,\"publisher\":{\"@id\":\"https:\/\/vosgesinfo.fr\/epinalinfo\/#organization\"},\"image\":{\"@id\":\"https:\/\/vosgesinfo.fr\/epinalinfo\/?p=133689#primaryimage\"},\"thumbnailUrl\":\"https:\/\/vosgesinfo.fr\/app\/uploads\/sites\/3\/2025\/07\/515439939-1154737206692377-8409095874007273593-n.jpg\",\"keywords\":[\"Faits divers\",\"Thaon-l\u00e8s-Vosges\"],\"articleSection\":[\"A la Une\",\"Epinal\",\"Faits-divers\",\"Thaon-les-Vosges\",\"Vosges\"],\"inLanguage\":\"fr-FR\",\"potentialAction\":[{\"@type\":\"CommentAction\",\"name\":\"Comment\",\"target\":[\"https:\/\/vosgesinfo.fr\/epinalinfo\/?p=133689#respond\"]}]},{\"@type\":\"WebPage\",\"@id\":\"https:\/\/vosgesinfo.fr\/epinalinfo\/?p=133689\",\"url\":\"https:\/\/vosgesinfo.fr\/epinalinfo\/?p=133689\",\"name\":\"Thaon-les-Vosges : un motard r\u00e9cidive quatre heures apr\u00e8s la lev\u00e9e de l\u2019immobilisation de sa moto - Epinal Info\",\"isPartOf\":{\"@id\":\"https:\/\/vosgesinfo.fr\/epinalinfo\/#website\"},\"primaryImageOfPage\":{\"@id\":\"https:\/\/vosgesinfo.fr\/epinalinfo\/?p=133689#primaryimage\"},\"image\":{\"@id\":\"https:\/\/vosgesinfo.fr\/epinalinfo\/?p=133689#primaryimage\"},\"thumbnailUrl\":\"https:\/\/vosgesinfo.fr\/app\/uploads\/sites\/3\/2025\/07\/515439939-1154737206692377-8409095874007273593-n.jpg\",\"datePublished\":\"2025-07-09T11:20:28+00:00\",\"dateModified\":\"2025-07-09T11:40:56+00:00\",\"breadcrumb\":{\"@id\":\"https:\/\/vosgesinfo.fr\/epinalinfo\/?p=133689#breadcrumb\"},\"inLanguage\":\"fr-FR\",\"potentialAction\":[{\"@type\":\"ReadAction\",\"target\":[\"https:\/\/vosgesinfo.fr\/epinalinfo\/?p=133689\"]}]},{\"@type\":\"ImageObject\",\"inLanguage\":\"fr-FR\",\"@id\":\"https:\/\/vosgesinfo.fr\/epinalinfo\/?p=133689#primaryimage\",\"url\":\"https:\/\/vosgesinfo.fr\/app\/uploads\/sites\/3\/2025\/07\/515439939-1154737206692377-8409095874007273593-n.jpg\",\"contentUrl\":\"https:\/\/vosgesinfo.fr\/app\/uploads\/sites\/3\/2025\/07\/515439939-1154737206692377-8409095874007273593-n.jpg\",\"width\":2048,\"height\":1455,\"caption\":\"photo gendarmerie des vosges\"},{\"@type\":\"BreadcrumbList\",\"@id\":\"https:\/\/vosgesinfo.fr\/epinalinfo\/?p=133689#breadcrumb\",\"itemListElement\":[{\"@type\":\"ListItem\",\"position\":1,\"name\":\"Home\",\"item\":\"https:\/\/vosgesinfo.fr\/epinalinfo\/\"},{\"@type\":\"ListItem\",\"position\":2,\"name\":\"Thaon-les-Vosges : un motard r\u00e9cidive quatre heures apr\u00e8s la lev\u00e9e de l\u2019immobilisation de sa moto\"}]},{\"@type\":\"WebSite\",\"@id\":\"https:\/\/vosgesinfo.fr\/epinalinfo\/#website\",\"url\":\"https:\/\/vosgesinfo.fr\/epinalinfo\/\",\"name\":\"Epinal Info\",\"description\":\"Toute l&#039;actualit\u00e9 d&#039;\u00c9pinal\",\"publisher\":{\"@id\":\"https:\/\/vosgesinfo.fr\/epinalinfo\/#organization\"},\"alternateName\":\"Toute l'actualit\u00e9 d'\u00c9pinal\",\"potentialAction\":[{\"@type\":\"SearchAction\",\"target\":{\"@type\":\"EntryPoint\",\"urlTemplate\":\"https:\/\/vosgesinfo.fr\/epinalinfo\/?s={search_term_string}\"},\"query-input\":\"required name=search_term_string\"}],\"inLanguage\":\"fr-FR\"},{\"@type\":\"Organization\",\"@id\":\"https:\/\/vosgesinfo.fr\/epinalinfo\/#organization\",\"name\":\"Epinal Info\",\"url\":\"https:\/\/vosgesinfo.fr\/epinalinfo\/\",\"logo\":{\"@type\":\"ImageObject\",\"inLanguage\":\"fr-FR\",\"@id\":\"https:\/\/vosgesinfo.fr\/epinalinfo\/#\/schema\/logo\/image\/\",\"url\":\"https:\/\/vosgesinfo.fr\/app\/uploads\/sites\/3\/2023\/08\/logo-epinalinfos.svg\",\"contentUrl\":\"https:\/\/vosgesinfo.fr\/app\/uploads\/sites\/3\/2023\/08\/logo-epinalinfos.svg\",\"width\":1,\"height\":1,\"caption\":\"Epinal Info\"},\"image\":{\"@id\":\"https:\/\/vosgesinfo.fr\/epinalinfo\/#\/schema\/logo\/image\/\"},\"sameAs\":[\"https:\/\/www.facebook.com\/Epinalinfos\",\"https:\/\/x.com\/VosgesInfo88\",\"https:\/\/www.youtube.com\/@vosgesinfo\"]},{\"@type\":\"Person\",\"@id\":\"https:\/\/vosgesinfo.fr\/epinalinfo\/#\/schema\/person\/6f9a650eeea99d969b6c4ab78fccbe81\",\"name\":\"C.K.\",\"image\":{\"@type\":\"ImageObject\",\"inLanguage\":\"fr-FR\",\"@id\":\"https:\/\/vosgesinfo.fr\/epinalinfo\/#\/schema\/person\/image\/\",\"url\":\"https:\/\/secure.gravatar.com\/avatar\/48e3fc7f8421ba8942be6b74a2b7f014ca39bc00dece156b7a8e098ae7dc87bf?s=96&d=mm&r=g\",\"contentUrl\":\"https:\/\/secure.gravatar.com\/avatar\/48e3fc7f8421ba8942be6b74a2b7f014ca39bc00dece156b7a8e098ae7dc87bf?s=96&d=mm&r=g\",\"caption\":\"C.K.\"},\"url\":\"https:\/\/vosgesinfo.fr\/epinalinfo\/author\/celia-k-n\/\"}]}<\/script>\n<!-- \/ Yoast SEO plugin. -->","yoast_head_json":{"title":"Thaon-les-Vosges : un motard r\u00e9cidive quatre heures apr\u00e8s la lev\u00e9e de l\u2019immobilisation de sa moto - Epinal Info","robots":{"index":"index","follow":"follow","max-snippet":"max-snippet:-1","max-image-preview":"max-image-preview:large","max-video-preview":"max-video-preview:-1"},"canonical":"https:\/\/vosgesinfo.fr\/epinalinfo\/?p=133689","twitter_card":"summary_large_image","twitter_title":"Thaon-les-Vosges : un motard r\u00e9cidive quatre heures apr\u00e8s la lev\u00e9e de l\u2019immobilisation de sa moto - Epinal Info","twitter_description":"\u00c0 Thaon-les-Vosges, dans le quartier de l\u2019Europe, les gendarmes ont de nouveau intercept\u00e9 un individu circulant \u00e0 moto tout-terrain sur [&hellip;]","twitter_image":"https:\/\/vosgesinfo.fr\/app\/uploads\/sites\/3\/2025\/07\/515439939-1154737206692377-8409095874007273593-n.jpg","twitter_creator":"@VosgesInfo88","twitter_site":"@VosgesInfo88","twitter_misc":{"\u00c9crit par":"C.K.","Dur\u00e9e de lecture estim\u00e9e":"1 minute"},"schema":{"@context":"https:\/\/schema.org","@graph":[{"@type":"Article","@id":"https:\/\/vosgesinfo.fr\/epinalinfo\/?p=133689#article","isPartOf":{"@id":"https:\/\/vosgesinfo.fr\/epinalinfo\/?p=133689"},"author":{"name":"C.K.","@id":"https:\/\/vosgesinfo.fr\/epinalinfo\/#\/schema\/person\/6f9a650eeea99d969b6c4ab78fccbe81"},"headline":"Thaon-les-Vosges : un motard r\u00e9cidive quatre heures apr\u00e8s la lev\u00e9e de l\u2019immobilisation de sa moto","datePublished":"2025-07-09T11:20:28+00:00","dateModified":"2025-07-09T11:40:56+00:00","mainEntityOfPage":{"@id":"https:\/\/vosgesinfo.fr\/epinalinfo\/?p=133689"},"wordCount":280,"commentCount":2,"publisher":{"@id":"https:\/\/vosgesinfo.fr\/epinalinfo\/#organization"},"image":{"@id":"https:\/\/vosgesinfo.fr\/epinalinfo\/?p=133689#primaryimage"},"thumbnailUrl":"https:\/\/vosgesinfo.fr\/app\/uploads\/sites\/3\/2025\/07\/515439939-1154737206692377-8409095874007273593-n.jpg","keywords":["Faits divers","Thaon-l\u00e8s-Vosges"],"articleSection":["A la Une","Epinal","Faits-divers","Thaon-les-Vosges","Vosges"],"inLanguage":"fr-FR","potentialAction":[{"@type":"CommentAction","name":"Comment","target":["https:\/\/vosgesinfo.fr\/epinalinfo\/?p=133689#respond"]}]},{"@type":"WebPage","@id":"https:\/\/vosgesinfo.fr\/epinalinfo\/?p=133689","url":"https:\/\/vosgesinfo.fr\/epinalinfo\/?p=133689","name":"Thaon-les-Vosges : un motard r\u00e9cidive quatre heures apr\u00e8s la lev\u00e9e de l\u2019immobilisation de sa moto - Epinal Info","isPartOf":{"@id":"https:\/\/vosgesinfo.fr\/epinalinfo\/#website"},"primaryImageOfPage":{"@id":"https:\/\/vosgesinfo.fr\/epinalinfo\/?p=133689#primaryimage"},"image":{"@id":"https:\/\/vosgesinfo.fr\/epinalinfo\/?p=133689#primaryimage"},"thumbnailUrl":"https:\/\/vosgesinfo.fr\/app\/uploads\/sites\/3\/2025\/07\/515439939-1154737206692377-8409095874007273593-n.jpg","datePublished":"2025-07-09T11:20:28+00:00","dateModified":"2025-07-09T11:40:56+00:00","breadcrumb":{"@id":"https:\/\/vosgesinfo.fr\/epinalinfo\/?p=133689#breadcrumb"},"inLanguage":"fr-FR","potentialAction":[{"@type":"ReadAction","target":["https:\/\/vosgesinfo.fr\/epinalinfo\/?p=133689"]}]},{"@type":"ImageObject","inLanguage":"fr-FR","@id":"https:\/\/vosgesinfo.fr\/epinalinfo\/?p=133689#primaryimage","url":"https:\/\/vosgesinfo.fr\/app\/uploads\/sites\/3\/2025\/07\/515439939-1154737206692377-8409095874007273593-n.jpg","contentUrl":"https:\/\/vosgesinfo.fr\/app\/uploads\/sites\/3\/2025\/07\/515439939-1154737206692377-8409095874007273593-n.jpg","width":2048,"height":1455,"caption":"photo gendarmerie des vosges"},{"@type":"BreadcrumbList","@id":"https:\/\/vosgesinfo.fr\/epinalinfo\/?p=133689#breadcrumb","itemListElement":[{"@type":"ListItem","position":1,"name":"Home","item":"https:\/\/vosgesinfo.fr\/epinalinfo\/"},{"@type":"ListItem","position":2,"name":"Thaon-les-Vosges : un motard r\u00e9cidive quatre heures apr\u00e8s la lev\u00e9e de l\u2019immobilisation de sa moto"}]},{"@type":"WebSite","@id":"https:\/\/vosgesinfo.fr\/epinalinfo\/#website","url":"https:\/\/vosgesinfo.fr\/epinalinfo\/","name":"Epinal Info","description":"Toute l&#039;actualit\u00e9 d&#039;\u00c9pinal","publisher":{"@id":"https:\/\/vosgesinfo.fr\/epinalinfo\/#organization"},"alternateName":"Toute l'actualit\u00e9 d'\u00c9pinal","potentialAction":[{"@type":"SearchAction","target":{"@type":"EntryPoint","urlTemplate":"https:\/\/vosgesinfo.fr\/epinalinfo\/?s={search_term_string}"},"query-input":"required name=search_term_string"}],"inLanguage":"fr-FR"},{"@type":"Organization","@id":"https:\/\/vosgesinfo.fr\/epinalinfo\/#organization","name":"Epinal Info","url":"https:\/\/vosgesinfo.fr\/epinalinfo\/","logo":{"@type":"ImageObject","inLanguage":"fr-FR","@id":"https:\/\/vosgesinfo.fr\/epinalinfo\/#\/schema\/logo\/image\/","url":"https:\/\/vosgesinfo.fr\/app\/uploads\/sites\/3\/2023\/08\/logo-epinalinfos.svg","contentUrl":"https:\/\/vosgesinfo.fr\/app\/uploads\/sites\/3\/2023\/08\/logo-epinalinfos.svg","width":1,"height":1,"caption":"Epinal Info"},"image":{"@id":"https:\/\/vosgesinfo.fr\/epinalinfo\/#\/schema\/logo\/image\/"},"sameAs":["https:\/\/www.facebook.com\/Epinalinfos","https:\/\/x.com\/VosgesInfo88","https:\/\/www.youtube.com\/@vosgesinfo"]},{"@type":"Person","@id":"https:\/\/vosgesinfo.fr\/epinalinfo\/#\/schema\/person\/6f9a650eeea99d969b6c4ab78fccbe81","name":"C.K.","image":{"@type":"ImageObject","inLanguage":"fr-FR","@id":"https:\/\/vosgesinfo.fr\/epinalinfo\/#\/schema\/person\/image\/","url":"https:\/\/secure.gravatar.com\/avatar\/48e3fc7f8421ba8942be6b74a2b7f014ca39bc00dece156b7a8e098ae7dc87bf?s=96&d=mm&r=g","contentUrl":"https:\/\/secure.gravatar.com\/avatar\/48e3fc7f8421ba8942be6b74a2b7f014ca39bc00dece156b7a8e098ae7dc87bf?s=96&d=mm&r=g","caption":"C.K."},"url":"https:\/\/vosgesinfo.fr\/epinalinfo\/author\/celia-k-n\/"}]}},"_links":{"self":[{"href":"https:\/\/vosgesinfo.fr\/epinalinfo\/wp-json\/wp\/v2\/posts\/133689","targetHints":{"allow":["GET"]}}],"collection":[{"href":"https:\/\/vosgesinfo.fr\/epinalinfo\/wp-json\/wp\/v2\/posts"}],"about":[{"href":"https:\/\/vosgesinfo.fr\/epinalinfo\/wp-json\/wp\/v2\/types\/post"}],"author":[{"embeddable":true,"href":"https:\/\/vosgesinfo.fr\/epinalinfo\/wp-json\/wp\/v2\/users\/52"}],"replies":[{"embeddable":true,"href":"https:\/\/vosgesinfo.fr\/epinalinfo\/wp-json\/wp\/v2\/comments?post=133689"}],"version-history":[{"count":1,"href":"https:\/\/vosgesinfo.fr\/epinalinfo\/wp-json\/wp\/v2\/posts\/133689\/revisions"}],"predecessor-version":[{"id":133691,"href":"https:\/\/vosgesinfo.fr\/epinalinfo\/wp-json\/wp\/v2\/posts\/133689\/revisions\/133691"}],"wp:featuredmedia":[{"embeddable":true,"href":"https:\/\/vosgesinfo.fr\/epinalinfo\/wp-json\/wp\/v2\/media\/133690"}],"wp:attachment":[{"href":"https:\/\/vosgesinfo.fr\/epinalinfo\/wp-json\/wp\/v2\/media?parent=133689"}],"wp:term":[{"taxonomy":"category","embeddable":true,"href":"https:\/\/vosgesinfo.fr\/epinalinfo\/wp-json\/wp\/v2\/categories?post=133689"},{"taxonomy":"post_tag","embeddable":true,"href":"https:\/\/vosgesinfo.fr\/epinalinfo\/wp-json\/wp\/v2\/tags?post=133689"}],"curies":[{"name":"wp","href":"https:\/\/api.w.org\/{rel}","templated":true}]}}