{"id":133692,"date":"2025-07-09T13:35:29","date_gmt":"2025-07-09T11:35:29","guid":{"rendered":"https:\/\/vosgesinfo.fr\/epinalinfo\/?p=133692"},"modified":"2025-07-09T13:32:14","modified_gmt":"2025-07-09T11:32:14","slug":"epinal-bouge-lete-jo-et-le-salut-de-kraavs-en-spectacle-au-parc-du-chateau","status":"publish","type":"post","link":"https:\/\/vosgesinfo.fr\/epinalinfo\/2025\/07\/epinal-bouge-lete-jo-et-le-salut-de-kraavs-en-spectacle-au-parc-du-chateau\/","title":{"rendered":"\u00c9pinal Bouge l\u2019\u00c9t\u00e9 : Jo et le salut de Kr\u00e2\u00e2vs en spectacle au parc du ch\u00e2teau"},"content":{"rendered":"<h2 data-start=\"145\" data-end=\"406\"><strong><a href=\"https:\/\/vosgesinfo.fr\/app\/uploads\/sites\/3\/2025\/07\/image.jpg\"><img decoding=\"async\" class=\"aligncenter size-full wp-image-133693\" src=\"https:\/\/vosgesinfo.fr\/app\/uploads\/sites\/3\/2025\/07\/image.jpg\" alt=\"\" width=\"864\" height=\"512\" srcset=\"https:\/\/vosgesinfo.fr\/app\/uploads\/sites\/3\/2025\/07\/image.jpg 864w, https:\/\/vosgesinfo.fr\/app\/uploads\/sites\/3\/2025\/07\/image-300x178.jpg 300w, https:\/\/vosgesinfo.fr\/app\/uploads\/sites\/3\/2025\/07\/image-768x455.jpg 768w\" sizes=\"(max-width: 864px) 100vw, 864px\" \/><\/a>Le festival \u00c9pinal Bouge l\u2019\u00c9t\u00e9 fait son grand retour ce mercredi 9 juillet, dans une ambiance festive et familiale, avec un spectacle qui promet de marquer les esprits : \u00ab\u00a0Jo et le salut de Kr\u00e2\u00e2vs\u00a0\u00bb, \u00e0 d\u00e9couvrir gratuitement \u00e0 15 h au parc du ch\u00e2teau.<\/strong><\/h2>\n<p data-start=\"408\" data-end=\"933\">Organis\u00e9 en partenariat avec l\u2019\u00c9tincelle ProD et la compagnie Astrotapir, ce spectacle original plonge petits et grands dans un univers \u00e0 la fois dr\u00f4le, touchant et fantastique. On y suit Jo, un petit \u00eatre qui n\u2019aspire qu\u2019\u00e0 une chose : qu\u2019on le laisse tranquille. Mais le destin \u2013 ou plut\u00f4t la redoutable Rita, la Reine-de-tout \u2013 en d\u00e9cide autrement. Jo se voit contraint d\u2019accomplir une mission p\u00e9rilleuse : se rendre aupr\u00e8s du roi des Kr\u00e2\u00e2vs, le terrible Biftannen 1er, pour tenter de sauver leur monde.<\/p>\n<p data-start=\"935\" data-end=\"1158\">Ce voyage initiatique, riche en rebondissements et en rencontres \u00e9tonnantes, transformera Jo malgr\u00e9 lui. Et s\u2019il parvient \u00e0 mener \u00e0 bien sa mission, le d\u00e9nouement r\u00e9servera aux spectateurs une surprise pleine d\u2019\u00e9motion.<\/p>\n<p data-start=\"1160\" data-end=\"1379\">Avec des personnages hauts en couleur, une mise en sc\u00e8ne inventive et une bonne dose d\u2019humour, \u00ab\u00a0Jo et le salut de Kr\u00e2\u00e2vs\u00a0\u00bb s\u2019inscrit dans la lign\u00e9e des spectacles de qualit\u00e9 qui font le succ\u00e8s du festival chaque \u00e9t\u00e9.<\/p>\n<p data-start=\"1381\" data-end=\"1502\"><strong>Rendez-vous donc ce mercredi 9 juillet \u00e0 15 h au parc du ch\u00e2teau pour une parenth\u00e8se enchant\u00e9e \u00e0 partager en famille.<\/strong><\/p>\n","protected":false},"excerpt":{"rendered":"<p>Le festival \u00c9pinal Bouge l\u2019\u00c9t\u00e9 fait son grand retour ce mercredi 9 juillet, dans une ambiance festive et familiale, avec [&hellip;]<\/p>\n","protected":false},"author":52,"featured_media":133693,"comment_status":"open","ping_status":"open","sticky":false,"template":"","format":"standard","meta":{"footnotes":""},"categories":[22,24],"tags":[],"class_list":["post-133692","post","type-post","status-publish","format-standard","has-post-thumbnail","hentry","category-a-la-une","category-epinal"],"acf":[],"yoast_head":"<!-- This site is optimized with the Yoast SEO plugin v22.5 - https:\/\/yoast.com\/wordpress\/plugins\/seo\/ -->\n<title>\u00c9pinal Bouge l\u2019\u00c9t\u00e9 : Jo et le salut de Kr\u00e2\u00e2vs en spectacle au parc du ch\u00e2teau - Epinal Info<\/title>\n<meta name=\"robots\" content=\"index, follow, max-snippet:-1, max-image-preview:large, max-video-preview:-1\" \/>\n<link rel=\"canonical\" href=\"https:\/\/vosgesinfo.fr\/epinalinfo\/2025\/07\/epinal-bouge-lete-jo-et-le-salut-de-kraavs-en-spectacle-au-parc-du-chateau\/\" \/>\n<meta name=\"twitter:card\" content=\"summary_large_image\" \/>\n<meta name=\"twitter:title\" content=\"\u00c9pinal Bouge l\u2019\u00c9t\u00e9 : Jo et le salut de Kr\u00e2\u00e2vs en spectacle au parc du ch\u00e2teau - Epinal Info\" \/>\n<meta name=\"twitter:description\" content=\"Le festival \u00c9pinal Bouge l\u2019\u00c9t\u00e9 fait son grand retour ce mercredi 9 juillet, dans une ambiance festive et familiale, avec [&hellip;]\" \/>\n<meta name=\"twitter:image\" content=\"https:\/\/vosgesinfo.fr\/app\/uploads\/sites\/3\/2025\/07\/image.jpg\" \/>\n<meta name=\"twitter:creator\" content=\"@VosgesInfo88\" \/>\n<meta name=\"twitter:site\" content=\"@VosgesInfo88\" \/>\n<meta name=\"twitter:label1\" content=\"\u00c9crit par\" \/>\n\t<meta name=\"twitter:data1\" content=\"C.K.\" \/>\n\t<meta name=\"twitter:label2\" content=\"Dur\u00e9e de lecture estim\u00e9e\" \/>\n\t<meta name=\"twitter:data2\" content=\"1 minute\" \/>\n<script type=\"application\/ld+json\" class=\"yoast-schema-graph\">{\"@context\":\"https:\/\/schema.org\",\"@graph\":[{\"@type\":\"Article\",\"@id\":\"https:\/\/vosgesinfo.fr\/epinalinfo\/2025\/07\/epinal-bouge-lete-jo-et-le-salut-de-kraavs-en-spectacle-au-parc-du-chateau\/#article\",\"isPartOf\":{\"@id\":\"https:\/\/vosgesinfo.fr\/epinalinfo\/2025\/07\/epinal-bouge-lete-jo-et-le-salut-de-kraavs-en-spectacle-au-parc-du-chateau\/\"},\"author\":{\"name\":\"C.K.\",\"@id\":\"https:\/\/vosgesinfo.fr\/epinalinfo\/#\/schema\/person\/6f9a650eeea99d969b6c4ab78fccbe81\"},\"headline\":\"\u00c9pinal Bouge l\u2019\u00c9t\u00e9 : Jo et le salut de Kr\u00e2\u00e2vs en spectacle au parc du ch\u00e2teau\",\"datePublished\":\"2025-07-09T11:35:29+00:00\",\"dateModified\":\"2025-07-09T11:32:14+00:00\",\"mainEntityOfPage\":{\"@id\":\"https:\/\/vosgesinfo.fr\/epinalinfo\/2025\/07\/epinal-bouge-lete-jo-et-le-salut-de-kraavs-en-spectacle-au-parc-du-chateau\/\"},\"wordCount\":250,\"commentCount\":0,\"publisher\":{\"@id\":\"https:\/\/vosgesinfo.fr\/epinalinfo\/#organization\"},\"image\":{\"@id\":\"https:\/\/vosgesinfo.fr\/epinalinfo\/2025\/07\/epinal-bouge-lete-jo-et-le-salut-de-kraavs-en-spectacle-au-parc-du-chateau\/#primaryimage\"},\"thumbnailUrl\":\"https:\/\/vosgesinfo.fr\/app\/uploads\/sites\/3\/2025\/07\/image.jpg\",\"articleSection\":[\"A la Une\",\"Epinal\"],\"inLanguage\":\"fr-FR\",\"potentialAction\":[{\"@type\":\"CommentAction\",\"name\":\"Comment\",\"target\":[\"https:\/\/vosgesinfo.fr\/epinalinfo\/2025\/07\/epinal-bouge-lete-jo-et-le-salut-de-kraavs-en-spectacle-au-parc-du-chateau\/#respond\"]}]},{\"@type\":\"WebPage\",\"@id\":\"https:\/\/vosgesinfo.fr\/epinalinfo\/2025\/07\/epinal-bouge-lete-jo-et-le-salut-de-kraavs-en-spectacle-au-parc-du-chateau\/\",\"url\":\"https:\/\/vosgesinfo.fr\/epinalinfo\/2025\/07\/epinal-bouge-lete-jo-et-le-salut-de-kraavs-en-spectacle-au-parc-du-chateau\/\",\"name\":\"\u00c9pinal Bouge l\u2019\u00c9t\u00e9 : Jo et le salut de Kr\u00e2\u00e2vs en spectacle au parc du ch\u00e2teau - Epinal Info\",\"isPartOf\":{\"@id\":\"https:\/\/vosgesinfo.fr\/epinalinfo\/#website\"},\"primaryImageOfPage\":{\"@id\":\"https:\/\/vosgesinfo.fr\/epinalinfo\/2025\/07\/epinal-bouge-lete-jo-et-le-salut-de-kraavs-en-spectacle-au-parc-du-chateau\/#primaryimage\"},\"image\":{\"@id\":\"https:\/\/vosgesinfo.fr\/epinalinfo\/2025\/07\/epinal-bouge-lete-jo-et-le-salut-de-kraavs-en-spectacle-au-parc-du-chateau\/#primaryimage\"},\"thumbnailUrl\":\"https:\/\/vosgesinfo.fr\/app\/uploads\/sites\/3\/2025\/07\/image.jpg\",\"datePublished\":\"2025-07-09T11:35:29+00:00\",\"dateModified\":\"2025-07-09T11:32:14+00:00\",\"breadcrumb\":{\"@id\":\"https:\/\/vosgesinfo.fr\/epinalinfo\/2025\/07\/epinal-bouge-lete-jo-et-le-salut-de-kraavs-en-spectacle-au-parc-du-chateau\/#breadcrumb\"},\"inLanguage\":\"fr-FR\",\"potentialAction\":[{\"@type\":\"ReadAction\",\"target\":[\"https:\/\/vosgesinfo.fr\/epinalinfo\/2025\/07\/epinal-bouge-lete-jo-et-le-salut-de-kraavs-en-spectacle-au-parc-du-chateau\/\"]}]},{\"@type\":\"ImageObject\",\"inLanguage\":\"fr-FR\",\"@id\":\"https:\/\/vosgesinfo.fr\/epinalinfo\/2025\/07\/epinal-bouge-lete-jo-et-le-salut-de-kraavs-en-spectacle-au-parc-du-chateau\/#primaryimage\",\"url\":\"https:\/\/vosgesinfo.fr\/app\/uploads\/sites\/3\/2025\/07\/image.jpg\",\"contentUrl\":\"https:\/\/vosgesinfo.fr\/app\/uploads\/sites\/3\/2025\/07\/image.jpg\",\"width\":864,\"height\":512},{\"@type\":\"BreadcrumbList\",\"@id\":\"https:\/\/vosgesinfo.fr\/epinalinfo\/2025\/07\/epinal-bouge-lete-jo-et-le-salut-de-kraavs-en-spectacle-au-parc-du-chateau\/#breadcrumb\",\"itemListElement\":[{\"@type\":\"ListItem\",\"position\":1,\"name\":\"Home\",\"item\":\"https:\/\/vosgesinfo.fr\/epinalinfo\/\"},{\"@type\":\"ListItem\",\"position\":2,\"name\":\"\u00c9pinal Bouge l\u2019\u00c9t\u00e9 : Jo et le salut de Kr\u00e2\u00e2vs en spectacle au parc du ch\u00e2teau\"}]},{\"@type\":\"WebSite\",\"@id\":\"https:\/\/vosgesinfo.fr\/epinalinfo\/#website\",\"url\":\"https:\/\/vosgesinfo.fr\/epinalinfo\/\",\"name\":\"Epinal Info\",\"description\":\"Toute l&#039;actualit\u00e9 d&#039;\u00c9pinal\",\"publisher\":{\"@id\":\"https:\/\/vosgesinfo.fr\/epinalinfo\/#organization\"},\"alternateName\":\"Toute l'actualit\u00e9 d'\u00c9pinal\",\"potentialAction\":[{\"@type\":\"SearchAction\",\"target\":{\"@type\":\"EntryPoint\",\"urlTemplate\":\"https:\/\/vosgesinfo.fr\/epinalinfo\/?s={search_term_string}\"},\"query-input\":\"required name=search_term_string\"}],\"inLanguage\":\"fr-FR\"},{\"@type\":\"Organization\",\"@id\":\"https:\/\/vosgesinfo.fr\/epinalinfo\/#organization\",\"name\":\"Epinal Info\",\"url\":\"https:\/\/vosgesinfo.fr\/epinalinfo\/\",\"logo\":{\"@type\":\"ImageObject\",\"inLanguage\":\"fr-FR\",\"@id\":\"https:\/\/vosgesinfo.fr\/epinalinfo\/#\/schema\/logo\/image\/\",\"url\":\"https:\/\/vosgesinfo.fr\/app\/uploads\/sites\/3\/2023\/08\/logo-epinalinfos.svg\",\"contentUrl\":\"https:\/\/vosgesinfo.fr\/app\/uploads\/sites\/3\/2023\/08\/logo-epinalinfos.svg\",\"width\":1,\"height\":1,\"caption\":\"Epinal Info\"},\"image\":{\"@id\":\"https:\/\/vosgesinfo.fr\/epinalinfo\/#\/schema\/logo\/image\/\"},\"sameAs\":[\"https:\/\/www.facebook.com\/Epinalinfos\",\"https:\/\/x.com\/VosgesInfo88\",\"https:\/\/www.youtube.com\/@vosgesinfo\"]},{\"@type\":\"Person\",\"@id\":\"https:\/\/vosgesinfo.fr\/epinalinfo\/#\/schema\/person\/6f9a650eeea99d969b6c4ab78fccbe81\",\"name\":\"C.K.\",\"image\":{\"@type\":\"ImageObject\",\"inLanguage\":\"fr-FR\",\"@id\":\"https:\/\/vosgesinfo.fr\/epinalinfo\/#\/schema\/person\/image\/\",\"url\":\"https:\/\/secure.gravatar.com\/avatar\/48e3fc7f8421ba8942be6b74a2b7f014ca39bc00dece156b7a8e098ae7dc87bf?s=96&d=mm&r=g\",\"contentUrl\":\"https:\/\/secure.gravatar.com\/avatar\/48e3fc7f8421ba8942be6b74a2b7f014ca39bc00dece156b7a8e098ae7dc87bf?s=96&d=mm&r=g\",\"caption\":\"C.K.\"},\"url\":\"https:\/\/vosgesinfo.fr\/epinalinfo\/author\/celia-k-n\/\"}]}<\/script>\n<!-- \/ Yoast SEO plugin. -->","yoast_head_json":{"title":"\u00c9pinal Bouge l\u2019\u00c9t\u00e9 : Jo et le salut de Kr\u00e2\u00e2vs en spectacle au parc du ch\u00e2teau - Epinal Info","robots":{"index":"index","follow":"follow","max-snippet":"max-snippet:-1","max-image-preview":"max-image-preview:large","max-video-preview":"max-video-preview:-1"},"canonical":"https:\/\/vosgesinfo.fr\/epinalinfo\/2025\/07\/epinal-bouge-lete-jo-et-le-salut-de-kraavs-en-spectacle-au-parc-du-chateau\/","twitter_card":"summary_large_image","twitter_title":"\u00c9pinal Bouge l\u2019\u00c9t\u00e9 : Jo et le salut de Kr\u00e2\u00e2vs en spectacle au parc du ch\u00e2teau - Epinal Info","twitter_description":"Le festival \u00c9pinal Bouge l\u2019\u00c9t\u00e9 fait son grand retour ce mercredi 9 juillet, dans une ambiance festive et familiale, avec [&hellip;]","twitter_image":"https:\/\/vosgesinfo.fr\/app\/uploads\/sites\/3\/2025\/07\/image.jpg","twitter_creator":"@VosgesInfo88","twitter_site":"@VosgesInfo88","twitter_misc":{"\u00c9crit par":"C.K.","Dur\u00e9e de lecture estim\u00e9e":"1 minute"},"schema":{"@context":"https:\/\/schema.org","@graph":[{"@type":"Article","@id":"https:\/\/vosgesinfo.fr\/epinalinfo\/2025\/07\/epinal-bouge-lete-jo-et-le-salut-de-kraavs-en-spectacle-au-parc-du-chateau\/#article","isPartOf":{"@id":"https:\/\/vosgesinfo.fr\/epinalinfo\/2025\/07\/epinal-bouge-lete-jo-et-le-salut-de-kraavs-en-spectacle-au-parc-du-chateau\/"},"author":{"name":"C.K.","@id":"https:\/\/vosgesinfo.fr\/epinalinfo\/#\/schema\/person\/6f9a650eeea99d969b6c4ab78fccbe81"},"headline":"\u00c9pinal Bouge l\u2019\u00c9t\u00e9 : Jo et le salut de Kr\u00e2\u00e2vs en spectacle au parc du ch\u00e2teau","datePublished":"2025-07-09T11:35:29+00:00","dateModified":"2025-07-09T11:32:14+00:00","mainEntityOfPage":{"@id":"https:\/\/vosgesinfo.fr\/epinalinfo\/2025\/07\/epinal-bouge-lete-jo-et-le-salut-de-kraavs-en-spectacle-au-parc-du-chateau\/"},"wordCount":250,"commentCount":0,"publisher":{"@id":"https:\/\/vosgesinfo.fr\/epinalinfo\/#organization"},"image":{"@id":"https:\/\/vosgesinfo.fr\/epinalinfo\/2025\/07\/epinal-bouge-lete-jo-et-le-salut-de-kraavs-en-spectacle-au-parc-du-chateau\/#primaryimage"},"thumbnailUrl":"https:\/\/vosgesinfo.fr\/app\/uploads\/sites\/3\/2025\/07\/image.jpg","articleSection":["A la Une","Epinal"],"inLanguage":"fr-FR","potentialAction":[{"@type":"CommentAction","name":"Comment","target":["https:\/\/vosgesinfo.fr\/epinalinfo\/2025\/07\/epinal-bouge-lete-jo-et-le-salut-de-kraavs-en-spectacle-au-parc-du-chateau\/#respond"]}]},{"@type":"WebPage","@id":"https:\/\/vosgesinfo.fr\/epinalinfo\/2025\/07\/epinal-bouge-lete-jo-et-le-salut-de-kraavs-en-spectacle-au-parc-du-chateau\/","url":"https:\/\/vosgesinfo.fr\/epinalinfo\/2025\/07\/epinal-bouge-lete-jo-et-le-salut-de-kraavs-en-spectacle-au-parc-du-chateau\/","name":"\u00c9pinal Bouge l\u2019\u00c9t\u00e9 : Jo et le salut de Kr\u00e2\u00e2vs en spectacle au parc du ch\u00e2teau - Epinal Info","isPartOf":{"@id":"https:\/\/vosgesinfo.fr\/epinalinfo\/#website"},"primaryImageOfPage":{"@id":"https:\/\/vosgesinfo.fr\/epinalinfo\/2025\/07\/epinal-bouge-lete-jo-et-le-salut-de-kraavs-en-spectacle-au-parc-du-chateau\/#primaryimage"},"image":{"@id":"https:\/\/vosgesinfo.fr\/epinalinfo\/2025\/07\/epinal-bouge-lete-jo-et-le-salut-de-kraavs-en-spectacle-au-parc-du-chateau\/#primaryimage"},"thumbnailUrl":"https:\/\/vosgesinfo.fr\/app\/uploads\/sites\/3\/2025\/07\/image.jpg","datePublished":"2025-07-09T11:35:29+00:00","dateModified":"2025-07-09T11:32:14+00:00","breadcrumb":{"@id":"https:\/\/vosgesinfo.fr\/epinalinfo\/2025\/07\/epinal-bouge-lete-jo-et-le-salut-de-kraavs-en-spectacle-au-parc-du-chateau\/#breadcrumb"},"inLanguage":"fr-FR","potentialAction":[{"@type":"ReadAction","target":["https:\/\/vosgesinfo.fr\/epinalinfo\/2025\/07\/epinal-bouge-lete-jo-et-le-salut-de-kraavs-en-spectacle-au-parc-du-chateau\/"]}]},{"@type":"ImageObject","inLanguage":"fr-FR","@id":"https:\/\/vosgesinfo.fr\/epinalinfo\/2025\/07\/epinal-bouge-lete-jo-et-le-salut-de-kraavs-en-spectacle-au-parc-du-chateau\/#primaryimage","url":"https:\/\/vosgesinfo.fr\/app\/uploads\/sites\/3\/2025\/07\/image.jpg","contentUrl":"https:\/\/vosgesinfo.fr\/app\/uploads\/sites\/3\/2025\/07\/image.jpg","width":864,"height":512},{"@type":"BreadcrumbList","@id":"https:\/\/vosgesinfo.fr\/epinalinfo\/2025\/07\/epinal-bouge-lete-jo-et-le-salut-de-kraavs-en-spectacle-au-parc-du-chateau\/#breadcrumb","itemListElement":[{"@type":"ListItem","position":1,"name":"Home","item":"https:\/\/vosgesinfo.fr\/epinalinfo\/"},{"@type":"ListItem","position":2,"name":"\u00c9pinal Bouge l\u2019\u00c9t\u00e9 : Jo et le salut de Kr\u00e2\u00e2vs en spectacle au parc du ch\u00e2teau"}]},{"@type":"WebSite","@id":"https:\/\/vosgesinfo.fr\/epinalinfo\/#website","url":"https:\/\/vosgesinfo.fr\/epinalinfo\/","name":"Epinal Info","description":"Toute l&#039;actualit\u00e9 d&#039;\u00c9pinal","publisher":{"@id":"https:\/\/vosgesinfo.fr\/epinalinfo\/#organization"},"alternateName":"Toute l'actualit\u00e9 d'\u00c9pinal","potentialAction":[{"@type":"SearchAction","target":{"@type":"EntryPoint","urlTemplate":"https:\/\/vosgesinfo.fr\/epinalinfo\/?s={search_term_string}"},"query-input":"required name=search_term_string"}],"inLanguage":"fr-FR"},{"@type":"Organization","@id":"https:\/\/vosgesinfo.fr\/epinalinfo\/#organization","name":"Epinal Info","url":"https:\/\/vosgesinfo.fr\/epinalinfo\/","logo":{"@type":"ImageObject","inLanguage":"fr-FR","@id":"https:\/\/vosgesinfo.fr\/epinalinfo\/#\/schema\/logo\/image\/","url":"https:\/\/vosgesinfo.fr\/app\/uploads\/sites\/3\/2023\/08\/logo-epinalinfos.svg","contentUrl":"https:\/\/vosgesinfo.fr\/app\/uploads\/sites\/3\/2023\/08\/logo-epinalinfos.svg","width":1,"height":1,"caption":"Epinal Info"},"image":{"@id":"https:\/\/vosgesinfo.fr\/epinalinfo\/#\/schema\/logo\/image\/"},"sameAs":["https:\/\/www.facebook.com\/Epinalinfos","https:\/\/x.com\/VosgesInfo88","https:\/\/www.youtube.com\/@vosgesinfo"]},{"@type":"Person","@id":"https:\/\/vosgesinfo.fr\/epinalinfo\/#\/schema\/person\/6f9a650eeea99d969b6c4ab78fccbe81","name":"C.K.","image":{"@type":"ImageObject","inLanguage":"fr-FR","@id":"https:\/\/vosgesinfo.fr\/epinalinfo\/#\/schema\/person\/image\/","url":"https:\/\/secure.gravatar.com\/avatar\/48e3fc7f8421ba8942be6b74a2b7f014ca39bc00dece156b7a8e098ae7dc87bf?s=96&d=mm&r=g","contentUrl":"https:\/\/secure.gravatar.com\/avatar\/48e3fc7f8421ba8942be6b74a2b7f014ca39bc00dece156b7a8e098ae7dc87bf?s=96&d=mm&r=g","caption":"C.K."},"url":"https:\/\/vosgesinfo.fr\/epinalinfo\/author\/celia-k-n\/"}]}},"_links":{"self":[{"href":"https:\/\/vosgesinfo.fr\/epinalinfo\/wp-json\/wp\/v2\/posts\/133692","targetHints":{"allow":["GET"]}}],"collection":[{"href":"https:\/\/vosgesinfo.fr\/epinalinfo\/wp-json\/wp\/v2\/posts"}],"about":[{"href":"https:\/\/vosgesinfo.fr\/epinalinfo\/wp-json\/wp\/v2\/types\/post"}],"author":[{"embeddable":true,"href":"https:\/\/vosgesinfo.fr\/epinalinfo\/wp-json\/wp\/v2\/users\/52"}],"replies":[{"embeddable":true,"href":"https:\/\/vosgesinfo.fr\/epinalinfo\/wp-json\/wp\/v2\/comments?post=133692"}],"version-history":[{"count":1,"href":"https:\/\/vosgesinfo.fr\/epinalinfo\/wp-json\/wp\/v2\/posts\/133692\/revisions"}],"predecessor-version":[{"id":133694,"href":"https:\/\/vosgesinfo.fr\/epinalinfo\/wp-json\/wp\/v2\/posts\/133692\/revisions\/133694"}],"wp:featuredmedia":[{"embeddable":true,"href":"https:\/\/vosgesinfo.fr\/epinalinfo\/wp-json\/wp\/v2\/media\/133693"}],"wp:attachment":[{"href":"https:\/\/vosgesinfo.fr\/epinalinfo\/wp-json\/wp\/v2\/media?parent=133692"}],"wp:term":[{"taxonomy":"category","embeddable":true,"href":"https:\/\/vosgesinfo.fr\/epinalinfo\/wp-json\/wp\/v2\/categories?post=133692"},{"taxonomy":"post_tag","embeddable":true,"href":"https:\/\/vosgesinfo.fr\/epinalinfo\/wp-json\/wp\/v2\/tags?post=133692"}],"curies":[{"name":"wp","href":"https:\/\/api.w.org\/{rel}","templated":true}]}}