{"id":133695,"date":"2025-07-09T13:45:29","date_gmt":"2025-07-09T11:45:29","guid":{"rendered":"https:\/\/vosgesinfo.fr\/epinalinfo\/?p=133695"},"modified":"2025-07-09T13:40:16","modified_gmt":"2025-07-09T11:40:16","slug":"une-nouvelle-licence-immobilier-dans-les-vosges-le-cnam-et-la-cci-unissent-leurs-forces","status":"publish","type":"post","link":"https:\/\/vosgesinfo.fr\/epinalinfo\/2025\/07\/une-nouvelle-licence-immobilier-dans-les-vosges-le-cnam-et-la-cci-unissent-leurs-forces\/","title":{"rendered":"Une nouvelle Licence Immobilier dans les Vosges : le CNAM et la CCI unissent leurs forces"},"content":{"rendered":"<h2 data-start=\"162\" data-end=\"584\"><strong><a href=\"https:\/\/vosgesinfo.fr\/app\/uploads\/sites\/3\/2025\/07\/immobilier2.jpg\"><img decoding=\"async\" class=\"aligncenter size-full wp-image-133697\" src=\"https:\/\/vosgesinfo.fr\/app\/uploads\/sites\/3\/2025\/07\/immobilier2.jpg\" alt=\"\" width=\"960\" height=\"640\" srcset=\"https:\/\/vosgesinfo.fr\/app\/uploads\/sites\/3\/2025\/07\/immobilier2.jpg 960w, https:\/\/vosgesinfo.fr\/app\/uploads\/sites\/3\/2025\/07\/immobilier2-300x200.jpg 300w, https:\/\/vosgesinfo.fr\/app\/uploads\/sites\/3\/2025\/07\/immobilier2-768x512.jpg 768w\" sizes=\"(max-width: 960px) 100vw, 960px\" \/><\/a>Une avanc\u00e9e majeure pour la formation dans le secteur immobilier vosgien : une nouvelle licence g\u00e9n\u00e9rale \u00ab\u00a0parcours immobilier\u00a0\u00bb voit le jour gr\u00e2ce \u00e0 un partenariat entre le CNAM Grand Est et la Chambre de commerce et d\u2019industrie (CCI) des Vosges. La convention officialisant cette collaboration a \u00e9t\u00e9 sign\u00e9e vendredi 13 juin\u00a0\u00e0 \u00c9pinal.<\/strong><\/h2>\n<p data-start=\"586\" data-end=\"1033\">Cette nouvelle fili\u00e8re de formation sup\u00e9rieure vise \u00e0 r\u00e9pondre aux besoins croissants du secteur immobilier local, qui repr\u00e9sente environ 2 000 emplois et une centaine d\u2019agences dans les Vosges. Con\u00e7ue pour accueillir une douzaine d\u2019apprenants, cette licence offrira un socle de comp\u00e9tences solides, directement applicables aux m\u00e9tiers de l&rsquo;immobilier : gestion locative, transaction, syndic de copropri\u00e9t\u00e9 ou encore promotion immobili\u00e8re.<\/p>\n<h3 data-start=\"1035\" data-end=\"1080\">Une suite logique apr\u00e8s le BTS Immobilier<\/h3>\n<p data-start=\"1082\" data-end=\"1476\">Cette licence vient en compl\u00e9ment naturel du BTS Professions Immobili\u00e8res d\u00e9j\u00e0 dispens\u00e9 par la CCI dans ses centres de formation de Sainte-Marguerite et \u00c9pinal. Elle permet ainsi aux \u00e9tudiants locaux de poursuivre leur parcours de formation sans quitter le d\u00e9partement, tout en b\u00e9n\u00e9ficiant de l\u2019expertise reconnue du CNAM dans l\u2019enseignement sup\u00e9rieur pour adultes et en alternance.<\/p>\n<h3 data-start=\"1478\" data-end=\"1516\">Un enjeu \u00e9conomique et territorial<\/h3>\n<p data-start=\"1518\" data-end=\"1938\">Le lancement de cette licence r\u00e9pond \u00e0 une double ambition : renforcer l\u2019attractivit\u00e9 des Vosges en mati\u00e8re de formation et soutenir la professionnalisation des acteurs du secteur immobilier.<\/p>\n<p data-start=\"2180\" data-end=\"2470\">La premi\u00e8re promotion est attendue prochainement, avec un programme structur\u00e9 autour de cours th\u00e9oriques, d\u2019ateliers pratiques et de p\u00e9riodes d\u2019alternance en entreprise. Les candidats vis\u00e9s sont aussi bien des \u00e9tudiants issus du BTS que des professionnels en reconversion.<\/p>\n","protected":false},"excerpt":{"rendered":"<p>Une avanc\u00e9e majeure pour la formation dans le secteur immobilier vosgien : une nouvelle licence g\u00e9n\u00e9rale \u00ab\u00a0parcours immobilier\u00a0\u00bb voit le [&hellip;]<\/p>\n","protected":false},"author":52,"featured_media":133697,"comment_status":"open","ping_status":"open","sticky":false,"template":"","format":"standard","meta":{"footnotes":""},"categories":[22,24,5],"tags":[],"class_list":["post-133695","post","type-post","status-publish","format-standard","has-post-thumbnail","hentry","category-a-la-une","category-epinal","category-vosges"],"acf":[],"yoast_head":"<!-- This site is optimized with the Yoast SEO plugin v22.5 - https:\/\/yoast.com\/wordpress\/plugins\/seo\/ -->\n<title>Une nouvelle Licence Immobilier dans les Vosges : le CNAM et la CCI unissent leurs forces - Epinal Info<\/title>\n<meta name=\"robots\" content=\"index, follow, max-snippet:-1, max-image-preview:large, max-video-preview:-1\" \/>\n<link rel=\"canonical\" href=\"https:\/\/vosgesinfo.fr\/epinalinfo\/2025\/07\/une-nouvelle-licence-immobilier-dans-les-vosges-le-cnam-et-la-cci-unissent-leurs-forces\/\" \/>\n<meta name=\"twitter:card\" content=\"summary_large_image\" \/>\n<meta name=\"twitter:title\" content=\"Une nouvelle Licence Immobilier dans les Vosges : le CNAM et la CCI unissent leurs forces - Epinal Info\" \/>\n<meta name=\"twitter:description\" content=\"Une avanc\u00e9e majeure pour la formation dans le secteur immobilier vosgien : une nouvelle licence g\u00e9n\u00e9rale \u00ab\u00a0parcours immobilier\u00a0\u00bb voit le [&hellip;]\" \/>\n<meta name=\"twitter:image\" content=\"https:\/\/vosgesinfo.fr\/app\/uploads\/sites\/3\/2025\/07\/immobilier2.jpg\" \/>\n<meta name=\"twitter:creator\" content=\"@VosgesInfo88\" \/>\n<meta name=\"twitter:site\" content=\"@VosgesInfo88\" \/>\n<meta name=\"twitter:label1\" content=\"\u00c9crit par\" \/>\n\t<meta name=\"twitter:data1\" content=\"C.K.\" \/>\n\t<meta name=\"twitter:label2\" content=\"Dur\u00e9e de lecture estim\u00e9e\" \/>\n\t<meta name=\"twitter:data2\" content=\"1 minute\" \/>\n<script type=\"application\/ld+json\" class=\"yoast-schema-graph\">{\"@context\":\"https:\/\/schema.org\",\"@graph\":[{\"@type\":\"Article\",\"@id\":\"https:\/\/vosgesinfo.fr\/epinalinfo\/2025\/07\/une-nouvelle-licence-immobilier-dans-les-vosges-le-cnam-et-la-cci-unissent-leurs-forces\/#article\",\"isPartOf\":{\"@id\":\"https:\/\/vosgesinfo.fr\/epinalinfo\/2025\/07\/une-nouvelle-licence-immobilier-dans-les-vosges-le-cnam-et-la-cci-unissent-leurs-forces\/\"},\"author\":{\"name\":\"C.K.\",\"@id\":\"https:\/\/vosgesinfo.fr\/epinalinfo\/#\/schema\/person\/6f9a650eeea99d969b6c4ab78fccbe81\"},\"headline\":\"Une nouvelle Licence Immobilier dans les Vosges : le CNAM et la CCI unissent leurs forces\",\"datePublished\":\"2025-07-09T11:45:29+00:00\",\"dateModified\":\"2025-07-09T11:40:16+00:00\",\"mainEntityOfPage\":{\"@id\":\"https:\/\/vosgesinfo.fr\/epinalinfo\/2025\/07\/une-nouvelle-licence-immobilier-dans-les-vosges-le-cnam-et-la-cci-unissent-leurs-forces\/\"},\"wordCount\":289,\"commentCount\":0,\"publisher\":{\"@id\":\"https:\/\/vosgesinfo.fr\/epinalinfo\/#organization\"},\"image\":{\"@id\":\"https:\/\/vosgesinfo.fr\/epinalinfo\/2025\/07\/une-nouvelle-licence-immobilier-dans-les-vosges-le-cnam-et-la-cci-unissent-leurs-forces\/#primaryimage\"},\"thumbnailUrl\":\"https:\/\/vosgesinfo.fr\/app\/uploads\/sites\/3\/2025\/07\/immobilier2.jpg\",\"articleSection\":[\"A la Une\",\"Epinal\",\"Vosges\"],\"inLanguage\":\"fr-FR\",\"potentialAction\":[{\"@type\":\"CommentAction\",\"name\":\"Comment\",\"target\":[\"https:\/\/vosgesinfo.fr\/epinalinfo\/2025\/07\/une-nouvelle-licence-immobilier-dans-les-vosges-le-cnam-et-la-cci-unissent-leurs-forces\/#respond\"]}]},{\"@type\":\"WebPage\",\"@id\":\"https:\/\/vosgesinfo.fr\/epinalinfo\/2025\/07\/une-nouvelle-licence-immobilier-dans-les-vosges-le-cnam-et-la-cci-unissent-leurs-forces\/\",\"url\":\"https:\/\/vosgesinfo.fr\/epinalinfo\/2025\/07\/une-nouvelle-licence-immobilier-dans-les-vosges-le-cnam-et-la-cci-unissent-leurs-forces\/\",\"name\":\"Une nouvelle Licence Immobilier dans les Vosges : le CNAM et la CCI unissent leurs forces - Epinal Info\",\"isPartOf\":{\"@id\":\"https:\/\/vosgesinfo.fr\/epinalinfo\/#website\"},\"primaryImageOfPage\":{\"@id\":\"https:\/\/vosgesinfo.fr\/epinalinfo\/2025\/07\/une-nouvelle-licence-immobilier-dans-les-vosges-le-cnam-et-la-cci-unissent-leurs-forces\/#primaryimage\"},\"image\":{\"@id\":\"https:\/\/vosgesinfo.fr\/epinalinfo\/2025\/07\/une-nouvelle-licence-immobilier-dans-les-vosges-le-cnam-et-la-cci-unissent-leurs-forces\/#primaryimage\"},\"thumbnailUrl\":\"https:\/\/vosgesinfo.fr\/app\/uploads\/sites\/3\/2025\/07\/immobilier2.jpg\",\"datePublished\":\"2025-07-09T11:45:29+00:00\",\"dateModified\":\"2025-07-09T11:40:16+00:00\",\"breadcrumb\":{\"@id\":\"https:\/\/vosgesinfo.fr\/epinalinfo\/2025\/07\/une-nouvelle-licence-immobilier-dans-les-vosges-le-cnam-et-la-cci-unissent-leurs-forces\/#breadcrumb\"},\"inLanguage\":\"fr-FR\",\"potentialAction\":[{\"@type\":\"ReadAction\",\"target\":[\"https:\/\/vosgesinfo.fr\/epinalinfo\/2025\/07\/une-nouvelle-licence-immobilier-dans-les-vosges-le-cnam-et-la-cci-unissent-leurs-forces\/\"]}]},{\"@type\":\"ImageObject\",\"inLanguage\":\"fr-FR\",\"@id\":\"https:\/\/vosgesinfo.fr\/epinalinfo\/2025\/07\/une-nouvelle-licence-immobilier-dans-les-vosges-le-cnam-et-la-cci-unissent-leurs-forces\/#primaryimage\",\"url\":\"https:\/\/vosgesinfo.fr\/app\/uploads\/sites\/3\/2025\/07\/immobilier2.jpg\",\"contentUrl\":\"https:\/\/vosgesinfo.fr\/app\/uploads\/sites\/3\/2025\/07\/immobilier2.jpg\",\"width\":960,\"height\":640},{\"@type\":\"BreadcrumbList\",\"@id\":\"https:\/\/vosgesinfo.fr\/epinalinfo\/2025\/07\/une-nouvelle-licence-immobilier-dans-les-vosges-le-cnam-et-la-cci-unissent-leurs-forces\/#breadcrumb\",\"itemListElement\":[{\"@type\":\"ListItem\",\"position\":1,\"name\":\"Home\",\"item\":\"https:\/\/vosgesinfo.fr\/epinalinfo\/\"},{\"@type\":\"ListItem\",\"position\":2,\"name\":\"Une nouvelle Licence Immobilier dans les Vosges : le CNAM et la CCI unissent leurs forces\"}]},{\"@type\":\"WebSite\",\"@id\":\"https:\/\/vosgesinfo.fr\/epinalinfo\/#website\",\"url\":\"https:\/\/vosgesinfo.fr\/epinalinfo\/\",\"name\":\"Epinal Info\",\"description\":\"Toute l&#039;actualit\u00e9 d&#039;\u00c9pinal\",\"publisher\":{\"@id\":\"https:\/\/vosgesinfo.fr\/epinalinfo\/#organization\"},\"alternateName\":\"Toute l'actualit\u00e9 d'\u00c9pinal\",\"potentialAction\":[{\"@type\":\"SearchAction\",\"target\":{\"@type\":\"EntryPoint\",\"urlTemplate\":\"https:\/\/vosgesinfo.fr\/epinalinfo\/?s={search_term_string}\"},\"query-input\":\"required name=search_term_string\"}],\"inLanguage\":\"fr-FR\"},{\"@type\":\"Organization\",\"@id\":\"https:\/\/vosgesinfo.fr\/epinalinfo\/#organization\",\"name\":\"Epinal Info\",\"url\":\"https:\/\/vosgesinfo.fr\/epinalinfo\/\",\"logo\":{\"@type\":\"ImageObject\",\"inLanguage\":\"fr-FR\",\"@id\":\"https:\/\/vosgesinfo.fr\/epinalinfo\/#\/schema\/logo\/image\/\",\"url\":\"https:\/\/vosgesinfo.fr\/app\/uploads\/sites\/3\/2023\/08\/logo-epinalinfos.svg\",\"contentUrl\":\"https:\/\/vosgesinfo.fr\/app\/uploads\/sites\/3\/2023\/08\/logo-epinalinfos.svg\",\"width\":1,\"height\":1,\"caption\":\"Epinal Info\"},\"image\":{\"@id\":\"https:\/\/vosgesinfo.fr\/epinalinfo\/#\/schema\/logo\/image\/\"},\"sameAs\":[\"https:\/\/www.facebook.com\/Epinalinfos\",\"https:\/\/x.com\/VosgesInfo88\",\"https:\/\/www.youtube.com\/@vosgesinfo\"]},{\"@type\":\"Person\",\"@id\":\"https:\/\/vosgesinfo.fr\/epinalinfo\/#\/schema\/person\/6f9a650eeea99d969b6c4ab78fccbe81\",\"name\":\"C.K.\",\"image\":{\"@type\":\"ImageObject\",\"inLanguage\":\"fr-FR\",\"@id\":\"https:\/\/vosgesinfo.fr\/epinalinfo\/#\/schema\/person\/image\/\",\"url\":\"https:\/\/secure.gravatar.com\/avatar\/48e3fc7f8421ba8942be6b74a2b7f014ca39bc00dece156b7a8e098ae7dc87bf?s=96&d=mm&r=g\",\"contentUrl\":\"https:\/\/secure.gravatar.com\/avatar\/48e3fc7f8421ba8942be6b74a2b7f014ca39bc00dece156b7a8e098ae7dc87bf?s=96&d=mm&r=g\",\"caption\":\"C.K.\"},\"url\":\"https:\/\/vosgesinfo.fr\/epinalinfo\/author\/celia-k-n\/\"}]}<\/script>\n<!-- \/ Yoast SEO plugin. -->","yoast_head_json":{"title":"Une nouvelle Licence Immobilier dans les Vosges : le CNAM et la CCI unissent leurs forces - Epinal Info","robots":{"index":"index","follow":"follow","max-snippet":"max-snippet:-1","max-image-preview":"max-image-preview:large","max-video-preview":"max-video-preview:-1"},"canonical":"https:\/\/vosgesinfo.fr\/epinalinfo\/2025\/07\/une-nouvelle-licence-immobilier-dans-les-vosges-le-cnam-et-la-cci-unissent-leurs-forces\/","twitter_card":"summary_large_image","twitter_title":"Une nouvelle Licence Immobilier dans les Vosges : le CNAM et la CCI unissent leurs forces - Epinal Info","twitter_description":"Une avanc\u00e9e majeure pour la formation dans le secteur immobilier vosgien : une nouvelle licence g\u00e9n\u00e9rale \u00ab\u00a0parcours immobilier\u00a0\u00bb voit le [&hellip;]","twitter_image":"https:\/\/vosgesinfo.fr\/app\/uploads\/sites\/3\/2025\/07\/immobilier2.jpg","twitter_creator":"@VosgesInfo88","twitter_site":"@VosgesInfo88","twitter_misc":{"\u00c9crit par":"C.K.","Dur\u00e9e de lecture estim\u00e9e":"1 minute"},"schema":{"@context":"https:\/\/schema.org","@graph":[{"@type":"Article","@id":"https:\/\/vosgesinfo.fr\/epinalinfo\/2025\/07\/une-nouvelle-licence-immobilier-dans-les-vosges-le-cnam-et-la-cci-unissent-leurs-forces\/#article","isPartOf":{"@id":"https:\/\/vosgesinfo.fr\/epinalinfo\/2025\/07\/une-nouvelle-licence-immobilier-dans-les-vosges-le-cnam-et-la-cci-unissent-leurs-forces\/"},"author":{"name":"C.K.","@id":"https:\/\/vosgesinfo.fr\/epinalinfo\/#\/schema\/person\/6f9a650eeea99d969b6c4ab78fccbe81"},"headline":"Une nouvelle Licence Immobilier dans les Vosges : le CNAM et la CCI unissent leurs forces","datePublished":"2025-07-09T11:45:29+00:00","dateModified":"2025-07-09T11:40:16+00:00","mainEntityOfPage":{"@id":"https:\/\/vosgesinfo.fr\/epinalinfo\/2025\/07\/une-nouvelle-licence-immobilier-dans-les-vosges-le-cnam-et-la-cci-unissent-leurs-forces\/"},"wordCount":289,"commentCount":0,"publisher":{"@id":"https:\/\/vosgesinfo.fr\/epinalinfo\/#organization"},"image":{"@id":"https:\/\/vosgesinfo.fr\/epinalinfo\/2025\/07\/une-nouvelle-licence-immobilier-dans-les-vosges-le-cnam-et-la-cci-unissent-leurs-forces\/#primaryimage"},"thumbnailUrl":"https:\/\/vosgesinfo.fr\/app\/uploads\/sites\/3\/2025\/07\/immobilier2.jpg","articleSection":["A la Une","Epinal","Vosges"],"inLanguage":"fr-FR","potentialAction":[{"@type":"CommentAction","name":"Comment","target":["https:\/\/vosgesinfo.fr\/epinalinfo\/2025\/07\/une-nouvelle-licence-immobilier-dans-les-vosges-le-cnam-et-la-cci-unissent-leurs-forces\/#respond"]}]},{"@type":"WebPage","@id":"https:\/\/vosgesinfo.fr\/epinalinfo\/2025\/07\/une-nouvelle-licence-immobilier-dans-les-vosges-le-cnam-et-la-cci-unissent-leurs-forces\/","url":"https:\/\/vosgesinfo.fr\/epinalinfo\/2025\/07\/une-nouvelle-licence-immobilier-dans-les-vosges-le-cnam-et-la-cci-unissent-leurs-forces\/","name":"Une nouvelle Licence Immobilier dans les Vosges : le CNAM et la CCI unissent leurs forces - Epinal Info","isPartOf":{"@id":"https:\/\/vosgesinfo.fr\/epinalinfo\/#website"},"primaryImageOfPage":{"@id":"https:\/\/vosgesinfo.fr\/epinalinfo\/2025\/07\/une-nouvelle-licence-immobilier-dans-les-vosges-le-cnam-et-la-cci-unissent-leurs-forces\/#primaryimage"},"image":{"@id":"https:\/\/vosgesinfo.fr\/epinalinfo\/2025\/07\/une-nouvelle-licence-immobilier-dans-les-vosges-le-cnam-et-la-cci-unissent-leurs-forces\/#primaryimage"},"thumbnailUrl":"https:\/\/vosgesinfo.fr\/app\/uploads\/sites\/3\/2025\/07\/immobilier2.jpg","datePublished":"2025-07-09T11:45:29+00:00","dateModified":"2025-07-09T11:40:16+00:00","breadcrumb":{"@id":"https:\/\/vosgesinfo.fr\/epinalinfo\/2025\/07\/une-nouvelle-licence-immobilier-dans-les-vosges-le-cnam-et-la-cci-unissent-leurs-forces\/#breadcrumb"},"inLanguage":"fr-FR","potentialAction":[{"@type":"ReadAction","target":["https:\/\/vosgesinfo.fr\/epinalinfo\/2025\/07\/une-nouvelle-licence-immobilier-dans-les-vosges-le-cnam-et-la-cci-unissent-leurs-forces\/"]}]},{"@type":"ImageObject","inLanguage":"fr-FR","@id":"https:\/\/vosgesinfo.fr\/epinalinfo\/2025\/07\/une-nouvelle-licence-immobilier-dans-les-vosges-le-cnam-et-la-cci-unissent-leurs-forces\/#primaryimage","url":"https:\/\/vosgesinfo.fr\/app\/uploads\/sites\/3\/2025\/07\/immobilier2.jpg","contentUrl":"https:\/\/vosgesinfo.fr\/app\/uploads\/sites\/3\/2025\/07\/immobilier2.jpg","width":960,"height":640},{"@type":"BreadcrumbList","@id":"https:\/\/vosgesinfo.fr\/epinalinfo\/2025\/07\/une-nouvelle-licence-immobilier-dans-les-vosges-le-cnam-et-la-cci-unissent-leurs-forces\/#breadcrumb","itemListElement":[{"@type":"ListItem","position":1,"name":"Home","item":"https:\/\/vosgesinfo.fr\/epinalinfo\/"},{"@type":"ListItem","position":2,"name":"Une nouvelle Licence Immobilier dans les Vosges : le CNAM et la CCI unissent leurs forces"}]},{"@type":"WebSite","@id":"https:\/\/vosgesinfo.fr\/epinalinfo\/#website","url":"https:\/\/vosgesinfo.fr\/epinalinfo\/","name":"Epinal Info","description":"Toute l&#039;actualit\u00e9 d&#039;\u00c9pinal","publisher":{"@id":"https:\/\/vosgesinfo.fr\/epinalinfo\/#organization"},"alternateName":"Toute l'actualit\u00e9 d'\u00c9pinal","potentialAction":[{"@type":"SearchAction","target":{"@type":"EntryPoint","urlTemplate":"https:\/\/vosgesinfo.fr\/epinalinfo\/?s={search_term_string}"},"query-input":"required name=search_term_string"}],"inLanguage":"fr-FR"},{"@type":"Organization","@id":"https:\/\/vosgesinfo.fr\/epinalinfo\/#organization","name":"Epinal Info","url":"https:\/\/vosgesinfo.fr\/epinalinfo\/","logo":{"@type":"ImageObject","inLanguage":"fr-FR","@id":"https:\/\/vosgesinfo.fr\/epinalinfo\/#\/schema\/logo\/image\/","url":"https:\/\/vosgesinfo.fr\/app\/uploads\/sites\/3\/2023\/08\/logo-epinalinfos.svg","contentUrl":"https:\/\/vosgesinfo.fr\/app\/uploads\/sites\/3\/2023\/08\/logo-epinalinfos.svg","width":1,"height":1,"caption":"Epinal Info"},"image":{"@id":"https:\/\/vosgesinfo.fr\/epinalinfo\/#\/schema\/logo\/image\/"},"sameAs":["https:\/\/www.facebook.com\/Epinalinfos","https:\/\/x.com\/VosgesInfo88","https:\/\/www.youtube.com\/@vosgesinfo"]},{"@type":"Person","@id":"https:\/\/vosgesinfo.fr\/epinalinfo\/#\/schema\/person\/6f9a650eeea99d969b6c4ab78fccbe81","name":"C.K.","image":{"@type":"ImageObject","inLanguage":"fr-FR","@id":"https:\/\/vosgesinfo.fr\/epinalinfo\/#\/schema\/person\/image\/","url":"https:\/\/secure.gravatar.com\/avatar\/48e3fc7f8421ba8942be6b74a2b7f014ca39bc00dece156b7a8e098ae7dc87bf?s=96&d=mm&r=g","contentUrl":"https:\/\/secure.gravatar.com\/avatar\/48e3fc7f8421ba8942be6b74a2b7f014ca39bc00dece156b7a8e098ae7dc87bf?s=96&d=mm&r=g","caption":"C.K."},"url":"https:\/\/vosgesinfo.fr\/epinalinfo\/author\/celia-k-n\/"}]}},"_links":{"self":[{"href":"https:\/\/vosgesinfo.fr\/epinalinfo\/wp-json\/wp\/v2\/posts\/133695","targetHints":{"allow":["GET"]}}],"collection":[{"href":"https:\/\/vosgesinfo.fr\/epinalinfo\/wp-json\/wp\/v2\/posts"}],"about":[{"href":"https:\/\/vosgesinfo.fr\/epinalinfo\/wp-json\/wp\/v2\/types\/post"}],"author":[{"embeddable":true,"href":"https:\/\/vosgesinfo.fr\/epinalinfo\/wp-json\/wp\/v2\/users\/52"}],"replies":[{"embeddable":true,"href":"https:\/\/vosgesinfo.fr\/epinalinfo\/wp-json\/wp\/v2\/comments?post=133695"}],"version-history":[{"count":1,"href":"https:\/\/vosgesinfo.fr\/epinalinfo\/wp-json\/wp\/v2\/posts\/133695\/revisions"}],"predecessor-version":[{"id":133698,"href":"https:\/\/vosgesinfo.fr\/epinalinfo\/wp-json\/wp\/v2\/posts\/133695\/revisions\/133698"}],"wp:featuredmedia":[{"embeddable":true,"href":"https:\/\/vosgesinfo.fr\/epinalinfo\/wp-json\/wp\/v2\/media\/133697"}],"wp:attachment":[{"href":"https:\/\/vosgesinfo.fr\/epinalinfo\/wp-json\/wp\/v2\/media?parent=133695"}],"wp:term":[{"taxonomy":"category","embeddable":true,"href":"https:\/\/vosgesinfo.fr\/epinalinfo\/wp-json\/wp\/v2\/categories?post=133695"},{"taxonomy":"post_tag","embeddable":true,"href":"https:\/\/vosgesinfo.fr\/epinalinfo\/wp-json\/wp\/v2\/tags?post=133695"}],"curies":[{"name":"wp","href":"https:\/\/api.w.org\/{rel}","templated":true}]}}