{"id":133699,"date":"2025-07-09T13:45:30","date_gmt":"2025-07-09T11:45:30","guid":{"rendered":"https:\/\/vosgesinfo.fr\/epinalinfo\/?p=133699"},"modified":"2025-07-09T13:43:39","modified_gmt":"2025-07-09T11:43:39","slug":"la-compagnie-des-jolies-momes-vous-mijote-un-cour-bouillon-theatral-a-savourer-tout-lete","status":"publish","type":"post","link":"https:\/\/vosgesinfo.fr\/epinalinfo\/2025\/07\/la-compagnie-des-jolies-momes-vous-mijote-un-cour-bouillon-theatral-a-savourer-tout-lete\/","title":{"rendered":"La Compagnie des Joli(e)s M\u00f4mes vous mijote un \u00ab\u202fCour Bouillon\u202f\u00bb th\u00e9\u00e2tral \u00e0 savourer tout l\u2019\u00e9t\u00e9 !"},"content":{"rendered":"<div id=\"attachment_133700\" style=\"width: 1930px\" class=\"wp-caption aligncenter\"><a href=\"https:\/\/vosgesinfo.fr\/app\/uploads\/sites\/3\/2025\/07\/thumbnail-jolies-momes-moimoimoi-credit-photo-le-boitier-magique-3.jpg\"><img decoding=\"async\" aria-describedby=\"caption-attachment-133700\" class=\"size-full wp-image-133700\" src=\"https:\/\/vosgesinfo.fr\/app\/uploads\/sites\/3\/2025\/07\/thumbnail-jolies-momes-moimoimoi-credit-photo-le-boitier-magique-3.jpg\" alt=\"\" width=\"1920\" height=\"1280\" srcset=\"https:\/\/vosgesinfo.fr\/app\/uploads\/sites\/3\/2025\/07\/thumbnail-jolies-momes-moimoimoi-credit-photo-le-boitier-magique-3.jpg 1920w, https:\/\/vosgesinfo.fr\/app\/uploads\/sites\/3\/2025\/07\/thumbnail-jolies-momes-moimoimoi-credit-photo-le-boitier-magique-3-300x200.jpg 300w, https:\/\/vosgesinfo.fr\/app\/uploads\/sites\/3\/2025\/07\/thumbnail-jolies-momes-moimoimoi-credit-photo-le-boitier-magique-3-1024x683.jpg 1024w, https:\/\/vosgesinfo.fr\/app\/uploads\/sites\/3\/2025\/07\/thumbnail-jolies-momes-moimoimoi-credit-photo-le-boitier-magique-3-768x512.jpg 768w, https:\/\/vosgesinfo.fr\/app\/uploads\/sites\/3\/2025\/07\/thumbnail-jolies-momes-moimoimoi-credit-photo-le-boitier-magique-3-1536x1024.jpg 1536w\" sizes=\"(max-width: 1920px) 100vw, 1920px\" \/><\/a><p id=\"caption-attachment-133700\" class=\"wp-caption-text\">jolies-momes-moimoimoi-credit-photo-le-boitier-magique<\/p><\/div>\n<h2 data-start=\"230\" data-end=\"467\">Les carottes sont cuites ! La Compagnie des Joli(e)s M\u00f4mes reprend la route cet \u00e9t\u00e9 avec un tout nouveau spectacle intitul\u00e9 \u00ab\u202fCour Bouillon\u202f\u00bb, une cr\u00e9ation haute en couleur, mijot\u00e9e avec humour, tendresse et un brin d\u2019insolence.<\/h2>\n<h3 data-start=\"469\" data-end=\"528\">Un spectacle pour petits et grands gourmands de th\u00e9\u00e2tre<\/h3>\n<p data-start=\"530\" data-end=\"773\">\u00c0 voir <strong data-start=\"537\" data-end=\"555\">de 7 \u00e0 107 ans<\/strong>, ce spectacle <strong data-start=\"570\" data-end=\"586\">en plein air<\/strong> est une invitation \u00e0 rire, r\u00eaver et partager. L\u2019entr\u00e9e est <strong data-start=\"646\" data-end=\"655\">libre<\/strong>, pour que chacun puisse venir sans souci. Un <strong data-start=\"701\" data-end=\"712\">chapeau<\/strong> passera \u00e0 la fin : \u00e0 vous de d\u00e9cider ce que vaut le voyage !<\/p>\n<p data-start=\"775\" data-end=\"814\">La recette est simple et savoureuse :<\/p>\n<ul data-start=\"815\" data-end=\"1026\">\n<li data-start=\"815\" data-end=\"874\">\n<p data-start=\"817\" data-end=\"874\">Une place de village, des bancs, une douce soir\u00e9e d\u2019\u00e9t\u00e9<\/p>\n<\/li>\n<li data-start=\"875\" data-end=\"938\">\n<p data-start=\"877\" data-end=\"938\">Une ambiance <strong data-start=\"890\" data-end=\"905\">chaleureuse<\/strong>, <strong data-start=\"907\" data-end=\"921\">conviviale<\/strong>, <strong data-start=\"923\" data-end=\"936\">familiale<\/strong><\/p>\n<\/li>\n<li data-start=\"939\" data-end=\"1026\">\n<p data-start=\"941\" data-end=\"1026\">Et surtout\u2026 <strong data-start=\"953\" data-end=\"1026\">une joyeuse bande de com\u00e9dien\u00b7ne\u00b7s qui d\u00e9bordent d\u2019\u00e9nergie et d\u2019id\u00e9es<\/strong><\/p>\n<\/li>\n<\/ul>\n<h3 data-start=\"1028\" data-end=\"1044\">L\u2019histoire ?<\/h3>\n<p data-start=\"1046\" data-end=\"1376\"><strong data-start=\"1046\" data-end=\"1062\">Trois reines<\/strong> un peu perch\u00e9es, <strong data-start=\"1080\" data-end=\"1098\">trois royaumes<\/strong> plus loufoques les uns que les autres. Un <strong data-start=\"1141\" data-end=\"1158\">ennemi f\u00e9roce<\/strong>, mais pas si fort qu\u2019il n\u2019y para\u00eet. Une <strong data-start=\"1199\" data-end=\"1218\">\u00e9pop\u00e9e d\u00e9jant\u00e9e<\/strong> entre guerres de pouvoir et \u00e9lans du c\u0153ur. Le tout assaisonn\u00e9 de <strong data-start=\"1284\" data-end=\"1310\">combats spectaculaires<\/strong>, de <strong data-start=\"1315\" data-end=\"1340\">b\u00eatises r\u00e9jouissantes<\/strong> et de <strong data-start=\"1347\" data-end=\"1375\">rebondissements cocasses<\/strong>.<\/p>\n<p data-start=\"1378\" data-end=\"1603\">Pas besoin d\u2019aimer le th\u00e9\u00e2tre classique pour en profiter : <strong data-start=\"1437\" data-end=\"1459\">les Joli(e)s M\u00f4mes<\/strong>, c\u2019est du th\u00e9\u00e2tre populaire <strong data-start=\"1488\" data-end=\"1502\">accessible<\/strong>, <strong data-start=\"1504\" data-end=\"1515\">cr\u00e9atif<\/strong> et <strong data-start=\"1519\" data-end=\"1529\">vivant<\/strong>. Depuis plus de 20 ans, ils enchantent les rues, les places et les c\u0153urs.<\/p>\n<h3 data-start=\"1605\" data-end=\"1627\">Une \u00e9quipe de choc<\/h3>\n<p data-start=\"1629\" data-end=\"2014\">\u00c0 la mise en sc\u00e8ne, <strong data-start=\"1649\" data-end=\"1665\">Marc Allieri<\/strong>, fid\u00e8le complice de la troupe.<br data-start=\"1696\" data-end=\"1699\" \/>Texte sign\u00e9 <strong data-start=\"1711\" data-end=\"1727\">Louise Fetet<\/strong>, qui monte \u00e9galement sur sc\u00e8ne aux c\u00f4t\u00e9s de <strong data-start=\"1772\" data-end=\"1795\">Charl\u00e8ne Grunenwald<\/strong> et <strong data-start=\"1799\" data-end=\"1819\">Maurane Boaretto<\/strong>.<br data-start=\"1820\" data-end=\"1823\" \/>La sc\u00e9nographie est assur\u00e9e par <strong data-start=\"1855\" data-end=\"1874\">Gu\u00e9rin Philippe<\/strong>.<br data-start=\"1875\" data-end=\"1878\" \/>Et cette ann\u00e9e, la compagnie accueille trois jeunes pousses en apprentissage : <strong data-start=\"1957\" data-end=\"1974\">Damien Mougel<\/strong>, <strong data-start=\"1976\" data-end=\"1993\">Cl\u00e9ment Perez<\/strong> et <strong data-start=\"1997\" data-end=\"2013\">Ma\u00eblle Girot<\/strong>.<\/p>\n<h3 data-start=\"2016\" data-end=\"2051\">La tourn\u00e9e de \u00ab\u202fCour Bouillon\u202f\u00bb<\/h3>\n<p data-start=\"2053\" data-end=\"2069\">\ud83d\udccd <strong data-start=\"2056\" data-end=\"2067\">JUILLET<\/strong><\/p>\n<ul data-start=\"2070\" data-end=\"2259\">\n<li data-start=\"2070\" data-end=\"2097\">\n<p data-start=\"2072\" data-end=\"2097\">14\/07 \u2013 Longchamp \u2013 20h<\/p>\n<\/li>\n<li data-start=\"2098\" data-end=\"2122\">\n<p data-start=\"2100\" data-end=\"2122\">15\/07 \u2013 Vincey \u2013 20h<\/p>\n<\/li>\n<li data-start=\"2123\" data-end=\"2147\">\n<p data-start=\"2125\" data-end=\"2147\">16\/07 \u2013 \u00c9pinal \u2013 20h<\/p>\n<\/li>\n<li data-start=\"2148\" data-end=\"2174\">\n<p data-start=\"2150\" data-end=\"2174\">17\/07 \u2013 \u00c9pinal \u2013 20h30<\/p>\n<\/li>\n<li data-start=\"2175\" data-end=\"2206\">\n<p data-start=\"2177\" data-end=\"2206\">18\/07 \u2013 Baudricourt \u2013 20h30<\/p>\n<\/li>\n<li data-start=\"2207\" data-end=\"2234\">\n<p data-start=\"2209\" data-end=\"2234\">19\/07 \u2013 Bayecourt \u2013 19h<\/p>\n<\/li>\n<li data-start=\"2235\" data-end=\"2259\">\n<p data-start=\"2237\" data-end=\"2259\">20\/07 \u2013 Xertigny \u2013 20h<\/p>\n<\/li>\n<\/ul>\n<p data-start=\"2261\" data-end=\"2274\">\ud83d\udccd <strong data-start=\"2264\" data-end=\"2272\">AO\u00dbT<\/strong><\/p>\n<ul data-start=\"2275\" data-end=\"2582\">\n<li data-start=\"2275\" data-end=\"2314\">\n<p data-start=\"2277\" data-end=\"2314\">22\/08 \u2013 Hadigny-les-Verri\u00e8res \u2013 20h<\/p>\n<\/li>\n<li data-start=\"2315\" data-end=\"2347\">\n<p data-start=\"2317\" data-end=\"2347\">23\/08 \u2013 Grandvillers \u2013 20h30<\/p>\n<\/li>\n<li data-start=\"2348\" data-end=\"2381\">\n<p data-start=\"2350\" data-end=\"2381\">24\/08 \u2013 Contrex\u00e9ville \u2013 15h30<\/p>\n<\/li>\n<li data-start=\"2382\" data-end=\"2415\">\n<p data-start=\"2384\" data-end=\"2415\">26\/08 \u2013 Rambervillers \u2013 20h30<\/p>\n<\/li>\n<li data-start=\"2416\" data-end=\"2442\">\n<p data-start=\"2418\" data-end=\"2442\">27\/08 \u2013 \u00c9pinal \u2013 18h30<\/p>\n<\/li>\n<li data-start=\"2443\" data-end=\"2479\">\n<p data-start=\"2445\" data-end=\"2479\">28\/08 \u2013 Dom\u00e8vre-sur-Avi\u00e8re \u2013 20h<\/p>\n<\/li>\n<li data-start=\"2480\" data-end=\"2504\">\n<p data-start=\"2482\" data-end=\"2504\">29\/08 \u2013 Arches \u2013 20h<\/p>\n<\/li>\n<li data-start=\"2505\" data-end=\"2531\">\n<p data-start=\"2507\" data-end=\"2531\">30\/08 \u2013 Eloyes \u2013 18h30<\/p>\n<\/li>\n<li data-start=\"2532\" data-end=\"2559\">\n<p data-start=\"2534\" data-end=\"2559\">31\/08 \u2013 Mirecourt \u2013 18h<\/p>\n<\/li>\n<li data-start=\"2560\" data-end=\"2582\">\n<p data-start=\"2562\" data-end=\"2582\">07\/09 \u2013 Jeuxey \u2013 16h<\/p>\n<\/li>\n<\/ul>\n<p data-start=\"2584\" data-end=\"2685\"><strong data-start=\"2584\" data-end=\"2624\">Repli en salle pr\u00e9vu en cas de pluie<\/strong> \u2013 alors pas d\u2019excuse, la magie aura lieu quoi qu\u2019il arrive !<\/p>\n<h3 data-start=\"2687\" data-end=\"2714\">Et ce n\u2019est pas tout&#8230;<\/h3>\n<p data-start=\"2716\" data-end=\"2775\">La Compagnie sera aussi pr\u00e9sente avec d&rsquo;autres spectacles :<\/p>\n<ul data-start=\"2776\" data-end=\"2999\">\n<li data-start=\"2776\" data-end=\"2827\">\n<p data-start=\"2778\" data-end=\"2827\"><strong data-start=\"2778\" data-end=\"2801\">22 juillet \u00e0 Golbey<\/strong> : <em data-start=\"2804\" data-end=\"2819\">Cabaret Impro<\/em> \u2013 20h<\/p>\n<\/li>\n<li data-start=\"2828\" data-end=\"2908\">\n<p data-start=\"2830\" data-end=\"2908\"><strong data-start=\"2830\" data-end=\"2855\">1er ao\u00fbt \u00e0 Chenim\u00e9nil<\/strong> : <em data-start=\"2858\" data-end=\"2898\">Le Conte Chaud et Doux des Chaudoudoux<\/em> \u2013 18h30<\/p>\n<\/li>\n<li data-start=\"2909\" data-end=\"2999\">\n<p data-start=\"2911\" data-end=\"2999\"><strong data-start=\"2911\" data-end=\"2934\">15 ao\u00fbt \u00e0 Cornimont<\/strong> : <em data-start=\"2937\" data-end=\"2977\">Le Conte Chaud et Doux des Chaudoudoux<\/em> \u2013 horaire \u00e0 confirmer<\/p>\n<\/li>\n<\/ul>\n<hr data-start=\"3001\" data-end=\"3004\" \/>\n<p data-start=\"3006\" data-end=\"3131\">\ud83c\udfad <strong data-start=\"3009\" data-end=\"3131\">Cet \u00e9t\u00e9, laissez-vous surprendre par les Joli(e)s M\u00f4mes. Prenez place, ouvrez grand les yeux : le spectacle commence !<\/strong><\/p>\n","protected":false},"excerpt":{"rendered":"<p>Les carottes sont cuites ! La Compagnie des Joli(e)s M\u00f4mes reprend la route cet \u00e9t\u00e9 avec un tout nouveau spectacle [&hellip;]<\/p>\n","protected":false},"author":52,"featured_media":133700,"comment_status":"open","ping_status":"open","sticky":false,"template":"","format":"standard","meta":{"footnotes":""},"categories":[22,24],"tags":[],"class_list":["post-133699","post","type-post","status-publish","format-standard","has-post-thumbnail","hentry","category-a-la-une","category-epinal"],"acf":[],"yoast_head":"<!-- This site is optimized with the Yoast SEO plugin v22.5 - https:\/\/yoast.com\/wordpress\/plugins\/seo\/ -->\n<title>La Compagnie des Joli(e)s M\u00f4mes vous mijote un \u00ab\u202fCour Bouillon\u202f\u00bb th\u00e9\u00e2tral \u00e0 savourer tout l\u2019\u00e9t\u00e9 ! - Epinal Info<\/title>\n<meta name=\"robots\" content=\"index, follow, max-snippet:-1, max-image-preview:large, max-video-preview:-1\" \/>\n<link rel=\"canonical\" href=\"https:\/\/vosgesinfo.fr\/epinalinfo\/2025\/07\/la-compagnie-des-jolies-momes-vous-mijote-un-cour-bouillon-theatral-a-savourer-tout-lete\/\" \/>\n<meta name=\"twitter:card\" content=\"summary_large_image\" \/>\n<meta name=\"twitter:title\" content=\"La Compagnie des Joli(e)s M\u00f4mes vous mijote un \u00ab\u202fCour Bouillon\u202f\u00bb th\u00e9\u00e2tral \u00e0 savourer tout l\u2019\u00e9t\u00e9 ! - Epinal Info\" \/>\n<meta name=\"twitter:description\" content=\"Les carottes sont cuites ! La Compagnie des Joli(e)s M\u00f4mes reprend la route cet \u00e9t\u00e9 avec un tout nouveau spectacle [&hellip;]\" \/>\n<meta name=\"twitter:image\" content=\"https:\/\/vosgesinfo.fr\/app\/uploads\/sites\/3\/2025\/07\/thumbnail-jolies-momes-moimoimoi-credit-photo-le-boitier-magique-3.jpg\" \/>\n<meta name=\"twitter:creator\" content=\"@VosgesInfo88\" \/>\n<meta name=\"twitter:site\" content=\"@VosgesInfo88\" \/>\n<meta name=\"twitter:label1\" content=\"\u00c9crit par\" \/>\n\t<meta name=\"twitter:data1\" content=\"C.K.\" \/>\n\t<meta name=\"twitter:label2\" content=\"Dur\u00e9e de lecture estim\u00e9e\" \/>\n\t<meta name=\"twitter:data2\" content=\"2 minutes\" \/>\n<script type=\"application\/ld+json\" class=\"yoast-schema-graph\">{\"@context\":\"https:\/\/schema.org\",\"@graph\":[{\"@type\":\"Article\",\"@id\":\"https:\/\/vosgesinfo.fr\/epinalinfo\/2025\/07\/la-compagnie-des-jolies-momes-vous-mijote-un-cour-bouillon-theatral-a-savourer-tout-lete\/#article\",\"isPartOf\":{\"@id\":\"https:\/\/vosgesinfo.fr\/epinalinfo\/2025\/07\/la-compagnie-des-jolies-momes-vous-mijote-un-cour-bouillon-theatral-a-savourer-tout-lete\/\"},\"author\":{\"name\":\"C.K.\",\"@id\":\"https:\/\/vosgesinfo.fr\/epinalinfo\/#\/schema\/person\/6f9a650eeea99d969b6c4ab78fccbe81\"},\"headline\":\"La Compagnie des Joli(e)s M\u00f4mes vous mijote un \u00ab\u202fCour Bouillon\u202f\u00bb th\u00e9\u00e2tral \u00e0 savourer tout l\u2019\u00e9t\u00e9 !\",\"datePublished\":\"2025-07-09T11:45:30+00:00\",\"dateModified\":\"2025-07-09T11:43:39+00:00\",\"mainEntityOfPage\":{\"@id\":\"https:\/\/vosgesinfo.fr\/epinalinfo\/2025\/07\/la-compagnie-des-jolies-momes-vous-mijote-un-cour-bouillon-theatral-a-savourer-tout-lete\/\"},\"wordCount\":468,\"commentCount\":0,\"publisher\":{\"@id\":\"https:\/\/vosgesinfo.fr\/epinalinfo\/#organization\"},\"image\":{\"@id\":\"https:\/\/vosgesinfo.fr\/epinalinfo\/2025\/07\/la-compagnie-des-jolies-momes-vous-mijote-un-cour-bouillon-theatral-a-savourer-tout-lete\/#primaryimage\"},\"thumbnailUrl\":\"https:\/\/vosgesinfo.fr\/app\/uploads\/sites\/3\/2025\/07\/thumbnail-jolies-momes-moimoimoi-credit-photo-le-boitier-magique-3.jpg\",\"articleSection\":[\"A la Une\",\"Epinal\"],\"inLanguage\":\"fr-FR\",\"potentialAction\":[{\"@type\":\"CommentAction\",\"name\":\"Comment\",\"target\":[\"https:\/\/vosgesinfo.fr\/epinalinfo\/2025\/07\/la-compagnie-des-jolies-momes-vous-mijote-un-cour-bouillon-theatral-a-savourer-tout-lete\/#respond\"]}]},{\"@type\":\"WebPage\",\"@id\":\"https:\/\/vosgesinfo.fr\/epinalinfo\/2025\/07\/la-compagnie-des-jolies-momes-vous-mijote-un-cour-bouillon-theatral-a-savourer-tout-lete\/\",\"url\":\"https:\/\/vosgesinfo.fr\/epinalinfo\/2025\/07\/la-compagnie-des-jolies-momes-vous-mijote-un-cour-bouillon-theatral-a-savourer-tout-lete\/\",\"name\":\"La Compagnie des Joli(e)s M\u00f4mes vous mijote un \u00ab\u202fCour Bouillon\u202f\u00bb th\u00e9\u00e2tral \u00e0 savourer tout l\u2019\u00e9t\u00e9 ! - Epinal Info\",\"isPartOf\":{\"@id\":\"https:\/\/vosgesinfo.fr\/epinalinfo\/#website\"},\"primaryImageOfPage\":{\"@id\":\"https:\/\/vosgesinfo.fr\/epinalinfo\/2025\/07\/la-compagnie-des-jolies-momes-vous-mijote-un-cour-bouillon-theatral-a-savourer-tout-lete\/#primaryimage\"},\"image\":{\"@id\":\"https:\/\/vosgesinfo.fr\/epinalinfo\/2025\/07\/la-compagnie-des-jolies-momes-vous-mijote-un-cour-bouillon-theatral-a-savourer-tout-lete\/#primaryimage\"},\"thumbnailUrl\":\"https:\/\/vosgesinfo.fr\/app\/uploads\/sites\/3\/2025\/07\/thumbnail-jolies-momes-moimoimoi-credit-photo-le-boitier-magique-3.jpg\",\"datePublished\":\"2025-07-09T11:45:30+00:00\",\"dateModified\":\"2025-07-09T11:43:39+00:00\",\"breadcrumb\":{\"@id\":\"https:\/\/vosgesinfo.fr\/epinalinfo\/2025\/07\/la-compagnie-des-jolies-momes-vous-mijote-un-cour-bouillon-theatral-a-savourer-tout-lete\/#breadcrumb\"},\"inLanguage\":\"fr-FR\",\"potentialAction\":[{\"@type\":\"ReadAction\",\"target\":[\"https:\/\/vosgesinfo.fr\/epinalinfo\/2025\/07\/la-compagnie-des-jolies-momes-vous-mijote-un-cour-bouillon-theatral-a-savourer-tout-lete\/\"]}]},{\"@type\":\"ImageObject\",\"inLanguage\":\"fr-FR\",\"@id\":\"https:\/\/vosgesinfo.fr\/epinalinfo\/2025\/07\/la-compagnie-des-jolies-momes-vous-mijote-un-cour-bouillon-theatral-a-savourer-tout-lete\/#primaryimage\",\"url\":\"https:\/\/vosgesinfo.fr\/app\/uploads\/sites\/3\/2025\/07\/thumbnail-jolies-momes-moimoimoi-credit-photo-le-boitier-magique-3.jpg\",\"contentUrl\":\"https:\/\/vosgesinfo.fr\/app\/uploads\/sites\/3\/2025\/07\/thumbnail-jolies-momes-moimoimoi-credit-photo-le-boitier-magique-3.jpg\",\"width\":1920,\"height\":1280,\"caption\":\"jolies-momes-moimoimoi-credit-photo-le-boitier-magique\"},{\"@type\":\"BreadcrumbList\",\"@id\":\"https:\/\/vosgesinfo.fr\/epinalinfo\/2025\/07\/la-compagnie-des-jolies-momes-vous-mijote-un-cour-bouillon-theatral-a-savourer-tout-lete\/#breadcrumb\",\"itemListElement\":[{\"@type\":\"ListItem\",\"position\":1,\"name\":\"Home\",\"item\":\"https:\/\/vosgesinfo.fr\/epinalinfo\/\"},{\"@type\":\"ListItem\",\"position\":2,\"name\":\"La Compagnie des Joli(e)s M\u00f4mes vous mijote un \u00ab\u202fCour Bouillon\u202f\u00bb th\u00e9\u00e2tral \u00e0 savourer tout l\u2019\u00e9t\u00e9 !\"}]},{\"@type\":\"WebSite\",\"@id\":\"https:\/\/vosgesinfo.fr\/epinalinfo\/#website\",\"url\":\"https:\/\/vosgesinfo.fr\/epinalinfo\/\",\"name\":\"Epinal Info\",\"description\":\"Toute l&#039;actualit\u00e9 d&#039;\u00c9pinal\",\"publisher\":{\"@id\":\"https:\/\/vosgesinfo.fr\/epinalinfo\/#organization\"},\"alternateName\":\"Toute l'actualit\u00e9 d'\u00c9pinal\",\"potentialAction\":[{\"@type\":\"SearchAction\",\"target\":{\"@type\":\"EntryPoint\",\"urlTemplate\":\"https:\/\/vosgesinfo.fr\/epinalinfo\/?s={search_term_string}\"},\"query-input\":\"required name=search_term_string\"}],\"inLanguage\":\"fr-FR\"},{\"@type\":\"Organization\",\"@id\":\"https:\/\/vosgesinfo.fr\/epinalinfo\/#organization\",\"name\":\"Epinal Info\",\"url\":\"https:\/\/vosgesinfo.fr\/epinalinfo\/\",\"logo\":{\"@type\":\"ImageObject\",\"inLanguage\":\"fr-FR\",\"@id\":\"https:\/\/vosgesinfo.fr\/epinalinfo\/#\/schema\/logo\/image\/\",\"url\":\"https:\/\/vosgesinfo.fr\/app\/uploads\/sites\/3\/2023\/08\/logo-epinalinfos.svg\",\"contentUrl\":\"https:\/\/vosgesinfo.fr\/app\/uploads\/sites\/3\/2023\/08\/logo-epinalinfos.svg\",\"width\":1,\"height\":1,\"caption\":\"Epinal Info\"},\"image\":{\"@id\":\"https:\/\/vosgesinfo.fr\/epinalinfo\/#\/schema\/logo\/image\/\"},\"sameAs\":[\"https:\/\/www.facebook.com\/Epinalinfos\",\"https:\/\/x.com\/VosgesInfo88\",\"https:\/\/www.youtube.com\/@vosgesinfo\"]},{\"@type\":\"Person\",\"@id\":\"https:\/\/vosgesinfo.fr\/epinalinfo\/#\/schema\/person\/6f9a650eeea99d969b6c4ab78fccbe81\",\"name\":\"C.K.\",\"image\":{\"@type\":\"ImageObject\",\"inLanguage\":\"fr-FR\",\"@id\":\"https:\/\/vosgesinfo.fr\/epinalinfo\/#\/schema\/person\/image\/\",\"url\":\"https:\/\/secure.gravatar.com\/avatar\/48e3fc7f8421ba8942be6b74a2b7f014ca39bc00dece156b7a8e098ae7dc87bf?s=96&d=mm&r=g\",\"contentUrl\":\"https:\/\/secure.gravatar.com\/avatar\/48e3fc7f8421ba8942be6b74a2b7f014ca39bc00dece156b7a8e098ae7dc87bf?s=96&d=mm&r=g\",\"caption\":\"C.K.\"},\"url\":\"https:\/\/vosgesinfo.fr\/epinalinfo\/author\/celia-k-n\/\"}]}<\/script>\n<!-- \/ Yoast SEO plugin. -->","yoast_head_json":{"title":"La Compagnie des Joli(e)s M\u00f4mes vous mijote un \u00ab\u202fCour Bouillon\u202f\u00bb th\u00e9\u00e2tral \u00e0 savourer tout l\u2019\u00e9t\u00e9 ! - Epinal Info","robots":{"index":"index","follow":"follow","max-snippet":"max-snippet:-1","max-image-preview":"max-image-preview:large","max-video-preview":"max-video-preview:-1"},"canonical":"https:\/\/vosgesinfo.fr\/epinalinfo\/2025\/07\/la-compagnie-des-jolies-momes-vous-mijote-un-cour-bouillon-theatral-a-savourer-tout-lete\/","twitter_card":"summary_large_image","twitter_title":"La Compagnie des Joli(e)s M\u00f4mes vous mijote un \u00ab\u202fCour Bouillon\u202f\u00bb th\u00e9\u00e2tral \u00e0 savourer tout l\u2019\u00e9t\u00e9 ! - Epinal Info","twitter_description":"Les carottes sont cuites ! La Compagnie des Joli(e)s M\u00f4mes reprend la route cet \u00e9t\u00e9 avec un tout nouveau spectacle [&hellip;]","twitter_image":"https:\/\/vosgesinfo.fr\/app\/uploads\/sites\/3\/2025\/07\/thumbnail-jolies-momes-moimoimoi-credit-photo-le-boitier-magique-3.jpg","twitter_creator":"@VosgesInfo88","twitter_site":"@VosgesInfo88","twitter_misc":{"\u00c9crit par":"C.K.","Dur\u00e9e de lecture estim\u00e9e":"2 minutes"},"schema":{"@context":"https:\/\/schema.org","@graph":[{"@type":"Article","@id":"https:\/\/vosgesinfo.fr\/epinalinfo\/2025\/07\/la-compagnie-des-jolies-momes-vous-mijote-un-cour-bouillon-theatral-a-savourer-tout-lete\/#article","isPartOf":{"@id":"https:\/\/vosgesinfo.fr\/epinalinfo\/2025\/07\/la-compagnie-des-jolies-momes-vous-mijote-un-cour-bouillon-theatral-a-savourer-tout-lete\/"},"author":{"name":"C.K.","@id":"https:\/\/vosgesinfo.fr\/epinalinfo\/#\/schema\/person\/6f9a650eeea99d969b6c4ab78fccbe81"},"headline":"La Compagnie des Joli(e)s M\u00f4mes vous mijote un \u00ab\u202fCour Bouillon\u202f\u00bb th\u00e9\u00e2tral \u00e0 savourer tout l\u2019\u00e9t\u00e9 !","datePublished":"2025-07-09T11:45:30+00:00","dateModified":"2025-07-09T11:43:39+00:00","mainEntityOfPage":{"@id":"https:\/\/vosgesinfo.fr\/epinalinfo\/2025\/07\/la-compagnie-des-jolies-momes-vous-mijote-un-cour-bouillon-theatral-a-savourer-tout-lete\/"},"wordCount":468,"commentCount":0,"publisher":{"@id":"https:\/\/vosgesinfo.fr\/epinalinfo\/#organization"},"image":{"@id":"https:\/\/vosgesinfo.fr\/epinalinfo\/2025\/07\/la-compagnie-des-jolies-momes-vous-mijote-un-cour-bouillon-theatral-a-savourer-tout-lete\/#primaryimage"},"thumbnailUrl":"https:\/\/vosgesinfo.fr\/app\/uploads\/sites\/3\/2025\/07\/thumbnail-jolies-momes-moimoimoi-credit-photo-le-boitier-magique-3.jpg","articleSection":["A la Une","Epinal"],"inLanguage":"fr-FR","potentialAction":[{"@type":"CommentAction","name":"Comment","target":["https:\/\/vosgesinfo.fr\/epinalinfo\/2025\/07\/la-compagnie-des-jolies-momes-vous-mijote-un-cour-bouillon-theatral-a-savourer-tout-lete\/#respond"]}]},{"@type":"WebPage","@id":"https:\/\/vosgesinfo.fr\/epinalinfo\/2025\/07\/la-compagnie-des-jolies-momes-vous-mijote-un-cour-bouillon-theatral-a-savourer-tout-lete\/","url":"https:\/\/vosgesinfo.fr\/epinalinfo\/2025\/07\/la-compagnie-des-jolies-momes-vous-mijote-un-cour-bouillon-theatral-a-savourer-tout-lete\/","name":"La Compagnie des Joli(e)s M\u00f4mes vous mijote un \u00ab\u202fCour Bouillon\u202f\u00bb th\u00e9\u00e2tral \u00e0 savourer tout l\u2019\u00e9t\u00e9 ! - Epinal Info","isPartOf":{"@id":"https:\/\/vosgesinfo.fr\/epinalinfo\/#website"},"primaryImageOfPage":{"@id":"https:\/\/vosgesinfo.fr\/epinalinfo\/2025\/07\/la-compagnie-des-jolies-momes-vous-mijote-un-cour-bouillon-theatral-a-savourer-tout-lete\/#primaryimage"},"image":{"@id":"https:\/\/vosgesinfo.fr\/epinalinfo\/2025\/07\/la-compagnie-des-jolies-momes-vous-mijote-un-cour-bouillon-theatral-a-savourer-tout-lete\/#primaryimage"},"thumbnailUrl":"https:\/\/vosgesinfo.fr\/app\/uploads\/sites\/3\/2025\/07\/thumbnail-jolies-momes-moimoimoi-credit-photo-le-boitier-magique-3.jpg","datePublished":"2025-07-09T11:45:30+00:00","dateModified":"2025-07-09T11:43:39+00:00","breadcrumb":{"@id":"https:\/\/vosgesinfo.fr\/epinalinfo\/2025\/07\/la-compagnie-des-jolies-momes-vous-mijote-un-cour-bouillon-theatral-a-savourer-tout-lete\/#breadcrumb"},"inLanguage":"fr-FR","potentialAction":[{"@type":"ReadAction","target":["https:\/\/vosgesinfo.fr\/epinalinfo\/2025\/07\/la-compagnie-des-jolies-momes-vous-mijote-un-cour-bouillon-theatral-a-savourer-tout-lete\/"]}]},{"@type":"ImageObject","inLanguage":"fr-FR","@id":"https:\/\/vosgesinfo.fr\/epinalinfo\/2025\/07\/la-compagnie-des-jolies-momes-vous-mijote-un-cour-bouillon-theatral-a-savourer-tout-lete\/#primaryimage","url":"https:\/\/vosgesinfo.fr\/app\/uploads\/sites\/3\/2025\/07\/thumbnail-jolies-momes-moimoimoi-credit-photo-le-boitier-magique-3.jpg","contentUrl":"https:\/\/vosgesinfo.fr\/app\/uploads\/sites\/3\/2025\/07\/thumbnail-jolies-momes-moimoimoi-credit-photo-le-boitier-magique-3.jpg","width":1920,"height":1280,"caption":"jolies-momes-moimoimoi-credit-photo-le-boitier-magique"},{"@type":"BreadcrumbList","@id":"https:\/\/vosgesinfo.fr\/epinalinfo\/2025\/07\/la-compagnie-des-jolies-momes-vous-mijote-un-cour-bouillon-theatral-a-savourer-tout-lete\/#breadcrumb","itemListElement":[{"@type":"ListItem","position":1,"name":"Home","item":"https:\/\/vosgesinfo.fr\/epinalinfo\/"},{"@type":"ListItem","position":2,"name":"La Compagnie des Joli(e)s M\u00f4mes vous mijote un \u00ab\u202fCour Bouillon\u202f\u00bb th\u00e9\u00e2tral \u00e0 savourer tout l\u2019\u00e9t\u00e9 !"}]},{"@type":"WebSite","@id":"https:\/\/vosgesinfo.fr\/epinalinfo\/#website","url":"https:\/\/vosgesinfo.fr\/epinalinfo\/","name":"Epinal Info","description":"Toute l&#039;actualit\u00e9 d&#039;\u00c9pinal","publisher":{"@id":"https:\/\/vosgesinfo.fr\/epinalinfo\/#organization"},"alternateName":"Toute l'actualit\u00e9 d'\u00c9pinal","potentialAction":[{"@type":"SearchAction","target":{"@type":"EntryPoint","urlTemplate":"https:\/\/vosgesinfo.fr\/epinalinfo\/?s={search_term_string}"},"query-input":"required name=search_term_string"}],"inLanguage":"fr-FR"},{"@type":"Organization","@id":"https:\/\/vosgesinfo.fr\/epinalinfo\/#organization","name":"Epinal Info","url":"https:\/\/vosgesinfo.fr\/epinalinfo\/","logo":{"@type":"ImageObject","inLanguage":"fr-FR","@id":"https:\/\/vosgesinfo.fr\/epinalinfo\/#\/schema\/logo\/image\/","url":"https:\/\/vosgesinfo.fr\/app\/uploads\/sites\/3\/2023\/08\/logo-epinalinfos.svg","contentUrl":"https:\/\/vosgesinfo.fr\/app\/uploads\/sites\/3\/2023\/08\/logo-epinalinfos.svg","width":1,"height":1,"caption":"Epinal Info"},"image":{"@id":"https:\/\/vosgesinfo.fr\/epinalinfo\/#\/schema\/logo\/image\/"},"sameAs":["https:\/\/www.facebook.com\/Epinalinfos","https:\/\/x.com\/VosgesInfo88","https:\/\/www.youtube.com\/@vosgesinfo"]},{"@type":"Person","@id":"https:\/\/vosgesinfo.fr\/epinalinfo\/#\/schema\/person\/6f9a650eeea99d969b6c4ab78fccbe81","name":"C.K.","image":{"@type":"ImageObject","inLanguage":"fr-FR","@id":"https:\/\/vosgesinfo.fr\/epinalinfo\/#\/schema\/person\/image\/","url":"https:\/\/secure.gravatar.com\/avatar\/48e3fc7f8421ba8942be6b74a2b7f014ca39bc00dece156b7a8e098ae7dc87bf?s=96&d=mm&r=g","contentUrl":"https:\/\/secure.gravatar.com\/avatar\/48e3fc7f8421ba8942be6b74a2b7f014ca39bc00dece156b7a8e098ae7dc87bf?s=96&d=mm&r=g","caption":"C.K."},"url":"https:\/\/vosgesinfo.fr\/epinalinfo\/author\/celia-k-n\/"}]}},"_links":{"self":[{"href":"https:\/\/vosgesinfo.fr\/epinalinfo\/wp-json\/wp\/v2\/posts\/133699","targetHints":{"allow":["GET"]}}],"collection":[{"href":"https:\/\/vosgesinfo.fr\/epinalinfo\/wp-json\/wp\/v2\/posts"}],"about":[{"href":"https:\/\/vosgesinfo.fr\/epinalinfo\/wp-json\/wp\/v2\/types\/post"}],"author":[{"embeddable":true,"href":"https:\/\/vosgesinfo.fr\/epinalinfo\/wp-json\/wp\/v2\/users\/52"}],"replies":[{"embeddable":true,"href":"https:\/\/vosgesinfo.fr\/epinalinfo\/wp-json\/wp\/v2\/comments?post=133699"}],"version-history":[{"count":1,"href":"https:\/\/vosgesinfo.fr\/epinalinfo\/wp-json\/wp\/v2\/posts\/133699\/revisions"}],"predecessor-version":[{"id":133701,"href":"https:\/\/vosgesinfo.fr\/epinalinfo\/wp-json\/wp\/v2\/posts\/133699\/revisions\/133701"}],"wp:featuredmedia":[{"embeddable":true,"href":"https:\/\/vosgesinfo.fr\/epinalinfo\/wp-json\/wp\/v2\/media\/133700"}],"wp:attachment":[{"href":"https:\/\/vosgesinfo.fr\/epinalinfo\/wp-json\/wp\/v2\/media?parent=133699"}],"wp:term":[{"taxonomy":"category","embeddable":true,"href":"https:\/\/vosgesinfo.fr\/epinalinfo\/wp-json\/wp\/v2\/categories?post=133699"},{"taxonomy":"post_tag","embeddable":true,"href":"https:\/\/vosgesinfo.fr\/epinalinfo\/wp-json\/wp\/v2\/tags?post=133699"}],"curies":[{"name":"wp","href":"https:\/\/api.w.org\/{rel}","templated":true}]}}