{"id":133705,"date":"2025-07-09T17:10:49","date_gmt":"2025-07-09T15:10:49","guid":{"rendered":"https:\/\/vosgesinfo.fr\/epinalinfo\/?p=133705"},"modified":"2025-07-09T17:06:04","modified_gmt":"2025-07-09T15:06:04","slug":"epinal-un-hommage-solennel-rendu-aux-policiers-morts-pour-la-france","status":"publish","type":"post","link":"https:\/\/vosgesinfo.fr\/epinalinfo\/2025\/07\/epinal-un-hommage-solennel-rendu-aux-policiers-morts-pour-la-france\/","title":{"rendered":"\u00c9pinal : un hommage solennel rendu aux policiers morts pour la France"},"content":{"rendered":"<div id=\"attachment_133706\" style=\"width: 2058px\" class=\"wp-caption aligncenter\"><a href=\"https:\/\/vosgesinfo.fr\/app\/uploads\/sites\/3\/2025\/07\/517177802-1042814661330939-8484809260735413422-n.jpg\"><img decoding=\"async\" aria-describedby=\"caption-attachment-133706\" class=\"size-full wp-image-133706\" src=\"https:\/\/vosgesinfo.fr\/app\/uploads\/sites\/3\/2025\/07\/517177802-1042814661330939-8484809260735413422-n.jpg\" alt=\"\" width=\"2048\" height=\"1153\" srcset=\"https:\/\/vosgesinfo.fr\/app\/uploads\/sites\/3\/2025\/07\/517177802-1042814661330939-8484809260735413422-n.jpg 2048w, https:\/\/vosgesinfo.fr\/app\/uploads\/sites\/3\/2025\/07\/517177802-1042814661330939-8484809260735413422-n-300x169.jpg 300w, https:\/\/vosgesinfo.fr\/app\/uploads\/sites\/3\/2025\/07\/517177802-1042814661330939-8484809260735413422-n-1024x577.jpg 1024w, https:\/\/vosgesinfo.fr\/app\/uploads\/sites\/3\/2025\/07\/517177802-1042814661330939-8484809260735413422-n-768x432.jpg 768w, https:\/\/vosgesinfo.fr\/app\/uploads\/sites\/3\/2025\/07\/517177802-1042814661330939-8484809260735413422-n-1536x865.jpg 1536w\" sizes=\"(max-width: 2048px) 100vw, 2048px\" \/><\/a><p id=\"caption-attachment-133706\" class=\"wp-caption-text\">photo pr\u00e9fecture<\/p><\/div>\n<h2 data-start=\"161\" data-end=\"428\"><strong>Ce mercredi matin, une c\u00e9r\u00e9monie empreinte d\u2019\u00e9motion s\u2019est tenue sur le parvis du commissariat d\u2019\u00c9pinal, place Clemenceau, en hommage aux policiers morts pour la France. Un moment solennel qui s\u2019inscrivait dans le cadre de la Journ\u00e9e nationale de la Police nationale.<\/strong><\/h2>\n<p data-start=\"430\" data-end=\"793\">Pr\u00e9sid\u00e9e par Val\u00e9rie Michel-Moreaux, pr\u00e9f\u00e8te des Vosges, la c\u00e9r\u00e9monie a r\u00e9uni de nombreuses personnalit\u00e9s, parmi lesquelles Antoine Bonillo, directeur d\u00e9partemental de la police nationale. Ensemble, forces de l\u2019ordre, autorit\u00e9s civiles et invit\u00e9s ont observ\u00e9 un temps de recueillement en m\u00e9moire des policiers tomb\u00e9s ou bless\u00e9s dans l\u2019exercice de leurs fonctions.<\/p>\n<p data-start=\"795\" data-end=\"1178\">Apr\u00e8s le salut aux troupes et le d\u00e9p\u00f4t d\u2019une gerbe devant la st\u00e8le d\u00e9di\u00e9e aux policiers spinaliens morts pour la France, la pr\u00e9f\u00e8te a donn\u00e9 lecture du message officiel adress\u00e9 par le ministre de l\u2019Int\u00e9rieur. Un texte fort, saluant l\u2019engagement quotidien des forces de l\u2019ordre.<\/p>\n<p data-start=\"1180\" data-end=\"1573\">Cette c\u00e9r\u00e9monie fut aussi l\u2019occasion de mettre \u00e0 l\u2019honneur plusieurs policiers vosgiens, d\u00e9cor\u00e9s pour leur engagement exemplaire au service de la population. La remise de m\u00e9dailles, moment fort de reconnaissance institutionnelle, a soulign\u00e9 la d\u00e9termination et le professionnalisme de ces femmes et hommes qui \u0153uvrent chaque jour, parfois au p\u00e9ril de leur vie, pour prot\u00e9ger leurs concitoyens.<\/p>\n<p data-start=\"1575\" data-end=\"1748\">Dans une atmosph\u00e8re recueillie, ce temps d\u2019hommage a rappel\u00e9 l\u2019importance de soutenir ceux qui portent l\u2019uniforme, garants de l\u2019ordre r\u00e9publicain et de la s\u00e9curit\u00e9 publique.<\/p>\n","protected":false},"excerpt":{"rendered":"<p>Ce mercredi matin, une c\u00e9r\u00e9monie empreinte d\u2019\u00e9motion s\u2019est tenue sur le parvis du commissariat d\u2019\u00c9pinal, place Clemenceau, en hommage aux [&hellip;]<\/p>\n","protected":false},"author":52,"featured_media":133706,"comment_status":"open","ping_status":"open","sticky":false,"template":"","format":"standard","meta":{"footnotes":""},"categories":[22,24,5],"tags":[70,559,238,75],"class_list":["post-133705","post","type-post","status-publish","format-standard","has-post-thumbnail","hentry","category-a-la-une","category-epinal","category-vosges","tag-epinal","tag-hommage","tag-policiers","tag-vosges"],"acf":[],"yoast_head":"<!-- This site is optimized with the Yoast SEO plugin v22.5 - https:\/\/yoast.com\/wordpress\/plugins\/seo\/ -->\n<title>\u00c9pinal : un hommage solennel rendu aux policiers morts pour la France - Epinal Info<\/title>\n<meta name=\"robots\" content=\"index, follow, max-snippet:-1, max-image-preview:large, max-video-preview:-1\" \/>\n<link rel=\"canonical\" href=\"https:\/\/vosgesinfo.fr\/epinalinfo\/2025\/07\/epinal-un-hommage-solennel-rendu-aux-policiers-morts-pour-la-france\/\" \/>\n<meta name=\"twitter:card\" content=\"summary_large_image\" \/>\n<meta name=\"twitter:title\" content=\"\u00c9pinal : un hommage solennel rendu aux policiers morts pour la France - Epinal Info\" \/>\n<meta name=\"twitter:description\" content=\"Ce mercredi matin, une c\u00e9r\u00e9monie empreinte d\u2019\u00e9motion s\u2019est tenue sur le parvis du commissariat d\u2019\u00c9pinal, place Clemenceau, en hommage aux [&hellip;]\" \/>\n<meta name=\"twitter:image\" content=\"https:\/\/vosgesinfo.fr\/app\/uploads\/sites\/3\/2025\/07\/517177802-1042814661330939-8484809260735413422-n.jpg\" \/>\n<meta name=\"twitter:creator\" content=\"@VosgesInfo88\" \/>\n<meta name=\"twitter:site\" content=\"@VosgesInfo88\" \/>\n<meta name=\"twitter:label1\" content=\"\u00c9crit par\" \/>\n\t<meta name=\"twitter:data1\" content=\"C.K.\" \/>\n\t<meta name=\"twitter:label2\" content=\"Dur\u00e9e de lecture estim\u00e9e\" \/>\n\t<meta name=\"twitter:data2\" content=\"1 minute\" \/>\n<script type=\"application\/ld+json\" class=\"yoast-schema-graph\">{\"@context\":\"https:\/\/schema.org\",\"@graph\":[{\"@type\":\"Article\",\"@id\":\"https:\/\/vosgesinfo.fr\/epinalinfo\/2025\/07\/epinal-un-hommage-solennel-rendu-aux-policiers-morts-pour-la-france\/#article\",\"isPartOf\":{\"@id\":\"https:\/\/vosgesinfo.fr\/epinalinfo\/2025\/07\/epinal-un-hommage-solennel-rendu-aux-policiers-morts-pour-la-france\/\"},\"author\":{\"name\":\"C.K.\",\"@id\":\"https:\/\/vosgesinfo.fr\/epinalinfo\/#\/schema\/person\/6f9a650eeea99d969b6c4ab78fccbe81\"},\"headline\":\"\u00c9pinal : un hommage solennel rendu aux policiers morts pour la France\",\"datePublished\":\"2025-07-09T15:10:49+00:00\",\"dateModified\":\"2025-07-09T15:06:04+00:00\",\"mainEntityOfPage\":{\"@id\":\"https:\/\/vosgesinfo.fr\/epinalinfo\/2025\/07\/epinal-un-hommage-solennel-rendu-aux-policiers-morts-pour-la-france\/\"},\"wordCount\":292,\"commentCount\":0,\"publisher\":{\"@id\":\"https:\/\/vosgesinfo.fr\/epinalinfo\/#organization\"},\"image\":{\"@id\":\"https:\/\/vosgesinfo.fr\/epinalinfo\/2025\/07\/epinal-un-hommage-solennel-rendu-aux-policiers-morts-pour-la-france\/#primaryimage\"},\"thumbnailUrl\":\"https:\/\/vosgesinfo.fr\/app\/uploads\/sites\/3\/2025\/07\/517177802-1042814661330939-8484809260735413422-n.jpg\",\"keywords\":[\"Epinal\",\"hommage\",\"policiers\",\"vosges\"],\"articleSection\":[\"A la Une\",\"Epinal\",\"Vosges\"],\"inLanguage\":\"fr-FR\",\"potentialAction\":[{\"@type\":\"CommentAction\",\"name\":\"Comment\",\"target\":[\"https:\/\/vosgesinfo.fr\/epinalinfo\/2025\/07\/epinal-un-hommage-solennel-rendu-aux-policiers-morts-pour-la-france\/#respond\"]}]},{\"@type\":\"WebPage\",\"@id\":\"https:\/\/vosgesinfo.fr\/epinalinfo\/2025\/07\/epinal-un-hommage-solennel-rendu-aux-policiers-morts-pour-la-france\/\",\"url\":\"https:\/\/vosgesinfo.fr\/epinalinfo\/2025\/07\/epinal-un-hommage-solennel-rendu-aux-policiers-morts-pour-la-france\/\",\"name\":\"\u00c9pinal : un hommage solennel rendu aux policiers morts pour la France - Epinal Info\",\"isPartOf\":{\"@id\":\"https:\/\/vosgesinfo.fr\/epinalinfo\/#website\"},\"primaryImageOfPage\":{\"@id\":\"https:\/\/vosgesinfo.fr\/epinalinfo\/2025\/07\/epinal-un-hommage-solennel-rendu-aux-policiers-morts-pour-la-france\/#primaryimage\"},\"image\":{\"@id\":\"https:\/\/vosgesinfo.fr\/epinalinfo\/2025\/07\/epinal-un-hommage-solennel-rendu-aux-policiers-morts-pour-la-france\/#primaryimage\"},\"thumbnailUrl\":\"https:\/\/vosgesinfo.fr\/app\/uploads\/sites\/3\/2025\/07\/517177802-1042814661330939-8484809260735413422-n.jpg\",\"datePublished\":\"2025-07-09T15:10:49+00:00\",\"dateModified\":\"2025-07-09T15:06:04+00:00\",\"breadcrumb\":{\"@id\":\"https:\/\/vosgesinfo.fr\/epinalinfo\/2025\/07\/epinal-un-hommage-solennel-rendu-aux-policiers-morts-pour-la-france\/#breadcrumb\"},\"inLanguage\":\"fr-FR\",\"potentialAction\":[{\"@type\":\"ReadAction\",\"target\":[\"https:\/\/vosgesinfo.fr\/epinalinfo\/2025\/07\/epinal-un-hommage-solennel-rendu-aux-policiers-morts-pour-la-france\/\"]}]},{\"@type\":\"ImageObject\",\"inLanguage\":\"fr-FR\",\"@id\":\"https:\/\/vosgesinfo.fr\/epinalinfo\/2025\/07\/epinal-un-hommage-solennel-rendu-aux-policiers-morts-pour-la-france\/#primaryimage\",\"url\":\"https:\/\/vosgesinfo.fr\/app\/uploads\/sites\/3\/2025\/07\/517177802-1042814661330939-8484809260735413422-n.jpg\",\"contentUrl\":\"https:\/\/vosgesinfo.fr\/app\/uploads\/sites\/3\/2025\/07\/517177802-1042814661330939-8484809260735413422-n.jpg\",\"width\":2048,\"height\":1153,\"caption\":\"photo pr\u00e9fecture\"},{\"@type\":\"BreadcrumbList\",\"@id\":\"https:\/\/vosgesinfo.fr\/epinalinfo\/2025\/07\/epinal-un-hommage-solennel-rendu-aux-policiers-morts-pour-la-france\/#breadcrumb\",\"itemListElement\":[{\"@type\":\"ListItem\",\"position\":1,\"name\":\"Home\",\"item\":\"https:\/\/vosgesinfo.fr\/epinalinfo\/\"},{\"@type\":\"ListItem\",\"position\":2,\"name\":\"\u00c9pinal : un hommage solennel rendu aux policiers morts pour la France\"}]},{\"@type\":\"WebSite\",\"@id\":\"https:\/\/vosgesinfo.fr\/epinalinfo\/#website\",\"url\":\"https:\/\/vosgesinfo.fr\/epinalinfo\/\",\"name\":\"Epinal Info\",\"description\":\"Toute l&#039;actualit\u00e9 d&#039;\u00c9pinal\",\"publisher\":{\"@id\":\"https:\/\/vosgesinfo.fr\/epinalinfo\/#organization\"},\"alternateName\":\"Toute l'actualit\u00e9 d'\u00c9pinal\",\"potentialAction\":[{\"@type\":\"SearchAction\",\"target\":{\"@type\":\"EntryPoint\",\"urlTemplate\":\"https:\/\/vosgesinfo.fr\/epinalinfo\/?s={search_term_string}\"},\"query-input\":\"required name=search_term_string\"}],\"inLanguage\":\"fr-FR\"},{\"@type\":\"Organization\",\"@id\":\"https:\/\/vosgesinfo.fr\/epinalinfo\/#organization\",\"name\":\"Epinal Info\",\"url\":\"https:\/\/vosgesinfo.fr\/epinalinfo\/\",\"logo\":{\"@type\":\"ImageObject\",\"inLanguage\":\"fr-FR\",\"@id\":\"https:\/\/vosgesinfo.fr\/epinalinfo\/#\/schema\/logo\/image\/\",\"url\":\"https:\/\/vosgesinfo.fr\/app\/uploads\/sites\/3\/2023\/08\/logo-epinalinfos.svg\",\"contentUrl\":\"https:\/\/vosgesinfo.fr\/app\/uploads\/sites\/3\/2023\/08\/logo-epinalinfos.svg\",\"width\":1,\"height\":1,\"caption\":\"Epinal Info\"},\"image\":{\"@id\":\"https:\/\/vosgesinfo.fr\/epinalinfo\/#\/schema\/logo\/image\/\"},\"sameAs\":[\"https:\/\/www.facebook.com\/Epinalinfos\",\"https:\/\/x.com\/VosgesInfo88\",\"https:\/\/www.youtube.com\/@vosgesinfo\"]},{\"@type\":\"Person\",\"@id\":\"https:\/\/vosgesinfo.fr\/epinalinfo\/#\/schema\/person\/6f9a650eeea99d969b6c4ab78fccbe81\",\"name\":\"C.K.\",\"image\":{\"@type\":\"ImageObject\",\"inLanguage\":\"fr-FR\",\"@id\":\"https:\/\/vosgesinfo.fr\/epinalinfo\/#\/schema\/person\/image\/\",\"url\":\"https:\/\/secure.gravatar.com\/avatar\/48e3fc7f8421ba8942be6b74a2b7f014ca39bc00dece156b7a8e098ae7dc87bf?s=96&d=mm&r=g\",\"contentUrl\":\"https:\/\/secure.gravatar.com\/avatar\/48e3fc7f8421ba8942be6b74a2b7f014ca39bc00dece156b7a8e098ae7dc87bf?s=96&d=mm&r=g\",\"caption\":\"C.K.\"},\"url\":\"https:\/\/vosgesinfo.fr\/epinalinfo\/author\/celia-k-n\/\"}]}<\/script>\n<!-- \/ Yoast SEO plugin. -->","yoast_head_json":{"title":"\u00c9pinal : un hommage solennel rendu aux policiers morts pour la France - Epinal Info","robots":{"index":"index","follow":"follow","max-snippet":"max-snippet:-1","max-image-preview":"max-image-preview:large","max-video-preview":"max-video-preview:-1"},"canonical":"https:\/\/vosgesinfo.fr\/epinalinfo\/2025\/07\/epinal-un-hommage-solennel-rendu-aux-policiers-morts-pour-la-france\/","twitter_card":"summary_large_image","twitter_title":"\u00c9pinal : un hommage solennel rendu aux policiers morts pour la France - Epinal Info","twitter_description":"Ce mercredi matin, une c\u00e9r\u00e9monie empreinte d\u2019\u00e9motion s\u2019est tenue sur le parvis du commissariat d\u2019\u00c9pinal, place Clemenceau, en hommage aux [&hellip;]","twitter_image":"https:\/\/vosgesinfo.fr\/app\/uploads\/sites\/3\/2025\/07\/517177802-1042814661330939-8484809260735413422-n.jpg","twitter_creator":"@VosgesInfo88","twitter_site":"@VosgesInfo88","twitter_misc":{"\u00c9crit par":"C.K.","Dur\u00e9e de lecture estim\u00e9e":"1 minute"},"schema":{"@context":"https:\/\/schema.org","@graph":[{"@type":"Article","@id":"https:\/\/vosgesinfo.fr\/epinalinfo\/2025\/07\/epinal-un-hommage-solennel-rendu-aux-policiers-morts-pour-la-france\/#article","isPartOf":{"@id":"https:\/\/vosgesinfo.fr\/epinalinfo\/2025\/07\/epinal-un-hommage-solennel-rendu-aux-policiers-morts-pour-la-france\/"},"author":{"name":"C.K.","@id":"https:\/\/vosgesinfo.fr\/epinalinfo\/#\/schema\/person\/6f9a650eeea99d969b6c4ab78fccbe81"},"headline":"\u00c9pinal : un hommage solennel rendu aux policiers morts pour la France","datePublished":"2025-07-09T15:10:49+00:00","dateModified":"2025-07-09T15:06:04+00:00","mainEntityOfPage":{"@id":"https:\/\/vosgesinfo.fr\/epinalinfo\/2025\/07\/epinal-un-hommage-solennel-rendu-aux-policiers-morts-pour-la-france\/"},"wordCount":292,"commentCount":0,"publisher":{"@id":"https:\/\/vosgesinfo.fr\/epinalinfo\/#organization"},"image":{"@id":"https:\/\/vosgesinfo.fr\/epinalinfo\/2025\/07\/epinal-un-hommage-solennel-rendu-aux-policiers-morts-pour-la-france\/#primaryimage"},"thumbnailUrl":"https:\/\/vosgesinfo.fr\/app\/uploads\/sites\/3\/2025\/07\/517177802-1042814661330939-8484809260735413422-n.jpg","keywords":["Epinal","hommage","policiers","vosges"],"articleSection":["A la Une","Epinal","Vosges"],"inLanguage":"fr-FR","potentialAction":[{"@type":"CommentAction","name":"Comment","target":["https:\/\/vosgesinfo.fr\/epinalinfo\/2025\/07\/epinal-un-hommage-solennel-rendu-aux-policiers-morts-pour-la-france\/#respond"]}]},{"@type":"WebPage","@id":"https:\/\/vosgesinfo.fr\/epinalinfo\/2025\/07\/epinal-un-hommage-solennel-rendu-aux-policiers-morts-pour-la-france\/","url":"https:\/\/vosgesinfo.fr\/epinalinfo\/2025\/07\/epinal-un-hommage-solennel-rendu-aux-policiers-morts-pour-la-france\/","name":"\u00c9pinal : un hommage solennel rendu aux policiers morts pour la France - Epinal Info","isPartOf":{"@id":"https:\/\/vosgesinfo.fr\/epinalinfo\/#website"},"primaryImageOfPage":{"@id":"https:\/\/vosgesinfo.fr\/epinalinfo\/2025\/07\/epinal-un-hommage-solennel-rendu-aux-policiers-morts-pour-la-france\/#primaryimage"},"image":{"@id":"https:\/\/vosgesinfo.fr\/epinalinfo\/2025\/07\/epinal-un-hommage-solennel-rendu-aux-policiers-morts-pour-la-france\/#primaryimage"},"thumbnailUrl":"https:\/\/vosgesinfo.fr\/app\/uploads\/sites\/3\/2025\/07\/517177802-1042814661330939-8484809260735413422-n.jpg","datePublished":"2025-07-09T15:10:49+00:00","dateModified":"2025-07-09T15:06:04+00:00","breadcrumb":{"@id":"https:\/\/vosgesinfo.fr\/epinalinfo\/2025\/07\/epinal-un-hommage-solennel-rendu-aux-policiers-morts-pour-la-france\/#breadcrumb"},"inLanguage":"fr-FR","potentialAction":[{"@type":"ReadAction","target":["https:\/\/vosgesinfo.fr\/epinalinfo\/2025\/07\/epinal-un-hommage-solennel-rendu-aux-policiers-morts-pour-la-france\/"]}]},{"@type":"ImageObject","inLanguage":"fr-FR","@id":"https:\/\/vosgesinfo.fr\/epinalinfo\/2025\/07\/epinal-un-hommage-solennel-rendu-aux-policiers-morts-pour-la-france\/#primaryimage","url":"https:\/\/vosgesinfo.fr\/app\/uploads\/sites\/3\/2025\/07\/517177802-1042814661330939-8484809260735413422-n.jpg","contentUrl":"https:\/\/vosgesinfo.fr\/app\/uploads\/sites\/3\/2025\/07\/517177802-1042814661330939-8484809260735413422-n.jpg","width":2048,"height":1153,"caption":"photo pr\u00e9fecture"},{"@type":"BreadcrumbList","@id":"https:\/\/vosgesinfo.fr\/epinalinfo\/2025\/07\/epinal-un-hommage-solennel-rendu-aux-policiers-morts-pour-la-france\/#breadcrumb","itemListElement":[{"@type":"ListItem","position":1,"name":"Home","item":"https:\/\/vosgesinfo.fr\/epinalinfo\/"},{"@type":"ListItem","position":2,"name":"\u00c9pinal : un hommage solennel rendu aux policiers morts pour la France"}]},{"@type":"WebSite","@id":"https:\/\/vosgesinfo.fr\/epinalinfo\/#website","url":"https:\/\/vosgesinfo.fr\/epinalinfo\/","name":"Epinal Info","description":"Toute l&#039;actualit\u00e9 d&#039;\u00c9pinal","publisher":{"@id":"https:\/\/vosgesinfo.fr\/epinalinfo\/#organization"},"alternateName":"Toute l'actualit\u00e9 d'\u00c9pinal","potentialAction":[{"@type":"SearchAction","target":{"@type":"EntryPoint","urlTemplate":"https:\/\/vosgesinfo.fr\/epinalinfo\/?s={search_term_string}"},"query-input":"required name=search_term_string"}],"inLanguage":"fr-FR"},{"@type":"Organization","@id":"https:\/\/vosgesinfo.fr\/epinalinfo\/#organization","name":"Epinal Info","url":"https:\/\/vosgesinfo.fr\/epinalinfo\/","logo":{"@type":"ImageObject","inLanguage":"fr-FR","@id":"https:\/\/vosgesinfo.fr\/epinalinfo\/#\/schema\/logo\/image\/","url":"https:\/\/vosgesinfo.fr\/app\/uploads\/sites\/3\/2023\/08\/logo-epinalinfos.svg","contentUrl":"https:\/\/vosgesinfo.fr\/app\/uploads\/sites\/3\/2023\/08\/logo-epinalinfos.svg","width":1,"height":1,"caption":"Epinal Info"},"image":{"@id":"https:\/\/vosgesinfo.fr\/epinalinfo\/#\/schema\/logo\/image\/"},"sameAs":["https:\/\/www.facebook.com\/Epinalinfos","https:\/\/x.com\/VosgesInfo88","https:\/\/www.youtube.com\/@vosgesinfo"]},{"@type":"Person","@id":"https:\/\/vosgesinfo.fr\/epinalinfo\/#\/schema\/person\/6f9a650eeea99d969b6c4ab78fccbe81","name":"C.K.","image":{"@type":"ImageObject","inLanguage":"fr-FR","@id":"https:\/\/vosgesinfo.fr\/epinalinfo\/#\/schema\/person\/image\/","url":"https:\/\/secure.gravatar.com\/avatar\/48e3fc7f8421ba8942be6b74a2b7f014ca39bc00dece156b7a8e098ae7dc87bf?s=96&d=mm&r=g","contentUrl":"https:\/\/secure.gravatar.com\/avatar\/48e3fc7f8421ba8942be6b74a2b7f014ca39bc00dece156b7a8e098ae7dc87bf?s=96&d=mm&r=g","caption":"C.K."},"url":"https:\/\/vosgesinfo.fr\/epinalinfo\/author\/celia-k-n\/"}]}},"_links":{"self":[{"href":"https:\/\/vosgesinfo.fr\/epinalinfo\/wp-json\/wp\/v2\/posts\/133705","targetHints":{"allow":["GET"]}}],"collection":[{"href":"https:\/\/vosgesinfo.fr\/epinalinfo\/wp-json\/wp\/v2\/posts"}],"about":[{"href":"https:\/\/vosgesinfo.fr\/epinalinfo\/wp-json\/wp\/v2\/types\/post"}],"author":[{"embeddable":true,"href":"https:\/\/vosgesinfo.fr\/epinalinfo\/wp-json\/wp\/v2\/users\/52"}],"replies":[{"embeddable":true,"href":"https:\/\/vosgesinfo.fr\/epinalinfo\/wp-json\/wp\/v2\/comments?post=133705"}],"version-history":[{"count":1,"href":"https:\/\/vosgesinfo.fr\/epinalinfo\/wp-json\/wp\/v2\/posts\/133705\/revisions"}],"predecessor-version":[{"id":133707,"href":"https:\/\/vosgesinfo.fr\/epinalinfo\/wp-json\/wp\/v2\/posts\/133705\/revisions\/133707"}],"wp:featuredmedia":[{"embeddable":true,"href":"https:\/\/vosgesinfo.fr\/epinalinfo\/wp-json\/wp\/v2\/media\/133706"}],"wp:attachment":[{"href":"https:\/\/vosgesinfo.fr\/epinalinfo\/wp-json\/wp\/v2\/media?parent=133705"}],"wp:term":[{"taxonomy":"category","embeddable":true,"href":"https:\/\/vosgesinfo.fr\/epinalinfo\/wp-json\/wp\/v2\/categories?post=133705"},{"taxonomy":"post_tag","embeddable":true,"href":"https:\/\/vosgesinfo.fr\/epinalinfo\/wp-json\/wp\/v2\/tags?post=133705"}],"curies":[{"name":"wp","href":"https:\/\/api.w.org\/{rel}","templated":true}]}}