{"id":133708,"date":"2025-07-10T07:08:19","date_gmt":"2025-07-10T05:08:19","guid":{"rendered":"https:\/\/vosgesinfo.fr\/epinalinfo\/?p=133708"},"modified":"2025-07-09T17:13:36","modified_gmt":"2025-07-09T15:13:36","slug":"un-nouvel-horizon-a-thaon-les-vosges-26-logements-bois-durables-et-accessibles-remis-a-leurs-habitants","status":"publish","type":"post","link":"https:\/\/vosgesinfo.fr\/epinalinfo\/2025\/07\/un-nouvel-horizon-a-thaon-les-vosges-26-logements-bois-durables-et-accessibles-remis-a-leurs-habitants\/","title":{"rendered":"Un nouvel horizon \u00e0 Thaon-les-Vosges : 26 logements bois, durables et accessibles, remis \u00e0 leurs habitants"},"content":{"rendered":"<div id=\"attachment_133709\" style=\"width: 2010px\" class=\"wp-caption aligncenter\"><a href=\"https:\/\/vosgesinfo.fr\/app\/uploads\/sites\/3\/2025\/07\/518315415-1268025001999549-6653757339962859598-n.jpg\"><img decoding=\"async\" aria-describedby=\"caption-attachment-133709\" class=\"size-full wp-image-133709\" src=\"https:\/\/vosgesinfo.fr\/app\/uploads\/sites\/3\/2025\/07\/518315415-1268025001999549-6653757339962859598-n.jpg\" alt=\"\" width=\"2000\" height=\"1410\" srcset=\"https:\/\/vosgesinfo.fr\/app\/uploads\/sites\/3\/2025\/07\/518315415-1268025001999549-6653757339962859598-n.jpg 2000w, https:\/\/vosgesinfo.fr\/app\/uploads\/sites\/3\/2025\/07\/518315415-1268025001999549-6653757339962859598-n-300x212.jpg 300w, https:\/\/vosgesinfo.fr\/app\/uploads\/sites\/3\/2025\/07\/518315415-1268025001999549-6653757339962859598-n-1024x722.jpg 1024w, https:\/\/vosgesinfo.fr\/app\/uploads\/sites\/3\/2025\/07\/518315415-1268025001999549-6653757339962859598-n-768x541.jpg 768w, https:\/\/vosgesinfo.fr\/app\/uploads\/sites\/3\/2025\/07\/518315415-1268025001999549-6653757339962859598-n-1536x1083.jpg 1536w\" sizes=\"(max-width: 2000px) 100vw, 2000px\" \/><\/a><p id=\"caption-attachment-133709\" class=\"wp-caption-text\">photo Vosgelis<\/p><\/div>\n<h2><strong>A Thaon-les-Vosges, dans le quartier Port et Plage, un moment fort a r\u00e9uni habitants, partenaires et \u00e9lus autour d\u2019un projet qui incarne tout le sens de notre m\u00e9tier : la remise des cl\u00e9s de 26 logements neufs \u00e0 leurs heureux locataires. Un b\u00e2timent de trois \u00e9tages, presque enti\u00e8rement construit en bois vosgien, all\u00e9e de la Bruy\u00e8re, vient concr\u00e9tiser une vision : celle d\u2019un habitat \u00e0 la fois \u00e9cologique, accessible et profond\u00e9ment humain.<\/strong><\/h2>\n<p data-start=\"758\" data-end=\"812\"><strong data-start=\"758\" data-end=\"812\">Un b\u00e2timent exemplaire sur le plan environnemental<\/strong><\/p>\n<p data-start=\"814\" data-end=\"1235\">Port\u00e9 par Vosgelis et r\u00e9alis\u00e9 par Les Constructeurs du Bois, ce programme r\u00e9sidentiel fait figure d\u2019exemple. Construit dans une d\u00e9marche de haute performance environnementale, il r\u00e9pond \u00e0 la norme RE2028 et affiche une \u00e9tiquette \u00e9nerg\u00e9tique A. L\u2019isolation est assur\u00e9e par des mat\u00e9riaux naturels \u2013 laine et fibre de bois dense \u2013 et les besoins en chauffage et en eau chaude sont couverts par une chaudi\u00e8re bois collective.<\/p>\n<p data-start=\"1237\" data-end=\"1491\">L\u2019ossature bois du b\u00e2timent, \u00e0 l\u2019exception du socle en b\u00e9ton, t\u00e9moigne d\u2019un engagement fort en faveur de la construction durable et de l\u2019\u00e9conomie locale. Un projet enracin\u00e9 dans les Vosges, qui conjugue innovation technique et respect de l\u2019environnement.<\/p>\n<p data-start=\"1493\" data-end=\"1543\"><strong data-start=\"1493\" data-end=\"1543\">Un logement digne, accessible et adapt\u00e9 \u00e0 tous<\/strong><\/p>\n<p data-start=\"1545\" data-end=\"1978\">Mais l\u2019exemplarit\u00e9 ne s\u2019arr\u00eate pas aux murs. Ces 26 logements \u2013 T2 et T3 \u2013 sont con\u00e7us pour r\u00e9pondre aux besoins de chacun : retrait\u00e9s anticipant leur avenir, personnes \u00e0 mobilit\u00e9 r\u00e9duite, familles modestes en qu\u00eate d\u2019un cadre de vie serein. Chaque appartement dispose d\u2019un balcon, d\u2019une salle de bains adapt\u00e9e, et est desservi par un ascenseur. Le tout \u00e0 proximit\u00e9 imm\u00e9diate des commerces et transports, pour un quotidien simplifi\u00e9.<\/p>\n<p data-start=\"1980\" data-end=\"2219\">Avec des loyers nets allant de 269 \u20ac \u00e0 477 \u20ac par mois, ces logements restent accessibles \u00e0 plus de 70 % de la population. Un levier essentiel pour favoriser la mixit\u00e9 sociale et soutenir le parcours r\u00e9sidentiel des habitants du territoire.<\/p>\n<p data-start=\"2221\" data-end=\"2257\"><strong data-start=\"2221\" data-end=\"2257\">Un partenariat qui donne du sens<\/strong><\/p>\n<p data-start=\"2259\" data-end=\"2593\">Ce projet est aussi le fruit d\u2019une collaboration r\u00e9ussie entre Vosgelis, la Ville de Thaon-les-Vosges et le promoteur Les Constructeurs du Bois. Lors de la c\u00e9r\u00e9monie, notre directeur g\u00e9n\u00e9ral a tenu \u00e0 souligner la qualit\u00e9 du travail accompli et des relations partenariales, sans lesquelles ce type d\u2019op\u00e9ration ne pourrait voir le jour.<\/p>\n<p data-start=\"2595\" data-end=\"2820\">R\u00e9pondre \u00e0 la demande l\u00e0 o\u00f9 elle se manifeste, avec une offre de qualit\u00e9, durable et conforme aux attentes des habitants : c\u2019est non seulement possible, c\u2019est essentiel. Et c\u2019est collectivement que nous avons su le d\u00e9montrer.<\/p>\n","protected":false},"excerpt":{"rendered":"<p>A Thaon-les-Vosges, dans le quartier Port et Plage, un moment fort a r\u00e9uni habitants, partenaires et \u00e9lus autour d\u2019un projet [&hellip;]<\/p>\n","protected":false},"author":52,"featured_media":133709,"comment_status":"open","ping_status":"open","sticky":false,"template":"","format":"standard","meta":{"footnotes":""},"categories":[22,24,93],"tags":[9211,213,1762],"class_list":["post-133708","post","type-post","status-publish","format-standard","has-post-thumbnail","hentry","category-a-la-une","category-epinal","category-thaon-les-vosges","tag-logements","tag-thaon-les-vosges","tag-vosgelis"],"acf":[],"yoast_head":"<!-- This site is optimized with the Yoast SEO plugin v22.5 - https:\/\/yoast.com\/wordpress\/plugins\/seo\/ -->\n<title>Un nouvel horizon \u00e0 Thaon-les-Vosges : 26 logements bois, durables et accessibles, remis \u00e0 leurs habitants - Epinal Info<\/title>\n<meta name=\"robots\" content=\"index, follow, max-snippet:-1, max-image-preview:large, max-video-preview:-1\" \/>\n<link rel=\"canonical\" href=\"https:\/\/vosgesinfo.fr\/epinalinfo\/2025\/07\/un-nouvel-horizon-a-thaon-les-vosges-26-logements-bois-durables-et-accessibles-remis-a-leurs-habitants\/\" \/>\n<meta name=\"twitter:card\" content=\"summary_large_image\" \/>\n<meta name=\"twitter:title\" content=\"Un nouvel horizon \u00e0 Thaon-les-Vosges : 26 logements bois, durables et accessibles, remis \u00e0 leurs habitants - Epinal Info\" \/>\n<meta name=\"twitter:description\" content=\"A Thaon-les-Vosges, dans le quartier Port et Plage, un moment fort a r\u00e9uni habitants, partenaires et \u00e9lus autour d\u2019un projet [&hellip;]\" \/>\n<meta name=\"twitter:image\" content=\"https:\/\/vosgesinfo.fr\/app\/uploads\/sites\/3\/2025\/07\/518315415-1268025001999549-6653757339962859598-n.jpg\" \/>\n<meta name=\"twitter:creator\" content=\"@VosgesInfo88\" \/>\n<meta name=\"twitter:site\" content=\"@VosgesInfo88\" \/>\n<meta name=\"twitter:label1\" content=\"\u00c9crit par\" \/>\n\t<meta name=\"twitter:data1\" content=\"C.K.\" \/>\n\t<meta name=\"twitter:label2\" content=\"Dur\u00e9e de lecture estim\u00e9e\" \/>\n\t<meta name=\"twitter:data2\" content=\"2 minutes\" \/>\n<script type=\"application\/ld+json\" class=\"yoast-schema-graph\">{\"@context\":\"https:\/\/schema.org\",\"@graph\":[{\"@type\":\"Article\",\"@id\":\"https:\/\/vosgesinfo.fr\/epinalinfo\/2025\/07\/un-nouvel-horizon-a-thaon-les-vosges-26-logements-bois-durables-et-accessibles-remis-a-leurs-habitants\/#article\",\"isPartOf\":{\"@id\":\"https:\/\/vosgesinfo.fr\/epinalinfo\/2025\/07\/un-nouvel-horizon-a-thaon-les-vosges-26-logements-bois-durables-et-accessibles-remis-a-leurs-habitants\/\"},\"author\":{\"name\":\"C.K.\",\"@id\":\"https:\/\/vosgesinfo.fr\/epinalinfo\/#\/schema\/person\/6f9a650eeea99d969b6c4ab78fccbe81\"},\"headline\":\"Un nouvel horizon \u00e0 Thaon-les-Vosges : 26 logements bois, durables et accessibles, remis \u00e0 leurs habitants\",\"datePublished\":\"2025-07-10T05:08:19+00:00\",\"dateModified\":\"2025-07-09T15:13:36+00:00\",\"mainEntityOfPage\":{\"@id\":\"https:\/\/vosgesinfo.fr\/epinalinfo\/2025\/07\/un-nouvel-horizon-a-thaon-les-vosges-26-logements-bois-durables-et-accessibles-remis-a-leurs-habitants\/\"},\"wordCount\":450,\"commentCount\":1,\"publisher\":{\"@id\":\"https:\/\/vosgesinfo.fr\/epinalinfo\/#organization\"},\"image\":{\"@id\":\"https:\/\/vosgesinfo.fr\/epinalinfo\/2025\/07\/un-nouvel-horizon-a-thaon-les-vosges-26-logements-bois-durables-et-accessibles-remis-a-leurs-habitants\/#primaryimage\"},\"thumbnailUrl\":\"https:\/\/vosgesinfo.fr\/app\/uploads\/sites\/3\/2025\/07\/518315415-1268025001999549-6653757339962859598-n.jpg\",\"keywords\":[\"logements\",\"Thaon-l\u00e8s-Vosges\",\"Vosgelis\"],\"articleSection\":[\"A la Une\",\"Epinal\",\"Thaon-les-Vosges\"],\"inLanguage\":\"fr-FR\",\"potentialAction\":[{\"@type\":\"CommentAction\",\"name\":\"Comment\",\"target\":[\"https:\/\/vosgesinfo.fr\/epinalinfo\/2025\/07\/un-nouvel-horizon-a-thaon-les-vosges-26-logements-bois-durables-et-accessibles-remis-a-leurs-habitants\/#respond\"]}]},{\"@type\":\"WebPage\",\"@id\":\"https:\/\/vosgesinfo.fr\/epinalinfo\/2025\/07\/un-nouvel-horizon-a-thaon-les-vosges-26-logements-bois-durables-et-accessibles-remis-a-leurs-habitants\/\",\"url\":\"https:\/\/vosgesinfo.fr\/epinalinfo\/2025\/07\/un-nouvel-horizon-a-thaon-les-vosges-26-logements-bois-durables-et-accessibles-remis-a-leurs-habitants\/\",\"name\":\"Un nouvel horizon \u00e0 Thaon-les-Vosges : 26 logements bois, durables et accessibles, remis \u00e0 leurs habitants - Epinal Info\",\"isPartOf\":{\"@id\":\"https:\/\/vosgesinfo.fr\/epinalinfo\/#website\"},\"primaryImageOfPage\":{\"@id\":\"https:\/\/vosgesinfo.fr\/epinalinfo\/2025\/07\/un-nouvel-horizon-a-thaon-les-vosges-26-logements-bois-durables-et-accessibles-remis-a-leurs-habitants\/#primaryimage\"},\"image\":{\"@id\":\"https:\/\/vosgesinfo.fr\/epinalinfo\/2025\/07\/un-nouvel-horizon-a-thaon-les-vosges-26-logements-bois-durables-et-accessibles-remis-a-leurs-habitants\/#primaryimage\"},\"thumbnailUrl\":\"https:\/\/vosgesinfo.fr\/app\/uploads\/sites\/3\/2025\/07\/518315415-1268025001999549-6653757339962859598-n.jpg\",\"datePublished\":\"2025-07-10T05:08:19+00:00\",\"dateModified\":\"2025-07-09T15:13:36+00:00\",\"breadcrumb\":{\"@id\":\"https:\/\/vosgesinfo.fr\/epinalinfo\/2025\/07\/un-nouvel-horizon-a-thaon-les-vosges-26-logements-bois-durables-et-accessibles-remis-a-leurs-habitants\/#breadcrumb\"},\"inLanguage\":\"fr-FR\",\"potentialAction\":[{\"@type\":\"ReadAction\",\"target\":[\"https:\/\/vosgesinfo.fr\/epinalinfo\/2025\/07\/un-nouvel-horizon-a-thaon-les-vosges-26-logements-bois-durables-et-accessibles-remis-a-leurs-habitants\/\"]}]},{\"@type\":\"ImageObject\",\"inLanguage\":\"fr-FR\",\"@id\":\"https:\/\/vosgesinfo.fr\/epinalinfo\/2025\/07\/un-nouvel-horizon-a-thaon-les-vosges-26-logements-bois-durables-et-accessibles-remis-a-leurs-habitants\/#primaryimage\",\"url\":\"https:\/\/vosgesinfo.fr\/app\/uploads\/sites\/3\/2025\/07\/518315415-1268025001999549-6653757339962859598-n.jpg\",\"contentUrl\":\"https:\/\/vosgesinfo.fr\/app\/uploads\/sites\/3\/2025\/07\/518315415-1268025001999549-6653757339962859598-n.jpg\",\"width\":2000,\"height\":1410,\"caption\":\"photo Vosgelis\"},{\"@type\":\"BreadcrumbList\",\"@id\":\"https:\/\/vosgesinfo.fr\/epinalinfo\/2025\/07\/un-nouvel-horizon-a-thaon-les-vosges-26-logements-bois-durables-et-accessibles-remis-a-leurs-habitants\/#breadcrumb\",\"itemListElement\":[{\"@type\":\"ListItem\",\"position\":1,\"name\":\"Home\",\"item\":\"https:\/\/vosgesinfo.fr\/epinalinfo\/\"},{\"@type\":\"ListItem\",\"position\":2,\"name\":\"Un nouvel horizon \u00e0 Thaon-les-Vosges : 26 logements bois, durables et accessibles, remis \u00e0 leurs habitants\"}]},{\"@type\":\"WebSite\",\"@id\":\"https:\/\/vosgesinfo.fr\/epinalinfo\/#website\",\"url\":\"https:\/\/vosgesinfo.fr\/epinalinfo\/\",\"name\":\"Epinal Info\",\"description\":\"Toute l&#039;actualit\u00e9 d&#039;\u00c9pinal\",\"publisher\":{\"@id\":\"https:\/\/vosgesinfo.fr\/epinalinfo\/#organization\"},\"alternateName\":\"Toute l'actualit\u00e9 d'\u00c9pinal\",\"potentialAction\":[{\"@type\":\"SearchAction\",\"target\":{\"@type\":\"EntryPoint\",\"urlTemplate\":\"https:\/\/vosgesinfo.fr\/epinalinfo\/?s={search_term_string}\"},\"query-input\":\"required name=search_term_string\"}],\"inLanguage\":\"fr-FR\"},{\"@type\":\"Organization\",\"@id\":\"https:\/\/vosgesinfo.fr\/epinalinfo\/#organization\",\"name\":\"Epinal Info\",\"url\":\"https:\/\/vosgesinfo.fr\/epinalinfo\/\",\"logo\":{\"@type\":\"ImageObject\",\"inLanguage\":\"fr-FR\",\"@id\":\"https:\/\/vosgesinfo.fr\/epinalinfo\/#\/schema\/logo\/image\/\",\"url\":\"https:\/\/vosgesinfo.fr\/app\/uploads\/sites\/3\/2023\/08\/logo-epinalinfos.svg\",\"contentUrl\":\"https:\/\/vosgesinfo.fr\/app\/uploads\/sites\/3\/2023\/08\/logo-epinalinfos.svg\",\"width\":1,\"height\":1,\"caption\":\"Epinal Info\"},\"image\":{\"@id\":\"https:\/\/vosgesinfo.fr\/epinalinfo\/#\/schema\/logo\/image\/\"},\"sameAs\":[\"https:\/\/www.facebook.com\/Epinalinfos\",\"https:\/\/x.com\/VosgesInfo88\",\"https:\/\/www.youtube.com\/@vosgesinfo\"]},{\"@type\":\"Person\",\"@id\":\"https:\/\/vosgesinfo.fr\/epinalinfo\/#\/schema\/person\/6f9a650eeea99d969b6c4ab78fccbe81\",\"name\":\"C.K.\",\"image\":{\"@type\":\"ImageObject\",\"inLanguage\":\"fr-FR\",\"@id\":\"https:\/\/vosgesinfo.fr\/epinalinfo\/#\/schema\/person\/image\/\",\"url\":\"https:\/\/secure.gravatar.com\/avatar\/48e3fc7f8421ba8942be6b74a2b7f014ca39bc00dece156b7a8e098ae7dc87bf?s=96&d=mm&r=g\",\"contentUrl\":\"https:\/\/secure.gravatar.com\/avatar\/48e3fc7f8421ba8942be6b74a2b7f014ca39bc00dece156b7a8e098ae7dc87bf?s=96&d=mm&r=g\",\"caption\":\"C.K.\"},\"url\":\"https:\/\/vosgesinfo.fr\/epinalinfo\/author\/celia-k-n\/\"}]}<\/script>\n<!-- \/ Yoast SEO plugin. -->","yoast_head_json":{"title":"Un nouvel horizon \u00e0 Thaon-les-Vosges : 26 logements bois, durables et accessibles, remis \u00e0 leurs habitants - Epinal Info","robots":{"index":"index","follow":"follow","max-snippet":"max-snippet:-1","max-image-preview":"max-image-preview:large","max-video-preview":"max-video-preview:-1"},"canonical":"https:\/\/vosgesinfo.fr\/epinalinfo\/2025\/07\/un-nouvel-horizon-a-thaon-les-vosges-26-logements-bois-durables-et-accessibles-remis-a-leurs-habitants\/","twitter_card":"summary_large_image","twitter_title":"Un nouvel horizon \u00e0 Thaon-les-Vosges : 26 logements bois, durables et accessibles, remis \u00e0 leurs habitants - Epinal Info","twitter_description":"A Thaon-les-Vosges, dans le quartier Port et Plage, un moment fort a r\u00e9uni habitants, partenaires et \u00e9lus autour d\u2019un projet [&hellip;]","twitter_image":"https:\/\/vosgesinfo.fr\/app\/uploads\/sites\/3\/2025\/07\/518315415-1268025001999549-6653757339962859598-n.jpg","twitter_creator":"@VosgesInfo88","twitter_site":"@VosgesInfo88","twitter_misc":{"\u00c9crit par":"C.K.","Dur\u00e9e de lecture estim\u00e9e":"2 minutes"},"schema":{"@context":"https:\/\/schema.org","@graph":[{"@type":"Article","@id":"https:\/\/vosgesinfo.fr\/epinalinfo\/2025\/07\/un-nouvel-horizon-a-thaon-les-vosges-26-logements-bois-durables-et-accessibles-remis-a-leurs-habitants\/#article","isPartOf":{"@id":"https:\/\/vosgesinfo.fr\/epinalinfo\/2025\/07\/un-nouvel-horizon-a-thaon-les-vosges-26-logements-bois-durables-et-accessibles-remis-a-leurs-habitants\/"},"author":{"name":"C.K.","@id":"https:\/\/vosgesinfo.fr\/epinalinfo\/#\/schema\/person\/6f9a650eeea99d969b6c4ab78fccbe81"},"headline":"Un nouvel horizon \u00e0 Thaon-les-Vosges : 26 logements bois, durables et accessibles, remis \u00e0 leurs habitants","datePublished":"2025-07-10T05:08:19+00:00","dateModified":"2025-07-09T15:13:36+00:00","mainEntityOfPage":{"@id":"https:\/\/vosgesinfo.fr\/epinalinfo\/2025\/07\/un-nouvel-horizon-a-thaon-les-vosges-26-logements-bois-durables-et-accessibles-remis-a-leurs-habitants\/"},"wordCount":450,"commentCount":1,"publisher":{"@id":"https:\/\/vosgesinfo.fr\/epinalinfo\/#organization"},"image":{"@id":"https:\/\/vosgesinfo.fr\/epinalinfo\/2025\/07\/un-nouvel-horizon-a-thaon-les-vosges-26-logements-bois-durables-et-accessibles-remis-a-leurs-habitants\/#primaryimage"},"thumbnailUrl":"https:\/\/vosgesinfo.fr\/app\/uploads\/sites\/3\/2025\/07\/518315415-1268025001999549-6653757339962859598-n.jpg","keywords":["logements","Thaon-l\u00e8s-Vosges","Vosgelis"],"articleSection":["A la Une","Epinal","Thaon-les-Vosges"],"inLanguage":"fr-FR","potentialAction":[{"@type":"CommentAction","name":"Comment","target":["https:\/\/vosgesinfo.fr\/epinalinfo\/2025\/07\/un-nouvel-horizon-a-thaon-les-vosges-26-logements-bois-durables-et-accessibles-remis-a-leurs-habitants\/#respond"]}]},{"@type":"WebPage","@id":"https:\/\/vosgesinfo.fr\/epinalinfo\/2025\/07\/un-nouvel-horizon-a-thaon-les-vosges-26-logements-bois-durables-et-accessibles-remis-a-leurs-habitants\/","url":"https:\/\/vosgesinfo.fr\/epinalinfo\/2025\/07\/un-nouvel-horizon-a-thaon-les-vosges-26-logements-bois-durables-et-accessibles-remis-a-leurs-habitants\/","name":"Un nouvel horizon \u00e0 Thaon-les-Vosges : 26 logements bois, durables et accessibles, remis \u00e0 leurs habitants - Epinal Info","isPartOf":{"@id":"https:\/\/vosgesinfo.fr\/epinalinfo\/#website"},"primaryImageOfPage":{"@id":"https:\/\/vosgesinfo.fr\/epinalinfo\/2025\/07\/un-nouvel-horizon-a-thaon-les-vosges-26-logements-bois-durables-et-accessibles-remis-a-leurs-habitants\/#primaryimage"},"image":{"@id":"https:\/\/vosgesinfo.fr\/epinalinfo\/2025\/07\/un-nouvel-horizon-a-thaon-les-vosges-26-logements-bois-durables-et-accessibles-remis-a-leurs-habitants\/#primaryimage"},"thumbnailUrl":"https:\/\/vosgesinfo.fr\/app\/uploads\/sites\/3\/2025\/07\/518315415-1268025001999549-6653757339962859598-n.jpg","datePublished":"2025-07-10T05:08:19+00:00","dateModified":"2025-07-09T15:13:36+00:00","breadcrumb":{"@id":"https:\/\/vosgesinfo.fr\/epinalinfo\/2025\/07\/un-nouvel-horizon-a-thaon-les-vosges-26-logements-bois-durables-et-accessibles-remis-a-leurs-habitants\/#breadcrumb"},"inLanguage":"fr-FR","potentialAction":[{"@type":"ReadAction","target":["https:\/\/vosgesinfo.fr\/epinalinfo\/2025\/07\/un-nouvel-horizon-a-thaon-les-vosges-26-logements-bois-durables-et-accessibles-remis-a-leurs-habitants\/"]}]},{"@type":"ImageObject","inLanguage":"fr-FR","@id":"https:\/\/vosgesinfo.fr\/epinalinfo\/2025\/07\/un-nouvel-horizon-a-thaon-les-vosges-26-logements-bois-durables-et-accessibles-remis-a-leurs-habitants\/#primaryimage","url":"https:\/\/vosgesinfo.fr\/app\/uploads\/sites\/3\/2025\/07\/518315415-1268025001999549-6653757339962859598-n.jpg","contentUrl":"https:\/\/vosgesinfo.fr\/app\/uploads\/sites\/3\/2025\/07\/518315415-1268025001999549-6653757339962859598-n.jpg","width":2000,"height":1410,"caption":"photo Vosgelis"},{"@type":"BreadcrumbList","@id":"https:\/\/vosgesinfo.fr\/epinalinfo\/2025\/07\/un-nouvel-horizon-a-thaon-les-vosges-26-logements-bois-durables-et-accessibles-remis-a-leurs-habitants\/#breadcrumb","itemListElement":[{"@type":"ListItem","position":1,"name":"Home","item":"https:\/\/vosgesinfo.fr\/epinalinfo\/"},{"@type":"ListItem","position":2,"name":"Un nouvel horizon \u00e0 Thaon-les-Vosges : 26 logements bois, durables et accessibles, remis \u00e0 leurs habitants"}]},{"@type":"WebSite","@id":"https:\/\/vosgesinfo.fr\/epinalinfo\/#website","url":"https:\/\/vosgesinfo.fr\/epinalinfo\/","name":"Epinal Info","description":"Toute l&#039;actualit\u00e9 d&#039;\u00c9pinal","publisher":{"@id":"https:\/\/vosgesinfo.fr\/epinalinfo\/#organization"},"alternateName":"Toute l'actualit\u00e9 d'\u00c9pinal","potentialAction":[{"@type":"SearchAction","target":{"@type":"EntryPoint","urlTemplate":"https:\/\/vosgesinfo.fr\/epinalinfo\/?s={search_term_string}"},"query-input":"required name=search_term_string"}],"inLanguage":"fr-FR"},{"@type":"Organization","@id":"https:\/\/vosgesinfo.fr\/epinalinfo\/#organization","name":"Epinal Info","url":"https:\/\/vosgesinfo.fr\/epinalinfo\/","logo":{"@type":"ImageObject","inLanguage":"fr-FR","@id":"https:\/\/vosgesinfo.fr\/epinalinfo\/#\/schema\/logo\/image\/","url":"https:\/\/vosgesinfo.fr\/app\/uploads\/sites\/3\/2023\/08\/logo-epinalinfos.svg","contentUrl":"https:\/\/vosgesinfo.fr\/app\/uploads\/sites\/3\/2023\/08\/logo-epinalinfos.svg","width":1,"height":1,"caption":"Epinal Info"},"image":{"@id":"https:\/\/vosgesinfo.fr\/epinalinfo\/#\/schema\/logo\/image\/"},"sameAs":["https:\/\/www.facebook.com\/Epinalinfos","https:\/\/x.com\/VosgesInfo88","https:\/\/www.youtube.com\/@vosgesinfo"]},{"@type":"Person","@id":"https:\/\/vosgesinfo.fr\/epinalinfo\/#\/schema\/person\/6f9a650eeea99d969b6c4ab78fccbe81","name":"C.K.","image":{"@type":"ImageObject","inLanguage":"fr-FR","@id":"https:\/\/vosgesinfo.fr\/epinalinfo\/#\/schema\/person\/image\/","url":"https:\/\/secure.gravatar.com\/avatar\/48e3fc7f8421ba8942be6b74a2b7f014ca39bc00dece156b7a8e098ae7dc87bf?s=96&d=mm&r=g","contentUrl":"https:\/\/secure.gravatar.com\/avatar\/48e3fc7f8421ba8942be6b74a2b7f014ca39bc00dece156b7a8e098ae7dc87bf?s=96&d=mm&r=g","caption":"C.K."},"url":"https:\/\/vosgesinfo.fr\/epinalinfo\/author\/celia-k-n\/"}]}},"_links":{"self":[{"href":"https:\/\/vosgesinfo.fr\/epinalinfo\/wp-json\/wp\/v2\/posts\/133708","targetHints":{"allow":["GET"]}}],"collection":[{"href":"https:\/\/vosgesinfo.fr\/epinalinfo\/wp-json\/wp\/v2\/posts"}],"about":[{"href":"https:\/\/vosgesinfo.fr\/epinalinfo\/wp-json\/wp\/v2\/types\/post"}],"author":[{"embeddable":true,"href":"https:\/\/vosgesinfo.fr\/epinalinfo\/wp-json\/wp\/v2\/users\/52"}],"replies":[{"embeddable":true,"href":"https:\/\/vosgesinfo.fr\/epinalinfo\/wp-json\/wp\/v2\/comments?post=133708"}],"version-history":[{"count":1,"href":"https:\/\/vosgesinfo.fr\/epinalinfo\/wp-json\/wp\/v2\/posts\/133708\/revisions"}],"predecessor-version":[{"id":133710,"href":"https:\/\/vosgesinfo.fr\/epinalinfo\/wp-json\/wp\/v2\/posts\/133708\/revisions\/133710"}],"wp:featuredmedia":[{"embeddable":true,"href":"https:\/\/vosgesinfo.fr\/epinalinfo\/wp-json\/wp\/v2\/media\/133709"}],"wp:attachment":[{"href":"https:\/\/vosgesinfo.fr\/epinalinfo\/wp-json\/wp\/v2\/media?parent=133708"}],"wp:term":[{"taxonomy":"category","embeddable":true,"href":"https:\/\/vosgesinfo.fr\/epinalinfo\/wp-json\/wp\/v2\/categories?post=133708"},{"taxonomy":"post_tag","embeddable":true,"href":"https:\/\/vosgesinfo.fr\/epinalinfo\/wp-json\/wp\/v2\/tags?post=133708"}],"curies":[{"name":"wp","href":"https:\/\/api.w.org\/{rel}","templated":true}]}}