{"id":133713,"date":"2025-07-10T12:35:35","date_gmt":"2025-07-10T10:35:35","guid":{"rendered":"https:\/\/vosgesinfo.fr\/epinalinfo\/?p=133713"},"modified":"2025-07-10T12:30:41","modified_gmt":"2025-07-10T10:30:41","slug":"grande-braderie-chez-tgv-industries-a-valrupt","status":"publish","type":"post","link":"https:\/\/vosgesinfo.fr\/epinalinfo\/2025\/07\/grande-braderie-chez-tgv-industries-a-valrupt\/","title":{"rendered":"Grande Braderie chez TGV Industries \u00e0 Valrupt"},"content":{"rendered":"<h2 data-start=\"167\" data-end=\"442\"><strong><a href=\"https:\/\/vosgesinfo.fr\/app\/uploads\/sites\/3\/2025\/07\/received-1011589611048547.jpeg\"><img decoding=\"async\" class=\"aligncenter size-full wp-image-133714\" src=\"https:\/\/vosgesinfo.fr\/app\/uploads\/sites\/3\/2025\/07\/received-1011589611048547.jpeg\" alt=\"\" width=\"2048\" height=\"1153\" srcset=\"https:\/\/vosgesinfo.fr\/app\/uploads\/sites\/3\/2025\/07\/received-1011589611048547.jpeg 2048w, https:\/\/vosgesinfo.fr\/app\/uploads\/sites\/3\/2025\/07\/received-1011589611048547-300x169.jpeg 300w, https:\/\/vosgesinfo.fr\/app\/uploads\/sites\/3\/2025\/07\/received-1011589611048547-1024x577.jpeg 1024w, https:\/\/vosgesinfo.fr\/app\/uploads\/sites\/3\/2025\/07\/received-1011589611048547-768x432.jpeg 768w, https:\/\/vosgesinfo.fr\/app\/uploads\/sites\/3\/2025\/07\/received-1011589611048547-1536x865.jpeg 1536w\" sizes=\"(max-width: 2048px) 100vw, 2048px\" \/><\/a>Envie de bonnes affaires pour votre linge de maison ? Ne manquez pas la braderie exceptionnelle organis\u00e9e par TGV Industries \u00e0 Valrupt, au 14 rue de la Lib\u00e9ration, 88360 Rupt-sur-Moselle. Rendez-vous du vendredi 10 au samedi 12 juillet, de 9h \u00e0 18h non-stop !<\/strong><\/h2>\n<h3 data-start=\"444\" data-end=\"476\">Un large choix \u00e0 prix brad\u00e9s<\/h3>\n<p data-start=\"478\" data-end=\"571\">Sur place, vous trouverez une s\u00e9lection incroyable d\u2019articles de qualit\u00e9 \u00e0 prix imbattables :<\/p>\n<p data-start=\"573\" data-end=\"597\">\ud83d\udecf\ufe0f <strong data-start=\"577\" data-end=\"595\">Linge de lit :<\/strong><\/p>\n<ul data-start=\"598\" data-end=\"871\">\n<li data-start=\"598\" data-end=\"667\">\n<p data-start=\"600\" data-end=\"667\">Draps plats, draps housse, taies d\u2019oreiller et taies de traversin<\/p>\n<\/li>\n<li data-start=\"668\" data-end=\"750\">\n<p data-start=\"670\" data-end=\"750\">Mati\u00e8res haut de gamme : percale de coton, satin, gaze de coton, coton 57 fils<\/p>\n<\/li>\n<li data-start=\"751\" data-end=\"803\">\n<p data-start=\"753\" data-end=\"803\">Parures imprim\u00e9es ou \u00e0 composer selon vos envies<\/p>\n<\/li>\n<li data-start=\"804\" data-end=\"871\">\n<p data-start=\"806\" data-end=\"871\">Articles de <strong data-start=\"818\" data-end=\"836\">deuxi\u00e8me choix<\/strong> pour faire encore plus d\u2019\u00e9conomies<\/p>\n<\/li>\n<\/ul>\n<p data-start=\"873\" data-end=\"1041\">\ud83d\udee1\ufe0f <strong data-start=\"877\" data-end=\"915\">Protection literie vendue au poids<\/strong><br data-start=\"915\" data-end=\"918\" \/>\ud83d\udecc <strong data-start=\"921\" data-end=\"946\">Couettes et oreillers<\/strong> pour tous les go\u00fbts<br data-start=\"966\" data-end=\"969\" \/>\ud83d\udec1 <strong data-start=\"972\" data-end=\"1011\">Peignoirs et serviettes de toilette<\/strong>, ainsi que <strong data-start=\"1023\" data-end=\"1041\">draps de plage<\/strong><\/p>\n<p data-start=\"1043\" data-end=\"1155\">\ud83e\uddf5 <strong data-start=\"1046\" data-end=\"1065\">Chutes de coupe<\/strong> de divers coloris et <strong data-start=\"1087\" data-end=\"1120\">paquets de chutes de molleton<\/strong> pour vos cr\u00e9ations ou projets DIY.<\/p>\n<h3 data-start=\"1157\" data-end=\"1178\">Infos pratiques :<\/h3>\n<p data-start=\"1179\" data-end=\"1360\">\ud83d\udccd <strong data-start=\"1182\" data-end=\"1195\">Adresse :<\/strong> 14 rue de la Lib\u00e9ration, 88360 Rupt-sur-Moselle<br data-start=\"1243\" data-end=\"1246\" \/>\ud83d\udd58 <strong data-start=\"1249\" data-end=\"1263\">Horaires :<\/strong> de 9h \u00e0 18h non-stop, <strong data-start=\"1286\" data-end=\"1325\">du vendredi 10 au samedi 12 juillet<\/strong><br data-start=\"1325\" data-end=\"1328\" \/>\ud83d\ude97 <strong data-start=\"1331\" data-end=\"1360\">Parking gratuit sur place<\/strong><\/p>\n<hr data-start=\"1362\" data-end=\"1365\" \/>\n<p data-start=\"1367\" data-end=\"1572\"><strong data-start=\"1367\" data-end=\"1438\">Profitez-en pour faire le plein de bonnes affaires made in Vosges !<\/strong> Que vous cherchiez \u00e0 renouveler votre linge de maison ou \u00e0 trouver du tissu pour vos projets, cette braderie est l\u2019occasion id\u00e9ale.<\/p>\n\n\t\t<style type=\"text\/css\">\n\t\t\t#gallery-1 {\n\t\t\t\tmargin: auto;\n\t\t\t}\n\t\t\t#gallery-1 .gallery-item {\n\t\t\t\tfloat: left;\n\t\t\t\tmargin-top: 10px;\n\t\t\t\ttext-align: center;\n\t\t\t\twidth: 33%;\n\t\t\t}\n\t\t\t#gallery-1 img {\n\t\t\t\tborder: 2px solid #cfcfcf;\n\t\t\t}\n\t\t\t#gallery-1 .gallery-caption {\n\t\t\t\tmargin-left: 0;\n\t\t\t}\n\t\t\t\/* see gallery_shortcode() in wp-includes\/media.php *\/\n\t\t<\/style>\n\t\t<div id='gallery-1' class='gallery galleryid-133713 gallery-columns-3 gallery-size-large'><dl class='gallery-item'>\n\t\t\t<dt class='gallery-icon landscape'>\n\t\t\t\t<a href='https:\/\/vosgesinfo.fr\/app\/uploads\/sites\/3\/2025\/07\/received-24420228324262088.jpeg'><img decoding=\"async\" width=\"1024\" height=\"577\" src=\"https:\/\/vosgesinfo.fr\/app\/uploads\/sites\/3\/2025\/07\/received-24420228324262088-1024x577.jpeg\" class=\"attachment-large size-large\" alt=\"\" srcset=\"https:\/\/vosgesinfo.fr\/app\/uploads\/sites\/3\/2025\/07\/received-24420228324262088-1024x577.jpeg 1024w, https:\/\/vosgesinfo.fr\/app\/uploads\/sites\/3\/2025\/07\/received-24420228324262088-300x169.jpeg 300w, https:\/\/vosgesinfo.fr\/app\/uploads\/sites\/3\/2025\/07\/received-24420228324262088-768x432.jpeg 768w, https:\/\/vosgesinfo.fr\/app\/uploads\/sites\/3\/2025\/07\/received-24420228324262088-1536x865.jpeg 1536w, https:\/\/vosgesinfo.fr\/app\/uploads\/sites\/3\/2025\/07\/received-24420228324262088.jpeg 2048w\" sizes=\"(max-width: 1024px) 100vw, 1024px\" \/><\/a>\n\t\t\t<\/dt><\/dl><dl class='gallery-item'>\n\t\t\t<dt class='gallery-icon landscape'>\n\t\t\t\t<a href='https:\/\/vosgesinfo.fr\/app\/uploads\/sites\/3\/2025\/07\/received-595106093327212.jpeg'><img decoding=\"async\" width=\"1024\" height=\"577\" src=\"https:\/\/vosgesinfo.fr\/app\/uploads\/sites\/3\/2025\/07\/received-595106093327212-1024x577.jpeg\" class=\"attachment-large size-large\" alt=\"\" srcset=\"https:\/\/vosgesinfo.fr\/app\/uploads\/sites\/3\/2025\/07\/received-595106093327212-1024x577.jpeg 1024w, https:\/\/vosgesinfo.fr\/app\/uploads\/sites\/3\/2025\/07\/received-595106093327212-300x169.jpeg 300w, https:\/\/vosgesinfo.fr\/app\/uploads\/sites\/3\/2025\/07\/received-595106093327212-768x432.jpeg 768w, https:\/\/vosgesinfo.fr\/app\/uploads\/sites\/3\/2025\/07\/received-595106093327212-1536x865.jpeg 1536w, https:\/\/vosgesinfo.fr\/app\/uploads\/sites\/3\/2025\/07\/received-595106093327212.jpeg 2048w\" sizes=\"(max-width: 1024px) 100vw, 1024px\" \/><\/a>\n\t\t\t<\/dt><\/dl><dl class='gallery-item'>\n\t\t\t<dt class='gallery-icon landscape'>\n\t\t\t\t<a href='https:\/\/vosgesinfo.fr\/app\/uploads\/sites\/3\/2025\/07\/received-770445652605427.jpeg'><img decoding=\"async\" width=\"1024\" height=\"577\" src=\"https:\/\/vosgesinfo.fr\/app\/uploads\/sites\/3\/2025\/07\/received-770445652605427-1024x577.jpeg\" class=\"attachment-large size-large\" alt=\"\" srcset=\"https:\/\/vosgesinfo.fr\/app\/uploads\/sites\/3\/2025\/07\/received-770445652605427-1024x577.jpeg 1024w, https:\/\/vosgesinfo.fr\/app\/uploads\/sites\/3\/2025\/07\/received-770445652605427-300x169.jpeg 300w, https:\/\/vosgesinfo.fr\/app\/uploads\/sites\/3\/2025\/07\/received-770445652605427-768x432.jpeg 768w, https:\/\/vosgesinfo.fr\/app\/uploads\/sites\/3\/2025\/07\/received-770445652605427-1536x865.jpeg 1536w, https:\/\/vosgesinfo.fr\/app\/uploads\/sites\/3\/2025\/07\/received-770445652605427.jpeg 2048w\" sizes=\"(max-width: 1024px) 100vw, 1024px\" \/><\/a>\n\t\t\t<\/dt><\/dl><br style=\"clear: both\" \/><dl class='gallery-item'>\n\t\t\t<dt class='gallery-icon portrait'>\n\t\t\t\t<a href='https:\/\/vosgesinfo.fr\/app\/uploads\/sites\/3\/2025\/07\/received-2494679940906916.jpeg'><img decoding=\"async\" width=\"577\" height=\"1024\" src=\"https:\/\/vosgesinfo.fr\/app\/uploads\/sites\/3\/2025\/07\/received-2494679940906916-577x1024.jpeg\" class=\"attachment-large size-large\" alt=\"\" srcset=\"https:\/\/vosgesinfo.fr\/app\/uploads\/sites\/3\/2025\/07\/received-2494679940906916-577x1024.jpeg 577w, https:\/\/vosgesinfo.fr\/app\/uploads\/sites\/3\/2025\/07\/received-2494679940906916-169x300.jpeg 169w, https:\/\/vosgesinfo.fr\/app\/uploads\/sites\/3\/2025\/07\/received-2494679940906916-768x1364.jpeg 768w, https:\/\/vosgesinfo.fr\/app\/uploads\/sites\/3\/2025\/07\/received-2494679940906916-865x1536.jpeg 865w, https:\/\/vosgesinfo.fr\/app\/uploads\/sites\/3\/2025\/07\/received-2494679940906916.jpeg 1153w\" sizes=\"(max-width: 577px) 100vw, 577px\" \/><\/a>\n\t\t\t<\/dt><\/dl>\n\t\t\t<br style='clear: both' \/>\n\t\t<\/div>\n\n","protected":false},"excerpt":{"rendered":"<p>Envie de bonnes affaires pour votre linge de maison ? Ne manquez pas la braderie exceptionnelle organis\u00e9e par TGV Industries [&hellip;]<\/p>\n","protected":false},"author":52,"featured_media":133715,"comment_status":"open","ping_status":"open","sticky":false,"template":"","format":"standard","meta":{"footnotes":""},"categories":[22,24,6055],"tags":[],"class_list":["post-133713","post","type-post","status-publish","format-standard","has-post-thumbnail","hentry","category-a-la-une","category-epinal","category-remiremont"],"acf":[],"yoast_head":"<!-- This site is optimized with the Yoast SEO plugin v22.5 - https:\/\/yoast.com\/wordpress\/plugins\/seo\/ -->\n<title>Grande Braderie chez TGV Industries \u00e0 Valrupt - Epinal Info<\/title>\n<meta name=\"robots\" content=\"index, follow, max-snippet:-1, max-image-preview:large, max-video-preview:-1\" \/>\n<link rel=\"canonical\" href=\"https:\/\/vosgesinfo.fr\/epinalinfo\/2025\/07\/grande-braderie-chez-tgv-industries-a-valrupt\/\" \/>\n<meta name=\"twitter:card\" content=\"summary_large_image\" \/>\n<meta name=\"twitter:title\" content=\"Grande Braderie chez TGV Industries \u00e0 Valrupt - Epinal Info\" \/>\n<meta name=\"twitter:description\" content=\"Envie de bonnes affaires pour votre linge de maison ? Ne manquez pas la braderie exceptionnelle organis\u00e9e par TGV Industries [&hellip;]\" \/>\n<meta name=\"twitter:image\" content=\"https:\/\/vosgesinfo.fr\/app\/uploads\/sites\/3\/2025\/07\/received-24420228324262088.jpeg\" \/>\n<meta name=\"twitter:creator\" content=\"@VosgesInfo88\" \/>\n<meta name=\"twitter:site\" content=\"@VosgesInfo88\" \/>\n<meta name=\"twitter:label1\" content=\"\u00c9crit par\" \/>\n\t<meta name=\"twitter:data1\" content=\"C.K.\" \/>\n\t<meta name=\"twitter:label2\" content=\"Dur\u00e9e de lecture estim\u00e9e\" \/>\n\t<meta name=\"twitter:data2\" content=\"1 minute\" \/>\n<script type=\"application\/ld+json\" class=\"yoast-schema-graph\">{\"@context\":\"https:\/\/schema.org\",\"@graph\":[{\"@type\":\"Article\",\"@id\":\"https:\/\/vosgesinfo.fr\/epinalinfo\/2025\/07\/grande-braderie-chez-tgv-industries-a-valrupt\/#article\",\"isPartOf\":{\"@id\":\"https:\/\/vosgesinfo.fr\/epinalinfo\/2025\/07\/grande-braderie-chez-tgv-industries-a-valrupt\/\"},\"author\":{\"name\":\"C.K.\",\"@id\":\"https:\/\/vosgesinfo.fr\/epinalinfo\/#\/schema\/person\/6f9a650eeea99d969b6c4ab78fccbe81\"},\"headline\":\"Grande Braderie chez TGV Industries \u00e0 Valrupt\",\"datePublished\":\"2025-07-10T10:35:35+00:00\",\"dateModified\":\"2025-07-10T10:30:41+00:00\",\"mainEntityOfPage\":{\"@id\":\"https:\/\/vosgesinfo.fr\/epinalinfo\/2025\/07\/grande-braderie-chez-tgv-industries-a-valrupt\/\"},\"wordCount\":215,\"commentCount\":0,\"publisher\":{\"@id\":\"https:\/\/vosgesinfo.fr\/epinalinfo\/#organization\"},\"image\":{\"@id\":\"https:\/\/vosgesinfo.fr\/epinalinfo\/2025\/07\/grande-braderie-chez-tgv-industries-a-valrupt\/#primaryimage\"},\"thumbnailUrl\":\"https:\/\/vosgesinfo.fr\/app\/uploads\/sites\/3\/2025\/07\/received-24420228324262088.jpeg\",\"articleSection\":[\"A la Une\",\"Epinal\",\"Remiremont\"],\"inLanguage\":\"fr-FR\",\"potentialAction\":[{\"@type\":\"CommentAction\",\"name\":\"Comment\",\"target\":[\"https:\/\/vosgesinfo.fr\/epinalinfo\/2025\/07\/grande-braderie-chez-tgv-industries-a-valrupt\/#respond\"]}]},{\"@type\":\"WebPage\",\"@id\":\"https:\/\/vosgesinfo.fr\/epinalinfo\/2025\/07\/grande-braderie-chez-tgv-industries-a-valrupt\/\",\"url\":\"https:\/\/vosgesinfo.fr\/epinalinfo\/2025\/07\/grande-braderie-chez-tgv-industries-a-valrupt\/\",\"name\":\"Grande Braderie chez TGV Industries \u00e0 Valrupt - Epinal Info\",\"isPartOf\":{\"@id\":\"https:\/\/vosgesinfo.fr\/epinalinfo\/#website\"},\"primaryImageOfPage\":{\"@id\":\"https:\/\/vosgesinfo.fr\/epinalinfo\/2025\/07\/grande-braderie-chez-tgv-industries-a-valrupt\/#primaryimage\"},\"image\":{\"@id\":\"https:\/\/vosgesinfo.fr\/epinalinfo\/2025\/07\/grande-braderie-chez-tgv-industries-a-valrupt\/#primaryimage\"},\"thumbnailUrl\":\"https:\/\/vosgesinfo.fr\/app\/uploads\/sites\/3\/2025\/07\/received-24420228324262088.jpeg\",\"datePublished\":\"2025-07-10T10:35:35+00:00\",\"dateModified\":\"2025-07-10T10:30:41+00:00\",\"breadcrumb\":{\"@id\":\"https:\/\/vosgesinfo.fr\/epinalinfo\/2025\/07\/grande-braderie-chez-tgv-industries-a-valrupt\/#breadcrumb\"},\"inLanguage\":\"fr-FR\",\"potentialAction\":[{\"@type\":\"ReadAction\",\"target\":[\"https:\/\/vosgesinfo.fr\/epinalinfo\/2025\/07\/grande-braderie-chez-tgv-industries-a-valrupt\/\"]}]},{\"@type\":\"ImageObject\",\"inLanguage\":\"fr-FR\",\"@id\":\"https:\/\/vosgesinfo.fr\/epinalinfo\/2025\/07\/grande-braderie-chez-tgv-industries-a-valrupt\/#primaryimage\",\"url\":\"https:\/\/vosgesinfo.fr\/app\/uploads\/sites\/3\/2025\/07\/received-24420228324262088.jpeg\",\"contentUrl\":\"https:\/\/vosgesinfo.fr\/app\/uploads\/sites\/3\/2025\/07\/received-24420228324262088.jpeg\",\"width\":2048,\"height\":1153},{\"@type\":\"BreadcrumbList\",\"@id\":\"https:\/\/vosgesinfo.fr\/epinalinfo\/2025\/07\/grande-braderie-chez-tgv-industries-a-valrupt\/#breadcrumb\",\"itemListElement\":[{\"@type\":\"ListItem\",\"position\":1,\"name\":\"Home\",\"item\":\"https:\/\/vosgesinfo.fr\/epinalinfo\/\"},{\"@type\":\"ListItem\",\"position\":2,\"name\":\"Grande Braderie chez TGV Industries \u00e0 Valrupt\"}]},{\"@type\":\"WebSite\",\"@id\":\"https:\/\/vosgesinfo.fr\/epinalinfo\/#website\",\"url\":\"https:\/\/vosgesinfo.fr\/epinalinfo\/\",\"name\":\"Epinal Info\",\"description\":\"Toute l&#039;actualit\u00e9 d&#039;\u00c9pinal\",\"publisher\":{\"@id\":\"https:\/\/vosgesinfo.fr\/epinalinfo\/#organization\"},\"alternateName\":\"Toute l'actualit\u00e9 d'\u00c9pinal\",\"potentialAction\":[{\"@type\":\"SearchAction\",\"target\":{\"@type\":\"EntryPoint\",\"urlTemplate\":\"https:\/\/vosgesinfo.fr\/epinalinfo\/?s={search_term_string}\"},\"query-input\":\"required name=search_term_string\"}],\"inLanguage\":\"fr-FR\"},{\"@type\":\"Organization\",\"@id\":\"https:\/\/vosgesinfo.fr\/epinalinfo\/#organization\",\"name\":\"Epinal Info\",\"url\":\"https:\/\/vosgesinfo.fr\/epinalinfo\/\",\"logo\":{\"@type\":\"ImageObject\",\"inLanguage\":\"fr-FR\",\"@id\":\"https:\/\/vosgesinfo.fr\/epinalinfo\/#\/schema\/logo\/image\/\",\"url\":\"https:\/\/vosgesinfo.fr\/app\/uploads\/sites\/3\/2023\/08\/logo-epinalinfos.svg\",\"contentUrl\":\"https:\/\/vosgesinfo.fr\/app\/uploads\/sites\/3\/2023\/08\/logo-epinalinfos.svg\",\"width\":1,\"height\":1,\"caption\":\"Epinal Info\"},\"image\":{\"@id\":\"https:\/\/vosgesinfo.fr\/epinalinfo\/#\/schema\/logo\/image\/\"},\"sameAs\":[\"https:\/\/www.facebook.com\/Epinalinfos\",\"https:\/\/x.com\/VosgesInfo88\",\"https:\/\/www.youtube.com\/@vosgesinfo\"]},{\"@type\":\"Person\",\"@id\":\"https:\/\/vosgesinfo.fr\/epinalinfo\/#\/schema\/person\/6f9a650eeea99d969b6c4ab78fccbe81\",\"name\":\"C.K.\",\"image\":{\"@type\":\"ImageObject\",\"inLanguage\":\"fr-FR\",\"@id\":\"https:\/\/vosgesinfo.fr\/epinalinfo\/#\/schema\/person\/image\/\",\"url\":\"https:\/\/secure.gravatar.com\/avatar\/48e3fc7f8421ba8942be6b74a2b7f014ca39bc00dece156b7a8e098ae7dc87bf?s=96&d=mm&r=g\",\"contentUrl\":\"https:\/\/secure.gravatar.com\/avatar\/48e3fc7f8421ba8942be6b74a2b7f014ca39bc00dece156b7a8e098ae7dc87bf?s=96&d=mm&r=g\",\"caption\":\"C.K.\"},\"url\":\"https:\/\/vosgesinfo.fr\/epinalinfo\/author\/celia-k-n\/\"}]}<\/script>\n<!-- \/ Yoast SEO plugin. -->","yoast_head_json":{"title":"Grande Braderie chez TGV Industries \u00e0 Valrupt - Epinal Info","robots":{"index":"index","follow":"follow","max-snippet":"max-snippet:-1","max-image-preview":"max-image-preview:large","max-video-preview":"max-video-preview:-1"},"canonical":"https:\/\/vosgesinfo.fr\/epinalinfo\/2025\/07\/grande-braderie-chez-tgv-industries-a-valrupt\/","twitter_card":"summary_large_image","twitter_title":"Grande Braderie chez TGV Industries \u00e0 Valrupt - Epinal Info","twitter_description":"Envie de bonnes affaires pour votre linge de maison ? Ne manquez pas la braderie exceptionnelle organis\u00e9e par TGV Industries [&hellip;]","twitter_image":"https:\/\/vosgesinfo.fr\/app\/uploads\/sites\/3\/2025\/07\/received-24420228324262088.jpeg","twitter_creator":"@VosgesInfo88","twitter_site":"@VosgesInfo88","twitter_misc":{"\u00c9crit par":"C.K.","Dur\u00e9e de lecture estim\u00e9e":"1 minute"},"schema":{"@context":"https:\/\/schema.org","@graph":[{"@type":"Article","@id":"https:\/\/vosgesinfo.fr\/epinalinfo\/2025\/07\/grande-braderie-chez-tgv-industries-a-valrupt\/#article","isPartOf":{"@id":"https:\/\/vosgesinfo.fr\/epinalinfo\/2025\/07\/grande-braderie-chez-tgv-industries-a-valrupt\/"},"author":{"name":"C.K.","@id":"https:\/\/vosgesinfo.fr\/epinalinfo\/#\/schema\/person\/6f9a650eeea99d969b6c4ab78fccbe81"},"headline":"Grande Braderie chez TGV Industries \u00e0 Valrupt","datePublished":"2025-07-10T10:35:35+00:00","dateModified":"2025-07-10T10:30:41+00:00","mainEntityOfPage":{"@id":"https:\/\/vosgesinfo.fr\/epinalinfo\/2025\/07\/grande-braderie-chez-tgv-industries-a-valrupt\/"},"wordCount":215,"commentCount":0,"publisher":{"@id":"https:\/\/vosgesinfo.fr\/epinalinfo\/#organization"},"image":{"@id":"https:\/\/vosgesinfo.fr\/epinalinfo\/2025\/07\/grande-braderie-chez-tgv-industries-a-valrupt\/#primaryimage"},"thumbnailUrl":"https:\/\/vosgesinfo.fr\/app\/uploads\/sites\/3\/2025\/07\/received-24420228324262088.jpeg","articleSection":["A la Une","Epinal","Remiremont"],"inLanguage":"fr-FR","potentialAction":[{"@type":"CommentAction","name":"Comment","target":["https:\/\/vosgesinfo.fr\/epinalinfo\/2025\/07\/grande-braderie-chez-tgv-industries-a-valrupt\/#respond"]}]},{"@type":"WebPage","@id":"https:\/\/vosgesinfo.fr\/epinalinfo\/2025\/07\/grande-braderie-chez-tgv-industries-a-valrupt\/","url":"https:\/\/vosgesinfo.fr\/epinalinfo\/2025\/07\/grande-braderie-chez-tgv-industries-a-valrupt\/","name":"Grande Braderie chez TGV Industries \u00e0 Valrupt - Epinal Info","isPartOf":{"@id":"https:\/\/vosgesinfo.fr\/epinalinfo\/#website"},"primaryImageOfPage":{"@id":"https:\/\/vosgesinfo.fr\/epinalinfo\/2025\/07\/grande-braderie-chez-tgv-industries-a-valrupt\/#primaryimage"},"image":{"@id":"https:\/\/vosgesinfo.fr\/epinalinfo\/2025\/07\/grande-braderie-chez-tgv-industries-a-valrupt\/#primaryimage"},"thumbnailUrl":"https:\/\/vosgesinfo.fr\/app\/uploads\/sites\/3\/2025\/07\/received-24420228324262088.jpeg","datePublished":"2025-07-10T10:35:35+00:00","dateModified":"2025-07-10T10:30:41+00:00","breadcrumb":{"@id":"https:\/\/vosgesinfo.fr\/epinalinfo\/2025\/07\/grande-braderie-chez-tgv-industries-a-valrupt\/#breadcrumb"},"inLanguage":"fr-FR","potentialAction":[{"@type":"ReadAction","target":["https:\/\/vosgesinfo.fr\/epinalinfo\/2025\/07\/grande-braderie-chez-tgv-industries-a-valrupt\/"]}]},{"@type":"ImageObject","inLanguage":"fr-FR","@id":"https:\/\/vosgesinfo.fr\/epinalinfo\/2025\/07\/grande-braderie-chez-tgv-industries-a-valrupt\/#primaryimage","url":"https:\/\/vosgesinfo.fr\/app\/uploads\/sites\/3\/2025\/07\/received-24420228324262088.jpeg","contentUrl":"https:\/\/vosgesinfo.fr\/app\/uploads\/sites\/3\/2025\/07\/received-24420228324262088.jpeg","width":2048,"height":1153},{"@type":"BreadcrumbList","@id":"https:\/\/vosgesinfo.fr\/epinalinfo\/2025\/07\/grande-braderie-chez-tgv-industries-a-valrupt\/#breadcrumb","itemListElement":[{"@type":"ListItem","position":1,"name":"Home","item":"https:\/\/vosgesinfo.fr\/epinalinfo\/"},{"@type":"ListItem","position":2,"name":"Grande Braderie chez TGV Industries \u00e0 Valrupt"}]},{"@type":"WebSite","@id":"https:\/\/vosgesinfo.fr\/epinalinfo\/#website","url":"https:\/\/vosgesinfo.fr\/epinalinfo\/","name":"Epinal Info","description":"Toute l&#039;actualit\u00e9 d&#039;\u00c9pinal","publisher":{"@id":"https:\/\/vosgesinfo.fr\/epinalinfo\/#organization"},"alternateName":"Toute l'actualit\u00e9 d'\u00c9pinal","potentialAction":[{"@type":"SearchAction","target":{"@type":"EntryPoint","urlTemplate":"https:\/\/vosgesinfo.fr\/epinalinfo\/?s={search_term_string}"},"query-input":"required name=search_term_string"}],"inLanguage":"fr-FR"},{"@type":"Organization","@id":"https:\/\/vosgesinfo.fr\/epinalinfo\/#organization","name":"Epinal Info","url":"https:\/\/vosgesinfo.fr\/epinalinfo\/","logo":{"@type":"ImageObject","inLanguage":"fr-FR","@id":"https:\/\/vosgesinfo.fr\/epinalinfo\/#\/schema\/logo\/image\/","url":"https:\/\/vosgesinfo.fr\/app\/uploads\/sites\/3\/2023\/08\/logo-epinalinfos.svg","contentUrl":"https:\/\/vosgesinfo.fr\/app\/uploads\/sites\/3\/2023\/08\/logo-epinalinfos.svg","width":1,"height":1,"caption":"Epinal Info"},"image":{"@id":"https:\/\/vosgesinfo.fr\/epinalinfo\/#\/schema\/logo\/image\/"},"sameAs":["https:\/\/www.facebook.com\/Epinalinfos","https:\/\/x.com\/VosgesInfo88","https:\/\/www.youtube.com\/@vosgesinfo"]},{"@type":"Person","@id":"https:\/\/vosgesinfo.fr\/epinalinfo\/#\/schema\/person\/6f9a650eeea99d969b6c4ab78fccbe81","name":"C.K.","image":{"@type":"ImageObject","inLanguage":"fr-FR","@id":"https:\/\/vosgesinfo.fr\/epinalinfo\/#\/schema\/person\/image\/","url":"https:\/\/secure.gravatar.com\/avatar\/48e3fc7f8421ba8942be6b74a2b7f014ca39bc00dece156b7a8e098ae7dc87bf?s=96&d=mm&r=g","contentUrl":"https:\/\/secure.gravatar.com\/avatar\/48e3fc7f8421ba8942be6b74a2b7f014ca39bc00dece156b7a8e098ae7dc87bf?s=96&d=mm&r=g","caption":"C.K."},"url":"https:\/\/vosgesinfo.fr\/epinalinfo\/author\/celia-k-n\/"}]}},"_links":{"self":[{"href":"https:\/\/vosgesinfo.fr\/epinalinfo\/wp-json\/wp\/v2\/posts\/133713","targetHints":{"allow":["GET"]}}],"collection":[{"href":"https:\/\/vosgesinfo.fr\/epinalinfo\/wp-json\/wp\/v2\/posts"}],"about":[{"href":"https:\/\/vosgesinfo.fr\/epinalinfo\/wp-json\/wp\/v2\/types\/post"}],"author":[{"embeddable":true,"href":"https:\/\/vosgesinfo.fr\/epinalinfo\/wp-json\/wp\/v2\/users\/52"}],"replies":[{"embeddable":true,"href":"https:\/\/vosgesinfo.fr\/epinalinfo\/wp-json\/wp\/v2\/comments?post=133713"}],"version-history":[{"count":1,"href":"https:\/\/vosgesinfo.fr\/epinalinfo\/wp-json\/wp\/v2\/posts\/133713\/revisions"}],"predecessor-version":[{"id":133719,"href":"https:\/\/vosgesinfo.fr\/epinalinfo\/wp-json\/wp\/v2\/posts\/133713\/revisions\/133719"}],"wp:featuredmedia":[{"embeddable":true,"href":"https:\/\/vosgesinfo.fr\/epinalinfo\/wp-json\/wp\/v2\/media\/133715"}],"wp:attachment":[{"href":"https:\/\/vosgesinfo.fr\/epinalinfo\/wp-json\/wp\/v2\/media?parent=133713"}],"wp:term":[{"taxonomy":"category","embeddable":true,"href":"https:\/\/vosgesinfo.fr\/epinalinfo\/wp-json\/wp\/v2\/categories?post=133713"},{"taxonomy":"post_tag","embeddable":true,"href":"https:\/\/vosgesinfo.fr\/epinalinfo\/wp-json\/wp\/v2\/tags?post=133713"}],"curies":[{"name":"wp","href":"https:\/\/api.w.org\/{rel}","templated":true}]}}