{"id":133729,"date":"2025-07-10T21:00:39","date_gmt":"2025-07-10T19:00:39","guid":{"rendered":"https:\/\/vosgesinfo.fr\/epinalinfo\/?p=133729"},"modified":"2025-07-10T20:58:07","modified_gmt":"2025-07-10T18:58:07","slug":"epinal-kinesitherapeutes-et-pharmaciens-unis-contre-les-coupes-budgetaires-de-letat","status":"publish","type":"post","link":"https:\/\/vosgesinfo.fr\/epinalinfo\/2025\/07\/epinal-kinesitherapeutes-et-pharmaciens-unis-contre-les-coupes-budgetaires-de-letat\/","title":{"rendered":"\u00c9pinal : kin\u00e9sith\u00e9rapeutes et pharmaciens unis contre les coupes budg\u00e9taires de l\u2019\u00c9tat"},"content":{"rendered":"<div id=\"attachment_133730\" style=\"width: 1610px\" class=\"wp-caption aligncenter\"><a href=\"https:\/\/vosgesinfo.fr\/app\/uploads\/sites\/3\/2025\/07\/518274217-1278873610908617-6196484638172039429-n.jpg\"><img decoding=\"async\" aria-describedby=\"caption-attachment-133730\" class=\"size-full wp-image-133730\" src=\"https:\/\/vosgesinfo.fr\/app\/uploads\/sites\/3\/2025\/07\/518274217-1278873610908617-6196484638172039429-n.jpg\" alt=\"\" width=\"1600\" height=\"900\" srcset=\"https:\/\/vosgesinfo.fr\/app\/uploads\/sites\/3\/2025\/07\/518274217-1278873610908617-6196484638172039429-n.jpg 1600w, https:\/\/vosgesinfo.fr\/app\/uploads\/sites\/3\/2025\/07\/518274217-1278873610908617-6196484638172039429-n-300x169.jpg 300w, https:\/\/vosgesinfo.fr\/app\/uploads\/sites\/3\/2025\/07\/518274217-1278873610908617-6196484638172039429-n-1024x576.jpg 1024w, https:\/\/vosgesinfo.fr\/app\/uploads\/sites\/3\/2025\/07\/518274217-1278873610908617-6196484638172039429-n-768x432.jpg 768w, https:\/\/vosgesinfo.fr\/app\/uploads\/sites\/3\/2025\/07\/518274217-1278873610908617-6196484638172039429-n-1536x864.jpg 1536w\" sizes=\"(max-width: 1600px) 100vw, 1600px\" \/><\/a><p id=\"caption-attachment-133730\" class=\"wp-caption-text\">photos Ffmkr88<\/p><\/div>\n<h2 data-start=\"216\" data-end=\"411\"><strong data-start=\"216\" data-end=\"409\">Mobilisation ce jeudi matin devant la CPAM des Vosges \u00e0 \u00c9pinal : kin\u00e9sith\u00e9rapeutes et pharmaciens ont manifest\u00e9 leur col\u00e8re face aux mesures d\u2019aust\u00e9rit\u00e9 pr\u00e9vues dans le secteur de la sant\u00e9.<\/strong><\/h2>\n<p data-start=\"413\" data-end=\"784\">Alors que le gouvernement vise 4 milliards d\u2019euros d\u2019\u00e9conomies sur les d\u00e9penses d\u2019Assurance maladie, la col\u00e8re gronde dans les professions de sant\u00e9. \u00c0 \u00c9pinal, comme dans de nombreuses villes fran\u00e7aises, kin\u00e9s et pharmaciens se sont rassembl\u00e9s ce jeudi 10 juillet devant la Caisse primaire d\u2019assurance maladie pour d\u00e9noncer des d\u00e9cisions qu\u2019ils qualifient de \u00ab\u00a0trahison\u00a0\u00bb.<\/p>\n<h3 data-start=\"786\" data-end=\"834\">Gel des revalorisations, baisse des remises<\/h3>\n<p data-start=\"836\" data-end=\"1203\">Les kin\u00e9sith\u00e9rapeutes sont particuli\u00e8rement touch\u00e9s : les revalorisations d\u2019actes promis depuis plusieurs mois sont finalement gel\u00e9es, et report\u00e9es \u00e0 2026. Pour ces professionnels, dont le prix moyen d\u2019un acte s\u2019\u00e9l\u00e8ve \u00e0 15 euros (17 \u00e0 domicile), cette d\u00e9cision est v\u00e9cue comme un d\u00e9saveu total de la reconnaissance de leur r\u00f4le dans le syst\u00e8me de soins.<\/p>\n<p data-start=\"1205\" data-end=\"1564\">Les pharmaciens, quant \u00e0 eux, craignent une chute brutale de leur marge b\u00e9n\u00e9ficiaire. Le gouvernement envisage en effet d\u2019abaisser le plafond des remises sur les m\u00e9dicaments g\u00e9n\u00e9riques : il passerait de 40 % \u00e0 25 %, voire 20 %. Cette r\u00e9duction, qui entrerait en vigueur d\u00e9but ao\u00fbt, mettrait en p\u00e9ril l\u2019\u00e9quilibre \u00e9conomique de nombreuses officines.<\/p>\n<blockquote data-start=\"1566\" data-end=\"1909\">\n<p data-start=\"1568\" data-end=\"1909\"><em data-start=\"1568\" data-end=\"1806\">\u00ab Du jour au lendemain, le gouvernement envisage de r\u00e9duire le budget consacr\u00e9 \u00e0 ces ristournes de 1,2 milliard \u00e0 600 millions d&rsquo;euros. C\u2019est compl\u00e8tement inacceptable, cela va d\u00e9clencher une vague de licenciements dans les officines \u00bb,<\/em> alerte Philippe Besset, pr\u00e9sident de la F\u00e9d\u00e9ration des syndicats pharmaceutiques de France (FSPF).<\/p>\n<\/blockquote>\n<h4 data-start=\"1911\" data-end=\"1977\"><\/h4>\n<h3 data-start=\"1911\" data-end=\"1977\">Une manifestation d&rsquo;une heure, symbole d&rsquo;une col\u00e8re nationale<\/h3>\n<p data-start=\"1979\" data-end=\"2333\">Pendant pr\u00e8s d&rsquo;une heure, les manifestants ont bloqu\u00e9 symboliquement l\u2019acc\u00e8s \u00e0 la CPAM d\u2019\u00c9pinal, arborant banderoles et pancartes pour d\u00e9noncer ces \u00ab coupes aveugles \u00bb dict\u00e9es par des objectifs comptables. H\u00f4pitaux, m\u00e9decine de ville, arr\u00eats maladie : toutes les branches du syst\u00e8me de soins sont dans le viseur des \u00e9conomies, alertent les syndicats.<\/p>\n<p data-start=\"2335\" data-end=\"2541\">Cette mobilisation exprime un profond sentiment d\u2019injustice, notamment face aux efforts fournis pendant la crise sanitaire et \u00e0 l\u2019inflation qui p\u00e8se toujours sur les charges des professionnels de sant\u00e9.<\/p>\n\n\t\t<style type=\"text\/css\">\n\t\t\t#gallery-1 {\n\t\t\t\tmargin: auto;\n\t\t\t}\n\t\t\t#gallery-1 .gallery-item {\n\t\t\t\tfloat: left;\n\t\t\t\tmargin-top: 10px;\n\t\t\t\ttext-align: center;\n\t\t\t\twidth: 33%;\n\t\t\t}\n\t\t\t#gallery-1 img {\n\t\t\t\tborder: 2px solid #cfcfcf;\n\t\t\t}\n\t\t\t#gallery-1 .gallery-caption {\n\t\t\t\tmargin-left: 0;\n\t\t\t}\n\t\t\t\/* see gallery_shortcode() in wp-includes\/media.php *\/\n\t\t<\/style>\n\t\t<div id='gallery-1' class='gallery galleryid-133729 gallery-columns-3 gallery-size-large'><dl class='gallery-item'>\n\t\t\t<dt class='gallery-icon portrait'>\n\t\t\t\t<a href='https:\/\/vosgesinfo.fr\/app\/uploads\/sites\/3\/2025\/07\/manifestation-kine-pharmaciens-epinal-10.jpg'><img decoding=\"async\" width=\"768\" height=\"1024\" src=\"https:\/\/vosgesinfo.fr\/app\/uploads\/sites\/3\/2025\/07\/manifestation-kine-pharmaciens-epinal-10-768x1024.jpg\" class=\"attachment-large size-large\" alt=\"\" srcset=\"https:\/\/vosgesinfo.fr\/app\/uploads\/sites\/3\/2025\/07\/manifestation-kine-pharmaciens-epinal-10-768x1024.jpg 768w, https:\/\/vosgesinfo.fr\/app\/uploads\/sites\/3\/2025\/07\/manifestation-kine-pharmaciens-epinal-10-225x300.jpg 225w, https:\/\/vosgesinfo.fr\/app\/uploads\/sites\/3\/2025\/07\/manifestation-kine-pharmaciens-epinal-10-1152x1536.jpg 1152w, https:\/\/vosgesinfo.fr\/app\/uploads\/sites\/3\/2025\/07\/manifestation-kine-pharmaciens-epinal-10.jpg 1536w\" sizes=\"(max-width: 768px) 100vw, 768px\" \/><\/a>\n\t\t\t<\/dt><\/dl><dl class='gallery-item'>\n\t\t\t<dt class='gallery-icon portrait'>\n\t\t\t\t<a href='https:\/\/vosgesinfo.fr\/app\/uploads\/sites\/3\/2025\/07\/517516208-1278873854241926-3861644531175700621-n.jpg'><img decoding=\"async\" width=\"768\" height=\"1024\" src=\"https:\/\/vosgesinfo.fr\/app\/uploads\/sites\/3\/2025\/07\/517516208-1278873854241926-3861644531175700621-n-768x1024.jpg\" class=\"attachment-large size-large\" alt=\"\" srcset=\"https:\/\/vosgesinfo.fr\/app\/uploads\/sites\/3\/2025\/07\/517516208-1278873854241926-3861644531175700621-n-768x1024.jpg 768w, https:\/\/vosgesinfo.fr\/app\/uploads\/sites\/3\/2025\/07\/517516208-1278873854241926-3861644531175700621-n-225x300.jpg 225w, https:\/\/vosgesinfo.fr\/app\/uploads\/sites\/3\/2025\/07\/517516208-1278873854241926-3861644531175700621-n-1152x1536.jpg 1152w, https:\/\/vosgesinfo.fr\/app\/uploads\/sites\/3\/2025\/07\/517516208-1278873854241926-3861644531175700621-n.jpg 1536w\" sizes=\"(max-width: 768px) 100vw, 768px\" \/><\/a>\n\t\t\t<\/dt><\/dl><dl class='gallery-item'>\n\t\t\t<dt class='gallery-icon portrait'>\n\t\t\t\t<a href='https:\/\/vosgesinfo.fr\/app\/uploads\/sites\/3\/2025\/07\/517940481-1278876907574954-4064358520719789982-n-copie.jpg'><img decoding=\"async\" width=\"768\" height=\"1024\" src=\"https:\/\/vosgesinfo.fr\/app\/uploads\/sites\/3\/2025\/07\/517940481-1278876907574954-4064358520719789982-n-copie-768x1024.jpg\" class=\"attachment-large size-large\" alt=\"\" srcset=\"https:\/\/vosgesinfo.fr\/app\/uploads\/sites\/3\/2025\/07\/517940481-1278876907574954-4064358520719789982-n-copie-768x1024.jpg 768w, https:\/\/vosgesinfo.fr\/app\/uploads\/sites\/3\/2025\/07\/517940481-1278876907574954-4064358520719789982-n-copie-225x300.jpg 225w, https:\/\/vosgesinfo.fr\/app\/uploads\/sites\/3\/2025\/07\/517940481-1278876907574954-4064358520719789982-n-copie-1152x1536.jpg 1152w, https:\/\/vosgesinfo.fr\/app\/uploads\/sites\/3\/2025\/07\/517940481-1278876907574954-4064358520719789982-n-copie.jpg 1536w\" sizes=\"(max-width: 768px) 100vw, 768px\" \/><\/a>\n\t\t\t<\/dt><\/dl><br style=\"clear: both\" \/><dl class='gallery-item'>\n\t\t\t<dt class='gallery-icon landscape'>\n\t\t\t\t<a href='https:\/\/vosgesinfo.fr\/app\/uploads\/sites\/3\/2025\/07\/manifestation-kine-pharmaciens-epinal-1.jpg'><img decoding=\"async\" width=\"1024\" height=\"576\" src=\"https:\/\/vosgesinfo.fr\/app\/uploads\/sites\/3\/2025\/07\/manifestation-kine-pharmaciens-epinal-1-1024x576.jpg\" class=\"attachment-large size-large\" alt=\"\" srcset=\"https:\/\/vosgesinfo.fr\/app\/uploads\/sites\/3\/2025\/07\/manifestation-kine-pharmaciens-epinal-1-1024x576.jpg 1024w, https:\/\/vosgesinfo.fr\/app\/uploads\/sites\/3\/2025\/07\/manifestation-kine-pharmaciens-epinal-1-300x169.jpg 300w, https:\/\/vosgesinfo.fr\/app\/uploads\/sites\/3\/2025\/07\/manifestation-kine-pharmaciens-epinal-1-768x432.jpg 768w, https:\/\/vosgesinfo.fr\/app\/uploads\/sites\/3\/2025\/07\/manifestation-kine-pharmaciens-epinal-1-1536x864.jpg 1536w, https:\/\/vosgesinfo.fr\/app\/uploads\/sites\/3\/2025\/07\/manifestation-kine-pharmaciens-epinal-1.jpg 1600w\" sizes=\"(max-width: 1024px) 100vw, 1024px\" \/><\/a>\n\t\t\t<\/dt><\/dl><dl class='gallery-item'>\n\t\t\t<dt class='gallery-icon landscape'>\n\t\t\t\t<a href='https:\/\/vosgesinfo.fr\/app\/uploads\/sites\/3\/2025\/07\/manifestation-kine-pharmaciens-epinal-2.jpg'><img decoding=\"async\" width=\"1024\" height=\"576\" src=\"https:\/\/vosgesinfo.fr\/app\/uploads\/sites\/3\/2025\/07\/manifestation-kine-pharmaciens-epinal-2-1024x576.jpg\" class=\"attachment-large size-large\" alt=\"\" srcset=\"https:\/\/vosgesinfo.fr\/app\/uploads\/sites\/3\/2025\/07\/manifestation-kine-pharmaciens-epinal-2-1024x576.jpg 1024w, https:\/\/vosgesinfo.fr\/app\/uploads\/sites\/3\/2025\/07\/manifestation-kine-pharmaciens-epinal-2-300x169.jpg 300w, https:\/\/vosgesinfo.fr\/app\/uploads\/sites\/3\/2025\/07\/manifestation-kine-pharmaciens-epinal-2-768x432.jpg 768w, https:\/\/vosgesinfo.fr\/app\/uploads\/sites\/3\/2025\/07\/manifestation-kine-pharmaciens-epinal-2-1536x864.jpg 1536w, https:\/\/vosgesinfo.fr\/app\/uploads\/sites\/3\/2025\/07\/manifestation-kine-pharmaciens-epinal-2.jpg 1600w\" sizes=\"(max-width: 1024px) 100vw, 1024px\" \/><\/a>\n\t\t\t<\/dt><\/dl><dl class='gallery-item'>\n\t\t\t<dt class='gallery-icon landscape'>\n\t\t\t\t<a href='https:\/\/vosgesinfo.fr\/app\/uploads\/sites\/3\/2025\/07\/manifestation-kine-pharmaciens-epinal-3.jpg'><img decoding=\"async\" width=\"1024\" height=\"576\" src=\"https:\/\/vosgesinfo.fr\/app\/uploads\/sites\/3\/2025\/07\/manifestation-kine-pharmaciens-epinal-3-1024x576.jpg\" class=\"attachment-large size-large\" alt=\"\" srcset=\"https:\/\/vosgesinfo.fr\/app\/uploads\/sites\/3\/2025\/07\/manifestation-kine-pharmaciens-epinal-3-1024x576.jpg 1024w, https:\/\/vosgesinfo.fr\/app\/uploads\/sites\/3\/2025\/07\/manifestation-kine-pharmaciens-epinal-3-300x169.jpg 300w, https:\/\/vosgesinfo.fr\/app\/uploads\/sites\/3\/2025\/07\/manifestation-kine-pharmaciens-epinal-3-768x432.jpg 768w, https:\/\/vosgesinfo.fr\/app\/uploads\/sites\/3\/2025\/07\/manifestation-kine-pharmaciens-epinal-3-1536x864.jpg 1536w, https:\/\/vosgesinfo.fr\/app\/uploads\/sites\/3\/2025\/07\/manifestation-kine-pharmaciens-epinal-3.jpg 1600w\" sizes=\"(max-width: 1024px) 100vw, 1024px\" \/><\/a>\n\t\t\t<\/dt><\/dl><br style=\"clear: both\" \/><dl class='gallery-item'>\n\t\t\t<dt class='gallery-icon portrait'>\n\t\t\t\t<a href='https:\/\/vosgesinfo.fr\/app\/uploads\/sites\/3\/2025\/07\/manifestation-kine-pharmaciens-epinal-4.jpg'><img decoding=\"async\" width=\"768\" height=\"1024\" src=\"https:\/\/vosgesinfo.fr\/app\/uploads\/sites\/3\/2025\/07\/manifestation-kine-pharmaciens-epinal-4-768x1024.jpg\" class=\"attachment-large size-large\" alt=\"\" srcset=\"https:\/\/vosgesinfo.fr\/app\/uploads\/sites\/3\/2025\/07\/manifestation-kine-pharmaciens-epinal-4-768x1024.jpg 768w, https:\/\/vosgesinfo.fr\/app\/uploads\/sites\/3\/2025\/07\/manifestation-kine-pharmaciens-epinal-4-225x300.jpg 225w, https:\/\/vosgesinfo.fr\/app\/uploads\/sites\/3\/2025\/07\/manifestation-kine-pharmaciens-epinal-4-1152x1536.jpg 1152w, https:\/\/vosgesinfo.fr\/app\/uploads\/sites\/3\/2025\/07\/manifestation-kine-pharmaciens-epinal-4.jpg 1536w\" sizes=\"(max-width: 768px) 100vw, 768px\" \/><\/a>\n\t\t\t<\/dt><\/dl><dl class='gallery-item'>\n\t\t\t<dt class='gallery-icon portrait'>\n\t\t\t\t<a href='https:\/\/vosgesinfo.fr\/app\/uploads\/sites\/3\/2025\/07\/manifestation-kine-pharmaciens-epinal-5.jpg'><img decoding=\"async\" width=\"768\" height=\"1024\" src=\"https:\/\/vosgesinfo.fr\/app\/uploads\/sites\/3\/2025\/07\/manifestation-kine-pharmaciens-epinal-5-768x1024.jpg\" class=\"attachment-large size-large\" alt=\"\" srcset=\"https:\/\/vosgesinfo.fr\/app\/uploads\/sites\/3\/2025\/07\/manifestation-kine-pharmaciens-epinal-5-768x1024.jpg 768w, https:\/\/vosgesinfo.fr\/app\/uploads\/sites\/3\/2025\/07\/manifestation-kine-pharmaciens-epinal-5-225x300.jpg 225w, https:\/\/vosgesinfo.fr\/app\/uploads\/sites\/3\/2025\/07\/manifestation-kine-pharmaciens-epinal-5-1152x1536.jpg 1152w, https:\/\/vosgesinfo.fr\/app\/uploads\/sites\/3\/2025\/07\/manifestation-kine-pharmaciens-epinal-5.jpg 1536w\" sizes=\"(max-width: 768px) 100vw, 768px\" \/><\/a>\n\t\t\t<\/dt><\/dl><dl class='gallery-item'>\n\t\t\t<dt class='gallery-icon portrait'>\n\t\t\t\t<a href='https:\/\/vosgesinfo.fr\/app\/uploads\/sites\/3\/2025\/07\/manifestation-kine-pharmaciens-epinal-6.jpg'><img decoding=\"async\" width=\"768\" height=\"1024\" src=\"https:\/\/vosgesinfo.fr\/app\/uploads\/sites\/3\/2025\/07\/manifestation-kine-pharmaciens-epinal-6-768x1024.jpg\" class=\"attachment-large size-large\" alt=\"\" srcset=\"https:\/\/vosgesinfo.fr\/app\/uploads\/sites\/3\/2025\/07\/manifestation-kine-pharmaciens-epinal-6-768x1024.jpg 768w, https:\/\/vosgesinfo.fr\/app\/uploads\/sites\/3\/2025\/07\/manifestation-kine-pharmaciens-epinal-6-225x300.jpg 225w, https:\/\/vosgesinfo.fr\/app\/uploads\/sites\/3\/2025\/07\/manifestation-kine-pharmaciens-epinal-6-1152x1536.jpg 1152w, https:\/\/vosgesinfo.fr\/app\/uploads\/sites\/3\/2025\/07\/manifestation-kine-pharmaciens-epinal-6.jpg 1536w\" sizes=\"(max-width: 768px) 100vw, 768px\" \/><\/a>\n\t\t\t<\/dt><\/dl><br style=\"clear: both\" \/><dl class='gallery-item'>\n\t\t\t<dt class='gallery-icon portrait'>\n\t\t\t\t<a href='https:\/\/vosgesinfo.fr\/app\/uploads\/sites\/3\/2025\/07\/manifestation-kine-pharmaciens-epinal-8.jpg'><img decoding=\"async\" width=\"768\" height=\"1024\" src=\"https:\/\/vosgesinfo.fr\/app\/uploads\/sites\/3\/2025\/07\/manifestation-kine-pharmaciens-epinal-8-768x1024.jpg\" class=\"attachment-large size-large\" alt=\"\" srcset=\"https:\/\/vosgesinfo.fr\/app\/uploads\/sites\/3\/2025\/07\/manifestation-kine-pharmaciens-epinal-8-768x1024.jpg 768w, https:\/\/vosgesinfo.fr\/app\/uploads\/sites\/3\/2025\/07\/manifestation-kine-pharmaciens-epinal-8-225x300.jpg 225w, https:\/\/vosgesinfo.fr\/app\/uploads\/sites\/3\/2025\/07\/manifestation-kine-pharmaciens-epinal-8-1152x1536.jpg 1152w, https:\/\/vosgesinfo.fr\/app\/uploads\/sites\/3\/2025\/07\/manifestation-kine-pharmaciens-epinal-8.jpg 1536w\" sizes=\"(max-width: 768px) 100vw, 768px\" \/><\/a>\n\t\t\t<\/dt><\/dl><dl class='gallery-item'>\n\t\t\t<dt class='gallery-icon landscape'>\n\t\t\t\t<a href='https:\/\/vosgesinfo.fr\/app\/uploads\/sites\/3\/2025\/07\/manifestation-kine-pharmaciens-epinal-9.jpg'><img decoding=\"async\" width=\"1024\" height=\"576\" src=\"https:\/\/vosgesinfo.fr\/app\/uploads\/sites\/3\/2025\/07\/manifestation-kine-pharmaciens-epinal-9-1024x576.jpg\" class=\"attachment-large size-large\" alt=\"\" srcset=\"https:\/\/vosgesinfo.fr\/app\/uploads\/sites\/3\/2025\/07\/manifestation-kine-pharmaciens-epinal-9-1024x576.jpg 1024w, https:\/\/vosgesinfo.fr\/app\/uploads\/sites\/3\/2025\/07\/manifestation-kine-pharmaciens-epinal-9-300x169.jpg 300w, https:\/\/vosgesinfo.fr\/app\/uploads\/sites\/3\/2025\/07\/manifestation-kine-pharmaciens-epinal-9-768x432.jpg 768w, https:\/\/vosgesinfo.fr\/app\/uploads\/sites\/3\/2025\/07\/manifestation-kine-pharmaciens-epinal-9-1536x864.jpg 1536w, https:\/\/vosgesinfo.fr\/app\/uploads\/sites\/3\/2025\/07\/manifestation-kine-pharmaciens-epinal-9.jpg 1600w\" sizes=\"(max-width: 1024px) 100vw, 1024px\" \/><\/a>\n\t\t\t<\/dt><\/dl>\n\t\t\t<br style='clear: both' \/>\n\t\t<\/div>\n\n","protected":false},"excerpt":{"rendered":"<p>Mobilisation ce jeudi matin devant la CPAM des Vosges \u00e0 \u00c9pinal : kin\u00e9sith\u00e9rapeutes et pharmaciens ont manifest\u00e9 leur col\u00e8re face [&hellip;]<\/p>\n","protected":false},"author":52,"featured_media":133730,"comment_status":"open","ping_status":"open","sticky":false,"template":"","format":"standard","meta":{"footnotes":""},"categories":[22,24,14,5],"tags":[],"class_list":["post-133729","post","type-post","status-publish","format-standard","has-post-thumbnail","hentry","category-a-la-une","category-epinal","category-sante","category-vosges"],"acf":[],"yoast_head":"<!-- This site is optimized with the Yoast SEO plugin v22.5 - https:\/\/yoast.com\/wordpress\/plugins\/seo\/ -->\n<title>\u00c9pinal : kin\u00e9sith\u00e9rapeutes et pharmaciens unis contre les coupes budg\u00e9taires de l\u2019\u00c9tat - Epinal Info<\/title>\n<meta name=\"robots\" content=\"index, follow, max-snippet:-1, max-image-preview:large, max-video-preview:-1\" \/>\n<link rel=\"canonical\" href=\"https:\/\/vosgesinfo.fr\/epinalinfo\/2025\/07\/epinal-kinesitherapeutes-et-pharmaciens-unis-contre-les-coupes-budgetaires-de-letat\/\" \/>\n<meta name=\"twitter:card\" content=\"summary_large_image\" \/>\n<meta name=\"twitter:title\" content=\"\u00c9pinal : kin\u00e9sith\u00e9rapeutes et pharmaciens unis contre les coupes budg\u00e9taires de l\u2019\u00c9tat - Epinal Info\" \/>\n<meta name=\"twitter:description\" content=\"Mobilisation ce jeudi matin devant la CPAM des Vosges \u00e0 \u00c9pinal : kin\u00e9sith\u00e9rapeutes et pharmaciens ont manifest\u00e9 leur col\u00e8re face [&hellip;]\" \/>\n<meta name=\"twitter:image\" content=\"https:\/\/vosgesinfo.fr\/app\/uploads\/sites\/3\/2025\/07\/518274217-1278873610908617-6196484638172039429-n.jpg\" \/>\n<meta name=\"twitter:creator\" content=\"@VosgesInfo88\" \/>\n<meta name=\"twitter:site\" content=\"@VosgesInfo88\" \/>\n<meta name=\"twitter:label1\" content=\"\u00c9crit par\" \/>\n\t<meta name=\"twitter:data1\" content=\"C.K.\" \/>\n\t<meta name=\"twitter:label2\" content=\"Dur\u00e9e de lecture estim\u00e9e\" \/>\n\t<meta name=\"twitter:data2\" content=\"2 minutes\" \/>\n<script type=\"application\/ld+json\" class=\"yoast-schema-graph\">{\"@context\":\"https:\/\/schema.org\",\"@graph\":[{\"@type\":\"Article\",\"@id\":\"https:\/\/vosgesinfo.fr\/epinalinfo\/2025\/07\/epinal-kinesitherapeutes-et-pharmaciens-unis-contre-les-coupes-budgetaires-de-letat\/#article\",\"isPartOf\":{\"@id\":\"https:\/\/vosgesinfo.fr\/epinalinfo\/2025\/07\/epinal-kinesitherapeutes-et-pharmaciens-unis-contre-les-coupes-budgetaires-de-letat\/\"},\"author\":{\"name\":\"C.K.\",\"@id\":\"https:\/\/vosgesinfo.fr\/epinalinfo\/#\/schema\/person\/6f9a650eeea99d969b6c4ab78fccbe81\"},\"headline\":\"\u00c9pinal : kin\u00e9sith\u00e9rapeutes et pharmaciens unis contre les coupes budg\u00e9taires de l\u2019\u00c9tat\",\"datePublished\":\"2025-07-10T19:00:39+00:00\",\"dateModified\":\"2025-07-10T18:58:07+00:00\",\"mainEntityOfPage\":{\"@id\":\"https:\/\/vosgesinfo.fr\/epinalinfo\/2025\/07\/epinal-kinesitherapeutes-et-pharmaciens-unis-contre-les-coupes-budgetaires-de-letat\/\"},\"wordCount\":407,\"commentCount\":0,\"publisher\":{\"@id\":\"https:\/\/vosgesinfo.fr\/epinalinfo\/#organization\"},\"image\":{\"@id\":\"https:\/\/vosgesinfo.fr\/epinalinfo\/2025\/07\/epinal-kinesitherapeutes-et-pharmaciens-unis-contre-les-coupes-budgetaires-de-letat\/#primaryimage\"},\"thumbnailUrl\":\"https:\/\/vosgesinfo.fr\/app\/uploads\/sites\/3\/2025\/07\/518274217-1278873610908617-6196484638172039429-n.jpg\",\"articleSection\":[\"A la Une\",\"Epinal\",\"Sant\u00e9\",\"Vosges\"],\"inLanguage\":\"fr-FR\",\"potentialAction\":[{\"@type\":\"CommentAction\",\"name\":\"Comment\",\"target\":[\"https:\/\/vosgesinfo.fr\/epinalinfo\/2025\/07\/epinal-kinesitherapeutes-et-pharmaciens-unis-contre-les-coupes-budgetaires-de-letat\/#respond\"]}]},{\"@type\":\"WebPage\",\"@id\":\"https:\/\/vosgesinfo.fr\/epinalinfo\/2025\/07\/epinal-kinesitherapeutes-et-pharmaciens-unis-contre-les-coupes-budgetaires-de-letat\/\",\"url\":\"https:\/\/vosgesinfo.fr\/epinalinfo\/2025\/07\/epinal-kinesitherapeutes-et-pharmaciens-unis-contre-les-coupes-budgetaires-de-letat\/\",\"name\":\"\u00c9pinal : kin\u00e9sith\u00e9rapeutes et pharmaciens unis contre les coupes budg\u00e9taires de l\u2019\u00c9tat - Epinal Info\",\"isPartOf\":{\"@id\":\"https:\/\/vosgesinfo.fr\/epinalinfo\/#website\"},\"primaryImageOfPage\":{\"@id\":\"https:\/\/vosgesinfo.fr\/epinalinfo\/2025\/07\/epinal-kinesitherapeutes-et-pharmaciens-unis-contre-les-coupes-budgetaires-de-letat\/#primaryimage\"},\"image\":{\"@id\":\"https:\/\/vosgesinfo.fr\/epinalinfo\/2025\/07\/epinal-kinesitherapeutes-et-pharmaciens-unis-contre-les-coupes-budgetaires-de-letat\/#primaryimage\"},\"thumbnailUrl\":\"https:\/\/vosgesinfo.fr\/app\/uploads\/sites\/3\/2025\/07\/518274217-1278873610908617-6196484638172039429-n.jpg\",\"datePublished\":\"2025-07-10T19:00:39+00:00\",\"dateModified\":\"2025-07-10T18:58:07+00:00\",\"breadcrumb\":{\"@id\":\"https:\/\/vosgesinfo.fr\/epinalinfo\/2025\/07\/epinal-kinesitherapeutes-et-pharmaciens-unis-contre-les-coupes-budgetaires-de-letat\/#breadcrumb\"},\"inLanguage\":\"fr-FR\",\"potentialAction\":[{\"@type\":\"ReadAction\",\"target\":[\"https:\/\/vosgesinfo.fr\/epinalinfo\/2025\/07\/epinal-kinesitherapeutes-et-pharmaciens-unis-contre-les-coupes-budgetaires-de-letat\/\"]}]},{\"@type\":\"ImageObject\",\"inLanguage\":\"fr-FR\",\"@id\":\"https:\/\/vosgesinfo.fr\/epinalinfo\/2025\/07\/epinal-kinesitherapeutes-et-pharmaciens-unis-contre-les-coupes-budgetaires-de-letat\/#primaryimage\",\"url\":\"https:\/\/vosgesinfo.fr\/app\/uploads\/sites\/3\/2025\/07\/518274217-1278873610908617-6196484638172039429-n.jpg\",\"contentUrl\":\"https:\/\/vosgesinfo.fr\/app\/uploads\/sites\/3\/2025\/07\/518274217-1278873610908617-6196484638172039429-n.jpg\",\"width\":1600,\"height\":900,\"caption\":\"photos Ffmkr88\"},{\"@type\":\"BreadcrumbList\",\"@id\":\"https:\/\/vosgesinfo.fr\/epinalinfo\/2025\/07\/epinal-kinesitherapeutes-et-pharmaciens-unis-contre-les-coupes-budgetaires-de-letat\/#breadcrumb\",\"itemListElement\":[{\"@type\":\"ListItem\",\"position\":1,\"name\":\"Home\",\"item\":\"https:\/\/vosgesinfo.fr\/epinalinfo\/\"},{\"@type\":\"ListItem\",\"position\":2,\"name\":\"\u00c9pinal : kin\u00e9sith\u00e9rapeutes et pharmaciens unis contre les coupes budg\u00e9taires de l\u2019\u00c9tat\"}]},{\"@type\":\"WebSite\",\"@id\":\"https:\/\/vosgesinfo.fr\/epinalinfo\/#website\",\"url\":\"https:\/\/vosgesinfo.fr\/epinalinfo\/\",\"name\":\"Epinal Info\",\"description\":\"Toute l&#039;actualit\u00e9 d&#039;\u00c9pinal\",\"publisher\":{\"@id\":\"https:\/\/vosgesinfo.fr\/epinalinfo\/#organization\"},\"alternateName\":\"Toute l'actualit\u00e9 d'\u00c9pinal\",\"potentialAction\":[{\"@type\":\"SearchAction\",\"target\":{\"@type\":\"EntryPoint\",\"urlTemplate\":\"https:\/\/vosgesinfo.fr\/epinalinfo\/?s={search_term_string}\"},\"query-input\":\"required name=search_term_string\"}],\"inLanguage\":\"fr-FR\"},{\"@type\":\"Organization\",\"@id\":\"https:\/\/vosgesinfo.fr\/epinalinfo\/#organization\",\"name\":\"Epinal Info\",\"url\":\"https:\/\/vosgesinfo.fr\/epinalinfo\/\",\"logo\":{\"@type\":\"ImageObject\",\"inLanguage\":\"fr-FR\",\"@id\":\"https:\/\/vosgesinfo.fr\/epinalinfo\/#\/schema\/logo\/image\/\",\"url\":\"https:\/\/vosgesinfo.fr\/app\/uploads\/sites\/3\/2023\/08\/logo-epinalinfos.svg\",\"contentUrl\":\"https:\/\/vosgesinfo.fr\/app\/uploads\/sites\/3\/2023\/08\/logo-epinalinfos.svg\",\"width\":1,\"height\":1,\"caption\":\"Epinal Info\"},\"image\":{\"@id\":\"https:\/\/vosgesinfo.fr\/epinalinfo\/#\/schema\/logo\/image\/\"},\"sameAs\":[\"https:\/\/www.facebook.com\/Epinalinfos\",\"https:\/\/x.com\/VosgesInfo88\",\"https:\/\/www.youtube.com\/@vosgesinfo\"]},{\"@type\":\"Person\",\"@id\":\"https:\/\/vosgesinfo.fr\/epinalinfo\/#\/schema\/person\/6f9a650eeea99d969b6c4ab78fccbe81\",\"name\":\"C.K.\",\"image\":{\"@type\":\"ImageObject\",\"inLanguage\":\"fr-FR\",\"@id\":\"https:\/\/vosgesinfo.fr\/epinalinfo\/#\/schema\/person\/image\/\",\"url\":\"https:\/\/secure.gravatar.com\/avatar\/48e3fc7f8421ba8942be6b74a2b7f014ca39bc00dece156b7a8e098ae7dc87bf?s=96&d=mm&r=g\",\"contentUrl\":\"https:\/\/secure.gravatar.com\/avatar\/48e3fc7f8421ba8942be6b74a2b7f014ca39bc00dece156b7a8e098ae7dc87bf?s=96&d=mm&r=g\",\"caption\":\"C.K.\"},\"url\":\"https:\/\/vosgesinfo.fr\/epinalinfo\/author\/celia-k-n\/\"}]}<\/script>\n<!-- \/ Yoast SEO plugin. -->","yoast_head_json":{"title":"\u00c9pinal : kin\u00e9sith\u00e9rapeutes et pharmaciens unis contre les coupes budg\u00e9taires de l\u2019\u00c9tat - Epinal Info","robots":{"index":"index","follow":"follow","max-snippet":"max-snippet:-1","max-image-preview":"max-image-preview:large","max-video-preview":"max-video-preview:-1"},"canonical":"https:\/\/vosgesinfo.fr\/epinalinfo\/2025\/07\/epinal-kinesitherapeutes-et-pharmaciens-unis-contre-les-coupes-budgetaires-de-letat\/","twitter_card":"summary_large_image","twitter_title":"\u00c9pinal : kin\u00e9sith\u00e9rapeutes et pharmaciens unis contre les coupes budg\u00e9taires de l\u2019\u00c9tat - Epinal Info","twitter_description":"Mobilisation ce jeudi matin devant la CPAM des Vosges \u00e0 \u00c9pinal : kin\u00e9sith\u00e9rapeutes et pharmaciens ont manifest\u00e9 leur col\u00e8re face [&hellip;]","twitter_image":"https:\/\/vosgesinfo.fr\/app\/uploads\/sites\/3\/2025\/07\/518274217-1278873610908617-6196484638172039429-n.jpg","twitter_creator":"@VosgesInfo88","twitter_site":"@VosgesInfo88","twitter_misc":{"\u00c9crit par":"C.K.","Dur\u00e9e de lecture estim\u00e9e":"2 minutes"},"schema":{"@context":"https:\/\/schema.org","@graph":[{"@type":"Article","@id":"https:\/\/vosgesinfo.fr\/epinalinfo\/2025\/07\/epinal-kinesitherapeutes-et-pharmaciens-unis-contre-les-coupes-budgetaires-de-letat\/#article","isPartOf":{"@id":"https:\/\/vosgesinfo.fr\/epinalinfo\/2025\/07\/epinal-kinesitherapeutes-et-pharmaciens-unis-contre-les-coupes-budgetaires-de-letat\/"},"author":{"name":"C.K.","@id":"https:\/\/vosgesinfo.fr\/epinalinfo\/#\/schema\/person\/6f9a650eeea99d969b6c4ab78fccbe81"},"headline":"\u00c9pinal : kin\u00e9sith\u00e9rapeutes et pharmaciens unis contre les coupes budg\u00e9taires de l\u2019\u00c9tat","datePublished":"2025-07-10T19:00:39+00:00","dateModified":"2025-07-10T18:58:07+00:00","mainEntityOfPage":{"@id":"https:\/\/vosgesinfo.fr\/epinalinfo\/2025\/07\/epinal-kinesitherapeutes-et-pharmaciens-unis-contre-les-coupes-budgetaires-de-letat\/"},"wordCount":407,"commentCount":0,"publisher":{"@id":"https:\/\/vosgesinfo.fr\/epinalinfo\/#organization"},"image":{"@id":"https:\/\/vosgesinfo.fr\/epinalinfo\/2025\/07\/epinal-kinesitherapeutes-et-pharmaciens-unis-contre-les-coupes-budgetaires-de-letat\/#primaryimage"},"thumbnailUrl":"https:\/\/vosgesinfo.fr\/app\/uploads\/sites\/3\/2025\/07\/518274217-1278873610908617-6196484638172039429-n.jpg","articleSection":["A la Une","Epinal","Sant\u00e9","Vosges"],"inLanguage":"fr-FR","potentialAction":[{"@type":"CommentAction","name":"Comment","target":["https:\/\/vosgesinfo.fr\/epinalinfo\/2025\/07\/epinal-kinesitherapeutes-et-pharmaciens-unis-contre-les-coupes-budgetaires-de-letat\/#respond"]}]},{"@type":"WebPage","@id":"https:\/\/vosgesinfo.fr\/epinalinfo\/2025\/07\/epinal-kinesitherapeutes-et-pharmaciens-unis-contre-les-coupes-budgetaires-de-letat\/","url":"https:\/\/vosgesinfo.fr\/epinalinfo\/2025\/07\/epinal-kinesitherapeutes-et-pharmaciens-unis-contre-les-coupes-budgetaires-de-letat\/","name":"\u00c9pinal : kin\u00e9sith\u00e9rapeutes et pharmaciens unis contre les coupes budg\u00e9taires de l\u2019\u00c9tat - Epinal Info","isPartOf":{"@id":"https:\/\/vosgesinfo.fr\/epinalinfo\/#website"},"primaryImageOfPage":{"@id":"https:\/\/vosgesinfo.fr\/epinalinfo\/2025\/07\/epinal-kinesitherapeutes-et-pharmaciens-unis-contre-les-coupes-budgetaires-de-letat\/#primaryimage"},"image":{"@id":"https:\/\/vosgesinfo.fr\/epinalinfo\/2025\/07\/epinal-kinesitherapeutes-et-pharmaciens-unis-contre-les-coupes-budgetaires-de-letat\/#primaryimage"},"thumbnailUrl":"https:\/\/vosgesinfo.fr\/app\/uploads\/sites\/3\/2025\/07\/518274217-1278873610908617-6196484638172039429-n.jpg","datePublished":"2025-07-10T19:00:39+00:00","dateModified":"2025-07-10T18:58:07+00:00","breadcrumb":{"@id":"https:\/\/vosgesinfo.fr\/epinalinfo\/2025\/07\/epinal-kinesitherapeutes-et-pharmaciens-unis-contre-les-coupes-budgetaires-de-letat\/#breadcrumb"},"inLanguage":"fr-FR","potentialAction":[{"@type":"ReadAction","target":["https:\/\/vosgesinfo.fr\/epinalinfo\/2025\/07\/epinal-kinesitherapeutes-et-pharmaciens-unis-contre-les-coupes-budgetaires-de-letat\/"]}]},{"@type":"ImageObject","inLanguage":"fr-FR","@id":"https:\/\/vosgesinfo.fr\/epinalinfo\/2025\/07\/epinal-kinesitherapeutes-et-pharmaciens-unis-contre-les-coupes-budgetaires-de-letat\/#primaryimage","url":"https:\/\/vosgesinfo.fr\/app\/uploads\/sites\/3\/2025\/07\/518274217-1278873610908617-6196484638172039429-n.jpg","contentUrl":"https:\/\/vosgesinfo.fr\/app\/uploads\/sites\/3\/2025\/07\/518274217-1278873610908617-6196484638172039429-n.jpg","width":1600,"height":900,"caption":"photos Ffmkr88"},{"@type":"BreadcrumbList","@id":"https:\/\/vosgesinfo.fr\/epinalinfo\/2025\/07\/epinal-kinesitherapeutes-et-pharmaciens-unis-contre-les-coupes-budgetaires-de-letat\/#breadcrumb","itemListElement":[{"@type":"ListItem","position":1,"name":"Home","item":"https:\/\/vosgesinfo.fr\/epinalinfo\/"},{"@type":"ListItem","position":2,"name":"\u00c9pinal : kin\u00e9sith\u00e9rapeutes et pharmaciens unis contre les coupes budg\u00e9taires de l\u2019\u00c9tat"}]},{"@type":"WebSite","@id":"https:\/\/vosgesinfo.fr\/epinalinfo\/#website","url":"https:\/\/vosgesinfo.fr\/epinalinfo\/","name":"Epinal Info","description":"Toute l&#039;actualit\u00e9 d&#039;\u00c9pinal","publisher":{"@id":"https:\/\/vosgesinfo.fr\/epinalinfo\/#organization"},"alternateName":"Toute l'actualit\u00e9 d'\u00c9pinal","potentialAction":[{"@type":"SearchAction","target":{"@type":"EntryPoint","urlTemplate":"https:\/\/vosgesinfo.fr\/epinalinfo\/?s={search_term_string}"},"query-input":"required name=search_term_string"}],"inLanguage":"fr-FR"},{"@type":"Organization","@id":"https:\/\/vosgesinfo.fr\/epinalinfo\/#organization","name":"Epinal Info","url":"https:\/\/vosgesinfo.fr\/epinalinfo\/","logo":{"@type":"ImageObject","inLanguage":"fr-FR","@id":"https:\/\/vosgesinfo.fr\/epinalinfo\/#\/schema\/logo\/image\/","url":"https:\/\/vosgesinfo.fr\/app\/uploads\/sites\/3\/2023\/08\/logo-epinalinfos.svg","contentUrl":"https:\/\/vosgesinfo.fr\/app\/uploads\/sites\/3\/2023\/08\/logo-epinalinfos.svg","width":1,"height":1,"caption":"Epinal Info"},"image":{"@id":"https:\/\/vosgesinfo.fr\/epinalinfo\/#\/schema\/logo\/image\/"},"sameAs":["https:\/\/www.facebook.com\/Epinalinfos","https:\/\/x.com\/VosgesInfo88","https:\/\/www.youtube.com\/@vosgesinfo"]},{"@type":"Person","@id":"https:\/\/vosgesinfo.fr\/epinalinfo\/#\/schema\/person\/6f9a650eeea99d969b6c4ab78fccbe81","name":"C.K.","image":{"@type":"ImageObject","inLanguage":"fr-FR","@id":"https:\/\/vosgesinfo.fr\/epinalinfo\/#\/schema\/person\/image\/","url":"https:\/\/secure.gravatar.com\/avatar\/48e3fc7f8421ba8942be6b74a2b7f014ca39bc00dece156b7a8e098ae7dc87bf?s=96&d=mm&r=g","contentUrl":"https:\/\/secure.gravatar.com\/avatar\/48e3fc7f8421ba8942be6b74a2b7f014ca39bc00dece156b7a8e098ae7dc87bf?s=96&d=mm&r=g","caption":"C.K."},"url":"https:\/\/vosgesinfo.fr\/epinalinfo\/author\/celia-k-n\/"}]}},"_links":{"self":[{"href":"https:\/\/vosgesinfo.fr\/epinalinfo\/wp-json\/wp\/v2\/posts\/133729","targetHints":{"allow":["GET"]}}],"collection":[{"href":"https:\/\/vosgesinfo.fr\/epinalinfo\/wp-json\/wp\/v2\/posts"}],"about":[{"href":"https:\/\/vosgesinfo.fr\/epinalinfo\/wp-json\/wp\/v2\/types\/post"}],"author":[{"embeddable":true,"href":"https:\/\/vosgesinfo.fr\/epinalinfo\/wp-json\/wp\/v2\/users\/52"}],"replies":[{"embeddable":true,"href":"https:\/\/vosgesinfo.fr\/epinalinfo\/wp-json\/wp\/v2\/comments?post=133729"}],"version-history":[{"count":1,"href":"https:\/\/vosgesinfo.fr\/epinalinfo\/wp-json\/wp\/v2\/posts\/133729\/revisions"}],"predecessor-version":[{"id":133743,"href":"https:\/\/vosgesinfo.fr\/epinalinfo\/wp-json\/wp\/v2\/posts\/133729\/revisions\/133743"}],"wp:featuredmedia":[{"embeddable":true,"href":"https:\/\/vosgesinfo.fr\/epinalinfo\/wp-json\/wp\/v2\/media\/133730"}],"wp:attachment":[{"href":"https:\/\/vosgesinfo.fr\/epinalinfo\/wp-json\/wp\/v2\/media?parent=133729"}],"wp:term":[{"taxonomy":"category","embeddable":true,"href":"https:\/\/vosgesinfo.fr\/epinalinfo\/wp-json\/wp\/v2\/categories?post=133729"},{"taxonomy":"post_tag","embeddable":true,"href":"https:\/\/vosgesinfo.fr\/epinalinfo\/wp-json\/wp\/v2\/tags?post=133729"}],"curies":[{"name":"wp","href":"https:\/\/api.w.org\/{rel}","templated":true}]}}