{"id":133746,"date":"2025-07-11T11:15:26","date_gmt":"2025-07-11T09:15:26","guid":{"rendered":"https:\/\/vosgesinfo.fr\/epinalinfo\/?p=133746"},"modified":"2025-07-11T11:12:01","modified_gmt":"2025-07-11T09:12:01","slug":"resultats-2025-du-brevet-et-du-baccalaureat-dans-les-vosges-des-performances-globalement-solides","status":"publish","type":"post","link":"https:\/\/vosgesinfo.fr\/epinalinfo\/2025\/07\/resultats-2025-du-brevet-et-du-baccalaureat-dans-les-vosges-des-performances-globalement-solides\/","title":{"rendered":"R\u00e9sultats 2025 du brevet et du baccalaur\u00e9at dans les Vosges : des performances globalement solides"},"content":{"rendered":"<div id=\"attachment_133573\" style=\"width: 1210px\" class=\"wp-caption aligncenter\"><a href=\"https:\/\/vosgesinfo.fr\/app\/uploads\/sites\/3\/2025\/07\/thumbnail-resultat-du-bac-2025-6-4-juillet-2025-lyce\u0301e-lapicque-epinal-photo-stephane-calmels-copie.jpg\"><img decoding=\"async\" aria-describedby=\"caption-attachment-133573\" class=\"size-full wp-image-133573\" src=\"https:\/\/vosgesinfo.fr\/app\/uploads\/sites\/3\/2025\/07\/thumbnail-resultat-du-bac-2025-6-4-juillet-2025-lyce\u0301e-lapicque-epinal-photo-stephane-calmels-copie.jpg\" alt=\"\" width=\"1200\" height=\"630\" srcset=\"https:\/\/vosgesinfo.fr\/app\/uploads\/sites\/3\/2025\/07\/thumbnail-resultat-du-bac-2025-6-4-juillet-2025-lyce\u0301e-lapicque-epinal-photo-stephane-calmels-copie.jpg 1200w, https:\/\/vosgesinfo.fr\/app\/uploads\/sites\/3\/2025\/07\/thumbnail-resultat-du-bac-2025-6-4-juillet-2025-lyce\u0301e-lapicque-epinal-photo-stephane-calmels-copie-300x158.jpg 300w, https:\/\/vosgesinfo.fr\/app\/uploads\/sites\/3\/2025\/07\/thumbnail-resultat-du-bac-2025-6-4-juillet-2025-lyce\u0301e-lapicque-epinal-photo-stephane-calmels-copie-1024x538.jpg 1024w, https:\/\/vosgesinfo.fr\/app\/uploads\/sites\/3\/2025\/07\/thumbnail-resultat-du-bac-2025-6-4-juillet-2025-lyce\u0301e-lapicque-epinal-photo-stephane-calmels-copie-768x403.jpg 768w\" sizes=\"(max-width: 1200px) 100vw, 1200px\" \/><\/a><p id=\"caption-attachment-133573\" class=\"wp-caption-text\">photo St\u00e9phane Calmels<\/p><\/div>\n<h3 data-start=\"211\" data-end=\"281\"><strong data-start=\"211\" data-end=\"281\">Brevet des coll\u00e8ges : l\u00e9g\u00e8re baisse mais stabilit\u00e9 dans les Vosges<\/strong><\/h3>\n<p data-start=\"283\" data-end=\"564\">Le Dipl\u00f4me National du Brevet (DNB) 2025 a \u00e9t\u00e9 pr\u00e9sent\u00e9 par <strong data-start=\"343\" data-end=\"364\">26 395 coll\u00e9giens<\/strong> dans l\u2019acad\u00e9mie de Nancy-Metz, dont <strong data-start=\"401\" data-end=\"429\">23 340 en s\u00e9rie g\u00e9n\u00e9rale<\/strong> et <strong data-start=\"433\" data-end=\"467\">3 055 en s\u00e9rie professionnelle<\/strong>. Le taux de r\u00e9ussite global s\u2019\u00e9l\u00e8ve \u00e0 <strong data-start=\"506\" data-end=\"516\">84,5 %<\/strong>, en baisse de <strong data-start=\"531\" data-end=\"544\">1,1 point<\/strong> par rapport \u00e0 2024.<\/p>\n<p data-start=\"566\" data-end=\"764\">Dans les <strong data-start=\"575\" data-end=\"585\">Vosges<\/strong>, le taux de r\u00e9ussite atteint <strong data-start=\"615\" data-end=\"625\">84,3 %<\/strong>, quasiment identique \u00e0 la moyenne acad\u00e9mique. Le d\u00e9partement confirme ainsi sa r\u00e9gularit\u00e9 et son alignement avec les tendances r\u00e9gionales.<\/p>\n<p data-start=\"766\" data-end=\"1036\">C\u00f4t\u00e9 distinctions, les <strong data-start=\"789\" data-end=\"832\">mentions restent largement majoritaires<\/strong>, avec <strong data-start=\"839\" data-end=\"849\">80,7 %<\/strong> des admis qui en obtiennent une. La <strong data-start=\"886\" data-end=\"904\">s\u00e9rie g\u00e9n\u00e9rale<\/strong> se d\u00e9marque avec <strong data-start=\"922\" data-end=\"944\">82,3 % de mentions<\/strong>, contre <strong data-start=\"953\" data-end=\"963\">65,8 %<\/strong> en s\u00e9rie professionnelle, un \u00e9cart coh\u00e9rent avec les ann\u00e9es pr\u00e9c\u00e9dentes.<\/p>\n<h3 data-start=\"1043\" data-end=\"1089\"><strong data-start=\"1043\" data-end=\"1089\">Baccalaur\u00e9at g\u00e9n\u00e9ral : les Vosges brillent<\/strong><\/h3>\n<p data-start=\"1091\" data-end=\"1379\">Les lyc\u00e9ens vosgiens confirment leur excellent niveau au <strong data-start=\"1148\" data-end=\"1172\">baccalaur\u00e9at g\u00e9n\u00e9ral<\/strong>. Dans toute l\u2019acad\u00e9mie, <strong data-start=\"1197\" data-end=\"1207\">92,6 %<\/strong> des candidats ont obtenu leur dipl\u00f4me. Mais les <strong data-start=\"1256\" data-end=\"1293\">Vosges tirent leur \u00e9pingle du jeu<\/strong> avec un remarquable <strong data-start=\"1314\" data-end=\"1336\">97,3 % de r\u00e9ussite<\/strong>, un des taux les plus \u00e9lev\u00e9s de la r\u00e9gion.<\/p>\n<p data-start=\"1381\" data-end=\"1562\">Malgr\u00e9 une l\u00e9g\u00e8re baisse du taux acad\u00e9mique global (-0,2 point), ce r\u00e9sultat reste tr\u00e8s encourageant et t\u00e9moigne de l\u2019investissement des \u00e9tablissements et des \u00e9l\u00e8ves du d\u00e9partement.<\/p>\n<h3 data-start=\"1569\" data-end=\"1619\"><strong data-start=\"1569\" data-end=\"1619\">Baccalaur\u00e9at technologique : nette progression<\/strong><\/h3>\n<p data-start=\"1621\" data-end=\"1802\">Les r\u00e9sultats du <strong data-start=\"1638\" data-end=\"1659\">bac technologique<\/strong> sont en nette hausse cette ann\u00e9e. <strong data-start=\"1694\" data-end=\"1704\">94,1 %<\/strong> des <strong data-start=\"1709\" data-end=\"1728\">4 472 candidats<\/strong> ont \u00e9t\u00e9 admis, soit une progression de <strong data-start=\"1768\" data-end=\"1782\">2,6 points<\/strong> par rapport \u00e0 2024.<\/p>\n<p data-start=\"1804\" data-end=\"2147\">Dans les Vosges, le taux de r\u00e9ussite atteint m\u00eame <strong data-start=\"1854\" data-end=\"1864\">94,6 %<\/strong>. Certaines s\u00e9ries sp\u00e9cialis\u00e9es comme <strong data-start=\"1902\" data-end=\"1911\">STD2A<\/strong> (Sciences et technologies du design et des arts appliqu\u00e9s) et <strong data-start=\"1974\" data-end=\"1983\">S2TMD<\/strong> (Sciences et techniques du th\u00e9\u00e2tre, de la musique et de la danse) enregistrent un <strong data-start=\"2066\" data-end=\"2095\">taux de r\u00e9ussite de 100 %<\/strong>, mettant en lumi\u00e8re l\u2019excellence de ces formations.<\/p>\n<h3 data-start=\"2154\" data-end=\"2212\"><strong data-start=\"2154\" data-end=\"2212\">Baccalaur\u00e9at professionnel : stabilit\u00e9 dans les Vosges<\/strong><\/h3>\n<p data-start=\"2214\" data-end=\"2462\">Le <strong data-start=\"2217\" data-end=\"2238\">bac professionnel<\/strong> affiche une r\u00e9ussite stable avec <strong data-start=\"2272\" data-end=\"2282\">84,6 %<\/strong> d\u2019admis dans l\u2019acad\u00e9mie, un recul mod\u00e9r\u00e9 de <strong data-start=\"2327\" data-end=\"2340\">0,6 point<\/strong>. Les Vosges s\u2019alignent sur cette moyenne, confirmant la <strong data-start=\"2397\" data-end=\"2441\">solidit\u00e9 de l\u2019enseignement professionnel<\/strong> dans le d\u00e9partement.<\/p>\n<p data-start=\"2464\" data-end=\"2732\">Le taux de mentions atteint <strong data-start=\"2492\" data-end=\"2500\">66 %<\/strong>, avec des disparit\u00e9s selon les fili\u00e8res : <strong data-start=\"2543\" data-end=\"2553\">67,4 %<\/strong> dans les m\u00e9tiers des services contre <strong data-start=\"2591\" data-end=\"2601\">63,7 %<\/strong> dans ceux de la production. Ces chiffres traduisent une insertion coh\u00e9rente et durable des \u00e9l\u00e8ves dans les voies professionnelles.<\/p>\n<h3 data-start=\"2739\" data-end=\"2756\"><strong data-start=\"2743\" data-end=\"2756\">En r\u00e9sum\u00e9<\/strong><\/h3>\n<p data-start=\"2758\" data-end=\"3149\">Malgr\u00e9 une l\u00e9g\u00e8re baisse du taux de r\u00e9ussite au brevet et quelques variations selon les s\u00e9ries, <strong data-start=\"2854\" data-end=\"2914\">les r\u00e9sultats 2025 dans les Vosges restent tr\u00e8s positifs<\/strong>. Les excellents scores au bac g\u00e9n\u00e9ral et technologique montrent la <strong data-start=\"2982\" data-end=\"3040\">vitalit\u00e9 et la performance du syst\u00e8me \u00e9ducatif vosgien<\/strong>, tandis que la stabilit\u00e9 du bac pro et du brevet illustre une <strong data-start=\"3103\" data-end=\"3124\">solide continuit\u00e9<\/strong> dans les apprentissages.<\/p>\n","protected":false},"excerpt":{"rendered":"<p>Brevet des coll\u00e8ges : l\u00e9g\u00e8re baisse mais stabilit\u00e9 dans les Vosges Le Dipl\u00f4me National du Brevet (DNB) 2025 a \u00e9t\u00e9 [&hellip;]<\/p>\n","protected":false},"author":52,"featured_media":133747,"comment_status":"open","ping_status":"open","sticky":false,"template":"","format":"standard","meta":{"footnotes":""},"categories":[22,15,24,5],"tags":[3565,70],"class_list":["post-133746","post","type-post","status-publish","format-standard","has-post-thumbnail","hentry","category-a-la-une","category-education","category-epinal","category-vosges","tag-bac","tag-epinal"],"acf":[],"yoast_head":"<!-- This site is optimized with the Yoast SEO plugin v22.5 - https:\/\/yoast.com\/wordpress\/plugins\/seo\/ -->\n<title>R\u00e9sultats 2025 du brevet et du baccalaur\u00e9at dans les Vosges : des performances globalement solides - Epinal Info<\/title>\n<meta name=\"robots\" content=\"index, follow, max-snippet:-1, max-image-preview:large, max-video-preview:-1\" \/>\n<link rel=\"canonical\" href=\"https:\/\/vosgesinfo.fr\/epinalinfo\/2025\/07\/resultats-2025-du-brevet-et-du-baccalaureat-dans-les-vosges-des-performances-globalement-solides\/\" \/>\n<meta name=\"twitter:card\" content=\"summary_large_image\" \/>\n<meta name=\"twitter:title\" content=\"R\u00e9sultats 2025 du brevet et du baccalaur\u00e9at dans les Vosges : des performances globalement solides - Epinal Info\" \/>\n<meta name=\"twitter:description\" content=\"Brevet des coll\u00e8ges : l\u00e9g\u00e8re baisse mais stabilit\u00e9 dans les Vosges Le Dipl\u00f4me National du Brevet (DNB) 2025 a \u00e9t\u00e9 [&hellip;]\" \/>\n<meta name=\"twitter:image\" content=\"https:\/\/vosgesinfo.fr\/app\/uploads\/sites\/3\/2025\/07\/bac-epinal-bon-format.jpg\" \/>\n<meta name=\"twitter:creator\" content=\"@VosgesInfo88\" \/>\n<meta name=\"twitter:site\" content=\"@VosgesInfo88\" \/>\n<meta name=\"twitter:label1\" content=\"\u00c9crit par\" \/>\n\t<meta name=\"twitter:data1\" content=\"C.K.\" \/>\n\t<meta name=\"twitter:label2\" content=\"Dur\u00e9e de lecture estim\u00e9e\" \/>\n\t<meta name=\"twitter:data2\" content=\"2 minutes\" \/>\n<script type=\"application\/ld+json\" class=\"yoast-schema-graph\">{\"@context\":\"https:\/\/schema.org\",\"@graph\":[{\"@type\":\"Article\",\"@id\":\"https:\/\/vosgesinfo.fr\/epinalinfo\/2025\/07\/resultats-2025-du-brevet-et-du-baccalaureat-dans-les-vosges-des-performances-globalement-solides\/#article\",\"isPartOf\":{\"@id\":\"https:\/\/vosgesinfo.fr\/epinalinfo\/2025\/07\/resultats-2025-du-brevet-et-du-baccalaureat-dans-les-vosges-des-performances-globalement-solides\/\"},\"author\":{\"name\":\"C.K.\",\"@id\":\"https:\/\/vosgesinfo.fr\/epinalinfo\/#\/schema\/person\/6f9a650eeea99d969b6c4ab78fccbe81\"},\"headline\":\"R\u00e9sultats 2025 du brevet et du baccalaur\u00e9at dans les Vosges : des performances globalement solides\",\"datePublished\":\"2025-07-11T09:15:26+00:00\",\"dateModified\":\"2025-07-11T09:12:01+00:00\",\"mainEntityOfPage\":{\"@id\":\"https:\/\/vosgesinfo.fr\/epinalinfo\/2025\/07\/resultats-2025-du-brevet-et-du-baccalaureat-dans-les-vosges-des-performances-globalement-solides\/\"},\"wordCount\":504,\"commentCount\":0,\"publisher\":{\"@id\":\"https:\/\/vosgesinfo.fr\/epinalinfo\/#organization\"},\"image\":{\"@id\":\"https:\/\/vosgesinfo.fr\/epinalinfo\/2025\/07\/resultats-2025-du-brevet-et-du-baccalaureat-dans-les-vosges-des-performances-globalement-solides\/#primaryimage\"},\"thumbnailUrl\":\"https:\/\/vosgesinfo.fr\/app\/uploads\/sites\/3\/2025\/07\/bac-epinal-bon-format.jpg\",\"keywords\":[\"bac\",\"Epinal\"],\"articleSection\":[\"A la Une\",\"\u00c9ducation\",\"Epinal\",\"Vosges\"],\"inLanguage\":\"fr-FR\",\"potentialAction\":[{\"@type\":\"CommentAction\",\"name\":\"Comment\",\"target\":[\"https:\/\/vosgesinfo.fr\/epinalinfo\/2025\/07\/resultats-2025-du-brevet-et-du-baccalaureat-dans-les-vosges-des-performances-globalement-solides\/#respond\"]}]},{\"@type\":\"WebPage\",\"@id\":\"https:\/\/vosgesinfo.fr\/epinalinfo\/2025\/07\/resultats-2025-du-brevet-et-du-baccalaureat-dans-les-vosges-des-performances-globalement-solides\/\",\"url\":\"https:\/\/vosgesinfo.fr\/epinalinfo\/2025\/07\/resultats-2025-du-brevet-et-du-baccalaureat-dans-les-vosges-des-performances-globalement-solides\/\",\"name\":\"R\u00e9sultats 2025 du brevet et du baccalaur\u00e9at dans les Vosges : des performances globalement solides - Epinal Info\",\"isPartOf\":{\"@id\":\"https:\/\/vosgesinfo.fr\/epinalinfo\/#website\"},\"primaryImageOfPage\":{\"@id\":\"https:\/\/vosgesinfo.fr\/epinalinfo\/2025\/07\/resultats-2025-du-brevet-et-du-baccalaureat-dans-les-vosges-des-performances-globalement-solides\/#primaryimage\"},\"image\":{\"@id\":\"https:\/\/vosgesinfo.fr\/epinalinfo\/2025\/07\/resultats-2025-du-brevet-et-du-baccalaureat-dans-les-vosges-des-performances-globalement-solides\/#primaryimage\"},\"thumbnailUrl\":\"https:\/\/vosgesinfo.fr\/app\/uploads\/sites\/3\/2025\/07\/bac-epinal-bon-format.jpg\",\"datePublished\":\"2025-07-11T09:15:26+00:00\",\"dateModified\":\"2025-07-11T09:12:01+00:00\",\"breadcrumb\":{\"@id\":\"https:\/\/vosgesinfo.fr\/epinalinfo\/2025\/07\/resultats-2025-du-brevet-et-du-baccalaureat-dans-les-vosges-des-performances-globalement-solides\/#breadcrumb\"},\"inLanguage\":\"fr-FR\",\"potentialAction\":[{\"@type\":\"ReadAction\",\"target\":[\"https:\/\/vosgesinfo.fr\/epinalinfo\/2025\/07\/resultats-2025-du-brevet-et-du-baccalaureat-dans-les-vosges-des-performances-globalement-solides\/\"]}]},{\"@type\":\"ImageObject\",\"inLanguage\":\"fr-FR\",\"@id\":\"https:\/\/vosgesinfo.fr\/epinalinfo\/2025\/07\/resultats-2025-du-brevet-et-du-baccalaureat-dans-les-vosges-des-performances-globalement-solides\/#primaryimage\",\"url\":\"https:\/\/vosgesinfo.fr\/app\/uploads\/sites\/3\/2025\/07\/bac-epinal-bon-format.jpg\",\"contentUrl\":\"https:\/\/vosgesinfo.fr\/app\/uploads\/sites\/3\/2025\/07\/bac-epinal-bon-format.jpg\",\"width\":995,\"height\":584},{\"@type\":\"BreadcrumbList\",\"@id\":\"https:\/\/vosgesinfo.fr\/epinalinfo\/2025\/07\/resultats-2025-du-brevet-et-du-baccalaureat-dans-les-vosges-des-performances-globalement-solides\/#breadcrumb\",\"itemListElement\":[{\"@type\":\"ListItem\",\"position\":1,\"name\":\"Home\",\"item\":\"https:\/\/vosgesinfo.fr\/epinalinfo\/\"},{\"@type\":\"ListItem\",\"position\":2,\"name\":\"R\u00e9sultats 2025 du brevet et du baccalaur\u00e9at dans les Vosges : des performances globalement solides\"}]},{\"@type\":\"WebSite\",\"@id\":\"https:\/\/vosgesinfo.fr\/epinalinfo\/#website\",\"url\":\"https:\/\/vosgesinfo.fr\/epinalinfo\/\",\"name\":\"Epinal Info\",\"description\":\"Toute l&#039;actualit\u00e9 d&#039;\u00c9pinal\",\"publisher\":{\"@id\":\"https:\/\/vosgesinfo.fr\/epinalinfo\/#organization\"},\"alternateName\":\"Toute l'actualit\u00e9 d'\u00c9pinal\",\"potentialAction\":[{\"@type\":\"SearchAction\",\"target\":{\"@type\":\"EntryPoint\",\"urlTemplate\":\"https:\/\/vosgesinfo.fr\/epinalinfo\/?s={search_term_string}\"},\"query-input\":\"required name=search_term_string\"}],\"inLanguage\":\"fr-FR\"},{\"@type\":\"Organization\",\"@id\":\"https:\/\/vosgesinfo.fr\/epinalinfo\/#organization\",\"name\":\"Epinal Info\",\"url\":\"https:\/\/vosgesinfo.fr\/epinalinfo\/\",\"logo\":{\"@type\":\"ImageObject\",\"inLanguage\":\"fr-FR\",\"@id\":\"https:\/\/vosgesinfo.fr\/epinalinfo\/#\/schema\/logo\/image\/\",\"url\":\"https:\/\/vosgesinfo.fr\/app\/uploads\/sites\/3\/2023\/08\/logo-epinalinfos.svg\",\"contentUrl\":\"https:\/\/vosgesinfo.fr\/app\/uploads\/sites\/3\/2023\/08\/logo-epinalinfos.svg\",\"width\":1,\"height\":1,\"caption\":\"Epinal Info\"},\"image\":{\"@id\":\"https:\/\/vosgesinfo.fr\/epinalinfo\/#\/schema\/logo\/image\/\"},\"sameAs\":[\"https:\/\/www.facebook.com\/Epinalinfos\",\"https:\/\/x.com\/VosgesInfo88\",\"https:\/\/www.youtube.com\/@vosgesinfo\"]},{\"@type\":\"Person\",\"@id\":\"https:\/\/vosgesinfo.fr\/epinalinfo\/#\/schema\/person\/6f9a650eeea99d969b6c4ab78fccbe81\",\"name\":\"C.K.\",\"image\":{\"@type\":\"ImageObject\",\"inLanguage\":\"fr-FR\",\"@id\":\"https:\/\/vosgesinfo.fr\/epinalinfo\/#\/schema\/person\/image\/\",\"url\":\"https:\/\/secure.gravatar.com\/avatar\/48e3fc7f8421ba8942be6b74a2b7f014ca39bc00dece156b7a8e098ae7dc87bf?s=96&d=mm&r=g\",\"contentUrl\":\"https:\/\/secure.gravatar.com\/avatar\/48e3fc7f8421ba8942be6b74a2b7f014ca39bc00dece156b7a8e098ae7dc87bf?s=96&d=mm&r=g\",\"caption\":\"C.K.\"},\"url\":\"https:\/\/vosgesinfo.fr\/epinalinfo\/author\/celia-k-n\/\"}]}<\/script>\n<!-- \/ Yoast SEO plugin. -->","yoast_head_json":{"title":"R\u00e9sultats 2025 du brevet et du baccalaur\u00e9at dans les Vosges : des performances globalement solides - Epinal Info","robots":{"index":"index","follow":"follow","max-snippet":"max-snippet:-1","max-image-preview":"max-image-preview:large","max-video-preview":"max-video-preview:-1"},"canonical":"https:\/\/vosgesinfo.fr\/epinalinfo\/2025\/07\/resultats-2025-du-brevet-et-du-baccalaureat-dans-les-vosges-des-performances-globalement-solides\/","twitter_card":"summary_large_image","twitter_title":"R\u00e9sultats 2025 du brevet et du baccalaur\u00e9at dans les Vosges : des performances globalement solides - Epinal Info","twitter_description":"Brevet des coll\u00e8ges : l\u00e9g\u00e8re baisse mais stabilit\u00e9 dans les Vosges Le Dipl\u00f4me National du Brevet (DNB) 2025 a \u00e9t\u00e9 [&hellip;]","twitter_image":"https:\/\/vosgesinfo.fr\/app\/uploads\/sites\/3\/2025\/07\/bac-epinal-bon-format.jpg","twitter_creator":"@VosgesInfo88","twitter_site":"@VosgesInfo88","twitter_misc":{"\u00c9crit par":"C.K.","Dur\u00e9e de lecture estim\u00e9e":"2 minutes"},"schema":{"@context":"https:\/\/schema.org","@graph":[{"@type":"Article","@id":"https:\/\/vosgesinfo.fr\/epinalinfo\/2025\/07\/resultats-2025-du-brevet-et-du-baccalaureat-dans-les-vosges-des-performances-globalement-solides\/#article","isPartOf":{"@id":"https:\/\/vosgesinfo.fr\/epinalinfo\/2025\/07\/resultats-2025-du-brevet-et-du-baccalaureat-dans-les-vosges-des-performances-globalement-solides\/"},"author":{"name":"C.K.","@id":"https:\/\/vosgesinfo.fr\/epinalinfo\/#\/schema\/person\/6f9a650eeea99d969b6c4ab78fccbe81"},"headline":"R\u00e9sultats 2025 du brevet et du baccalaur\u00e9at dans les Vosges : des performances globalement solides","datePublished":"2025-07-11T09:15:26+00:00","dateModified":"2025-07-11T09:12:01+00:00","mainEntityOfPage":{"@id":"https:\/\/vosgesinfo.fr\/epinalinfo\/2025\/07\/resultats-2025-du-brevet-et-du-baccalaureat-dans-les-vosges-des-performances-globalement-solides\/"},"wordCount":504,"commentCount":0,"publisher":{"@id":"https:\/\/vosgesinfo.fr\/epinalinfo\/#organization"},"image":{"@id":"https:\/\/vosgesinfo.fr\/epinalinfo\/2025\/07\/resultats-2025-du-brevet-et-du-baccalaureat-dans-les-vosges-des-performances-globalement-solides\/#primaryimage"},"thumbnailUrl":"https:\/\/vosgesinfo.fr\/app\/uploads\/sites\/3\/2025\/07\/bac-epinal-bon-format.jpg","keywords":["bac","Epinal"],"articleSection":["A la Une","\u00c9ducation","Epinal","Vosges"],"inLanguage":"fr-FR","potentialAction":[{"@type":"CommentAction","name":"Comment","target":["https:\/\/vosgesinfo.fr\/epinalinfo\/2025\/07\/resultats-2025-du-brevet-et-du-baccalaureat-dans-les-vosges-des-performances-globalement-solides\/#respond"]}]},{"@type":"WebPage","@id":"https:\/\/vosgesinfo.fr\/epinalinfo\/2025\/07\/resultats-2025-du-brevet-et-du-baccalaureat-dans-les-vosges-des-performances-globalement-solides\/","url":"https:\/\/vosgesinfo.fr\/epinalinfo\/2025\/07\/resultats-2025-du-brevet-et-du-baccalaureat-dans-les-vosges-des-performances-globalement-solides\/","name":"R\u00e9sultats 2025 du brevet et du baccalaur\u00e9at dans les Vosges : des performances globalement solides - Epinal Info","isPartOf":{"@id":"https:\/\/vosgesinfo.fr\/epinalinfo\/#website"},"primaryImageOfPage":{"@id":"https:\/\/vosgesinfo.fr\/epinalinfo\/2025\/07\/resultats-2025-du-brevet-et-du-baccalaureat-dans-les-vosges-des-performances-globalement-solides\/#primaryimage"},"image":{"@id":"https:\/\/vosgesinfo.fr\/epinalinfo\/2025\/07\/resultats-2025-du-brevet-et-du-baccalaureat-dans-les-vosges-des-performances-globalement-solides\/#primaryimage"},"thumbnailUrl":"https:\/\/vosgesinfo.fr\/app\/uploads\/sites\/3\/2025\/07\/bac-epinal-bon-format.jpg","datePublished":"2025-07-11T09:15:26+00:00","dateModified":"2025-07-11T09:12:01+00:00","breadcrumb":{"@id":"https:\/\/vosgesinfo.fr\/epinalinfo\/2025\/07\/resultats-2025-du-brevet-et-du-baccalaureat-dans-les-vosges-des-performances-globalement-solides\/#breadcrumb"},"inLanguage":"fr-FR","potentialAction":[{"@type":"ReadAction","target":["https:\/\/vosgesinfo.fr\/epinalinfo\/2025\/07\/resultats-2025-du-brevet-et-du-baccalaureat-dans-les-vosges-des-performances-globalement-solides\/"]}]},{"@type":"ImageObject","inLanguage":"fr-FR","@id":"https:\/\/vosgesinfo.fr\/epinalinfo\/2025\/07\/resultats-2025-du-brevet-et-du-baccalaureat-dans-les-vosges-des-performances-globalement-solides\/#primaryimage","url":"https:\/\/vosgesinfo.fr\/app\/uploads\/sites\/3\/2025\/07\/bac-epinal-bon-format.jpg","contentUrl":"https:\/\/vosgesinfo.fr\/app\/uploads\/sites\/3\/2025\/07\/bac-epinal-bon-format.jpg","width":995,"height":584},{"@type":"BreadcrumbList","@id":"https:\/\/vosgesinfo.fr\/epinalinfo\/2025\/07\/resultats-2025-du-brevet-et-du-baccalaureat-dans-les-vosges-des-performances-globalement-solides\/#breadcrumb","itemListElement":[{"@type":"ListItem","position":1,"name":"Home","item":"https:\/\/vosgesinfo.fr\/epinalinfo\/"},{"@type":"ListItem","position":2,"name":"R\u00e9sultats 2025 du brevet et du baccalaur\u00e9at dans les Vosges : des performances globalement solides"}]},{"@type":"WebSite","@id":"https:\/\/vosgesinfo.fr\/epinalinfo\/#website","url":"https:\/\/vosgesinfo.fr\/epinalinfo\/","name":"Epinal Info","description":"Toute l&#039;actualit\u00e9 d&#039;\u00c9pinal","publisher":{"@id":"https:\/\/vosgesinfo.fr\/epinalinfo\/#organization"},"alternateName":"Toute l'actualit\u00e9 d'\u00c9pinal","potentialAction":[{"@type":"SearchAction","target":{"@type":"EntryPoint","urlTemplate":"https:\/\/vosgesinfo.fr\/epinalinfo\/?s={search_term_string}"},"query-input":"required name=search_term_string"}],"inLanguage":"fr-FR"},{"@type":"Organization","@id":"https:\/\/vosgesinfo.fr\/epinalinfo\/#organization","name":"Epinal Info","url":"https:\/\/vosgesinfo.fr\/epinalinfo\/","logo":{"@type":"ImageObject","inLanguage":"fr-FR","@id":"https:\/\/vosgesinfo.fr\/epinalinfo\/#\/schema\/logo\/image\/","url":"https:\/\/vosgesinfo.fr\/app\/uploads\/sites\/3\/2023\/08\/logo-epinalinfos.svg","contentUrl":"https:\/\/vosgesinfo.fr\/app\/uploads\/sites\/3\/2023\/08\/logo-epinalinfos.svg","width":1,"height":1,"caption":"Epinal Info"},"image":{"@id":"https:\/\/vosgesinfo.fr\/epinalinfo\/#\/schema\/logo\/image\/"},"sameAs":["https:\/\/www.facebook.com\/Epinalinfos","https:\/\/x.com\/VosgesInfo88","https:\/\/www.youtube.com\/@vosgesinfo"]},{"@type":"Person","@id":"https:\/\/vosgesinfo.fr\/epinalinfo\/#\/schema\/person\/6f9a650eeea99d969b6c4ab78fccbe81","name":"C.K.","image":{"@type":"ImageObject","inLanguage":"fr-FR","@id":"https:\/\/vosgesinfo.fr\/epinalinfo\/#\/schema\/person\/image\/","url":"https:\/\/secure.gravatar.com\/avatar\/48e3fc7f8421ba8942be6b74a2b7f014ca39bc00dece156b7a8e098ae7dc87bf?s=96&d=mm&r=g","contentUrl":"https:\/\/secure.gravatar.com\/avatar\/48e3fc7f8421ba8942be6b74a2b7f014ca39bc00dece156b7a8e098ae7dc87bf?s=96&d=mm&r=g","caption":"C.K."},"url":"https:\/\/vosgesinfo.fr\/epinalinfo\/author\/celia-k-n\/"}]}},"_links":{"self":[{"href":"https:\/\/vosgesinfo.fr\/epinalinfo\/wp-json\/wp\/v2\/posts\/133746","targetHints":{"allow":["GET"]}}],"collection":[{"href":"https:\/\/vosgesinfo.fr\/epinalinfo\/wp-json\/wp\/v2\/posts"}],"about":[{"href":"https:\/\/vosgesinfo.fr\/epinalinfo\/wp-json\/wp\/v2\/types\/post"}],"author":[{"embeddable":true,"href":"https:\/\/vosgesinfo.fr\/epinalinfo\/wp-json\/wp\/v2\/users\/52"}],"replies":[{"embeddable":true,"href":"https:\/\/vosgesinfo.fr\/epinalinfo\/wp-json\/wp\/v2\/comments?post=133746"}],"version-history":[{"count":1,"href":"https:\/\/vosgesinfo.fr\/epinalinfo\/wp-json\/wp\/v2\/posts\/133746\/revisions"}],"predecessor-version":[{"id":133748,"href":"https:\/\/vosgesinfo.fr\/epinalinfo\/wp-json\/wp\/v2\/posts\/133746\/revisions\/133748"}],"wp:featuredmedia":[{"embeddable":true,"href":"https:\/\/vosgesinfo.fr\/epinalinfo\/wp-json\/wp\/v2\/media\/133747"}],"wp:attachment":[{"href":"https:\/\/vosgesinfo.fr\/epinalinfo\/wp-json\/wp\/v2\/media?parent=133746"}],"wp:term":[{"taxonomy":"category","embeddable":true,"href":"https:\/\/vosgesinfo.fr\/epinalinfo\/wp-json\/wp\/v2\/categories?post=133746"},{"taxonomy":"post_tag","embeddable":true,"href":"https:\/\/vosgesinfo.fr\/epinalinfo\/wp-json\/wp\/v2\/tags?post=133746"}],"curies":[{"name":"wp","href":"https:\/\/api.w.org\/{rel}","templated":true}]}}