{"id":133749,"date":"2025-07-11T11:30:07","date_gmt":"2025-07-11T09:30:07","guid":{"rendered":"https:\/\/vosgesinfo.fr\/epinalinfo\/?p=133749"},"modified":"2025-07-11T11:25:32","modified_gmt":"2025-07-11T09:25:32","slug":"moissons-2025-dans-les-vosges-un-premier-bilan-prometteur-mais-fragile","status":"publish","type":"post","link":"https:\/\/vosgesinfo.fr\/epinalinfo\/2025\/07\/moissons-2025-dans-les-vosges-un-premier-bilan-prometteur-mais-fragile\/","title":{"rendered":"Moissons 2025 dans les Vosges : un premier bilan prometteur\u2026 mais fragile"},"content":{"rendered":"<h2 data-start=\"232\" data-end=\"642\"><strong><a href=\"https:\/\/vosgesinfo.fr\/app\/uploads\/sites\/3\/2025\/07\/recolte-moisson-.jpg\"><img decoding=\"async\" class=\"aligncenter size-full wp-image-133750\" src=\"https:\/\/vosgesinfo.fr\/app\/uploads\/sites\/3\/2025\/07\/recolte-moisson-.jpg\" alt=\"\" width=\"960\" height=\"642\" srcset=\"https:\/\/vosgesinfo.fr\/app\/uploads\/sites\/3\/2025\/07\/recolte-moisson-.jpg 960w, https:\/\/vosgesinfo.fr\/app\/uploads\/sites\/3\/2025\/07\/recolte-moisson--300x201.jpg 300w, https:\/\/vosgesinfo.fr\/app\/uploads\/sites\/3\/2025\/07\/recolte-moisson--768x514.jpg 768w\" sizes=\"(max-width: 960px) 100vw, 960px\" \/><\/a>Jeudi 10 juillet, \u00e0 Frenois, Vincent Claude, agriculteur au GAEC du Canard, a accueilli le traditionnel point presse des moissons. Trois semaines apr\u00e8s le d\u00e9but de la r\u00e9colte, l\u2019heure \u00e9tait \u00e0 un premier bilan de la campagne agricole 2025. Si les premiers r\u00e9sultats sont encourageants, les inqui\u00e9tudes \u00e9conomiques et climatiques temp\u00e8rent l\u2019optimisme.<\/strong><\/h2>\n<h3 data-start=\"649\" data-end=\"693\">Un d\u00e9marrage pr\u00e9coce pour les moissons<\/h3>\n<p data-start=\"695\" data-end=\"896\">Cette ann\u00e9e, les moissons ont d\u00e9but\u00e9 avec quelques jours d\u2019avance. L\u2019orge a \u00e9t\u00e9 r\u00e9colt\u00e9e d\u00e8s le 25 juin, tandis que les premi\u00e8res parcelles de bl\u00e9 et de colza ont suivi d\u00e8s le d\u00e9but du mois de juillet.<\/p>\n<p data-start=\"898\" data-end=\"1185\">Malgr\u00e9 un automne 2024 particuli\u00e8rement pluvieux, qui avait compliqu\u00e9 les semis, les conditions printani\u00e8res ont permis un bon d\u00e9veloppement des cultures. Des r\u00e9coltes encourageantes au niveau de l&rsquo;orge, le bl\u00e9 commence doucement et le colza d\u00e9bute bien.<\/p>\n<h3 data-start=\"1192\" data-end=\"1233\">Des rendements corrects, voire bons<\/h3>\n<p data-start=\"1235\" data-end=\"1537\">Les premiers rendements d\u2019<strong data-start=\"1261\" data-end=\"1277\">orge d\u2019hiver<\/strong>, compris entre <strong data-start=\"1293\" data-end=\"1326\">65 et 85 quintaux par hectare<\/strong>, s\u2019av\u00e8rent satisfaisants, dans la moyenne haute des derni\u00e8res ann\u00e9es. Le <strong data-start=\"1400\" data-end=\"1409\">colza<\/strong>, longtemps jug\u00e9 incertain, semble bien s\u2019en sortir, avec des r\u00e9sultats jug\u00e9s prometteurs sur les premi\u00e8res parcelles r\u00e9colt\u00e9es.<\/p>\n<p data-start=\"1539\" data-end=\"1778\">Du c\u00f4t\u00e9 du <strong data-start=\"1550\" data-end=\"1557\">bl\u00e9<\/strong>, les rendements restent corrects malgr\u00e9 une teneur en prot\u00e9ines parfois en de\u00e7\u00e0 des attentes. La <strong data-start=\"1655\" data-end=\"1673\">qualit\u00e9 est l\u00e0<\/strong>, mais les quantit\u00e9s pourraient varier selon les zones, notamment \u00e0 cause des coups de chaud de fin juin.<\/p>\n<h3 data-start=\"1785\" data-end=\"1837\">Une m\u00e9t\u00e9o globalement cl\u00e9mente, mais instable<\/h3>\n<p data-start=\"1839\" data-end=\"2073\">La campagne 2025 aura jusqu\u2019ici b\u00e9n\u00e9fici\u00e9 de conditions climatiques globalement favorables. Cependant, la <strong data-start=\"1945\" data-end=\"1977\">vague de chaleur de fin juin<\/strong> a provoqu\u00e9 une maturation rapide et parfois incompl\u00e8te de certaines cultures, notamment du bl\u00e9.<\/p>\n<p data-start=\"2075\" data-end=\"2234\">Les producteurs restent vigilants face \u00e0 l\u2019arriv\u00e9e possible <strong data-start=\"2135\" data-end=\"2153\">d\u2019orages d\u2019\u00e9t\u00e9<\/strong>, qui pourraient perturber la fin des r\u00e9coltes et impacter la qualit\u00e9 des grains.<\/p>\n<h3 data-start=\"2241\" data-end=\"2280\">Des prix en baisse qui inqui\u00e8tent<\/h3>\n<p data-start=\"2282\" data-end=\"2594\">C\u00f4t\u00e9 march\u00e9s, les signaux sont moins favorables. Le <strong data-start=\"2334\" data-end=\"2350\">cours du bl\u00e9<\/strong>, d\u00e9sormais <strong data-start=\"2362\" data-end=\"2389\">sous les 200 \u20ac la tonne<\/strong>, est en recul par rapport \u00e0 l\u2019ann\u00e9e derni\u00e8re, o\u00f9 il oscillait entre 210 et 230 \u20ac\/t. Le <strong data-start=\"2477\" data-end=\"2486\">colza<\/strong> suit la m\u00eame tendance, autour de <strong data-start=\"2520\" data-end=\"2531\">480 \u20ac\/t<\/strong>, contre des pics nettement plus hauts ces derni\u00e8res campagnes.<\/p>\n<h3 data-start=\"2792\" data-end=\"2837\">Herbe et fourrages : une belle campagne<\/h3>\n<p data-start=\"2839\" data-end=\"3135\">Du c\u00f4t\u00e9 de l\u2019\u00e9levage, les nouvelles sont plus rassurantes. Gr\u00e2ce \u00e0 une m\u00e9t\u00e9o favorable au printemps, les <strong data-start=\"2944\" data-end=\"2985\">premi\u00e8res et deuxi\u00e8mes coupes d\u2019herbe<\/strong> ont \u00e9t\u00e9 abondantes. Les stocks de <strong data-start=\"3020\" data-end=\"3033\">fourrages<\/strong> devraient donc permettre d\u2019aborder l\u2019automne avec une certaine s\u00e9r\u00e9nit\u00e9, apr\u00e8s une ann\u00e9e 2024 tendue.<\/p>\n<h3 data-start=\"3142\" data-end=\"3187\">Vergers : une production en demi-teinte<\/h3>\n<p data-start=\"3189\" data-end=\"3369\">C\u00f4t\u00e9 fruits, la situation est plus contrast\u00e9e. Dans les vergers vosgiens, les <strong data-start=\"3267\" data-end=\"3281\">mirabelles<\/strong> et <strong data-start=\"3285\" data-end=\"3296\">cerises<\/strong> affichent un net recul, en lien avec les al\u00e9as climatiques du printemps.<\/p>\n<p data-start=\"3371\" data-end=\"3635\">En revanche, d\u2019autres cultures offrent de belles perspectives pour 2025 : les <strong data-start=\"3449\" data-end=\"3459\">poires<\/strong>, les <strong data-start=\"3465\" data-end=\"3478\">myrtilles<\/strong> ainsi que la <strong data-start=\"3492\" data-end=\"3514\">production de miel<\/strong> s\u2019annoncent prometteuses, avec des floraisons abondantes et un bon taux de pollinisation observ\u00e9 ces derni\u00e8res semaines.<\/p>\n<h3 data-start=\"3642\" data-end=\"3693\">Une campagne bien engag\u00e9e, mais sous vigilance<\/h3>\n<p data-start=\"3695\" data-end=\"3907\">Le premier bilan des moissons 2025 dans les Vosges est donc <strong data-start=\"3755\" data-end=\"3778\">globalement positif<\/strong>. Les cultures ont bien d\u00e9marr\u00e9, les rendements sont l\u00e0, et les conditions climatiques ont jusqu\u2019ici \u00e9t\u00e9 relativement favorables.<\/p>\n<p data-start=\"3909\" data-end=\"4086\">Mais la <strong data-start=\"3917\" data-end=\"3946\">baisse des prix agricoles<\/strong>, la <strong data-start=\"3951\" data-end=\"3975\">fragilit\u00e9 \u00e9conomique<\/strong> de nombreuses exploitations, et les <strong data-start=\"4012\" data-end=\"4040\">incertitudes climatiques<\/strong> laissent planer une ombre sur cette campagne.<\/p>\n<blockquote data-start=\"4088\" data-end=\"4216\">\n<p data-start=\"4090\" data-end=\"4216\">La prudence reste de mise. Le c\u0153ur de l\u2019\u00e9t\u00e9 ne fait que commencer, et seule la fin de saison permettra de tirer un vrai bilan.<\/p>\n<\/blockquote>\n","protected":false},"excerpt":{"rendered":"<p>Jeudi 10 juillet, \u00e0 Frenois, Vincent Claude, agriculteur au GAEC du Canard, a accueilli le traditionnel point presse des moissons. [&hellip;]<\/p>\n","protected":false},"author":52,"featured_media":133750,"comment_status":"open","ping_status":"open","sticky":false,"template":"","format":"standard","meta":{"footnotes":""},"categories":[22,24,6057,5],"tags":[],"class_list":["post-133749","post","type-post","status-publish","format-standard","has-post-thumbnail","hentry","category-a-la-une","category-epinal","category-la-plaine-des-vosges","category-vosges"],"acf":[],"yoast_head":"<!-- This site is optimized with the Yoast SEO plugin v22.5 - https:\/\/yoast.com\/wordpress\/plugins\/seo\/ -->\n<title>Moissons 2025 dans les Vosges : un premier bilan prometteur\u2026 mais fragile - Epinal Info<\/title>\n<meta name=\"robots\" content=\"index, follow, max-snippet:-1, max-image-preview:large, max-video-preview:-1\" \/>\n<link rel=\"canonical\" href=\"https:\/\/vosgesinfo.fr\/epinalinfo\/2025\/07\/moissons-2025-dans-les-vosges-un-premier-bilan-prometteur-mais-fragile\/\" \/>\n<meta name=\"twitter:card\" content=\"summary_large_image\" \/>\n<meta name=\"twitter:title\" content=\"Moissons 2025 dans les Vosges : un premier bilan prometteur\u2026 mais fragile - Epinal Info\" \/>\n<meta name=\"twitter:description\" content=\"Jeudi 10 juillet, \u00e0 Frenois, Vincent Claude, agriculteur au GAEC du Canard, a accueilli le traditionnel point presse des moissons. [&hellip;]\" \/>\n<meta name=\"twitter:image\" content=\"https:\/\/vosgesinfo.fr\/app\/uploads\/sites\/3\/2025\/07\/recolte-moisson-.jpg\" \/>\n<meta name=\"twitter:creator\" content=\"@VosgesInfo88\" \/>\n<meta name=\"twitter:site\" content=\"@VosgesInfo88\" \/>\n<meta name=\"twitter:label1\" content=\"\u00c9crit par\" \/>\n\t<meta name=\"twitter:data1\" content=\"C.K.\" \/>\n\t<meta name=\"twitter:label2\" content=\"Dur\u00e9e de lecture estim\u00e9e\" \/>\n\t<meta name=\"twitter:data2\" content=\"3 minutes\" \/>\n<script type=\"application\/ld+json\" class=\"yoast-schema-graph\">{\"@context\":\"https:\/\/schema.org\",\"@graph\":[{\"@type\":\"Article\",\"@id\":\"https:\/\/vosgesinfo.fr\/epinalinfo\/2025\/07\/moissons-2025-dans-les-vosges-un-premier-bilan-prometteur-mais-fragile\/#article\",\"isPartOf\":{\"@id\":\"https:\/\/vosgesinfo.fr\/epinalinfo\/2025\/07\/moissons-2025-dans-les-vosges-un-premier-bilan-prometteur-mais-fragile\/\"},\"author\":{\"name\":\"C.K.\",\"@id\":\"https:\/\/vosgesinfo.fr\/epinalinfo\/#\/schema\/person\/6f9a650eeea99d969b6c4ab78fccbe81\"},\"headline\":\"Moissons 2025 dans les Vosges : un premier bilan prometteur\u2026 mais fragile\",\"datePublished\":\"2025-07-11T09:30:07+00:00\",\"dateModified\":\"2025-07-11T09:25:32+00:00\",\"mainEntityOfPage\":{\"@id\":\"https:\/\/vosgesinfo.fr\/epinalinfo\/2025\/07\/moissons-2025-dans-les-vosges-un-premier-bilan-prometteur-mais-fragile\/\"},\"wordCount\":618,\"commentCount\":0,\"publisher\":{\"@id\":\"https:\/\/vosgesinfo.fr\/epinalinfo\/#organization\"},\"image\":{\"@id\":\"https:\/\/vosgesinfo.fr\/epinalinfo\/2025\/07\/moissons-2025-dans-les-vosges-un-premier-bilan-prometteur-mais-fragile\/#primaryimage\"},\"thumbnailUrl\":\"https:\/\/vosgesinfo.fr\/app\/uploads\/sites\/3\/2025\/07\/recolte-moisson-.jpg\",\"articleSection\":[\"A la Une\",\"Epinal\",\"La plaine des vosges\",\"Vosges\"],\"inLanguage\":\"fr-FR\",\"potentialAction\":[{\"@type\":\"CommentAction\",\"name\":\"Comment\",\"target\":[\"https:\/\/vosgesinfo.fr\/epinalinfo\/2025\/07\/moissons-2025-dans-les-vosges-un-premier-bilan-prometteur-mais-fragile\/#respond\"]}]},{\"@type\":\"WebPage\",\"@id\":\"https:\/\/vosgesinfo.fr\/epinalinfo\/2025\/07\/moissons-2025-dans-les-vosges-un-premier-bilan-prometteur-mais-fragile\/\",\"url\":\"https:\/\/vosgesinfo.fr\/epinalinfo\/2025\/07\/moissons-2025-dans-les-vosges-un-premier-bilan-prometteur-mais-fragile\/\",\"name\":\"Moissons 2025 dans les Vosges : un premier bilan prometteur\u2026 mais fragile - Epinal Info\",\"isPartOf\":{\"@id\":\"https:\/\/vosgesinfo.fr\/epinalinfo\/#website\"},\"primaryImageOfPage\":{\"@id\":\"https:\/\/vosgesinfo.fr\/epinalinfo\/2025\/07\/moissons-2025-dans-les-vosges-un-premier-bilan-prometteur-mais-fragile\/#primaryimage\"},\"image\":{\"@id\":\"https:\/\/vosgesinfo.fr\/epinalinfo\/2025\/07\/moissons-2025-dans-les-vosges-un-premier-bilan-prometteur-mais-fragile\/#primaryimage\"},\"thumbnailUrl\":\"https:\/\/vosgesinfo.fr\/app\/uploads\/sites\/3\/2025\/07\/recolte-moisson-.jpg\",\"datePublished\":\"2025-07-11T09:30:07+00:00\",\"dateModified\":\"2025-07-11T09:25:32+00:00\",\"breadcrumb\":{\"@id\":\"https:\/\/vosgesinfo.fr\/epinalinfo\/2025\/07\/moissons-2025-dans-les-vosges-un-premier-bilan-prometteur-mais-fragile\/#breadcrumb\"},\"inLanguage\":\"fr-FR\",\"potentialAction\":[{\"@type\":\"ReadAction\",\"target\":[\"https:\/\/vosgesinfo.fr\/epinalinfo\/2025\/07\/moissons-2025-dans-les-vosges-un-premier-bilan-prometteur-mais-fragile\/\"]}]},{\"@type\":\"ImageObject\",\"inLanguage\":\"fr-FR\",\"@id\":\"https:\/\/vosgesinfo.fr\/epinalinfo\/2025\/07\/moissons-2025-dans-les-vosges-un-premier-bilan-prometteur-mais-fragile\/#primaryimage\",\"url\":\"https:\/\/vosgesinfo.fr\/app\/uploads\/sites\/3\/2025\/07\/recolte-moisson-.jpg\",\"contentUrl\":\"https:\/\/vosgesinfo.fr\/app\/uploads\/sites\/3\/2025\/07\/recolte-moisson-.jpg\",\"width\":960,\"height\":642},{\"@type\":\"BreadcrumbList\",\"@id\":\"https:\/\/vosgesinfo.fr\/epinalinfo\/2025\/07\/moissons-2025-dans-les-vosges-un-premier-bilan-prometteur-mais-fragile\/#breadcrumb\",\"itemListElement\":[{\"@type\":\"ListItem\",\"position\":1,\"name\":\"Home\",\"item\":\"https:\/\/vosgesinfo.fr\/epinalinfo\/\"},{\"@type\":\"ListItem\",\"position\":2,\"name\":\"Moissons 2025 dans les Vosges : un premier bilan prometteur\u2026 mais fragile\"}]},{\"@type\":\"WebSite\",\"@id\":\"https:\/\/vosgesinfo.fr\/epinalinfo\/#website\",\"url\":\"https:\/\/vosgesinfo.fr\/epinalinfo\/\",\"name\":\"Epinal Info\",\"description\":\"Toute l&#039;actualit\u00e9 d&#039;\u00c9pinal\",\"publisher\":{\"@id\":\"https:\/\/vosgesinfo.fr\/epinalinfo\/#organization\"},\"alternateName\":\"Toute l'actualit\u00e9 d'\u00c9pinal\",\"potentialAction\":[{\"@type\":\"SearchAction\",\"target\":{\"@type\":\"EntryPoint\",\"urlTemplate\":\"https:\/\/vosgesinfo.fr\/epinalinfo\/?s={search_term_string}\"},\"query-input\":\"required name=search_term_string\"}],\"inLanguage\":\"fr-FR\"},{\"@type\":\"Organization\",\"@id\":\"https:\/\/vosgesinfo.fr\/epinalinfo\/#organization\",\"name\":\"Epinal Info\",\"url\":\"https:\/\/vosgesinfo.fr\/epinalinfo\/\",\"logo\":{\"@type\":\"ImageObject\",\"inLanguage\":\"fr-FR\",\"@id\":\"https:\/\/vosgesinfo.fr\/epinalinfo\/#\/schema\/logo\/image\/\",\"url\":\"https:\/\/vosgesinfo.fr\/app\/uploads\/sites\/3\/2023\/08\/logo-epinalinfos.svg\",\"contentUrl\":\"https:\/\/vosgesinfo.fr\/app\/uploads\/sites\/3\/2023\/08\/logo-epinalinfos.svg\",\"width\":1,\"height\":1,\"caption\":\"Epinal Info\"},\"image\":{\"@id\":\"https:\/\/vosgesinfo.fr\/epinalinfo\/#\/schema\/logo\/image\/\"},\"sameAs\":[\"https:\/\/www.facebook.com\/Epinalinfos\",\"https:\/\/x.com\/VosgesInfo88\",\"https:\/\/www.youtube.com\/@vosgesinfo\"]},{\"@type\":\"Person\",\"@id\":\"https:\/\/vosgesinfo.fr\/epinalinfo\/#\/schema\/person\/6f9a650eeea99d969b6c4ab78fccbe81\",\"name\":\"C.K.\",\"image\":{\"@type\":\"ImageObject\",\"inLanguage\":\"fr-FR\",\"@id\":\"https:\/\/vosgesinfo.fr\/epinalinfo\/#\/schema\/person\/image\/\",\"url\":\"https:\/\/secure.gravatar.com\/avatar\/48e3fc7f8421ba8942be6b74a2b7f014ca39bc00dece156b7a8e098ae7dc87bf?s=96&d=mm&r=g\",\"contentUrl\":\"https:\/\/secure.gravatar.com\/avatar\/48e3fc7f8421ba8942be6b74a2b7f014ca39bc00dece156b7a8e098ae7dc87bf?s=96&d=mm&r=g\",\"caption\":\"C.K.\"},\"url\":\"https:\/\/vosgesinfo.fr\/epinalinfo\/author\/celia-k-n\/\"}]}<\/script>\n<!-- \/ Yoast SEO plugin. -->","yoast_head_json":{"title":"Moissons 2025 dans les Vosges : un premier bilan prometteur\u2026 mais fragile - Epinal Info","robots":{"index":"index","follow":"follow","max-snippet":"max-snippet:-1","max-image-preview":"max-image-preview:large","max-video-preview":"max-video-preview:-1"},"canonical":"https:\/\/vosgesinfo.fr\/epinalinfo\/2025\/07\/moissons-2025-dans-les-vosges-un-premier-bilan-prometteur-mais-fragile\/","twitter_card":"summary_large_image","twitter_title":"Moissons 2025 dans les Vosges : un premier bilan prometteur\u2026 mais fragile - Epinal Info","twitter_description":"Jeudi 10 juillet, \u00e0 Frenois, Vincent Claude, agriculteur au GAEC du Canard, a accueilli le traditionnel point presse des moissons. [&hellip;]","twitter_image":"https:\/\/vosgesinfo.fr\/app\/uploads\/sites\/3\/2025\/07\/recolte-moisson-.jpg","twitter_creator":"@VosgesInfo88","twitter_site":"@VosgesInfo88","twitter_misc":{"\u00c9crit par":"C.K.","Dur\u00e9e de lecture estim\u00e9e":"3 minutes"},"schema":{"@context":"https:\/\/schema.org","@graph":[{"@type":"Article","@id":"https:\/\/vosgesinfo.fr\/epinalinfo\/2025\/07\/moissons-2025-dans-les-vosges-un-premier-bilan-prometteur-mais-fragile\/#article","isPartOf":{"@id":"https:\/\/vosgesinfo.fr\/epinalinfo\/2025\/07\/moissons-2025-dans-les-vosges-un-premier-bilan-prometteur-mais-fragile\/"},"author":{"name":"C.K.","@id":"https:\/\/vosgesinfo.fr\/epinalinfo\/#\/schema\/person\/6f9a650eeea99d969b6c4ab78fccbe81"},"headline":"Moissons 2025 dans les Vosges : un premier bilan prometteur\u2026 mais fragile","datePublished":"2025-07-11T09:30:07+00:00","dateModified":"2025-07-11T09:25:32+00:00","mainEntityOfPage":{"@id":"https:\/\/vosgesinfo.fr\/epinalinfo\/2025\/07\/moissons-2025-dans-les-vosges-un-premier-bilan-prometteur-mais-fragile\/"},"wordCount":618,"commentCount":0,"publisher":{"@id":"https:\/\/vosgesinfo.fr\/epinalinfo\/#organization"},"image":{"@id":"https:\/\/vosgesinfo.fr\/epinalinfo\/2025\/07\/moissons-2025-dans-les-vosges-un-premier-bilan-prometteur-mais-fragile\/#primaryimage"},"thumbnailUrl":"https:\/\/vosgesinfo.fr\/app\/uploads\/sites\/3\/2025\/07\/recolte-moisson-.jpg","articleSection":["A la Une","Epinal","La plaine des vosges","Vosges"],"inLanguage":"fr-FR","potentialAction":[{"@type":"CommentAction","name":"Comment","target":["https:\/\/vosgesinfo.fr\/epinalinfo\/2025\/07\/moissons-2025-dans-les-vosges-un-premier-bilan-prometteur-mais-fragile\/#respond"]}]},{"@type":"WebPage","@id":"https:\/\/vosgesinfo.fr\/epinalinfo\/2025\/07\/moissons-2025-dans-les-vosges-un-premier-bilan-prometteur-mais-fragile\/","url":"https:\/\/vosgesinfo.fr\/epinalinfo\/2025\/07\/moissons-2025-dans-les-vosges-un-premier-bilan-prometteur-mais-fragile\/","name":"Moissons 2025 dans les Vosges : un premier bilan prometteur\u2026 mais fragile - Epinal Info","isPartOf":{"@id":"https:\/\/vosgesinfo.fr\/epinalinfo\/#website"},"primaryImageOfPage":{"@id":"https:\/\/vosgesinfo.fr\/epinalinfo\/2025\/07\/moissons-2025-dans-les-vosges-un-premier-bilan-prometteur-mais-fragile\/#primaryimage"},"image":{"@id":"https:\/\/vosgesinfo.fr\/epinalinfo\/2025\/07\/moissons-2025-dans-les-vosges-un-premier-bilan-prometteur-mais-fragile\/#primaryimage"},"thumbnailUrl":"https:\/\/vosgesinfo.fr\/app\/uploads\/sites\/3\/2025\/07\/recolte-moisson-.jpg","datePublished":"2025-07-11T09:30:07+00:00","dateModified":"2025-07-11T09:25:32+00:00","breadcrumb":{"@id":"https:\/\/vosgesinfo.fr\/epinalinfo\/2025\/07\/moissons-2025-dans-les-vosges-un-premier-bilan-prometteur-mais-fragile\/#breadcrumb"},"inLanguage":"fr-FR","potentialAction":[{"@type":"ReadAction","target":["https:\/\/vosgesinfo.fr\/epinalinfo\/2025\/07\/moissons-2025-dans-les-vosges-un-premier-bilan-prometteur-mais-fragile\/"]}]},{"@type":"ImageObject","inLanguage":"fr-FR","@id":"https:\/\/vosgesinfo.fr\/epinalinfo\/2025\/07\/moissons-2025-dans-les-vosges-un-premier-bilan-prometteur-mais-fragile\/#primaryimage","url":"https:\/\/vosgesinfo.fr\/app\/uploads\/sites\/3\/2025\/07\/recolte-moisson-.jpg","contentUrl":"https:\/\/vosgesinfo.fr\/app\/uploads\/sites\/3\/2025\/07\/recolte-moisson-.jpg","width":960,"height":642},{"@type":"BreadcrumbList","@id":"https:\/\/vosgesinfo.fr\/epinalinfo\/2025\/07\/moissons-2025-dans-les-vosges-un-premier-bilan-prometteur-mais-fragile\/#breadcrumb","itemListElement":[{"@type":"ListItem","position":1,"name":"Home","item":"https:\/\/vosgesinfo.fr\/epinalinfo\/"},{"@type":"ListItem","position":2,"name":"Moissons 2025 dans les Vosges : un premier bilan prometteur\u2026 mais fragile"}]},{"@type":"WebSite","@id":"https:\/\/vosgesinfo.fr\/epinalinfo\/#website","url":"https:\/\/vosgesinfo.fr\/epinalinfo\/","name":"Epinal Info","description":"Toute l&#039;actualit\u00e9 d&#039;\u00c9pinal","publisher":{"@id":"https:\/\/vosgesinfo.fr\/epinalinfo\/#organization"},"alternateName":"Toute l'actualit\u00e9 d'\u00c9pinal","potentialAction":[{"@type":"SearchAction","target":{"@type":"EntryPoint","urlTemplate":"https:\/\/vosgesinfo.fr\/epinalinfo\/?s={search_term_string}"},"query-input":"required name=search_term_string"}],"inLanguage":"fr-FR"},{"@type":"Organization","@id":"https:\/\/vosgesinfo.fr\/epinalinfo\/#organization","name":"Epinal Info","url":"https:\/\/vosgesinfo.fr\/epinalinfo\/","logo":{"@type":"ImageObject","inLanguage":"fr-FR","@id":"https:\/\/vosgesinfo.fr\/epinalinfo\/#\/schema\/logo\/image\/","url":"https:\/\/vosgesinfo.fr\/app\/uploads\/sites\/3\/2023\/08\/logo-epinalinfos.svg","contentUrl":"https:\/\/vosgesinfo.fr\/app\/uploads\/sites\/3\/2023\/08\/logo-epinalinfos.svg","width":1,"height":1,"caption":"Epinal Info"},"image":{"@id":"https:\/\/vosgesinfo.fr\/epinalinfo\/#\/schema\/logo\/image\/"},"sameAs":["https:\/\/www.facebook.com\/Epinalinfos","https:\/\/x.com\/VosgesInfo88","https:\/\/www.youtube.com\/@vosgesinfo"]},{"@type":"Person","@id":"https:\/\/vosgesinfo.fr\/epinalinfo\/#\/schema\/person\/6f9a650eeea99d969b6c4ab78fccbe81","name":"C.K.","image":{"@type":"ImageObject","inLanguage":"fr-FR","@id":"https:\/\/vosgesinfo.fr\/epinalinfo\/#\/schema\/person\/image\/","url":"https:\/\/secure.gravatar.com\/avatar\/48e3fc7f8421ba8942be6b74a2b7f014ca39bc00dece156b7a8e098ae7dc87bf?s=96&d=mm&r=g","contentUrl":"https:\/\/secure.gravatar.com\/avatar\/48e3fc7f8421ba8942be6b74a2b7f014ca39bc00dece156b7a8e098ae7dc87bf?s=96&d=mm&r=g","caption":"C.K."},"url":"https:\/\/vosgesinfo.fr\/epinalinfo\/author\/celia-k-n\/"}]}},"_links":{"self":[{"href":"https:\/\/vosgesinfo.fr\/epinalinfo\/wp-json\/wp\/v2\/posts\/133749","targetHints":{"allow":["GET"]}}],"collection":[{"href":"https:\/\/vosgesinfo.fr\/epinalinfo\/wp-json\/wp\/v2\/posts"}],"about":[{"href":"https:\/\/vosgesinfo.fr\/epinalinfo\/wp-json\/wp\/v2\/types\/post"}],"author":[{"embeddable":true,"href":"https:\/\/vosgesinfo.fr\/epinalinfo\/wp-json\/wp\/v2\/users\/52"}],"replies":[{"embeddable":true,"href":"https:\/\/vosgesinfo.fr\/epinalinfo\/wp-json\/wp\/v2\/comments?post=133749"}],"version-history":[{"count":1,"href":"https:\/\/vosgesinfo.fr\/epinalinfo\/wp-json\/wp\/v2\/posts\/133749\/revisions"}],"predecessor-version":[{"id":133751,"href":"https:\/\/vosgesinfo.fr\/epinalinfo\/wp-json\/wp\/v2\/posts\/133749\/revisions\/133751"}],"wp:featuredmedia":[{"embeddable":true,"href":"https:\/\/vosgesinfo.fr\/epinalinfo\/wp-json\/wp\/v2\/media\/133750"}],"wp:attachment":[{"href":"https:\/\/vosgesinfo.fr\/epinalinfo\/wp-json\/wp\/v2\/media?parent=133749"}],"wp:term":[{"taxonomy":"category","embeddable":true,"href":"https:\/\/vosgesinfo.fr\/epinalinfo\/wp-json\/wp\/v2\/categories?post=133749"},{"taxonomy":"post_tag","embeddable":true,"href":"https:\/\/vosgesinfo.fr\/epinalinfo\/wp-json\/wp\/v2\/tags?post=133749"}],"curies":[{"name":"wp","href":"https:\/\/api.w.org\/{rel}","templated":true}]}}