{"id":133756,"date":"2025-07-11T15:50:40","date_gmt":"2025-07-11T13:50:40","guid":{"rendered":"https:\/\/vosgesinfo.fr\/epinalinfo\/?p=133756"},"modified":"2025-07-11T15:45:43","modified_gmt":"2025-07-11T13:45:43","slug":"la-creche-premiers-pas-de-golbey-sagrandit-pour-mieux-repondre-aux-besoins-des-familles","status":"publish","type":"post","link":"https:\/\/vosgesinfo.fr\/epinalinfo\/2025\/07\/la-creche-premiers-pas-de-golbey-sagrandit-pour-mieux-repondre-aux-besoins-des-familles\/","title":{"rendered":"La cr\u00e8che \u00ab\u00a0Premiers Pas\u00a0\u00bb de Golbey s\u2019agrandit pour mieux r\u00e9pondre aux besoins des familles"},"content":{"rendered":"<h2 data-start=\"230\" data-end=\"568\"><a href=\"https:\/\/vosgesinfo.fr\/app\/uploads\/sites\/3\/2025\/07\/creche-premiers-pas-golbey.4pg.jpg\"><img decoding=\"async\" class=\"aligncenter size-full wp-image-133757\" src=\"https:\/\/vosgesinfo.fr\/app\/uploads\/sites\/3\/2025\/07\/creche-premiers-pas-golbey.4pg.jpg\" alt=\"\" width=\"2040\" height=\"1536\" srcset=\"https:\/\/vosgesinfo.fr\/app\/uploads\/sites\/3\/2025\/07\/creche-premiers-pas-golbey.4pg.jpg 2040w, https:\/\/vosgesinfo.fr\/app\/uploads\/sites\/3\/2025\/07\/creche-premiers-pas-golbey.4pg-300x226.jpg 300w, https:\/\/vosgesinfo.fr\/app\/uploads\/sites\/3\/2025\/07\/creche-premiers-pas-golbey.4pg-1024x771.jpg 1024w, https:\/\/vosgesinfo.fr\/app\/uploads\/sites\/3\/2025\/07\/creche-premiers-pas-golbey.4pg-768x578.jpg 768w, https:\/\/vosgesinfo.fr\/app\/uploads\/sites\/3\/2025\/07\/creche-premiers-pas-golbey.4pg-1536x1157.jpg 1536w\" sizes=\"(max-width: 2040px) 100vw, 2040px\" \/><\/a>Mise en service en 2017, la cr\u00e8che \u00ab\u00a0Premiers Pas\u00a0\u00bb de Golbey conna\u00eet une nouvelle \u00e9tape importante de son d\u00e9veloppement. Consciente de la forte demande en mati\u00e8re d\u2019accueil de la petite enfance sur le territoire, la Ville a lanc\u00e9 un projet d\u2019extension de l\u2019\u00e9tablissement, permettant d\u2019augmenter significativement sa capacit\u00e9 d\u2019accueil.<\/h2>\n<p data-start=\"570\" data-end=\"857\">D\u2019une superficie initiale de 863 m\u00b2, la cr\u00e8che dispose d\u00e9sormais d\u2019un espace total de 1 080 m\u00b2 gr\u00e2ce \u00e0 la construction d\u2019une extension de 217 m\u00b2. Cette extension permettra d\u2019accueillir 20 enfants suppl\u00e9mentaires, portant la capacit\u00e9 totale de l\u2019\u00e9tablissement \u00e0 60 places.<\/p>\n<p data-start=\"859\" data-end=\"1277\">Parmi ces nouvelles places, 12 sont r\u00e9serv\u00e9es \u00e0 un public sp\u00e9cifique dans une d\u00e9marche d\u2019insertion professionnelle. L\u2019objectif est de permettre \u00e0 des parents en recherche d\u2019emploi ou engag\u00e9s dans un parcours de formation de confier leurs enfants \u00e0 la cr\u00e8che pendant qu\u2019ils sont accompagn\u00e9s dans leur projet professionnel. Une d\u00e9marche inclusive, qui r\u00e9pond \u00e0 la fois \u00e0 des enjeux sociaux, \u00e9conomiques et \u00e9ducatifs.<\/p>\n<p data-start=\"1279\" data-end=\"1736\">L\u2019ouverture est pr\u00e9vue pour la rentr\u00e9e de septembre. Les travaux ont repr\u00e9sent\u00e9 un investissement global de 765 870 euros hors taxes. Ce montant comprend 693 820 euros HT pour les travaux et 72 050 euros HT pour les prestations annexes. Le projet a b\u00e9n\u00e9fici\u00e9 de subventions \u00e0 hauteur de 394 600 euros, soit 51,1 % du co\u00fbt total, apport\u00e9es par la Caisse d\u2019Allocations Familiales et le Conseil d\u00e9partemental des Vosges.<\/p>\n\n\t\t<style type=\"text\/css\">\n\t\t\t#gallery-1 {\n\t\t\t\tmargin: auto;\n\t\t\t}\n\t\t\t#gallery-1 .gallery-item {\n\t\t\t\tfloat: left;\n\t\t\t\tmargin-top: 10px;\n\t\t\t\ttext-align: center;\n\t\t\t\twidth: 33%;\n\t\t\t}\n\t\t\t#gallery-1 img {\n\t\t\t\tborder: 2px solid #cfcfcf;\n\t\t\t}\n\t\t\t#gallery-1 .gallery-caption {\n\t\t\t\tmargin-left: 0;\n\t\t\t}\n\t\t\t\/* see gallery_shortcode() in wp-includes\/media.php *\/\n\t\t<\/style>\n\t\t<div id='gallery-1' class='gallery galleryid-133756 gallery-columns-3 gallery-size-large'><dl class='gallery-item'>\n\t\t\t<dt class='gallery-icon landscape'>\n\t\t\t\t<a href='https:\/\/vosgesinfo.fr\/app\/uploads\/sites\/3\/2025\/07\/creche-premiers-pas-golbey.jpg'><img decoding=\"async\" width=\"1024\" height=\"771\" src=\"https:\/\/vosgesinfo.fr\/app\/uploads\/sites\/3\/2025\/07\/creche-premiers-pas-golbey-1024x771.jpg\" class=\"attachment-large size-large\" alt=\"\" srcset=\"https:\/\/vosgesinfo.fr\/app\/uploads\/sites\/3\/2025\/07\/creche-premiers-pas-golbey-1024x771.jpg 1024w, https:\/\/vosgesinfo.fr\/app\/uploads\/sites\/3\/2025\/07\/creche-premiers-pas-golbey-300x226.jpg 300w, https:\/\/vosgesinfo.fr\/app\/uploads\/sites\/3\/2025\/07\/creche-premiers-pas-golbey-768x578.jpg 768w, https:\/\/vosgesinfo.fr\/app\/uploads\/sites\/3\/2025\/07\/creche-premiers-pas-golbey-1536x1157.jpg 1536w, https:\/\/vosgesinfo.fr\/app\/uploads\/sites\/3\/2025\/07\/creche-premiers-pas-golbey.jpg 2040w\" sizes=\"(max-width: 1024px) 100vw, 1024px\" \/><\/a>\n\t\t\t<\/dt><\/dl><dl class='gallery-item'>\n\t\t\t<dt class='gallery-icon landscape'>\n\t\t\t\t<a href='https:\/\/vosgesinfo.fr\/app\/uploads\/sites\/3\/2025\/07\/creche-premiers-pas-golbey.2jpg.jpg'><img decoding=\"async\" width=\"1024\" height=\"771\" src=\"https:\/\/vosgesinfo.fr\/app\/uploads\/sites\/3\/2025\/07\/creche-premiers-pas-golbey.2jpg-1024x771.jpg\" class=\"attachment-large size-large\" alt=\"\" srcset=\"https:\/\/vosgesinfo.fr\/app\/uploads\/sites\/3\/2025\/07\/creche-premiers-pas-golbey.2jpg-1024x771.jpg 1024w, https:\/\/vosgesinfo.fr\/app\/uploads\/sites\/3\/2025\/07\/creche-premiers-pas-golbey.2jpg-300x226.jpg 300w, https:\/\/vosgesinfo.fr\/app\/uploads\/sites\/3\/2025\/07\/creche-premiers-pas-golbey.2jpg-768x578.jpg 768w, https:\/\/vosgesinfo.fr\/app\/uploads\/sites\/3\/2025\/07\/creche-premiers-pas-golbey.2jpg-1536x1157.jpg 1536w, https:\/\/vosgesinfo.fr\/app\/uploads\/sites\/3\/2025\/07\/creche-premiers-pas-golbey.2jpg.jpg 2040w\" sizes=\"(max-width: 1024px) 100vw, 1024px\" \/><\/a>\n\t\t\t<\/dt><\/dl><dl class='gallery-item'>\n\t\t\t<dt class='gallery-icon landscape'>\n\t\t\t\t<a href='https:\/\/vosgesinfo.fr\/app\/uploads\/sites\/3\/2025\/07\/creche-premiers-pas-golbey.3jpg.jpg'><img decoding=\"async\" width=\"1024\" height=\"771\" src=\"https:\/\/vosgesinfo.fr\/app\/uploads\/sites\/3\/2025\/07\/creche-premiers-pas-golbey.3jpg-1024x771.jpg\" class=\"attachment-large size-large\" alt=\"\" srcset=\"https:\/\/vosgesinfo.fr\/app\/uploads\/sites\/3\/2025\/07\/creche-premiers-pas-golbey.3jpg-1024x771.jpg 1024w, https:\/\/vosgesinfo.fr\/app\/uploads\/sites\/3\/2025\/07\/creche-premiers-pas-golbey.3jpg-300x226.jpg 300w, https:\/\/vosgesinfo.fr\/app\/uploads\/sites\/3\/2025\/07\/creche-premiers-pas-golbey.3jpg-768x578.jpg 768w, https:\/\/vosgesinfo.fr\/app\/uploads\/sites\/3\/2025\/07\/creche-premiers-pas-golbey.3jpg-1536x1157.jpg 1536w, https:\/\/vosgesinfo.fr\/app\/uploads\/sites\/3\/2025\/07\/creche-premiers-pas-golbey.3jpg.jpg 2040w\" sizes=\"(max-width: 1024px) 100vw, 1024px\" \/><\/a>\n\t\t\t<\/dt><\/dl><br style=\"clear: both\" \/><dl class='gallery-item'>\n\t\t\t<dt class='gallery-icon landscape'>\n\t\t\t\t<a href='https:\/\/vosgesinfo.fr\/app\/uploads\/sites\/3\/2025\/07\/creche-premiers-pas-golbey.5pg.jpg'><img decoding=\"async\" width=\"1024\" height=\"771\" src=\"https:\/\/vosgesinfo.fr\/app\/uploads\/sites\/3\/2025\/07\/creche-premiers-pas-golbey.5pg-1024x771.jpg\" class=\"attachment-large size-large\" alt=\"\" srcset=\"https:\/\/vosgesinfo.fr\/app\/uploads\/sites\/3\/2025\/07\/creche-premiers-pas-golbey.5pg-1024x771.jpg 1024w, https:\/\/vosgesinfo.fr\/app\/uploads\/sites\/3\/2025\/07\/creche-premiers-pas-golbey.5pg-300x226.jpg 300w, https:\/\/vosgesinfo.fr\/app\/uploads\/sites\/3\/2025\/07\/creche-premiers-pas-golbey.5pg-768x578.jpg 768w, https:\/\/vosgesinfo.fr\/app\/uploads\/sites\/3\/2025\/07\/creche-premiers-pas-golbey.5pg-1536x1157.jpg 1536w, https:\/\/vosgesinfo.fr\/app\/uploads\/sites\/3\/2025\/07\/creche-premiers-pas-golbey.5pg.jpg 2040w\" sizes=\"(max-width: 1024px) 100vw, 1024px\" \/><\/a>\n\t\t\t<\/dt><\/dl><dl class='gallery-item'>\n\t\t\t<dt class='gallery-icon landscape'>\n\t\t\t\t<a href='https:\/\/vosgesinfo.fr\/app\/uploads\/sites\/3\/2025\/07\/creche-premiers-pas-golbey.6pg.jpg'><img decoding=\"async\" width=\"1024\" height=\"771\" src=\"https:\/\/vosgesinfo.fr\/app\/uploads\/sites\/3\/2025\/07\/creche-premiers-pas-golbey.6pg-1024x771.jpg\" class=\"attachment-large size-large\" alt=\"\" srcset=\"https:\/\/vosgesinfo.fr\/app\/uploads\/sites\/3\/2025\/07\/creche-premiers-pas-golbey.6pg-1024x771.jpg 1024w, https:\/\/vosgesinfo.fr\/app\/uploads\/sites\/3\/2025\/07\/creche-premiers-pas-golbey.6pg-300x226.jpg 300w, https:\/\/vosgesinfo.fr\/app\/uploads\/sites\/3\/2025\/07\/creche-premiers-pas-golbey.6pg-768x578.jpg 768w, https:\/\/vosgesinfo.fr\/app\/uploads\/sites\/3\/2025\/07\/creche-premiers-pas-golbey.6pg-1536x1157.jpg 1536w, https:\/\/vosgesinfo.fr\/app\/uploads\/sites\/3\/2025\/07\/creche-premiers-pas-golbey.6pg.jpg 2040w\" sizes=\"(max-width: 1024px) 100vw, 1024px\" \/><\/a>\n\t\t\t<\/dt><\/dl>\n\t\t\t<br style='clear: both' \/>\n\t\t<\/div>\n\n","protected":false},"excerpt":{"rendered":"<p>Mise en service en 2017, la cr\u00e8che \u00ab\u00a0Premiers Pas\u00a0\u00bb de Golbey conna\u00eet une nouvelle \u00e9tape importante de son d\u00e9veloppement. Consciente [&hellip;]<\/p>\n","protected":false},"author":52,"featured_media":133757,"comment_status":"open","ping_status":"open","sticky":false,"template":"","format":"standard","meta":{"footnotes":""},"categories":[22,15,24,148],"tags":[],"class_list":["post-133756","post","type-post","status-publish","format-standard","has-post-thumbnail","hentry","category-a-la-une","category-education","category-epinal","category-golbey"],"acf":[],"yoast_head":"<!-- This site is optimized with the Yoast SEO plugin v22.5 - https:\/\/yoast.com\/wordpress\/plugins\/seo\/ -->\n<title>La cr\u00e8che &quot;Premiers Pas&quot; de Golbey s\u2019agrandit pour mieux r\u00e9pondre aux besoins des familles - Epinal Info<\/title>\n<meta name=\"robots\" content=\"index, follow, max-snippet:-1, max-image-preview:large, max-video-preview:-1\" \/>\n<link rel=\"canonical\" href=\"https:\/\/vosgesinfo.fr\/epinalinfo\/2025\/07\/la-creche-premiers-pas-de-golbey-sagrandit-pour-mieux-repondre-aux-besoins-des-familles\/\" \/>\n<meta name=\"twitter:card\" content=\"summary_large_image\" \/>\n<meta name=\"twitter:title\" content=\"La cr\u00e8che &quot;Premiers Pas&quot; de Golbey s\u2019agrandit pour mieux r\u00e9pondre aux besoins des familles - Epinal Info\" \/>\n<meta name=\"twitter:description\" content=\"Mise en service en 2017, la cr\u00e8che \u00ab\u00a0Premiers Pas\u00a0\u00bb de Golbey conna\u00eet une nouvelle \u00e9tape importante de son d\u00e9veloppement. Consciente [&hellip;]\" \/>\n<meta name=\"twitter:image\" content=\"https:\/\/vosgesinfo.fr\/app\/uploads\/sites\/3\/2025\/07\/creche-premiers-pas-golbey.4pg.jpg\" \/>\n<meta name=\"twitter:creator\" content=\"@VosgesInfo88\" \/>\n<meta name=\"twitter:site\" content=\"@VosgesInfo88\" \/>\n<meta name=\"twitter:label1\" content=\"\u00c9crit par\" \/>\n\t<meta name=\"twitter:data1\" content=\"C.K.\" \/>\n\t<meta name=\"twitter:label2\" content=\"Dur\u00e9e de lecture estim\u00e9e\" \/>\n\t<meta name=\"twitter:data2\" content=\"1 minute\" \/>\n<script type=\"application\/ld+json\" class=\"yoast-schema-graph\">{\"@context\":\"https:\/\/schema.org\",\"@graph\":[{\"@type\":\"Article\",\"@id\":\"https:\/\/vosgesinfo.fr\/epinalinfo\/2025\/07\/la-creche-premiers-pas-de-golbey-sagrandit-pour-mieux-repondre-aux-besoins-des-familles\/#article\",\"isPartOf\":{\"@id\":\"https:\/\/vosgesinfo.fr\/epinalinfo\/2025\/07\/la-creche-premiers-pas-de-golbey-sagrandit-pour-mieux-repondre-aux-besoins-des-familles\/\"},\"author\":{\"name\":\"C.K.\",\"@id\":\"https:\/\/vosgesinfo.fr\/epinalinfo\/#\/schema\/person\/6f9a650eeea99d969b6c4ab78fccbe81\"},\"headline\":\"La cr\u00e8che \u00ab\u00a0Premiers Pas\u00a0\u00bb de Golbey s\u2019agrandit pour mieux r\u00e9pondre aux besoins des familles\",\"datePublished\":\"2025-07-11T13:50:40+00:00\",\"dateModified\":\"2025-07-11T13:45:43+00:00\",\"mainEntityOfPage\":{\"@id\":\"https:\/\/vosgesinfo.fr\/epinalinfo\/2025\/07\/la-creche-premiers-pas-de-golbey-sagrandit-pour-mieux-repondre-aux-besoins-des-familles\/\"},\"wordCount\":262,\"commentCount\":0,\"publisher\":{\"@id\":\"https:\/\/vosgesinfo.fr\/epinalinfo\/#organization\"},\"image\":{\"@id\":\"https:\/\/vosgesinfo.fr\/epinalinfo\/2025\/07\/la-creche-premiers-pas-de-golbey-sagrandit-pour-mieux-repondre-aux-besoins-des-familles\/#primaryimage\"},\"thumbnailUrl\":\"https:\/\/vosgesinfo.fr\/app\/uploads\/sites\/3\/2025\/07\/creche-premiers-pas-golbey.4pg.jpg\",\"articleSection\":[\"A la Une\",\"\u00c9ducation\",\"Epinal\",\"Golbey\"],\"inLanguage\":\"fr-FR\",\"potentialAction\":[{\"@type\":\"CommentAction\",\"name\":\"Comment\",\"target\":[\"https:\/\/vosgesinfo.fr\/epinalinfo\/2025\/07\/la-creche-premiers-pas-de-golbey-sagrandit-pour-mieux-repondre-aux-besoins-des-familles\/#respond\"]}]},{\"@type\":\"WebPage\",\"@id\":\"https:\/\/vosgesinfo.fr\/epinalinfo\/2025\/07\/la-creche-premiers-pas-de-golbey-sagrandit-pour-mieux-repondre-aux-besoins-des-familles\/\",\"url\":\"https:\/\/vosgesinfo.fr\/epinalinfo\/2025\/07\/la-creche-premiers-pas-de-golbey-sagrandit-pour-mieux-repondre-aux-besoins-des-familles\/\",\"name\":\"La cr\u00e8che \\\"Premiers Pas\\\" de Golbey s\u2019agrandit pour mieux r\u00e9pondre aux besoins des familles - Epinal Info\",\"isPartOf\":{\"@id\":\"https:\/\/vosgesinfo.fr\/epinalinfo\/#website\"},\"primaryImageOfPage\":{\"@id\":\"https:\/\/vosgesinfo.fr\/epinalinfo\/2025\/07\/la-creche-premiers-pas-de-golbey-sagrandit-pour-mieux-repondre-aux-besoins-des-familles\/#primaryimage\"},\"image\":{\"@id\":\"https:\/\/vosgesinfo.fr\/epinalinfo\/2025\/07\/la-creche-premiers-pas-de-golbey-sagrandit-pour-mieux-repondre-aux-besoins-des-familles\/#primaryimage\"},\"thumbnailUrl\":\"https:\/\/vosgesinfo.fr\/app\/uploads\/sites\/3\/2025\/07\/creche-premiers-pas-golbey.4pg.jpg\",\"datePublished\":\"2025-07-11T13:50:40+00:00\",\"dateModified\":\"2025-07-11T13:45:43+00:00\",\"breadcrumb\":{\"@id\":\"https:\/\/vosgesinfo.fr\/epinalinfo\/2025\/07\/la-creche-premiers-pas-de-golbey-sagrandit-pour-mieux-repondre-aux-besoins-des-familles\/#breadcrumb\"},\"inLanguage\":\"fr-FR\",\"potentialAction\":[{\"@type\":\"ReadAction\",\"target\":[\"https:\/\/vosgesinfo.fr\/epinalinfo\/2025\/07\/la-creche-premiers-pas-de-golbey-sagrandit-pour-mieux-repondre-aux-besoins-des-familles\/\"]}]},{\"@type\":\"ImageObject\",\"inLanguage\":\"fr-FR\",\"@id\":\"https:\/\/vosgesinfo.fr\/epinalinfo\/2025\/07\/la-creche-premiers-pas-de-golbey-sagrandit-pour-mieux-repondre-aux-besoins-des-familles\/#primaryimage\",\"url\":\"https:\/\/vosgesinfo.fr\/app\/uploads\/sites\/3\/2025\/07\/creche-premiers-pas-golbey.4pg.jpg\",\"contentUrl\":\"https:\/\/vosgesinfo.fr\/app\/uploads\/sites\/3\/2025\/07\/creche-premiers-pas-golbey.4pg.jpg\",\"width\":2040,\"height\":1536},{\"@type\":\"BreadcrumbList\",\"@id\":\"https:\/\/vosgesinfo.fr\/epinalinfo\/2025\/07\/la-creche-premiers-pas-de-golbey-sagrandit-pour-mieux-repondre-aux-besoins-des-familles\/#breadcrumb\",\"itemListElement\":[{\"@type\":\"ListItem\",\"position\":1,\"name\":\"Home\",\"item\":\"https:\/\/vosgesinfo.fr\/epinalinfo\/\"},{\"@type\":\"ListItem\",\"position\":2,\"name\":\"La cr\u00e8che \u00ab\u00a0Premiers Pas\u00a0\u00bb de Golbey s\u2019agrandit pour mieux r\u00e9pondre aux besoins des familles\"}]},{\"@type\":\"WebSite\",\"@id\":\"https:\/\/vosgesinfo.fr\/epinalinfo\/#website\",\"url\":\"https:\/\/vosgesinfo.fr\/epinalinfo\/\",\"name\":\"Epinal Info\",\"description\":\"Toute l&#039;actualit\u00e9 d&#039;\u00c9pinal\",\"publisher\":{\"@id\":\"https:\/\/vosgesinfo.fr\/epinalinfo\/#organization\"},\"alternateName\":\"Toute l'actualit\u00e9 d'\u00c9pinal\",\"potentialAction\":[{\"@type\":\"SearchAction\",\"target\":{\"@type\":\"EntryPoint\",\"urlTemplate\":\"https:\/\/vosgesinfo.fr\/epinalinfo\/?s={search_term_string}\"},\"query-input\":\"required name=search_term_string\"}],\"inLanguage\":\"fr-FR\"},{\"@type\":\"Organization\",\"@id\":\"https:\/\/vosgesinfo.fr\/epinalinfo\/#organization\",\"name\":\"Epinal Info\",\"url\":\"https:\/\/vosgesinfo.fr\/epinalinfo\/\",\"logo\":{\"@type\":\"ImageObject\",\"inLanguage\":\"fr-FR\",\"@id\":\"https:\/\/vosgesinfo.fr\/epinalinfo\/#\/schema\/logo\/image\/\",\"url\":\"https:\/\/vosgesinfo.fr\/app\/uploads\/sites\/3\/2023\/08\/logo-epinalinfos.svg\",\"contentUrl\":\"https:\/\/vosgesinfo.fr\/app\/uploads\/sites\/3\/2023\/08\/logo-epinalinfos.svg\",\"width\":1,\"height\":1,\"caption\":\"Epinal Info\"},\"image\":{\"@id\":\"https:\/\/vosgesinfo.fr\/epinalinfo\/#\/schema\/logo\/image\/\"},\"sameAs\":[\"https:\/\/www.facebook.com\/Epinalinfos\",\"https:\/\/x.com\/VosgesInfo88\",\"https:\/\/www.youtube.com\/@vosgesinfo\"]},{\"@type\":\"Person\",\"@id\":\"https:\/\/vosgesinfo.fr\/epinalinfo\/#\/schema\/person\/6f9a650eeea99d969b6c4ab78fccbe81\",\"name\":\"C.K.\",\"image\":{\"@type\":\"ImageObject\",\"inLanguage\":\"fr-FR\",\"@id\":\"https:\/\/vosgesinfo.fr\/epinalinfo\/#\/schema\/person\/image\/\",\"url\":\"https:\/\/secure.gravatar.com\/avatar\/48e3fc7f8421ba8942be6b74a2b7f014ca39bc00dece156b7a8e098ae7dc87bf?s=96&d=mm&r=g\",\"contentUrl\":\"https:\/\/secure.gravatar.com\/avatar\/48e3fc7f8421ba8942be6b74a2b7f014ca39bc00dece156b7a8e098ae7dc87bf?s=96&d=mm&r=g\",\"caption\":\"C.K.\"},\"url\":\"https:\/\/vosgesinfo.fr\/epinalinfo\/author\/celia-k-n\/\"}]}<\/script>\n<!-- \/ Yoast SEO plugin. -->","yoast_head_json":{"title":"La cr\u00e8che \"Premiers Pas\" de Golbey s\u2019agrandit pour mieux r\u00e9pondre aux besoins des familles - Epinal Info","robots":{"index":"index","follow":"follow","max-snippet":"max-snippet:-1","max-image-preview":"max-image-preview:large","max-video-preview":"max-video-preview:-1"},"canonical":"https:\/\/vosgesinfo.fr\/epinalinfo\/2025\/07\/la-creche-premiers-pas-de-golbey-sagrandit-pour-mieux-repondre-aux-besoins-des-familles\/","twitter_card":"summary_large_image","twitter_title":"La cr\u00e8che \"Premiers Pas\" de Golbey s\u2019agrandit pour mieux r\u00e9pondre aux besoins des familles - Epinal Info","twitter_description":"Mise en service en 2017, la cr\u00e8che \u00ab\u00a0Premiers Pas\u00a0\u00bb de Golbey conna\u00eet une nouvelle \u00e9tape importante de son d\u00e9veloppement. Consciente [&hellip;]","twitter_image":"https:\/\/vosgesinfo.fr\/app\/uploads\/sites\/3\/2025\/07\/creche-premiers-pas-golbey.4pg.jpg","twitter_creator":"@VosgesInfo88","twitter_site":"@VosgesInfo88","twitter_misc":{"\u00c9crit par":"C.K.","Dur\u00e9e de lecture estim\u00e9e":"1 minute"},"schema":{"@context":"https:\/\/schema.org","@graph":[{"@type":"Article","@id":"https:\/\/vosgesinfo.fr\/epinalinfo\/2025\/07\/la-creche-premiers-pas-de-golbey-sagrandit-pour-mieux-repondre-aux-besoins-des-familles\/#article","isPartOf":{"@id":"https:\/\/vosgesinfo.fr\/epinalinfo\/2025\/07\/la-creche-premiers-pas-de-golbey-sagrandit-pour-mieux-repondre-aux-besoins-des-familles\/"},"author":{"name":"C.K.","@id":"https:\/\/vosgesinfo.fr\/epinalinfo\/#\/schema\/person\/6f9a650eeea99d969b6c4ab78fccbe81"},"headline":"La cr\u00e8che \u00ab\u00a0Premiers Pas\u00a0\u00bb de Golbey s\u2019agrandit pour mieux r\u00e9pondre aux besoins des familles","datePublished":"2025-07-11T13:50:40+00:00","dateModified":"2025-07-11T13:45:43+00:00","mainEntityOfPage":{"@id":"https:\/\/vosgesinfo.fr\/epinalinfo\/2025\/07\/la-creche-premiers-pas-de-golbey-sagrandit-pour-mieux-repondre-aux-besoins-des-familles\/"},"wordCount":262,"commentCount":0,"publisher":{"@id":"https:\/\/vosgesinfo.fr\/epinalinfo\/#organization"},"image":{"@id":"https:\/\/vosgesinfo.fr\/epinalinfo\/2025\/07\/la-creche-premiers-pas-de-golbey-sagrandit-pour-mieux-repondre-aux-besoins-des-familles\/#primaryimage"},"thumbnailUrl":"https:\/\/vosgesinfo.fr\/app\/uploads\/sites\/3\/2025\/07\/creche-premiers-pas-golbey.4pg.jpg","articleSection":["A la Une","\u00c9ducation","Epinal","Golbey"],"inLanguage":"fr-FR","potentialAction":[{"@type":"CommentAction","name":"Comment","target":["https:\/\/vosgesinfo.fr\/epinalinfo\/2025\/07\/la-creche-premiers-pas-de-golbey-sagrandit-pour-mieux-repondre-aux-besoins-des-familles\/#respond"]}]},{"@type":"WebPage","@id":"https:\/\/vosgesinfo.fr\/epinalinfo\/2025\/07\/la-creche-premiers-pas-de-golbey-sagrandit-pour-mieux-repondre-aux-besoins-des-familles\/","url":"https:\/\/vosgesinfo.fr\/epinalinfo\/2025\/07\/la-creche-premiers-pas-de-golbey-sagrandit-pour-mieux-repondre-aux-besoins-des-familles\/","name":"La cr\u00e8che \"Premiers Pas\" de Golbey s\u2019agrandit pour mieux r\u00e9pondre aux besoins des familles - Epinal Info","isPartOf":{"@id":"https:\/\/vosgesinfo.fr\/epinalinfo\/#website"},"primaryImageOfPage":{"@id":"https:\/\/vosgesinfo.fr\/epinalinfo\/2025\/07\/la-creche-premiers-pas-de-golbey-sagrandit-pour-mieux-repondre-aux-besoins-des-familles\/#primaryimage"},"image":{"@id":"https:\/\/vosgesinfo.fr\/epinalinfo\/2025\/07\/la-creche-premiers-pas-de-golbey-sagrandit-pour-mieux-repondre-aux-besoins-des-familles\/#primaryimage"},"thumbnailUrl":"https:\/\/vosgesinfo.fr\/app\/uploads\/sites\/3\/2025\/07\/creche-premiers-pas-golbey.4pg.jpg","datePublished":"2025-07-11T13:50:40+00:00","dateModified":"2025-07-11T13:45:43+00:00","breadcrumb":{"@id":"https:\/\/vosgesinfo.fr\/epinalinfo\/2025\/07\/la-creche-premiers-pas-de-golbey-sagrandit-pour-mieux-repondre-aux-besoins-des-familles\/#breadcrumb"},"inLanguage":"fr-FR","potentialAction":[{"@type":"ReadAction","target":["https:\/\/vosgesinfo.fr\/epinalinfo\/2025\/07\/la-creche-premiers-pas-de-golbey-sagrandit-pour-mieux-repondre-aux-besoins-des-familles\/"]}]},{"@type":"ImageObject","inLanguage":"fr-FR","@id":"https:\/\/vosgesinfo.fr\/epinalinfo\/2025\/07\/la-creche-premiers-pas-de-golbey-sagrandit-pour-mieux-repondre-aux-besoins-des-familles\/#primaryimage","url":"https:\/\/vosgesinfo.fr\/app\/uploads\/sites\/3\/2025\/07\/creche-premiers-pas-golbey.4pg.jpg","contentUrl":"https:\/\/vosgesinfo.fr\/app\/uploads\/sites\/3\/2025\/07\/creche-premiers-pas-golbey.4pg.jpg","width":2040,"height":1536},{"@type":"BreadcrumbList","@id":"https:\/\/vosgesinfo.fr\/epinalinfo\/2025\/07\/la-creche-premiers-pas-de-golbey-sagrandit-pour-mieux-repondre-aux-besoins-des-familles\/#breadcrumb","itemListElement":[{"@type":"ListItem","position":1,"name":"Home","item":"https:\/\/vosgesinfo.fr\/epinalinfo\/"},{"@type":"ListItem","position":2,"name":"La cr\u00e8che \u00ab\u00a0Premiers Pas\u00a0\u00bb de Golbey s\u2019agrandit pour mieux r\u00e9pondre aux besoins des familles"}]},{"@type":"WebSite","@id":"https:\/\/vosgesinfo.fr\/epinalinfo\/#website","url":"https:\/\/vosgesinfo.fr\/epinalinfo\/","name":"Epinal Info","description":"Toute l&#039;actualit\u00e9 d&#039;\u00c9pinal","publisher":{"@id":"https:\/\/vosgesinfo.fr\/epinalinfo\/#organization"},"alternateName":"Toute l'actualit\u00e9 d'\u00c9pinal","potentialAction":[{"@type":"SearchAction","target":{"@type":"EntryPoint","urlTemplate":"https:\/\/vosgesinfo.fr\/epinalinfo\/?s={search_term_string}"},"query-input":"required name=search_term_string"}],"inLanguage":"fr-FR"},{"@type":"Organization","@id":"https:\/\/vosgesinfo.fr\/epinalinfo\/#organization","name":"Epinal Info","url":"https:\/\/vosgesinfo.fr\/epinalinfo\/","logo":{"@type":"ImageObject","inLanguage":"fr-FR","@id":"https:\/\/vosgesinfo.fr\/epinalinfo\/#\/schema\/logo\/image\/","url":"https:\/\/vosgesinfo.fr\/app\/uploads\/sites\/3\/2023\/08\/logo-epinalinfos.svg","contentUrl":"https:\/\/vosgesinfo.fr\/app\/uploads\/sites\/3\/2023\/08\/logo-epinalinfos.svg","width":1,"height":1,"caption":"Epinal Info"},"image":{"@id":"https:\/\/vosgesinfo.fr\/epinalinfo\/#\/schema\/logo\/image\/"},"sameAs":["https:\/\/www.facebook.com\/Epinalinfos","https:\/\/x.com\/VosgesInfo88","https:\/\/www.youtube.com\/@vosgesinfo"]},{"@type":"Person","@id":"https:\/\/vosgesinfo.fr\/epinalinfo\/#\/schema\/person\/6f9a650eeea99d969b6c4ab78fccbe81","name":"C.K.","image":{"@type":"ImageObject","inLanguage":"fr-FR","@id":"https:\/\/vosgesinfo.fr\/epinalinfo\/#\/schema\/person\/image\/","url":"https:\/\/secure.gravatar.com\/avatar\/48e3fc7f8421ba8942be6b74a2b7f014ca39bc00dece156b7a8e098ae7dc87bf?s=96&d=mm&r=g","contentUrl":"https:\/\/secure.gravatar.com\/avatar\/48e3fc7f8421ba8942be6b74a2b7f014ca39bc00dece156b7a8e098ae7dc87bf?s=96&d=mm&r=g","caption":"C.K."},"url":"https:\/\/vosgesinfo.fr\/epinalinfo\/author\/celia-k-n\/"}]}},"_links":{"self":[{"href":"https:\/\/vosgesinfo.fr\/epinalinfo\/wp-json\/wp\/v2\/posts\/133756","targetHints":{"allow":["GET"]}}],"collection":[{"href":"https:\/\/vosgesinfo.fr\/epinalinfo\/wp-json\/wp\/v2\/posts"}],"about":[{"href":"https:\/\/vosgesinfo.fr\/epinalinfo\/wp-json\/wp\/v2\/types\/post"}],"author":[{"embeddable":true,"href":"https:\/\/vosgesinfo.fr\/epinalinfo\/wp-json\/wp\/v2\/users\/52"}],"replies":[{"embeddable":true,"href":"https:\/\/vosgesinfo.fr\/epinalinfo\/wp-json\/wp\/v2\/comments?post=133756"}],"version-history":[{"count":1,"href":"https:\/\/vosgesinfo.fr\/epinalinfo\/wp-json\/wp\/v2\/posts\/133756\/revisions"}],"predecessor-version":[{"id":133763,"href":"https:\/\/vosgesinfo.fr\/epinalinfo\/wp-json\/wp\/v2\/posts\/133756\/revisions\/133763"}],"wp:featuredmedia":[{"embeddable":true,"href":"https:\/\/vosgesinfo.fr\/epinalinfo\/wp-json\/wp\/v2\/media\/133757"}],"wp:attachment":[{"href":"https:\/\/vosgesinfo.fr\/epinalinfo\/wp-json\/wp\/v2\/media?parent=133756"}],"wp:term":[{"taxonomy":"category","embeddable":true,"href":"https:\/\/vosgesinfo.fr\/epinalinfo\/wp-json\/wp\/v2\/categories?post=133756"},{"taxonomy":"post_tag","embeddable":true,"href":"https:\/\/vosgesinfo.fr\/epinalinfo\/wp-json\/wp\/v2\/tags?post=133756"}],"curies":[{"name":"wp","href":"https:\/\/api.w.org\/{rel}","templated":true}]}}