{"id":133764,"date":"2025-07-11T15:55:23","date_gmt":"2025-07-11T13:55:23","guid":{"rendered":"https:\/\/vosgesinfo.fr\/epinalinfo\/?p=133764"},"modified":"2025-07-11T15:50:15","modified_gmt":"2025-07-11T13:50:15","slug":"evodia-et-citeo-celebrent-les-performances-exemplaires-de-tri-dans-les-vosges","status":"publish","type":"post","link":"https:\/\/vosgesinfo.fr\/epinalinfo\/2025\/07\/evodia-et-citeo-celebrent-les-performances-exemplaires-de-tri-dans-les-vosges\/","title":{"rendered":"EVODIA et CITEO c\u00e9l\u00e8brent les performances exemplaires de tri dans les Vosges"},"content":{"rendered":"<div id=\"attachment_133765\" style=\"width: 1930px\" class=\"wp-caption aligncenter\"><a href=\"https:\/\/vosgesinfo.fr\/app\/uploads\/sites\/3\/2025\/07\/thumbnail-1000001613.jpg\"><img decoding=\"async\" aria-describedby=\"caption-attachment-133765\" class=\"wp-image-133765 size-full\" src=\"https:\/\/vosgesinfo.fr\/app\/uploads\/sites\/3\/2025\/07\/thumbnail-1000001613.jpg\" alt=\"\" width=\"1920\" height=\"1440\" srcset=\"https:\/\/vosgesinfo.fr\/app\/uploads\/sites\/3\/2025\/07\/thumbnail-1000001613.jpg 1920w, https:\/\/vosgesinfo.fr\/app\/uploads\/sites\/3\/2025\/07\/thumbnail-1000001613-300x225.jpg 300w, https:\/\/vosgesinfo.fr\/app\/uploads\/sites\/3\/2025\/07\/thumbnail-1000001613-1024x768.jpg 1024w, https:\/\/vosgesinfo.fr\/app\/uploads\/sites\/3\/2025\/07\/thumbnail-1000001613-768x576.jpg 768w, https:\/\/vosgesinfo.fr\/app\/uploads\/sites\/3\/2025\/07\/thumbnail-1000001613-1536x1152.jpg 1536w\" sizes=\"(max-width: 1920px) 100vw, 1920px\" \/><\/a><p id=\"caption-attachment-133765\" class=\"wp-caption-text\">photo Evodia<\/p><\/div>\n<h2 data-start=\"202\" data-end=\"513\">Trier, encourager, f\u00e9liciter. Ensemble, valorisons les efforts collectifs ! Le 11 juillet 2025, EVODIA et CITEO mettent \u00e0 l\u2019honneur les excellents r\u00e9sultats de tri des emballages dans les Vosges, \u00e0 l\u2019occasion d\u2019un \u00e9v\u00e9nement convivial organis\u00e9 de 11h30 \u00e0 14h \u00e0 la Maison de l\u2019\u00c9conomie Circulaire de Chavelot.<\/h2>\n<h3 data-start=\"515\" data-end=\"570\">Un moment de reconnaissance pour les acteurs du tri<\/h3>\n<p data-start=\"572\" data-end=\"1021\">Afin de remercier et f\u00e9liciter les nombreux acteurs impliqu\u00e9s dans la r\u00e9ussite du tri dans le d\u00e9partement \u2014 \u00e9lus, techniciens, agents de terrain et partenaires \u2014 EVODIA et CITEO organisent une rencontre plac\u00e9e sous le signe de la reconnaissance et du partage. Ce temps fort permettra de revenir sur les leviers de succ\u00e8s de l\u2019ann\u00e9e 2024, de mettre en lumi\u00e8re les bonnes pratiques locales, et de consolider une dynamique collective d\u00e9j\u00e0 bien engag\u00e9e.<\/p>\n<h3 data-start=\"1023\" data-end=\"1077\">Un partenariat solide au service de la performance<\/h3>\n<p data-start=\"1079\" data-end=\"1432\">Depuis plusieurs ann\u00e9es, EVODIA agit en synergie avec CITEO dans le cadre du <strong data-start=\"1156\" data-end=\"1199\">Contrat pour l&rsquo;Action et la Performance<\/strong>, avec un objectif commun : am\u00e9liorer durablement le geste de tri des Vosgiens. Ce partenariat fructueux se traduit par de nombreuses actions concr\u00e8tes d\u00e9ploy\u00e9es sur le territoire, en lien \u00e9troit avec les collectivit\u00e9s adh\u00e9rentes :<\/p>\n<ul data-start=\"1433\" data-end=\"1580\">\n<li data-start=\"1433\" data-end=\"1467\">\n<p data-start=\"1435\" data-end=\"1467\">Dispositifs de tri hors foyer,<\/p>\n<\/li>\n<li data-start=\"1468\" data-end=\"1508\">\n<p data-start=\"1470\" data-end=\"1508\">Exp\u00e9rimentations autour du r\u00e9emploi,<\/p>\n<\/li>\n<li data-start=\"1509\" data-end=\"1548\">\n<p data-start=\"1511\" data-end=\"1548\">Formations des ambassadeurs du tri,<\/p>\n<\/li>\n<li data-start=\"1549\" data-end=\"1580\">\n<p data-start=\"1551\" data-end=\"1580\">Accompagnements de terrain.<\/p>\n<\/li>\n<\/ul>\n<p data-start=\"1582\" data-end=\"1679\">Autant d\u2019initiatives qui participent activement \u00e0 une mont\u00e9e en puissance du tri dans les Vosges.<\/p>\n<h3 data-start=\"1681\" data-end=\"1721\">Des r\u00e9sultats 2024 d\u00e9j\u00e0 remarquables<\/h3>\n<p data-start=\"1723\" data-end=\"1851\">Les premiers chiffres de 2024, encore provisoires mais d\u00e9j\u00e0 tr\u00e8s encourageants, illustrent l\u2019impact r\u00e9el de cette mobilisation :<\/p>\n<ul data-start=\"1852\" data-end=\"1972\">\n<li data-start=\"1852\" data-end=\"1918\">\n<p data-start=\"1854\" data-end=\"1918\"><strong data-start=\"1854\" data-end=\"1896\">+70 % d\u2019emballages plastiques recycl\u00e9s<\/strong> par rapport \u00e0 2023,<\/p>\n<\/li>\n<li data-start=\"1919\" data-end=\"1972\">\n<p data-start=\"1921\" data-end=\"1972\"><strong data-start=\"1921\" data-end=\"1959\">+14 % d\u2019emballages l\u00e9gers recycl\u00e9s<\/strong> au global.<\/p>\n<\/li>\n<\/ul>\n<p data-start=\"1974\" data-end=\"2190\">Gr\u00e2ce \u00e0 l\u2019engagement des \u00e9quipes d\u2019EVODIA, des collectivit\u00e9s et des acteurs locaux, le d\u00e9partement des Vosges se positionne d\u00e9sormais parmi les plus performants de l\u2019Est de la France en mati\u00e8re de tri des emballages.<\/p>\n<h3 data-start=\"2192\" data-end=\"2245\">Une dynamique pleinement align\u00e9e avec la loi AGEC<\/h3>\n<p data-start=\"2247\" data-end=\"2452\">Ces r\u00e9sultats viennent confirmer la pertinence des actions men\u00e9es au regard des ambitions de la <strong data-start=\"2343\" data-end=\"2402\">loi AGEC (Anti-Gaspillage pour une \u00c9conomie Circulaire)<\/strong>, promulgu\u00e9e en 2020. Cette loi impose notamment :<\/p>\n<ul data-start=\"2453\" data-end=\"2635\">\n<li data-start=\"2453\" data-end=\"2491\">\n<p data-start=\"2455\" data-end=\"2491\">Une am\u00e9lioration du tri \u00e0 la source,<\/p>\n<\/li>\n<li data-start=\"2492\" data-end=\"2547\">\n<p data-start=\"2494\" data-end=\"2547\">Une augmentation du taux de recyclage des emballages,<\/p>\n<\/li>\n<li data-start=\"2548\" data-end=\"2603\">\n<p data-start=\"2550\" data-end=\"2603\">Une r\u00e9duction de l\u2019usage du plastique \u00e0 usage unique,<\/p>\n<\/li>\n<li data-start=\"2604\" data-end=\"2635\">\n<p data-start=\"2606\" data-end=\"2635\">Le d\u00e9veloppement du r\u00e9emploi.<\/p>\n<\/li>\n<\/ul>\n<p data-start=\"2637\" data-end=\"2843\">EVODIA, par ses projets innovants et son travail de sensibilisation, prouve que ces objectifs sont atteignables, \u00e0 condition d\u2019une mobilisation collective durable et d\u2019un accompagnement de terrain efficace.<\/p>\n\n\t\t<style type=\"text\/css\">\n\t\t\t#gallery-1 {\n\t\t\t\tmargin: auto;\n\t\t\t}\n\t\t\t#gallery-1 .gallery-item {\n\t\t\t\tfloat: left;\n\t\t\t\tmargin-top: 10px;\n\t\t\t\ttext-align: center;\n\t\t\t\twidth: 33%;\n\t\t\t}\n\t\t\t#gallery-1 img {\n\t\t\t\tborder: 2px solid #cfcfcf;\n\t\t\t}\n\t\t\t#gallery-1 .gallery-caption {\n\t\t\t\tmargin-left: 0;\n\t\t\t}\n\t\t\t\/* see gallery_shortcode() in wp-includes\/media.php *\/\n\t\t<\/style>\n\t\t<div id='gallery-1' class='gallery galleryid-133764 gallery-columns-3 gallery-size-large'><dl class='gallery-item'>\n\t\t\t<dt class='gallery-icon landscape'>\n\t\t\t\t<a href='https:\/\/vosgesinfo.fr\/app\/uploads\/sites\/3\/2025\/07\/thumbnail-1000001617.jpg'><img decoding=\"async\" width=\"1024\" height=\"768\" src=\"https:\/\/vosgesinfo.fr\/app\/uploads\/sites\/3\/2025\/07\/thumbnail-1000001617-1024x768.jpg\" class=\"attachment-large size-large\" alt=\"\" srcset=\"https:\/\/vosgesinfo.fr\/app\/uploads\/sites\/3\/2025\/07\/thumbnail-1000001617-1024x768.jpg 1024w, https:\/\/vosgesinfo.fr\/app\/uploads\/sites\/3\/2025\/07\/thumbnail-1000001617-300x225.jpg 300w, https:\/\/vosgesinfo.fr\/app\/uploads\/sites\/3\/2025\/07\/thumbnail-1000001617-768x576.jpg 768w, https:\/\/vosgesinfo.fr\/app\/uploads\/sites\/3\/2025\/07\/thumbnail-1000001617-1536x1152.jpg 1536w, https:\/\/vosgesinfo.fr\/app\/uploads\/sites\/3\/2025\/07\/thumbnail-1000001617.jpg 1920w\" sizes=\"(max-width: 1024px) 100vw, 1024px\" \/><\/a>\n\t\t\t<\/dt><\/dl><dl class='gallery-item'>\n\t\t\t<dt class='gallery-icon landscape'>\n\t\t\t\t<a href='https:\/\/vosgesinfo.fr\/app\/uploads\/sites\/3\/2025\/07\/thumbnail-1000001619.jpg'><img decoding=\"async\" width=\"1024\" height=\"768\" src=\"https:\/\/vosgesinfo.fr\/app\/uploads\/sites\/3\/2025\/07\/thumbnail-1000001619-1024x768.jpg\" class=\"attachment-large size-large\" alt=\"\" srcset=\"https:\/\/vosgesinfo.fr\/app\/uploads\/sites\/3\/2025\/07\/thumbnail-1000001619-1024x768.jpg 1024w, https:\/\/vosgesinfo.fr\/app\/uploads\/sites\/3\/2025\/07\/thumbnail-1000001619-300x225.jpg 300w, https:\/\/vosgesinfo.fr\/app\/uploads\/sites\/3\/2025\/07\/thumbnail-1000001619-768x576.jpg 768w, https:\/\/vosgesinfo.fr\/app\/uploads\/sites\/3\/2025\/07\/thumbnail-1000001619-1536x1152.jpg 1536w, https:\/\/vosgesinfo.fr\/app\/uploads\/sites\/3\/2025\/07\/thumbnail-1000001619.jpg 1920w\" sizes=\"(max-width: 1024px) 100vw, 1024px\" \/><\/a>\n\t\t\t<\/dt><\/dl>\n\t\t\t<br style='clear: both' \/>\n\t\t<\/div>\n\n","protected":false},"excerpt":{"rendered":"<p>Trier, encourager, f\u00e9liciter. Ensemble, valorisons les efforts collectifs ! Le 11 juillet 2025, EVODIA et CITEO mettent \u00e0 l\u2019honneur les [&hellip;]<\/p>\n","protected":false},"author":52,"featured_media":133765,"comment_status":"open","ping_status":"open","sticky":false,"template":"","format":"standard","meta":{"footnotes":""},"categories":[22,16,24],"tags":[],"class_list":["post-133764","post","type-post","status-publish","format-standard","has-post-thumbnail","hentry","category-a-la-une","category-environnement","category-epinal"],"acf":[],"yoast_head":"<!-- This site is optimized with the Yoast SEO plugin v22.5 - https:\/\/yoast.com\/wordpress\/plugins\/seo\/ -->\n<title>EVODIA et CITEO c\u00e9l\u00e8brent les performances exemplaires de tri dans les Vosges - Epinal Info<\/title>\n<meta name=\"robots\" content=\"index, follow, max-snippet:-1, max-image-preview:large, max-video-preview:-1\" \/>\n<link rel=\"canonical\" href=\"https:\/\/vosgesinfo.fr\/epinalinfo\/2025\/07\/evodia-et-citeo-celebrent-les-performances-exemplaires-de-tri-dans-les-vosges\/\" \/>\n<meta name=\"twitter:card\" content=\"summary_large_image\" \/>\n<meta name=\"twitter:title\" content=\"EVODIA et CITEO c\u00e9l\u00e8brent les performances exemplaires de tri dans les Vosges - Epinal Info\" \/>\n<meta name=\"twitter:description\" content=\"Trier, encourager, f\u00e9liciter. Ensemble, valorisons les efforts collectifs ! Le 11 juillet 2025, EVODIA et CITEO mettent \u00e0 l\u2019honneur les [&hellip;]\" \/>\n<meta name=\"twitter:image\" content=\"https:\/\/vosgesinfo.fr\/app\/uploads\/sites\/3\/2025\/07\/thumbnail-1000001613.jpg\" \/>\n<meta name=\"twitter:creator\" content=\"@VosgesInfo88\" \/>\n<meta name=\"twitter:site\" content=\"@VosgesInfo88\" \/>\n<meta name=\"twitter:label1\" content=\"\u00c9crit par\" \/>\n\t<meta name=\"twitter:data1\" content=\"C.K.\" \/>\n\t<meta name=\"twitter:label2\" content=\"Dur\u00e9e de lecture estim\u00e9e\" \/>\n\t<meta name=\"twitter:data2\" content=\"2 minutes\" \/>\n<script type=\"application\/ld+json\" class=\"yoast-schema-graph\">{\"@context\":\"https:\/\/schema.org\",\"@graph\":[{\"@type\":\"Article\",\"@id\":\"https:\/\/vosgesinfo.fr\/epinalinfo\/2025\/07\/evodia-et-citeo-celebrent-les-performances-exemplaires-de-tri-dans-les-vosges\/#article\",\"isPartOf\":{\"@id\":\"https:\/\/vosgesinfo.fr\/epinalinfo\/2025\/07\/evodia-et-citeo-celebrent-les-performances-exemplaires-de-tri-dans-les-vosges\/\"},\"author\":{\"name\":\"C.K.\",\"@id\":\"https:\/\/vosgesinfo.fr\/epinalinfo\/#\/schema\/person\/6f9a650eeea99d969b6c4ab78fccbe81\"},\"headline\":\"EVODIA et CITEO c\u00e9l\u00e8brent les performances exemplaires de tri dans les Vosges\",\"datePublished\":\"2025-07-11T13:55:23+00:00\",\"dateModified\":\"2025-07-11T13:50:15+00:00\",\"mainEntityOfPage\":{\"@id\":\"https:\/\/vosgesinfo.fr\/epinalinfo\/2025\/07\/evodia-et-citeo-celebrent-les-performances-exemplaires-de-tri-dans-les-vosges\/\"},\"wordCount\":451,\"commentCount\":0,\"publisher\":{\"@id\":\"https:\/\/vosgesinfo.fr\/epinalinfo\/#organization\"},\"image\":{\"@id\":\"https:\/\/vosgesinfo.fr\/epinalinfo\/2025\/07\/evodia-et-citeo-celebrent-les-performances-exemplaires-de-tri-dans-les-vosges\/#primaryimage\"},\"thumbnailUrl\":\"https:\/\/vosgesinfo.fr\/app\/uploads\/sites\/3\/2025\/07\/thumbnail-1000001613.jpg\",\"articleSection\":[\"A la Une\",\"Environnement\",\"Epinal\"],\"inLanguage\":\"fr-FR\",\"potentialAction\":[{\"@type\":\"CommentAction\",\"name\":\"Comment\",\"target\":[\"https:\/\/vosgesinfo.fr\/epinalinfo\/2025\/07\/evodia-et-citeo-celebrent-les-performances-exemplaires-de-tri-dans-les-vosges\/#respond\"]}]},{\"@type\":\"WebPage\",\"@id\":\"https:\/\/vosgesinfo.fr\/epinalinfo\/2025\/07\/evodia-et-citeo-celebrent-les-performances-exemplaires-de-tri-dans-les-vosges\/\",\"url\":\"https:\/\/vosgesinfo.fr\/epinalinfo\/2025\/07\/evodia-et-citeo-celebrent-les-performances-exemplaires-de-tri-dans-les-vosges\/\",\"name\":\"EVODIA et CITEO c\u00e9l\u00e8brent les performances exemplaires de tri dans les Vosges - Epinal Info\",\"isPartOf\":{\"@id\":\"https:\/\/vosgesinfo.fr\/epinalinfo\/#website\"},\"primaryImageOfPage\":{\"@id\":\"https:\/\/vosgesinfo.fr\/epinalinfo\/2025\/07\/evodia-et-citeo-celebrent-les-performances-exemplaires-de-tri-dans-les-vosges\/#primaryimage\"},\"image\":{\"@id\":\"https:\/\/vosgesinfo.fr\/epinalinfo\/2025\/07\/evodia-et-citeo-celebrent-les-performances-exemplaires-de-tri-dans-les-vosges\/#primaryimage\"},\"thumbnailUrl\":\"https:\/\/vosgesinfo.fr\/app\/uploads\/sites\/3\/2025\/07\/thumbnail-1000001613.jpg\",\"datePublished\":\"2025-07-11T13:55:23+00:00\",\"dateModified\":\"2025-07-11T13:50:15+00:00\",\"breadcrumb\":{\"@id\":\"https:\/\/vosgesinfo.fr\/epinalinfo\/2025\/07\/evodia-et-citeo-celebrent-les-performances-exemplaires-de-tri-dans-les-vosges\/#breadcrumb\"},\"inLanguage\":\"fr-FR\",\"potentialAction\":[{\"@type\":\"ReadAction\",\"target\":[\"https:\/\/vosgesinfo.fr\/epinalinfo\/2025\/07\/evodia-et-citeo-celebrent-les-performances-exemplaires-de-tri-dans-les-vosges\/\"]}]},{\"@type\":\"ImageObject\",\"inLanguage\":\"fr-FR\",\"@id\":\"https:\/\/vosgesinfo.fr\/epinalinfo\/2025\/07\/evodia-et-citeo-celebrent-les-performances-exemplaires-de-tri-dans-les-vosges\/#primaryimage\",\"url\":\"https:\/\/vosgesinfo.fr\/app\/uploads\/sites\/3\/2025\/07\/thumbnail-1000001613.jpg\",\"contentUrl\":\"https:\/\/vosgesinfo.fr\/app\/uploads\/sites\/3\/2025\/07\/thumbnail-1000001613.jpg\",\"width\":1920,\"height\":1440},{\"@type\":\"BreadcrumbList\",\"@id\":\"https:\/\/vosgesinfo.fr\/epinalinfo\/2025\/07\/evodia-et-citeo-celebrent-les-performances-exemplaires-de-tri-dans-les-vosges\/#breadcrumb\",\"itemListElement\":[{\"@type\":\"ListItem\",\"position\":1,\"name\":\"Home\",\"item\":\"https:\/\/vosgesinfo.fr\/epinalinfo\/\"},{\"@type\":\"ListItem\",\"position\":2,\"name\":\"EVODIA et CITEO c\u00e9l\u00e8brent les performances exemplaires de tri dans les Vosges\"}]},{\"@type\":\"WebSite\",\"@id\":\"https:\/\/vosgesinfo.fr\/epinalinfo\/#website\",\"url\":\"https:\/\/vosgesinfo.fr\/epinalinfo\/\",\"name\":\"Epinal Info\",\"description\":\"Toute l&#039;actualit\u00e9 d&#039;\u00c9pinal\",\"publisher\":{\"@id\":\"https:\/\/vosgesinfo.fr\/epinalinfo\/#organization\"},\"alternateName\":\"Toute l'actualit\u00e9 d'\u00c9pinal\",\"potentialAction\":[{\"@type\":\"SearchAction\",\"target\":{\"@type\":\"EntryPoint\",\"urlTemplate\":\"https:\/\/vosgesinfo.fr\/epinalinfo\/?s={search_term_string}\"},\"query-input\":\"required name=search_term_string\"}],\"inLanguage\":\"fr-FR\"},{\"@type\":\"Organization\",\"@id\":\"https:\/\/vosgesinfo.fr\/epinalinfo\/#organization\",\"name\":\"Epinal Info\",\"url\":\"https:\/\/vosgesinfo.fr\/epinalinfo\/\",\"logo\":{\"@type\":\"ImageObject\",\"inLanguage\":\"fr-FR\",\"@id\":\"https:\/\/vosgesinfo.fr\/epinalinfo\/#\/schema\/logo\/image\/\",\"url\":\"https:\/\/vosgesinfo.fr\/app\/uploads\/sites\/3\/2023\/08\/logo-epinalinfos.svg\",\"contentUrl\":\"https:\/\/vosgesinfo.fr\/app\/uploads\/sites\/3\/2023\/08\/logo-epinalinfos.svg\",\"width\":1,\"height\":1,\"caption\":\"Epinal Info\"},\"image\":{\"@id\":\"https:\/\/vosgesinfo.fr\/epinalinfo\/#\/schema\/logo\/image\/\"},\"sameAs\":[\"https:\/\/www.facebook.com\/Epinalinfos\",\"https:\/\/x.com\/VosgesInfo88\",\"https:\/\/www.youtube.com\/@vosgesinfo\"]},{\"@type\":\"Person\",\"@id\":\"https:\/\/vosgesinfo.fr\/epinalinfo\/#\/schema\/person\/6f9a650eeea99d969b6c4ab78fccbe81\",\"name\":\"C.K.\",\"image\":{\"@type\":\"ImageObject\",\"inLanguage\":\"fr-FR\",\"@id\":\"https:\/\/vosgesinfo.fr\/epinalinfo\/#\/schema\/person\/image\/\",\"url\":\"https:\/\/secure.gravatar.com\/avatar\/48e3fc7f8421ba8942be6b74a2b7f014ca39bc00dece156b7a8e098ae7dc87bf?s=96&d=mm&r=g\",\"contentUrl\":\"https:\/\/secure.gravatar.com\/avatar\/48e3fc7f8421ba8942be6b74a2b7f014ca39bc00dece156b7a8e098ae7dc87bf?s=96&d=mm&r=g\",\"caption\":\"C.K.\"},\"url\":\"https:\/\/vosgesinfo.fr\/epinalinfo\/author\/celia-k-n\/\"}]}<\/script>\n<!-- \/ Yoast SEO plugin. -->","yoast_head_json":{"title":"EVODIA et CITEO c\u00e9l\u00e8brent les performances exemplaires de tri dans les Vosges - Epinal Info","robots":{"index":"index","follow":"follow","max-snippet":"max-snippet:-1","max-image-preview":"max-image-preview:large","max-video-preview":"max-video-preview:-1"},"canonical":"https:\/\/vosgesinfo.fr\/epinalinfo\/2025\/07\/evodia-et-citeo-celebrent-les-performances-exemplaires-de-tri-dans-les-vosges\/","twitter_card":"summary_large_image","twitter_title":"EVODIA et CITEO c\u00e9l\u00e8brent les performances exemplaires de tri dans les Vosges - Epinal Info","twitter_description":"Trier, encourager, f\u00e9liciter. Ensemble, valorisons les efforts collectifs ! Le 11 juillet 2025, EVODIA et CITEO mettent \u00e0 l\u2019honneur les [&hellip;]","twitter_image":"https:\/\/vosgesinfo.fr\/app\/uploads\/sites\/3\/2025\/07\/thumbnail-1000001613.jpg","twitter_creator":"@VosgesInfo88","twitter_site":"@VosgesInfo88","twitter_misc":{"\u00c9crit par":"C.K.","Dur\u00e9e de lecture estim\u00e9e":"2 minutes"},"schema":{"@context":"https:\/\/schema.org","@graph":[{"@type":"Article","@id":"https:\/\/vosgesinfo.fr\/epinalinfo\/2025\/07\/evodia-et-citeo-celebrent-les-performances-exemplaires-de-tri-dans-les-vosges\/#article","isPartOf":{"@id":"https:\/\/vosgesinfo.fr\/epinalinfo\/2025\/07\/evodia-et-citeo-celebrent-les-performances-exemplaires-de-tri-dans-les-vosges\/"},"author":{"name":"C.K.","@id":"https:\/\/vosgesinfo.fr\/epinalinfo\/#\/schema\/person\/6f9a650eeea99d969b6c4ab78fccbe81"},"headline":"EVODIA et CITEO c\u00e9l\u00e8brent les performances exemplaires de tri dans les Vosges","datePublished":"2025-07-11T13:55:23+00:00","dateModified":"2025-07-11T13:50:15+00:00","mainEntityOfPage":{"@id":"https:\/\/vosgesinfo.fr\/epinalinfo\/2025\/07\/evodia-et-citeo-celebrent-les-performances-exemplaires-de-tri-dans-les-vosges\/"},"wordCount":451,"commentCount":0,"publisher":{"@id":"https:\/\/vosgesinfo.fr\/epinalinfo\/#organization"},"image":{"@id":"https:\/\/vosgesinfo.fr\/epinalinfo\/2025\/07\/evodia-et-citeo-celebrent-les-performances-exemplaires-de-tri-dans-les-vosges\/#primaryimage"},"thumbnailUrl":"https:\/\/vosgesinfo.fr\/app\/uploads\/sites\/3\/2025\/07\/thumbnail-1000001613.jpg","articleSection":["A la Une","Environnement","Epinal"],"inLanguage":"fr-FR","potentialAction":[{"@type":"CommentAction","name":"Comment","target":["https:\/\/vosgesinfo.fr\/epinalinfo\/2025\/07\/evodia-et-citeo-celebrent-les-performances-exemplaires-de-tri-dans-les-vosges\/#respond"]}]},{"@type":"WebPage","@id":"https:\/\/vosgesinfo.fr\/epinalinfo\/2025\/07\/evodia-et-citeo-celebrent-les-performances-exemplaires-de-tri-dans-les-vosges\/","url":"https:\/\/vosgesinfo.fr\/epinalinfo\/2025\/07\/evodia-et-citeo-celebrent-les-performances-exemplaires-de-tri-dans-les-vosges\/","name":"EVODIA et CITEO c\u00e9l\u00e8brent les performances exemplaires de tri dans les Vosges - Epinal Info","isPartOf":{"@id":"https:\/\/vosgesinfo.fr\/epinalinfo\/#website"},"primaryImageOfPage":{"@id":"https:\/\/vosgesinfo.fr\/epinalinfo\/2025\/07\/evodia-et-citeo-celebrent-les-performances-exemplaires-de-tri-dans-les-vosges\/#primaryimage"},"image":{"@id":"https:\/\/vosgesinfo.fr\/epinalinfo\/2025\/07\/evodia-et-citeo-celebrent-les-performances-exemplaires-de-tri-dans-les-vosges\/#primaryimage"},"thumbnailUrl":"https:\/\/vosgesinfo.fr\/app\/uploads\/sites\/3\/2025\/07\/thumbnail-1000001613.jpg","datePublished":"2025-07-11T13:55:23+00:00","dateModified":"2025-07-11T13:50:15+00:00","breadcrumb":{"@id":"https:\/\/vosgesinfo.fr\/epinalinfo\/2025\/07\/evodia-et-citeo-celebrent-les-performances-exemplaires-de-tri-dans-les-vosges\/#breadcrumb"},"inLanguage":"fr-FR","potentialAction":[{"@type":"ReadAction","target":["https:\/\/vosgesinfo.fr\/epinalinfo\/2025\/07\/evodia-et-citeo-celebrent-les-performances-exemplaires-de-tri-dans-les-vosges\/"]}]},{"@type":"ImageObject","inLanguage":"fr-FR","@id":"https:\/\/vosgesinfo.fr\/epinalinfo\/2025\/07\/evodia-et-citeo-celebrent-les-performances-exemplaires-de-tri-dans-les-vosges\/#primaryimage","url":"https:\/\/vosgesinfo.fr\/app\/uploads\/sites\/3\/2025\/07\/thumbnail-1000001613.jpg","contentUrl":"https:\/\/vosgesinfo.fr\/app\/uploads\/sites\/3\/2025\/07\/thumbnail-1000001613.jpg","width":1920,"height":1440},{"@type":"BreadcrumbList","@id":"https:\/\/vosgesinfo.fr\/epinalinfo\/2025\/07\/evodia-et-citeo-celebrent-les-performances-exemplaires-de-tri-dans-les-vosges\/#breadcrumb","itemListElement":[{"@type":"ListItem","position":1,"name":"Home","item":"https:\/\/vosgesinfo.fr\/epinalinfo\/"},{"@type":"ListItem","position":2,"name":"EVODIA et CITEO c\u00e9l\u00e8brent les performances exemplaires de tri dans les Vosges"}]},{"@type":"WebSite","@id":"https:\/\/vosgesinfo.fr\/epinalinfo\/#website","url":"https:\/\/vosgesinfo.fr\/epinalinfo\/","name":"Epinal Info","description":"Toute l&#039;actualit\u00e9 d&#039;\u00c9pinal","publisher":{"@id":"https:\/\/vosgesinfo.fr\/epinalinfo\/#organization"},"alternateName":"Toute l'actualit\u00e9 d'\u00c9pinal","potentialAction":[{"@type":"SearchAction","target":{"@type":"EntryPoint","urlTemplate":"https:\/\/vosgesinfo.fr\/epinalinfo\/?s={search_term_string}"},"query-input":"required name=search_term_string"}],"inLanguage":"fr-FR"},{"@type":"Organization","@id":"https:\/\/vosgesinfo.fr\/epinalinfo\/#organization","name":"Epinal Info","url":"https:\/\/vosgesinfo.fr\/epinalinfo\/","logo":{"@type":"ImageObject","inLanguage":"fr-FR","@id":"https:\/\/vosgesinfo.fr\/epinalinfo\/#\/schema\/logo\/image\/","url":"https:\/\/vosgesinfo.fr\/app\/uploads\/sites\/3\/2023\/08\/logo-epinalinfos.svg","contentUrl":"https:\/\/vosgesinfo.fr\/app\/uploads\/sites\/3\/2023\/08\/logo-epinalinfos.svg","width":1,"height":1,"caption":"Epinal Info"},"image":{"@id":"https:\/\/vosgesinfo.fr\/epinalinfo\/#\/schema\/logo\/image\/"},"sameAs":["https:\/\/www.facebook.com\/Epinalinfos","https:\/\/x.com\/VosgesInfo88","https:\/\/www.youtube.com\/@vosgesinfo"]},{"@type":"Person","@id":"https:\/\/vosgesinfo.fr\/epinalinfo\/#\/schema\/person\/6f9a650eeea99d969b6c4ab78fccbe81","name":"C.K.","image":{"@type":"ImageObject","inLanguage":"fr-FR","@id":"https:\/\/vosgesinfo.fr\/epinalinfo\/#\/schema\/person\/image\/","url":"https:\/\/secure.gravatar.com\/avatar\/48e3fc7f8421ba8942be6b74a2b7f014ca39bc00dece156b7a8e098ae7dc87bf?s=96&d=mm&r=g","contentUrl":"https:\/\/secure.gravatar.com\/avatar\/48e3fc7f8421ba8942be6b74a2b7f014ca39bc00dece156b7a8e098ae7dc87bf?s=96&d=mm&r=g","caption":"C.K."},"url":"https:\/\/vosgesinfo.fr\/epinalinfo\/author\/celia-k-n\/"}]}},"_links":{"self":[{"href":"https:\/\/vosgesinfo.fr\/epinalinfo\/wp-json\/wp\/v2\/posts\/133764","targetHints":{"allow":["GET"]}}],"collection":[{"href":"https:\/\/vosgesinfo.fr\/epinalinfo\/wp-json\/wp\/v2\/posts"}],"about":[{"href":"https:\/\/vosgesinfo.fr\/epinalinfo\/wp-json\/wp\/v2\/types\/post"}],"author":[{"embeddable":true,"href":"https:\/\/vosgesinfo.fr\/epinalinfo\/wp-json\/wp\/v2\/users\/52"}],"replies":[{"embeddable":true,"href":"https:\/\/vosgesinfo.fr\/epinalinfo\/wp-json\/wp\/v2\/comments?post=133764"}],"version-history":[{"count":1,"href":"https:\/\/vosgesinfo.fr\/epinalinfo\/wp-json\/wp\/v2\/posts\/133764\/revisions"}],"predecessor-version":[{"id":133768,"href":"https:\/\/vosgesinfo.fr\/epinalinfo\/wp-json\/wp\/v2\/posts\/133764\/revisions\/133768"}],"wp:featuredmedia":[{"embeddable":true,"href":"https:\/\/vosgesinfo.fr\/epinalinfo\/wp-json\/wp\/v2\/media\/133765"}],"wp:attachment":[{"href":"https:\/\/vosgesinfo.fr\/epinalinfo\/wp-json\/wp\/v2\/media?parent=133764"}],"wp:term":[{"taxonomy":"category","embeddable":true,"href":"https:\/\/vosgesinfo.fr\/epinalinfo\/wp-json\/wp\/v2\/categories?post=133764"},{"taxonomy":"post_tag","embeddable":true,"href":"https:\/\/vosgesinfo.fr\/epinalinfo\/wp-json\/wp\/v2\/tags?post=133764"}],"curies":[{"name":"wp","href":"https:\/\/api.w.org\/{rel}","templated":true}]}}