{"id":133785,"date":"2025-07-12T17:50:10","date_gmt":"2025-07-12T15:50:10","guid":{"rendered":"https:\/\/vosgesinfo.fr\/epinalinfo\/?p=133785"},"modified":"2025-07-12T17:47:53","modified_gmt":"2025-07-12T15:47:53","slug":"une-nouvelle-dynamique-territoriale-pour-thaon-les-vosges","status":"publish","type":"post","link":"https:\/\/vosgesinfo.fr\/epinalinfo\/2025\/07\/une-nouvelle-dynamique-territoriale-pour-thaon-les-vosges\/","title":{"rendered":"Une nouvelle dynamique territoriale pour Thaon-les-Vosges"},"content":{"rendered":"<div id=\"attachment_133786\" style=\"width: 1390px\" class=\"wp-caption aligncenter\"><a href=\"https:\/\/vosgesinfo.fr\/app\/uploads\/sites\/3\/2025\/07\/mairie-thaon-les-vosges.jpg\"><img decoding=\"async\" aria-describedby=\"caption-attachment-133786\" class=\"wp-image-133786 size-full\" src=\"https:\/\/vosgesinfo.fr\/app\/uploads\/sites\/3\/2025\/07\/mairie-thaon-les-vosges.jpg\" alt=\"\" width=\"1380\" height=\"857\" srcset=\"https:\/\/vosgesinfo.fr\/app\/uploads\/sites\/3\/2025\/07\/mairie-thaon-les-vosges.jpg 1380w, https:\/\/vosgesinfo.fr\/app\/uploads\/sites\/3\/2025\/07\/mairie-thaon-les-vosges-300x186.jpg 300w, https:\/\/vosgesinfo.fr\/app\/uploads\/sites\/3\/2025\/07\/mairie-thaon-les-vosges-1024x636.jpg 1024w, https:\/\/vosgesinfo.fr\/app\/uploads\/sites\/3\/2025\/07\/mairie-thaon-les-vosges-768x477.jpg 768w\" sizes=\"(max-width: 1380px) 100vw, 1380px\" \/><\/a><p id=\"caption-attachment-133786\" class=\"wp-caption-text\">photo Google maps<\/p><\/div>\n<h2 data-start=\"209\" data-end=\"619\"><strong>Thaon-les-Vosges franchit une nouvelle \u00e9tape dans son d\u00e9veloppement avec la signature officielle, ce vendredi, de son entr\u00e9e dans le dispositif Op\u00e9ration de Revitalisation de Territoire (ORT). Port\u00e9e par la loi ELAN de 2018, cette d\u00e9marche vise \u00e0 accompagner les collectivit\u00e9s dans la redynamisation de leur c\u0153ur de ville, \u00e0 travers une strat\u00e9gie concert\u00e9e m\u00ealant habitat, urbanisme, commerce et mobilit\u00e9s.<\/strong><\/h2>\n<h3 data-start=\"621\" data-end=\"674\">Une dynamique au service de l\u2019attractivit\u00e9 locale<\/h3>\n<p data-start=\"676\" data-end=\"1069\">Pour accompagner sa croissance , Thaon-les-Vosges ambitionne de devenir une ville productive, attractive et durable, en luttant notamment contre la vacance commerciale et r\u00e9sidentielle, en renfor\u00e7ant l\u2019\u00e9conomie locale et en ouvrant davantage la ville vers le canal.<\/p>\n<p data-start=\"1071\" data-end=\"1297\">Cette vision ambitieuse se d\u00e9cline \u00e0 travers sept axes strat\u00e9giques et plus de 50 actions concr\u00e8tes, parmi lesquelles figure la revitalisation du centre-ville, pour en faire un espace commer\u00e7ant, anim\u00e9 et agr\u00e9able \u00e0 vivre.<\/p>\n<h3 data-start=\"1299\" data-end=\"1355\">Un dispositif contractualis\u00e9 au niveau intercommunal<\/h3>\n<p data-start=\"1357\" data-end=\"1749\">Depuis 2023, la Communaut\u00e9 d\u2019Agglom\u00e9ration d\u2019\u00c9pinal b\u00e9n\u00e9ficie d\u2019une convention-cadre ORT permettant de coordonner \u00e0 l\u2019\u00e9chelle intercommunale les multiples acteurs de la revitalisation. La signature de la convention sp\u00e9cifique \u00e0 Thaon-les-Vosges s\u2019inscrit dans ce cadre, permettant \u00e0 la commune de d\u00e9ployer une strat\u00e9gie sur-mesure, appuy\u00e9e par des outils juridiques et financiers sp\u00e9cifiques.<\/p>\n<p data-start=\"1751\" data-end=\"1954\">Une <strong data-start=\"1755\" data-end=\"1817\">\u00e9tude pr\u00e9alable men\u00e9e entre septembre 2023 et f\u00e9vrier 2025<\/strong> par la commune et l\u2019\u00c9tablissement Public Foncier du Grand Est a permis de d\u00e9finir le p\u00e9rim\u00e8tre d\u2019intervention et les priorit\u00e9s d\u2019action.<\/p>\n<h3 data-start=\"1956\" data-end=\"2011\">ACCOr : un soutien fort aux commerces de centralit\u00e9<\/h3>\n<p data-start=\"2013\" data-end=\"2337\">En parall\u00e8le de l\u2019ORT, la commune signe \u00e9galement un <strong data-start=\"2066\" data-end=\"2097\">avenant au dispositif ACCOr<\/strong> (Accompagnement des Commerces en Centralit\u00e9 Rurale), en partenariat avec la R\u00e9gion Grand Est. Int\u00e9gr\u00e9 au Pacte pour les ruralit\u00e9s, ACCOr soutient les commerces de proximit\u00e9 dans les communes rurales ou semi-urbaines comme Thaon-les-Vosges.<\/p>\n<p data-start=\"2339\" data-end=\"2618\">Ce dispositif permet de financer jusqu\u2019\u00e0 <strong data-start=\"2380\" data-end=\"2411\">50 % des d\u00e9penses \u00e9ligibles<\/strong> (plafonn\u00e9es \u00e0 20 000 \u20ac) li\u00e9es \u00e0 la cr\u00e9ation, \u00e0 la reprise, ou \u00e0 la modernisation des commerces : am\u00e9nagements, r\u00e9novation des devantures, outillage sp\u00e9cifique, ou encore acquisition de v\u00e9hicules de tourn\u00e9e.<\/p>\n<p data-start=\"2620\" data-end=\"2851\">Les commerces concern\u00e9s doivent r\u00e9pondre \u00e0 certains crit\u00e8res : \u00eatre inscrits au registre du commerce ou des m\u00e9tiers, disposer d\u2019une vitrine en rez-de-chauss\u00e9e, et relever du statut de Tr\u00e8s Petite Entreprise (hors micro-entreprise).<\/p>\n<h3 data-start=\"3403\" data-end=\"3440\">Une commune tourn\u00e9e vers l\u2019avenir<\/h3>\n<p data-start=\"3442\" data-end=\"3779\">Avec ce double engagement dans l\u2019ORT et le dispositif ACCOr, Thaon-les-Vosges affirme sa volont\u00e9 de <strong data-start=\"3542\" data-end=\"3656\">renforcer son attractivit\u00e9, dynamiser son tissu \u00e9conomique local et am\u00e9liorer le cadre de vie de ses habitants<\/strong>. Une ambition clairement affich\u00e9e pour faire de la commune un p\u00f4le de centralit\u00e9 fort au sein de l\u2019agglom\u00e9ration d\u2019\u00c9pinal.<\/p>\n","protected":false},"excerpt":{"rendered":"<p>Thaon-les-Vosges franchit une nouvelle \u00e9tape dans son d\u00e9veloppement avec la signature officielle, ce vendredi, de son entr\u00e9e dans le dispositif [&hellip;]<\/p>\n","protected":false},"author":52,"featured_media":133786,"comment_status":"open","ping_status":"open","sticky":false,"template":"","format":"standard","meta":{"footnotes":""},"categories":[22,24,93],"tags":[16866,213],"class_list":["post-133785","post","type-post","status-publish","format-standard","has-post-thumbnail","hentry","category-a-la-une","category-epinal","category-thaon-les-vosges","tag-operation-de-revitalisation-de-territoire-ort","tag-thaon-les-vosges"],"acf":[],"yoast_head":"<!-- This site is optimized with the Yoast SEO plugin v22.5 - https:\/\/yoast.com\/wordpress\/plugins\/seo\/ -->\n<title>Une nouvelle dynamique territoriale pour Thaon-les-Vosges - Epinal Info<\/title>\n<meta name=\"robots\" content=\"index, follow, max-snippet:-1, max-image-preview:large, max-video-preview:-1\" \/>\n<link rel=\"canonical\" href=\"https:\/\/vosgesinfo.fr\/epinalinfo\/2025\/07\/une-nouvelle-dynamique-territoriale-pour-thaon-les-vosges\/\" \/>\n<meta name=\"twitter:card\" content=\"summary_large_image\" \/>\n<meta name=\"twitter:title\" content=\"Une nouvelle dynamique territoriale pour Thaon-les-Vosges - Epinal Info\" \/>\n<meta name=\"twitter:description\" content=\"Thaon-les-Vosges franchit une nouvelle \u00e9tape dans son d\u00e9veloppement avec la signature officielle, ce vendredi, de son entr\u00e9e dans le dispositif [&hellip;]\" \/>\n<meta name=\"twitter:image\" content=\"https:\/\/vosgesinfo.fr\/app\/uploads\/sites\/3\/2025\/07\/mairie-thaon-les-vosges.jpg\" \/>\n<meta name=\"twitter:creator\" content=\"@VosgesInfo88\" \/>\n<meta name=\"twitter:site\" content=\"@VosgesInfo88\" \/>\n<meta name=\"twitter:label1\" content=\"\u00c9crit par\" \/>\n\t<meta name=\"twitter:data1\" content=\"C.K.\" \/>\n\t<meta name=\"twitter:label2\" content=\"Dur\u00e9e de lecture estim\u00e9e\" \/>\n\t<meta name=\"twitter:data2\" content=\"2 minutes\" \/>\n<script type=\"application\/ld+json\" class=\"yoast-schema-graph\">{\"@context\":\"https:\/\/schema.org\",\"@graph\":[{\"@type\":\"Article\",\"@id\":\"https:\/\/vosgesinfo.fr\/epinalinfo\/2025\/07\/une-nouvelle-dynamique-territoriale-pour-thaon-les-vosges\/#article\",\"isPartOf\":{\"@id\":\"https:\/\/vosgesinfo.fr\/epinalinfo\/2025\/07\/une-nouvelle-dynamique-territoriale-pour-thaon-les-vosges\/\"},\"author\":{\"name\":\"C.K.\",\"@id\":\"https:\/\/vosgesinfo.fr\/epinalinfo\/#\/schema\/person\/6f9a650eeea99d969b6c4ab78fccbe81\"},\"headline\":\"Une nouvelle dynamique territoriale pour Thaon-les-Vosges\",\"datePublished\":\"2025-07-12T15:50:10+00:00\",\"dateModified\":\"2025-07-12T15:47:53+00:00\",\"mainEntityOfPage\":{\"@id\":\"https:\/\/vosgesinfo.fr\/epinalinfo\/2025\/07\/une-nouvelle-dynamique-territoriale-pour-thaon-les-vosges\/\"},\"wordCount\":475,\"commentCount\":1,\"publisher\":{\"@id\":\"https:\/\/vosgesinfo.fr\/epinalinfo\/#organization\"},\"image\":{\"@id\":\"https:\/\/vosgesinfo.fr\/epinalinfo\/2025\/07\/une-nouvelle-dynamique-territoriale-pour-thaon-les-vosges\/#primaryimage\"},\"thumbnailUrl\":\"https:\/\/vosgesinfo.fr\/app\/uploads\/sites\/3\/2025\/07\/mairie-thaon-les-vosges.jpg\",\"keywords\":[\"Op\u00e9ration de Revitalisation de Territoire (ORT)\",\"Thaon-l\u00e8s-Vosges\"],\"articleSection\":[\"A la Une\",\"Epinal\",\"Thaon-les-Vosges\"],\"inLanguage\":\"fr-FR\",\"potentialAction\":[{\"@type\":\"CommentAction\",\"name\":\"Comment\",\"target\":[\"https:\/\/vosgesinfo.fr\/epinalinfo\/2025\/07\/une-nouvelle-dynamique-territoriale-pour-thaon-les-vosges\/#respond\"]}]},{\"@type\":\"WebPage\",\"@id\":\"https:\/\/vosgesinfo.fr\/epinalinfo\/2025\/07\/une-nouvelle-dynamique-territoriale-pour-thaon-les-vosges\/\",\"url\":\"https:\/\/vosgesinfo.fr\/epinalinfo\/2025\/07\/une-nouvelle-dynamique-territoriale-pour-thaon-les-vosges\/\",\"name\":\"Une nouvelle dynamique territoriale pour Thaon-les-Vosges - Epinal Info\",\"isPartOf\":{\"@id\":\"https:\/\/vosgesinfo.fr\/epinalinfo\/#website\"},\"primaryImageOfPage\":{\"@id\":\"https:\/\/vosgesinfo.fr\/epinalinfo\/2025\/07\/une-nouvelle-dynamique-territoriale-pour-thaon-les-vosges\/#primaryimage\"},\"image\":{\"@id\":\"https:\/\/vosgesinfo.fr\/epinalinfo\/2025\/07\/une-nouvelle-dynamique-territoriale-pour-thaon-les-vosges\/#primaryimage\"},\"thumbnailUrl\":\"https:\/\/vosgesinfo.fr\/app\/uploads\/sites\/3\/2025\/07\/mairie-thaon-les-vosges.jpg\",\"datePublished\":\"2025-07-12T15:50:10+00:00\",\"dateModified\":\"2025-07-12T15:47:53+00:00\",\"breadcrumb\":{\"@id\":\"https:\/\/vosgesinfo.fr\/epinalinfo\/2025\/07\/une-nouvelle-dynamique-territoriale-pour-thaon-les-vosges\/#breadcrumb\"},\"inLanguage\":\"fr-FR\",\"potentialAction\":[{\"@type\":\"ReadAction\",\"target\":[\"https:\/\/vosgesinfo.fr\/epinalinfo\/2025\/07\/une-nouvelle-dynamique-territoriale-pour-thaon-les-vosges\/\"]}]},{\"@type\":\"ImageObject\",\"inLanguage\":\"fr-FR\",\"@id\":\"https:\/\/vosgesinfo.fr\/epinalinfo\/2025\/07\/une-nouvelle-dynamique-territoriale-pour-thaon-les-vosges\/#primaryimage\",\"url\":\"https:\/\/vosgesinfo.fr\/app\/uploads\/sites\/3\/2025\/07\/mairie-thaon-les-vosges.jpg\",\"contentUrl\":\"https:\/\/vosgesinfo.fr\/app\/uploads\/sites\/3\/2025\/07\/mairie-thaon-les-vosges.jpg\",\"width\":1380,\"height\":857},{\"@type\":\"BreadcrumbList\",\"@id\":\"https:\/\/vosgesinfo.fr\/epinalinfo\/2025\/07\/une-nouvelle-dynamique-territoriale-pour-thaon-les-vosges\/#breadcrumb\",\"itemListElement\":[{\"@type\":\"ListItem\",\"position\":1,\"name\":\"Home\",\"item\":\"https:\/\/vosgesinfo.fr\/epinalinfo\/\"},{\"@type\":\"ListItem\",\"position\":2,\"name\":\"Une nouvelle dynamique territoriale pour Thaon-les-Vosges\"}]},{\"@type\":\"WebSite\",\"@id\":\"https:\/\/vosgesinfo.fr\/epinalinfo\/#website\",\"url\":\"https:\/\/vosgesinfo.fr\/epinalinfo\/\",\"name\":\"Epinal Info\",\"description\":\"Toute l&#039;actualit\u00e9 d&#039;\u00c9pinal\",\"publisher\":{\"@id\":\"https:\/\/vosgesinfo.fr\/epinalinfo\/#organization\"},\"alternateName\":\"Toute l'actualit\u00e9 d'\u00c9pinal\",\"potentialAction\":[{\"@type\":\"SearchAction\",\"target\":{\"@type\":\"EntryPoint\",\"urlTemplate\":\"https:\/\/vosgesinfo.fr\/epinalinfo\/?s={search_term_string}\"},\"query-input\":\"required name=search_term_string\"}],\"inLanguage\":\"fr-FR\"},{\"@type\":\"Organization\",\"@id\":\"https:\/\/vosgesinfo.fr\/epinalinfo\/#organization\",\"name\":\"Epinal Info\",\"url\":\"https:\/\/vosgesinfo.fr\/epinalinfo\/\",\"logo\":{\"@type\":\"ImageObject\",\"inLanguage\":\"fr-FR\",\"@id\":\"https:\/\/vosgesinfo.fr\/epinalinfo\/#\/schema\/logo\/image\/\",\"url\":\"https:\/\/vosgesinfo.fr\/app\/uploads\/sites\/3\/2023\/08\/logo-epinalinfos.svg\",\"contentUrl\":\"https:\/\/vosgesinfo.fr\/app\/uploads\/sites\/3\/2023\/08\/logo-epinalinfos.svg\",\"width\":1,\"height\":1,\"caption\":\"Epinal Info\"},\"image\":{\"@id\":\"https:\/\/vosgesinfo.fr\/epinalinfo\/#\/schema\/logo\/image\/\"},\"sameAs\":[\"https:\/\/www.facebook.com\/Epinalinfos\",\"https:\/\/x.com\/VosgesInfo88\",\"https:\/\/www.youtube.com\/@vosgesinfo\"]},{\"@type\":\"Person\",\"@id\":\"https:\/\/vosgesinfo.fr\/epinalinfo\/#\/schema\/person\/6f9a650eeea99d969b6c4ab78fccbe81\",\"name\":\"C.K.\",\"image\":{\"@type\":\"ImageObject\",\"inLanguage\":\"fr-FR\",\"@id\":\"https:\/\/vosgesinfo.fr\/epinalinfo\/#\/schema\/person\/image\/\",\"url\":\"https:\/\/secure.gravatar.com\/avatar\/48e3fc7f8421ba8942be6b74a2b7f014ca39bc00dece156b7a8e098ae7dc87bf?s=96&d=mm&r=g\",\"contentUrl\":\"https:\/\/secure.gravatar.com\/avatar\/48e3fc7f8421ba8942be6b74a2b7f014ca39bc00dece156b7a8e098ae7dc87bf?s=96&d=mm&r=g\",\"caption\":\"C.K.\"},\"url\":\"https:\/\/vosgesinfo.fr\/epinalinfo\/author\/celia-k-n\/\"}]}<\/script>\n<!-- \/ Yoast SEO plugin. -->","yoast_head_json":{"title":"Une nouvelle dynamique territoriale pour Thaon-les-Vosges - Epinal Info","robots":{"index":"index","follow":"follow","max-snippet":"max-snippet:-1","max-image-preview":"max-image-preview:large","max-video-preview":"max-video-preview:-1"},"canonical":"https:\/\/vosgesinfo.fr\/epinalinfo\/2025\/07\/une-nouvelle-dynamique-territoriale-pour-thaon-les-vosges\/","twitter_card":"summary_large_image","twitter_title":"Une nouvelle dynamique territoriale pour Thaon-les-Vosges - Epinal Info","twitter_description":"Thaon-les-Vosges franchit une nouvelle \u00e9tape dans son d\u00e9veloppement avec la signature officielle, ce vendredi, de son entr\u00e9e dans le dispositif [&hellip;]","twitter_image":"https:\/\/vosgesinfo.fr\/app\/uploads\/sites\/3\/2025\/07\/mairie-thaon-les-vosges.jpg","twitter_creator":"@VosgesInfo88","twitter_site":"@VosgesInfo88","twitter_misc":{"\u00c9crit par":"C.K.","Dur\u00e9e de lecture estim\u00e9e":"2 minutes"},"schema":{"@context":"https:\/\/schema.org","@graph":[{"@type":"Article","@id":"https:\/\/vosgesinfo.fr\/epinalinfo\/2025\/07\/une-nouvelle-dynamique-territoriale-pour-thaon-les-vosges\/#article","isPartOf":{"@id":"https:\/\/vosgesinfo.fr\/epinalinfo\/2025\/07\/une-nouvelle-dynamique-territoriale-pour-thaon-les-vosges\/"},"author":{"name":"C.K.","@id":"https:\/\/vosgesinfo.fr\/epinalinfo\/#\/schema\/person\/6f9a650eeea99d969b6c4ab78fccbe81"},"headline":"Une nouvelle dynamique territoriale pour Thaon-les-Vosges","datePublished":"2025-07-12T15:50:10+00:00","dateModified":"2025-07-12T15:47:53+00:00","mainEntityOfPage":{"@id":"https:\/\/vosgesinfo.fr\/epinalinfo\/2025\/07\/une-nouvelle-dynamique-territoriale-pour-thaon-les-vosges\/"},"wordCount":475,"commentCount":1,"publisher":{"@id":"https:\/\/vosgesinfo.fr\/epinalinfo\/#organization"},"image":{"@id":"https:\/\/vosgesinfo.fr\/epinalinfo\/2025\/07\/une-nouvelle-dynamique-territoriale-pour-thaon-les-vosges\/#primaryimage"},"thumbnailUrl":"https:\/\/vosgesinfo.fr\/app\/uploads\/sites\/3\/2025\/07\/mairie-thaon-les-vosges.jpg","keywords":["Op\u00e9ration de Revitalisation de Territoire (ORT)","Thaon-l\u00e8s-Vosges"],"articleSection":["A la Une","Epinal","Thaon-les-Vosges"],"inLanguage":"fr-FR","potentialAction":[{"@type":"CommentAction","name":"Comment","target":["https:\/\/vosgesinfo.fr\/epinalinfo\/2025\/07\/une-nouvelle-dynamique-territoriale-pour-thaon-les-vosges\/#respond"]}]},{"@type":"WebPage","@id":"https:\/\/vosgesinfo.fr\/epinalinfo\/2025\/07\/une-nouvelle-dynamique-territoriale-pour-thaon-les-vosges\/","url":"https:\/\/vosgesinfo.fr\/epinalinfo\/2025\/07\/une-nouvelle-dynamique-territoriale-pour-thaon-les-vosges\/","name":"Une nouvelle dynamique territoriale pour Thaon-les-Vosges - Epinal Info","isPartOf":{"@id":"https:\/\/vosgesinfo.fr\/epinalinfo\/#website"},"primaryImageOfPage":{"@id":"https:\/\/vosgesinfo.fr\/epinalinfo\/2025\/07\/une-nouvelle-dynamique-territoriale-pour-thaon-les-vosges\/#primaryimage"},"image":{"@id":"https:\/\/vosgesinfo.fr\/epinalinfo\/2025\/07\/une-nouvelle-dynamique-territoriale-pour-thaon-les-vosges\/#primaryimage"},"thumbnailUrl":"https:\/\/vosgesinfo.fr\/app\/uploads\/sites\/3\/2025\/07\/mairie-thaon-les-vosges.jpg","datePublished":"2025-07-12T15:50:10+00:00","dateModified":"2025-07-12T15:47:53+00:00","breadcrumb":{"@id":"https:\/\/vosgesinfo.fr\/epinalinfo\/2025\/07\/une-nouvelle-dynamique-territoriale-pour-thaon-les-vosges\/#breadcrumb"},"inLanguage":"fr-FR","potentialAction":[{"@type":"ReadAction","target":["https:\/\/vosgesinfo.fr\/epinalinfo\/2025\/07\/une-nouvelle-dynamique-territoriale-pour-thaon-les-vosges\/"]}]},{"@type":"ImageObject","inLanguage":"fr-FR","@id":"https:\/\/vosgesinfo.fr\/epinalinfo\/2025\/07\/une-nouvelle-dynamique-territoriale-pour-thaon-les-vosges\/#primaryimage","url":"https:\/\/vosgesinfo.fr\/app\/uploads\/sites\/3\/2025\/07\/mairie-thaon-les-vosges.jpg","contentUrl":"https:\/\/vosgesinfo.fr\/app\/uploads\/sites\/3\/2025\/07\/mairie-thaon-les-vosges.jpg","width":1380,"height":857},{"@type":"BreadcrumbList","@id":"https:\/\/vosgesinfo.fr\/epinalinfo\/2025\/07\/une-nouvelle-dynamique-territoriale-pour-thaon-les-vosges\/#breadcrumb","itemListElement":[{"@type":"ListItem","position":1,"name":"Home","item":"https:\/\/vosgesinfo.fr\/epinalinfo\/"},{"@type":"ListItem","position":2,"name":"Une nouvelle dynamique territoriale pour Thaon-les-Vosges"}]},{"@type":"WebSite","@id":"https:\/\/vosgesinfo.fr\/epinalinfo\/#website","url":"https:\/\/vosgesinfo.fr\/epinalinfo\/","name":"Epinal Info","description":"Toute l&#039;actualit\u00e9 d&#039;\u00c9pinal","publisher":{"@id":"https:\/\/vosgesinfo.fr\/epinalinfo\/#organization"},"alternateName":"Toute l'actualit\u00e9 d'\u00c9pinal","potentialAction":[{"@type":"SearchAction","target":{"@type":"EntryPoint","urlTemplate":"https:\/\/vosgesinfo.fr\/epinalinfo\/?s={search_term_string}"},"query-input":"required name=search_term_string"}],"inLanguage":"fr-FR"},{"@type":"Organization","@id":"https:\/\/vosgesinfo.fr\/epinalinfo\/#organization","name":"Epinal Info","url":"https:\/\/vosgesinfo.fr\/epinalinfo\/","logo":{"@type":"ImageObject","inLanguage":"fr-FR","@id":"https:\/\/vosgesinfo.fr\/epinalinfo\/#\/schema\/logo\/image\/","url":"https:\/\/vosgesinfo.fr\/app\/uploads\/sites\/3\/2023\/08\/logo-epinalinfos.svg","contentUrl":"https:\/\/vosgesinfo.fr\/app\/uploads\/sites\/3\/2023\/08\/logo-epinalinfos.svg","width":1,"height":1,"caption":"Epinal Info"},"image":{"@id":"https:\/\/vosgesinfo.fr\/epinalinfo\/#\/schema\/logo\/image\/"},"sameAs":["https:\/\/www.facebook.com\/Epinalinfos","https:\/\/x.com\/VosgesInfo88","https:\/\/www.youtube.com\/@vosgesinfo"]},{"@type":"Person","@id":"https:\/\/vosgesinfo.fr\/epinalinfo\/#\/schema\/person\/6f9a650eeea99d969b6c4ab78fccbe81","name":"C.K.","image":{"@type":"ImageObject","inLanguage":"fr-FR","@id":"https:\/\/vosgesinfo.fr\/epinalinfo\/#\/schema\/person\/image\/","url":"https:\/\/secure.gravatar.com\/avatar\/48e3fc7f8421ba8942be6b74a2b7f014ca39bc00dece156b7a8e098ae7dc87bf?s=96&d=mm&r=g","contentUrl":"https:\/\/secure.gravatar.com\/avatar\/48e3fc7f8421ba8942be6b74a2b7f014ca39bc00dece156b7a8e098ae7dc87bf?s=96&d=mm&r=g","caption":"C.K."},"url":"https:\/\/vosgesinfo.fr\/epinalinfo\/author\/celia-k-n\/"}]}},"_links":{"self":[{"href":"https:\/\/vosgesinfo.fr\/epinalinfo\/wp-json\/wp\/v2\/posts\/133785","targetHints":{"allow":["GET"]}}],"collection":[{"href":"https:\/\/vosgesinfo.fr\/epinalinfo\/wp-json\/wp\/v2\/posts"}],"about":[{"href":"https:\/\/vosgesinfo.fr\/epinalinfo\/wp-json\/wp\/v2\/types\/post"}],"author":[{"embeddable":true,"href":"https:\/\/vosgesinfo.fr\/epinalinfo\/wp-json\/wp\/v2\/users\/52"}],"replies":[{"embeddable":true,"href":"https:\/\/vosgesinfo.fr\/epinalinfo\/wp-json\/wp\/v2\/comments?post=133785"}],"version-history":[{"count":1,"href":"https:\/\/vosgesinfo.fr\/epinalinfo\/wp-json\/wp\/v2\/posts\/133785\/revisions"}],"predecessor-version":[{"id":133787,"href":"https:\/\/vosgesinfo.fr\/epinalinfo\/wp-json\/wp\/v2\/posts\/133785\/revisions\/133787"}],"wp:featuredmedia":[{"embeddable":true,"href":"https:\/\/vosgesinfo.fr\/epinalinfo\/wp-json\/wp\/v2\/media\/133786"}],"wp:attachment":[{"href":"https:\/\/vosgesinfo.fr\/epinalinfo\/wp-json\/wp\/v2\/media?parent=133785"}],"wp:term":[{"taxonomy":"category","embeddable":true,"href":"https:\/\/vosgesinfo.fr\/epinalinfo\/wp-json\/wp\/v2\/categories?post=133785"},{"taxonomy":"post_tag","embeddable":true,"href":"https:\/\/vosgesinfo.fr\/epinalinfo\/wp-json\/wp\/v2\/tags?post=133785"}],"curies":[{"name":"wp","href":"https:\/\/api.w.org\/{rel}","templated":true}]}}