{"id":133788,"date":"2025-07-12T18:00:51","date_gmt":"2025-07-12T16:00:51","guid":{"rendered":"https:\/\/vosgesinfo.fr\/epinalinfo\/?p=133788"},"modified":"2025-07-12T17:52:31","modified_gmt":"2025-07-12T15:52:31","slug":"signature-du-programme-dinteret-general-pacte-territorial-france-renov-des-vosges-centrales","status":"publish","type":"post","link":"https:\/\/vosgesinfo.fr\/epinalinfo\/2025\/07\/signature-du-programme-dinteret-general-pacte-territorial-france-renov-des-vosges-centrales\/","title":{"rendered":"Signature du Programme d\u2019Int\u00e9r\u00eat G\u00e9n\u00e9ral \u00ab Pacte Territorial France R\u00e9nov\u2019 \u00bb des Vosges Centrales"},"content":{"rendered":"<div id=\"attachment_133789\" style=\"width: 2058px\" class=\"wp-caption aligncenter\"><a href=\"https:\/\/vosgesinfo.fr\/app\/uploads\/sites\/3\/2025\/07\/518010350-1046569317646913-7320262027431423982-n.jpg\"><img decoding=\"async\" aria-describedby=\"caption-attachment-133789\" class=\"size-full wp-image-133789\" src=\"https:\/\/vosgesinfo.fr\/app\/uploads\/sites\/3\/2025\/07\/518010350-1046569317646913-7320262027431423982-n.jpg\" alt=\"\" width=\"2048\" height=\"1363\" srcset=\"https:\/\/vosgesinfo.fr\/app\/uploads\/sites\/3\/2025\/07\/518010350-1046569317646913-7320262027431423982-n.jpg 2048w, https:\/\/vosgesinfo.fr\/app\/uploads\/sites\/3\/2025\/07\/518010350-1046569317646913-7320262027431423982-n-300x200.jpg 300w, https:\/\/vosgesinfo.fr\/app\/uploads\/sites\/3\/2025\/07\/518010350-1046569317646913-7320262027431423982-n-1024x682.jpg 1024w, https:\/\/vosgesinfo.fr\/app\/uploads\/sites\/3\/2025\/07\/518010350-1046569317646913-7320262027431423982-n-768x511.jpg 768w, https:\/\/vosgesinfo.fr\/app\/uploads\/sites\/3\/2025\/07\/518010350-1046569317646913-7320262027431423982-n-1536x1022.jpg 1536w\" sizes=\"(max-width: 2048px) 100vw, 2048px\" \/><\/a><p id=\"caption-attachment-133789\" class=\"wp-caption-text\">photo CAE<\/p><\/div>\n<h2 data-start=\"352\" data-end=\"735\">La Communaut\u00e9 de Communes de Mirecourt-Dompaire, la Communaut\u00e9 de Communes de la R\u00e9gion de Rambervillers et la Communaut\u00e9 d\u2019Agglom\u00e9ration d\u2019\u00c9pinal s\u2019unissent autour d\u2019un objectif commun : accompagner les habitants des Vosges centrales dans la r\u00e9novation de leur logement, gr\u00e2ce \u00e0 la signature officielle du Programme d\u2019Int\u00e9r\u00eat G\u00e9n\u00e9ral (PIG) \u2013 Pacte Territorial France R\u00e9nov\u2019.<\/h2>\n<p data-start=\"737\" data-end=\"977\">Cette coop\u00e9ration in\u00e9dite traduit une volont\u00e9 partag\u00e9e d\u2019agir concr\u00e8tement pour un habitat plus confortable, plus \u00e9conomique et plus durable, tout en renfor\u00e7ant l\u2019acc\u00e8s \u00e0 l\u2019information, \u00e0 l\u2019accompagnement technique et aux aides financi\u00e8res.<\/p>\n<h3 data-start=\"984\" data-end=\"1046\"><strong data-start=\"988\" data-end=\"1046\">Un r\u00e9seau de proximit\u00e9 pour un accompagnement renforc\u00e9<\/strong><\/h3>\n<p data-start=\"1048\" data-end=\"1414\">Afin d\u2019assurer un acc\u00e8s facilit\u00e9 au conseil en r\u00e9novation, sept permanences mensuelles sont mises en place sur les trois intercommunalit\u00e9s. Anim\u00e9es par des conseillers sp\u00e9cialis\u00e9s du r\u00e9seau France R\u00e9nov\u2019, ces permanences sont ouvertes \u00e0 tous les particuliers souhaitant engager des travaux de r\u00e9novation \u00e9nerg\u00e9tique ou de r\u00e9habilitation de leur logement.<\/p>\n<p data-start=\"1416\" data-end=\"1453\"><strong data-start=\"1419\" data-end=\"1451\">Calendrier des permanences :<\/strong><\/p>\n<ul data-start=\"1454\" data-end=\"2001\">\n<li data-start=\"1454\" data-end=\"1525\">\n<p data-start=\"1456\" data-end=\"1525\"><strong data-start=\"1456\" data-end=\"1467\">Charmes<\/strong> \u2013 1 place Henri Breton : <em data-start=\"1493\" data-end=\"1523\">1er vendredi du mois (matin)<\/em><\/p>\n<\/li>\n<li data-start=\"1526\" data-end=\"1594\">\n<p data-start=\"1528\" data-end=\"1594\"><strong data-start=\"1528\" data-end=\"1540\">Dompaire<\/strong> \u2013 3 rue Charles Gerome : <em data-start=\"1566\" data-end=\"1592\">3e lundi du mois (matin)<\/em><\/p>\n<\/li>\n<li data-start=\"1595\" data-end=\"1677\">\n<p data-start=\"1597\" data-end=\"1677\"><strong data-start=\"1597\" data-end=\"1618\">La V\u00f4ge-les-Bains<\/strong> \u2013 5 rue du G\u00e9n\u00e9ral Leclerc : <em data-start=\"1648\" data-end=\"1675\">1er jeudi du mois (matin)<\/em><\/p>\n<\/li>\n<li data-start=\"1678\" data-end=\"1753\">\n<p data-start=\"1680\" data-end=\"1753\"><strong data-start=\"1680\" data-end=\"1693\">Mirecourt<\/strong> \u2013 9 bis rue des Pampres : <em data-start=\"1720\" data-end=\"1751\">3e lundi du mois (apr\u00e8s-midi)<\/em><\/p>\n<\/li>\n<li data-start=\"1754\" data-end=\"1834\">\n<p data-start=\"1756\" data-end=\"1834\"><strong data-start=\"1756\" data-end=\"1773\">Rambervillers<\/strong> \u2013 1 place de la Gare : <em data-start=\"1797\" data-end=\"1832\">permanences \u00e0 partir de septembre<\/em><\/p>\n<\/li>\n<li data-start=\"1835\" data-end=\"1917\">\n<p data-start=\"1837\" data-end=\"1917\"><strong data-start=\"1837\" data-end=\"1857\">Thaon-les-Vosges<\/strong> \u2013 1 rue de Lorraine : <em data-start=\"1880\" data-end=\"1915\">1er vendredi du mois (apr\u00e8s-midi)<\/em><\/p>\n<\/li>\n<li data-start=\"1918\" data-end=\"2001\">\n<p data-start=\"1920\" data-end=\"2001\"><strong data-start=\"1920\" data-end=\"1932\">Xertigny<\/strong> \u2013 32 rue de la Vall\u00e9e de l\u2019A\u00eetre : <em data-start=\"1968\" data-end=\"1999\">dernier jeudi du mois (matin)<\/em><\/p>\n<\/li>\n<\/ul>\n<h3 data-start=\"2008\" data-end=\"2067\"><strong data-start=\"2012\" data-end=\"2067\">28 millions d\u2019euros mobilis\u00e9s pour les particuliers<\/strong><\/h3>\n<p data-start=\"2069\" data-end=\"2206\">Ce programme d\u2019envergure s\u2019accompagne d\u2019un <strong data-start=\"2112\" data-end=\"2146\">soutien financier exceptionnel<\/strong> permettant d\u2019amplifier l\u2019impact des projets de r\u00e9novation :<\/p>\n<p data-start=\"2208\" data-end=\"2296\"><strong data-start=\"2211\" data-end=\"2286\">Montant total des aides directes aux particuliers : 28 millions d\u2019euros<\/strong>, dont :<\/p>\n<ul data-start=\"2297\" data-end=\"2579\">\n<li data-start=\"2297\" data-end=\"2381\">\n<p data-start=\"2299\" data-end=\"2381\"><strong data-start=\"2299\" data-end=\"2322\">26 millions d\u2019euros<\/strong> mobilis\u00e9s par l\u2019<strong data-start=\"2339\" data-end=\"2379\">Agence Nationale de l\u2019Habitat (ANAH)<\/strong><\/p>\n<\/li>\n<li data-start=\"2382\" data-end=\"2461\">\n<p data-start=\"2384\" data-end=\"2461\"><strong data-start=\"2384\" data-end=\"2406\">2 millions d\u2019euros<\/strong> apport\u00e9s par les trois intercommunalit\u00e9s partenaires<\/p>\n<\/li>\n<li data-start=\"2462\" data-end=\"2579\">\n<p data-start=\"2464\" data-end=\"2579\"><strong data-start=\"2464\" data-end=\"2481\">130 000 euros<\/strong> mobilis\u00e9s par les communes inscrites dans une <strong data-start=\"2528\" data-end=\"2579\">Op\u00e9ration de Revitalisation de Territoire (ORT)<\/strong><\/p>\n<\/li>\n<\/ul>\n<p data-start=\"3022\" data-end=\"3368\">\n","protected":false},"excerpt":{"rendered":"<p>La Communaut\u00e9 de Communes de Mirecourt-Dompaire, la Communaut\u00e9 de Communes de la R\u00e9gion de Rambervillers et la Communaut\u00e9 d\u2019Agglom\u00e9ration d\u2019\u00c9pinal [&hellip;]<\/p>\n","protected":false},"author":52,"featured_media":133789,"comment_status":"open","ping_status":"open","sticky":false,"template":"","format":"standard","meta":{"footnotes":""},"categories":[22,24,162,10,5],"tags":[],"class_list":["post-133788","post","type-post","status-publish","format-standard","has-post-thumbnail","hentry","category-a-la-une","category-epinal","category-social","category-societe","category-vosges"],"acf":[],"yoast_head":"<!-- This site is optimized with the Yoast SEO plugin v22.5 - https:\/\/yoast.com\/wordpress\/plugins\/seo\/ -->\n<title>Signature du Programme d\u2019Int\u00e9r\u00eat G\u00e9n\u00e9ral \u00ab Pacte Territorial France R\u00e9nov\u2019 \u00bb des Vosges Centrales - Epinal Info<\/title>\n<meta name=\"robots\" content=\"index, follow, max-snippet:-1, max-image-preview:large, max-video-preview:-1\" \/>\n<link rel=\"canonical\" href=\"https:\/\/vosgesinfo.fr\/epinalinfo\/2025\/07\/signature-du-programme-dinteret-general-pacte-territorial-france-renov-des-vosges-centrales\/\" \/>\n<meta name=\"twitter:card\" content=\"summary_large_image\" \/>\n<meta name=\"twitter:title\" content=\"Signature du Programme d\u2019Int\u00e9r\u00eat G\u00e9n\u00e9ral \u00ab Pacte Territorial France R\u00e9nov\u2019 \u00bb des Vosges Centrales - Epinal Info\" \/>\n<meta name=\"twitter:description\" content=\"La Communaut\u00e9 de Communes de Mirecourt-Dompaire, la Communaut\u00e9 de Communes de la R\u00e9gion de Rambervillers et la Communaut\u00e9 d\u2019Agglom\u00e9ration d\u2019\u00c9pinal [&hellip;]\" \/>\n<meta name=\"twitter:image\" content=\"https:\/\/vosgesinfo.fr\/app\/uploads\/sites\/3\/2025\/07\/518010350-1046569317646913-7320262027431423982-n.jpg\" \/>\n<meta name=\"twitter:creator\" content=\"@VosgesInfo88\" \/>\n<meta name=\"twitter:site\" content=\"@VosgesInfo88\" \/>\n<meta name=\"twitter:label1\" content=\"\u00c9crit par\" \/>\n\t<meta name=\"twitter:data1\" content=\"C.K.\" \/>\n\t<meta name=\"twitter:label2\" content=\"Dur\u00e9e de lecture estim\u00e9e\" \/>\n\t<meta name=\"twitter:data2\" content=\"2 minutes\" \/>\n<script type=\"application\/ld+json\" class=\"yoast-schema-graph\">{\"@context\":\"https:\/\/schema.org\",\"@graph\":[{\"@type\":\"Article\",\"@id\":\"https:\/\/vosgesinfo.fr\/epinalinfo\/2025\/07\/signature-du-programme-dinteret-general-pacte-territorial-france-renov-des-vosges-centrales\/#article\",\"isPartOf\":{\"@id\":\"https:\/\/vosgesinfo.fr\/epinalinfo\/2025\/07\/signature-du-programme-dinteret-general-pacte-territorial-france-renov-des-vosges-centrales\/\"},\"author\":{\"name\":\"C.K.\",\"@id\":\"https:\/\/vosgesinfo.fr\/epinalinfo\/#\/schema\/person\/6f9a650eeea99d969b6c4ab78fccbe81\"},\"headline\":\"Signature du Programme d\u2019Int\u00e9r\u00eat G\u00e9n\u00e9ral \u00ab Pacte Territorial France R\u00e9nov\u2019 \u00bb des Vosges Centrales\",\"datePublished\":\"2025-07-12T16:00:51+00:00\",\"dateModified\":\"2025-07-12T15:52:31+00:00\",\"mainEntityOfPage\":{\"@id\":\"https:\/\/vosgesinfo.fr\/epinalinfo\/2025\/07\/signature-du-programme-dinteret-general-pacte-territorial-france-renov-des-vosges-centrales\/\"},\"wordCount\":362,\"commentCount\":0,\"publisher\":{\"@id\":\"https:\/\/vosgesinfo.fr\/epinalinfo\/#organization\"},\"image\":{\"@id\":\"https:\/\/vosgesinfo.fr\/epinalinfo\/2025\/07\/signature-du-programme-dinteret-general-pacte-territorial-france-renov-des-vosges-centrales\/#primaryimage\"},\"thumbnailUrl\":\"https:\/\/vosgesinfo.fr\/app\/uploads\/sites\/3\/2025\/07\/518010350-1046569317646913-7320262027431423982-n.jpg\",\"articleSection\":[\"A la Une\",\"Epinal\",\"Social\",\"Soci\u00e9t\u00e9\",\"Vosges\"],\"inLanguage\":\"fr-FR\",\"potentialAction\":[{\"@type\":\"CommentAction\",\"name\":\"Comment\",\"target\":[\"https:\/\/vosgesinfo.fr\/epinalinfo\/2025\/07\/signature-du-programme-dinteret-general-pacte-territorial-france-renov-des-vosges-centrales\/#respond\"]}]},{\"@type\":\"WebPage\",\"@id\":\"https:\/\/vosgesinfo.fr\/epinalinfo\/2025\/07\/signature-du-programme-dinteret-general-pacte-territorial-france-renov-des-vosges-centrales\/\",\"url\":\"https:\/\/vosgesinfo.fr\/epinalinfo\/2025\/07\/signature-du-programme-dinteret-general-pacte-territorial-france-renov-des-vosges-centrales\/\",\"name\":\"Signature du Programme d\u2019Int\u00e9r\u00eat G\u00e9n\u00e9ral \u00ab Pacte Territorial France R\u00e9nov\u2019 \u00bb des Vosges Centrales - Epinal Info\",\"isPartOf\":{\"@id\":\"https:\/\/vosgesinfo.fr\/epinalinfo\/#website\"},\"primaryImageOfPage\":{\"@id\":\"https:\/\/vosgesinfo.fr\/epinalinfo\/2025\/07\/signature-du-programme-dinteret-general-pacte-territorial-france-renov-des-vosges-centrales\/#primaryimage\"},\"image\":{\"@id\":\"https:\/\/vosgesinfo.fr\/epinalinfo\/2025\/07\/signature-du-programme-dinteret-general-pacte-territorial-france-renov-des-vosges-centrales\/#primaryimage\"},\"thumbnailUrl\":\"https:\/\/vosgesinfo.fr\/app\/uploads\/sites\/3\/2025\/07\/518010350-1046569317646913-7320262027431423982-n.jpg\",\"datePublished\":\"2025-07-12T16:00:51+00:00\",\"dateModified\":\"2025-07-12T15:52:31+00:00\",\"breadcrumb\":{\"@id\":\"https:\/\/vosgesinfo.fr\/epinalinfo\/2025\/07\/signature-du-programme-dinteret-general-pacte-territorial-france-renov-des-vosges-centrales\/#breadcrumb\"},\"inLanguage\":\"fr-FR\",\"potentialAction\":[{\"@type\":\"ReadAction\",\"target\":[\"https:\/\/vosgesinfo.fr\/epinalinfo\/2025\/07\/signature-du-programme-dinteret-general-pacte-territorial-france-renov-des-vosges-centrales\/\"]}]},{\"@type\":\"ImageObject\",\"inLanguage\":\"fr-FR\",\"@id\":\"https:\/\/vosgesinfo.fr\/epinalinfo\/2025\/07\/signature-du-programme-dinteret-general-pacte-territorial-france-renov-des-vosges-centrales\/#primaryimage\",\"url\":\"https:\/\/vosgesinfo.fr\/app\/uploads\/sites\/3\/2025\/07\/518010350-1046569317646913-7320262027431423982-n.jpg\",\"contentUrl\":\"https:\/\/vosgesinfo.fr\/app\/uploads\/sites\/3\/2025\/07\/518010350-1046569317646913-7320262027431423982-n.jpg\",\"width\":2048,\"height\":1363,\"caption\":\"photo CAE\"},{\"@type\":\"BreadcrumbList\",\"@id\":\"https:\/\/vosgesinfo.fr\/epinalinfo\/2025\/07\/signature-du-programme-dinteret-general-pacte-territorial-france-renov-des-vosges-centrales\/#breadcrumb\",\"itemListElement\":[{\"@type\":\"ListItem\",\"position\":1,\"name\":\"Home\",\"item\":\"https:\/\/vosgesinfo.fr\/epinalinfo\/\"},{\"@type\":\"ListItem\",\"position\":2,\"name\":\"Signature du Programme d\u2019Int\u00e9r\u00eat G\u00e9n\u00e9ral \u00ab Pacte Territorial France R\u00e9nov\u2019 \u00bb des Vosges Centrales\"}]},{\"@type\":\"WebSite\",\"@id\":\"https:\/\/vosgesinfo.fr\/epinalinfo\/#website\",\"url\":\"https:\/\/vosgesinfo.fr\/epinalinfo\/\",\"name\":\"Epinal Info\",\"description\":\"Toute l&#039;actualit\u00e9 d&#039;\u00c9pinal\",\"publisher\":{\"@id\":\"https:\/\/vosgesinfo.fr\/epinalinfo\/#organization\"},\"alternateName\":\"Toute l'actualit\u00e9 d'\u00c9pinal\",\"potentialAction\":[{\"@type\":\"SearchAction\",\"target\":{\"@type\":\"EntryPoint\",\"urlTemplate\":\"https:\/\/vosgesinfo.fr\/epinalinfo\/?s={search_term_string}\"},\"query-input\":\"required name=search_term_string\"}],\"inLanguage\":\"fr-FR\"},{\"@type\":\"Organization\",\"@id\":\"https:\/\/vosgesinfo.fr\/epinalinfo\/#organization\",\"name\":\"Epinal Info\",\"url\":\"https:\/\/vosgesinfo.fr\/epinalinfo\/\",\"logo\":{\"@type\":\"ImageObject\",\"inLanguage\":\"fr-FR\",\"@id\":\"https:\/\/vosgesinfo.fr\/epinalinfo\/#\/schema\/logo\/image\/\",\"url\":\"https:\/\/vosgesinfo.fr\/app\/uploads\/sites\/3\/2023\/08\/logo-epinalinfos.svg\",\"contentUrl\":\"https:\/\/vosgesinfo.fr\/app\/uploads\/sites\/3\/2023\/08\/logo-epinalinfos.svg\",\"width\":1,\"height\":1,\"caption\":\"Epinal Info\"},\"image\":{\"@id\":\"https:\/\/vosgesinfo.fr\/epinalinfo\/#\/schema\/logo\/image\/\"},\"sameAs\":[\"https:\/\/www.facebook.com\/Epinalinfos\",\"https:\/\/x.com\/VosgesInfo88\",\"https:\/\/www.youtube.com\/@vosgesinfo\"]},{\"@type\":\"Person\",\"@id\":\"https:\/\/vosgesinfo.fr\/epinalinfo\/#\/schema\/person\/6f9a650eeea99d969b6c4ab78fccbe81\",\"name\":\"C.K.\",\"image\":{\"@type\":\"ImageObject\",\"inLanguage\":\"fr-FR\",\"@id\":\"https:\/\/vosgesinfo.fr\/epinalinfo\/#\/schema\/person\/image\/\",\"url\":\"https:\/\/secure.gravatar.com\/avatar\/48e3fc7f8421ba8942be6b74a2b7f014ca39bc00dece156b7a8e098ae7dc87bf?s=96&d=mm&r=g\",\"contentUrl\":\"https:\/\/secure.gravatar.com\/avatar\/48e3fc7f8421ba8942be6b74a2b7f014ca39bc00dece156b7a8e098ae7dc87bf?s=96&d=mm&r=g\",\"caption\":\"C.K.\"},\"url\":\"https:\/\/vosgesinfo.fr\/epinalinfo\/author\/celia-k-n\/\"}]}<\/script>\n<!-- \/ Yoast SEO plugin. -->","yoast_head_json":{"title":"Signature du Programme d\u2019Int\u00e9r\u00eat G\u00e9n\u00e9ral \u00ab Pacte Territorial France R\u00e9nov\u2019 \u00bb des Vosges Centrales - Epinal Info","robots":{"index":"index","follow":"follow","max-snippet":"max-snippet:-1","max-image-preview":"max-image-preview:large","max-video-preview":"max-video-preview:-1"},"canonical":"https:\/\/vosgesinfo.fr\/epinalinfo\/2025\/07\/signature-du-programme-dinteret-general-pacte-territorial-france-renov-des-vosges-centrales\/","twitter_card":"summary_large_image","twitter_title":"Signature du Programme d\u2019Int\u00e9r\u00eat G\u00e9n\u00e9ral \u00ab Pacte Territorial France R\u00e9nov\u2019 \u00bb des Vosges Centrales - Epinal Info","twitter_description":"La Communaut\u00e9 de Communes de Mirecourt-Dompaire, la Communaut\u00e9 de Communes de la R\u00e9gion de Rambervillers et la Communaut\u00e9 d\u2019Agglom\u00e9ration d\u2019\u00c9pinal [&hellip;]","twitter_image":"https:\/\/vosgesinfo.fr\/app\/uploads\/sites\/3\/2025\/07\/518010350-1046569317646913-7320262027431423982-n.jpg","twitter_creator":"@VosgesInfo88","twitter_site":"@VosgesInfo88","twitter_misc":{"\u00c9crit par":"C.K.","Dur\u00e9e de lecture estim\u00e9e":"2 minutes"},"schema":{"@context":"https:\/\/schema.org","@graph":[{"@type":"Article","@id":"https:\/\/vosgesinfo.fr\/epinalinfo\/2025\/07\/signature-du-programme-dinteret-general-pacte-territorial-france-renov-des-vosges-centrales\/#article","isPartOf":{"@id":"https:\/\/vosgesinfo.fr\/epinalinfo\/2025\/07\/signature-du-programme-dinteret-general-pacte-territorial-france-renov-des-vosges-centrales\/"},"author":{"name":"C.K.","@id":"https:\/\/vosgesinfo.fr\/epinalinfo\/#\/schema\/person\/6f9a650eeea99d969b6c4ab78fccbe81"},"headline":"Signature du Programme d\u2019Int\u00e9r\u00eat G\u00e9n\u00e9ral \u00ab Pacte Territorial France R\u00e9nov\u2019 \u00bb des Vosges Centrales","datePublished":"2025-07-12T16:00:51+00:00","dateModified":"2025-07-12T15:52:31+00:00","mainEntityOfPage":{"@id":"https:\/\/vosgesinfo.fr\/epinalinfo\/2025\/07\/signature-du-programme-dinteret-general-pacte-territorial-france-renov-des-vosges-centrales\/"},"wordCount":362,"commentCount":0,"publisher":{"@id":"https:\/\/vosgesinfo.fr\/epinalinfo\/#organization"},"image":{"@id":"https:\/\/vosgesinfo.fr\/epinalinfo\/2025\/07\/signature-du-programme-dinteret-general-pacte-territorial-france-renov-des-vosges-centrales\/#primaryimage"},"thumbnailUrl":"https:\/\/vosgesinfo.fr\/app\/uploads\/sites\/3\/2025\/07\/518010350-1046569317646913-7320262027431423982-n.jpg","articleSection":["A la Une","Epinal","Social","Soci\u00e9t\u00e9","Vosges"],"inLanguage":"fr-FR","potentialAction":[{"@type":"CommentAction","name":"Comment","target":["https:\/\/vosgesinfo.fr\/epinalinfo\/2025\/07\/signature-du-programme-dinteret-general-pacte-territorial-france-renov-des-vosges-centrales\/#respond"]}]},{"@type":"WebPage","@id":"https:\/\/vosgesinfo.fr\/epinalinfo\/2025\/07\/signature-du-programme-dinteret-general-pacte-territorial-france-renov-des-vosges-centrales\/","url":"https:\/\/vosgesinfo.fr\/epinalinfo\/2025\/07\/signature-du-programme-dinteret-general-pacte-territorial-france-renov-des-vosges-centrales\/","name":"Signature du Programme d\u2019Int\u00e9r\u00eat G\u00e9n\u00e9ral \u00ab Pacte Territorial France R\u00e9nov\u2019 \u00bb des Vosges Centrales - Epinal Info","isPartOf":{"@id":"https:\/\/vosgesinfo.fr\/epinalinfo\/#website"},"primaryImageOfPage":{"@id":"https:\/\/vosgesinfo.fr\/epinalinfo\/2025\/07\/signature-du-programme-dinteret-general-pacte-territorial-france-renov-des-vosges-centrales\/#primaryimage"},"image":{"@id":"https:\/\/vosgesinfo.fr\/epinalinfo\/2025\/07\/signature-du-programme-dinteret-general-pacte-territorial-france-renov-des-vosges-centrales\/#primaryimage"},"thumbnailUrl":"https:\/\/vosgesinfo.fr\/app\/uploads\/sites\/3\/2025\/07\/518010350-1046569317646913-7320262027431423982-n.jpg","datePublished":"2025-07-12T16:00:51+00:00","dateModified":"2025-07-12T15:52:31+00:00","breadcrumb":{"@id":"https:\/\/vosgesinfo.fr\/epinalinfo\/2025\/07\/signature-du-programme-dinteret-general-pacte-territorial-france-renov-des-vosges-centrales\/#breadcrumb"},"inLanguage":"fr-FR","potentialAction":[{"@type":"ReadAction","target":["https:\/\/vosgesinfo.fr\/epinalinfo\/2025\/07\/signature-du-programme-dinteret-general-pacte-territorial-france-renov-des-vosges-centrales\/"]}]},{"@type":"ImageObject","inLanguage":"fr-FR","@id":"https:\/\/vosgesinfo.fr\/epinalinfo\/2025\/07\/signature-du-programme-dinteret-general-pacte-territorial-france-renov-des-vosges-centrales\/#primaryimage","url":"https:\/\/vosgesinfo.fr\/app\/uploads\/sites\/3\/2025\/07\/518010350-1046569317646913-7320262027431423982-n.jpg","contentUrl":"https:\/\/vosgesinfo.fr\/app\/uploads\/sites\/3\/2025\/07\/518010350-1046569317646913-7320262027431423982-n.jpg","width":2048,"height":1363,"caption":"photo CAE"},{"@type":"BreadcrumbList","@id":"https:\/\/vosgesinfo.fr\/epinalinfo\/2025\/07\/signature-du-programme-dinteret-general-pacte-territorial-france-renov-des-vosges-centrales\/#breadcrumb","itemListElement":[{"@type":"ListItem","position":1,"name":"Home","item":"https:\/\/vosgesinfo.fr\/epinalinfo\/"},{"@type":"ListItem","position":2,"name":"Signature du Programme d\u2019Int\u00e9r\u00eat G\u00e9n\u00e9ral \u00ab Pacte Territorial France R\u00e9nov\u2019 \u00bb des Vosges Centrales"}]},{"@type":"WebSite","@id":"https:\/\/vosgesinfo.fr\/epinalinfo\/#website","url":"https:\/\/vosgesinfo.fr\/epinalinfo\/","name":"Epinal Info","description":"Toute l&#039;actualit\u00e9 d&#039;\u00c9pinal","publisher":{"@id":"https:\/\/vosgesinfo.fr\/epinalinfo\/#organization"},"alternateName":"Toute l'actualit\u00e9 d'\u00c9pinal","potentialAction":[{"@type":"SearchAction","target":{"@type":"EntryPoint","urlTemplate":"https:\/\/vosgesinfo.fr\/epinalinfo\/?s={search_term_string}"},"query-input":"required name=search_term_string"}],"inLanguage":"fr-FR"},{"@type":"Organization","@id":"https:\/\/vosgesinfo.fr\/epinalinfo\/#organization","name":"Epinal Info","url":"https:\/\/vosgesinfo.fr\/epinalinfo\/","logo":{"@type":"ImageObject","inLanguage":"fr-FR","@id":"https:\/\/vosgesinfo.fr\/epinalinfo\/#\/schema\/logo\/image\/","url":"https:\/\/vosgesinfo.fr\/app\/uploads\/sites\/3\/2023\/08\/logo-epinalinfos.svg","contentUrl":"https:\/\/vosgesinfo.fr\/app\/uploads\/sites\/3\/2023\/08\/logo-epinalinfos.svg","width":1,"height":1,"caption":"Epinal Info"},"image":{"@id":"https:\/\/vosgesinfo.fr\/epinalinfo\/#\/schema\/logo\/image\/"},"sameAs":["https:\/\/www.facebook.com\/Epinalinfos","https:\/\/x.com\/VosgesInfo88","https:\/\/www.youtube.com\/@vosgesinfo"]},{"@type":"Person","@id":"https:\/\/vosgesinfo.fr\/epinalinfo\/#\/schema\/person\/6f9a650eeea99d969b6c4ab78fccbe81","name":"C.K.","image":{"@type":"ImageObject","inLanguage":"fr-FR","@id":"https:\/\/vosgesinfo.fr\/epinalinfo\/#\/schema\/person\/image\/","url":"https:\/\/secure.gravatar.com\/avatar\/48e3fc7f8421ba8942be6b74a2b7f014ca39bc00dece156b7a8e098ae7dc87bf?s=96&d=mm&r=g","contentUrl":"https:\/\/secure.gravatar.com\/avatar\/48e3fc7f8421ba8942be6b74a2b7f014ca39bc00dece156b7a8e098ae7dc87bf?s=96&d=mm&r=g","caption":"C.K."},"url":"https:\/\/vosgesinfo.fr\/epinalinfo\/author\/celia-k-n\/"}]}},"_links":{"self":[{"href":"https:\/\/vosgesinfo.fr\/epinalinfo\/wp-json\/wp\/v2\/posts\/133788","targetHints":{"allow":["GET"]}}],"collection":[{"href":"https:\/\/vosgesinfo.fr\/epinalinfo\/wp-json\/wp\/v2\/posts"}],"about":[{"href":"https:\/\/vosgesinfo.fr\/epinalinfo\/wp-json\/wp\/v2\/types\/post"}],"author":[{"embeddable":true,"href":"https:\/\/vosgesinfo.fr\/epinalinfo\/wp-json\/wp\/v2\/users\/52"}],"replies":[{"embeddable":true,"href":"https:\/\/vosgesinfo.fr\/epinalinfo\/wp-json\/wp\/v2\/comments?post=133788"}],"version-history":[{"count":1,"href":"https:\/\/vosgesinfo.fr\/epinalinfo\/wp-json\/wp\/v2\/posts\/133788\/revisions"}],"predecessor-version":[{"id":133790,"href":"https:\/\/vosgesinfo.fr\/epinalinfo\/wp-json\/wp\/v2\/posts\/133788\/revisions\/133790"}],"wp:featuredmedia":[{"embeddable":true,"href":"https:\/\/vosgesinfo.fr\/epinalinfo\/wp-json\/wp\/v2\/media\/133789"}],"wp:attachment":[{"href":"https:\/\/vosgesinfo.fr\/epinalinfo\/wp-json\/wp\/v2\/media?parent=133788"}],"wp:term":[{"taxonomy":"category","embeddable":true,"href":"https:\/\/vosgesinfo.fr\/epinalinfo\/wp-json\/wp\/v2\/categories?post=133788"},{"taxonomy":"post_tag","embeddable":true,"href":"https:\/\/vosgesinfo.fr\/epinalinfo\/wp-json\/wp\/v2\/tags?post=133788"}],"curies":[{"name":"wp","href":"https:\/\/api.w.org\/{rel}","templated":true}]}}