{"id":133791,"date":"2025-07-12T18:05:43","date_gmt":"2025-07-12T16:05:43","guid":{"rendered":"https:\/\/vosgesinfo.fr\/epinalinfo\/?p=133791"},"modified":"2025-07-12T18:03:37","modified_gmt":"2025-07-12T16:03:37","slug":"epinal-pose-de-la-premiere-pierre-pour-les-terrasses-de-la-moselle","status":"publish","type":"post","link":"https:\/\/vosgesinfo.fr\/epinalinfo\/2025\/07\/epinal-pose-de-la-premiere-pierre-pour-les-terrasses-de-la-moselle\/","title":{"rendered":"\u00c9pinal : Pose de la premi\u00e8re pierre pour les Terrasses de la Moselle"},"content":{"rendered":"<div id=\"attachment_133792\" style=\"width: 2058px\" class=\"wp-caption aligncenter\"><a href=\"https:\/\/vosgesinfo.fr\/app\/uploads\/sites\/3\/2025\/07\/les-terrasses-de-la-moselle-epinal.jpg\"><img decoding=\"async\" aria-describedby=\"caption-attachment-133792\" class=\"size-full wp-image-133792\" src=\"https:\/\/vosgesinfo.fr\/app\/uploads\/sites\/3\/2025\/07\/les-terrasses-de-la-moselle-epinal.jpg\" alt=\"\" width=\"2048\" height=\"1365\" srcset=\"https:\/\/vosgesinfo.fr\/app\/uploads\/sites\/3\/2025\/07\/les-terrasses-de-la-moselle-epinal.jpg 2048w, https:\/\/vosgesinfo.fr\/app\/uploads\/sites\/3\/2025\/07\/les-terrasses-de-la-moselle-epinal-300x200.jpg 300w, https:\/\/vosgesinfo.fr\/app\/uploads\/sites\/3\/2025\/07\/les-terrasses-de-la-moselle-epinal-1024x683.jpg 1024w, https:\/\/vosgesinfo.fr\/app\/uploads\/sites\/3\/2025\/07\/les-terrasses-de-la-moselle-epinal-768x512.jpg 768w, https:\/\/vosgesinfo.fr\/app\/uploads\/sites\/3\/2025\/07\/les-terrasses-de-la-moselle-epinal-1536x1024.jpg 1536w\" sizes=\"(max-width: 2048px) 100vw, 2048px\" \/><\/a><p id=\"caption-attachment-133792\" class=\"wp-caption-text\">photo Vosgelis<\/p><\/div>\n<h2 data-start=\"276\" data-end=\"613\"><strong>La dynamique de renouvellement urbain se poursuit \u00e0 \u00c9pinal.\u00a0 C\u2019est dans le quartier de la rue du Mar\u00e9chal-Lyautey qu\u2019un nouveau projet a \u00e9t\u00e9 officiellement lanc\u00e9 ce vendredi : la pose de la premi\u00e8re pierre des Terrasses de la Moselle.<\/strong><\/h2>\n<h3 data-start=\"932\" data-end=\"1008\"><strong data-start=\"940\" data-end=\"1008\">Un programme de 78 logements, entre mixit\u00e9 sociale et durabilit\u00e9<\/strong><\/h3>\n<p data-start=\"1010\" data-end=\"1249\">Situ\u00e9e entre la <strong data-start=\"1026\" data-end=\"1053\">rue du Mar\u00e9chal-Lyautey<\/strong> et la <strong data-start=\"1060\" data-end=\"1091\">rue Fran\u00e7ois-de-Neufch\u00e2teau<\/strong>, sur l\u2019ancien site d\u2019un garage automobile, la future r\u00e9sidence <strong data-start=\"1155\" data-end=\"1186\">Les Terrasses de la Moselle<\/strong> comprendra <strong data-start=\"1198\" data-end=\"1214\">78 logements : <\/strong><strong data-start=\"1252\" data-end=\"1285\">56 logements locatifs sociaux<\/strong> g\u00e9r\u00e9s par Vosgelis et <strong data-start=\"1309\" data-end=\"1348\">22 logements en accession s\u00e9curis\u00e9e<\/strong>, propos\u00e9s par Novalys.<\/p>\n<p data-start=\"1372\" data-end=\"1437\">Les premi\u00e8res livraisons sont attendues <strong data-start=\"1412\" data-end=\"1436\">\u00e0 partir de mai 2026<\/strong>.<\/p>\n<h3 data-start=\"2310\" data-end=\"2379\"><strong data-start=\"2317\" data-end=\"2379\">Une coop\u00e9ration fructueuse entre acteurs publics et priv\u00e9s<\/strong><\/h3>\n<p data-start=\"2381\" data-end=\"2626\">Port\u00e9 par <strong data-start=\"2391\" data-end=\"2402\">Novalys<\/strong>, en \u00e9troite collaboration avec <strong data-start=\"2434\" data-end=\"2455\">la Ville d\u2019\u00c9pinal<\/strong> et <strong data-start=\"2459\" data-end=\"2471\">Vosgelis<\/strong>, le projet des Terrasses de la Moselle illustre une <strong data-start=\"2524\" data-end=\"2625\">coop\u00e9ration solide entre op\u00e9rateurs publics, acteurs de l\u2019habitat social et collectivit\u00e9s locales<\/strong>.<\/p>\n<p data-start=\"2999\" data-end=\"3320\">La pose de la premi\u00e8re pierre marque le point de d\u00e9part concret de ce chantier d\u2019envergure.<\/p>\n<p data-start=\"2999\" data-end=\"3320\"><a href=\"https:\/\/vosgesinfo.fr\/app\/uploads\/sites\/3\/2025\/07\/518123956-1269845885150794-969589320561232290-n.jpg\"><img decoding=\"async\" class=\"aligncenter size-full wp-image-133793\" src=\"https:\/\/vosgesinfo.fr\/app\/uploads\/sites\/3\/2025\/07\/518123956-1269845885150794-969589320561232290-n.jpg\" alt=\"\" width=\"2048\" height=\"1365\" srcset=\"https:\/\/vosgesinfo.fr\/app\/uploads\/sites\/3\/2025\/07\/518123956-1269845885150794-969589320561232290-n.jpg 2048w, https:\/\/vosgesinfo.fr\/app\/uploads\/sites\/3\/2025\/07\/518123956-1269845885150794-969589320561232290-n-300x200.jpg 300w, https:\/\/vosgesinfo.fr\/app\/uploads\/sites\/3\/2025\/07\/518123956-1269845885150794-969589320561232290-n-1024x683.jpg 1024w, https:\/\/vosgesinfo.fr\/app\/uploads\/sites\/3\/2025\/07\/518123956-1269845885150794-969589320561232290-n-768x512.jpg 768w, https:\/\/vosgesinfo.fr\/app\/uploads\/sites\/3\/2025\/07\/518123956-1269845885150794-969589320561232290-n-1536x1024.jpg 1536w\" sizes=\"(max-width: 2048px) 100vw, 2048px\" \/><\/a><\/p>\n","protected":false},"excerpt":{"rendered":"<p>La dynamique de renouvellement urbain se poursuit \u00e0 \u00c9pinal.\u00a0 C\u2019est dans le quartier de la rue du Mar\u00e9chal-Lyautey qu\u2019un nouveau [&hellip;]<\/p>\n","protected":false},"author":52,"featured_media":133792,"comment_status":"open","ping_status":"open","sticky":false,"template":"","format":"standard","meta":{"footnotes":""},"categories":[22,16,24],"tags":[],"class_list":["post-133791","post","type-post","status-publish","format-standard","has-post-thumbnail","hentry","category-a-la-une","category-environnement","category-epinal"],"acf":[],"yoast_head":"<!-- This site is optimized with the Yoast SEO plugin v22.5 - https:\/\/yoast.com\/wordpress\/plugins\/seo\/ -->\n<title>\u00c9pinal : Pose de la premi\u00e8re pierre pour les Terrasses de la Moselle - Epinal Info<\/title>\n<meta name=\"robots\" content=\"index, follow, max-snippet:-1, max-image-preview:large, max-video-preview:-1\" \/>\n<link rel=\"canonical\" href=\"https:\/\/vosgesinfo.fr\/epinalinfo\/2025\/07\/epinal-pose-de-la-premiere-pierre-pour-les-terrasses-de-la-moselle\/\" \/>\n<meta name=\"twitter:card\" content=\"summary_large_image\" \/>\n<meta name=\"twitter:title\" content=\"\u00c9pinal : Pose de la premi\u00e8re pierre pour les Terrasses de la Moselle - Epinal Info\" \/>\n<meta name=\"twitter:description\" content=\"La dynamique de renouvellement urbain se poursuit \u00e0 \u00c9pinal.\u00a0 C\u2019est dans le quartier de la rue du Mar\u00e9chal-Lyautey qu\u2019un nouveau [&hellip;]\" \/>\n<meta name=\"twitter:image\" content=\"https:\/\/vosgesinfo.fr\/app\/uploads\/sites\/3\/2025\/07\/les-terrasses-de-la-moselle-epinal.jpg\" \/>\n<meta name=\"twitter:creator\" content=\"@VosgesInfo88\" \/>\n<meta name=\"twitter:site\" content=\"@VosgesInfo88\" \/>\n<meta name=\"twitter:label1\" content=\"\u00c9crit par\" \/>\n\t<meta name=\"twitter:data1\" content=\"C.K.\" \/>\n\t<meta name=\"twitter:label2\" content=\"Dur\u00e9e de lecture estim\u00e9e\" \/>\n\t<meta name=\"twitter:data2\" content=\"1 minute\" \/>\n<script type=\"application\/ld+json\" class=\"yoast-schema-graph\">{\"@context\":\"https:\/\/schema.org\",\"@graph\":[{\"@type\":\"Article\",\"@id\":\"https:\/\/vosgesinfo.fr\/epinalinfo\/2025\/07\/epinal-pose-de-la-premiere-pierre-pour-les-terrasses-de-la-moselle\/#article\",\"isPartOf\":{\"@id\":\"https:\/\/vosgesinfo.fr\/epinalinfo\/2025\/07\/epinal-pose-de-la-premiere-pierre-pour-les-terrasses-de-la-moselle\/\"},\"author\":{\"name\":\"C.K.\",\"@id\":\"https:\/\/vosgesinfo.fr\/epinalinfo\/#\/schema\/person\/6f9a650eeea99d969b6c4ab78fccbe81\"},\"headline\":\"\u00c9pinal : Pose de la premi\u00e8re pierre pour les Terrasses de la Moselle\",\"datePublished\":\"2025-07-12T16:05:43+00:00\",\"dateModified\":\"2025-07-12T16:03:37+00:00\",\"mainEntityOfPage\":{\"@id\":\"https:\/\/vosgesinfo.fr\/epinalinfo\/2025\/07\/epinal-pose-de-la-premiere-pierre-pour-les-terrasses-de-la-moselle\/\"},\"wordCount\":200,\"commentCount\":0,\"publisher\":{\"@id\":\"https:\/\/vosgesinfo.fr\/epinalinfo\/#organization\"},\"image\":{\"@id\":\"https:\/\/vosgesinfo.fr\/epinalinfo\/2025\/07\/epinal-pose-de-la-premiere-pierre-pour-les-terrasses-de-la-moselle\/#primaryimage\"},\"thumbnailUrl\":\"https:\/\/vosgesinfo.fr\/app\/uploads\/sites\/3\/2025\/07\/les-terrasses-de-la-moselle-epinal.jpg\",\"articleSection\":[\"A la Une\",\"Environnement\",\"Epinal\"],\"inLanguage\":\"fr-FR\",\"potentialAction\":[{\"@type\":\"CommentAction\",\"name\":\"Comment\",\"target\":[\"https:\/\/vosgesinfo.fr\/epinalinfo\/2025\/07\/epinal-pose-de-la-premiere-pierre-pour-les-terrasses-de-la-moselle\/#respond\"]}]},{\"@type\":\"WebPage\",\"@id\":\"https:\/\/vosgesinfo.fr\/epinalinfo\/2025\/07\/epinal-pose-de-la-premiere-pierre-pour-les-terrasses-de-la-moselle\/\",\"url\":\"https:\/\/vosgesinfo.fr\/epinalinfo\/2025\/07\/epinal-pose-de-la-premiere-pierre-pour-les-terrasses-de-la-moselle\/\",\"name\":\"\u00c9pinal : Pose de la premi\u00e8re pierre pour les Terrasses de la Moselle - Epinal Info\",\"isPartOf\":{\"@id\":\"https:\/\/vosgesinfo.fr\/epinalinfo\/#website\"},\"primaryImageOfPage\":{\"@id\":\"https:\/\/vosgesinfo.fr\/epinalinfo\/2025\/07\/epinal-pose-de-la-premiere-pierre-pour-les-terrasses-de-la-moselle\/#primaryimage\"},\"image\":{\"@id\":\"https:\/\/vosgesinfo.fr\/epinalinfo\/2025\/07\/epinal-pose-de-la-premiere-pierre-pour-les-terrasses-de-la-moselle\/#primaryimage\"},\"thumbnailUrl\":\"https:\/\/vosgesinfo.fr\/app\/uploads\/sites\/3\/2025\/07\/les-terrasses-de-la-moselle-epinal.jpg\",\"datePublished\":\"2025-07-12T16:05:43+00:00\",\"dateModified\":\"2025-07-12T16:03:37+00:00\",\"breadcrumb\":{\"@id\":\"https:\/\/vosgesinfo.fr\/epinalinfo\/2025\/07\/epinal-pose-de-la-premiere-pierre-pour-les-terrasses-de-la-moselle\/#breadcrumb\"},\"inLanguage\":\"fr-FR\",\"potentialAction\":[{\"@type\":\"ReadAction\",\"target\":[\"https:\/\/vosgesinfo.fr\/epinalinfo\/2025\/07\/epinal-pose-de-la-premiere-pierre-pour-les-terrasses-de-la-moselle\/\"]}]},{\"@type\":\"ImageObject\",\"inLanguage\":\"fr-FR\",\"@id\":\"https:\/\/vosgesinfo.fr\/epinalinfo\/2025\/07\/epinal-pose-de-la-premiere-pierre-pour-les-terrasses-de-la-moselle\/#primaryimage\",\"url\":\"https:\/\/vosgesinfo.fr\/app\/uploads\/sites\/3\/2025\/07\/les-terrasses-de-la-moselle-epinal.jpg\",\"contentUrl\":\"https:\/\/vosgesinfo.fr\/app\/uploads\/sites\/3\/2025\/07\/les-terrasses-de-la-moselle-epinal.jpg\",\"width\":2048,\"height\":1365,\"caption\":\"photo Vosgelis\"},{\"@type\":\"BreadcrumbList\",\"@id\":\"https:\/\/vosgesinfo.fr\/epinalinfo\/2025\/07\/epinal-pose-de-la-premiere-pierre-pour-les-terrasses-de-la-moselle\/#breadcrumb\",\"itemListElement\":[{\"@type\":\"ListItem\",\"position\":1,\"name\":\"Home\",\"item\":\"https:\/\/vosgesinfo.fr\/epinalinfo\/\"},{\"@type\":\"ListItem\",\"position\":2,\"name\":\"\u00c9pinal : Pose de la premi\u00e8re pierre pour les Terrasses de la Moselle\"}]},{\"@type\":\"WebSite\",\"@id\":\"https:\/\/vosgesinfo.fr\/epinalinfo\/#website\",\"url\":\"https:\/\/vosgesinfo.fr\/epinalinfo\/\",\"name\":\"Epinal Info\",\"description\":\"Toute l&#039;actualit\u00e9 d&#039;\u00c9pinal\",\"publisher\":{\"@id\":\"https:\/\/vosgesinfo.fr\/epinalinfo\/#organization\"},\"alternateName\":\"Toute l'actualit\u00e9 d'\u00c9pinal\",\"potentialAction\":[{\"@type\":\"SearchAction\",\"target\":{\"@type\":\"EntryPoint\",\"urlTemplate\":\"https:\/\/vosgesinfo.fr\/epinalinfo\/?s={search_term_string}\"},\"query-input\":\"required name=search_term_string\"}],\"inLanguage\":\"fr-FR\"},{\"@type\":\"Organization\",\"@id\":\"https:\/\/vosgesinfo.fr\/epinalinfo\/#organization\",\"name\":\"Epinal Info\",\"url\":\"https:\/\/vosgesinfo.fr\/epinalinfo\/\",\"logo\":{\"@type\":\"ImageObject\",\"inLanguage\":\"fr-FR\",\"@id\":\"https:\/\/vosgesinfo.fr\/epinalinfo\/#\/schema\/logo\/image\/\",\"url\":\"https:\/\/vosgesinfo.fr\/app\/uploads\/sites\/3\/2023\/08\/logo-epinalinfos.svg\",\"contentUrl\":\"https:\/\/vosgesinfo.fr\/app\/uploads\/sites\/3\/2023\/08\/logo-epinalinfos.svg\",\"width\":1,\"height\":1,\"caption\":\"Epinal Info\"},\"image\":{\"@id\":\"https:\/\/vosgesinfo.fr\/epinalinfo\/#\/schema\/logo\/image\/\"},\"sameAs\":[\"https:\/\/www.facebook.com\/Epinalinfos\",\"https:\/\/x.com\/VosgesInfo88\",\"https:\/\/www.youtube.com\/@vosgesinfo\"]},{\"@type\":\"Person\",\"@id\":\"https:\/\/vosgesinfo.fr\/epinalinfo\/#\/schema\/person\/6f9a650eeea99d969b6c4ab78fccbe81\",\"name\":\"C.K.\",\"image\":{\"@type\":\"ImageObject\",\"inLanguage\":\"fr-FR\",\"@id\":\"https:\/\/vosgesinfo.fr\/epinalinfo\/#\/schema\/person\/image\/\",\"url\":\"https:\/\/secure.gravatar.com\/avatar\/48e3fc7f8421ba8942be6b74a2b7f014ca39bc00dece156b7a8e098ae7dc87bf?s=96&d=mm&r=g\",\"contentUrl\":\"https:\/\/secure.gravatar.com\/avatar\/48e3fc7f8421ba8942be6b74a2b7f014ca39bc00dece156b7a8e098ae7dc87bf?s=96&d=mm&r=g\",\"caption\":\"C.K.\"},\"url\":\"https:\/\/vosgesinfo.fr\/epinalinfo\/author\/celia-k-n\/\"}]}<\/script>\n<!-- \/ Yoast SEO plugin. -->","yoast_head_json":{"title":"\u00c9pinal : Pose de la premi\u00e8re pierre pour les Terrasses de la Moselle - Epinal Info","robots":{"index":"index","follow":"follow","max-snippet":"max-snippet:-1","max-image-preview":"max-image-preview:large","max-video-preview":"max-video-preview:-1"},"canonical":"https:\/\/vosgesinfo.fr\/epinalinfo\/2025\/07\/epinal-pose-de-la-premiere-pierre-pour-les-terrasses-de-la-moselle\/","twitter_card":"summary_large_image","twitter_title":"\u00c9pinal : Pose de la premi\u00e8re pierre pour les Terrasses de la Moselle - Epinal Info","twitter_description":"La dynamique de renouvellement urbain se poursuit \u00e0 \u00c9pinal.\u00a0 C\u2019est dans le quartier de la rue du Mar\u00e9chal-Lyautey qu\u2019un nouveau [&hellip;]","twitter_image":"https:\/\/vosgesinfo.fr\/app\/uploads\/sites\/3\/2025\/07\/les-terrasses-de-la-moselle-epinal.jpg","twitter_creator":"@VosgesInfo88","twitter_site":"@VosgesInfo88","twitter_misc":{"\u00c9crit par":"C.K.","Dur\u00e9e de lecture estim\u00e9e":"1 minute"},"schema":{"@context":"https:\/\/schema.org","@graph":[{"@type":"Article","@id":"https:\/\/vosgesinfo.fr\/epinalinfo\/2025\/07\/epinal-pose-de-la-premiere-pierre-pour-les-terrasses-de-la-moselle\/#article","isPartOf":{"@id":"https:\/\/vosgesinfo.fr\/epinalinfo\/2025\/07\/epinal-pose-de-la-premiere-pierre-pour-les-terrasses-de-la-moselle\/"},"author":{"name":"C.K.","@id":"https:\/\/vosgesinfo.fr\/epinalinfo\/#\/schema\/person\/6f9a650eeea99d969b6c4ab78fccbe81"},"headline":"\u00c9pinal : Pose de la premi\u00e8re pierre pour les Terrasses de la Moselle","datePublished":"2025-07-12T16:05:43+00:00","dateModified":"2025-07-12T16:03:37+00:00","mainEntityOfPage":{"@id":"https:\/\/vosgesinfo.fr\/epinalinfo\/2025\/07\/epinal-pose-de-la-premiere-pierre-pour-les-terrasses-de-la-moselle\/"},"wordCount":200,"commentCount":0,"publisher":{"@id":"https:\/\/vosgesinfo.fr\/epinalinfo\/#organization"},"image":{"@id":"https:\/\/vosgesinfo.fr\/epinalinfo\/2025\/07\/epinal-pose-de-la-premiere-pierre-pour-les-terrasses-de-la-moselle\/#primaryimage"},"thumbnailUrl":"https:\/\/vosgesinfo.fr\/app\/uploads\/sites\/3\/2025\/07\/les-terrasses-de-la-moselle-epinal.jpg","articleSection":["A la Une","Environnement","Epinal"],"inLanguage":"fr-FR","potentialAction":[{"@type":"CommentAction","name":"Comment","target":["https:\/\/vosgesinfo.fr\/epinalinfo\/2025\/07\/epinal-pose-de-la-premiere-pierre-pour-les-terrasses-de-la-moselle\/#respond"]}]},{"@type":"WebPage","@id":"https:\/\/vosgesinfo.fr\/epinalinfo\/2025\/07\/epinal-pose-de-la-premiere-pierre-pour-les-terrasses-de-la-moselle\/","url":"https:\/\/vosgesinfo.fr\/epinalinfo\/2025\/07\/epinal-pose-de-la-premiere-pierre-pour-les-terrasses-de-la-moselle\/","name":"\u00c9pinal : Pose de la premi\u00e8re pierre pour les Terrasses de la Moselle - Epinal Info","isPartOf":{"@id":"https:\/\/vosgesinfo.fr\/epinalinfo\/#website"},"primaryImageOfPage":{"@id":"https:\/\/vosgesinfo.fr\/epinalinfo\/2025\/07\/epinal-pose-de-la-premiere-pierre-pour-les-terrasses-de-la-moselle\/#primaryimage"},"image":{"@id":"https:\/\/vosgesinfo.fr\/epinalinfo\/2025\/07\/epinal-pose-de-la-premiere-pierre-pour-les-terrasses-de-la-moselle\/#primaryimage"},"thumbnailUrl":"https:\/\/vosgesinfo.fr\/app\/uploads\/sites\/3\/2025\/07\/les-terrasses-de-la-moselle-epinal.jpg","datePublished":"2025-07-12T16:05:43+00:00","dateModified":"2025-07-12T16:03:37+00:00","breadcrumb":{"@id":"https:\/\/vosgesinfo.fr\/epinalinfo\/2025\/07\/epinal-pose-de-la-premiere-pierre-pour-les-terrasses-de-la-moselle\/#breadcrumb"},"inLanguage":"fr-FR","potentialAction":[{"@type":"ReadAction","target":["https:\/\/vosgesinfo.fr\/epinalinfo\/2025\/07\/epinal-pose-de-la-premiere-pierre-pour-les-terrasses-de-la-moselle\/"]}]},{"@type":"ImageObject","inLanguage":"fr-FR","@id":"https:\/\/vosgesinfo.fr\/epinalinfo\/2025\/07\/epinal-pose-de-la-premiere-pierre-pour-les-terrasses-de-la-moselle\/#primaryimage","url":"https:\/\/vosgesinfo.fr\/app\/uploads\/sites\/3\/2025\/07\/les-terrasses-de-la-moselle-epinal.jpg","contentUrl":"https:\/\/vosgesinfo.fr\/app\/uploads\/sites\/3\/2025\/07\/les-terrasses-de-la-moselle-epinal.jpg","width":2048,"height":1365,"caption":"photo Vosgelis"},{"@type":"BreadcrumbList","@id":"https:\/\/vosgesinfo.fr\/epinalinfo\/2025\/07\/epinal-pose-de-la-premiere-pierre-pour-les-terrasses-de-la-moselle\/#breadcrumb","itemListElement":[{"@type":"ListItem","position":1,"name":"Home","item":"https:\/\/vosgesinfo.fr\/epinalinfo\/"},{"@type":"ListItem","position":2,"name":"\u00c9pinal : Pose de la premi\u00e8re pierre pour les Terrasses de la Moselle"}]},{"@type":"WebSite","@id":"https:\/\/vosgesinfo.fr\/epinalinfo\/#website","url":"https:\/\/vosgesinfo.fr\/epinalinfo\/","name":"Epinal Info","description":"Toute l&#039;actualit\u00e9 d&#039;\u00c9pinal","publisher":{"@id":"https:\/\/vosgesinfo.fr\/epinalinfo\/#organization"},"alternateName":"Toute l'actualit\u00e9 d'\u00c9pinal","potentialAction":[{"@type":"SearchAction","target":{"@type":"EntryPoint","urlTemplate":"https:\/\/vosgesinfo.fr\/epinalinfo\/?s={search_term_string}"},"query-input":"required name=search_term_string"}],"inLanguage":"fr-FR"},{"@type":"Organization","@id":"https:\/\/vosgesinfo.fr\/epinalinfo\/#organization","name":"Epinal Info","url":"https:\/\/vosgesinfo.fr\/epinalinfo\/","logo":{"@type":"ImageObject","inLanguage":"fr-FR","@id":"https:\/\/vosgesinfo.fr\/epinalinfo\/#\/schema\/logo\/image\/","url":"https:\/\/vosgesinfo.fr\/app\/uploads\/sites\/3\/2023\/08\/logo-epinalinfos.svg","contentUrl":"https:\/\/vosgesinfo.fr\/app\/uploads\/sites\/3\/2023\/08\/logo-epinalinfos.svg","width":1,"height":1,"caption":"Epinal Info"},"image":{"@id":"https:\/\/vosgesinfo.fr\/epinalinfo\/#\/schema\/logo\/image\/"},"sameAs":["https:\/\/www.facebook.com\/Epinalinfos","https:\/\/x.com\/VosgesInfo88","https:\/\/www.youtube.com\/@vosgesinfo"]},{"@type":"Person","@id":"https:\/\/vosgesinfo.fr\/epinalinfo\/#\/schema\/person\/6f9a650eeea99d969b6c4ab78fccbe81","name":"C.K.","image":{"@type":"ImageObject","inLanguage":"fr-FR","@id":"https:\/\/vosgesinfo.fr\/epinalinfo\/#\/schema\/person\/image\/","url":"https:\/\/secure.gravatar.com\/avatar\/48e3fc7f8421ba8942be6b74a2b7f014ca39bc00dece156b7a8e098ae7dc87bf?s=96&d=mm&r=g","contentUrl":"https:\/\/secure.gravatar.com\/avatar\/48e3fc7f8421ba8942be6b74a2b7f014ca39bc00dece156b7a8e098ae7dc87bf?s=96&d=mm&r=g","caption":"C.K."},"url":"https:\/\/vosgesinfo.fr\/epinalinfo\/author\/celia-k-n\/"}]}},"_links":{"self":[{"href":"https:\/\/vosgesinfo.fr\/epinalinfo\/wp-json\/wp\/v2\/posts\/133791","targetHints":{"allow":["GET"]}}],"collection":[{"href":"https:\/\/vosgesinfo.fr\/epinalinfo\/wp-json\/wp\/v2\/posts"}],"about":[{"href":"https:\/\/vosgesinfo.fr\/epinalinfo\/wp-json\/wp\/v2\/types\/post"}],"author":[{"embeddable":true,"href":"https:\/\/vosgesinfo.fr\/epinalinfo\/wp-json\/wp\/v2\/users\/52"}],"replies":[{"embeddable":true,"href":"https:\/\/vosgesinfo.fr\/epinalinfo\/wp-json\/wp\/v2\/comments?post=133791"}],"version-history":[{"count":1,"href":"https:\/\/vosgesinfo.fr\/epinalinfo\/wp-json\/wp\/v2\/posts\/133791\/revisions"}],"predecessor-version":[{"id":133794,"href":"https:\/\/vosgesinfo.fr\/epinalinfo\/wp-json\/wp\/v2\/posts\/133791\/revisions\/133794"}],"wp:featuredmedia":[{"embeddable":true,"href":"https:\/\/vosgesinfo.fr\/epinalinfo\/wp-json\/wp\/v2\/media\/133792"}],"wp:attachment":[{"href":"https:\/\/vosgesinfo.fr\/epinalinfo\/wp-json\/wp\/v2\/media?parent=133791"}],"wp:term":[{"taxonomy":"category","embeddable":true,"href":"https:\/\/vosgesinfo.fr\/epinalinfo\/wp-json\/wp\/v2\/categories?post=133791"},{"taxonomy":"post_tag","embeddable":true,"href":"https:\/\/vosgesinfo.fr\/epinalinfo\/wp-json\/wp\/v2\/tags?post=133791"}],"curies":[{"name":"wp","href":"https:\/\/api.w.org\/{rel}","templated":true}]}}