{"id":133801,"date":"2025-07-14T17:45:33","date_gmt":"2025-07-14T15:45:33","guid":{"rendered":"https:\/\/vosgesinfo.fr\/epinalinfo\/?p=133801"},"modified":"2025-07-14T17:23:39","modified_gmt":"2025-07-14T15:23:39","slug":"epinal-celebre-la-fete-nationale-au-petit-champ-de-mars","status":"publish","type":"post","link":"https:\/\/vosgesinfo.fr\/epinalinfo\/2025\/07\/epinal-celebre-la-fete-nationale-au-petit-champ-de-mars\/","title":{"rendered":"\u00c9pinal c\u00e9l\u00e8bre la F\u00eate Nationale au Petit Champ-de-Mars"},"content":{"rendered":"<div id=\"attachment_133802\" style=\"width: 1267px\" class=\"wp-caption aligncenter\"><a href=\"https:\/\/vosgesinfo.fr\/app\/uploads\/sites\/3\/2025\/07\/14-juillet-epinal-1er-rti.png\"><img decoding=\"async\" aria-describedby=\"caption-attachment-133802\" class=\"size-full wp-image-133802\" src=\"https:\/\/vosgesinfo.fr\/app\/uploads\/sites\/3\/2025\/07\/14-juillet-epinal-1er-rti.png\" alt=\"\" width=\"1257\" height=\"757\" srcset=\"https:\/\/vosgesinfo.fr\/app\/uploads\/sites\/3\/2025\/07\/14-juillet-epinal-1er-rti.png 1257w, https:\/\/vosgesinfo.fr\/app\/uploads\/sites\/3\/2025\/07\/14-juillet-epinal-1er-rti-300x181.png 300w, https:\/\/vosgesinfo.fr\/app\/uploads\/sites\/3\/2025\/07\/14-juillet-epinal-1er-rti-1024x617.png 1024w, https:\/\/vosgesinfo.fr\/app\/uploads\/sites\/3\/2025\/07\/14-juillet-epinal-1er-rti-768x463.png 768w\" sizes=\"(max-width: 1257px) 100vw, 1257px\" \/><\/a><p id=\"caption-attachment-133802\" class=\"wp-caption-text\">Photographies &#8211; Facebook Pr\u00e9fecture des Vosges<\/p><\/div>\n\n\t\t<style type=\"text\/css\">\n\t\t\t#gallery-1 {\n\t\t\t\tmargin: auto;\n\t\t\t}\n\t\t\t#gallery-1 .gallery-item {\n\t\t\t\tfloat: left;\n\t\t\t\tmargin-top: 10px;\n\t\t\t\ttext-align: center;\n\t\t\t\twidth: 50%;\n\t\t\t}\n\t\t\t#gallery-1 img {\n\t\t\t\tborder: 2px solid #cfcfcf;\n\t\t\t}\n\t\t\t#gallery-1 .gallery-caption {\n\t\t\t\tmargin-left: 0;\n\t\t\t}\n\t\t\t\/* see gallery_shortcode() in wp-includes\/media.php *\/\n\t\t<\/style>\n\t\t<div id='gallery-1' class='gallery galleryid-133801 gallery-columns-2 gallery-size-medium'><dl class='gallery-item'>\n\t\t\t<dt class='gallery-icon landscape'>\n\t\t\t\t<a href='https:\/\/vosgesinfo.fr\/app\/uploads\/sites\/3\/2025\/07\/defile-14-juillet-epinal-2.jpg'><img decoding=\"async\" width=\"300\" height=\"168\" src=\"https:\/\/vosgesinfo.fr\/app\/uploads\/sites\/3\/2025\/07\/defile-14-juillet-epinal-2-300x168.jpg\" class=\"attachment-medium size-medium\" alt=\"\" srcset=\"https:\/\/vosgesinfo.fr\/app\/uploads\/sites\/3\/2025\/07\/defile-14-juillet-epinal-2-300x168.jpg 300w, https:\/\/vosgesinfo.fr\/app\/uploads\/sites\/3\/2025\/07\/defile-14-juillet-epinal-2-1024x575.jpg 1024w, https:\/\/vosgesinfo.fr\/app\/uploads\/sites\/3\/2025\/07\/defile-14-juillet-epinal-2-768x431.jpg 768w, https:\/\/vosgesinfo.fr\/app\/uploads\/sites\/3\/2025\/07\/defile-14-juillet-epinal-2.jpg 1440w\" sizes=\"(max-width: 300px) 100vw, 300px\" \/><\/a>\n\t\t\t<\/dt><\/dl><dl class='gallery-item'>\n\t\t\t<dt class='gallery-icon landscape'>\n\t\t\t\t<a href='https:\/\/vosgesinfo.fr\/app\/uploads\/sites\/3\/2025\/07\/sapeurs-pompiers-14-juillet-epinal.jpg'><img decoding=\"async\" width=\"300\" height=\"168\" src=\"https:\/\/vosgesinfo.fr\/app\/uploads\/sites\/3\/2025\/07\/sapeurs-pompiers-14-juillet-epinal-300x168.jpg\" class=\"attachment-medium size-medium\" alt=\"\" srcset=\"https:\/\/vosgesinfo.fr\/app\/uploads\/sites\/3\/2025\/07\/sapeurs-pompiers-14-juillet-epinal-300x168.jpg 300w, https:\/\/vosgesinfo.fr\/app\/uploads\/sites\/3\/2025\/07\/sapeurs-pompiers-14-juillet-epinal-1024x575.jpg 1024w, https:\/\/vosgesinfo.fr\/app\/uploads\/sites\/3\/2025\/07\/sapeurs-pompiers-14-juillet-epinal-768x431.jpg 768w, https:\/\/vosgesinfo.fr\/app\/uploads\/sites\/3\/2025\/07\/sapeurs-pompiers-14-juillet-epinal.jpg 1440w\" sizes=\"(max-width: 300px) 100vw, 300px\" \/><\/a>\n\t\t\t<\/dt><\/dl><br style=\"clear: both\" \/>\n\t\t<\/div>\n\n<p data-start=\"214\" data-end=\"548\"><a href=\"https:\/\/vosgesinfo.fr\/app\/uploads\/sites\/3\/2025\/07\/defile-14-juillet-epinal-1.jpg\"><img decoding=\"async\" class=\"aligncenter size-medium wp-image-133805\" src=\"https:\/\/vosgesinfo.fr\/app\/uploads\/sites\/3\/2025\/07\/defile-14-juillet-epinal-1-300x168.jpg\" alt=\"\" width=\"300\" height=\"168\" srcset=\"https:\/\/vosgesinfo.fr\/app\/uploads\/sites\/3\/2025\/07\/defile-14-juillet-epinal-1-300x168.jpg 300w, https:\/\/vosgesinfo.fr\/app\/uploads\/sites\/3\/2025\/07\/defile-14-juillet-epinal-1-1024x575.jpg 1024w, https:\/\/vosgesinfo.fr\/app\/uploads\/sites\/3\/2025\/07\/defile-14-juillet-epinal-1-768x431.jpg 768w, https:\/\/vosgesinfo.fr\/app\/uploads\/sites\/3\/2025\/07\/defile-14-juillet-epinal-1.jpg 1440w\" sizes=\"(max-width: 300px) 100vw, 300px\" \/><\/a><\/p>\n<p data-start=\"214\" data-end=\"548\">Ce lundi 14 juillet, la ville d\u2019\u00c9pinal a c\u00e9l\u00e9br\u00e9 la F\u00eate nationale lors d\u2019une c\u00e9r\u00e9monie r\u00e9publicaine empreinte de solennit\u00e9 et de recueillement. Pr\u00e9sid\u00e9e par Val\u00e9rie Michel-Moreaux, pr\u00e9f\u00e8te des Vosges, la c\u00e9r\u00e9monie s\u2019est tenue au petit Champ-de-Mars, en pr\u00e9sence des autorit\u00e9s civiles et militaires, ainsi que de nombreux \u00e9lus locaux.<\/p>\n<p data-start=\"550\" data-end=\"786\"><a href=\"https:\/\/vosgesinfo.fr\/app\/uploads\/sites\/3\/2025\/07\/14-juillet-pref.jpg\"><img decoding=\"async\" class=\"alignright size-medium wp-image-133803\" src=\"https:\/\/vosgesinfo.fr\/app\/uploads\/sites\/3\/2025\/07\/14-juillet-pref-300x168.jpg\" alt=\"\" width=\"300\" height=\"168\" srcset=\"https:\/\/vosgesinfo.fr\/app\/uploads\/sites\/3\/2025\/07\/14-juillet-pref-300x168.jpg 300w, https:\/\/vosgesinfo.fr\/app\/uploads\/sites\/3\/2025\/07\/14-juillet-pref-1024x575.jpg 1024w, https:\/\/vosgesinfo.fr\/app\/uploads\/sites\/3\/2025\/07\/14-juillet-pref-768x431.jpg 768w, https:\/\/vosgesinfo.fr\/app\/uploads\/sites\/3\/2025\/07\/14-juillet-pref.jpg 1440w\" sizes=\"(max-width: 300px) 100vw, 300px\" \/><\/a>Ce rendez-vous symbolique a \u00e9t\u00e9 l\u2019occasion de rendre hommage \u00e0 l\u2019histoire de la Nation, de saluer l\u2019engagement sans faille des forces de s\u00e9curit\u00e9, et de r\u00e9affirmer les valeurs fondatrices de la R\u00e9publique : libert\u00e9, \u00e9galit\u00e9, fraternit\u00e9.<\/p>\n<p data-start=\"788\" data-end=\"1075\">Trois temps forts ont rythm\u00e9 cette c\u00e9r\u00e9monie : la revue des troupes, la lev\u00e9e des couleurs et la remise de d\u00e9corations \u00e0 plusieurs r\u00e9cipiendaires m\u00e9ritants. Des instants marqu\u00e9s par l\u2019\u00e9motion et la reconnaissance envers celles et ceux qui \u0153uvrent chaque jour au service de la R\u00e9publique. Un public nombreux s\u2019est \u00e9galement joint \u00e0 ce moment de rassemblement, t\u00e9moignant de l\u2019attachement des Spinaliens aux valeurs r\u00e9publicaines et au devoir de m\u00e9moire.<\/p>\n<p data-start=\"788\" data-end=\"1075\">\n<p data-start=\"788\" data-end=\"1075\">\n<p data-start=\"788\" data-end=\"1075\"><a href=\"https:\/\/vosgesinfo.fr\/app\/uploads\/sites\/3\/2025\/07\/14-juillet-epinal-foule.jpg\"><img decoding=\"async\" class=\"aligncenter size-large wp-image-133804\" src=\"https:\/\/vosgesinfo.fr\/app\/uploads\/sites\/3\/2025\/07\/14-juillet-epinal-foule-1024x575.jpg\" alt=\"\" width=\"1024\" height=\"575\" srcset=\"https:\/\/vosgesinfo.fr\/app\/uploads\/sites\/3\/2025\/07\/14-juillet-epinal-foule-1024x575.jpg 1024w, https:\/\/vosgesinfo.fr\/app\/uploads\/sites\/3\/2025\/07\/14-juillet-epinal-foule-300x168.jpg 300w, https:\/\/vosgesinfo.fr\/app\/uploads\/sites\/3\/2025\/07\/14-juillet-epinal-foule-768x431.jpg 768w, https:\/\/vosgesinfo.fr\/app\/uploads\/sites\/3\/2025\/07\/14-juillet-epinal-foule.jpg 1440w\" sizes=\"(max-width: 1024px) 100vw, 1024px\" \/><\/a><\/p>\n","protected":false},"excerpt":{"rendered":"<p>Ce lundi 14 juillet, la ville d\u2019\u00c9pinal a c\u00e9l\u00e9br\u00e9 la F\u00eate nationale lors d\u2019une c\u00e9r\u00e9monie r\u00e9publicaine empreinte de solennit\u00e9 et [&hellip;]<\/p>\n","protected":false},"author":391,"featured_media":133802,"comment_status":"open","ping_status":"open","sticky":false,"template":"","format":"standard","meta":{"footnotes":""},"categories":[22,24],"tags":[66,7601,4669],"class_list":["post-133801","post","type-post","status-publish","format-standard","has-post-thumbnail","hentry","category-a-la-une","category-epinal","tag-14-juillet","tag-petit-champ-de-mars","tag-valerie-michel-moreaux"],"acf":[],"yoast_head":"<!-- This site is optimized with the Yoast SEO plugin v22.5 - https:\/\/yoast.com\/wordpress\/plugins\/seo\/ -->\n<title>\u00c9pinal c\u00e9l\u00e8bre la F\u00eate Nationale au Petit Champ-de-Mars - Epinal Info<\/title>\n<meta name=\"robots\" content=\"index, follow, max-snippet:-1, max-image-preview:large, max-video-preview:-1\" \/>\n<link rel=\"canonical\" href=\"https:\/\/vosgesinfo.fr\/epinalinfo\/2025\/07\/epinal-celebre-la-fete-nationale-au-petit-champ-de-mars\/\" \/>\n<meta name=\"twitter:card\" content=\"summary_large_image\" \/>\n<meta name=\"twitter:title\" content=\"\u00c9pinal c\u00e9l\u00e8bre la F\u00eate Nationale au Petit Champ-de-Mars - Epinal Info\" \/>\n<meta name=\"twitter:description\" content=\"Ce lundi 14 juillet, la ville d\u2019\u00c9pinal a c\u00e9l\u00e9br\u00e9 la F\u00eate nationale lors d\u2019une c\u00e9r\u00e9monie r\u00e9publicaine empreinte de solennit\u00e9 et [&hellip;]\" \/>\n<meta name=\"twitter:image\" content=\"https:\/\/vosgesinfo.fr\/app\/uploads\/sites\/3\/2025\/07\/14-juillet-epinal-1er-rti.png\" \/>\n<meta name=\"twitter:creator\" content=\"@VosgesInfo88\" \/>\n<meta name=\"twitter:site\" content=\"@VosgesInfo88\" \/>\n<meta name=\"twitter:label1\" content=\"\u00c9crit par\" \/>\n\t<meta name=\"twitter:data1\" content=\"La redaction\" \/>\n\t<meta name=\"twitter:label2\" content=\"Dur\u00e9e de lecture estim\u00e9e\" \/>\n\t<meta name=\"twitter:data2\" content=\"1 minute\" \/>\n<script type=\"application\/ld+json\" class=\"yoast-schema-graph\">{\"@context\":\"https:\/\/schema.org\",\"@graph\":[{\"@type\":\"Article\",\"@id\":\"https:\/\/vosgesinfo.fr\/epinalinfo\/2025\/07\/epinal-celebre-la-fete-nationale-au-petit-champ-de-mars\/#article\",\"isPartOf\":{\"@id\":\"https:\/\/vosgesinfo.fr\/epinalinfo\/2025\/07\/epinal-celebre-la-fete-nationale-au-petit-champ-de-mars\/\"},\"author\":{\"name\":\"La redaction\",\"@id\":\"https:\/\/vosgesinfo.fr\/epinalinfo\/#\/schema\/person\/27a3695b06db98895b354c0765cdfc31\"},\"headline\":\"\u00c9pinal c\u00e9l\u00e8bre la F\u00eate Nationale au Petit Champ-de-Mars\",\"datePublished\":\"2025-07-14T15:45:33+00:00\",\"dateModified\":\"2025-07-14T15:23:39+00:00\",\"mainEntityOfPage\":{\"@id\":\"https:\/\/vosgesinfo.fr\/epinalinfo\/2025\/07\/epinal-celebre-la-fete-nationale-au-petit-champ-de-mars\/\"},\"wordCount\":219,\"commentCount\":0,\"publisher\":{\"@id\":\"https:\/\/vosgesinfo.fr\/epinalinfo\/#organization\"},\"image\":{\"@id\":\"https:\/\/vosgesinfo.fr\/epinalinfo\/2025\/07\/epinal-celebre-la-fete-nationale-au-petit-champ-de-mars\/#primaryimage\"},\"thumbnailUrl\":\"https:\/\/vosgesinfo.fr\/app\/uploads\/sites\/3\/2025\/07\/14-juillet-epinal-1er-rti.png\",\"keywords\":[\"14 juillet\",\"Petit champ de mars\",\"Val\u00e9rie Michel-Moreaux\"],\"articleSection\":[\"A la Une\",\"Epinal\"],\"inLanguage\":\"fr-FR\",\"potentialAction\":[{\"@type\":\"CommentAction\",\"name\":\"Comment\",\"target\":[\"https:\/\/vosgesinfo.fr\/epinalinfo\/2025\/07\/epinal-celebre-la-fete-nationale-au-petit-champ-de-mars\/#respond\"]}]},{\"@type\":\"WebPage\",\"@id\":\"https:\/\/vosgesinfo.fr\/epinalinfo\/2025\/07\/epinal-celebre-la-fete-nationale-au-petit-champ-de-mars\/\",\"url\":\"https:\/\/vosgesinfo.fr\/epinalinfo\/2025\/07\/epinal-celebre-la-fete-nationale-au-petit-champ-de-mars\/\",\"name\":\"\u00c9pinal c\u00e9l\u00e8bre la F\u00eate Nationale au Petit Champ-de-Mars - Epinal Info\",\"isPartOf\":{\"@id\":\"https:\/\/vosgesinfo.fr\/epinalinfo\/#website\"},\"primaryImageOfPage\":{\"@id\":\"https:\/\/vosgesinfo.fr\/epinalinfo\/2025\/07\/epinal-celebre-la-fete-nationale-au-petit-champ-de-mars\/#primaryimage\"},\"image\":{\"@id\":\"https:\/\/vosgesinfo.fr\/epinalinfo\/2025\/07\/epinal-celebre-la-fete-nationale-au-petit-champ-de-mars\/#primaryimage\"},\"thumbnailUrl\":\"https:\/\/vosgesinfo.fr\/app\/uploads\/sites\/3\/2025\/07\/14-juillet-epinal-1er-rti.png\",\"datePublished\":\"2025-07-14T15:45:33+00:00\",\"dateModified\":\"2025-07-14T15:23:39+00:00\",\"breadcrumb\":{\"@id\":\"https:\/\/vosgesinfo.fr\/epinalinfo\/2025\/07\/epinal-celebre-la-fete-nationale-au-petit-champ-de-mars\/#breadcrumb\"},\"inLanguage\":\"fr-FR\",\"potentialAction\":[{\"@type\":\"ReadAction\",\"target\":[\"https:\/\/vosgesinfo.fr\/epinalinfo\/2025\/07\/epinal-celebre-la-fete-nationale-au-petit-champ-de-mars\/\"]}]},{\"@type\":\"ImageObject\",\"inLanguage\":\"fr-FR\",\"@id\":\"https:\/\/vosgesinfo.fr\/epinalinfo\/2025\/07\/epinal-celebre-la-fete-nationale-au-petit-champ-de-mars\/#primaryimage\",\"url\":\"https:\/\/vosgesinfo.fr\/app\/uploads\/sites\/3\/2025\/07\/14-juillet-epinal-1er-rti.png\",\"contentUrl\":\"https:\/\/vosgesinfo.fr\/app\/uploads\/sites\/3\/2025\/07\/14-juillet-epinal-1er-rti.png\",\"width\":1257,\"height\":757,\"caption\":\"Photographie - Facebook Pr\u00e9fecture des Vosges\"},{\"@type\":\"BreadcrumbList\",\"@id\":\"https:\/\/vosgesinfo.fr\/epinalinfo\/2025\/07\/epinal-celebre-la-fete-nationale-au-petit-champ-de-mars\/#breadcrumb\",\"itemListElement\":[{\"@type\":\"ListItem\",\"position\":1,\"name\":\"Home\",\"item\":\"https:\/\/vosgesinfo.fr\/epinalinfo\/\"},{\"@type\":\"ListItem\",\"position\":2,\"name\":\"\u00c9pinal c\u00e9l\u00e8bre la F\u00eate Nationale au Petit Champ-de-Mars\"}]},{\"@type\":\"WebSite\",\"@id\":\"https:\/\/vosgesinfo.fr\/epinalinfo\/#website\",\"url\":\"https:\/\/vosgesinfo.fr\/epinalinfo\/\",\"name\":\"Epinal Info\",\"description\":\"Toute l&#039;actualit\u00e9 d&#039;\u00c9pinal\",\"publisher\":{\"@id\":\"https:\/\/vosgesinfo.fr\/epinalinfo\/#organization\"},\"alternateName\":\"Toute l'actualit\u00e9 d'\u00c9pinal\",\"potentialAction\":[{\"@type\":\"SearchAction\",\"target\":{\"@type\":\"EntryPoint\",\"urlTemplate\":\"https:\/\/vosgesinfo.fr\/epinalinfo\/?s={search_term_string}\"},\"query-input\":\"required name=search_term_string\"}],\"inLanguage\":\"fr-FR\"},{\"@type\":\"Organization\",\"@id\":\"https:\/\/vosgesinfo.fr\/epinalinfo\/#organization\",\"name\":\"Epinal Info\",\"url\":\"https:\/\/vosgesinfo.fr\/epinalinfo\/\",\"logo\":{\"@type\":\"ImageObject\",\"inLanguage\":\"fr-FR\",\"@id\":\"https:\/\/vosgesinfo.fr\/epinalinfo\/#\/schema\/logo\/image\/\",\"url\":\"https:\/\/vosgesinfo.fr\/app\/uploads\/sites\/3\/2023\/08\/logo-epinalinfos.svg\",\"contentUrl\":\"https:\/\/vosgesinfo.fr\/app\/uploads\/sites\/3\/2023\/08\/logo-epinalinfos.svg\",\"width\":1,\"height\":1,\"caption\":\"Epinal Info\"},\"image\":{\"@id\":\"https:\/\/vosgesinfo.fr\/epinalinfo\/#\/schema\/logo\/image\/\"},\"sameAs\":[\"https:\/\/www.facebook.com\/Epinalinfos\",\"https:\/\/x.com\/VosgesInfo88\",\"https:\/\/www.youtube.com\/@vosgesinfo\"]},{\"@type\":\"Person\",\"@id\":\"https:\/\/vosgesinfo.fr\/epinalinfo\/#\/schema\/person\/27a3695b06db98895b354c0765cdfc31\",\"name\":\"La redaction\",\"image\":{\"@type\":\"ImageObject\",\"inLanguage\":\"fr-FR\",\"@id\":\"https:\/\/vosgesinfo.fr\/epinalinfo\/#\/schema\/person\/image\/\",\"url\":\"https:\/\/secure.gravatar.com\/avatar\/64c76a78e501cedee55736f43f332df901e1896ae9cd8fad269ae2236dd0e8b6?s=96&d=mm&r=g\",\"contentUrl\":\"https:\/\/secure.gravatar.com\/avatar\/64c76a78e501cedee55736f43f332df901e1896ae9cd8fad269ae2236dd0e8b6?s=96&d=mm&r=g\",\"caption\":\"La redaction\"},\"url\":\"https:\/\/vosgesinfo.fr\/epinalinfo\/author\/la-redaction\/\"}]}<\/script>\n<!-- \/ Yoast SEO plugin. -->","yoast_head_json":{"title":"\u00c9pinal c\u00e9l\u00e8bre la F\u00eate Nationale au Petit Champ-de-Mars - Epinal Info","robots":{"index":"index","follow":"follow","max-snippet":"max-snippet:-1","max-image-preview":"max-image-preview:large","max-video-preview":"max-video-preview:-1"},"canonical":"https:\/\/vosgesinfo.fr\/epinalinfo\/2025\/07\/epinal-celebre-la-fete-nationale-au-petit-champ-de-mars\/","twitter_card":"summary_large_image","twitter_title":"\u00c9pinal c\u00e9l\u00e8bre la F\u00eate Nationale au Petit Champ-de-Mars - Epinal Info","twitter_description":"Ce lundi 14 juillet, la ville d\u2019\u00c9pinal a c\u00e9l\u00e9br\u00e9 la F\u00eate nationale lors d\u2019une c\u00e9r\u00e9monie r\u00e9publicaine empreinte de solennit\u00e9 et [&hellip;]","twitter_image":"https:\/\/vosgesinfo.fr\/app\/uploads\/sites\/3\/2025\/07\/14-juillet-epinal-1er-rti.png","twitter_creator":"@VosgesInfo88","twitter_site":"@VosgesInfo88","twitter_misc":{"\u00c9crit par":"La redaction","Dur\u00e9e de lecture estim\u00e9e":"1 minute"},"schema":{"@context":"https:\/\/schema.org","@graph":[{"@type":"Article","@id":"https:\/\/vosgesinfo.fr\/epinalinfo\/2025\/07\/epinal-celebre-la-fete-nationale-au-petit-champ-de-mars\/#article","isPartOf":{"@id":"https:\/\/vosgesinfo.fr\/epinalinfo\/2025\/07\/epinal-celebre-la-fete-nationale-au-petit-champ-de-mars\/"},"author":{"name":"La redaction","@id":"https:\/\/vosgesinfo.fr\/epinalinfo\/#\/schema\/person\/27a3695b06db98895b354c0765cdfc31"},"headline":"\u00c9pinal c\u00e9l\u00e8bre la F\u00eate Nationale au Petit Champ-de-Mars","datePublished":"2025-07-14T15:45:33+00:00","dateModified":"2025-07-14T15:23:39+00:00","mainEntityOfPage":{"@id":"https:\/\/vosgesinfo.fr\/epinalinfo\/2025\/07\/epinal-celebre-la-fete-nationale-au-petit-champ-de-mars\/"},"wordCount":219,"commentCount":0,"publisher":{"@id":"https:\/\/vosgesinfo.fr\/epinalinfo\/#organization"},"image":{"@id":"https:\/\/vosgesinfo.fr\/epinalinfo\/2025\/07\/epinal-celebre-la-fete-nationale-au-petit-champ-de-mars\/#primaryimage"},"thumbnailUrl":"https:\/\/vosgesinfo.fr\/app\/uploads\/sites\/3\/2025\/07\/14-juillet-epinal-1er-rti.png","keywords":["14 juillet","Petit champ de mars","Val\u00e9rie Michel-Moreaux"],"articleSection":["A la Une","Epinal"],"inLanguage":"fr-FR","potentialAction":[{"@type":"CommentAction","name":"Comment","target":["https:\/\/vosgesinfo.fr\/epinalinfo\/2025\/07\/epinal-celebre-la-fete-nationale-au-petit-champ-de-mars\/#respond"]}]},{"@type":"WebPage","@id":"https:\/\/vosgesinfo.fr\/epinalinfo\/2025\/07\/epinal-celebre-la-fete-nationale-au-petit-champ-de-mars\/","url":"https:\/\/vosgesinfo.fr\/epinalinfo\/2025\/07\/epinal-celebre-la-fete-nationale-au-petit-champ-de-mars\/","name":"\u00c9pinal c\u00e9l\u00e8bre la F\u00eate Nationale au Petit Champ-de-Mars - Epinal Info","isPartOf":{"@id":"https:\/\/vosgesinfo.fr\/epinalinfo\/#website"},"primaryImageOfPage":{"@id":"https:\/\/vosgesinfo.fr\/epinalinfo\/2025\/07\/epinal-celebre-la-fete-nationale-au-petit-champ-de-mars\/#primaryimage"},"image":{"@id":"https:\/\/vosgesinfo.fr\/epinalinfo\/2025\/07\/epinal-celebre-la-fete-nationale-au-petit-champ-de-mars\/#primaryimage"},"thumbnailUrl":"https:\/\/vosgesinfo.fr\/app\/uploads\/sites\/3\/2025\/07\/14-juillet-epinal-1er-rti.png","datePublished":"2025-07-14T15:45:33+00:00","dateModified":"2025-07-14T15:23:39+00:00","breadcrumb":{"@id":"https:\/\/vosgesinfo.fr\/epinalinfo\/2025\/07\/epinal-celebre-la-fete-nationale-au-petit-champ-de-mars\/#breadcrumb"},"inLanguage":"fr-FR","potentialAction":[{"@type":"ReadAction","target":["https:\/\/vosgesinfo.fr\/epinalinfo\/2025\/07\/epinal-celebre-la-fete-nationale-au-petit-champ-de-mars\/"]}]},{"@type":"ImageObject","inLanguage":"fr-FR","@id":"https:\/\/vosgesinfo.fr\/epinalinfo\/2025\/07\/epinal-celebre-la-fete-nationale-au-petit-champ-de-mars\/#primaryimage","url":"https:\/\/vosgesinfo.fr\/app\/uploads\/sites\/3\/2025\/07\/14-juillet-epinal-1er-rti.png","contentUrl":"https:\/\/vosgesinfo.fr\/app\/uploads\/sites\/3\/2025\/07\/14-juillet-epinal-1er-rti.png","width":1257,"height":757,"caption":"Photographie - Facebook Pr\u00e9fecture des Vosges"},{"@type":"BreadcrumbList","@id":"https:\/\/vosgesinfo.fr\/epinalinfo\/2025\/07\/epinal-celebre-la-fete-nationale-au-petit-champ-de-mars\/#breadcrumb","itemListElement":[{"@type":"ListItem","position":1,"name":"Home","item":"https:\/\/vosgesinfo.fr\/epinalinfo\/"},{"@type":"ListItem","position":2,"name":"\u00c9pinal c\u00e9l\u00e8bre la F\u00eate Nationale au Petit Champ-de-Mars"}]},{"@type":"WebSite","@id":"https:\/\/vosgesinfo.fr\/epinalinfo\/#website","url":"https:\/\/vosgesinfo.fr\/epinalinfo\/","name":"Epinal Info","description":"Toute l&#039;actualit\u00e9 d&#039;\u00c9pinal","publisher":{"@id":"https:\/\/vosgesinfo.fr\/epinalinfo\/#organization"},"alternateName":"Toute l'actualit\u00e9 d'\u00c9pinal","potentialAction":[{"@type":"SearchAction","target":{"@type":"EntryPoint","urlTemplate":"https:\/\/vosgesinfo.fr\/epinalinfo\/?s={search_term_string}"},"query-input":"required name=search_term_string"}],"inLanguage":"fr-FR"},{"@type":"Organization","@id":"https:\/\/vosgesinfo.fr\/epinalinfo\/#organization","name":"Epinal Info","url":"https:\/\/vosgesinfo.fr\/epinalinfo\/","logo":{"@type":"ImageObject","inLanguage":"fr-FR","@id":"https:\/\/vosgesinfo.fr\/epinalinfo\/#\/schema\/logo\/image\/","url":"https:\/\/vosgesinfo.fr\/app\/uploads\/sites\/3\/2023\/08\/logo-epinalinfos.svg","contentUrl":"https:\/\/vosgesinfo.fr\/app\/uploads\/sites\/3\/2023\/08\/logo-epinalinfos.svg","width":1,"height":1,"caption":"Epinal Info"},"image":{"@id":"https:\/\/vosgesinfo.fr\/epinalinfo\/#\/schema\/logo\/image\/"},"sameAs":["https:\/\/www.facebook.com\/Epinalinfos","https:\/\/x.com\/VosgesInfo88","https:\/\/www.youtube.com\/@vosgesinfo"]},{"@type":"Person","@id":"https:\/\/vosgesinfo.fr\/epinalinfo\/#\/schema\/person\/27a3695b06db98895b354c0765cdfc31","name":"La redaction","image":{"@type":"ImageObject","inLanguage":"fr-FR","@id":"https:\/\/vosgesinfo.fr\/epinalinfo\/#\/schema\/person\/image\/","url":"https:\/\/secure.gravatar.com\/avatar\/64c76a78e501cedee55736f43f332df901e1896ae9cd8fad269ae2236dd0e8b6?s=96&d=mm&r=g","contentUrl":"https:\/\/secure.gravatar.com\/avatar\/64c76a78e501cedee55736f43f332df901e1896ae9cd8fad269ae2236dd0e8b6?s=96&d=mm&r=g","caption":"La redaction"},"url":"https:\/\/vosgesinfo.fr\/epinalinfo\/author\/la-redaction\/"}]}},"_links":{"self":[{"href":"https:\/\/vosgesinfo.fr\/epinalinfo\/wp-json\/wp\/v2\/posts\/133801","targetHints":{"allow":["GET"]}}],"collection":[{"href":"https:\/\/vosgesinfo.fr\/epinalinfo\/wp-json\/wp\/v2\/posts"}],"about":[{"href":"https:\/\/vosgesinfo.fr\/epinalinfo\/wp-json\/wp\/v2\/types\/post"}],"author":[{"embeddable":true,"href":"https:\/\/vosgesinfo.fr\/epinalinfo\/wp-json\/wp\/v2\/users\/391"}],"replies":[{"embeddable":true,"href":"https:\/\/vosgesinfo.fr\/epinalinfo\/wp-json\/wp\/v2\/comments?post=133801"}],"version-history":[{"count":1,"href":"https:\/\/vosgesinfo.fr\/epinalinfo\/wp-json\/wp\/v2\/posts\/133801\/revisions"}],"predecessor-version":[{"id":133808,"href":"https:\/\/vosgesinfo.fr\/epinalinfo\/wp-json\/wp\/v2\/posts\/133801\/revisions\/133808"}],"wp:featuredmedia":[{"embeddable":true,"href":"https:\/\/vosgesinfo.fr\/epinalinfo\/wp-json\/wp\/v2\/media\/133802"}],"wp:attachment":[{"href":"https:\/\/vosgesinfo.fr\/epinalinfo\/wp-json\/wp\/v2\/media?parent=133801"}],"wp:term":[{"taxonomy":"category","embeddable":true,"href":"https:\/\/vosgesinfo.fr\/epinalinfo\/wp-json\/wp\/v2\/categories?post=133801"},{"taxonomy":"post_tag","embeddable":true,"href":"https:\/\/vosgesinfo.fr\/epinalinfo\/wp-json\/wp\/v2\/tags?post=133801"}],"curies":[{"name":"wp","href":"https:\/\/api.w.org\/{rel}","templated":true}]}}