{"id":133811,"date":"2025-07-15T12:00:24","date_gmt":"2025-07-15T10:00:24","guid":{"rendered":"https:\/\/vosgesinfo.fr\/epinalinfo\/?p=133811"},"modified":"2025-07-15T11:42:49","modified_gmt":"2025-07-15T09:42:49","slug":"cinema-en-plein-air-aux-parcs-de-la-rotonde-a-thaon-les-vosges","status":"publish","type":"post","link":"https:\/\/vosgesinfo.fr\/epinalinfo\/2025\/07\/cinema-en-plein-air-aux-parcs-de-la-rotonde-a-thaon-les-vosges\/","title":{"rendered":"Cin\u00e9ma en plein air aux Parcs de la Rotonde \u00e0 Thaon-les-Vosges"},"content":{"rendered":"<div>Les Parcs de la Rotonde \u00e0 Thaon-les-Vosges accueilleront cet \u00e9t\u00e9 deux soir\u00e9es exceptionnelles de cin\u00e9ma en plein air, ouvertes \u00e0 tous et gratuites. L\u2019occasion de profiter d\u2019un moment convivial en famille ou entre amis, sous les \u00e9toiles.<\/div>\n<div><\/div>\n<div><\/div>\n<div><b><a href=\"https:\/\/vosgesinfo.fr\/app\/uploads\/sites\/3\/2025\/07\/cinema-plein-air-202511.png\"><img decoding=\"async\" class=\"alignright size-medium wp-image-133812\" src=\"https:\/\/vosgesinfo.fr\/app\/uploads\/sites\/3\/2025\/07\/cinema-plein-air-202511-200x300.png\" alt=\"\" width=\"200\" height=\"300\" srcset=\"https:\/\/vosgesinfo.fr\/app\/uploads\/sites\/3\/2025\/07\/cinema-plein-air-202511-200x300.png 200w, https:\/\/vosgesinfo.fr\/app\/uploads\/sites\/3\/2025\/07\/cinema-plein-air-202511-683x1024.png 683w, https:\/\/vosgesinfo.fr\/app\/uploads\/sites\/3\/2025\/07\/cinema-plein-air-202511.png 750w\" sizes=\"(max-width: 200px) 100vw, 200px\" \/><\/a>Samedi 26 juillet \u00e0 22h<\/b><br \/>\n<i>Un p\u2019tit truc en plus<\/i>\u00a0\u2013 Une com\u00e9die tendre et dr\u00f4le avec Artus, Clovis Cornillac et Alice Bela\u00efdi.<\/div>\n<div><b>Samedi 9 ao\u00fbt \u00e0 21h30<\/b><\/div>\n<div><i>Le Comte de Monte-Cristo<\/i>\u00a0\u2013 Une relecture contemporaine du grand classique, avec Pierre Niney, Bastien Bouillon, Anamaria Vartolomei et Ana\u00efs Demoustier.<\/div>\n<div>Les spectateurs pourront profiter d\u00e8s 19h d\u2019une buvette, d\u2019un espace restauration et d\u2019animations conviviales \u00e0 partir de 19h30.<\/div>\n<div><b>Entr\u00e9e libre \u2013 ambiance garantie.<\/b><br \/>\nNous recommandons aux participants de venir avec plaids et coussins pour un confort optimal.<\/div>\n","protected":false},"excerpt":{"rendered":"<p>Les Parcs de la Rotonde \u00e0 Thaon-les-Vosges accueilleront cet \u00e9t\u00e9 deux soir\u00e9es exceptionnelles de cin\u00e9ma en plein air, ouvertes \u00e0 [&hellip;]<\/p>\n","protected":false},"author":391,"featured_media":133812,"comment_status":"open","ping_status":"open","sticky":false,"template":"","format":"standard","meta":{"footnotes":""},"categories":[22,12,24],"tags":[],"class_list":["post-133811","post","type-post","status-publish","format-standard","has-post-thumbnail","hentry","category-a-la-une","category-culture","category-epinal"],"acf":[],"yoast_head":"<!-- This site is optimized with the Yoast SEO plugin v22.5 - https:\/\/yoast.com\/wordpress\/plugins\/seo\/ -->\n<title>Cin\u00e9ma en plein air aux Parcs de la Rotonde \u00e0 Thaon-les-Vosges - Epinal Info<\/title>\n<meta name=\"robots\" content=\"index, follow, max-snippet:-1, max-image-preview:large, max-video-preview:-1\" \/>\n<link rel=\"canonical\" href=\"https:\/\/vosgesinfo.fr\/epinalinfo\/2025\/07\/cinema-en-plein-air-aux-parcs-de-la-rotonde-a-thaon-les-vosges\/\" \/>\n<meta name=\"twitter:card\" content=\"summary_large_image\" \/>\n<meta name=\"twitter:title\" content=\"Cin\u00e9ma en plein air aux Parcs de la Rotonde \u00e0 Thaon-les-Vosges - Epinal Info\" \/>\n<meta name=\"twitter:description\" content=\"Les Parcs de la Rotonde \u00e0 Thaon-les-Vosges accueilleront cet \u00e9t\u00e9 deux soir\u00e9es exceptionnelles de cin\u00e9ma en plein air, ouvertes \u00e0 [&hellip;]\" \/>\n<meta name=\"twitter:image\" content=\"https:\/\/vosgesinfo.fr\/app\/uploads\/sites\/3\/2025\/07\/cinema-plein-air-202511.png\" \/>\n<meta name=\"twitter:creator\" content=\"@VosgesInfo88\" \/>\n<meta name=\"twitter:site\" content=\"@VosgesInfo88\" \/>\n<meta name=\"twitter:label1\" content=\"\u00c9crit par\" \/>\n\t<meta name=\"twitter:data1\" content=\"La redaction\" \/>\n\t<meta name=\"twitter:label2\" content=\"Dur\u00e9e de lecture estim\u00e9e\" \/>\n\t<meta name=\"twitter:data2\" content=\"1 minute\" \/>\n<script type=\"application\/ld+json\" class=\"yoast-schema-graph\">{\"@context\":\"https:\/\/schema.org\",\"@graph\":[{\"@type\":\"Article\",\"@id\":\"https:\/\/vosgesinfo.fr\/epinalinfo\/2025\/07\/cinema-en-plein-air-aux-parcs-de-la-rotonde-a-thaon-les-vosges\/#article\",\"isPartOf\":{\"@id\":\"https:\/\/vosgesinfo.fr\/epinalinfo\/2025\/07\/cinema-en-plein-air-aux-parcs-de-la-rotonde-a-thaon-les-vosges\/\"},\"author\":{\"name\":\"La redaction\",\"@id\":\"https:\/\/vosgesinfo.fr\/epinalinfo\/#\/schema\/person\/27a3695b06db98895b354c0765cdfc31\"},\"headline\":\"Cin\u00e9ma en plein air aux Parcs de la Rotonde \u00e0 Thaon-les-Vosges\",\"datePublished\":\"2025-07-15T10:00:24+00:00\",\"dateModified\":\"2025-07-15T09:42:49+00:00\",\"mainEntityOfPage\":{\"@id\":\"https:\/\/vosgesinfo.fr\/epinalinfo\/2025\/07\/cinema-en-plein-air-aux-parcs-de-la-rotonde-a-thaon-les-vosges\/\"},\"wordCount\":139,\"commentCount\":0,\"publisher\":{\"@id\":\"https:\/\/vosgesinfo.fr\/epinalinfo\/#organization\"},\"image\":{\"@id\":\"https:\/\/vosgesinfo.fr\/epinalinfo\/2025\/07\/cinema-en-plein-air-aux-parcs-de-la-rotonde-a-thaon-les-vosges\/#primaryimage\"},\"thumbnailUrl\":\"https:\/\/vosgesinfo.fr\/app\/uploads\/sites\/3\/2025\/07\/cinema-plein-air-202511.png\",\"articleSection\":[\"A la Une\",\"Culture\",\"Epinal\"],\"inLanguage\":\"fr-FR\",\"potentialAction\":[{\"@type\":\"CommentAction\",\"name\":\"Comment\",\"target\":[\"https:\/\/vosgesinfo.fr\/epinalinfo\/2025\/07\/cinema-en-plein-air-aux-parcs-de-la-rotonde-a-thaon-les-vosges\/#respond\"]}]},{\"@type\":\"WebPage\",\"@id\":\"https:\/\/vosgesinfo.fr\/epinalinfo\/2025\/07\/cinema-en-plein-air-aux-parcs-de-la-rotonde-a-thaon-les-vosges\/\",\"url\":\"https:\/\/vosgesinfo.fr\/epinalinfo\/2025\/07\/cinema-en-plein-air-aux-parcs-de-la-rotonde-a-thaon-les-vosges\/\",\"name\":\"Cin\u00e9ma en plein air aux Parcs de la Rotonde \u00e0 Thaon-les-Vosges - Epinal Info\",\"isPartOf\":{\"@id\":\"https:\/\/vosgesinfo.fr\/epinalinfo\/#website\"},\"primaryImageOfPage\":{\"@id\":\"https:\/\/vosgesinfo.fr\/epinalinfo\/2025\/07\/cinema-en-plein-air-aux-parcs-de-la-rotonde-a-thaon-les-vosges\/#primaryimage\"},\"image\":{\"@id\":\"https:\/\/vosgesinfo.fr\/epinalinfo\/2025\/07\/cinema-en-plein-air-aux-parcs-de-la-rotonde-a-thaon-les-vosges\/#primaryimage\"},\"thumbnailUrl\":\"https:\/\/vosgesinfo.fr\/app\/uploads\/sites\/3\/2025\/07\/cinema-plein-air-202511.png\",\"datePublished\":\"2025-07-15T10:00:24+00:00\",\"dateModified\":\"2025-07-15T09:42:49+00:00\",\"breadcrumb\":{\"@id\":\"https:\/\/vosgesinfo.fr\/epinalinfo\/2025\/07\/cinema-en-plein-air-aux-parcs-de-la-rotonde-a-thaon-les-vosges\/#breadcrumb\"},\"inLanguage\":\"fr-FR\",\"potentialAction\":[{\"@type\":\"ReadAction\",\"target\":[\"https:\/\/vosgesinfo.fr\/epinalinfo\/2025\/07\/cinema-en-plein-air-aux-parcs-de-la-rotonde-a-thaon-les-vosges\/\"]}]},{\"@type\":\"ImageObject\",\"inLanguage\":\"fr-FR\",\"@id\":\"https:\/\/vosgesinfo.fr\/epinalinfo\/2025\/07\/cinema-en-plein-air-aux-parcs-de-la-rotonde-a-thaon-les-vosges\/#primaryimage\",\"url\":\"https:\/\/vosgesinfo.fr\/app\/uploads\/sites\/3\/2025\/07\/cinema-plein-air-202511.png\",\"contentUrl\":\"https:\/\/vosgesinfo.fr\/app\/uploads\/sites\/3\/2025\/07\/cinema-plein-air-202511.png\",\"width\":750,\"height\":1125},{\"@type\":\"BreadcrumbList\",\"@id\":\"https:\/\/vosgesinfo.fr\/epinalinfo\/2025\/07\/cinema-en-plein-air-aux-parcs-de-la-rotonde-a-thaon-les-vosges\/#breadcrumb\",\"itemListElement\":[{\"@type\":\"ListItem\",\"position\":1,\"name\":\"Home\",\"item\":\"https:\/\/vosgesinfo.fr\/epinalinfo\/\"},{\"@type\":\"ListItem\",\"position\":2,\"name\":\"Cin\u00e9ma en plein air aux Parcs de la Rotonde \u00e0 Thaon-les-Vosges\"}]},{\"@type\":\"WebSite\",\"@id\":\"https:\/\/vosgesinfo.fr\/epinalinfo\/#website\",\"url\":\"https:\/\/vosgesinfo.fr\/epinalinfo\/\",\"name\":\"Epinal Info\",\"description\":\"Toute l&#039;actualit\u00e9 d&#039;\u00c9pinal\",\"publisher\":{\"@id\":\"https:\/\/vosgesinfo.fr\/epinalinfo\/#organization\"},\"alternateName\":\"Toute l'actualit\u00e9 d'\u00c9pinal\",\"potentialAction\":[{\"@type\":\"SearchAction\",\"target\":{\"@type\":\"EntryPoint\",\"urlTemplate\":\"https:\/\/vosgesinfo.fr\/epinalinfo\/?s={search_term_string}\"},\"query-input\":\"required name=search_term_string\"}],\"inLanguage\":\"fr-FR\"},{\"@type\":\"Organization\",\"@id\":\"https:\/\/vosgesinfo.fr\/epinalinfo\/#organization\",\"name\":\"Epinal Info\",\"url\":\"https:\/\/vosgesinfo.fr\/epinalinfo\/\",\"logo\":{\"@type\":\"ImageObject\",\"inLanguage\":\"fr-FR\",\"@id\":\"https:\/\/vosgesinfo.fr\/epinalinfo\/#\/schema\/logo\/image\/\",\"url\":\"https:\/\/vosgesinfo.fr\/app\/uploads\/sites\/3\/2023\/08\/logo-epinalinfos.svg\",\"contentUrl\":\"https:\/\/vosgesinfo.fr\/app\/uploads\/sites\/3\/2023\/08\/logo-epinalinfos.svg\",\"width\":1,\"height\":1,\"caption\":\"Epinal Info\"},\"image\":{\"@id\":\"https:\/\/vosgesinfo.fr\/epinalinfo\/#\/schema\/logo\/image\/\"},\"sameAs\":[\"https:\/\/www.facebook.com\/Epinalinfos\",\"https:\/\/x.com\/VosgesInfo88\",\"https:\/\/www.youtube.com\/@vosgesinfo\"]},{\"@type\":\"Person\",\"@id\":\"https:\/\/vosgesinfo.fr\/epinalinfo\/#\/schema\/person\/27a3695b06db98895b354c0765cdfc31\",\"name\":\"La redaction\",\"image\":{\"@type\":\"ImageObject\",\"inLanguage\":\"fr-FR\",\"@id\":\"https:\/\/vosgesinfo.fr\/epinalinfo\/#\/schema\/person\/image\/\",\"url\":\"https:\/\/secure.gravatar.com\/avatar\/64c76a78e501cedee55736f43f332df901e1896ae9cd8fad269ae2236dd0e8b6?s=96&d=mm&r=g\",\"contentUrl\":\"https:\/\/secure.gravatar.com\/avatar\/64c76a78e501cedee55736f43f332df901e1896ae9cd8fad269ae2236dd0e8b6?s=96&d=mm&r=g\",\"caption\":\"La redaction\"},\"url\":\"https:\/\/vosgesinfo.fr\/epinalinfo\/author\/la-redaction\/\"}]}<\/script>\n<!-- \/ Yoast SEO plugin. -->","yoast_head_json":{"title":"Cin\u00e9ma en plein air aux Parcs de la Rotonde \u00e0 Thaon-les-Vosges - Epinal Info","robots":{"index":"index","follow":"follow","max-snippet":"max-snippet:-1","max-image-preview":"max-image-preview:large","max-video-preview":"max-video-preview:-1"},"canonical":"https:\/\/vosgesinfo.fr\/epinalinfo\/2025\/07\/cinema-en-plein-air-aux-parcs-de-la-rotonde-a-thaon-les-vosges\/","twitter_card":"summary_large_image","twitter_title":"Cin\u00e9ma en plein air aux Parcs de la Rotonde \u00e0 Thaon-les-Vosges - Epinal Info","twitter_description":"Les Parcs de la Rotonde \u00e0 Thaon-les-Vosges accueilleront cet \u00e9t\u00e9 deux soir\u00e9es exceptionnelles de cin\u00e9ma en plein air, ouvertes \u00e0 [&hellip;]","twitter_image":"https:\/\/vosgesinfo.fr\/app\/uploads\/sites\/3\/2025\/07\/cinema-plein-air-202511.png","twitter_creator":"@VosgesInfo88","twitter_site":"@VosgesInfo88","twitter_misc":{"\u00c9crit par":"La redaction","Dur\u00e9e de lecture estim\u00e9e":"1 minute"},"schema":{"@context":"https:\/\/schema.org","@graph":[{"@type":"Article","@id":"https:\/\/vosgesinfo.fr\/epinalinfo\/2025\/07\/cinema-en-plein-air-aux-parcs-de-la-rotonde-a-thaon-les-vosges\/#article","isPartOf":{"@id":"https:\/\/vosgesinfo.fr\/epinalinfo\/2025\/07\/cinema-en-plein-air-aux-parcs-de-la-rotonde-a-thaon-les-vosges\/"},"author":{"name":"La redaction","@id":"https:\/\/vosgesinfo.fr\/epinalinfo\/#\/schema\/person\/27a3695b06db98895b354c0765cdfc31"},"headline":"Cin\u00e9ma en plein air aux Parcs de la Rotonde \u00e0 Thaon-les-Vosges","datePublished":"2025-07-15T10:00:24+00:00","dateModified":"2025-07-15T09:42:49+00:00","mainEntityOfPage":{"@id":"https:\/\/vosgesinfo.fr\/epinalinfo\/2025\/07\/cinema-en-plein-air-aux-parcs-de-la-rotonde-a-thaon-les-vosges\/"},"wordCount":139,"commentCount":0,"publisher":{"@id":"https:\/\/vosgesinfo.fr\/epinalinfo\/#organization"},"image":{"@id":"https:\/\/vosgesinfo.fr\/epinalinfo\/2025\/07\/cinema-en-plein-air-aux-parcs-de-la-rotonde-a-thaon-les-vosges\/#primaryimage"},"thumbnailUrl":"https:\/\/vosgesinfo.fr\/app\/uploads\/sites\/3\/2025\/07\/cinema-plein-air-202511.png","articleSection":["A la Une","Culture","Epinal"],"inLanguage":"fr-FR","potentialAction":[{"@type":"CommentAction","name":"Comment","target":["https:\/\/vosgesinfo.fr\/epinalinfo\/2025\/07\/cinema-en-plein-air-aux-parcs-de-la-rotonde-a-thaon-les-vosges\/#respond"]}]},{"@type":"WebPage","@id":"https:\/\/vosgesinfo.fr\/epinalinfo\/2025\/07\/cinema-en-plein-air-aux-parcs-de-la-rotonde-a-thaon-les-vosges\/","url":"https:\/\/vosgesinfo.fr\/epinalinfo\/2025\/07\/cinema-en-plein-air-aux-parcs-de-la-rotonde-a-thaon-les-vosges\/","name":"Cin\u00e9ma en plein air aux Parcs de la Rotonde \u00e0 Thaon-les-Vosges - Epinal Info","isPartOf":{"@id":"https:\/\/vosgesinfo.fr\/epinalinfo\/#website"},"primaryImageOfPage":{"@id":"https:\/\/vosgesinfo.fr\/epinalinfo\/2025\/07\/cinema-en-plein-air-aux-parcs-de-la-rotonde-a-thaon-les-vosges\/#primaryimage"},"image":{"@id":"https:\/\/vosgesinfo.fr\/epinalinfo\/2025\/07\/cinema-en-plein-air-aux-parcs-de-la-rotonde-a-thaon-les-vosges\/#primaryimage"},"thumbnailUrl":"https:\/\/vosgesinfo.fr\/app\/uploads\/sites\/3\/2025\/07\/cinema-plein-air-202511.png","datePublished":"2025-07-15T10:00:24+00:00","dateModified":"2025-07-15T09:42:49+00:00","breadcrumb":{"@id":"https:\/\/vosgesinfo.fr\/epinalinfo\/2025\/07\/cinema-en-plein-air-aux-parcs-de-la-rotonde-a-thaon-les-vosges\/#breadcrumb"},"inLanguage":"fr-FR","potentialAction":[{"@type":"ReadAction","target":["https:\/\/vosgesinfo.fr\/epinalinfo\/2025\/07\/cinema-en-plein-air-aux-parcs-de-la-rotonde-a-thaon-les-vosges\/"]}]},{"@type":"ImageObject","inLanguage":"fr-FR","@id":"https:\/\/vosgesinfo.fr\/epinalinfo\/2025\/07\/cinema-en-plein-air-aux-parcs-de-la-rotonde-a-thaon-les-vosges\/#primaryimage","url":"https:\/\/vosgesinfo.fr\/app\/uploads\/sites\/3\/2025\/07\/cinema-plein-air-202511.png","contentUrl":"https:\/\/vosgesinfo.fr\/app\/uploads\/sites\/3\/2025\/07\/cinema-plein-air-202511.png","width":750,"height":1125},{"@type":"BreadcrumbList","@id":"https:\/\/vosgesinfo.fr\/epinalinfo\/2025\/07\/cinema-en-plein-air-aux-parcs-de-la-rotonde-a-thaon-les-vosges\/#breadcrumb","itemListElement":[{"@type":"ListItem","position":1,"name":"Home","item":"https:\/\/vosgesinfo.fr\/epinalinfo\/"},{"@type":"ListItem","position":2,"name":"Cin\u00e9ma en plein air aux Parcs de la Rotonde \u00e0 Thaon-les-Vosges"}]},{"@type":"WebSite","@id":"https:\/\/vosgesinfo.fr\/epinalinfo\/#website","url":"https:\/\/vosgesinfo.fr\/epinalinfo\/","name":"Epinal Info","description":"Toute l&#039;actualit\u00e9 d&#039;\u00c9pinal","publisher":{"@id":"https:\/\/vosgesinfo.fr\/epinalinfo\/#organization"},"alternateName":"Toute l'actualit\u00e9 d'\u00c9pinal","potentialAction":[{"@type":"SearchAction","target":{"@type":"EntryPoint","urlTemplate":"https:\/\/vosgesinfo.fr\/epinalinfo\/?s={search_term_string}"},"query-input":"required name=search_term_string"}],"inLanguage":"fr-FR"},{"@type":"Organization","@id":"https:\/\/vosgesinfo.fr\/epinalinfo\/#organization","name":"Epinal Info","url":"https:\/\/vosgesinfo.fr\/epinalinfo\/","logo":{"@type":"ImageObject","inLanguage":"fr-FR","@id":"https:\/\/vosgesinfo.fr\/epinalinfo\/#\/schema\/logo\/image\/","url":"https:\/\/vosgesinfo.fr\/app\/uploads\/sites\/3\/2023\/08\/logo-epinalinfos.svg","contentUrl":"https:\/\/vosgesinfo.fr\/app\/uploads\/sites\/3\/2023\/08\/logo-epinalinfos.svg","width":1,"height":1,"caption":"Epinal Info"},"image":{"@id":"https:\/\/vosgesinfo.fr\/epinalinfo\/#\/schema\/logo\/image\/"},"sameAs":["https:\/\/www.facebook.com\/Epinalinfos","https:\/\/x.com\/VosgesInfo88","https:\/\/www.youtube.com\/@vosgesinfo"]},{"@type":"Person","@id":"https:\/\/vosgesinfo.fr\/epinalinfo\/#\/schema\/person\/27a3695b06db98895b354c0765cdfc31","name":"La redaction","image":{"@type":"ImageObject","inLanguage":"fr-FR","@id":"https:\/\/vosgesinfo.fr\/epinalinfo\/#\/schema\/person\/image\/","url":"https:\/\/secure.gravatar.com\/avatar\/64c76a78e501cedee55736f43f332df901e1896ae9cd8fad269ae2236dd0e8b6?s=96&d=mm&r=g","contentUrl":"https:\/\/secure.gravatar.com\/avatar\/64c76a78e501cedee55736f43f332df901e1896ae9cd8fad269ae2236dd0e8b6?s=96&d=mm&r=g","caption":"La redaction"},"url":"https:\/\/vosgesinfo.fr\/epinalinfo\/author\/la-redaction\/"}]}},"_links":{"self":[{"href":"https:\/\/vosgesinfo.fr\/epinalinfo\/wp-json\/wp\/v2\/posts\/133811","targetHints":{"allow":["GET"]}}],"collection":[{"href":"https:\/\/vosgesinfo.fr\/epinalinfo\/wp-json\/wp\/v2\/posts"}],"about":[{"href":"https:\/\/vosgesinfo.fr\/epinalinfo\/wp-json\/wp\/v2\/types\/post"}],"author":[{"embeddable":true,"href":"https:\/\/vosgesinfo.fr\/epinalinfo\/wp-json\/wp\/v2\/users\/391"}],"replies":[{"embeddable":true,"href":"https:\/\/vosgesinfo.fr\/epinalinfo\/wp-json\/wp\/v2\/comments?post=133811"}],"version-history":[{"count":1,"href":"https:\/\/vosgesinfo.fr\/epinalinfo\/wp-json\/wp\/v2\/posts\/133811\/revisions"}],"predecessor-version":[{"id":133824,"href":"https:\/\/vosgesinfo.fr\/epinalinfo\/wp-json\/wp\/v2\/posts\/133811\/revisions\/133824"}],"wp:featuredmedia":[{"embeddable":true,"href":"https:\/\/vosgesinfo.fr\/epinalinfo\/wp-json\/wp\/v2\/media\/133812"}],"wp:attachment":[{"href":"https:\/\/vosgesinfo.fr\/epinalinfo\/wp-json\/wp\/v2\/media?parent=133811"}],"wp:term":[{"taxonomy":"category","embeddable":true,"href":"https:\/\/vosgesinfo.fr\/epinalinfo\/wp-json\/wp\/v2\/categories?post=133811"},{"taxonomy":"post_tag","embeddable":true,"href":"https:\/\/vosgesinfo.fr\/epinalinfo\/wp-json\/wp\/v2\/tags?post=133811"}],"curies":[{"name":"wp","href":"https:\/\/api.w.org\/{rel}","templated":true}]}}