{"id":133841,"date":"2025-07-16T09:10:02","date_gmt":"2025-07-16T07:10:02","guid":{"rendered":"https:\/\/vosgesinfo.fr\/epinalinfo\/?p=133841"},"modified":"2025-07-16T08:56:27","modified_gmt":"2025-07-16T06:56:27","slug":"thaon-la-prochaine-guinguette-se-tiendra-samedi-19-juillet","status":"publish","type":"post","link":"https:\/\/vosgesinfo.fr\/epinalinfo\/2025\/07\/thaon-la-prochaine-guinguette-se-tiendra-samedi-19-juillet\/","title":{"rendered":"Thaon &#8211; La prochaine guinguette se tiendra samedi 19 juillet"},"content":{"rendered":"<p><a href=\"https:\/\/vosgesinfo.fr\/app\/uploads\/sites\/3\/2025\/07\/guinguettes-ete-2025-1.png\"><img decoding=\"async\" class=\"aligncenter wp-image-133842 size-large\" src=\"https:\/\/vosgesinfo.fr\/app\/uploads\/sites\/3\/2025\/07\/guinguettes-ete-2025-1-724x1024.png\" alt=\"\" width=\"724\" height=\"1024\" srcset=\"https:\/\/vosgesinfo.fr\/app\/uploads\/sites\/3\/2025\/07\/guinguettes-ete-2025-1-724x1024.png 724w, https:\/\/vosgesinfo.fr\/app\/uploads\/sites\/3\/2025\/07\/guinguettes-ete-2025-1-212x300.png 212w, https:\/\/vosgesinfo.fr\/app\/uploads\/sites\/3\/2025\/07\/guinguettes-ete-2025-1-768x1086.png 768w, https:\/\/vosgesinfo.fr\/app\/uploads\/sites\/3\/2025\/07\/guinguettes-ete-2025-1-1086x1536.png 1086w, https:\/\/vosgesinfo.fr\/app\/uploads\/sites\/3\/2025\/07\/guinguettes-ete-2025-1-1448x2048.png 1448w, https:\/\/vosgesinfo.fr\/app\/uploads\/sites\/3\/2025\/07\/guinguettes-ete-2025-1.png 1587w\" sizes=\"(max-width: 724px) 100vw, 724px\" \/><\/a>La premi\u00e8re <strong>Soir\u00e9e Guinguette<\/strong>\u00a0de l&rsquo;\u00e9t\u00e9 \u00e0 <strong>Thaon-les-Vosges<\/strong>\u00a0se tiendra ce <strong>samedi 19 juillet 2025<\/strong>, \u00e0 partir de <strong>18h30<\/strong>, dans la <strong>cour de la Coop\u2019 \u2013 place Jules Ferry<\/strong>.<\/p>\n<p>Au programme :<br \/>\n<strong>Nathalie Bernat<\/strong>\u00a0en concert live pour une ambiance festive et dansante<br \/>\nBuvette assur\u00e9e par le bar itin\u00e9rant <strong>Les Bouchons Vagabonds<\/strong><br \/>\nRestauration sur place avec le foodtruck <strong>Manger chez Charl\u00e8ne<\/strong><\/p>\n<p>Les Soir\u00e9es Guinguettes, ce sont des rendez-vous conviviaux et gratuits en plein air, ouverts \u00e0 tous, pour c\u00e9l\u00e9brer l\u2019\u00e9t\u00e9 en musique !<\/p>\n<p><strong>Cour de la Coop\u2019 \u2013 place Jules Ferry, Thaon-les-Vosges &#8211; De 18h30 \u00e0 21h30 &#8211; Entr\u00e9e libre et gratuite<\/strong><\/p>\n<p>Les prochaines soir\u00e9es auront lieu les <strong>2, 16 et 23 ao\u00fbt<\/strong>, avec de nouveaux artistes \u00e0 d\u00e9couvrir \u00e0 chaque date.<\/p>\n","protected":false},"excerpt":{"rendered":"<p>La premi\u00e8re Soir\u00e9e Guinguette\u00a0de l&rsquo;\u00e9t\u00e9 \u00e0 Thaon-les-Vosges\u00a0se tiendra ce samedi 19 juillet 2025, \u00e0 partir de 18h30, dans la cour [&hellip;]<\/p>\n","protected":false},"author":391,"featured_media":133842,"comment_status":"open","ping_status":"open","sticky":false,"template":"","format":"standard","meta":{"footnotes":""},"categories":[22,93],"tags":[],"class_list":["post-133841","post","type-post","status-publish","format-standard","has-post-thumbnail","hentry","category-a-la-une","category-thaon-les-vosges"],"acf":[],"yoast_head":"<!-- This site is optimized with the Yoast SEO plugin v22.5 - https:\/\/yoast.com\/wordpress\/plugins\/seo\/ -->\n<title>Thaon - La prochaine guinguette se tiendra samedi 19 juillet - Epinal Info<\/title>\n<meta name=\"robots\" content=\"index, follow, max-snippet:-1, max-image-preview:large, max-video-preview:-1\" \/>\n<link rel=\"canonical\" href=\"https:\/\/vosgesinfo.fr\/epinalinfo\/2025\/07\/thaon-la-prochaine-guinguette-se-tiendra-samedi-19-juillet\/\" \/>\n<meta name=\"twitter:card\" content=\"summary_large_image\" \/>\n<meta name=\"twitter:title\" content=\"Thaon - La prochaine guinguette se tiendra samedi 19 juillet - Epinal Info\" \/>\n<meta name=\"twitter:description\" content=\"La premi\u00e8re Soir\u00e9e Guinguette\u00a0de l&rsquo;\u00e9t\u00e9 \u00e0 Thaon-les-Vosges\u00a0se tiendra ce samedi 19 juillet 2025, \u00e0 partir de 18h30, dans la cour [&hellip;]\" \/>\n<meta name=\"twitter:image\" content=\"https:\/\/vosgesinfo.fr\/app\/uploads\/sites\/3\/2025\/07\/guinguettes-ete-2025-1.png\" \/>\n<meta name=\"twitter:creator\" content=\"@VosgesInfo88\" \/>\n<meta name=\"twitter:site\" content=\"@VosgesInfo88\" \/>\n<meta name=\"twitter:label1\" content=\"\u00c9crit par\" \/>\n\t<meta name=\"twitter:data1\" content=\"La redaction\" \/>\n\t<meta name=\"twitter:label2\" content=\"Dur\u00e9e de lecture estim\u00e9e\" \/>\n\t<meta name=\"twitter:data2\" content=\"1 minute\" \/>\n<script type=\"application\/ld+json\" class=\"yoast-schema-graph\">{\"@context\":\"https:\/\/schema.org\",\"@graph\":[{\"@type\":\"Article\",\"@id\":\"https:\/\/vosgesinfo.fr\/epinalinfo\/2025\/07\/thaon-la-prochaine-guinguette-se-tiendra-samedi-19-juillet\/#article\",\"isPartOf\":{\"@id\":\"https:\/\/vosgesinfo.fr\/epinalinfo\/2025\/07\/thaon-la-prochaine-guinguette-se-tiendra-samedi-19-juillet\/\"},\"author\":{\"name\":\"La redaction\",\"@id\":\"https:\/\/vosgesinfo.fr\/epinalinfo\/#\/schema\/person\/27a3695b06db98895b354c0765cdfc31\"},\"headline\":\"Thaon &#8211; La prochaine guinguette se tiendra samedi 19 juillet\",\"datePublished\":\"2025-07-16T07:10:02+00:00\",\"dateModified\":\"2025-07-16T06:56:27+00:00\",\"mainEntityOfPage\":{\"@id\":\"https:\/\/vosgesinfo.fr\/epinalinfo\/2025\/07\/thaon-la-prochaine-guinguette-se-tiendra-samedi-19-juillet\/\"},\"wordCount\":130,\"commentCount\":2,\"publisher\":{\"@id\":\"https:\/\/vosgesinfo.fr\/epinalinfo\/#organization\"},\"image\":{\"@id\":\"https:\/\/vosgesinfo.fr\/epinalinfo\/2025\/07\/thaon-la-prochaine-guinguette-se-tiendra-samedi-19-juillet\/#primaryimage\"},\"thumbnailUrl\":\"https:\/\/vosgesinfo.fr\/app\/uploads\/sites\/3\/2025\/07\/guinguettes-ete-2025-1.png\",\"articleSection\":[\"A la Une\",\"Thaon-les-Vosges\"],\"inLanguage\":\"fr-FR\",\"potentialAction\":[{\"@type\":\"CommentAction\",\"name\":\"Comment\",\"target\":[\"https:\/\/vosgesinfo.fr\/epinalinfo\/2025\/07\/thaon-la-prochaine-guinguette-se-tiendra-samedi-19-juillet\/#respond\"]}]},{\"@type\":\"WebPage\",\"@id\":\"https:\/\/vosgesinfo.fr\/epinalinfo\/2025\/07\/thaon-la-prochaine-guinguette-se-tiendra-samedi-19-juillet\/\",\"url\":\"https:\/\/vosgesinfo.fr\/epinalinfo\/2025\/07\/thaon-la-prochaine-guinguette-se-tiendra-samedi-19-juillet\/\",\"name\":\"Thaon - La prochaine guinguette se tiendra samedi 19 juillet - Epinal Info\",\"isPartOf\":{\"@id\":\"https:\/\/vosgesinfo.fr\/epinalinfo\/#website\"},\"primaryImageOfPage\":{\"@id\":\"https:\/\/vosgesinfo.fr\/epinalinfo\/2025\/07\/thaon-la-prochaine-guinguette-se-tiendra-samedi-19-juillet\/#primaryimage\"},\"image\":{\"@id\":\"https:\/\/vosgesinfo.fr\/epinalinfo\/2025\/07\/thaon-la-prochaine-guinguette-se-tiendra-samedi-19-juillet\/#primaryimage\"},\"thumbnailUrl\":\"https:\/\/vosgesinfo.fr\/app\/uploads\/sites\/3\/2025\/07\/guinguettes-ete-2025-1.png\",\"datePublished\":\"2025-07-16T07:10:02+00:00\",\"dateModified\":\"2025-07-16T06:56:27+00:00\",\"breadcrumb\":{\"@id\":\"https:\/\/vosgesinfo.fr\/epinalinfo\/2025\/07\/thaon-la-prochaine-guinguette-se-tiendra-samedi-19-juillet\/#breadcrumb\"},\"inLanguage\":\"fr-FR\",\"potentialAction\":[{\"@type\":\"ReadAction\",\"target\":[\"https:\/\/vosgesinfo.fr\/epinalinfo\/2025\/07\/thaon-la-prochaine-guinguette-se-tiendra-samedi-19-juillet\/\"]}]},{\"@type\":\"ImageObject\",\"inLanguage\":\"fr-FR\",\"@id\":\"https:\/\/vosgesinfo.fr\/epinalinfo\/2025\/07\/thaon-la-prochaine-guinguette-se-tiendra-samedi-19-juillet\/#primaryimage\",\"url\":\"https:\/\/vosgesinfo.fr\/app\/uploads\/sites\/3\/2025\/07\/guinguettes-ete-2025-1.png\",\"contentUrl\":\"https:\/\/vosgesinfo.fr\/app\/uploads\/sites\/3\/2025\/07\/guinguettes-ete-2025-1.png\",\"width\":1587,\"height\":2245},{\"@type\":\"BreadcrumbList\",\"@id\":\"https:\/\/vosgesinfo.fr\/epinalinfo\/2025\/07\/thaon-la-prochaine-guinguette-se-tiendra-samedi-19-juillet\/#breadcrumb\",\"itemListElement\":[{\"@type\":\"ListItem\",\"position\":1,\"name\":\"Home\",\"item\":\"https:\/\/vosgesinfo.fr\/epinalinfo\/\"},{\"@type\":\"ListItem\",\"position\":2,\"name\":\"Thaon &#8211; La prochaine guinguette se tiendra samedi 19 juillet\"}]},{\"@type\":\"WebSite\",\"@id\":\"https:\/\/vosgesinfo.fr\/epinalinfo\/#website\",\"url\":\"https:\/\/vosgesinfo.fr\/epinalinfo\/\",\"name\":\"Epinal Info\",\"description\":\"Toute l&#039;actualit\u00e9 d&#039;\u00c9pinal\",\"publisher\":{\"@id\":\"https:\/\/vosgesinfo.fr\/epinalinfo\/#organization\"},\"alternateName\":\"Toute l'actualit\u00e9 d'\u00c9pinal\",\"potentialAction\":[{\"@type\":\"SearchAction\",\"target\":{\"@type\":\"EntryPoint\",\"urlTemplate\":\"https:\/\/vosgesinfo.fr\/epinalinfo\/?s={search_term_string}\"},\"query-input\":\"required name=search_term_string\"}],\"inLanguage\":\"fr-FR\"},{\"@type\":\"Organization\",\"@id\":\"https:\/\/vosgesinfo.fr\/epinalinfo\/#organization\",\"name\":\"Epinal Info\",\"url\":\"https:\/\/vosgesinfo.fr\/epinalinfo\/\",\"logo\":{\"@type\":\"ImageObject\",\"inLanguage\":\"fr-FR\",\"@id\":\"https:\/\/vosgesinfo.fr\/epinalinfo\/#\/schema\/logo\/image\/\",\"url\":\"https:\/\/vosgesinfo.fr\/app\/uploads\/sites\/3\/2023\/08\/logo-epinalinfos.svg\",\"contentUrl\":\"https:\/\/vosgesinfo.fr\/app\/uploads\/sites\/3\/2023\/08\/logo-epinalinfos.svg\",\"width\":1,\"height\":1,\"caption\":\"Epinal Info\"},\"image\":{\"@id\":\"https:\/\/vosgesinfo.fr\/epinalinfo\/#\/schema\/logo\/image\/\"},\"sameAs\":[\"https:\/\/www.facebook.com\/Epinalinfos\",\"https:\/\/x.com\/VosgesInfo88\",\"https:\/\/www.youtube.com\/@vosgesinfo\"]},{\"@type\":\"Person\",\"@id\":\"https:\/\/vosgesinfo.fr\/epinalinfo\/#\/schema\/person\/27a3695b06db98895b354c0765cdfc31\",\"name\":\"La redaction\",\"image\":{\"@type\":\"ImageObject\",\"inLanguage\":\"fr-FR\",\"@id\":\"https:\/\/vosgesinfo.fr\/epinalinfo\/#\/schema\/person\/image\/\",\"url\":\"https:\/\/secure.gravatar.com\/avatar\/64c76a78e501cedee55736f43f332df901e1896ae9cd8fad269ae2236dd0e8b6?s=96&d=mm&r=g\",\"contentUrl\":\"https:\/\/secure.gravatar.com\/avatar\/64c76a78e501cedee55736f43f332df901e1896ae9cd8fad269ae2236dd0e8b6?s=96&d=mm&r=g\",\"caption\":\"La redaction\"},\"url\":\"https:\/\/vosgesinfo.fr\/epinalinfo\/author\/la-redaction\/\"}]}<\/script>\n<!-- \/ Yoast SEO plugin. -->","yoast_head_json":{"title":"Thaon - La prochaine guinguette se tiendra samedi 19 juillet - Epinal Info","robots":{"index":"index","follow":"follow","max-snippet":"max-snippet:-1","max-image-preview":"max-image-preview:large","max-video-preview":"max-video-preview:-1"},"canonical":"https:\/\/vosgesinfo.fr\/epinalinfo\/2025\/07\/thaon-la-prochaine-guinguette-se-tiendra-samedi-19-juillet\/","twitter_card":"summary_large_image","twitter_title":"Thaon - La prochaine guinguette se tiendra samedi 19 juillet - Epinal Info","twitter_description":"La premi\u00e8re Soir\u00e9e Guinguette\u00a0de l&rsquo;\u00e9t\u00e9 \u00e0 Thaon-les-Vosges\u00a0se tiendra ce samedi 19 juillet 2025, \u00e0 partir de 18h30, dans la cour [&hellip;]","twitter_image":"https:\/\/vosgesinfo.fr\/app\/uploads\/sites\/3\/2025\/07\/guinguettes-ete-2025-1.png","twitter_creator":"@VosgesInfo88","twitter_site":"@VosgesInfo88","twitter_misc":{"\u00c9crit par":"La redaction","Dur\u00e9e de lecture estim\u00e9e":"1 minute"},"schema":{"@context":"https:\/\/schema.org","@graph":[{"@type":"Article","@id":"https:\/\/vosgesinfo.fr\/epinalinfo\/2025\/07\/thaon-la-prochaine-guinguette-se-tiendra-samedi-19-juillet\/#article","isPartOf":{"@id":"https:\/\/vosgesinfo.fr\/epinalinfo\/2025\/07\/thaon-la-prochaine-guinguette-se-tiendra-samedi-19-juillet\/"},"author":{"name":"La redaction","@id":"https:\/\/vosgesinfo.fr\/epinalinfo\/#\/schema\/person\/27a3695b06db98895b354c0765cdfc31"},"headline":"Thaon &#8211; La prochaine guinguette se tiendra samedi 19 juillet","datePublished":"2025-07-16T07:10:02+00:00","dateModified":"2025-07-16T06:56:27+00:00","mainEntityOfPage":{"@id":"https:\/\/vosgesinfo.fr\/epinalinfo\/2025\/07\/thaon-la-prochaine-guinguette-se-tiendra-samedi-19-juillet\/"},"wordCount":130,"commentCount":2,"publisher":{"@id":"https:\/\/vosgesinfo.fr\/epinalinfo\/#organization"},"image":{"@id":"https:\/\/vosgesinfo.fr\/epinalinfo\/2025\/07\/thaon-la-prochaine-guinguette-se-tiendra-samedi-19-juillet\/#primaryimage"},"thumbnailUrl":"https:\/\/vosgesinfo.fr\/app\/uploads\/sites\/3\/2025\/07\/guinguettes-ete-2025-1.png","articleSection":["A la Une","Thaon-les-Vosges"],"inLanguage":"fr-FR","potentialAction":[{"@type":"CommentAction","name":"Comment","target":["https:\/\/vosgesinfo.fr\/epinalinfo\/2025\/07\/thaon-la-prochaine-guinguette-se-tiendra-samedi-19-juillet\/#respond"]}]},{"@type":"WebPage","@id":"https:\/\/vosgesinfo.fr\/epinalinfo\/2025\/07\/thaon-la-prochaine-guinguette-se-tiendra-samedi-19-juillet\/","url":"https:\/\/vosgesinfo.fr\/epinalinfo\/2025\/07\/thaon-la-prochaine-guinguette-se-tiendra-samedi-19-juillet\/","name":"Thaon - La prochaine guinguette se tiendra samedi 19 juillet - Epinal Info","isPartOf":{"@id":"https:\/\/vosgesinfo.fr\/epinalinfo\/#website"},"primaryImageOfPage":{"@id":"https:\/\/vosgesinfo.fr\/epinalinfo\/2025\/07\/thaon-la-prochaine-guinguette-se-tiendra-samedi-19-juillet\/#primaryimage"},"image":{"@id":"https:\/\/vosgesinfo.fr\/epinalinfo\/2025\/07\/thaon-la-prochaine-guinguette-se-tiendra-samedi-19-juillet\/#primaryimage"},"thumbnailUrl":"https:\/\/vosgesinfo.fr\/app\/uploads\/sites\/3\/2025\/07\/guinguettes-ete-2025-1.png","datePublished":"2025-07-16T07:10:02+00:00","dateModified":"2025-07-16T06:56:27+00:00","breadcrumb":{"@id":"https:\/\/vosgesinfo.fr\/epinalinfo\/2025\/07\/thaon-la-prochaine-guinguette-se-tiendra-samedi-19-juillet\/#breadcrumb"},"inLanguage":"fr-FR","potentialAction":[{"@type":"ReadAction","target":["https:\/\/vosgesinfo.fr\/epinalinfo\/2025\/07\/thaon-la-prochaine-guinguette-se-tiendra-samedi-19-juillet\/"]}]},{"@type":"ImageObject","inLanguage":"fr-FR","@id":"https:\/\/vosgesinfo.fr\/epinalinfo\/2025\/07\/thaon-la-prochaine-guinguette-se-tiendra-samedi-19-juillet\/#primaryimage","url":"https:\/\/vosgesinfo.fr\/app\/uploads\/sites\/3\/2025\/07\/guinguettes-ete-2025-1.png","contentUrl":"https:\/\/vosgesinfo.fr\/app\/uploads\/sites\/3\/2025\/07\/guinguettes-ete-2025-1.png","width":1587,"height":2245},{"@type":"BreadcrumbList","@id":"https:\/\/vosgesinfo.fr\/epinalinfo\/2025\/07\/thaon-la-prochaine-guinguette-se-tiendra-samedi-19-juillet\/#breadcrumb","itemListElement":[{"@type":"ListItem","position":1,"name":"Home","item":"https:\/\/vosgesinfo.fr\/epinalinfo\/"},{"@type":"ListItem","position":2,"name":"Thaon &#8211; La prochaine guinguette se tiendra samedi 19 juillet"}]},{"@type":"WebSite","@id":"https:\/\/vosgesinfo.fr\/epinalinfo\/#website","url":"https:\/\/vosgesinfo.fr\/epinalinfo\/","name":"Epinal Info","description":"Toute l&#039;actualit\u00e9 d&#039;\u00c9pinal","publisher":{"@id":"https:\/\/vosgesinfo.fr\/epinalinfo\/#organization"},"alternateName":"Toute l'actualit\u00e9 d'\u00c9pinal","potentialAction":[{"@type":"SearchAction","target":{"@type":"EntryPoint","urlTemplate":"https:\/\/vosgesinfo.fr\/epinalinfo\/?s={search_term_string}"},"query-input":"required name=search_term_string"}],"inLanguage":"fr-FR"},{"@type":"Organization","@id":"https:\/\/vosgesinfo.fr\/epinalinfo\/#organization","name":"Epinal Info","url":"https:\/\/vosgesinfo.fr\/epinalinfo\/","logo":{"@type":"ImageObject","inLanguage":"fr-FR","@id":"https:\/\/vosgesinfo.fr\/epinalinfo\/#\/schema\/logo\/image\/","url":"https:\/\/vosgesinfo.fr\/app\/uploads\/sites\/3\/2023\/08\/logo-epinalinfos.svg","contentUrl":"https:\/\/vosgesinfo.fr\/app\/uploads\/sites\/3\/2023\/08\/logo-epinalinfos.svg","width":1,"height":1,"caption":"Epinal Info"},"image":{"@id":"https:\/\/vosgesinfo.fr\/epinalinfo\/#\/schema\/logo\/image\/"},"sameAs":["https:\/\/www.facebook.com\/Epinalinfos","https:\/\/x.com\/VosgesInfo88","https:\/\/www.youtube.com\/@vosgesinfo"]},{"@type":"Person","@id":"https:\/\/vosgesinfo.fr\/epinalinfo\/#\/schema\/person\/27a3695b06db98895b354c0765cdfc31","name":"La redaction","image":{"@type":"ImageObject","inLanguage":"fr-FR","@id":"https:\/\/vosgesinfo.fr\/epinalinfo\/#\/schema\/person\/image\/","url":"https:\/\/secure.gravatar.com\/avatar\/64c76a78e501cedee55736f43f332df901e1896ae9cd8fad269ae2236dd0e8b6?s=96&d=mm&r=g","contentUrl":"https:\/\/secure.gravatar.com\/avatar\/64c76a78e501cedee55736f43f332df901e1896ae9cd8fad269ae2236dd0e8b6?s=96&d=mm&r=g","caption":"La redaction"},"url":"https:\/\/vosgesinfo.fr\/epinalinfo\/author\/la-redaction\/"}]}},"_links":{"self":[{"href":"https:\/\/vosgesinfo.fr\/epinalinfo\/wp-json\/wp\/v2\/posts\/133841","targetHints":{"allow":["GET"]}}],"collection":[{"href":"https:\/\/vosgesinfo.fr\/epinalinfo\/wp-json\/wp\/v2\/posts"}],"about":[{"href":"https:\/\/vosgesinfo.fr\/epinalinfo\/wp-json\/wp\/v2\/types\/post"}],"author":[{"embeddable":true,"href":"https:\/\/vosgesinfo.fr\/epinalinfo\/wp-json\/wp\/v2\/users\/391"}],"replies":[{"embeddable":true,"href":"https:\/\/vosgesinfo.fr\/epinalinfo\/wp-json\/wp\/v2\/comments?post=133841"}],"version-history":[{"count":1,"href":"https:\/\/vosgesinfo.fr\/epinalinfo\/wp-json\/wp\/v2\/posts\/133841\/revisions"}],"predecessor-version":[{"id":133843,"href":"https:\/\/vosgesinfo.fr\/epinalinfo\/wp-json\/wp\/v2\/posts\/133841\/revisions\/133843"}],"wp:featuredmedia":[{"embeddable":true,"href":"https:\/\/vosgesinfo.fr\/epinalinfo\/wp-json\/wp\/v2\/media\/133842"}],"wp:attachment":[{"href":"https:\/\/vosgesinfo.fr\/epinalinfo\/wp-json\/wp\/v2\/media?parent=133841"}],"wp:term":[{"taxonomy":"category","embeddable":true,"href":"https:\/\/vosgesinfo.fr\/epinalinfo\/wp-json\/wp\/v2\/categories?post=133841"},{"taxonomy":"post_tag","embeddable":true,"href":"https:\/\/vosgesinfo.fr\/epinalinfo\/wp-json\/wp\/v2\/tags?post=133841"}],"curies":[{"name":"wp","href":"https:\/\/api.w.org\/{rel}","templated":true}]}}