{"id":134205,"date":"2025-09-01T07:00:29","date_gmt":"2025-09-01T05:00:29","guid":{"rendered":"https:\/\/vosgesinfo.fr\/epinalinfo\/?p=134205"},"modified":"2025-08-08T14:56:09","modified_gmt":"2025-08-08T12:56:09","slug":"happy-green-campus-evodia-et-ses-partenaires-unis-pour-le-reemploi-et-contre-la-precarite-etudiante-2","status":"publish","type":"post","link":"https:\/\/vosgesinfo.fr\/epinalinfo\/2025\/09\/happy-green-campus-evodia-et-ses-partenaires-unis-pour-le-reemploi-et-contre-la-precarite-etudiante-2\/","title":{"rendered":"Happy Green Campus : EVODIA et ses partenaires unis pour le r\u00e9emploi et contre la pr\u00e9carit\u00e9 \u00e9tudiante"},"content":{"rendered":"<h2 data-start=\"275\" data-end=\"657\"><strong><a href=\"https:\/\/vosgesinfo.fr\/app\/uploads\/sites\/3\/2025\/08\/happy-green-campus-affiche.jpg\"><img decoding=\"async\" class=\"aligncenter size-full wp-image-134203\" src=\"https:\/\/vosgesinfo.fr\/app\/uploads\/sites\/3\/2025\/08\/happy-green-campus-affiche.jpg\" alt=\"\" width=\"1414\" height=\"2000\" srcset=\"https:\/\/vosgesinfo.fr\/app\/uploads\/sites\/3\/2025\/08\/happy-green-campus-affiche.jpg 1414w, https:\/\/vosgesinfo.fr\/app\/uploads\/sites\/3\/2025\/08\/happy-green-campus-affiche-212x300.jpg 212w, https:\/\/vosgesinfo.fr\/app\/uploads\/sites\/3\/2025\/08\/happy-green-campus-affiche-724x1024.jpg 724w, https:\/\/vosgesinfo.fr\/app\/uploads\/sites\/3\/2025\/08\/happy-green-campus-affiche-768x1086.jpg 768w, https:\/\/vosgesinfo.fr\/app\/uploads\/sites\/3\/2025\/08\/happy-green-campus-affiche-1086x1536.jpg 1086w\" sizes=\"(max-width: 1414px) 100vw, 1414px\" \/><\/a>Le 3 septembre prochain, de 16h \u00e0 22h, l\u2019Espace Cours d\u2019\u00c9pinal accueillera la premi\u00e8re \u00e9dition de Happy Green Campus, un \u00e9v\u00e9nement gratuit, solidaire et \u00e9coresponsable, imagin\u00e9 pour accompagner les \u00e9tudiants et jeunes actifs vosgiens dans leur rentr\u00e9e. Au programme : friperie \u00e9ph\u00e9m\u00e8re, zone de don, ateliers DIY, pr\u00e9vention sant\u00e9 et bons plans pour s\u2019\u00e9quiper \u00e0 petits prix.<\/strong><\/h2>\n<h3 data-start=\"659\" data-end=\"708\"><strong data-start=\"662\" data-end=\"708\">R\u00e9emploi et vie \u00e9tudiante : un duo gagnant<\/strong><\/h3>\n<p data-start=\"709\" data-end=\"1026\">Pour les 4 000 \u00e9tudiants vosgiens, la rentr\u00e9e rime souvent avec budget serr\u00e9. Conscient de cette r\u00e9alit\u00e9, <strong data-start=\"815\" data-end=\"825\">EVODIA<\/strong> et ses partenaires se mobilisent pour offrir une alternative concr\u00e8te : montrer que le <strong data-start=\"913\" data-end=\"925\">r\u00e9emploi<\/strong> n\u2019est pas seulement un geste \u00e9cologique, mais aussi un v\u00e9ritable levier d\u2019autonomie et d\u2019\u00e9conomie.<\/p>\n<p data-start=\"1028\" data-end=\"1465\">Gr\u00e2ce aux principes des <strong data-start=\"1052\" data-end=\"1058\">4R<\/strong> \u2014 <em data-start=\"1061\" data-end=\"1101\">R\u00e9duire, R\u00e9utiliser, R\u00e9parer, Recycler<\/em> \u2014 chacun pourra d\u00e9couvrir comment meubler son logement, s\u2019habiller, cuisiner ou s\u2019\u00e9quiper \u00e0 moindre co\u00fbt, tout en participant \u00e0 la transition \u00e9cologique. Mobilier d\u2019occasion, \u00e9lectrom\u00e9nager reconditionn\u00e9, v\u00eatements de seconde main, objets r\u00e9par\u00e9s\u2026 chaque stand du Happy Green Campus prouvera que le r\u00e9emploi peut rimer avec cr\u00e9ativit\u00e9 et style de vie responsable.<\/p>\n<h3 data-start=\"1467\" data-end=\"1511\"><strong data-start=\"1470\" data-end=\"1511\">Un \u00e9v\u00e9nement \u00e9co-solidaire sur-mesure<\/strong><\/h3>\n<p data-start=\"1512\" data-end=\"1606\">Pens\u00e9 pour r\u00e9pondre aux besoins concrets de la vie \u00e9tudiante, Happy Green Campus proposera :<\/p>\n<ul data-start=\"1607\" data-end=\"2192\">\n<li data-start=\"1607\" data-end=\"1695\">\n<p data-start=\"1609\" data-end=\"1695\">une <strong data-start=\"1613\" data-end=\"1634\">friperie \u00e9ph\u00e9m\u00e8re<\/strong> pour d\u00e9nicher v\u00eatements et textiles de maison \u00e0 prix doux,<\/p>\n<\/li>\n<li data-start=\"1696\" data-end=\"1770\">\n<p data-start=\"1698\" data-end=\"1770\">une <strong data-start=\"1702\" data-end=\"1717\">zone de don<\/strong> pour repartir gratuitement avec des objets utiles,<\/p>\n<\/li>\n<li data-start=\"1771\" data-end=\"1836\">\n<p data-start=\"1773\" data-end=\"1836\">des <strong data-start=\"1777\" data-end=\"1802\">astuces d\u2019am\u00e9nagement<\/strong> pour optimiser un petit espace,<\/p>\n<\/li>\n<li data-start=\"1837\" data-end=\"1903\">\n<p data-start=\"1839\" data-end=\"1903\">des <strong data-start=\"1843\" data-end=\"1884\">bons plans \u00e9lectrom\u00e9nager et mobilier<\/strong> de seconde main,<\/p>\n<\/li>\n<li data-start=\"1904\" data-end=\"1953\">\n<p data-start=\"1906\" data-end=\"1953\">des d\u00e9monstrations de <strong data-start=\"1928\" data-end=\"1950\">cuisine anti-gaspi<\/strong>,<\/p>\n<\/li>\n<li data-start=\"1954\" data-end=\"2029\">\n<p data-start=\"1956\" data-end=\"2029\">des conseils pour une <strong data-start=\"1978\" data-end=\"2026\">hygi\u00e8ne naturelle, \u00e9conomique et z\u00e9ro d\u00e9chet<\/strong>,<\/p>\n<\/li>\n<li data-start=\"2030\" data-end=\"2063\">\n<p data-start=\"2032\" data-end=\"2063\">un espace <strong data-start=\"2042\" data-end=\"2060\">coaching image<\/strong>,<\/p>\n<\/li>\n<li data-start=\"2064\" data-end=\"2121\">\n<p data-start=\"2066\" data-end=\"2121\">un <strong data-start=\"2069\" data-end=\"2084\">repair caf\u00e9<\/strong> pour apprendre \u00e0 r\u00e9parer soi-m\u00eame,<\/p>\n<\/li>\n<li data-start=\"2122\" data-end=\"2192\">\n<p data-start=\"2124\" data-end=\"2192\">et des <strong data-start=\"2131\" data-end=\"2162\">solutions de mobilit\u00e9 douce<\/strong> pour se d\u00e9placer autrement.<\/p>\n<\/li>\n<\/ul>\n<p data-start=\"2194\" data-end=\"2244\">Le tout dans une ambiance conviviale et solidaire.<\/p>\n<h3 data-start=\"2246\" data-end=\"2287\"><strong data-start=\"2249\" data-end=\"2287\">Une mobilisation locale exemplaire<\/strong><\/h3>\n<p data-start=\"2288\" data-end=\"2734\">Organis\u00e9 par <strong data-start=\"2301\" data-end=\"2311\">EVODIA<\/strong>, Happy Green Campus rassemble un large r\u00e9seau d\u2019acteurs engag\u00e9s : <strong data-start=\"2378\" data-end=\"2651\">AMI, l\u2019Assurance Maladie, Bleufor\u00eat, Bonne semaine, Communaut\u00e9 d\u2019Agglom\u00e9ration d\u2019\u00c9pinal, Decathlon, D\u00e9partement des Vosges, ENEDIS, Harmonie Mutuelle, Il \u00e9tait une seconde fois, L\u2019Abri, L\u2019Astucieuse, Maison de l\u2019\u00c9tudiant, Marine Clesse, Repair Caf\u00e9, SICOVAD, Vosges TLC<\/strong>\u2026 Ensemble, ils \u0153uvrent pour cr\u00e9er un <strong data-start=\"2689\" data-end=\"2711\">\u00e9cosyst\u00e8me durable<\/strong> au service des jeunes.<\/p>\n<p data-start=\"2736\" data-end=\"2913\">Avec l\u2019ambition de devenir un <strong data-start=\"2766\" data-end=\"2840\">rendez-vous incontournable de la rentr\u00e9e universitaire dans les Vosges<\/strong>, cet \u00e9v\u00e9nement gratuit et accessible se veut reproductible chaque ann\u00e9e.<\/p>\n<p data-start=\"2920\" data-end=\"3103\">\ud83d\udccd <strong data-start=\"2923\" data-end=\"2942\">Infos pratiques<\/strong><br data-start=\"2942\" data-end=\"2945\" \/><strong data-start=\"2945\" data-end=\"2955\">Lieu :<\/strong> Espace Cours, \u00c9pinal<br data-start=\"2976\" data-end=\"2979\" \/><strong data-start=\"2979\" data-end=\"2989\">Date :<\/strong> Mercredi 3 septembre 2025<br data-start=\"3015\" data-end=\"3018\" \/><strong data-start=\"3018\" data-end=\"3032\">Horaires :<\/strong> 16h \u2013 22h<br data-start=\"3042\" data-end=\"3045\" \/><strong data-start=\"3045\" data-end=\"3057\">Public :<\/strong> \u00c9tudiants et jeunes actifs<br data-start=\"3084\" data-end=\"3087\" \/><strong data-start=\"3087\" data-end=\"3103\">Entr\u00e9e libre<\/strong><\/p>\n","protected":false},"excerpt":{"rendered":"<p>Le 3 septembre prochain, de 16h \u00e0 22h, l\u2019Espace Cours d\u2019\u00c9pinal accueillera la premi\u00e8re \u00e9dition de Happy Green Campus, un [&hellip;]<\/p>\n","protected":false},"author":52,"featured_media":134203,"comment_status":"open","ping_status":"open","sticky":false,"template":"","format":"standard","meta":{"footnotes":""},"categories":[22,24],"tags":[],"class_list":["post-134205","post","type-post","status-publish","format-standard","has-post-thumbnail","hentry","category-a-la-une","category-epinal"],"acf":[],"yoast_head":"<!-- This site is optimized with the Yoast SEO plugin v22.5 - https:\/\/yoast.com\/wordpress\/plugins\/seo\/ -->\n<title>Happy Green Campus : EVODIA et ses partenaires unis pour le r\u00e9emploi et contre la pr\u00e9carit\u00e9 \u00e9tudiante - Epinal Info<\/title>\n<meta name=\"robots\" content=\"index, follow, max-snippet:-1, max-image-preview:large, max-video-preview:-1\" \/>\n<link rel=\"canonical\" href=\"https:\/\/vosgesinfo.fr\/epinalinfo\/2025\/09\/happy-green-campus-evodia-et-ses-partenaires-unis-pour-le-reemploi-et-contre-la-precarite-etudiante-2\/\" \/>\n<meta name=\"twitter:card\" content=\"summary_large_image\" \/>\n<meta name=\"twitter:title\" content=\"Happy Green Campus : EVODIA et ses partenaires unis pour le r\u00e9emploi et contre la pr\u00e9carit\u00e9 \u00e9tudiante - Epinal Info\" \/>\n<meta name=\"twitter:description\" content=\"Le 3 septembre prochain, de 16h \u00e0 22h, l\u2019Espace Cours d\u2019\u00c9pinal accueillera la premi\u00e8re \u00e9dition de Happy Green Campus, un [&hellip;]\" \/>\n<meta name=\"twitter:image\" content=\"https:\/\/vosgesinfo.fr\/app\/uploads\/sites\/3\/2025\/08\/happy-green-campus-affiche.jpg\" \/>\n<meta name=\"twitter:creator\" content=\"@VosgesInfo88\" \/>\n<meta name=\"twitter:site\" content=\"@VosgesInfo88\" \/>\n<meta name=\"twitter:label1\" content=\"\u00c9crit par\" \/>\n\t<meta name=\"twitter:data1\" content=\"C.K.\" \/>\n\t<meta name=\"twitter:label2\" content=\"Dur\u00e9e de lecture estim\u00e9e\" \/>\n\t<meta name=\"twitter:data2\" content=\"2 minutes\" \/>\n<script type=\"application\/ld+json\" class=\"yoast-schema-graph\">{\"@context\":\"https:\/\/schema.org\",\"@graph\":[{\"@type\":\"Article\",\"@id\":\"https:\/\/vosgesinfo.fr\/epinalinfo\/2025\/09\/happy-green-campus-evodia-et-ses-partenaires-unis-pour-le-reemploi-et-contre-la-precarite-etudiante-2\/#article\",\"isPartOf\":{\"@id\":\"https:\/\/vosgesinfo.fr\/epinalinfo\/2025\/09\/happy-green-campus-evodia-et-ses-partenaires-unis-pour-le-reemploi-et-contre-la-precarite-etudiante-2\/\"},\"author\":{\"name\":\"C.K.\",\"@id\":\"https:\/\/vosgesinfo.fr\/epinalinfo\/#\/schema\/person\/6f9a650eeea99d969b6c4ab78fccbe81\"},\"headline\":\"Happy Green Campus : EVODIA et ses partenaires unis pour le r\u00e9emploi et contre la pr\u00e9carit\u00e9 \u00e9tudiante\",\"datePublished\":\"2025-09-01T05:00:29+00:00\",\"dateModified\":\"2025-08-08T12:56:09+00:00\",\"mainEntityOfPage\":{\"@id\":\"https:\/\/vosgesinfo.fr\/epinalinfo\/2025\/09\/happy-green-campus-evodia-et-ses-partenaires-unis-pour-le-reemploi-et-contre-la-precarite-etudiante-2\/\"},\"wordCount\":453,\"commentCount\":0,\"publisher\":{\"@id\":\"https:\/\/vosgesinfo.fr\/epinalinfo\/#organization\"},\"image\":{\"@id\":\"https:\/\/vosgesinfo.fr\/epinalinfo\/2025\/09\/happy-green-campus-evodia-et-ses-partenaires-unis-pour-le-reemploi-et-contre-la-precarite-etudiante-2\/#primaryimage\"},\"thumbnailUrl\":\"https:\/\/vosgesinfo.fr\/app\/uploads\/sites\/3\/2025\/08\/happy-green-campus-affiche.jpg\",\"articleSection\":[\"A la Une\",\"Epinal\"],\"inLanguage\":\"fr-FR\",\"potentialAction\":[{\"@type\":\"CommentAction\",\"name\":\"Comment\",\"target\":[\"https:\/\/vosgesinfo.fr\/epinalinfo\/2025\/09\/happy-green-campus-evodia-et-ses-partenaires-unis-pour-le-reemploi-et-contre-la-precarite-etudiante-2\/#respond\"]}]},{\"@type\":\"WebPage\",\"@id\":\"https:\/\/vosgesinfo.fr\/epinalinfo\/2025\/09\/happy-green-campus-evodia-et-ses-partenaires-unis-pour-le-reemploi-et-contre-la-precarite-etudiante-2\/\",\"url\":\"https:\/\/vosgesinfo.fr\/epinalinfo\/2025\/09\/happy-green-campus-evodia-et-ses-partenaires-unis-pour-le-reemploi-et-contre-la-precarite-etudiante-2\/\",\"name\":\"Happy Green Campus : EVODIA et ses partenaires unis pour le r\u00e9emploi et contre la pr\u00e9carit\u00e9 \u00e9tudiante - Epinal Info\",\"isPartOf\":{\"@id\":\"https:\/\/vosgesinfo.fr\/epinalinfo\/#website\"},\"primaryImageOfPage\":{\"@id\":\"https:\/\/vosgesinfo.fr\/epinalinfo\/2025\/09\/happy-green-campus-evodia-et-ses-partenaires-unis-pour-le-reemploi-et-contre-la-precarite-etudiante-2\/#primaryimage\"},\"image\":{\"@id\":\"https:\/\/vosgesinfo.fr\/epinalinfo\/2025\/09\/happy-green-campus-evodia-et-ses-partenaires-unis-pour-le-reemploi-et-contre-la-precarite-etudiante-2\/#primaryimage\"},\"thumbnailUrl\":\"https:\/\/vosgesinfo.fr\/app\/uploads\/sites\/3\/2025\/08\/happy-green-campus-affiche.jpg\",\"datePublished\":\"2025-09-01T05:00:29+00:00\",\"dateModified\":\"2025-08-08T12:56:09+00:00\",\"breadcrumb\":{\"@id\":\"https:\/\/vosgesinfo.fr\/epinalinfo\/2025\/09\/happy-green-campus-evodia-et-ses-partenaires-unis-pour-le-reemploi-et-contre-la-precarite-etudiante-2\/#breadcrumb\"},\"inLanguage\":\"fr-FR\",\"potentialAction\":[{\"@type\":\"ReadAction\",\"target\":[\"https:\/\/vosgesinfo.fr\/epinalinfo\/2025\/09\/happy-green-campus-evodia-et-ses-partenaires-unis-pour-le-reemploi-et-contre-la-precarite-etudiante-2\/\"]}]},{\"@type\":\"ImageObject\",\"inLanguage\":\"fr-FR\",\"@id\":\"https:\/\/vosgesinfo.fr\/epinalinfo\/2025\/09\/happy-green-campus-evodia-et-ses-partenaires-unis-pour-le-reemploi-et-contre-la-precarite-etudiante-2\/#primaryimage\",\"url\":\"https:\/\/vosgesinfo.fr\/app\/uploads\/sites\/3\/2025\/08\/happy-green-campus-affiche.jpg\",\"contentUrl\":\"https:\/\/vosgesinfo.fr\/app\/uploads\/sites\/3\/2025\/08\/happy-green-campus-affiche.jpg\",\"width\":1414,\"height\":2000},{\"@type\":\"BreadcrumbList\",\"@id\":\"https:\/\/vosgesinfo.fr\/epinalinfo\/2025\/09\/happy-green-campus-evodia-et-ses-partenaires-unis-pour-le-reemploi-et-contre-la-precarite-etudiante-2\/#breadcrumb\",\"itemListElement\":[{\"@type\":\"ListItem\",\"position\":1,\"name\":\"Home\",\"item\":\"https:\/\/vosgesinfo.fr\/epinalinfo\/\"},{\"@type\":\"ListItem\",\"position\":2,\"name\":\"Happy Green Campus : EVODIA et ses partenaires unis pour le r\u00e9emploi et contre la pr\u00e9carit\u00e9 \u00e9tudiante\"}]},{\"@type\":\"WebSite\",\"@id\":\"https:\/\/vosgesinfo.fr\/epinalinfo\/#website\",\"url\":\"https:\/\/vosgesinfo.fr\/epinalinfo\/\",\"name\":\"Epinal Info\",\"description\":\"Toute l&#039;actualit\u00e9 d&#039;\u00c9pinal\",\"publisher\":{\"@id\":\"https:\/\/vosgesinfo.fr\/epinalinfo\/#organization\"},\"alternateName\":\"Toute l'actualit\u00e9 d'\u00c9pinal\",\"potentialAction\":[{\"@type\":\"SearchAction\",\"target\":{\"@type\":\"EntryPoint\",\"urlTemplate\":\"https:\/\/vosgesinfo.fr\/epinalinfo\/?s={search_term_string}\"},\"query-input\":\"required name=search_term_string\"}],\"inLanguage\":\"fr-FR\"},{\"@type\":\"Organization\",\"@id\":\"https:\/\/vosgesinfo.fr\/epinalinfo\/#organization\",\"name\":\"Epinal Info\",\"url\":\"https:\/\/vosgesinfo.fr\/epinalinfo\/\",\"logo\":{\"@type\":\"ImageObject\",\"inLanguage\":\"fr-FR\",\"@id\":\"https:\/\/vosgesinfo.fr\/epinalinfo\/#\/schema\/logo\/image\/\",\"url\":\"https:\/\/vosgesinfo.fr\/app\/uploads\/sites\/3\/2023\/08\/logo-epinalinfos.svg\",\"contentUrl\":\"https:\/\/vosgesinfo.fr\/app\/uploads\/sites\/3\/2023\/08\/logo-epinalinfos.svg\",\"width\":1,\"height\":1,\"caption\":\"Epinal Info\"},\"image\":{\"@id\":\"https:\/\/vosgesinfo.fr\/epinalinfo\/#\/schema\/logo\/image\/\"},\"sameAs\":[\"https:\/\/www.facebook.com\/Epinalinfos\",\"https:\/\/x.com\/VosgesInfo88\",\"https:\/\/www.youtube.com\/@vosgesinfo\"]},{\"@type\":\"Person\",\"@id\":\"https:\/\/vosgesinfo.fr\/epinalinfo\/#\/schema\/person\/6f9a650eeea99d969b6c4ab78fccbe81\",\"name\":\"C.K.\",\"image\":{\"@type\":\"ImageObject\",\"inLanguage\":\"fr-FR\",\"@id\":\"https:\/\/vosgesinfo.fr\/epinalinfo\/#\/schema\/person\/image\/\",\"url\":\"https:\/\/secure.gravatar.com\/avatar\/48e3fc7f8421ba8942be6b74a2b7f014ca39bc00dece156b7a8e098ae7dc87bf?s=96&d=mm&r=g\",\"contentUrl\":\"https:\/\/secure.gravatar.com\/avatar\/48e3fc7f8421ba8942be6b74a2b7f014ca39bc00dece156b7a8e098ae7dc87bf?s=96&d=mm&r=g\",\"caption\":\"C.K.\"},\"url\":\"https:\/\/vosgesinfo.fr\/epinalinfo\/author\/celia-k-n\/\"}]}<\/script>\n<!-- \/ Yoast SEO plugin. -->","yoast_head_json":{"title":"Happy Green Campus : EVODIA et ses partenaires unis pour le r\u00e9emploi et contre la pr\u00e9carit\u00e9 \u00e9tudiante - Epinal Info","robots":{"index":"index","follow":"follow","max-snippet":"max-snippet:-1","max-image-preview":"max-image-preview:large","max-video-preview":"max-video-preview:-1"},"canonical":"https:\/\/vosgesinfo.fr\/epinalinfo\/2025\/09\/happy-green-campus-evodia-et-ses-partenaires-unis-pour-le-reemploi-et-contre-la-precarite-etudiante-2\/","twitter_card":"summary_large_image","twitter_title":"Happy Green Campus : EVODIA et ses partenaires unis pour le r\u00e9emploi et contre la pr\u00e9carit\u00e9 \u00e9tudiante - Epinal Info","twitter_description":"Le 3 septembre prochain, de 16h \u00e0 22h, l\u2019Espace Cours d\u2019\u00c9pinal accueillera la premi\u00e8re \u00e9dition de Happy Green Campus, un [&hellip;]","twitter_image":"https:\/\/vosgesinfo.fr\/app\/uploads\/sites\/3\/2025\/08\/happy-green-campus-affiche.jpg","twitter_creator":"@VosgesInfo88","twitter_site":"@VosgesInfo88","twitter_misc":{"\u00c9crit par":"C.K.","Dur\u00e9e de lecture estim\u00e9e":"2 minutes"},"schema":{"@context":"https:\/\/schema.org","@graph":[{"@type":"Article","@id":"https:\/\/vosgesinfo.fr\/epinalinfo\/2025\/09\/happy-green-campus-evodia-et-ses-partenaires-unis-pour-le-reemploi-et-contre-la-precarite-etudiante-2\/#article","isPartOf":{"@id":"https:\/\/vosgesinfo.fr\/epinalinfo\/2025\/09\/happy-green-campus-evodia-et-ses-partenaires-unis-pour-le-reemploi-et-contre-la-precarite-etudiante-2\/"},"author":{"name":"C.K.","@id":"https:\/\/vosgesinfo.fr\/epinalinfo\/#\/schema\/person\/6f9a650eeea99d969b6c4ab78fccbe81"},"headline":"Happy Green Campus : EVODIA et ses partenaires unis pour le r\u00e9emploi et contre la pr\u00e9carit\u00e9 \u00e9tudiante","datePublished":"2025-09-01T05:00:29+00:00","dateModified":"2025-08-08T12:56:09+00:00","mainEntityOfPage":{"@id":"https:\/\/vosgesinfo.fr\/epinalinfo\/2025\/09\/happy-green-campus-evodia-et-ses-partenaires-unis-pour-le-reemploi-et-contre-la-precarite-etudiante-2\/"},"wordCount":453,"commentCount":0,"publisher":{"@id":"https:\/\/vosgesinfo.fr\/epinalinfo\/#organization"},"image":{"@id":"https:\/\/vosgesinfo.fr\/epinalinfo\/2025\/09\/happy-green-campus-evodia-et-ses-partenaires-unis-pour-le-reemploi-et-contre-la-precarite-etudiante-2\/#primaryimage"},"thumbnailUrl":"https:\/\/vosgesinfo.fr\/app\/uploads\/sites\/3\/2025\/08\/happy-green-campus-affiche.jpg","articleSection":["A la Une","Epinal"],"inLanguage":"fr-FR","potentialAction":[{"@type":"CommentAction","name":"Comment","target":["https:\/\/vosgesinfo.fr\/epinalinfo\/2025\/09\/happy-green-campus-evodia-et-ses-partenaires-unis-pour-le-reemploi-et-contre-la-precarite-etudiante-2\/#respond"]}]},{"@type":"WebPage","@id":"https:\/\/vosgesinfo.fr\/epinalinfo\/2025\/09\/happy-green-campus-evodia-et-ses-partenaires-unis-pour-le-reemploi-et-contre-la-precarite-etudiante-2\/","url":"https:\/\/vosgesinfo.fr\/epinalinfo\/2025\/09\/happy-green-campus-evodia-et-ses-partenaires-unis-pour-le-reemploi-et-contre-la-precarite-etudiante-2\/","name":"Happy Green Campus : EVODIA et ses partenaires unis pour le r\u00e9emploi et contre la pr\u00e9carit\u00e9 \u00e9tudiante - Epinal Info","isPartOf":{"@id":"https:\/\/vosgesinfo.fr\/epinalinfo\/#website"},"primaryImageOfPage":{"@id":"https:\/\/vosgesinfo.fr\/epinalinfo\/2025\/09\/happy-green-campus-evodia-et-ses-partenaires-unis-pour-le-reemploi-et-contre-la-precarite-etudiante-2\/#primaryimage"},"image":{"@id":"https:\/\/vosgesinfo.fr\/epinalinfo\/2025\/09\/happy-green-campus-evodia-et-ses-partenaires-unis-pour-le-reemploi-et-contre-la-precarite-etudiante-2\/#primaryimage"},"thumbnailUrl":"https:\/\/vosgesinfo.fr\/app\/uploads\/sites\/3\/2025\/08\/happy-green-campus-affiche.jpg","datePublished":"2025-09-01T05:00:29+00:00","dateModified":"2025-08-08T12:56:09+00:00","breadcrumb":{"@id":"https:\/\/vosgesinfo.fr\/epinalinfo\/2025\/09\/happy-green-campus-evodia-et-ses-partenaires-unis-pour-le-reemploi-et-contre-la-precarite-etudiante-2\/#breadcrumb"},"inLanguage":"fr-FR","potentialAction":[{"@type":"ReadAction","target":["https:\/\/vosgesinfo.fr\/epinalinfo\/2025\/09\/happy-green-campus-evodia-et-ses-partenaires-unis-pour-le-reemploi-et-contre-la-precarite-etudiante-2\/"]}]},{"@type":"ImageObject","inLanguage":"fr-FR","@id":"https:\/\/vosgesinfo.fr\/epinalinfo\/2025\/09\/happy-green-campus-evodia-et-ses-partenaires-unis-pour-le-reemploi-et-contre-la-precarite-etudiante-2\/#primaryimage","url":"https:\/\/vosgesinfo.fr\/app\/uploads\/sites\/3\/2025\/08\/happy-green-campus-affiche.jpg","contentUrl":"https:\/\/vosgesinfo.fr\/app\/uploads\/sites\/3\/2025\/08\/happy-green-campus-affiche.jpg","width":1414,"height":2000},{"@type":"BreadcrumbList","@id":"https:\/\/vosgesinfo.fr\/epinalinfo\/2025\/09\/happy-green-campus-evodia-et-ses-partenaires-unis-pour-le-reemploi-et-contre-la-precarite-etudiante-2\/#breadcrumb","itemListElement":[{"@type":"ListItem","position":1,"name":"Home","item":"https:\/\/vosgesinfo.fr\/epinalinfo\/"},{"@type":"ListItem","position":2,"name":"Happy Green Campus : EVODIA et ses partenaires unis pour le r\u00e9emploi et contre la pr\u00e9carit\u00e9 \u00e9tudiante"}]},{"@type":"WebSite","@id":"https:\/\/vosgesinfo.fr\/epinalinfo\/#website","url":"https:\/\/vosgesinfo.fr\/epinalinfo\/","name":"Epinal Info","description":"Toute l&#039;actualit\u00e9 d&#039;\u00c9pinal","publisher":{"@id":"https:\/\/vosgesinfo.fr\/epinalinfo\/#organization"},"alternateName":"Toute l'actualit\u00e9 d'\u00c9pinal","potentialAction":[{"@type":"SearchAction","target":{"@type":"EntryPoint","urlTemplate":"https:\/\/vosgesinfo.fr\/epinalinfo\/?s={search_term_string}"},"query-input":"required name=search_term_string"}],"inLanguage":"fr-FR"},{"@type":"Organization","@id":"https:\/\/vosgesinfo.fr\/epinalinfo\/#organization","name":"Epinal Info","url":"https:\/\/vosgesinfo.fr\/epinalinfo\/","logo":{"@type":"ImageObject","inLanguage":"fr-FR","@id":"https:\/\/vosgesinfo.fr\/epinalinfo\/#\/schema\/logo\/image\/","url":"https:\/\/vosgesinfo.fr\/app\/uploads\/sites\/3\/2023\/08\/logo-epinalinfos.svg","contentUrl":"https:\/\/vosgesinfo.fr\/app\/uploads\/sites\/3\/2023\/08\/logo-epinalinfos.svg","width":1,"height":1,"caption":"Epinal Info"},"image":{"@id":"https:\/\/vosgesinfo.fr\/epinalinfo\/#\/schema\/logo\/image\/"},"sameAs":["https:\/\/www.facebook.com\/Epinalinfos","https:\/\/x.com\/VosgesInfo88","https:\/\/www.youtube.com\/@vosgesinfo"]},{"@type":"Person","@id":"https:\/\/vosgesinfo.fr\/epinalinfo\/#\/schema\/person\/6f9a650eeea99d969b6c4ab78fccbe81","name":"C.K.","image":{"@type":"ImageObject","inLanguage":"fr-FR","@id":"https:\/\/vosgesinfo.fr\/epinalinfo\/#\/schema\/person\/image\/","url":"https:\/\/secure.gravatar.com\/avatar\/48e3fc7f8421ba8942be6b74a2b7f014ca39bc00dece156b7a8e098ae7dc87bf?s=96&d=mm&r=g","contentUrl":"https:\/\/secure.gravatar.com\/avatar\/48e3fc7f8421ba8942be6b74a2b7f014ca39bc00dece156b7a8e098ae7dc87bf?s=96&d=mm&r=g","caption":"C.K."},"url":"https:\/\/vosgesinfo.fr\/epinalinfo\/author\/celia-k-n\/"}]}},"_links":{"self":[{"href":"https:\/\/vosgesinfo.fr\/epinalinfo\/wp-json\/wp\/v2\/posts\/134205","targetHints":{"allow":["GET"]}}],"collection":[{"href":"https:\/\/vosgesinfo.fr\/epinalinfo\/wp-json\/wp\/v2\/posts"}],"about":[{"href":"https:\/\/vosgesinfo.fr\/epinalinfo\/wp-json\/wp\/v2\/types\/post"}],"author":[{"embeddable":true,"href":"https:\/\/vosgesinfo.fr\/epinalinfo\/wp-json\/wp\/v2\/users\/52"}],"replies":[{"embeddable":true,"href":"https:\/\/vosgesinfo.fr\/epinalinfo\/wp-json\/wp\/v2\/comments?post=134205"}],"version-history":[{"count":1,"href":"https:\/\/vosgesinfo.fr\/epinalinfo\/wp-json\/wp\/v2\/posts\/134205\/revisions"}],"predecessor-version":[{"id":134206,"href":"https:\/\/vosgesinfo.fr\/epinalinfo\/wp-json\/wp\/v2\/posts\/134205\/revisions\/134206"}],"wp:featuredmedia":[{"embeddable":true,"href":"https:\/\/vosgesinfo.fr\/epinalinfo\/wp-json\/wp\/v2\/media\/134203"}],"wp:attachment":[{"href":"https:\/\/vosgesinfo.fr\/epinalinfo\/wp-json\/wp\/v2\/media?parent=134205"}],"wp:term":[{"taxonomy":"category","embeddable":true,"href":"https:\/\/vosgesinfo.fr\/epinalinfo\/wp-json\/wp\/v2\/categories?post=134205"},{"taxonomy":"post_tag","embeddable":true,"href":"https:\/\/vosgesinfo.fr\/epinalinfo\/wp-json\/wp\/v2\/tags?post=134205"}],"curies":[{"name":"wp","href":"https:\/\/api.w.org\/{rel}","templated":true}]}}