{"id":134220,"date":"2025-08-10T13:35:33","date_gmt":"2025-08-10T11:35:33","guid":{"rendered":"https:\/\/vosgesinfo.fr\/epinalinfo\/?p=134220"},"modified":"2025-08-10T13:29:15","modified_gmt":"2025-08-10T11:29:15","slug":"grave-accident-de-moto-entre-bult-et-destord-un-blesse-heliporte-a-nancy","status":"publish","type":"post","link":"https:\/\/vosgesinfo.fr\/epinalinfo\/2025\/08\/grave-accident-de-moto-entre-bult-et-destord-un-blesse-heliporte-a-nancy\/","title":{"rendered":"Grave accident de moto entre Bult et Destord : un bless\u00e9 h\u00e9liport\u00e9 \u00e0 Nancy"},"content":{"rendered":"<h2 data-start=\"170\" data-end=\"468\"><a href=\"https:\/\/vosgesinfo.fr\/app\/uploads\/sites\/3\/2024\/08\/201608pompiers-feu-38.jpg\"><img decoding=\"async\" class=\"aligncenter size-full wp-image-80857\" src=\"https:\/\/vosgesinfo.fr\/app\/uploads\/sites\/3\/2024\/08\/201608pompiers-feu-38.jpg\" alt=\"\" width=\"600\" height=\"592\" srcset=\"https:\/\/vosgesinfo.fr\/app\/uploads\/sites\/3\/2024\/08\/201608pompiers-feu-38.jpg 600w, https:\/\/vosgesinfo.fr\/app\/uploads\/sites\/3\/2024\/08\/201608pompiers-feu-38-300x296.jpg 300w\" sizes=\"(max-width: 600px) 100vw, 600px\" \/><\/a>Un grave accident de la route s\u2019est produit ce dimanche matin, peu avant 9 h 30, \u00e0 la jonction des communes de Bult et Destord. Un motard, gri\u00e8vement touch\u00e9 dans une collision avec une voiture, a \u00e9t\u00e9 pris en charge par les secours et transf\u00e9r\u00e9 par h\u00e9licopt\u00e8re vers le centre hospitalier de Nancy.<\/h2>\n<p data-start=\"470\" data-end=\"591\">Dans le v\u00e9hicule impliqu\u00e9, deux passagers ont \u00e9t\u00e9 conduits \u00e0 l\u2019h\u00f4pital d\u2019\u00c9pinal pour y subir des examens de pr\u00e9caution.<\/p>\n<p data-start=\"593\" data-end=\"969\">L\u2019ampleur de l\u2019intervention a mobilis\u00e9 les sapeurs-pompiers de Golbey, Bruy\u00e8res, Rambervillers et Padoux, avec le renfort du Smur d\u2019\u00c9pinal et de l\u2019h\u00e9licopt\u00e8re du Samu Lorraine.<\/p>\n<p data-start=\"593\" data-end=\"969\">La circulation a \u00e9t\u00e9 interrompue sur le secteur toute la matin\u00e9e, le service d\u00e9partemental des routes ayant mis en place une d\u00e9viation le temps des op\u00e9rations de secours et de d\u00e9gagement de la voie.<\/p>\n","protected":false},"excerpt":{"rendered":"<p>Un grave accident de la route s\u2019est produit ce dimanche matin, peu avant 9 h 30, \u00e0 la jonction des [&hellip;]<\/p>\n","protected":false},"author":52,"featured_media":80857,"comment_status":"open","ping_status":"open","sticky":false,"template":"","format":"standard","meta":{"footnotes":""},"categories":[22,24,6,5],"tags":[],"class_list":["post-134220","post","type-post","status-publish","format-standard","has-post-thumbnail","hentry","category-a-la-une","category-epinal","category-faits-divers","category-vosges"],"acf":[],"yoast_head":"<!-- This site is optimized with the Yoast SEO plugin v22.5 - https:\/\/yoast.com\/wordpress\/plugins\/seo\/ -->\n<title>Grave accident de moto entre Bult et Destord : un bless\u00e9 h\u00e9liport\u00e9 \u00e0 Nancy - Epinal Info<\/title>\n<meta name=\"robots\" content=\"index, follow, max-snippet:-1, max-image-preview:large, max-video-preview:-1\" \/>\n<link rel=\"canonical\" href=\"https:\/\/vosgesinfo.fr\/epinalinfo\/2025\/08\/grave-accident-de-moto-entre-bult-et-destord-un-blesse-heliporte-a-nancy\/\" \/>\n<meta name=\"twitter:card\" content=\"summary_large_image\" \/>\n<meta name=\"twitter:title\" content=\"Grave accident de moto entre Bult et Destord : un bless\u00e9 h\u00e9liport\u00e9 \u00e0 Nancy - Epinal Info\" \/>\n<meta name=\"twitter:description\" content=\"Un grave accident de la route s\u2019est produit ce dimanche matin, peu avant 9 h 30, \u00e0 la jonction des [&hellip;]\" \/>\n<meta name=\"twitter:image\" content=\"https:\/\/vosgesinfo.fr\/app\/uploads\/sites\/3\/2024\/08\/201608pompiers-feu-38.jpg\" \/>\n<meta name=\"twitter:creator\" content=\"@VosgesInfo88\" \/>\n<meta name=\"twitter:site\" content=\"@VosgesInfo88\" \/>\n<meta name=\"twitter:label1\" content=\"\u00c9crit par\" \/>\n\t<meta name=\"twitter:data1\" content=\"C.K.\" \/>\n\t<meta name=\"twitter:label2\" content=\"Dur\u00e9e de lecture estim\u00e9e\" \/>\n\t<meta name=\"twitter:data2\" content=\"1 minute\" \/>\n<script type=\"application\/ld+json\" class=\"yoast-schema-graph\">{\"@context\":\"https:\/\/schema.org\",\"@graph\":[{\"@type\":\"Article\",\"@id\":\"https:\/\/vosgesinfo.fr\/epinalinfo\/2025\/08\/grave-accident-de-moto-entre-bult-et-destord-un-blesse-heliporte-a-nancy\/#article\",\"isPartOf\":{\"@id\":\"https:\/\/vosgesinfo.fr\/epinalinfo\/2025\/08\/grave-accident-de-moto-entre-bult-et-destord-un-blesse-heliporte-a-nancy\/\"},\"author\":{\"name\":\"C.K.\",\"@id\":\"https:\/\/vosgesinfo.fr\/epinalinfo\/#\/schema\/person\/6f9a650eeea99d969b6c4ab78fccbe81\"},\"headline\":\"Grave accident de moto entre Bult et Destord : un bless\u00e9 h\u00e9liport\u00e9 \u00e0 Nancy\",\"datePublished\":\"2025-08-10T11:35:33+00:00\",\"dateModified\":\"2025-08-10T11:29:15+00:00\",\"mainEntityOfPage\":{\"@id\":\"https:\/\/vosgesinfo.fr\/epinalinfo\/2025\/08\/grave-accident-de-moto-entre-bult-et-destord-un-blesse-heliporte-a-nancy\/\"},\"wordCount\":162,\"commentCount\":0,\"publisher\":{\"@id\":\"https:\/\/vosgesinfo.fr\/epinalinfo\/#organization\"},\"image\":{\"@id\":\"https:\/\/vosgesinfo.fr\/epinalinfo\/2025\/08\/grave-accident-de-moto-entre-bult-et-destord-un-blesse-heliporte-a-nancy\/#primaryimage\"},\"thumbnailUrl\":\"https:\/\/vosgesinfo.fr\/app\/uploads\/sites\/3\/2024\/08\/201608pompiers-feu-38.jpg\",\"articleSection\":[\"A la Une\",\"Epinal\",\"Faits-divers\",\"Vosges\"],\"inLanguage\":\"fr-FR\",\"potentialAction\":[{\"@type\":\"CommentAction\",\"name\":\"Comment\",\"target\":[\"https:\/\/vosgesinfo.fr\/epinalinfo\/2025\/08\/grave-accident-de-moto-entre-bult-et-destord-un-blesse-heliporte-a-nancy\/#respond\"]}]},{\"@type\":\"WebPage\",\"@id\":\"https:\/\/vosgesinfo.fr\/epinalinfo\/2025\/08\/grave-accident-de-moto-entre-bult-et-destord-un-blesse-heliporte-a-nancy\/\",\"url\":\"https:\/\/vosgesinfo.fr\/epinalinfo\/2025\/08\/grave-accident-de-moto-entre-bult-et-destord-un-blesse-heliporte-a-nancy\/\",\"name\":\"Grave accident de moto entre Bult et Destord : un bless\u00e9 h\u00e9liport\u00e9 \u00e0 Nancy - Epinal Info\",\"isPartOf\":{\"@id\":\"https:\/\/vosgesinfo.fr\/epinalinfo\/#website\"},\"primaryImageOfPage\":{\"@id\":\"https:\/\/vosgesinfo.fr\/epinalinfo\/2025\/08\/grave-accident-de-moto-entre-bult-et-destord-un-blesse-heliporte-a-nancy\/#primaryimage\"},\"image\":{\"@id\":\"https:\/\/vosgesinfo.fr\/epinalinfo\/2025\/08\/grave-accident-de-moto-entre-bult-et-destord-un-blesse-heliporte-a-nancy\/#primaryimage\"},\"thumbnailUrl\":\"https:\/\/vosgesinfo.fr\/app\/uploads\/sites\/3\/2024\/08\/201608pompiers-feu-38.jpg\",\"datePublished\":\"2025-08-10T11:35:33+00:00\",\"dateModified\":\"2025-08-10T11:29:15+00:00\",\"breadcrumb\":{\"@id\":\"https:\/\/vosgesinfo.fr\/epinalinfo\/2025\/08\/grave-accident-de-moto-entre-bult-et-destord-un-blesse-heliporte-a-nancy\/#breadcrumb\"},\"inLanguage\":\"fr-FR\",\"potentialAction\":[{\"@type\":\"ReadAction\",\"target\":[\"https:\/\/vosgesinfo.fr\/epinalinfo\/2025\/08\/grave-accident-de-moto-entre-bult-et-destord-un-blesse-heliporte-a-nancy\/\"]}]},{\"@type\":\"ImageObject\",\"inLanguage\":\"fr-FR\",\"@id\":\"https:\/\/vosgesinfo.fr\/epinalinfo\/2025\/08\/grave-accident-de-moto-entre-bult-et-destord-un-blesse-heliporte-a-nancy\/#primaryimage\",\"url\":\"https:\/\/vosgesinfo.fr\/app\/uploads\/sites\/3\/2024\/08\/201608pompiers-feu-38.jpg\",\"contentUrl\":\"https:\/\/vosgesinfo.fr\/app\/uploads\/sites\/3\/2024\/08\/201608pompiers-feu-38.jpg\",\"width\":600,\"height\":592},{\"@type\":\"BreadcrumbList\",\"@id\":\"https:\/\/vosgesinfo.fr\/epinalinfo\/2025\/08\/grave-accident-de-moto-entre-bult-et-destord-un-blesse-heliporte-a-nancy\/#breadcrumb\",\"itemListElement\":[{\"@type\":\"ListItem\",\"position\":1,\"name\":\"Home\",\"item\":\"https:\/\/vosgesinfo.fr\/epinalinfo\/\"},{\"@type\":\"ListItem\",\"position\":2,\"name\":\"Grave accident de moto entre Bult et Destord : un bless\u00e9 h\u00e9liport\u00e9 \u00e0 Nancy\"}]},{\"@type\":\"WebSite\",\"@id\":\"https:\/\/vosgesinfo.fr\/epinalinfo\/#website\",\"url\":\"https:\/\/vosgesinfo.fr\/epinalinfo\/\",\"name\":\"Epinal Info\",\"description\":\"Toute l&#039;actualit\u00e9 d&#039;\u00c9pinal\",\"publisher\":{\"@id\":\"https:\/\/vosgesinfo.fr\/epinalinfo\/#organization\"},\"alternateName\":\"Toute l'actualit\u00e9 d'\u00c9pinal\",\"potentialAction\":[{\"@type\":\"SearchAction\",\"target\":{\"@type\":\"EntryPoint\",\"urlTemplate\":\"https:\/\/vosgesinfo.fr\/epinalinfo\/?s={search_term_string}\"},\"query-input\":\"required name=search_term_string\"}],\"inLanguage\":\"fr-FR\"},{\"@type\":\"Organization\",\"@id\":\"https:\/\/vosgesinfo.fr\/epinalinfo\/#organization\",\"name\":\"Epinal Info\",\"url\":\"https:\/\/vosgesinfo.fr\/epinalinfo\/\",\"logo\":{\"@type\":\"ImageObject\",\"inLanguage\":\"fr-FR\",\"@id\":\"https:\/\/vosgesinfo.fr\/epinalinfo\/#\/schema\/logo\/image\/\",\"url\":\"https:\/\/vosgesinfo.fr\/app\/uploads\/sites\/3\/2023\/08\/logo-epinalinfos.svg\",\"contentUrl\":\"https:\/\/vosgesinfo.fr\/app\/uploads\/sites\/3\/2023\/08\/logo-epinalinfos.svg\",\"width\":1,\"height\":1,\"caption\":\"Epinal Info\"},\"image\":{\"@id\":\"https:\/\/vosgesinfo.fr\/epinalinfo\/#\/schema\/logo\/image\/\"},\"sameAs\":[\"https:\/\/www.facebook.com\/Epinalinfos\",\"https:\/\/x.com\/VosgesInfo88\",\"https:\/\/www.youtube.com\/@vosgesinfo\"]},{\"@type\":\"Person\",\"@id\":\"https:\/\/vosgesinfo.fr\/epinalinfo\/#\/schema\/person\/6f9a650eeea99d969b6c4ab78fccbe81\",\"name\":\"C.K.\",\"image\":{\"@type\":\"ImageObject\",\"inLanguage\":\"fr-FR\",\"@id\":\"https:\/\/vosgesinfo.fr\/epinalinfo\/#\/schema\/person\/image\/\",\"url\":\"https:\/\/secure.gravatar.com\/avatar\/48e3fc7f8421ba8942be6b74a2b7f014ca39bc00dece156b7a8e098ae7dc87bf?s=96&d=mm&r=g\",\"contentUrl\":\"https:\/\/secure.gravatar.com\/avatar\/48e3fc7f8421ba8942be6b74a2b7f014ca39bc00dece156b7a8e098ae7dc87bf?s=96&d=mm&r=g\",\"caption\":\"C.K.\"},\"url\":\"https:\/\/vosgesinfo.fr\/epinalinfo\/author\/celia-k-n\/\"}]}<\/script>\n<!-- \/ Yoast SEO plugin. -->","yoast_head_json":{"title":"Grave accident de moto entre Bult et Destord : un bless\u00e9 h\u00e9liport\u00e9 \u00e0 Nancy - Epinal Info","robots":{"index":"index","follow":"follow","max-snippet":"max-snippet:-1","max-image-preview":"max-image-preview:large","max-video-preview":"max-video-preview:-1"},"canonical":"https:\/\/vosgesinfo.fr\/epinalinfo\/2025\/08\/grave-accident-de-moto-entre-bult-et-destord-un-blesse-heliporte-a-nancy\/","twitter_card":"summary_large_image","twitter_title":"Grave accident de moto entre Bult et Destord : un bless\u00e9 h\u00e9liport\u00e9 \u00e0 Nancy - Epinal Info","twitter_description":"Un grave accident de la route s\u2019est produit ce dimanche matin, peu avant 9 h 30, \u00e0 la jonction des [&hellip;]","twitter_image":"https:\/\/vosgesinfo.fr\/app\/uploads\/sites\/3\/2024\/08\/201608pompiers-feu-38.jpg","twitter_creator":"@VosgesInfo88","twitter_site":"@VosgesInfo88","twitter_misc":{"\u00c9crit par":"C.K.","Dur\u00e9e de lecture estim\u00e9e":"1 minute"},"schema":{"@context":"https:\/\/schema.org","@graph":[{"@type":"Article","@id":"https:\/\/vosgesinfo.fr\/epinalinfo\/2025\/08\/grave-accident-de-moto-entre-bult-et-destord-un-blesse-heliporte-a-nancy\/#article","isPartOf":{"@id":"https:\/\/vosgesinfo.fr\/epinalinfo\/2025\/08\/grave-accident-de-moto-entre-bult-et-destord-un-blesse-heliporte-a-nancy\/"},"author":{"name":"C.K.","@id":"https:\/\/vosgesinfo.fr\/epinalinfo\/#\/schema\/person\/6f9a650eeea99d969b6c4ab78fccbe81"},"headline":"Grave accident de moto entre Bult et Destord : un bless\u00e9 h\u00e9liport\u00e9 \u00e0 Nancy","datePublished":"2025-08-10T11:35:33+00:00","dateModified":"2025-08-10T11:29:15+00:00","mainEntityOfPage":{"@id":"https:\/\/vosgesinfo.fr\/epinalinfo\/2025\/08\/grave-accident-de-moto-entre-bult-et-destord-un-blesse-heliporte-a-nancy\/"},"wordCount":162,"commentCount":0,"publisher":{"@id":"https:\/\/vosgesinfo.fr\/epinalinfo\/#organization"},"image":{"@id":"https:\/\/vosgesinfo.fr\/epinalinfo\/2025\/08\/grave-accident-de-moto-entre-bult-et-destord-un-blesse-heliporte-a-nancy\/#primaryimage"},"thumbnailUrl":"https:\/\/vosgesinfo.fr\/app\/uploads\/sites\/3\/2024\/08\/201608pompiers-feu-38.jpg","articleSection":["A la Une","Epinal","Faits-divers","Vosges"],"inLanguage":"fr-FR","potentialAction":[{"@type":"CommentAction","name":"Comment","target":["https:\/\/vosgesinfo.fr\/epinalinfo\/2025\/08\/grave-accident-de-moto-entre-bult-et-destord-un-blesse-heliporte-a-nancy\/#respond"]}]},{"@type":"WebPage","@id":"https:\/\/vosgesinfo.fr\/epinalinfo\/2025\/08\/grave-accident-de-moto-entre-bult-et-destord-un-blesse-heliporte-a-nancy\/","url":"https:\/\/vosgesinfo.fr\/epinalinfo\/2025\/08\/grave-accident-de-moto-entre-bult-et-destord-un-blesse-heliporte-a-nancy\/","name":"Grave accident de moto entre Bult et Destord : un bless\u00e9 h\u00e9liport\u00e9 \u00e0 Nancy - Epinal Info","isPartOf":{"@id":"https:\/\/vosgesinfo.fr\/epinalinfo\/#website"},"primaryImageOfPage":{"@id":"https:\/\/vosgesinfo.fr\/epinalinfo\/2025\/08\/grave-accident-de-moto-entre-bult-et-destord-un-blesse-heliporte-a-nancy\/#primaryimage"},"image":{"@id":"https:\/\/vosgesinfo.fr\/epinalinfo\/2025\/08\/grave-accident-de-moto-entre-bult-et-destord-un-blesse-heliporte-a-nancy\/#primaryimage"},"thumbnailUrl":"https:\/\/vosgesinfo.fr\/app\/uploads\/sites\/3\/2024\/08\/201608pompiers-feu-38.jpg","datePublished":"2025-08-10T11:35:33+00:00","dateModified":"2025-08-10T11:29:15+00:00","breadcrumb":{"@id":"https:\/\/vosgesinfo.fr\/epinalinfo\/2025\/08\/grave-accident-de-moto-entre-bult-et-destord-un-blesse-heliporte-a-nancy\/#breadcrumb"},"inLanguage":"fr-FR","potentialAction":[{"@type":"ReadAction","target":["https:\/\/vosgesinfo.fr\/epinalinfo\/2025\/08\/grave-accident-de-moto-entre-bult-et-destord-un-blesse-heliporte-a-nancy\/"]}]},{"@type":"ImageObject","inLanguage":"fr-FR","@id":"https:\/\/vosgesinfo.fr\/epinalinfo\/2025\/08\/grave-accident-de-moto-entre-bult-et-destord-un-blesse-heliporte-a-nancy\/#primaryimage","url":"https:\/\/vosgesinfo.fr\/app\/uploads\/sites\/3\/2024\/08\/201608pompiers-feu-38.jpg","contentUrl":"https:\/\/vosgesinfo.fr\/app\/uploads\/sites\/3\/2024\/08\/201608pompiers-feu-38.jpg","width":600,"height":592},{"@type":"BreadcrumbList","@id":"https:\/\/vosgesinfo.fr\/epinalinfo\/2025\/08\/grave-accident-de-moto-entre-bult-et-destord-un-blesse-heliporte-a-nancy\/#breadcrumb","itemListElement":[{"@type":"ListItem","position":1,"name":"Home","item":"https:\/\/vosgesinfo.fr\/epinalinfo\/"},{"@type":"ListItem","position":2,"name":"Grave accident de moto entre Bult et Destord : un bless\u00e9 h\u00e9liport\u00e9 \u00e0 Nancy"}]},{"@type":"WebSite","@id":"https:\/\/vosgesinfo.fr\/epinalinfo\/#website","url":"https:\/\/vosgesinfo.fr\/epinalinfo\/","name":"Epinal Info","description":"Toute l&#039;actualit\u00e9 d&#039;\u00c9pinal","publisher":{"@id":"https:\/\/vosgesinfo.fr\/epinalinfo\/#organization"},"alternateName":"Toute l'actualit\u00e9 d'\u00c9pinal","potentialAction":[{"@type":"SearchAction","target":{"@type":"EntryPoint","urlTemplate":"https:\/\/vosgesinfo.fr\/epinalinfo\/?s={search_term_string}"},"query-input":"required name=search_term_string"}],"inLanguage":"fr-FR"},{"@type":"Organization","@id":"https:\/\/vosgesinfo.fr\/epinalinfo\/#organization","name":"Epinal Info","url":"https:\/\/vosgesinfo.fr\/epinalinfo\/","logo":{"@type":"ImageObject","inLanguage":"fr-FR","@id":"https:\/\/vosgesinfo.fr\/epinalinfo\/#\/schema\/logo\/image\/","url":"https:\/\/vosgesinfo.fr\/app\/uploads\/sites\/3\/2023\/08\/logo-epinalinfos.svg","contentUrl":"https:\/\/vosgesinfo.fr\/app\/uploads\/sites\/3\/2023\/08\/logo-epinalinfos.svg","width":1,"height":1,"caption":"Epinal Info"},"image":{"@id":"https:\/\/vosgesinfo.fr\/epinalinfo\/#\/schema\/logo\/image\/"},"sameAs":["https:\/\/www.facebook.com\/Epinalinfos","https:\/\/x.com\/VosgesInfo88","https:\/\/www.youtube.com\/@vosgesinfo"]},{"@type":"Person","@id":"https:\/\/vosgesinfo.fr\/epinalinfo\/#\/schema\/person\/6f9a650eeea99d969b6c4ab78fccbe81","name":"C.K.","image":{"@type":"ImageObject","inLanguage":"fr-FR","@id":"https:\/\/vosgesinfo.fr\/epinalinfo\/#\/schema\/person\/image\/","url":"https:\/\/secure.gravatar.com\/avatar\/48e3fc7f8421ba8942be6b74a2b7f014ca39bc00dece156b7a8e098ae7dc87bf?s=96&d=mm&r=g","contentUrl":"https:\/\/secure.gravatar.com\/avatar\/48e3fc7f8421ba8942be6b74a2b7f014ca39bc00dece156b7a8e098ae7dc87bf?s=96&d=mm&r=g","caption":"C.K."},"url":"https:\/\/vosgesinfo.fr\/epinalinfo\/author\/celia-k-n\/"}]}},"_links":{"self":[{"href":"https:\/\/vosgesinfo.fr\/epinalinfo\/wp-json\/wp\/v2\/posts\/134220","targetHints":{"allow":["GET"]}}],"collection":[{"href":"https:\/\/vosgesinfo.fr\/epinalinfo\/wp-json\/wp\/v2\/posts"}],"about":[{"href":"https:\/\/vosgesinfo.fr\/epinalinfo\/wp-json\/wp\/v2\/types\/post"}],"author":[{"embeddable":true,"href":"https:\/\/vosgesinfo.fr\/epinalinfo\/wp-json\/wp\/v2\/users\/52"}],"replies":[{"embeddable":true,"href":"https:\/\/vosgesinfo.fr\/epinalinfo\/wp-json\/wp\/v2\/comments?post=134220"}],"version-history":[{"count":1,"href":"https:\/\/vosgesinfo.fr\/epinalinfo\/wp-json\/wp\/v2\/posts\/134220\/revisions"}],"predecessor-version":[{"id":134221,"href":"https:\/\/vosgesinfo.fr\/epinalinfo\/wp-json\/wp\/v2\/posts\/134220\/revisions\/134221"}],"wp:featuredmedia":[{"embeddable":true,"href":"https:\/\/vosgesinfo.fr\/epinalinfo\/wp-json\/wp\/v2\/media\/80857"}],"wp:attachment":[{"href":"https:\/\/vosgesinfo.fr\/epinalinfo\/wp-json\/wp\/v2\/media?parent=134220"}],"wp:term":[{"taxonomy":"category","embeddable":true,"href":"https:\/\/vosgesinfo.fr\/epinalinfo\/wp-json\/wp\/v2\/categories?post=134220"},{"taxonomy":"post_tag","embeddable":true,"href":"https:\/\/vosgesinfo.fr\/epinalinfo\/wp-json\/wp\/v2\/tags?post=134220"}],"curies":[{"name":"wp","href":"https:\/\/api.w.org\/{rel}","templated":true}]}}