{"id":134226,"date":"2025-08-11T09:00:50","date_gmt":"2025-08-11T07:00:50","guid":{"rendered":"https:\/\/vosgesinfo.fr\/epinalinfo\/?p=134226"},"modified":"2025-08-11T08:56:22","modified_gmt":"2025-08-11T06:56:22","slug":"concours-national-ardennais-a-vittel","status":"publish","type":"post","link":"https:\/\/vosgesinfo.fr\/epinalinfo\/2025\/08\/concours-national-ardennais-a-vittel\/","title":{"rendered":"Concours National Ardennais \u00e0 Vittel"},"content":{"rendered":"<p data-start=\"135\" data-end=\"554\"><a href=\"https:\/\/vosgesinfo.fr\/app\/uploads\/sites\/3\/2025\/08\/horse-4962780-960-720.jpg\"><img decoding=\"async\" class=\"aligncenter size-full wp-image-134227\" src=\"https:\/\/vosgesinfo.fr\/app\/uploads\/sites\/3\/2025\/08\/horse-4962780-960-720.jpg\" alt=\"\" width=\"960\" height=\"640\" srcset=\"https:\/\/vosgesinfo.fr\/app\/uploads\/sites\/3\/2025\/08\/horse-4962780-960-720.jpg 960w, https:\/\/vosgesinfo.fr\/app\/uploads\/sites\/3\/2025\/08\/horse-4962780-960-720-300x200.jpg 300w, https:\/\/vosgesinfo.fr\/app\/uploads\/sites\/3\/2025\/08\/horse-4962780-960-720-768x512.jpg 768w\" sizes=\"(max-width: 960px) 100vw, 960px\" \/><\/a>Les passionn\u00e9s de chevaux de trait ont rendez-vous \u00e0 Vittel pour un week-end d\u2019exception !<br data-start=\"225\" data-end=\"228\" \/>L\u2019Union des \u00c9leveurs de Chevaux de la Race Ardennaise organise son <strong data-start=\"295\" data-end=\"326\">Concours National Ardennais<\/strong> les <strong data-start=\"331\" data-end=\"369\">samedi 30 et dimanche 31 ao\u00fbt 2025<\/strong>. Plus d\u2019une centaine de magnifiques chevaux, venus de toutes les r\u00e9gions de France, feront le d\u00e9placement pour c\u00e9l\u00e9brer cette race embl\u00e9matique et se mesurer lors d\u2019\u00e9preuves vari\u00e9es.<\/p>\n<p data-start=\"556\" data-end=\"626\">Pendant deux jours, le public pourra assister \u00e0 un programme riche :<\/p>\n<ul data-start=\"627\" data-end=\"1014\">\n<li data-start=\"627\" data-end=\"838\">\n<p data-start=\"629\" data-end=\"838\"><strong data-start=\"629\" data-end=\"639\">Samedi<\/strong> : \u00e9preuves de mod\u00e8les et allures pour les femelles, et lancement des <strong data-start=\"709\" data-end=\"724\">Equid\u00e9s Cup<\/strong> avec les s\u00e9lections des jeunes chevaux de trait au travail (maniabilit\u00e9 attel\u00e9e, \u00e9preuves mont\u00e9es et traction).<\/p>\n<\/li>\n<li data-start=\"839\" data-end=\"911\">\n<p data-start=\"841\" data-end=\"911\"><strong data-start=\"841\" data-end=\"859\">Dimanche matin<\/strong> : approbation des m\u00e2les et suite des Equid\u00e9s Cup.<\/p>\n<\/li>\n<li data-start=\"912\" data-end=\"1014\">\n<p data-start=\"914\" data-end=\"1014\"><strong data-start=\"914\" data-end=\"937\">Dimanche apr\u00e8s-midi<\/strong> : grand d\u00e9fil\u00e9 sur l\u2019hippodrome, moment fort et spectaculaire du week-end.<\/p>\n<\/li>\n<\/ul>\n<p data-start=\"1016\" data-end=\"1210\">Cette ann\u00e9e encore, la <strong data-start=\"1039\" data-end=\"1065\">Grande Vente de Vittel<\/strong> fera son retour le samedi 30 ao\u00fbt, offrant aux amateurs et professionnels l\u2019occasion de d\u00e9couvrir et acqu\u00e9rir de magnifiques chevaux de trait.<\/p>\n<p data-start=\"1212\" data-end=\"1374\">L\u2019\u00e9v\u00e9nement se d\u00e9roulera dans une ambiance conviviale avec <strong data-start=\"1271\" data-end=\"1299\">entr\u00e9e libre et gratuite<\/strong>, buvette, restauration et village exposant pour prolonger la d\u00e9couverte.<\/p>\n<p data-start=\"1376\" data-end=\"1482\">\ud83d\udcc5 <strong data-start=\"1379\" data-end=\"1400\">30 &amp; 31 ao\u00fbt 2025<\/strong><br data-start=\"1400\" data-end=\"1403\" \/>\ud83d\udccd <strong data-start=\"1406\" data-end=\"1430\">Hippodrome de Vittel<\/strong><br data-start=\"1430\" data-end=\"1433\" \/>\ud83d\udeaa <strong data-start=\"1436\" data-end=\"1455\">Entr\u00e9e gratuite<\/strong> \u2013 animations tout public<\/p>\n<p data-start=\"1484\" data-end=\"1600\">Une belle occasion de (re)d\u00e9couvrir la puissance, l\u2019\u00e9l\u00e9gance et le savoir-faire qui entourent la race Ardennaise !<\/p>\n<p data-start=\"1484\" data-end=\"1600\"><a href=\"https:\/\/vosgesinfo.fr\/app\/uploads\/sites\/3\/2025\/08\/529717417-1609880763258731-3927717218776719251-n.jpg\"><img decoding=\"async\" class=\"aligncenter size-full wp-image-134228\" src=\"https:\/\/vosgesinfo.fr\/app\/uploads\/sites\/3\/2025\/08\/529717417-1609880763258731-3927717218776719251-n.jpg\" alt=\"\" width=\"1449\" height=\"2048\" srcset=\"https:\/\/vosgesinfo.fr\/app\/uploads\/sites\/3\/2025\/08\/529717417-1609880763258731-3927717218776719251-n.jpg 1449w, https:\/\/vosgesinfo.fr\/app\/uploads\/sites\/3\/2025\/08\/529717417-1609880763258731-3927717218776719251-n-212x300.jpg 212w, https:\/\/vosgesinfo.fr\/app\/uploads\/sites\/3\/2025\/08\/529717417-1609880763258731-3927717218776719251-n-725x1024.jpg 725w, https:\/\/vosgesinfo.fr\/app\/uploads\/sites\/3\/2025\/08\/529717417-1609880763258731-3927717218776719251-n-768x1085.jpg 768w, https:\/\/vosgesinfo.fr\/app\/uploads\/sites\/3\/2025\/08\/529717417-1609880763258731-3927717218776719251-n-1087x1536.jpg 1087w\" sizes=\"(max-width: 1449px) 100vw, 1449px\" \/><\/a><\/p>\n","protected":false},"excerpt":{"rendered":"<p>Les passionn\u00e9s de chevaux de trait ont rendez-vous \u00e0 Vittel pour un week-end d\u2019exception !L\u2019Union des \u00c9leveurs de Chevaux de [&hellip;]<\/p>\n","protected":false},"author":52,"featured_media":134227,"comment_status":"open","ping_status":"open","sticky":false,"template":"","format":"standard","meta":{"footnotes":""},"categories":[22,24,6057],"tags":[],"class_list":["post-134226","post","type-post","status-publish","format-standard","has-post-thumbnail","hentry","category-a-la-une","category-epinal","category-la-plaine-des-vosges"],"acf":[],"yoast_head":"<!-- This site is optimized with the Yoast SEO plugin v22.5 - https:\/\/yoast.com\/wordpress\/plugins\/seo\/ -->\n<title>Concours National Ardennais \u00e0 Vittel - Epinal Info<\/title>\n<meta name=\"robots\" content=\"index, follow, max-snippet:-1, max-image-preview:large, max-video-preview:-1\" \/>\n<link rel=\"canonical\" href=\"https:\/\/vosgesinfo.fr\/epinalinfo\/2025\/08\/concours-national-ardennais-a-vittel\/\" \/>\n<meta name=\"twitter:card\" content=\"summary_large_image\" \/>\n<meta name=\"twitter:title\" content=\"Concours National Ardennais \u00e0 Vittel - Epinal Info\" \/>\n<meta name=\"twitter:description\" content=\"Les passionn\u00e9s de chevaux de trait ont rendez-vous \u00e0 Vittel pour un week-end d\u2019exception !L\u2019Union des \u00c9leveurs de Chevaux de [&hellip;]\" \/>\n<meta name=\"twitter:image\" content=\"https:\/\/vosgesinfo.fr\/app\/uploads\/sites\/3\/2025\/08\/horse-4962780-960-720.jpg\" \/>\n<meta name=\"twitter:creator\" content=\"@VosgesInfo88\" \/>\n<meta name=\"twitter:site\" content=\"@VosgesInfo88\" \/>\n<meta name=\"twitter:label1\" content=\"\u00c9crit par\" \/>\n\t<meta name=\"twitter:data1\" content=\"C.K.\" \/>\n\t<meta name=\"twitter:label2\" content=\"Dur\u00e9e de lecture estim\u00e9e\" \/>\n\t<meta name=\"twitter:data2\" content=\"1 minute\" \/>\n<script type=\"application\/ld+json\" class=\"yoast-schema-graph\">{\"@context\":\"https:\/\/schema.org\",\"@graph\":[{\"@type\":\"Article\",\"@id\":\"https:\/\/vosgesinfo.fr\/epinalinfo\/2025\/08\/concours-national-ardennais-a-vittel\/#article\",\"isPartOf\":{\"@id\":\"https:\/\/vosgesinfo.fr\/epinalinfo\/2025\/08\/concours-national-ardennais-a-vittel\/\"},\"author\":{\"name\":\"C.K.\",\"@id\":\"https:\/\/vosgesinfo.fr\/epinalinfo\/#\/schema\/person\/6f9a650eeea99d969b6c4ab78fccbe81\"},\"headline\":\"Concours National Ardennais \u00e0 Vittel\",\"datePublished\":\"2025-08-11T07:00:50+00:00\",\"dateModified\":\"2025-08-11T06:56:22+00:00\",\"mainEntityOfPage\":{\"@id\":\"https:\/\/vosgesinfo.fr\/epinalinfo\/2025\/08\/concours-national-ardennais-a-vittel\/\"},\"wordCount\":239,\"commentCount\":0,\"publisher\":{\"@id\":\"https:\/\/vosgesinfo.fr\/epinalinfo\/#organization\"},\"image\":{\"@id\":\"https:\/\/vosgesinfo.fr\/epinalinfo\/2025\/08\/concours-national-ardennais-a-vittel\/#primaryimage\"},\"thumbnailUrl\":\"https:\/\/vosgesinfo.fr\/app\/uploads\/sites\/3\/2025\/08\/horse-4962780-960-720.jpg\",\"articleSection\":[\"A la Une\",\"Epinal\",\"La plaine des vosges\"],\"inLanguage\":\"fr-FR\",\"potentialAction\":[{\"@type\":\"CommentAction\",\"name\":\"Comment\",\"target\":[\"https:\/\/vosgesinfo.fr\/epinalinfo\/2025\/08\/concours-national-ardennais-a-vittel\/#respond\"]}]},{\"@type\":\"WebPage\",\"@id\":\"https:\/\/vosgesinfo.fr\/epinalinfo\/2025\/08\/concours-national-ardennais-a-vittel\/\",\"url\":\"https:\/\/vosgesinfo.fr\/epinalinfo\/2025\/08\/concours-national-ardennais-a-vittel\/\",\"name\":\"Concours National Ardennais \u00e0 Vittel - Epinal Info\",\"isPartOf\":{\"@id\":\"https:\/\/vosgesinfo.fr\/epinalinfo\/#website\"},\"primaryImageOfPage\":{\"@id\":\"https:\/\/vosgesinfo.fr\/epinalinfo\/2025\/08\/concours-national-ardennais-a-vittel\/#primaryimage\"},\"image\":{\"@id\":\"https:\/\/vosgesinfo.fr\/epinalinfo\/2025\/08\/concours-national-ardennais-a-vittel\/#primaryimage\"},\"thumbnailUrl\":\"https:\/\/vosgesinfo.fr\/app\/uploads\/sites\/3\/2025\/08\/horse-4962780-960-720.jpg\",\"datePublished\":\"2025-08-11T07:00:50+00:00\",\"dateModified\":\"2025-08-11T06:56:22+00:00\",\"breadcrumb\":{\"@id\":\"https:\/\/vosgesinfo.fr\/epinalinfo\/2025\/08\/concours-national-ardennais-a-vittel\/#breadcrumb\"},\"inLanguage\":\"fr-FR\",\"potentialAction\":[{\"@type\":\"ReadAction\",\"target\":[\"https:\/\/vosgesinfo.fr\/epinalinfo\/2025\/08\/concours-national-ardennais-a-vittel\/\"]}]},{\"@type\":\"ImageObject\",\"inLanguage\":\"fr-FR\",\"@id\":\"https:\/\/vosgesinfo.fr\/epinalinfo\/2025\/08\/concours-national-ardennais-a-vittel\/#primaryimage\",\"url\":\"https:\/\/vosgesinfo.fr\/app\/uploads\/sites\/3\/2025\/08\/horse-4962780-960-720.jpg\",\"contentUrl\":\"https:\/\/vosgesinfo.fr\/app\/uploads\/sites\/3\/2025\/08\/horse-4962780-960-720.jpg\",\"width\":960,\"height\":640},{\"@type\":\"BreadcrumbList\",\"@id\":\"https:\/\/vosgesinfo.fr\/epinalinfo\/2025\/08\/concours-national-ardennais-a-vittel\/#breadcrumb\",\"itemListElement\":[{\"@type\":\"ListItem\",\"position\":1,\"name\":\"Home\",\"item\":\"https:\/\/vosgesinfo.fr\/epinalinfo\/\"},{\"@type\":\"ListItem\",\"position\":2,\"name\":\"Concours National Ardennais \u00e0 Vittel\"}]},{\"@type\":\"WebSite\",\"@id\":\"https:\/\/vosgesinfo.fr\/epinalinfo\/#website\",\"url\":\"https:\/\/vosgesinfo.fr\/epinalinfo\/\",\"name\":\"Epinal Info\",\"description\":\"Toute l&#039;actualit\u00e9 d&#039;\u00c9pinal\",\"publisher\":{\"@id\":\"https:\/\/vosgesinfo.fr\/epinalinfo\/#organization\"},\"alternateName\":\"Toute l'actualit\u00e9 d'\u00c9pinal\",\"potentialAction\":[{\"@type\":\"SearchAction\",\"target\":{\"@type\":\"EntryPoint\",\"urlTemplate\":\"https:\/\/vosgesinfo.fr\/epinalinfo\/?s={search_term_string}\"},\"query-input\":\"required name=search_term_string\"}],\"inLanguage\":\"fr-FR\"},{\"@type\":\"Organization\",\"@id\":\"https:\/\/vosgesinfo.fr\/epinalinfo\/#organization\",\"name\":\"Epinal Info\",\"url\":\"https:\/\/vosgesinfo.fr\/epinalinfo\/\",\"logo\":{\"@type\":\"ImageObject\",\"inLanguage\":\"fr-FR\",\"@id\":\"https:\/\/vosgesinfo.fr\/epinalinfo\/#\/schema\/logo\/image\/\",\"url\":\"https:\/\/vosgesinfo.fr\/app\/uploads\/sites\/3\/2023\/08\/logo-epinalinfos.svg\",\"contentUrl\":\"https:\/\/vosgesinfo.fr\/app\/uploads\/sites\/3\/2023\/08\/logo-epinalinfos.svg\",\"width\":1,\"height\":1,\"caption\":\"Epinal Info\"},\"image\":{\"@id\":\"https:\/\/vosgesinfo.fr\/epinalinfo\/#\/schema\/logo\/image\/\"},\"sameAs\":[\"https:\/\/www.facebook.com\/Epinalinfos\",\"https:\/\/x.com\/VosgesInfo88\",\"https:\/\/www.youtube.com\/@vosgesinfo\"]},{\"@type\":\"Person\",\"@id\":\"https:\/\/vosgesinfo.fr\/epinalinfo\/#\/schema\/person\/6f9a650eeea99d969b6c4ab78fccbe81\",\"name\":\"C.K.\",\"image\":{\"@type\":\"ImageObject\",\"inLanguage\":\"fr-FR\",\"@id\":\"https:\/\/vosgesinfo.fr\/epinalinfo\/#\/schema\/person\/image\/\",\"url\":\"https:\/\/secure.gravatar.com\/avatar\/48e3fc7f8421ba8942be6b74a2b7f014ca39bc00dece156b7a8e098ae7dc87bf?s=96&d=mm&r=g\",\"contentUrl\":\"https:\/\/secure.gravatar.com\/avatar\/48e3fc7f8421ba8942be6b74a2b7f014ca39bc00dece156b7a8e098ae7dc87bf?s=96&d=mm&r=g\",\"caption\":\"C.K.\"},\"url\":\"https:\/\/vosgesinfo.fr\/epinalinfo\/author\/celia-k-n\/\"}]}<\/script>\n<!-- \/ Yoast SEO plugin. -->","yoast_head_json":{"title":"Concours National Ardennais \u00e0 Vittel - Epinal Info","robots":{"index":"index","follow":"follow","max-snippet":"max-snippet:-1","max-image-preview":"max-image-preview:large","max-video-preview":"max-video-preview:-1"},"canonical":"https:\/\/vosgesinfo.fr\/epinalinfo\/2025\/08\/concours-national-ardennais-a-vittel\/","twitter_card":"summary_large_image","twitter_title":"Concours National Ardennais \u00e0 Vittel - Epinal Info","twitter_description":"Les passionn\u00e9s de chevaux de trait ont rendez-vous \u00e0 Vittel pour un week-end d\u2019exception !L\u2019Union des \u00c9leveurs de Chevaux de [&hellip;]","twitter_image":"https:\/\/vosgesinfo.fr\/app\/uploads\/sites\/3\/2025\/08\/horse-4962780-960-720.jpg","twitter_creator":"@VosgesInfo88","twitter_site":"@VosgesInfo88","twitter_misc":{"\u00c9crit par":"C.K.","Dur\u00e9e de lecture estim\u00e9e":"1 minute"},"schema":{"@context":"https:\/\/schema.org","@graph":[{"@type":"Article","@id":"https:\/\/vosgesinfo.fr\/epinalinfo\/2025\/08\/concours-national-ardennais-a-vittel\/#article","isPartOf":{"@id":"https:\/\/vosgesinfo.fr\/epinalinfo\/2025\/08\/concours-national-ardennais-a-vittel\/"},"author":{"name":"C.K.","@id":"https:\/\/vosgesinfo.fr\/epinalinfo\/#\/schema\/person\/6f9a650eeea99d969b6c4ab78fccbe81"},"headline":"Concours National Ardennais \u00e0 Vittel","datePublished":"2025-08-11T07:00:50+00:00","dateModified":"2025-08-11T06:56:22+00:00","mainEntityOfPage":{"@id":"https:\/\/vosgesinfo.fr\/epinalinfo\/2025\/08\/concours-national-ardennais-a-vittel\/"},"wordCount":239,"commentCount":0,"publisher":{"@id":"https:\/\/vosgesinfo.fr\/epinalinfo\/#organization"},"image":{"@id":"https:\/\/vosgesinfo.fr\/epinalinfo\/2025\/08\/concours-national-ardennais-a-vittel\/#primaryimage"},"thumbnailUrl":"https:\/\/vosgesinfo.fr\/app\/uploads\/sites\/3\/2025\/08\/horse-4962780-960-720.jpg","articleSection":["A la Une","Epinal","La plaine des vosges"],"inLanguage":"fr-FR","potentialAction":[{"@type":"CommentAction","name":"Comment","target":["https:\/\/vosgesinfo.fr\/epinalinfo\/2025\/08\/concours-national-ardennais-a-vittel\/#respond"]}]},{"@type":"WebPage","@id":"https:\/\/vosgesinfo.fr\/epinalinfo\/2025\/08\/concours-national-ardennais-a-vittel\/","url":"https:\/\/vosgesinfo.fr\/epinalinfo\/2025\/08\/concours-national-ardennais-a-vittel\/","name":"Concours National Ardennais \u00e0 Vittel - Epinal Info","isPartOf":{"@id":"https:\/\/vosgesinfo.fr\/epinalinfo\/#website"},"primaryImageOfPage":{"@id":"https:\/\/vosgesinfo.fr\/epinalinfo\/2025\/08\/concours-national-ardennais-a-vittel\/#primaryimage"},"image":{"@id":"https:\/\/vosgesinfo.fr\/epinalinfo\/2025\/08\/concours-national-ardennais-a-vittel\/#primaryimage"},"thumbnailUrl":"https:\/\/vosgesinfo.fr\/app\/uploads\/sites\/3\/2025\/08\/horse-4962780-960-720.jpg","datePublished":"2025-08-11T07:00:50+00:00","dateModified":"2025-08-11T06:56:22+00:00","breadcrumb":{"@id":"https:\/\/vosgesinfo.fr\/epinalinfo\/2025\/08\/concours-national-ardennais-a-vittel\/#breadcrumb"},"inLanguage":"fr-FR","potentialAction":[{"@type":"ReadAction","target":["https:\/\/vosgesinfo.fr\/epinalinfo\/2025\/08\/concours-national-ardennais-a-vittel\/"]}]},{"@type":"ImageObject","inLanguage":"fr-FR","@id":"https:\/\/vosgesinfo.fr\/epinalinfo\/2025\/08\/concours-national-ardennais-a-vittel\/#primaryimage","url":"https:\/\/vosgesinfo.fr\/app\/uploads\/sites\/3\/2025\/08\/horse-4962780-960-720.jpg","contentUrl":"https:\/\/vosgesinfo.fr\/app\/uploads\/sites\/3\/2025\/08\/horse-4962780-960-720.jpg","width":960,"height":640},{"@type":"BreadcrumbList","@id":"https:\/\/vosgesinfo.fr\/epinalinfo\/2025\/08\/concours-national-ardennais-a-vittel\/#breadcrumb","itemListElement":[{"@type":"ListItem","position":1,"name":"Home","item":"https:\/\/vosgesinfo.fr\/epinalinfo\/"},{"@type":"ListItem","position":2,"name":"Concours National Ardennais \u00e0 Vittel"}]},{"@type":"WebSite","@id":"https:\/\/vosgesinfo.fr\/epinalinfo\/#website","url":"https:\/\/vosgesinfo.fr\/epinalinfo\/","name":"Epinal Info","description":"Toute l&#039;actualit\u00e9 d&#039;\u00c9pinal","publisher":{"@id":"https:\/\/vosgesinfo.fr\/epinalinfo\/#organization"},"alternateName":"Toute l'actualit\u00e9 d'\u00c9pinal","potentialAction":[{"@type":"SearchAction","target":{"@type":"EntryPoint","urlTemplate":"https:\/\/vosgesinfo.fr\/epinalinfo\/?s={search_term_string}"},"query-input":"required name=search_term_string"}],"inLanguage":"fr-FR"},{"@type":"Organization","@id":"https:\/\/vosgesinfo.fr\/epinalinfo\/#organization","name":"Epinal Info","url":"https:\/\/vosgesinfo.fr\/epinalinfo\/","logo":{"@type":"ImageObject","inLanguage":"fr-FR","@id":"https:\/\/vosgesinfo.fr\/epinalinfo\/#\/schema\/logo\/image\/","url":"https:\/\/vosgesinfo.fr\/app\/uploads\/sites\/3\/2023\/08\/logo-epinalinfos.svg","contentUrl":"https:\/\/vosgesinfo.fr\/app\/uploads\/sites\/3\/2023\/08\/logo-epinalinfos.svg","width":1,"height":1,"caption":"Epinal Info"},"image":{"@id":"https:\/\/vosgesinfo.fr\/epinalinfo\/#\/schema\/logo\/image\/"},"sameAs":["https:\/\/www.facebook.com\/Epinalinfos","https:\/\/x.com\/VosgesInfo88","https:\/\/www.youtube.com\/@vosgesinfo"]},{"@type":"Person","@id":"https:\/\/vosgesinfo.fr\/epinalinfo\/#\/schema\/person\/6f9a650eeea99d969b6c4ab78fccbe81","name":"C.K.","image":{"@type":"ImageObject","inLanguage":"fr-FR","@id":"https:\/\/vosgesinfo.fr\/epinalinfo\/#\/schema\/person\/image\/","url":"https:\/\/secure.gravatar.com\/avatar\/48e3fc7f8421ba8942be6b74a2b7f014ca39bc00dece156b7a8e098ae7dc87bf?s=96&d=mm&r=g","contentUrl":"https:\/\/secure.gravatar.com\/avatar\/48e3fc7f8421ba8942be6b74a2b7f014ca39bc00dece156b7a8e098ae7dc87bf?s=96&d=mm&r=g","caption":"C.K."},"url":"https:\/\/vosgesinfo.fr\/epinalinfo\/author\/celia-k-n\/"}]}},"_links":{"self":[{"href":"https:\/\/vosgesinfo.fr\/epinalinfo\/wp-json\/wp\/v2\/posts\/134226","targetHints":{"allow":["GET"]}}],"collection":[{"href":"https:\/\/vosgesinfo.fr\/epinalinfo\/wp-json\/wp\/v2\/posts"}],"about":[{"href":"https:\/\/vosgesinfo.fr\/epinalinfo\/wp-json\/wp\/v2\/types\/post"}],"author":[{"embeddable":true,"href":"https:\/\/vosgesinfo.fr\/epinalinfo\/wp-json\/wp\/v2\/users\/52"}],"replies":[{"embeddable":true,"href":"https:\/\/vosgesinfo.fr\/epinalinfo\/wp-json\/wp\/v2\/comments?post=134226"}],"version-history":[{"count":1,"href":"https:\/\/vosgesinfo.fr\/epinalinfo\/wp-json\/wp\/v2\/posts\/134226\/revisions"}],"predecessor-version":[{"id":134229,"href":"https:\/\/vosgesinfo.fr\/epinalinfo\/wp-json\/wp\/v2\/posts\/134226\/revisions\/134229"}],"wp:featuredmedia":[{"embeddable":true,"href":"https:\/\/vosgesinfo.fr\/epinalinfo\/wp-json\/wp\/v2\/media\/134227"}],"wp:attachment":[{"href":"https:\/\/vosgesinfo.fr\/epinalinfo\/wp-json\/wp\/v2\/media?parent=134226"}],"wp:term":[{"taxonomy":"category","embeddable":true,"href":"https:\/\/vosgesinfo.fr\/epinalinfo\/wp-json\/wp\/v2\/categories?post=134226"},{"taxonomy":"post_tag","embeddable":true,"href":"https:\/\/vosgesinfo.fr\/epinalinfo\/wp-json\/wp\/v2\/tags?post=134226"}],"curies":[{"name":"wp","href":"https:\/\/api.w.org\/{rel}","templated":true}]}}