{"id":134230,"date":"2025-08-11T09:05:49","date_gmt":"2025-08-11T07:05:49","guid":{"rendered":"https:\/\/vosgesinfo.fr\/epinalinfo\/?p=134230"},"modified":"2025-08-11T09:00:29","modified_gmt":"2025-08-11T07:00:29","slug":"splash-plouf-3-jours-de-fun-au-centre-aquatique-de-remiremont","status":"publish","type":"post","link":"https:\/\/vosgesinfo.fr\/epinalinfo\/2025\/08\/splash-plouf-3-jours-de-fun-au-centre-aquatique-de-remiremont\/","title":{"rendered":"Splash &#038; Plouf : 3 jours de fun au Centre Aquatique de Remiremont !"},"content":{"rendered":"<div id=\"attachment_134231\" style=\"width: 1034px\" class=\"wp-caption aligncenter\"><a href=\"https:\/\/vosgesinfo.fr\/app\/uploads\/sites\/3\/2025\/08\/hulbert94.jpg\"><img decoding=\"async\" aria-describedby=\"caption-attachment-134231\" class=\"size-full wp-image-134231\" src=\"https:\/\/vosgesinfo.fr\/app\/uploads\/sites\/3\/2025\/08\/hulbert94.jpg\" alt=\"\" width=\"1024\" height=\"868\" srcset=\"https:\/\/vosgesinfo.fr\/app\/uploads\/sites\/3\/2025\/08\/hulbert94.jpg 1024w, https:\/\/vosgesinfo.fr\/app\/uploads\/sites\/3\/2025\/08\/hulbert94-300x254.jpg 300w, https:\/\/vosgesinfo.fr\/app\/uploads\/sites\/3\/2025\/08\/hulbert94-768x651.jpg 768w\" sizes=\"(max-width: 1024px) 100vw, 1024px\" \/><\/a><p id=\"caption-attachment-134231\" class=\"wp-caption-text\">photo www.ccpvm.fr<\/p><\/div>\n<p data-start=\"155\" data-end=\"444\">Pour la premi\u00e8re fois, le <strong data-start=\"181\" data-end=\"224\">Centre Aquatique intercommunal La Ligne<\/strong> \u00e0 Remiremont se transforme en v\u00e9ritable parc aquatique \u00e9ph\u00e9m\u00e8re avec <strong data-start=\"294\" data-end=\"312\">Splash &amp; Plouf<\/strong> ! Du <strong data-start=\"318\" data-end=\"358\">vendredi 15 au dimanche 17 ao\u00fbt 2025<\/strong>, petits et grands pourront profiter d\u2019un programme 100 % ludique et rafra\u00eechissant.<\/p>\n<p data-start=\"446\" data-end=\"530\">Pendant trois jours, les bassins accueilleront uniquement des activit\u00e9s festives :<\/p>\n<ul data-start=\"531\" data-end=\"856\">\n<li data-start=\"531\" data-end=\"591\">\n<p data-start=\"533\" data-end=\"591\"><strong data-start=\"533\" data-end=\"556\">Parcours aquatiques<\/strong> et <strong data-start=\"560\" data-end=\"585\">structures gonflables<\/strong> XXL<\/p>\n<\/li>\n<li data-start=\"592\" data-end=\"670\">\n<p data-start=\"594\" data-end=\"670\"><strong data-start=\"594\" data-end=\"610\">Mini-p\u00e9dalos<\/strong> pour les enfants de plus de 5 ans et de moins de 50 kilos<\/p>\n<\/li>\n<li data-start=\"671\" data-end=\"782\">\n<p data-start=\"673\" data-end=\"782\"><strong data-start=\"673\" data-end=\"690\">Water-rollers<\/strong> : ces bulles g\u00e9antes gonflables dans lesquelles on marche, court ou se tamponne sur l\u2019eau<\/p>\n<\/li>\n<li data-start=\"783\" data-end=\"856\">\n<p data-start=\"785\" data-end=\"856\">Et bien s\u00fbr, l\u2019incontournable <strong data-start=\"815\" data-end=\"827\">toboggan<\/strong> pour encore plus de glisse<\/p>\n<\/li>\n<\/ul>\n<p data-start=\"858\" data-end=\"1036\">\u23f1 <strong data-start=\"860\" data-end=\"878\">Fonctionnement<\/strong> : les activit\u00e9s se feront sur des cr\u00e9neaux d\u20191h30, de <strong data-start=\"933\" data-end=\"946\">10h \u00e0 19h<\/strong>.<br data-start=\"947\" data-end=\"950\" \/>\ud83d\udcb6 <strong data-start=\"953\" data-end=\"962\">Tarif<\/strong> : 12 \u20ac par personne et par cr\u00e9neau (r\u00e9servation au <strong data-start=\"1014\" data-end=\"1032\">03 55 22 81 43<\/strong>).<\/p>\n<p data-start=\"1038\" data-end=\"1350\">Les bassins seront exclusivement r\u00e9serv\u00e9s aux animations sur cette p\u00e9riode ; la pratique sportive reprendra avant et apr\u00e8s l\u2019\u00e9v\u00e9nement. L\u2019espace d\u00e9tente restera ouvert aux autres visiteurs. Les enfants restent sous la responsabilit\u00e9 des parents, et l\u2019encadrement sera assur\u00e9 par les Ma\u00eetres-Nageurs Sauveteurs.<\/p>\n<p data-start=\"1352\" data-end=\"1515\">\u2600 <strong data-start=\"1354\" data-end=\"1363\">Bonus<\/strong> : si la m\u00e9t\u00e9o le permet, le centre aquatique passera en configuration estivale, avec les toits ouverts pour profiter du soleil et du cadre ext\u00e9rieur.<\/p>\n<p data-start=\"1517\" data-end=\"1662\">\ud83d\udcc5 <strong data-start=\"1520\" data-end=\"1587\">15, 16 et 17 ao\u00fbt 2025 \u2013 Centre Aquatique La Ligne \u2013 Remiremont<\/strong><br data-start=\"1587\" data-end=\"1590\" \/>\ud83d\udca6 Un rendez-vous \u00e0 ne pas manquer pour plonger dans la bonne humeur !<\/p>\n<p data-start=\"1517\" data-end=\"1662\"><a href=\"https:\/\/vosgesinfo.fr\/app\/uploads\/sites\/3\/2025\/08\/splashplouf-centreaquatique-aout2025.jpg\"><img decoding=\"async\" class=\"aligncenter size-full wp-image-134232\" src=\"https:\/\/vosgesinfo.fr\/app\/uploads\/sites\/3\/2025\/08\/splashplouf-centreaquatique-aout2025.jpg\" alt=\"\" width=\"1080\" height=\"1527\" srcset=\"https:\/\/vosgesinfo.fr\/app\/uploads\/sites\/3\/2025\/08\/splashplouf-centreaquatique-aout2025.jpg 1080w, https:\/\/vosgesinfo.fr\/app\/uploads\/sites\/3\/2025\/08\/splashplouf-centreaquatique-aout2025-212x300.jpg 212w, https:\/\/vosgesinfo.fr\/app\/uploads\/sites\/3\/2025\/08\/splashplouf-centreaquatique-aout2025-724x1024.jpg 724w, https:\/\/vosgesinfo.fr\/app\/uploads\/sites\/3\/2025\/08\/splashplouf-centreaquatique-aout2025-768x1086.jpg 768w\" sizes=\"(max-width: 1080px) 100vw, 1080px\" \/><\/a><\/p>\n","protected":false},"excerpt":{"rendered":"<p>Pour la premi\u00e8re fois, le Centre Aquatique intercommunal La Ligne \u00e0 Remiremont se transforme en v\u00e9ritable parc aquatique \u00e9ph\u00e9m\u00e8re avec [&hellip;]<\/p>\n","protected":false},"author":52,"featured_media":134231,"comment_status":"open","ping_status":"open","sticky":false,"template":"","format":"standard","meta":{"footnotes":""},"categories":[22,24,6055],"tags":[],"class_list":["post-134230","post","type-post","status-publish","format-standard","has-post-thumbnail","hentry","category-a-la-une","category-epinal","category-remiremont"],"acf":[],"yoast_head":"<!-- This site is optimized with the Yoast SEO plugin v22.5 - https:\/\/yoast.com\/wordpress\/plugins\/seo\/ -->\n<title>Splash &amp; Plouf : 3 jours de fun au Centre Aquatique de Remiremont ! - Epinal Info<\/title>\n<meta name=\"robots\" content=\"index, follow, max-snippet:-1, max-image-preview:large, max-video-preview:-1\" \/>\n<link rel=\"canonical\" href=\"https:\/\/vosgesinfo.fr\/epinalinfo\/2025\/08\/splash-plouf-3-jours-de-fun-au-centre-aquatique-de-remiremont\/\" \/>\n<meta name=\"twitter:card\" content=\"summary_large_image\" \/>\n<meta name=\"twitter:title\" content=\"Splash &amp; Plouf : 3 jours de fun au Centre Aquatique de Remiremont ! - Epinal Info\" \/>\n<meta name=\"twitter:description\" content=\"Pour la premi\u00e8re fois, le Centre Aquatique intercommunal La Ligne \u00e0 Remiremont se transforme en v\u00e9ritable parc aquatique \u00e9ph\u00e9m\u00e8re avec [&hellip;]\" \/>\n<meta name=\"twitter:image\" content=\"https:\/\/vosgesinfo.fr\/app\/uploads\/sites\/3\/2025\/08\/hulbert94.jpg\" \/>\n<meta name=\"twitter:creator\" content=\"@VosgesInfo88\" \/>\n<meta name=\"twitter:site\" content=\"@VosgesInfo88\" \/>\n<meta name=\"twitter:label1\" content=\"\u00c9crit par\" \/>\n\t<meta name=\"twitter:data1\" content=\"C.K.\" \/>\n\t<meta name=\"twitter:label2\" content=\"Dur\u00e9e de lecture estim\u00e9e\" \/>\n\t<meta name=\"twitter:data2\" content=\"1 minute\" \/>\n<script type=\"application\/ld+json\" class=\"yoast-schema-graph\">{\"@context\":\"https:\/\/schema.org\",\"@graph\":[{\"@type\":\"Article\",\"@id\":\"https:\/\/vosgesinfo.fr\/epinalinfo\/2025\/08\/splash-plouf-3-jours-de-fun-au-centre-aquatique-de-remiremont\/#article\",\"isPartOf\":{\"@id\":\"https:\/\/vosgesinfo.fr\/epinalinfo\/2025\/08\/splash-plouf-3-jours-de-fun-au-centre-aquatique-de-remiremont\/\"},\"author\":{\"name\":\"C.K.\",\"@id\":\"https:\/\/vosgesinfo.fr\/epinalinfo\/#\/schema\/person\/6f9a650eeea99d969b6c4ab78fccbe81\"},\"headline\":\"Splash &#038; Plouf : 3 jours de fun au Centre Aquatique de Remiremont !\",\"datePublished\":\"2025-08-11T07:05:49+00:00\",\"dateModified\":\"2025-08-11T07:00:29+00:00\",\"mainEntityOfPage\":{\"@id\":\"https:\/\/vosgesinfo.fr\/epinalinfo\/2025\/08\/splash-plouf-3-jours-de-fun-au-centre-aquatique-de-remiremont\/\"},\"wordCount\":248,\"commentCount\":0,\"publisher\":{\"@id\":\"https:\/\/vosgesinfo.fr\/epinalinfo\/#organization\"},\"image\":{\"@id\":\"https:\/\/vosgesinfo.fr\/epinalinfo\/2025\/08\/splash-plouf-3-jours-de-fun-au-centre-aquatique-de-remiremont\/#primaryimage\"},\"thumbnailUrl\":\"https:\/\/vosgesinfo.fr\/app\/uploads\/sites\/3\/2025\/08\/hulbert94.jpg\",\"articleSection\":[\"A la Une\",\"Epinal\",\"Remiremont\"],\"inLanguage\":\"fr-FR\",\"potentialAction\":[{\"@type\":\"CommentAction\",\"name\":\"Comment\",\"target\":[\"https:\/\/vosgesinfo.fr\/epinalinfo\/2025\/08\/splash-plouf-3-jours-de-fun-au-centre-aquatique-de-remiremont\/#respond\"]}]},{\"@type\":\"WebPage\",\"@id\":\"https:\/\/vosgesinfo.fr\/epinalinfo\/2025\/08\/splash-plouf-3-jours-de-fun-au-centre-aquatique-de-remiremont\/\",\"url\":\"https:\/\/vosgesinfo.fr\/epinalinfo\/2025\/08\/splash-plouf-3-jours-de-fun-au-centre-aquatique-de-remiremont\/\",\"name\":\"Splash & Plouf : 3 jours de fun au Centre Aquatique de Remiremont ! - Epinal Info\",\"isPartOf\":{\"@id\":\"https:\/\/vosgesinfo.fr\/epinalinfo\/#website\"},\"primaryImageOfPage\":{\"@id\":\"https:\/\/vosgesinfo.fr\/epinalinfo\/2025\/08\/splash-plouf-3-jours-de-fun-au-centre-aquatique-de-remiremont\/#primaryimage\"},\"image\":{\"@id\":\"https:\/\/vosgesinfo.fr\/epinalinfo\/2025\/08\/splash-plouf-3-jours-de-fun-au-centre-aquatique-de-remiremont\/#primaryimage\"},\"thumbnailUrl\":\"https:\/\/vosgesinfo.fr\/app\/uploads\/sites\/3\/2025\/08\/hulbert94.jpg\",\"datePublished\":\"2025-08-11T07:05:49+00:00\",\"dateModified\":\"2025-08-11T07:00:29+00:00\",\"breadcrumb\":{\"@id\":\"https:\/\/vosgesinfo.fr\/epinalinfo\/2025\/08\/splash-plouf-3-jours-de-fun-au-centre-aquatique-de-remiremont\/#breadcrumb\"},\"inLanguage\":\"fr-FR\",\"potentialAction\":[{\"@type\":\"ReadAction\",\"target\":[\"https:\/\/vosgesinfo.fr\/epinalinfo\/2025\/08\/splash-plouf-3-jours-de-fun-au-centre-aquatique-de-remiremont\/\"]}]},{\"@type\":\"ImageObject\",\"inLanguage\":\"fr-FR\",\"@id\":\"https:\/\/vosgesinfo.fr\/epinalinfo\/2025\/08\/splash-plouf-3-jours-de-fun-au-centre-aquatique-de-remiremont\/#primaryimage\",\"url\":\"https:\/\/vosgesinfo.fr\/app\/uploads\/sites\/3\/2025\/08\/hulbert94.jpg\",\"contentUrl\":\"https:\/\/vosgesinfo.fr\/app\/uploads\/sites\/3\/2025\/08\/hulbert94.jpg\",\"width\":1024,\"height\":868,\"caption\":\"photo www.ccpvm.fr\"},{\"@type\":\"BreadcrumbList\",\"@id\":\"https:\/\/vosgesinfo.fr\/epinalinfo\/2025\/08\/splash-plouf-3-jours-de-fun-au-centre-aquatique-de-remiremont\/#breadcrumb\",\"itemListElement\":[{\"@type\":\"ListItem\",\"position\":1,\"name\":\"Home\",\"item\":\"https:\/\/vosgesinfo.fr\/epinalinfo\/\"},{\"@type\":\"ListItem\",\"position\":2,\"name\":\"Splash &#038; Plouf : 3 jours de fun au Centre Aquatique de Remiremont !\"}]},{\"@type\":\"WebSite\",\"@id\":\"https:\/\/vosgesinfo.fr\/epinalinfo\/#website\",\"url\":\"https:\/\/vosgesinfo.fr\/epinalinfo\/\",\"name\":\"Epinal Info\",\"description\":\"Toute l&#039;actualit\u00e9 d&#039;\u00c9pinal\",\"publisher\":{\"@id\":\"https:\/\/vosgesinfo.fr\/epinalinfo\/#organization\"},\"alternateName\":\"Toute l'actualit\u00e9 d'\u00c9pinal\",\"potentialAction\":[{\"@type\":\"SearchAction\",\"target\":{\"@type\":\"EntryPoint\",\"urlTemplate\":\"https:\/\/vosgesinfo.fr\/epinalinfo\/?s={search_term_string}\"},\"query-input\":\"required name=search_term_string\"}],\"inLanguage\":\"fr-FR\"},{\"@type\":\"Organization\",\"@id\":\"https:\/\/vosgesinfo.fr\/epinalinfo\/#organization\",\"name\":\"Epinal Info\",\"url\":\"https:\/\/vosgesinfo.fr\/epinalinfo\/\",\"logo\":{\"@type\":\"ImageObject\",\"inLanguage\":\"fr-FR\",\"@id\":\"https:\/\/vosgesinfo.fr\/epinalinfo\/#\/schema\/logo\/image\/\",\"url\":\"https:\/\/vosgesinfo.fr\/app\/uploads\/sites\/3\/2023\/08\/logo-epinalinfos.svg\",\"contentUrl\":\"https:\/\/vosgesinfo.fr\/app\/uploads\/sites\/3\/2023\/08\/logo-epinalinfos.svg\",\"width\":1,\"height\":1,\"caption\":\"Epinal Info\"},\"image\":{\"@id\":\"https:\/\/vosgesinfo.fr\/epinalinfo\/#\/schema\/logo\/image\/\"},\"sameAs\":[\"https:\/\/www.facebook.com\/Epinalinfos\",\"https:\/\/x.com\/VosgesInfo88\",\"https:\/\/www.youtube.com\/@vosgesinfo\"]},{\"@type\":\"Person\",\"@id\":\"https:\/\/vosgesinfo.fr\/epinalinfo\/#\/schema\/person\/6f9a650eeea99d969b6c4ab78fccbe81\",\"name\":\"C.K.\",\"image\":{\"@type\":\"ImageObject\",\"inLanguage\":\"fr-FR\",\"@id\":\"https:\/\/vosgesinfo.fr\/epinalinfo\/#\/schema\/person\/image\/\",\"url\":\"https:\/\/secure.gravatar.com\/avatar\/48e3fc7f8421ba8942be6b74a2b7f014ca39bc00dece156b7a8e098ae7dc87bf?s=96&d=mm&r=g\",\"contentUrl\":\"https:\/\/secure.gravatar.com\/avatar\/48e3fc7f8421ba8942be6b74a2b7f014ca39bc00dece156b7a8e098ae7dc87bf?s=96&d=mm&r=g\",\"caption\":\"C.K.\"},\"url\":\"https:\/\/vosgesinfo.fr\/epinalinfo\/author\/celia-k-n\/\"}]}<\/script>\n<!-- \/ Yoast SEO plugin. -->","yoast_head_json":{"title":"Splash & Plouf : 3 jours de fun au Centre Aquatique de Remiremont ! - Epinal Info","robots":{"index":"index","follow":"follow","max-snippet":"max-snippet:-1","max-image-preview":"max-image-preview:large","max-video-preview":"max-video-preview:-1"},"canonical":"https:\/\/vosgesinfo.fr\/epinalinfo\/2025\/08\/splash-plouf-3-jours-de-fun-au-centre-aquatique-de-remiremont\/","twitter_card":"summary_large_image","twitter_title":"Splash & Plouf : 3 jours de fun au Centre Aquatique de Remiremont ! - Epinal Info","twitter_description":"Pour la premi\u00e8re fois, le Centre Aquatique intercommunal La Ligne \u00e0 Remiremont se transforme en v\u00e9ritable parc aquatique \u00e9ph\u00e9m\u00e8re avec [&hellip;]","twitter_image":"https:\/\/vosgesinfo.fr\/app\/uploads\/sites\/3\/2025\/08\/hulbert94.jpg","twitter_creator":"@VosgesInfo88","twitter_site":"@VosgesInfo88","twitter_misc":{"\u00c9crit par":"C.K.","Dur\u00e9e de lecture estim\u00e9e":"1 minute"},"schema":{"@context":"https:\/\/schema.org","@graph":[{"@type":"Article","@id":"https:\/\/vosgesinfo.fr\/epinalinfo\/2025\/08\/splash-plouf-3-jours-de-fun-au-centre-aquatique-de-remiremont\/#article","isPartOf":{"@id":"https:\/\/vosgesinfo.fr\/epinalinfo\/2025\/08\/splash-plouf-3-jours-de-fun-au-centre-aquatique-de-remiremont\/"},"author":{"name":"C.K.","@id":"https:\/\/vosgesinfo.fr\/epinalinfo\/#\/schema\/person\/6f9a650eeea99d969b6c4ab78fccbe81"},"headline":"Splash &#038; Plouf : 3 jours de fun au Centre Aquatique de Remiremont !","datePublished":"2025-08-11T07:05:49+00:00","dateModified":"2025-08-11T07:00:29+00:00","mainEntityOfPage":{"@id":"https:\/\/vosgesinfo.fr\/epinalinfo\/2025\/08\/splash-plouf-3-jours-de-fun-au-centre-aquatique-de-remiremont\/"},"wordCount":248,"commentCount":0,"publisher":{"@id":"https:\/\/vosgesinfo.fr\/epinalinfo\/#organization"},"image":{"@id":"https:\/\/vosgesinfo.fr\/epinalinfo\/2025\/08\/splash-plouf-3-jours-de-fun-au-centre-aquatique-de-remiremont\/#primaryimage"},"thumbnailUrl":"https:\/\/vosgesinfo.fr\/app\/uploads\/sites\/3\/2025\/08\/hulbert94.jpg","articleSection":["A la Une","Epinal","Remiremont"],"inLanguage":"fr-FR","potentialAction":[{"@type":"CommentAction","name":"Comment","target":["https:\/\/vosgesinfo.fr\/epinalinfo\/2025\/08\/splash-plouf-3-jours-de-fun-au-centre-aquatique-de-remiremont\/#respond"]}]},{"@type":"WebPage","@id":"https:\/\/vosgesinfo.fr\/epinalinfo\/2025\/08\/splash-plouf-3-jours-de-fun-au-centre-aquatique-de-remiremont\/","url":"https:\/\/vosgesinfo.fr\/epinalinfo\/2025\/08\/splash-plouf-3-jours-de-fun-au-centre-aquatique-de-remiremont\/","name":"Splash & Plouf : 3 jours de fun au Centre Aquatique de Remiremont ! - Epinal Info","isPartOf":{"@id":"https:\/\/vosgesinfo.fr\/epinalinfo\/#website"},"primaryImageOfPage":{"@id":"https:\/\/vosgesinfo.fr\/epinalinfo\/2025\/08\/splash-plouf-3-jours-de-fun-au-centre-aquatique-de-remiremont\/#primaryimage"},"image":{"@id":"https:\/\/vosgesinfo.fr\/epinalinfo\/2025\/08\/splash-plouf-3-jours-de-fun-au-centre-aquatique-de-remiremont\/#primaryimage"},"thumbnailUrl":"https:\/\/vosgesinfo.fr\/app\/uploads\/sites\/3\/2025\/08\/hulbert94.jpg","datePublished":"2025-08-11T07:05:49+00:00","dateModified":"2025-08-11T07:00:29+00:00","breadcrumb":{"@id":"https:\/\/vosgesinfo.fr\/epinalinfo\/2025\/08\/splash-plouf-3-jours-de-fun-au-centre-aquatique-de-remiremont\/#breadcrumb"},"inLanguage":"fr-FR","potentialAction":[{"@type":"ReadAction","target":["https:\/\/vosgesinfo.fr\/epinalinfo\/2025\/08\/splash-plouf-3-jours-de-fun-au-centre-aquatique-de-remiremont\/"]}]},{"@type":"ImageObject","inLanguage":"fr-FR","@id":"https:\/\/vosgesinfo.fr\/epinalinfo\/2025\/08\/splash-plouf-3-jours-de-fun-au-centre-aquatique-de-remiremont\/#primaryimage","url":"https:\/\/vosgesinfo.fr\/app\/uploads\/sites\/3\/2025\/08\/hulbert94.jpg","contentUrl":"https:\/\/vosgesinfo.fr\/app\/uploads\/sites\/3\/2025\/08\/hulbert94.jpg","width":1024,"height":868,"caption":"photo www.ccpvm.fr"},{"@type":"BreadcrumbList","@id":"https:\/\/vosgesinfo.fr\/epinalinfo\/2025\/08\/splash-plouf-3-jours-de-fun-au-centre-aquatique-de-remiremont\/#breadcrumb","itemListElement":[{"@type":"ListItem","position":1,"name":"Home","item":"https:\/\/vosgesinfo.fr\/epinalinfo\/"},{"@type":"ListItem","position":2,"name":"Splash &#038; Plouf : 3 jours de fun au Centre Aquatique de Remiremont !"}]},{"@type":"WebSite","@id":"https:\/\/vosgesinfo.fr\/epinalinfo\/#website","url":"https:\/\/vosgesinfo.fr\/epinalinfo\/","name":"Epinal Info","description":"Toute l&#039;actualit\u00e9 d&#039;\u00c9pinal","publisher":{"@id":"https:\/\/vosgesinfo.fr\/epinalinfo\/#organization"},"alternateName":"Toute l'actualit\u00e9 d'\u00c9pinal","potentialAction":[{"@type":"SearchAction","target":{"@type":"EntryPoint","urlTemplate":"https:\/\/vosgesinfo.fr\/epinalinfo\/?s={search_term_string}"},"query-input":"required name=search_term_string"}],"inLanguage":"fr-FR"},{"@type":"Organization","@id":"https:\/\/vosgesinfo.fr\/epinalinfo\/#organization","name":"Epinal Info","url":"https:\/\/vosgesinfo.fr\/epinalinfo\/","logo":{"@type":"ImageObject","inLanguage":"fr-FR","@id":"https:\/\/vosgesinfo.fr\/epinalinfo\/#\/schema\/logo\/image\/","url":"https:\/\/vosgesinfo.fr\/app\/uploads\/sites\/3\/2023\/08\/logo-epinalinfos.svg","contentUrl":"https:\/\/vosgesinfo.fr\/app\/uploads\/sites\/3\/2023\/08\/logo-epinalinfos.svg","width":1,"height":1,"caption":"Epinal Info"},"image":{"@id":"https:\/\/vosgesinfo.fr\/epinalinfo\/#\/schema\/logo\/image\/"},"sameAs":["https:\/\/www.facebook.com\/Epinalinfos","https:\/\/x.com\/VosgesInfo88","https:\/\/www.youtube.com\/@vosgesinfo"]},{"@type":"Person","@id":"https:\/\/vosgesinfo.fr\/epinalinfo\/#\/schema\/person\/6f9a650eeea99d969b6c4ab78fccbe81","name":"C.K.","image":{"@type":"ImageObject","inLanguage":"fr-FR","@id":"https:\/\/vosgesinfo.fr\/epinalinfo\/#\/schema\/person\/image\/","url":"https:\/\/secure.gravatar.com\/avatar\/48e3fc7f8421ba8942be6b74a2b7f014ca39bc00dece156b7a8e098ae7dc87bf?s=96&d=mm&r=g","contentUrl":"https:\/\/secure.gravatar.com\/avatar\/48e3fc7f8421ba8942be6b74a2b7f014ca39bc00dece156b7a8e098ae7dc87bf?s=96&d=mm&r=g","caption":"C.K."},"url":"https:\/\/vosgesinfo.fr\/epinalinfo\/author\/celia-k-n\/"}]}},"_links":{"self":[{"href":"https:\/\/vosgesinfo.fr\/epinalinfo\/wp-json\/wp\/v2\/posts\/134230","targetHints":{"allow":["GET"]}}],"collection":[{"href":"https:\/\/vosgesinfo.fr\/epinalinfo\/wp-json\/wp\/v2\/posts"}],"about":[{"href":"https:\/\/vosgesinfo.fr\/epinalinfo\/wp-json\/wp\/v2\/types\/post"}],"author":[{"embeddable":true,"href":"https:\/\/vosgesinfo.fr\/epinalinfo\/wp-json\/wp\/v2\/users\/52"}],"replies":[{"embeddable":true,"href":"https:\/\/vosgesinfo.fr\/epinalinfo\/wp-json\/wp\/v2\/comments?post=134230"}],"version-history":[{"count":1,"href":"https:\/\/vosgesinfo.fr\/epinalinfo\/wp-json\/wp\/v2\/posts\/134230\/revisions"}],"predecessor-version":[{"id":134233,"href":"https:\/\/vosgesinfo.fr\/epinalinfo\/wp-json\/wp\/v2\/posts\/134230\/revisions\/134233"}],"wp:featuredmedia":[{"embeddable":true,"href":"https:\/\/vosgesinfo.fr\/epinalinfo\/wp-json\/wp\/v2\/media\/134231"}],"wp:attachment":[{"href":"https:\/\/vosgesinfo.fr\/epinalinfo\/wp-json\/wp\/v2\/media?parent=134230"}],"wp:term":[{"taxonomy":"category","embeddable":true,"href":"https:\/\/vosgesinfo.fr\/epinalinfo\/wp-json\/wp\/v2\/categories?post=134230"},{"taxonomy":"post_tag","embeddable":true,"href":"https:\/\/vosgesinfo.fr\/epinalinfo\/wp-json\/wp\/v2\/tags?post=134230"}],"curies":[{"name":"wp","href":"https:\/\/api.w.org\/{rel}","templated":true}]}}