{"id":134250,"date":"2025-08-11T18:45:37","date_gmt":"2025-08-11T16:45:37","guid":{"rendered":"https:\/\/vosgesinfo.fr\/epinalinfo\/?p=134250"},"modified":"2025-08-11T18:39:14","modified_gmt":"2025-08-11T16:39:14","slug":"vente-de-sfr-quelles-consequences-pour-les-abonnes-vosgiens","status":"publish","type":"post","link":"https:\/\/vosgesinfo.fr\/epinalinfo\/2025\/08\/vente-de-sfr-quelles-consequences-pour-les-abonnes-vosgiens\/","title":{"rendered":"Vente de SFR : quelles cons\u00e9quences pour les abonn\u00e9s vosgiens ?"},"content":{"rendered":"<h2 data-start=\"184\" data-end=\"565\"><strong><a href=\"https:\/\/vosgesinfo.fr\/app\/uploads\/sites\/3\/2024\/03\/telephone.4jpg.jpg\"><img decoding=\"async\" class=\"aligncenter size-full wp-image-38748\" src=\"https:\/\/vosgesinfo.fr\/app\/uploads\/sites\/3\/2024\/03\/telephone.4jpg.jpg\" alt=\"\" width=\"960\" height=\"640\" srcset=\"https:\/\/vosgesinfo.fr\/app\/uploads\/sites\/3\/2024\/03\/telephone.4jpg.jpg 960w, https:\/\/vosgesinfo.fr\/app\/uploads\/sites\/3\/2024\/03\/telephone.4jpg-300x200.jpg 300w, https:\/\/vosgesinfo.fr\/app\/uploads\/sites\/3\/2024\/03\/telephone.4jpg-768x512.jpg 768w\" sizes=\"(max-width: 960px) 100vw, 960px\" \/><\/a>Dans les Vosges, SFR fait partie du quotidien de nombreux foyers et entreprises. Que ce soit pour le mobile, l\u2019internet fixe ou la t\u00e9l\u00e9vision, l\u2019op\u00e9rateur au carr\u00e9 rouge est bien implant\u00e9 dans notre d\u00e9partement. Mais depuis que sa maison-m\u00e8re, Altice, a engag\u00e9 sa restructuration financi\u00e8re et ouvert la voie \u00e0 une vente, l\u2019avenir de ces services suscite beaucoup d\u2019interrogations.<\/strong><\/h2>\n<h3 data-start=\"567\" data-end=\"594\">Le feu vert \u00e0 la cession<\/h3>\n<p data-start=\"596\" data-end=\"1030\">Le lundi 4 ao\u00fbt, le tribunal des activit\u00e9s \u00e9conomiques de Paris a valid\u00e9 le plan de restructuration d\u2019Altice. Concr\u00e8tement, cela signifie que la cession de SFR est d\u00e9sormais possible.<br data-start=\"779\" data-end=\"782\" \/>Parmi les sc\u00e9narios envisag\u00e9s, le plus probable serait un partage des actifs de SFR entre Orange, Bouygues T\u00e9l\u00e9com et Free. Les abonn\u00e9s seraient alors transf\u00e9r\u00e9s, en fonction de leur offre et de leur localisation, vers l\u2019un de ces trois op\u00e9rateurs.<\/p>\n<h3 data-start=\"1032\" data-end=\"1082\">Vosges : des boutiques et des emplois concern\u00e9s<\/h3>\n<p data-start=\"1084\" data-end=\"1416\">Dans notre d\u00e9partement, SFR dispose de plusieurs points de vente, notamment \u00e0 \u00c9pinal. Le sort de ces boutiques, tout comme celui des emplois associ\u00e9s, d\u00e9pendra du repreneur.<br data-start=\"1292\" data-end=\"1295\" \/>Les 8 000 salari\u00e9s de SFR en France, dont certains dans les Vosges, sont directement concern\u00e9s par cette restructuration.<\/p>\n<h3 data-start=\"1418\" data-end=\"1451\">Un march\u00e9 qui pourrait changer<\/h3>\n<p data-start=\"1453\" data-end=\"1803\">Pour les quelque 19 millions d\u2019abonn\u00e9s mobiles et 6 millions d\u2019abonn\u00e9s fixes en France, dont plusieurs dizaines de milliers dans les Vosges, les cons\u00e9quences pourraient \u00eatre sensibles. Un retour \u00e0 trois op\u00e9rateurs pourrait entra\u00eener une remont\u00e9e progressive des tarifs, tout en promettant, c\u00f4t\u00e9 positif, des investissements dans la couverture r\u00e9seau.<\/p>\n<h3 data-start=\"1805\" data-end=\"1838\">Et pour les clients vosgiens ?<\/h3>\n<p data-start=\"1840\" data-end=\"2148\">\u00c0 court terme, rien ne change : vos forfaits, vos factures et vos services restent identiques. Mais, en cas de transfert \u00e0 un autre op\u00e9rateur, il faudra \u00eatre attentif aux nouvelles conditions et, le moment venu, comparer les offres pour choisir celle qui correspond le mieux \u00e0 vos besoins\u2026 et \u00e0 votre budget.<\/p>\n","protected":false},"excerpt":{"rendered":"<p>Dans les Vosges, SFR fait partie du quotidien de nombreux foyers et entreprises. Que ce soit pour le mobile, l\u2019internet [&hellip;]<\/p>\n","protected":false},"author":52,"featured_media":38748,"comment_status":"open","ping_status":"open","sticky":false,"template":"","format":"standard","meta":{"footnotes":""},"categories":[22,8,10,5],"tags":[],"class_list":["post-134250","post","type-post","status-publish","format-standard","has-post-thumbnail","hentry","category-a-la-une","category-economie","category-societe","category-vosges"],"acf":[],"yoast_head":"<!-- This site is optimized with the Yoast SEO plugin v22.5 - https:\/\/yoast.com\/wordpress\/plugins\/seo\/ -->\n<title>Vente de SFR : quelles cons\u00e9quences pour les abonn\u00e9s vosgiens ? - Epinal Info<\/title>\n<meta name=\"robots\" content=\"index, follow, max-snippet:-1, max-image-preview:large, max-video-preview:-1\" \/>\n<link rel=\"canonical\" href=\"https:\/\/vosgesinfo.fr\/epinalinfo\/2025\/08\/vente-de-sfr-quelles-consequences-pour-les-abonnes-vosgiens\/\" \/>\n<meta name=\"twitter:card\" content=\"summary_large_image\" \/>\n<meta name=\"twitter:title\" content=\"Vente de SFR : quelles cons\u00e9quences pour les abonn\u00e9s vosgiens ? - Epinal Info\" \/>\n<meta name=\"twitter:description\" content=\"Dans les Vosges, SFR fait partie du quotidien de nombreux foyers et entreprises. Que ce soit pour le mobile, l\u2019internet [&hellip;]\" \/>\n<meta name=\"twitter:image\" content=\"https:\/\/vosgesinfo.fr\/app\/uploads\/sites\/3\/2024\/03\/telephone.4jpg.jpg\" \/>\n<meta name=\"twitter:creator\" content=\"@VosgesInfo88\" \/>\n<meta name=\"twitter:site\" content=\"@VosgesInfo88\" \/>\n<meta name=\"twitter:label1\" content=\"\u00c9crit par\" \/>\n\t<meta name=\"twitter:data1\" content=\"C.K.\" \/>\n\t<meta name=\"twitter:label2\" content=\"Dur\u00e9e de lecture estim\u00e9e\" \/>\n\t<meta name=\"twitter:data2\" content=\"2 minutes\" \/>\n<script type=\"application\/ld+json\" class=\"yoast-schema-graph\">{\"@context\":\"https:\/\/schema.org\",\"@graph\":[{\"@type\":\"Article\",\"@id\":\"https:\/\/vosgesinfo.fr\/epinalinfo\/2025\/08\/vente-de-sfr-quelles-consequences-pour-les-abonnes-vosgiens\/#article\",\"isPartOf\":{\"@id\":\"https:\/\/vosgesinfo.fr\/epinalinfo\/2025\/08\/vente-de-sfr-quelles-consequences-pour-les-abonnes-vosgiens\/\"},\"author\":{\"name\":\"C.K.\",\"@id\":\"https:\/\/vosgesinfo.fr\/epinalinfo\/#\/schema\/person\/6f9a650eeea99d969b6c4ab78fccbe81\"},\"headline\":\"Vente de SFR : quelles cons\u00e9quences pour les abonn\u00e9s vosgiens ?\",\"datePublished\":\"2025-08-11T16:45:37+00:00\",\"dateModified\":\"2025-08-11T16:39:14+00:00\",\"mainEntityOfPage\":{\"@id\":\"https:\/\/vosgesinfo.fr\/epinalinfo\/2025\/08\/vente-de-sfr-quelles-consequences-pour-les-abonnes-vosgiens\/\"},\"wordCount\":338,\"commentCount\":2,\"publisher\":{\"@id\":\"https:\/\/vosgesinfo.fr\/epinalinfo\/#organization\"},\"image\":{\"@id\":\"https:\/\/vosgesinfo.fr\/epinalinfo\/2025\/08\/vente-de-sfr-quelles-consequences-pour-les-abonnes-vosgiens\/#primaryimage\"},\"thumbnailUrl\":\"https:\/\/vosgesinfo.fr\/app\/uploads\/sites\/3\/2024\/03\/telephone.4jpg.jpg\",\"articleSection\":[\"A la Une\",\"\u00c9conomie\",\"Soci\u00e9t\u00e9\",\"Vosges\"],\"inLanguage\":\"fr-FR\",\"potentialAction\":[{\"@type\":\"CommentAction\",\"name\":\"Comment\",\"target\":[\"https:\/\/vosgesinfo.fr\/epinalinfo\/2025\/08\/vente-de-sfr-quelles-consequences-pour-les-abonnes-vosgiens\/#respond\"]}]},{\"@type\":\"WebPage\",\"@id\":\"https:\/\/vosgesinfo.fr\/epinalinfo\/2025\/08\/vente-de-sfr-quelles-consequences-pour-les-abonnes-vosgiens\/\",\"url\":\"https:\/\/vosgesinfo.fr\/epinalinfo\/2025\/08\/vente-de-sfr-quelles-consequences-pour-les-abonnes-vosgiens\/\",\"name\":\"Vente de SFR : quelles cons\u00e9quences pour les abonn\u00e9s vosgiens ? - Epinal Info\",\"isPartOf\":{\"@id\":\"https:\/\/vosgesinfo.fr\/epinalinfo\/#website\"},\"primaryImageOfPage\":{\"@id\":\"https:\/\/vosgesinfo.fr\/epinalinfo\/2025\/08\/vente-de-sfr-quelles-consequences-pour-les-abonnes-vosgiens\/#primaryimage\"},\"image\":{\"@id\":\"https:\/\/vosgesinfo.fr\/epinalinfo\/2025\/08\/vente-de-sfr-quelles-consequences-pour-les-abonnes-vosgiens\/#primaryimage\"},\"thumbnailUrl\":\"https:\/\/vosgesinfo.fr\/app\/uploads\/sites\/3\/2024\/03\/telephone.4jpg.jpg\",\"datePublished\":\"2025-08-11T16:45:37+00:00\",\"dateModified\":\"2025-08-11T16:39:14+00:00\",\"breadcrumb\":{\"@id\":\"https:\/\/vosgesinfo.fr\/epinalinfo\/2025\/08\/vente-de-sfr-quelles-consequences-pour-les-abonnes-vosgiens\/#breadcrumb\"},\"inLanguage\":\"fr-FR\",\"potentialAction\":[{\"@type\":\"ReadAction\",\"target\":[\"https:\/\/vosgesinfo.fr\/epinalinfo\/2025\/08\/vente-de-sfr-quelles-consequences-pour-les-abonnes-vosgiens\/\"]}]},{\"@type\":\"ImageObject\",\"inLanguage\":\"fr-FR\",\"@id\":\"https:\/\/vosgesinfo.fr\/epinalinfo\/2025\/08\/vente-de-sfr-quelles-consequences-pour-les-abonnes-vosgiens\/#primaryimage\",\"url\":\"https:\/\/vosgesinfo.fr\/app\/uploads\/sites\/3\/2024\/03\/telephone.4jpg.jpg\",\"contentUrl\":\"https:\/\/vosgesinfo.fr\/app\/uploads\/sites\/3\/2024\/03\/telephone.4jpg.jpg\",\"width\":960,\"height\":640},{\"@type\":\"BreadcrumbList\",\"@id\":\"https:\/\/vosgesinfo.fr\/epinalinfo\/2025\/08\/vente-de-sfr-quelles-consequences-pour-les-abonnes-vosgiens\/#breadcrumb\",\"itemListElement\":[{\"@type\":\"ListItem\",\"position\":1,\"name\":\"Home\",\"item\":\"https:\/\/vosgesinfo.fr\/epinalinfo\/\"},{\"@type\":\"ListItem\",\"position\":2,\"name\":\"Vente de SFR : quelles cons\u00e9quences pour les abonn\u00e9s vosgiens ?\"}]},{\"@type\":\"WebSite\",\"@id\":\"https:\/\/vosgesinfo.fr\/epinalinfo\/#website\",\"url\":\"https:\/\/vosgesinfo.fr\/epinalinfo\/\",\"name\":\"Epinal Info\",\"description\":\"Toute l&#039;actualit\u00e9 d&#039;\u00c9pinal\",\"publisher\":{\"@id\":\"https:\/\/vosgesinfo.fr\/epinalinfo\/#organization\"},\"alternateName\":\"Toute l'actualit\u00e9 d'\u00c9pinal\",\"potentialAction\":[{\"@type\":\"SearchAction\",\"target\":{\"@type\":\"EntryPoint\",\"urlTemplate\":\"https:\/\/vosgesinfo.fr\/epinalinfo\/?s={search_term_string}\"},\"query-input\":\"required name=search_term_string\"}],\"inLanguage\":\"fr-FR\"},{\"@type\":\"Organization\",\"@id\":\"https:\/\/vosgesinfo.fr\/epinalinfo\/#organization\",\"name\":\"Epinal Info\",\"url\":\"https:\/\/vosgesinfo.fr\/epinalinfo\/\",\"logo\":{\"@type\":\"ImageObject\",\"inLanguage\":\"fr-FR\",\"@id\":\"https:\/\/vosgesinfo.fr\/epinalinfo\/#\/schema\/logo\/image\/\",\"url\":\"https:\/\/vosgesinfo.fr\/app\/uploads\/sites\/3\/2023\/08\/logo-epinalinfos.svg\",\"contentUrl\":\"https:\/\/vosgesinfo.fr\/app\/uploads\/sites\/3\/2023\/08\/logo-epinalinfos.svg\",\"width\":1,\"height\":1,\"caption\":\"Epinal Info\"},\"image\":{\"@id\":\"https:\/\/vosgesinfo.fr\/epinalinfo\/#\/schema\/logo\/image\/\"},\"sameAs\":[\"https:\/\/www.facebook.com\/Epinalinfos\",\"https:\/\/x.com\/VosgesInfo88\",\"https:\/\/www.youtube.com\/@vosgesinfo\"]},{\"@type\":\"Person\",\"@id\":\"https:\/\/vosgesinfo.fr\/epinalinfo\/#\/schema\/person\/6f9a650eeea99d969b6c4ab78fccbe81\",\"name\":\"C.K.\",\"image\":{\"@type\":\"ImageObject\",\"inLanguage\":\"fr-FR\",\"@id\":\"https:\/\/vosgesinfo.fr\/epinalinfo\/#\/schema\/person\/image\/\",\"url\":\"https:\/\/secure.gravatar.com\/avatar\/48e3fc7f8421ba8942be6b74a2b7f014ca39bc00dece156b7a8e098ae7dc87bf?s=96&d=mm&r=g\",\"contentUrl\":\"https:\/\/secure.gravatar.com\/avatar\/48e3fc7f8421ba8942be6b74a2b7f014ca39bc00dece156b7a8e098ae7dc87bf?s=96&d=mm&r=g\",\"caption\":\"C.K.\"},\"url\":\"https:\/\/vosgesinfo.fr\/epinalinfo\/author\/celia-k-n\/\"}]}<\/script>\n<!-- \/ Yoast SEO plugin. -->","yoast_head_json":{"title":"Vente de SFR : quelles cons\u00e9quences pour les abonn\u00e9s vosgiens ? - Epinal Info","robots":{"index":"index","follow":"follow","max-snippet":"max-snippet:-1","max-image-preview":"max-image-preview:large","max-video-preview":"max-video-preview:-1"},"canonical":"https:\/\/vosgesinfo.fr\/epinalinfo\/2025\/08\/vente-de-sfr-quelles-consequences-pour-les-abonnes-vosgiens\/","twitter_card":"summary_large_image","twitter_title":"Vente de SFR : quelles cons\u00e9quences pour les abonn\u00e9s vosgiens ? - Epinal Info","twitter_description":"Dans les Vosges, SFR fait partie du quotidien de nombreux foyers et entreprises. Que ce soit pour le mobile, l\u2019internet [&hellip;]","twitter_image":"https:\/\/vosgesinfo.fr\/app\/uploads\/sites\/3\/2024\/03\/telephone.4jpg.jpg","twitter_creator":"@VosgesInfo88","twitter_site":"@VosgesInfo88","twitter_misc":{"\u00c9crit par":"C.K.","Dur\u00e9e de lecture estim\u00e9e":"2 minutes"},"schema":{"@context":"https:\/\/schema.org","@graph":[{"@type":"Article","@id":"https:\/\/vosgesinfo.fr\/epinalinfo\/2025\/08\/vente-de-sfr-quelles-consequences-pour-les-abonnes-vosgiens\/#article","isPartOf":{"@id":"https:\/\/vosgesinfo.fr\/epinalinfo\/2025\/08\/vente-de-sfr-quelles-consequences-pour-les-abonnes-vosgiens\/"},"author":{"name":"C.K.","@id":"https:\/\/vosgesinfo.fr\/epinalinfo\/#\/schema\/person\/6f9a650eeea99d969b6c4ab78fccbe81"},"headline":"Vente de SFR : quelles cons\u00e9quences pour les abonn\u00e9s vosgiens ?","datePublished":"2025-08-11T16:45:37+00:00","dateModified":"2025-08-11T16:39:14+00:00","mainEntityOfPage":{"@id":"https:\/\/vosgesinfo.fr\/epinalinfo\/2025\/08\/vente-de-sfr-quelles-consequences-pour-les-abonnes-vosgiens\/"},"wordCount":338,"commentCount":2,"publisher":{"@id":"https:\/\/vosgesinfo.fr\/epinalinfo\/#organization"},"image":{"@id":"https:\/\/vosgesinfo.fr\/epinalinfo\/2025\/08\/vente-de-sfr-quelles-consequences-pour-les-abonnes-vosgiens\/#primaryimage"},"thumbnailUrl":"https:\/\/vosgesinfo.fr\/app\/uploads\/sites\/3\/2024\/03\/telephone.4jpg.jpg","articleSection":["A la Une","\u00c9conomie","Soci\u00e9t\u00e9","Vosges"],"inLanguage":"fr-FR","potentialAction":[{"@type":"CommentAction","name":"Comment","target":["https:\/\/vosgesinfo.fr\/epinalinfo\/2025\/08\/vente-de-sfr-quelles-consequences-pour-les-abonnes-vosgiens\/#respond"]}]},{"@type":"WebPage","@id":"https:\/\/vosgesinfo.fr\/epinalinfo\/2025\/08\/vente-de-sfr-quelles-consequences-pour-les-abonnes-vosgiens\/","url":"https:\/\/vosgesinfo.fr\/epinalinfo\/2025\/08\/vente-de-sfr-quelles-consequences-pour-les-abonnes-vosgiens\/","name":"Vente de SFR : quelles cons\u00e9quences pour les abonn\u00e9s vosgiens ? - Epinal Info","isPartOf":{"@id":"https:\/\/vosgesinfo.fr\/epinalinfo\/#website"},"primaryImageOfPage":{"@id":"https:\/\/vosgesinfo.fr\/epinalinfo\/2025\/08\/vente-de-sfr-quelles-consequences-pour-les-abonnes-vosgiens\/#primaryimage"},"image":{"@id":"https:\/\/vosgesinfo.fr\/epinalinfo\/2025\/08\/vente-de-sfr-quelles-consequences-pour-les-abonnes-vosgiens\/#primaryimage"},"thumbnailUrl":"https:\/\/vosgesinfo.fr\/app\/uploads\/sites\/3\/2024\/03\/telephone.4jpg.jpg","datePublished":"2025-08-11T16:45:37+00:00","dateModified":"2025-08-11T16:39:14+00:00","breadcrumb":{"@id":"https:\/\/vosgesinfo.fr\/epinalinfo\/2025\/08\/vente-de-sfr-quelles-consequences-pour-les-abonnes-vosgiens\/#breadcrumb"},"inLanguage":"fr-FR","potentialAction":[{"@type":"ReadAction","target":["https:\/\/vosgesinfo.fr\/epinalinfo\/2025\/08\/vente-de-sfr-quelles-consequences-pour-les-abonnes-vosgiens\/"]}]},{"@type":"ImageObject","inLanguage":"fr-FR","@id":"https:\/\/vosgesinfo.fr\/epinalinfo\/2025\/08\/vente-de-sfr-quelles-consequences-pour-les-abonnes-vosgiens\/#primaryimage","url":"https:\/\/vosgesinfo.fr\/app\/uploads\/sites\/3\/2024\/03\/telephone.4jpg.jpg","contentUrl":"https:\/\/vosgesinfo.fr\/app\/uploads\/sites\/3\/2024\/03\/telephone.4jpg.jpg","width":960,"height":640},{"@type":"BreadcrumbList","@id":"https:\/\/vosgesinfo.fr\/epinalinfo\/2025\/08\/vente-de-sfr-quelles-consequences-pour-les-abonnes-vosgiens\/#breadcrumb","itemListElement":[{"@type":"ListItem","position":1,"name":"Home","item":"https:\/\/vosgesinfo.fr\/epinalinfo\/"},{"@type":"ListItem","position":2,"name":"Vente de SFR : quelles cons\u00e9quences pour les abonn\u00e9s vosgiens ?"}]},{"@type":"WebSite","@id":"https:\/\/vosgesinfo.fr\/epinalinfo\/#website","url":"https:\/\/vosgesinfo.fr\/epinalinfo\/","name":"Epinal Info","description":"Toute l&#039;actualit\u00e9 d&#039;\u00c9pinal","publisher":{"@id":"https:\/\/vosgesinfo.fr\/epinalinfo\/#organization"},"alternateName":"Toute l'actualit\u00e9 d'\u00c9pinal","potentialAction":[{"@type":"SearchAction","target":{"@type":"EntryPoint","urlTemplate":"https:\/\/vosgesinfo.fr\/epinalinfo\/?s={search_term_string}"},"query-input":"required name=search_term_string"}],"inLanguage":"fr-FR"},{"@type":"Organization","@id":"https:\/\/vosgesinfo.fr\/epinalinfo\/#organization","name":"Epinal Info","url":"https:\/\/vosgesinfo.fr\/epinalinfo\/","logo":{"@type":"ImageObject","inLanguage":"fr-FR","@id":"https:\/\/vosgesinfo.fr\/epinalinfo\/#\/schema\/logo\/image\/","url":"https:\/\/vosgesinfo.fr\/app\/uploads\/sites\/3\/2023\/08\/logo-epinalinfos.svg","contentUrl":"https:\/\/vosgesinfo.fr\/app\/uploads\/sites\/3\/2023\/08\/logo-epinalinfos.svg","width":1,"height":1,"caption":"Epinal Info"},"image":{"@id":"https:\/\/vosgesinfo.fr\/epinalinfo\/#\/schema\/logo\/image\/"},"sameAs":["https:\/\/www.facebook.com\/Epinalinfos","https:\/\/x.com\/VosgesInfo88","https:\/\/www.youtube.com\/@vosgesinfo"]},{"@type":"Person","@id":"https:\/\/vosgesinfo.fr\/epinalinfo\/#\/schema\/person\/6f9a650eeea99d969b6c4ab78fccbe81","name":"C.K.","image":{"@type":"ImageObject","inLanguage":"fr-FR","@id":"https:\/\/vosgesinfo.fr\/epinalinfo\/#\/schema\/person\/image\/","url":"https:\/\/secure.gravatar.com\/avatar\/48e3fc7f8421ba8942be6b74a2b7f014ca39bc00dece156b7a8e098ae7dc87bf?s=96&d=mm&r=g","contentUrl":"https:\/\/secure.gravatar.com\/avatar\/48e3fc7f8421ba8942be6b74a2b7f014ca39bc00dece156b7a8e098ae7dc87bf?s=96&d=mm&r=g","caption":"C.K."},"url":"https:\/\/vosgesinfo.fr\/epinalinfo\/author\/celia-k-n\/"}]}},"_links":{"self":[{"href":"https:\/\/vosgesinfo.fr\/epinalinfo\/wp-json\/wp\/v2\/posts\/134250","targetHints":{"allow":["GET"]}}],"collection":[{"href":"https:\/\/vosgesinfo.fr\/epinalinfo\/wp-json\/wp\/v2\/posts"}],"about":[{"href":"https:\/\/vosgesinfo.fr\/epinalinfo\/wp-json\/wp\/v2\/types\/post"}],"author":[{"embeddable":true,"href":"https:\/\/vosgesinfo.fr\/epinalinfo\/wp-json\/wp\/v2\/users\/52"}],"replies":[{"embeddable":true,"href":"https:\/\/vosgesinfo.fr\/epinalinfo\/wp-json\/wp\/v2\/comments?post=134250"}],"version-history":[{"count":1,"href":"https:\/\/vosgesinfo.fr\/epinalinfo\/wp-json\/wp\/v2\/posts\/134250\/revisions"}],"predecessor-version":[{"id":134251,"href":"https:\/\/vosgesinfo.fr\/epinalinfo\/wp-json\/wp\/v2\/posts\/134250\/revisions\/134251"}],"wp:featuredmedia":[{"embeddable":true,"href":"https:\/\/vosgesinfo.fr\/epinalinfo\/wp-json\/wp\/v2\/media\/38748"}],"wp:attachment":[{"href":"https:\/\/vosgesinfo.fr\/epinalinfo\/wp-json\/wp\/v2\/media?parent=134250"}],"wp:term":[{"taxonomy":"category","embeddable":true,"href":"https:\/\/vosgesinfo.fr\/epinalinfo\/wp-json\/wp\/v2\/categories?post=134250"},{"taxonomy":"post_tag","embeddable":true,"href":"https:\/\/vosgesinfo.fr\/epinalinfo\/wp-json\/wp\/v2\/tags?post=134250"}],"curies":[{"name":"wp","href":"https:\/\/api.w.org\/{rel}","templated":true}]}}