{"id":134260,"date":"2025-08-12T08:50:10","date_gmt":"2025-08-12T06:50:10","guid":{"rendered":"https:\/\/vosgesinfo.fr\/epinalinfo\/?p=134260"},"modified":"2025-08-12T08:40:44","modified_gmt":"2025-08-12T06:40:44","slug":"dino-voodoo-investit-le-mur-epinal","status":"publish","type":"post","link":"https:\/\/vosgesinfo.fr\/epinalinfo\/2025\/08\/dino-voodoo-investit-le-mur-epinal\/","title":{"rendered":"Dino Voodoo investit Le MUR \u00c9pinal"},"content":{"rendered":"<div id=\"attachment_134261\" style=\"width: 839px\" class=\"wp-caption aligncenter\"><a href=\"https:\/\/vosgesinfo.fr\/app\/uploads\/sites\/3\/2025\/08\/sans-titre.png\"><img decoding=\"async\" aria-describedby=\"caption-attachment-134261\" class=\"size-full wp-image-134261\" src=\"https:\/\/vosgesinfo.fr\/app\/uploads\/sites\/3\/2025\/08\/sans-titre.png\" alt=\"\" width=\"829\" height=\"419\" srcset=\"https:\/\/vosgesinfo.fr\/app\/uploads\/sites\/3\/2025\/08\/sans-titre.png 829w, https:\/\/vosgesinfo.fr\/app\/uploads\/sites\/3\/2025\/08\/sans-titre-300x152.png 300w, https:\/\/vosgesinfo.fr\/app\/uploads\/sites\/3\/2025\/08\/sans-titre-768x388.png 768w\" sizes=\"(max-width: 829px) 100vw, 829px\" \/><\/a><p id=\"caption-attachment-134261\" class=\"wp-caption-text\">@Dino Voodoo Mur Angers<\/p><\/div>\n<h2 data-start=\"101\" data-end=\"290\"><strong>L\u2019association Le MUR \u00c9PINAL accueillera en septembre l\u2019artiste Dino Voodoo pour une nouvelle performance artistique qui transformera l\u2019espace urbain en porte vers d\u2019autres mondes.<\/strong><\/h2>\n<p data-start=\"292\" data-end=\"510\">En r\u00e9sidence \u00e0 partir du <strong data-start=\"317\" data-end=\"347\">mercredi 10 septembre 2025<\/strong>, Dino Voodoo entamera la cr\u00e9ation de son \u0153uvre sur le Mur. Le public pourra d\u00e9couvrir le r\u00e9sultat lors du <strong data-start=\"454\" data-end=\"507\">vernissage pr\u00e9vu le vendredi 12 septembre \u00e0 18h00<\/strong>.<\/p>\n<p data-start=\"512\" data-end=\"756\">N\u00e9 en 1975 en France, install\u00e9 \u00e0 Rennes, <strong data-start=\"553\" data-end=\"568\">Dino Voodoo<\/strong> est peintre, sculpteur, illustrateur et muraliste. Son parcours artistique d\u00e9bute dans l\u2019univers du graffiti avant de s\u2019enrichir d\u2019une formation en graphisme \u00e0 l\u2019\u00e9cole Pivaut de Nantes.<\/p>\n<p data-start=\"758\" data-end=\"1172\">Son univers, nourri de science-fiction, est une v\u00e9ritable exploration int\u00e9rieure : un voyage \u00e0 travers les profondeurs myst\u00e9rieuses et surr\u00e9alistes de l\u2019esprit humain. Ses \u0153uvres racontent les p\u00e9riples d\u2019un visiteur cosmique qui traverse un labyrinthe mental, ouvrant des passages vers des dimensions inconnues. Ces mondes, peupl\u00e9s de cr\u00e9atures \u00e9tranges et merveilleuses, invitent \u00e0 se perdre et \u00e0 s\u2019\u00e9merveiller.<\/p>\n<p data-start=\"1174\" data-end=\"1385\">Avec cette intervention sur <strong data-start=\"1202\" data-end=\"1219\">Le MUR \u00c9PINAL<\/strong>, Dino Voodoo promet une exp\u00e9rience immersive, o\u00f9 le spectateur sera convi\u00e9 \u00e0 franchir les fronti\u00e8res du r\u00e9el pour plonger dans les continents oubli\u00e9s de la psych\u00e9.<\/p>\n<p data-start=\"1387\" data-end=\"1510\">\ud83d\udcc5 <strong data-start=\"1390\" data-end=\"1403\">R\u00e9sidence<\/strong> : \u00e0 partir du 10 septembre 2025<br data-start=\"1435\" data-end=\"1438\" \/>\ud83c\udfa8 <strong data-start=\"1441\" data-end=\"1455\">Vernissage<\/strong> : vendredi 12 septembre 2025 \u00e0 18h00 \u2013 Le MUR \u00c9PINAL<\/p>\n","protected":false},"excerpt":{"rendered":"<p>L\u2019association Le MUR \u00c9PINAL accueillera en septembre l\u2019artiste Dino Voodoo pour une nouvelle performance artistique qui transformera l\u2019espace urbain en [&hellip;]<\/p>\n","protected":false},"author":52,"featured_media":134261,"comment_status":"open","ping_status":"open","sticky":false,"template":"","format":"standard","meta":{"footnotes":""},"categories":[22,12,24],"tags":[],"class_list":["post-134260","post","type-post","status-publish","format-standard","has-post-thumbnail","hentry","category-a-la-une","category-culture","category-epinal"],"acf":[],"yoast_head":"<!-- This site is optimized with the Yoast SEO plugin v22.5 - https:\/\/yoast.com\/wordpress\/plugins\/seo\/ -->\n<title>Dino Voodoo investit Le MUR \u00c9pinal - Epinal Info<\/title>\n<meta name=\"robots\" content=\"index, follow, max-snippet:-1, max-image-preview:large, max-video-preview:-1\" \/>\n<link rel=\"canonical\" href=\"https:\/\/vosgesinfo.fr\/epinalinfo\/2025\/08\/dino-voodoo-investit-le-mur-epinal\/\" \/>\n<meta name=\"twitter:card\" content=\"summary_large_image\" \/>\n<meta name=\"twitter:title\" content=\"Dino Voodoo investit Le MUR \u00c9pinal - Epinal Info\" \/>\n<meta name=\"twitter:description\" content=\"L\u2019association Le MUR \u00c9PINAL accueillera en septembre l\u2019artiste Dino Voodoo pour une nouvelle performance artistique qui transformera l\u2019espace urbain en [&hellip;]\" \/>\n<meta name=\"twitter:image\" content=\"https:\/\/vosgesinfo.fr\/app\/uploads\/sites\/3\/2025\/08\/sans-titre.png\" \/>\n<meta name=\"twitter:creator\" content=\"@VosgesInfo88\" \/>\n<meta name=\"twitter:site\" content=\"@VosgesInfo88\" \/>\n<meta name=\"twitter:label1\" content=\"\u00c9crit par\" \/>\n\t<meta name=\"twitter:data1\" content=\"C.K.\" \/>\n\t<meta name=\"twitter:label2\" content=\"Dur\u00e9e de lecture estim\u00e9e\" \/>\n\t<meta name=\"twitter:data2\" content=\"1 minute\" \/>\n<script type=\"application\/ld+json\" class=\"yoast-schema-graph\">{\"@context\":\"https:\/\/schema.org\",\"@graph\":[{\"@type\":\"Article\",\"@id\":\"https:\/\/vosgesinfo.fr\/epinalinfo\/2025\/08\/dino-voodoo-investit-le-mur-epinal\/#article\",\"isPartOf\":{\"@id\":\"https:\/\/vosgesinfo.fr\/epinalinfo\/2025\/08\/dino-voodoo-investit-le-mur-epinal\/\"},\"author\":{\"name\":\"C.K.\",\"@id\":\"https:\/\/vosgesinfo.fr\/epinalinfo\/#\/schema\/person\/6f9a650eeea99d969b6c4ab78fccbe81\"},\"headline\":\"Dino Voodoo investit Le MUR \u00c9pinal\",\"datePublished\":\"2025-08-12T06:50:10+00:00\",\"dateModified\":\"2025-08-12T06:40:44+00:00\",\"mainEntityOfPage\":{\"@id\":\"https:\/\/vosgesinfo.fr\/epinalinfo\/2025\/08\/dino-voodoo-investit-le-mur-epinal\/\"},\"wordCount\":231,\"commentCount\":0,\"publisher\":{\"@id\":\"https:\/\/vosgesinfo.fr\/epinalinfo\/#organization\"},\"image\":{\"@id\":\"https:\/\/vosgesinfo.fr\/epinalinfo\/2025\/08\/dino-voodoo-investit-le-mur-epinal\/#primaryimage\"},\"thumbnailUrl\":\"https:\/\/vosgesinfo.fr\/app\/uploads\/sites\/3\/2025\/08\/sans-titre.png\",\"articleSection\":[\"A la Une\",\"Culture\",\"Epinal\"],\"inLanguage\":\"fr-FR\",\"potentialAction\":[{\"@type\":\"CommentAction\",\"name\":\"Comment\",\"target\":[\"https:\/\/vosgesinfo.fr\/epinalinfo\/2025\/08\/dino-voodoo-investit-le-mur-epinal\/#respond\"]}]},{\"@type\":\"WebPage\",\"@id\":\"https:\/\/vosgesinfo.fr\/epinalinfo\/2025\/08\/dino-voodoo-investit-le-mur-epinal\/\",\"url\":\"https:\/\/vosgesinfo.fr\/epinalinfo\/2025\/08\/dino-voodoo-investit-le-mur-epinal\/\",\"name\":\"Dino Voodoo investit Le MUR \u00c9pinal - Epinal Info\",\"isPartOf\":{\"@id\":\"https:\/\/vosgesinfo.fr\/epinalinfo\/#website\"},\"primaryImageOfPage\":{\"@id\":\"https:\/\/vosgesinfo.fr\/epinalinfo\/2025\/08\/dino-voodoo-investit-le-mur-epinal\/#primaryimage\"},\"image\":{\"@id\":\"https:\/\/vosgesinfo.fr\/epinalinfo\/2025\/08\/dino-voodoo-investit-le-mur-epinal\/#primaryimage\"},\"thumbnailUrl\":\"https:\/\/vosgesinfo.fr\/app\/uploads\/sites\/3\/2025\/08\/sans-titre.png\",\"datePublished\":\"2025-08-12T06:50:10+00:00\",\"dateModified\":\"2025-08-12T06:40:44+00:00\",\"breadcrumb\":{\"@id\":\"https:\/\/vosgesinfo.fr\/epinalinfo\/2025\/08\/dino-voodoo-investit-le-mur-epinal\/#breadcrumb\"},\"inLanguage\":\"fr-FR\",\"potentialAction\":[{\"@type\":\"ReadAction\",\"target\":[\"https:\/\/vosgesinfo.fr\/epinalinfo\/2025\/08\/dino-voodoo-investit-le-mur-epinal\/\"]}]},{\"@type\":\"ImageObject\",\"inLanguage\":\"fr-FR\",\"@id\":\"https:\/\/vosgesinfo.fr\/epinalinfo\/2025\/08\/dino-voodoo-investit-le-mur-epinal\/#primaryimage\",\"url\":\"https:\/\/vosgesinfo.fr\/app\/uploads\/sites\/3\/2025\/08\/sans-titre.png\",\"contentUrl\":\"https:\/\/vosgesinfo.fr\/app\/uploads\/sites\/3\/2025\/08\/sans-titre.png\",\"width\":829,\"height\":419,\"caption\":\"@Dino Voodoo Mur Angers\"},{\"@type\":\"BreadcrumbList\",\"@id\":\"https:\/\/vosgesinfo.fr\/epinalinfo\/2025\/08\/dino-voodoo-investit-le-mur-epinal\/#breadcrumb\",\"itemListElement\":[{\"@type\":\"ListItem\",\"position\":1,\"name\":\"Home\",\"item\":\"https:\/\/vosgesinfo.fr\/epinalinfo\/\"},{\"@type\":\"ListItem\",\"position\":2,\"name\":\"Dino Voodoo investit Le MUR \u00c9pinal\"}]},{\"@type\":\"WebSite\",\"@id\":\"https:\/\/vosgesinfo.fr\/epinalinfo\/#website\",\"url\":\"https:\/\/vosgesinfo.fr\/epinalinfo\/\",\"name\":\"Epinal Info\",\"description\":\"Toute l&#039;actualit\u00e9 d&#039;\u00c9pinal\",\"publisher\":{\"@id\":\"https:\/\/vosgesinfo.fr\/epinalinfo\/#organization\"},\"alternateName\":\"Toute l'actualit\u00e9 d'\u00c9pinal\",\"potentialAction\":[{\"@type\":\"SearchAction\",\"target\":{\"@type\":\"EntryPoint\",\"urlTemplate\":\"https:\/\/vosgesinfo.fr\/epinalinfo\/?s={search_term_string}\"},\"query-input\":\"required name=search_term_string\"}],\"inLanguage\":\"fr-FR\"},{\"@type\":\"Organization\",\"@id\":\"https:\/\/vosgesinfo.fr\/epinalinfo\/#organization\",\"name\":\"Epinal Info\",\"url\":\"https:\/\/vosgesinfo.fr\/epinalinfo\/\",\"logo\":{\"@type\":\"ImageObject\",\"inLanguage\":\"fr-FR\",\"@id\":\"https:\/\/vosgesinfo.fr\/epinalinfo\/#\/schema\/logo\/image\/\",\"url\":\"https:\/\/vosgesinfo.fr\/app\/uploads\/sites\/3\/2023\/08\/logo-epinalinfos.svg\",\"contentUrl\":\"https:\/\/vosgesinfo.fr\/app\/uploads\/sites\/3\/2023\/08\/logo-epinalinfos.svg\",\"width\":1,\"height\":1,\"caption\":\"Epinal Info\"},\"image\":{\"@id\":\"https:\/\/vosgesinfo.fr\/epinalinfo\/#\/schema\/logo\/image\/\"},\"sameAs\":[\"https:\/\/www.facebook.com\/Epinalinfos\",\"https:\/\/x.com\/VosgesInfo88\",\"https:\/\/www.youtube.com\/@vosgesinfo\"]},{\"@type\":\"Person\",\"@id\":\"https:\/\/vosgesinfo.fr\/epinalinfo\/#\/schema\/person\/6f9a650eeea99d969b6c4ab78fccbe81\",\"name\":\"C.K.\",\"image\":{\"@type\":\"ImageObject\",\"inLanguage\":\"fr-FR\",\"@id\":\"https:\/\/vosgesinfo.fr\/epinalinfo\/#\/schema\/person\/image\/\",\"url\":\"https:\/\/secure.gravatar.com\/avatar\/48e3fc7f8421ba8942be6b74a2b7f014ca39bc00dece156b7a8e098ae7dc87bf?s=96&d=mm&r=g\",\"contentUrl\":\"https:\/\/secure.gravatar.com\/avatar\/48e3fc7f8421ba8942be6b74a2b7f014ca39bc00dece156b7a8e098ae7dc87bf?s=96&d=mm&r=g\",\"caption\":\"C.K.\"},\"url\":\"https:\/\/vosgesinfo.fr\/epinalinfo\/author\/celia-k-n\/\"}]}<\/script>\n<!-- \/ Yoast SEO plugin. -->","yoast_head_json":{"title":"Dino Voodoo investit Le MUR \u00c9pinal - Epinal Info","robots":{"index":"index","follow":"follow","max-snippet":"max-snippet:-1","max-image-preview":"max-image-preview:large","max-video-preview":"max-video-preview:-1"},"canonical":"https:\/\/vosgesinfo.fr\/epinalinfo\/2025\/08\/dino-voodoo-investit-le-mur-epinal\/","twitter_card":"summary_large_image","twitter_title":"Dino Voodoo investit Le MUR \u00c9pinal - Epinal Info","twitter_description":"L\u2019association Le MUR \u00c9PINAL accueillera en septembre l\u2019artiste Dino Voodoo pour une nouvelle performance artistique qui transformera l\u2019espace urbain en [&hellip;]","twitter_image":"https:\/\/vosgesinfo.fr\/app\/uploads\/sites\/3\/2025\/08\/sans-titre.png","twitter_creator":"@VosgesInfo88","twitter_site":"@VosgesInfo88","twitter_misc":{"\u00c9crit par":"C.K.","Dur\u00e9e de lecture estim\u00e9e":"1 minute"},"schema":{"@context":"https:\/\/schema.org","@graph":[{"@type":"Article","@id":"https:\/\/vosgesinfo.fr\/epinalinfo\/2025\/08\/dino-voodoo-investit-le-mur-epinal\/#article","isPartOf":{"@id":"https:\/\/vosgesinfo.fr\/epinalinfo\/2025\/08\/dino-voodoo-investit-le-mur-epinal\/"},"author":{"name":"C.K.","@id":"https:\/\/vosgesinfo.fr\/epinalinfo\/#\/schema\/person\/6f9a650eeea99d969b6c4ab78fccbe81"},"headline":"Dino Voodoo investit Le MUR \u00c9pinal","datePublished":"2025-08-12T06:50:10+00:00","dateModified":"2025-08-12T06:40:44+00:00","mainEntityOfPage":{"@id":"https:\/\/vosgesinfo.fr\/epinalinfo\/2025\/08\/dino-voodoo-investit-le-mur-epinal\/"},"wordCount":231,"commentCount":0,"publisher":{"@id":"https:\/\/vosgesinfo.fr\/epinalinfo\/#organization"},"image":{"@id":"https:\/\/vosgesinfo.fr\/epinalinfo\/2025\/08\/dino-voodoo-investit-le-mur-epinal\/#primaryimage"},"thumbnailUrl":"https:\/\/vosgesinfo.fr\/app\/uploads\/sites\/3\/2025\/08\/sans-titre.png","articleSection":["A la Une","Culture","Epinal"],"inLanguage":"fr-FR","potentialAction":[{"@type":"CommentAction","name":"Comment","target":["https:\/\/vosgesinfo.fr\/epinalinfo\/2025\/08\/dino-voodoo-investit-le-mur-epinal\/#respond"]}]},{"@type":"WebPage","@id":"https:\/\/vosgesinfo.fr\/epinalinfo\/2025\/08\/dino-voodoo-investit-le-mur-epinal\/","url":"https:\/\/vosgesinfo.fr\/epinalinfo\/2025\/08\/dino-voodoo-investit-le-mur-epinal\/","name":"Dino Voodoo investit Le MUR \u00c9pinal - Epinal Info","isPartOf":{"@id":"https:\/\/vosgesinfo.fr\/epinalinfo\/#website"},"primaryImageOfPage":{"@id":"https:\/\/vosgesinfo.fr\/epinalinfo\/2025\/08\/dino-voodoo-investit-le-mur-epinal\/#primaryimage"},"image":{"@id":"https:\/\/vosgesinfo.fr\/epinalinfo\/2025\/08\/dino-voodoo-investit-le-mur-epinal\/#primaryimage"},"thumbnailUrl":"https:\/\/vosgesinfo.fr\/app\/uploads\/sites\/3\/2025\/08\/sans-titre.png","datePublished":"2025-08-12T06:50:10+00:00","dateModified":"2025-08-12T06:40:44+00:00","breadcrumb":{"@id":"https:\/\/vosgesinfo.fr\/epinalinfo\/2025\/08\/dino-voodoo-investit-le-mur-epinal\/#breadcrumb"},"inLanguage":"fr-FR","potentialAction":[{"@type":"ReadAction","target":["https:\/\/vosgesinfo.fr\/epinalinfo\/2025\/08\/dino-voodoo-investit-le-mur-epinal\/"]}]},{"@type":"ImageObject","inLanguage":"fr-FR","@id":"https:\/\/vosgesinfo.fr\/epinalinfo\/2025\/08\/dino-voodoo-investit-le-mur-epinal\/#primaryimage","url":"https:\/\/vosgesinfo.fr\/app\/uploads\/sites\/3\/2025\/08\/sans-titre.png","contentUrl":"https:\/\/vosgesinfo.fr\/app\/uploads\/sites\/3\/2025\/08\/sans-titre.png","width":829,"height":419,"caption":"@Dino Voodoo Mur Angers"},{"@type":"BreadcrumbList","@id":"https:\/\/vosgesinfo.fr\/epinalinfo\/2025\/08\/dino-voodoo-investit-le-mur-epinal\/#breadcrumb","itemListElement":[{"@type":"ListItem","position":1,"name":"Home","item":"https:\/\/vosgesinfo.fr\/epinalinfo\/"},{"@type":"ListItem","position":2,"name":"Dino Voodoo investit Le MUR \u00c9pinal"}]},{"@type":"WebSite","@id":"https:\/\/vosgesinfo.fr\/epinalinfo\/#website","url":"https:\/\/vosgesinfo.fr\/epinalinfo\/","name":"Epinal Info","description":"Toute l&#039;actualit\u00e9 d&#039;\u00c9pinal","publisher":{"@id":"https:\/\/vosgesinfo.fr\/epinalinfo\/#organization"},"alternateName":"Toute l'actualit\u00e9 d'\u00c9pinal","potentialAction":[{"@type":"SearchAction","target":{"@type":"EntryPoint","urlTemplate":"https:\/\/vosgesinfo.fr\/epinalinfo\/?s={search_term_string}"},"query-input":"required name=search_term_string"}],"inLanguage":"fr-FR"},{"@type":"Organization","@id":"https:\/\/vosgesinfo.fr\/epinalinfo\/#organization","name":"Epinal Info","url":"https:\/\/vosgesinfo.fr\/epinalinfo\/","logo":{"@type":"ImageObject","inLanguage":"fr-FR","@id":"https:\/\/vosgesinfo.fr\/epinalinfo\/#\/schema\/logo\/image\/","url":"https:\/\/vosgesinfo.fr\/app\/uploads\/sites\/3\/2023\/08\/logo-epinalinfos.svg","contentUrl":"https:\/\/vosgesinfo.fr\/app\/uploads\/sites\/3\/2023\/08\/logo-epinalinfos.svg","width":1,"height":1,"caption":"Epinal Info"},"image":{"@id":"https:\/\/vosgesinfo.fr\/epinalinfo\/#\/schema\/logo\/image\/"},"sameAs":["https:\/\/www.facebook.com\/Epinalinfos","https:\/\/x.com\/VosgesInfo88","https:\/\/www.youtube.com\/@vosgesinfo"]},{"@type":"Person","@id":"https:\/\/vosgesinfo.fr\/epinalinfo\/#\/schema\/person\/6f9a650eeea99d969b6c4ab78fccbe81","name":"C.K.","image":{"@type":"ImageObject","inLanguage":"fr-FR","@id":"https:\/\/vosgesinfo.fr\/epinalinfo\/#\/schema\/person\/image\/","url":"https:\/\/secure.gravatar.com\/avatar\/48e3fc7f8421ba8942be6b74a2b7f014ca39bc00dece156b7a8e098ae7dc87bf?s=96&d=mm&r=g","contentUrl":"https:\/\/secure.gravatar.com\/avatar\/48e3fc7f8421ba8942be6b74a2b7f014ca39bc00dece156b7a8e098ae7dc87bf?s=96&d=mm&r=g","caption":"C.K."},"url":"https:\/\/vosgesinfo.fr\/epinalinfo\/author\/celia-k-n\/"}]}},"_links":{"self":[{"href":"https:\/\/vosgesinfo.fr\/epinalinfo\/wp-json\/wp\/v2\/posts\/134260","targetHints":{"allow":["GET"]}}],"collection":[{"href":"https:\/\/vosgesinfo.fr\/epinalinfo\/wp-json\/wp\/v2\/posts"}],"about":[{"href":"https:\/\/vosgesinfo.fr\/epinalinfo\/wp-json\/wp\/v2\/types\/post"}],"author":[{"embeddable":true,"href":"https:\/\/vosgesinfo.fr\/epinalinfo\/wp-json\/wp\/v2\/users\/52"}],"replies":[{"embeddable":true,"href":"https:\/\/vosgesinfo.fr\/epinalinfo\/wp-json\/wp\/v2\/comments?post=134260"}],"version-history":[{"count":1,"href":"https:\/\/vosgesinfo.fr\/epinalinfo\/wp-json\/wp\/v2\/posts\/134260\/revisions"}],"predecessor-version":[{"id":134262,"href":"https:\/\/vosgesinfo.fr\/epinalinfo\/wp-json\/wp\/v2\/posts\/134260\/revisions\/134262"}],"wp:featuredmedia":[{"embeddable":true,"href":"https:\/\/vosgesinfo.fr\/epinalinfo\/wp-json\/wp\/v2\/media\/134261"}],"wp:attachment":[{"href":"https:\/\/vosgesinfo.fr\/epinalinfo\/wp-json\/wp\/v2\/media?parent=134260"}],"wp:term":[{"taxonomy":"category","embeddable":true,"href":"https:\/\/vosgesinfo.fr\/epinalinfo\/wp-json\/wp\/v2\/categories?post=134260"},{"taxonomy":"post_tag","embeddable":true,"href":"https:\/\/vosgesinfo.fr\/epinalinfo\/wp-json\/wp\/v2\/tags?post=134260"}],"curies":[{"name":"wp","href":"https:\/\/api.w.org\/{rel}","templated":true}]}}