{"id":134265,"date":"2025-08-12T10:50:47","date_gmt":"2025-08-12T08:50:47","guid":{"rendered":"https:\/\/vosgesinfo.fr\/epinalinfo\/?p=134265"},"modified":"2025-08-12T10:44:21","modified_gmt":"2025-08-12T08:44:21","slug":"inkside-beauty-une-nouvelle-adresse-beaute-au-coeur-depinal","status":"publish","type":"post","link":"https:\/\/vosgesinfo.fr\/epinalinfo\/2025\/08\/inkside-beauty-une-nouvelle-adresse-beaute-au-coeur-depinal\/","title":{"rendered":"Inkside Beauty : une nouvelle adresse beaut\u00e9 au c\u0153ur d\u2019\u00c9pinal"},"content":{"rendered":"<h2 data-start=\"149\" data-end=\"487\"><strong><a href=\"https:\/\/vosgesinfo.fr\/app\/uploads\/sites\/3\/2025\/08\/inkside-beauty-epinal.3jpg.jpg\"><img decoding=\"async\" class=\"aligncenter size-full wp-image-134266\" src=\"https:\/\/vosgesinfo.fr\/app\/uploads\/sites\/3\/2025\/08\/inkside-beauty-epinal.3jpg.jpg\" alt=\"\" width=\"2040\" height=\"1536\" srcset=\"https:\/\/vosgesinfo.fr\/app\/uploads\/sites\/3\/2025\/08\/inkside-beauty-epinal.3jpg.jpg 2040w, https:\/\/vosgesinfo.fr\/app\/uploads\/sites\/3\/2025\/08\/inkside-beauty-epinal.3jpg-300x226.jpg 300w, https:\/\/vosgesinfo.fr\/app\/uploads\/sites\/3\/2025\/08\/inkside-beauty-epinal.3jpg-1024x771.jpg 1024w, https:\/\/vosgesinfo.fr\/app\/uploads\/sites\/3\/2025\/08\/inkside-beauty-epinal.3jpg-768x578.jpg 768w, https:\/\/vosgesinfo.fr\/app\/uploads\/sites\/3\/2025\/08\/inkside-beauty-epinal.3jpg-1536x1157.jpg 1536w\" sizes=\"(max-width: 2040px) 100vw, 2040px\" \/><\/a>Samedi 2 ao\u00fbt, \u00c9pinal a vu na\u00eetre une nouvelle p\u00e9pite d\u00e9di\u00e9e \u00e0 la beaut\u00e9 et au bien-\u00eatre : Inkside Beauty. Install\u00e9 au 15 rue du G\u00e9n\u00e9ral Leclerc, juste \u00e0 c\u00f4t\u00e9 de la boulangerie <em data-start=\"333\" data-end=\"356\">Aux D\u00e9lices d\u2019Antonin<\/em>, ce lieu chaleureux et tendance a officiellement ouvert ses portes, attirant les curieux et les passionn\u00e9s de soins esth\u00e9tiques.<\/strong><\/h2>\n<p data-start=\"489\" data-end=\"820\">Aux commandes, <strong data-start=\"504\" data-end=\"523\">Marion Parrotta<\/strong>, transforme l\u2019ancien espace <em data-start=\"585\" data-end=\"601\">Le Panier Cosy<\/em> en un v\u00e9ritable temple de la mise en valeur de soi. Inkside Beauty r\u00e9unit sous un m\u00eame toit plusieurs univers : <strong data-start=\"714\" data-end=\"767\">tatouage, extension de cils, piercing et onglerie<\/strong>, le tout anim\u00e9 par des professionnels sp\u00e9cialis\u00e9s.<\/p>\n<p data-start=\"822\" data-end=\"1166\">Le concept ? Offrir un espace o\u00f9 l\u2019on peut, en une seule visite, s\u2019offrir un moment complet de transformation ou simplement une touche de bien-\u00eatre. Que ce soit pour un tatouage artistique, un regard sublim\u00e9 par des extensions de cils, un bijou corporel tendance ou une manucure soign\u00e9e, Inkside Beauty promet de r\u00e9pondre \u00e0 toutes les envies.<\/p>\n<p data-start=\"1168\" data-end=\"1354\">Avec cette ouverture, Marion Parrotta entend faire d\u2019Inkside Beauty un lieu incontournable pour celles et ceux qui veulent allier style, cr\u00e9ativit\u00e9 et d\u00e9tente au centre-ville d\u2019\u00c9pinal.<\/p>\n","protected":false},"excerpt":{"rendered":"<p>Samedi 2 ao\u00fbt, \u00c9pinal a vu na\u00eetre une nouvelle p\u00e9pite d\u00e9di\u00e9e \u00e0 la beaut\u00e9 et au bien-\u00eatre : Inkside Beauty. [&hellip;]<\/p>\n","protected":false},"author":52,"featured_media":134266,"comment_status":"open","ping_status":"open","sticky":false,"template":"","format":"standard","meta":{"footnotes":""},"categories":[22,8,24],"tags":[],"class_list":["post-134265","post","type-post","status-publish","format-standard","has-post-thumbnail","hentry","category-a-la-une","category-economie","category-epinal"],"acf":[],"yoast_head":"<!-- This site is optimized with the Yoast SEO plugin v22.5 - https:\/\/yoast.com\/wordpress\/plugins\/seo\/ -->\n<title>Inkside Beauty : une nouvelle adresse beaut\u00e9 au c\u0153ur d\u2019\u00c9pinal - Epinal Info<\/title>\n<meta name=\"robots\" content=\"index, follow, max-snippet:-1, max-image-preview:large, max-video-preview:-1\" \/>\n<link rel=\"canonical\" href=\"https:\/\/vosgesinfo.fr\/epinalinfo\/2025\/08\/inkside-beauty-une-nouvelle-adresse-beaute-au-coeur-depinal\/\" \/>\n<meta name=\"twitter:card\" content=\"summary_large_image\" \/>\n<meta name=\"twitter:title\" content=\"Inkside Beauty : une nouvelle adresse beaut\u00e9 au c\u0153ur d\u2019\u00c9pinal - Epinal Info\" \/>\n<meta name=\"twitter:description\" content=\"Samedi 2 ao\u00fbt, \u00c9pinal a vu na\u00eetre une nouvelle p\u00e9pite d\u00e9di\u00e9e \u00e0 la beaut\u00e9 et au bien-\u00eatre : Inkside Beauty. [&hellip;]\" \/>\n<meta name=\"twitter:image\" content=\"https:\/\/vosgesinfo.fr\/app\/uploads\/sites\/3\/2025\/08\/inkside-beauty-epinal.3jpg.jpg\" \/>\n<meta name=\"twitter:creator\" content=\"@VosgesInfo88\" \/>\n<meta name=\"twitter:site\" content=\"@VosgesInfo88\" \/>\n<meta name=\"twitter:label1\" content=\"\u00c9crit par\" \/>\n\t<meta name=\"twitter:data1\" content=\"C.K.\" \/>\n\t<meta name=\"twitter:label2\" content=\"Dur\u00e9e de lecture estim\u00e9e\" \/>\n\t<meta name=\"twitter:data2\" content=\"1 minute\" \/>\n<script type=\"application\/ld+json\" class=\"yoast-schema-graph\">{\"@context\":\"https:\/\/schema.org\",\"@graph\":[{\"@type\":\"Article\",\"@id\":\"https:\/\/vosgesinfo.fr\/epinalinfo\/2025\/08\/inkside-beauty-une-nouvelle-adresse-beaute-au-coeur-depinal\/#article\",\"isPartOf\":{\"@id\":\"https:\/\/vosgesinfo.fr\/epinalinfo\/2025\/08\/inkside-beauty-une-nouvelle-adresse-beaute-au-coeur-depinal\/\"},\"author\":{\"name\":\"C.K.\",\"@id\":\"https:\/\/vosgesinfo.fr\/epinalinfo\/#\/schema\/person\/6f9a650eeea99d969b6c4ab78fccbe81\"},\"headline\":\"Inkside Beauty : une nouvelle adresse beaut\u00e9 au c\u0153ur d\u2019\u00c9pinal\",\"datePublished\":\"2025-08-12T08:50:47+00:00\",\"dateModified\":\"2025-08-12T08:44:21+00:00\",\"mainEntityOfPage\":{\"@id\":\"https:\/\/vosgesinfo.fr\/epinalinfo\/2025\/08\/inkside-beauty-une-nouvelle-adresse-beaute-au-coeur-depinal\/\"},\"wordCount\":214,\"commentCount\":0,\"publisher\":{\"@id\":\"https:\/\/vosgesinfo.fr\/epinalinfo\/#organization\"},\"image\":{\"@id\":\"https:\/\/vosgesinfo.fr\/epinalinfo\/2025\/08\/inkside-beauty-une-nouvelle-adresse-beaute-au-coeur-depinal\/#primaryimage\"},\"thumbnailUrl\":\"https:\/\/vosgesinfo.fr\/app\/uploads\/sites\/3\/2025\/08\/inkside-beauty-epinal.3jpg.jpg\",\"articleSection\":[\"A la Une\",\"\u00c9conomie\",\"Epinal\"],\"inLanguage\":\"fr-FR\",\"potentialAction\":[{\"@type\":\"CommentAction\",\"name\":\"Comment\",\"target\":[\"https:\/\/vosgesinfo.fr\/epinalinfo\/2025\/08\/inkside-beauty-une-nouvelle-adresse-beaute-au-coeur-depinal\/#respond\"]}]},{\"@type\":\"WebPage\",\"@id\":\"https:\/\/vosgesinfo.fr\/epinalinfo\/2025\/08\/inkside-beauty-une-nouvelle-adresse-beaute-au-coeur-depinal\/\",\"url\":\"https:\/\/vosgesinfo.fr\/epinalinfo\/2025\/08\/inkside-beauty-une-nouvelle-adresse-beaute-au-coeur-depinal\/\",\"name\":\"Inkside Beauty : une nouvelle adresse beaut\u00e9 au c\u0153ur d\u2019\u00c9pinal - Epinal Info\",\"isPartOf\":{\"@id\":\"https:\/\/vosgesinfo.fr\/epinalinfo\/#website\"},\"primaryImageOfPage\":{\"@id\":\"https:\/\/vosgesinfo.fr\/epinalinfo\/2025\/08\/inkside-beauty-une-nouvelle-adresse-beaute-au-coeur-depinal\/#primaryimage\"},\"image\":{\"@id\":\"https:\/\/vosgesinfo.fr\/epinalinfo\/2025\/08\/inkside-beauty-une-nouvelle-adresse-beaute-au-coeur-depinal\/#primaryimage\"},\"thumbnailUrl\":\"https:\/\/vosgesinfo.fr\/app\/uploads\/sites\/3\/2025\/08\/inkside-beauty-epinal.3jpg.jpg\",\"datePublished\":\"2025-08-12T08:50:47+00:00\",\"dateModified\":\"2025-08-12T08:44:21+00:00\",\"breadcrumb\":{\"@id\":\"https:\/\/vosgesinfo.fr\/epinalinfo\/2025\/08\/inkside-beauty-une-nouvelle-adresse-beaute-au-coeur-depinal\/#breadcrumb\"},\"inLanguage\":\"fr-FR\",\"potentialAction\":[{\"@type\":\"ReadAction\",\"target\":[\"https:\/\/vosgesinfo.fr\/epinalinfo\/2025\/08\/inkside-beauty-une-nouvelle-adresse-beaute-au-coeur-depinal\/\"]}]},{\"@type\":\"ImageObject\",\"inLanguage\":\"fr-FR\",\"@id\":\"https:\/\/vosgesinfo.fr\/epinalinfo\/2025\/08\/inkside-beauty-une-nouvelle-adresse-beaute-au-coeur-depinal\/#primaryimage\",\"url\":\"https:\/\/vosgesinfo.fr\/app\/uploads\/sites\/3\/2025\/08\/inkside-beauty-epinal.3jpg.jpg\",\"contentUrl\":\"https:\/\/vosgesinfo.fr\/app\/uploads\/sites\/3\/2025\/08\/inkside-beauty-epinal.3jpg.jpg\",\"width\":2040,\"height\":1536},{\"@type\":\"BreadcrumbList\",\"@id\":\"https:\/\/vosgesinfo.fr\/epinalinfo\/2025\/08\/inkside-beauty-une-nouvelle-adresse-beaute-au-coeur-depinal\/#breadcrumb\",\"itemListElement\":[{\"@type\":\"ListItem\",\"position\":1,\"name\":\"Home\",\"item\":\"https:\/\/vosgesinfo.fr\/epinalinfo\/\"},{\"@type\":\"ListItem\",\"position\":2,\"name\":\"Inkside Beauty : une nouvelle adresse beaut\u00e9 au c\u0153ur d\u2019\u00c9pinal\"}]},{\"@type\":\"WebSite\",\"@id\":\"https:\/\/vosgesinfo.fr\/epinalinfo\/#website\",\"url\":\"https:\/\/vosgesinfo.fr\/epinalinfo\/\",\"name\":\"Epinal Info\",\"description\":\"Toute l&#039;actualit\u00e9 d&#039;\u00c9pinal\",\"publisher\":{\"@id\":\"https:\/\/vosgesinfo.fr\/epinalinfo\/#organization\"},\"alternateName\":\"Toute l'actualit\u00e9 d'\u00c9pinal\",\"potentialAction\":[{\"@type\":\"SearchAction\",\"target\":{\"@type\":\"EntryPoint\",\"urlTemplate\":\"https:\/\/vosgesinfo.fr\/epinalinfo\/?s={search_term_string}\"},\"query-input\":\"required name=search_term_string\"}],\"inLanguage\":\"fr-FR\"},{\"@type\":\"Organization\",\"@id\":\"https:\/\/vosgesinfo.fr\/epinalinfo\/#organization\",\"name\":\"Epinal Info\",\"url\":\"https:\/\/vosgesinfo.fr\/epinalinfo\/\",\"logo\":{\"@type\":\"ImageObject\",\"inLanguage\":\"fr-FR\",\"@id\":\"https:\/\/vosgesinfo.fr\/epinalinfo\/#\/schema\/logo\/image\/\",\"url\":\"https:\/\/vosgesinfo.fr\/app\/uploads\/sites\/3\/2023\/08\/logo-epinalinfos.svg\",\"contentUrl\":\"https:\/\/vosgesinfo.fr\/app\/uploads\/sites\/3\/2023\/08\/logo-epinalinfos.svg\",\"width\":1,\"height\":1,\"caption\":\"Epinal Info\"},\"image\":{\"@id\":\"https:\/\/vosgesinfo.fr\/epinalinfo\/#\/schema\/logo\/image\/\"},\"sameAs\":[\"https:\/\/www.facebook.com\/Epinalinfos\",\"https:\/\/x.com\/VosgesInfo88\",\"https:\/\/www.youtube.com\/@vosgesinfo\"]},{\"@type\":\"Person\",\"@id\":\"https:\/\/vosgesinfo.fr\/epinalinfo\/#\/schema\/person\/6f9a650eeea99d969b6c4ab78fccbe81\",\"name\":\"C.K.\",\"image\":{\"@type\":\"ImageObject\",\"inLanguage\":\"fr-FR\",\"@id\":\"https:\/\/vosgesinfo.fr\/epinalinfo\/#\/schema\/person\/image\/\",\"url\":\"https:\/\/secure.gravatar.com\/avatar\/48e3fc7f8421ba8942be6b74a2b7f014ca39bc00dece156b7a8e098ae7dc87bf?s=96&d=mm&r=g\",\"contentUrl\":\"https:\/\/secure.gravatar.com\/avatar\/48e3fc7f8421ba8942be6b74a2b7f014ca39bc00dece156b7a8e098ae7dc87bf?s=96&d=mm&r=g\",\"caption\":\"C.K.\"},\"url\":\"https:\/\/vosgesinfo.fr\/epinalinfo\/author\/celia-k-n\/\"}]}<\/script>\n<!-- \/ Yoast SEO plugin. -->","yoast_head_json":{"title":"Inkside Beauty : une nouvelle adresse beaut\u00e9 au c\u0153ur d\u2019\u00c9pinal - Epinal Info","robots":{"index":"index","follow":"follow","max-snippet":"max-snippet:-1","max-image-preview":"max-image-preview:large","max-video-preview":"max-video-preview:-1"},"canonical":"https:\/\/vosgesinfo.fr\/epinalinfo\/2025\/08\/inkside-beauty-une-nouvelle-adresse-beaute-au-coeur-depinal\/","twitter_card":"summary_large_image","twitter_title":"Inkside Beauty : une nouvelle adresse beaut\u00e9 au c\u0153ur d\u2019\u00c9pinal - Epinal Info","twitter_description":"Samedi 2 ao\u00fbt, \u00c9pinal a vu na\u00eetre une nouvelle p\u00e9pite d\u00e9di\u00e9e \u00e0 la beaut\u00e9 et au bien-\u00eatre : Inkside Beauty. [&hellip;]","twitter_image":"https:\/\/vosgesinfo.fr\/app\/uploads\/sites\/3\/2025\/08\/inkside-beauty-epinal.3jpg.jpg","twitter_creator":"@VosgesInfo88","twitter_site":"@VosgesInfo88","twitter_misc":{"\u00c9crit par":"C.K.","Dur\u00e9e de lecture estim\u00e9e":"1 minute"},"schema":{"@context":"https:\/\/schema.org","@graph":[{"@type":"Article","@id":"https:\/\/vosgesinfo.fr\/epinalinfo\/2025\/08\/inkside-beauty-une-nouvelle-adresse-beaute-au-coeur-depinal\/#article","isPartOf":{"@id":"https:\/\/vosgesinfo.fr\/epinalinfo\/2025\/08\/inkside-beauty-une-nouvelle-adresse-beaute-au-coeur-depinal\/"},"author":{"name":"C.K.","@id":"https:\/\/vosgesinfo.fr\/epinalinfo\/#\/schema\/person\/6f9a650eeea99d969b6c4ab78fccbe81"},"headline":"Inkside Beauty : une nouvelle adresse beaut\u00e9 au c\u0153ur d\u2019\u00c9pinal","datePublished":"2025-08-12T08:50:47+00:00","dateModified":"2025-08-12T08:44:21+00:00","mainEntityOfPage":{"@id":"https:\/\/vosgesinfo.fr\/epinalinfo\/2025\/08\/inkside-beauty-une-nouvelle-adresse-beaute-au-coeur-depinal\/"},"wordCount":214,"commentCount":0,"publisher":{"@id":"https:\/\/vosgesinfo.fr\/epinalinfo\/#organization"},"image":{"@id":"https:\/\/vosgesinfo.fr\/epinalinfo\/2025\/08\/inkside-beauty-une-nouvelle-adresse-beaute-au-coeur-depinal\/#primaryimage"},"thumbnailUrl":"https:\/\/vosgesinfo.fr\/app\/uploads\/sites\/3\/2025\/08\/inkside-beauty-epinal.3jpg.jpg","articleSection":["A la Une","\u00c9conomie","Epinal"],"inLanguage":"fr-FR","potentialAction":[{"@type":"CommentAction","name":"Comment","target":["https:\/\/vosgesinfo.fr\/epinalinfo\/2025\/08\/inkside-beauty-une-nouvelle-adresse-beaute-au-coeur-depinal\/#respond"]}]},{"@type":"WebPage","@id":"https:\/\/vosgesinfo.fr\/epinalinfo\/2025\/08\/inkside-beauty-une-nouvelle-adresse-beaute-au-coeur-depinal\/","url":"https:\/\/vosgesinfo.fr\/epinalinfo\/2025\/08\/inkside-beauty-une-nouvelle-adresse-beaute-au-coeur-depinal\/","name":"Inkside Beauty : une nouvelle adresse beaut\u00e9 au c\u0153ur d\u2019\u00c9pinal - Epinal Info","isPartOf":{"@id":"https:\/\/vosgesinfo.fr\/epinalinfo\/#website"},"primaryImageOfPage":{"@id":"https:\/\/vosgesinfo.fr\/epinalinfo\/2025\/08\/inkside-beauty-une-nouvelle-adresse-beaute-au-coeur-depinal\/#primaryimage"},"image":{"@id":"https:\/\/vosgesinfo.fr\/epinalinfo\/2025\/08\/inkside-beauty-une-nouvelle-adresse-beaute-au-coeur-depinal\/#primaryimage"},"thumbnailUrl":"https:\/\/vosgesinfo.fr\/app\/uploads\/sites\/3\/2025\/08\/inkside-beauty-epinal.3jpg.jpg","datePublished":"2025-08-12T08:50:47+00:00","dateModified":"2025-08-12T08:44:21+00:00","breadcrumb":{"@id":"https:\/\/vosgesinfo.fr\/epinalinfo\/2025\/08\/inkside-beauty-une-nouvelle-adresse-beaute-au-coeur-depinal\/#breadcrumb"},"inLanguage":"fr-FR","potentialAction":[{"@type":"ReadAction","target":["https:\/\/vosgesinfo.fr\/epinalinfo\/2025\/08\/inkside-beauty-une-nouvelle-adresse-beaute-au-coeur-depinal\/"]}]},{"@type":"ImageObject","inLanguage":"fr-FR","@id":"https:\/\/vosgesinfo.fr\/epinalinfo\/2025\/08\/inkside-beauty-une-nouvelle-adresse-beaute-au-coeur-depinal\/#primaryimage","url":"https:\/\/vosgesinfo.fr\/app\/uploads\/sites\/3\/2025\/08\/inkside-beauty-epinal.3jpg.jpg","contentUrl":"https:\/\/vosgesinfo.fr\/app\/uploads\/sites\/3\/2025\/08\/inkside-beauty-epinal.3jpg.jpg","width":2040,"height":1536},{"@type":"BreadcrumbList","@id":"https:\/\/vosgesinfo.fr\/epinalinfo\/2025\/08\/inkside-beauty-une-nouvelle-adresse-beaute-au-coeur-depinal\/#breadcrumb","itemListElement":[{"@type":"ListItem","position":1,"name":"Home","item":"https:\/\/vosgesinfo.fr\/epinalinfo\/"},{"@type":"ListItem","position":2,"name":"Inkside Beauty : une nouvelle adresse beaut\u00e9 au c\u0153ur d\u2019\u00c9pinal"}]},{"@type":"WebSite","@id":"https:\/\/vosgesinfo.fr\/epinalinfo\/#website","url":"https:\/\/vosgesinfo.fr\/epinalinfo\/","name":"Epinal Info","description":"Toute l&#039;actualit\u00e9 d&#039;\u00c9pinal","publisher":{"@id":"https:\/\/vosgesinfo.fr\/epinalinfo\/#organization"},"alternateName":"Toute l'actualit\u00e9 d'\u00c9pinal","potentialAction":[{"@type":"SearchAction","target":{"@type":"EntryPoint","urlTemplate":"https:\/\/vosgesinfo.fr\/epinalinfo\/?s={search_term_string}"},"query-input":"required name=search_term_string"}],"inLanguage":"fr-FR"},{"@type":"Organization","@id":"https:\/\/vosgesinfo.fr\/epinalinfo\/#organization","name":"Epinal Info","url":"https:\/\/vosgesinfo.fr\/epinalinfo\/","logo":{"@type":"ImageObject","inLanguage":"fr-FR","@id":"https:\/\/vosgesinfo.fr\/epinalinfo\/#\/schema\/logo\/image\/","url":"https:\/\/vosgesinfo.fr\/app\/uploads\/sites\/3\/2023\/08\/logo-epinalinfos.svg","contentUrl":"https:\/\/vosgesinfo.fr\/app\/uploads\/sites\/3\/2023\/08\/logo-epinalinfos.svg","width":1,"height":1,"caption":"Epinal Info"},"image":{"@id":"https:\/\/vosgesinfo.fr\/epinalinfo\/#\/schema\/logo\/image\/"},"sameAs":["https:\/\/www.facebook.com\/Epinalinfos","https:\/\/x.com\/VosgesInfo88","https:\/\/www.youtube.com\/@vosgesinfo"]},{"@type":"Person","@id":"https:\/\/vosgesinfo.fr\/epinalinfo\/#\/schema\/person\/6f9a650eeea99d969b6c4ab78fccbe81","name":"C.K.","image":{"@type":"ImageObject","inLanguage":"fr-FR","@id":"https:\/\/vosgesinfo.fr\/epinalinfo\/#\/schema\/person\/image\/","url":"https:\/\/secure.gravatar.com\/avatar\/48e3fc7f8421ba8942be6b74a2b7f014ca39bc00dece156b7a8e098ae7dc87bf?s=96&d=mm&r=g","contentUrl":"https:\/\/secure.gravatar.com\/avatar\/48e3fc7f8421ba8942be6b74a2b7f014ca39bc00dece156b7a8e098ae7dc87bf?s=96&d=mm&r=g","caption":"C.K."},"url":"https:\/\/vosgesinfo.fr\/epinalinfo\/author\/celia-k-n\/"}]}},"_links":{"self":[{"href":"https:\/\/vosgesinfo.fr\/epinalinfo\/wp-json\/wp\/v2\/posts\/134265","targetHints":{"allow":["GET"]}}],"collection":[{"href":"https:\/\/vosgesinfo.fr\/epinalinfo\/wp-json\/wp\/v2\/posts"}],"about":[{"href":"https:\/\/vosgesinfo.fr\/epinalinfo\/wp-json\/wp\/v2\/types\/post"}],"author":[{"embeddable":true,"href":"https:\/\/vosgesinfo.fr\/epinalinfo\/wp-json\/wp\/v2\/users\/52"}],"replies":[{"embeddable":true,"href":"https:\/\/vosgesinfo.fr\/epinalinfo\/wp-json\/wp\/v2\/comments?post=134265"}],"version-history":[{"count":1,"href":"https:\/\/vosgesinfo.fr\/epinalinfo\/wp-json\/wp\/v2\/posts\/134265\/revisions"}],"predecessor-version":[{"id":134267,"href":"https:\/\/vosgesinfo.fr\/epinalinfo\/wp-json\/wp\/v2\/posts\/134265\/revisions\/134267"}],"wp:featuredmedia":[{"embeddable":true,"href":"https:\/\/vosgesinfo.fr\/epinalinfo\/wp-json\/wp\/v2\/media\/134266"}],"wp:attachment":[{"href":"https:\/\/vosgesinfo.fr\/epinalinfo\/wp-json\/wp\/v2\/media?parent=134265"}],"wp:term":[{"taxonomy":"category","embeddable":true,"href":"https:\/\/vosgesinfo.fr\/epinalinfo\/wp-json\/wp\/v2\/categories?post=134265"},{"taxonomy":"post_tag","embeddable":true,"href":"https:\/\/vosgesinfo.fr\/epinalinfo\/wp-json\/wp\/v2\/tags?post=134265"}],"curies":[{"name":"wp","href":"https:\/\/api.w.org\/{rel}","templated":true}]}}