{"id":134268,"date":"2025-08-12T11:15:42","date_gmt":"2025-08-12T09:15:42","guid":{"rendered":"https:\/\/vosgesinfo.fr\/epinalinfo\/?p=134268"},"modified":"2025-08-12T11:07:49","modified_gmt":"2025-08-12T09:07:49","slug":"la-bresse-la-ville-finalise-lamenagement-du-nouveau-cabinet-medical","status":"publish","type":"post","link":"https:\/\/vosgesinfo.fr\/epinalinfo\/2025\/08\/la-bresse-la-ville-finalise-lamenagement-du-nouveau-cabinet-medical\/","title":{"rendered":"La Bresse &#8211; La Ville finalise l\u2019am\u00e9nagement du nouveau cabinet m\u00e9dical"},"content":{"rendered":"<div id=\"attachment_134269\" style=\"width: 1546px\" class=\"wp-caption aligncenter\"><a href=\"https:\/\/vosgesinfo.fr\/app\/uploads\/sites\/3\/2025\/08\/cabinet-medical-la-bresse.jpg\"><img decoding=\"async\" aria-describedby=\"caption-attachment-134269\" class=\"size-full wp-image-134269\" src=\"https:\/\/vosgesinfo.fr\/app\/uploads\/sites\/3\/2025\/08\/cabinet-medical-la-bresse.jpg\" alt=\"\" width=\"1536\" height=\"2048\" srcset=\"https:\/\/vosgesinfo.fr\/app\/uploads\/sites\/3\/2025\/08\/cabinet-medical-la-bresse.jpg 1536w, https:\/\/vosgesinfo.fr\/app\/uploads\/sites\/3\/2025\/08\/cabinet-medical-la-bresse-225x300.jpg 225w, https:\/\/vosgesinfo.fr\/app\/uploads\/sites\/3\/2025\/08\/cabinet-medical-la-bresse-768x1024.jpg 768w, https:\/\/vosgesinfo.fr\/app\/uploads\/sites\/3\/2025\/08\/cabinet-medical-la-bresse-1152x1536.jpg 1152w\" sizes=\"(max-width: 1536px) 100vw, 1536px\" \/><\/a><p id=\"caption-attachment-134269\" class=\"wp-caption-text\">photos Ville de La Bresse<\/p><\/div>\n<h2 data-start=\"145\" data-end=\"602\"><strong>Un an seulement apr\u00e8s le lancement des travaux, le nouveau cabinet de sant\u00e9 de la commune est pr\u00eat \u00e0 ouvrir ses portes aux futurs m\u00e9decins. Install\u00e9 dans les anciens logements de fonction du coll\u00e8ge des Boudi\u00e8res, le b\u00e2timent a b\u00e9n\u00e9fici\u00e9 d\u2019une r\u00e9habilitation compl\u00e8te : isolation int\u00e9grale, r\u00e9agencement total des espaces, remise \u00e0 neuf des installations \u00e9lectriques, ventilation et plomberie, ainsi que le remplacement des fen\u00eatres et autres menuiseries.<\/strong><\/h2>\n<p data-start=\"202\" data-end=\"453\">Moins d\u2019un an apr\u00e8s le d\u00e9but du chantier, la transformation des anciens logements du coll\u00e8ge des Boudi\u00e8res en cabinet m\u00e9dical est d\u00e9sormais achev\u00e9e. Le b\u00e2timent, enti\u00e8rement repens\u00e9 et r\u00e9nov\u00e9, est pr\u00eat \u00e0 accueillir les futurs m\u00e9decins de la commune.<\/p>\n<p data-start=\"455\" data-end=\"732\">Les travaux ont \u00e9t\u00e9 men\u00e9s de fond en comble : isolation thermique performante, redistribution compl\u00e8te des espaces int\u00e9rieurs, modernisation totale des r\u00e9seaux \u00e9lectriques, de la ventilation et de la plomberie, sans oublier le remplacement des fen\u00eatres et autres menuiseries.<\/p>\n<p data-start=\"734\" data-end=\"972\">Sur une superficie de 234 m\u00b2, le nouvel \u00e9quipement regroupe un espace d\u2019accueil pour le secr\u00e9tariat m\u00e9dical, une salle d\u2019attente, quatre cabinets pour les m\u00e9decins, des sanitaires et des zones d\u00e9di\u00e9es aux autres professionnels de sant\u00e9.<\/p>\n<p data-start=\"974\" data-end=\"1120\">\u00c0 la fin du mois de juillet, Mme le Maire, accompagn\u00e9e d\u2019\u00e9lus et de praticiens, a pu visiter les lieux et constater la qualit\u00e9 des am\u00e9nagements.<\/p>\n<p data-start=\"1122\" data-end=\"1377\">Port\u00e9 par la municipalit\u00e9 depuis mars, ce projet illustre la volont\u00e9 de renforcer l\u2019offre de soins sur le territoire. La recherche active de m\u00e9decins g\u00e9n\u00e9ralistes se poursuit, avec l\u2019objectif que le cabinet soit pleinement op\u00e9rationnel avant l\u2019\u00e9t\u00e9 2025.<\/p>\n\n\t\t<style type=\"text\/css\">\n\t\t\t#gallery-1 {\n\t\t\t\tmargin: auto;\n\t\t\t}\n\t\t\t#gallery-1 .gallery-item {\n\t\t\t\tfloat: left;\n\t\t\t\tmargin-top: 10px;\n\t\t\t\ttext-align: center;\n\t\t\t\twidth: 33%;\n\t\t\t}\n\t\t\t#gallery-1 img {\n\t\t\t\tborder: 2px solid #cfcfcf;\n\t\t\t}\n\t\t\t#gallery-1 .gallery-caption {\n\t\t\t\tmargin-left: 0;\n\t\t\t}\n\t\t\t\/* see gallery_shortcode() in wp-includes\/media.php *\/\n\t\t<\/style>\n\t\t<div id='gallery-1' class='gallery galleryid-134268 gallery-columns-3 gallery-size-large'><dl class='gallery-item'>\n\t\t\t<dt class='gallery-icon landscape'>\n\t\t\t\t<a href='https:\/\/vosgesinfo.fr\/app\/uploads\/sites\/3\/2025\/08\/cabinet-medical-la-bresse2.jpg'><img decoding=\"async\" width=\"1024\" height=\"768\" src=\"https:\/\/vosgesinfo.fr\/app\/uploads\/sites\/3\/2025\/08\/cabinet-medical-la-bresse2-1024x768.jpg\" class=\"attachment-large size-large\" alt=\"\" aria-describedby=\"gallery-1-134270\" srcset=\"https:\/\/vosgesinfo.fr\/app\/uploads\/sites\/3\/2025\/08\/cabinet-medical-la-bresse2-1024x768.jpg 1024w, https:\/\/vosgesinfo.fr\/app\/uploads\/sites\/3\/2025\/08\/cabinet-medical-la-bresse2-300x225.jpg 300w, https:\/\/vosgesinfo.fr\/app\/uploads\/sites\/3\/2025\/08\/cabinet-medical-la-bresse2-768x576.jpg 768w, https:\/\/vosgesinfo.fr\/app\/uploads\/sites\/3\/2025\/08\/cabinet-medical-la-bresse2-1536x1152.jpg 1536w, https:\/\/vosgesinfo.fr\/app\/uploads\/sites\/3\/2025\/08\/cabinet-medical-la-bresse2.jpg 2048w\" sizes=\"(max-width: 1024px) 100vw, 1024px\" \/><\/a>\n\t\t\t<\/dt>\n\t\t\t\t<dd class='wp-caption-text gallery-caption' id='gallery-1-134270'>\n\t\t\t\tphotos Ville de La Bresse\n\t\t\t\t<\/dd><\/dl><dl class='gallery-item'>\n\t\t\t<dt class='gallery-icon portrait'>\n\t\t\t\t<a href='https:\/\/vosgesinfo.fr\/app\/uploads\/sites\/3\/2025\/08\/cabinet-medical-la-bresse3.jpg'><img decoding=\"async\" width=\"768\" height=\"1024\" src=\"https:\/\/vosgesinfo.fr\/app\/uploads\/sites\/3\/2025\/08\/cabinet-medical-la-bresse3-768x1024.jpg\" class=\"attachment-large size-large\" alt=\"\" aria-describedby=\"gallery-1-134271\" srcset=\"https:\/\/vosgesinfo.fr\/app\/uploads\/sites\/3\/2025\/08\/cabinet-medical-la-bresse3-768x1024.jpg 768w, https:\/\/vosgesinfo.fr\/app\/uploads\/sites\/3\/2025\/08\/cabinet-medical-la-bresse3-225x300.jpg 225w, https:\/\/vosgesinfo.fr\/app\/uploads\/sites\/3\/2025\/08\/cabinet-medical-la-bresse3-1152x1536.jpg 1152w, https:\/\/vosgesinfo.fr\/app\/uploads\/sites\/3\/2025\/08\/cabinet-medical-la-bresse3.jpg 1536w\" sizes=\"(max-width: 768px) 100vw, 768px\" \/><\/a>\n\t\t\t<\/dt>\n\t\t\t\t<dd class='wp-caption-text gallery-caption' id='gallery-1-134271'>\n\t\t\t\tphotos Ville de La Bresse\n\t\t\t\t<\/dd><\/dl><dl class='gallery-item'>\n\t\t\t<dt class='gallery-icon landscape'>\n\t\t\t\t<a href='https:\/\/vosgesinfo.fr\/app\/uploads\/sites\/3\/2025\/08\/cabinet-medical-la-bresse4.jpg'><img decoding=\"async\" width=\"1024\" height=\"768\" src=\"https:\/\/vosgesinfo.fr\/app\/uploads\/sites\/3\/2025\/08\/cabinet-medical-la-bresse4-1024x768.jpg\" class=\"attachment-large size-large\" alt=\"\" aria-describedby=\"gallery-1-134272\" srcset=\"https:\/\/vosgesinfo.fr\/app\/uploads\/sites\/3\/2025\/08\/cabinet-medical-la-bresse4-1024x768.jpg 1024w, https:\/\/vosgesinfo.fr\/app\/uploads\/sites\/3\/2025\/08\/cabinet-medical-la-bresse4-300x225.jpg 300w, https:\/\/vosgesinfo.fr\/app\/uploads\/sites\/3\/2025\/08\/cabinet-medical-la-bresse4-768x576.jpg 768w, https:\/\/vosgesinfo.fr\/app\/uploads\/sites\/3\/2025\/08\/cabinet-medical-la-bresse4-1536x1152.jpg 1536w, https:\/\/vosgesinfo.fr\/app\/uploads\/sites\/3\/2025\/08\/cabinet-medical-la-bresse4.jpg 2048w\" sizes=\"(max-width: 1024px) 100vw, 1024px\" \/><\/a>\n\t\t\t<\/dt>\n\t\t\t\t<dd class='wp-caption-text gallery-caption' id='gallery-1-134272'>\n\t\t\t\tphotos Ville de La Bresse\n\t\t\t\t<\/dd><\/dl><br style=\"clear: both\" \/>\n\t\t<\/div>\n\n","protected":false},"excerpt":{"rendered":"<p>Un an seulement apr\u00e8s le lancement des travaux, le nouveau cabinet de sant\u00e9 de la commune est pr\u00eat \u00e0 ouvrir [&hellip;]<\/p>\n","protected":false},"author":52,"featured_media":134269,"comment_status":"open","ping_status":"open","sticky":false,"template":"","format":"standard","meta":{"footnotes":""},"categories":[22,24,6055,5],"tags":[],"class_list":["post-134268","post","type-post","status-publish","format-standard","has-post-thumbnail","hentry","category-a-la-une","category-epinal","category-remiremont","category-vosges"],"acf":[],"yoast_head":"<!-- This site is optimized with the Yoast SEO plugin v22.5 - https:\/\/yoast.com\/wordpress\/plugins\/seo\/ -->\n<title>La Bresse - La Ville finalise l\u2019am\u00e9nagement du nouveau cabinet m\u00e9dical - Epinal Info<\/title>\n<meta name=\"robots\" content=\"index, follow, max-snippet:-1, max-image-preview:large, max-video-preview:-1\" \/>\n<link rel=\"canonical\" href=\"https:\/\/vosgesinfo.fr\/epinalinfo\/2025\/08\/la-bresse-la-ville-finalise-lamenagement-du-nouveau-cabinet-medical\/\" \/>\n<meta name=\"twitter:card\" content=\"summary_large_image\" \/>\n<meta name=\"twitter:title\" content=\"La Bresse - La Ville finalise l\u2019am\u00e9nagement du nouveau cabinet m\u00e9dical - Epinal Info\" \/>\n<meta name=\"twitter:description\" content=\"Un an seulement apr\u00e8s le lancement des travaux, le nouveau cabinet de sant\u00e9 de la commune est pr\u00eat \u00e0 ouvrir [&hellip;]\" \/>\n<meta name=\"twitter:image\" content=\"https:\/\/vosgesinfo.fr\/app\/uploads\/sites\/3\/2025\/08\/cabinet-medical-la-bresse.jpg\" \/>\n<meta name=\"twitter:creator\" content=\"@VosgesInfo88\" \/>\n<meta name=\"twitter:site\" content=\"@VosgesInfo88\" \/>\n<meta name=\"twitter:label1\" content=\"\u00c9crit par\" \/>\n\t<meta name=\"twitter:data1\" content=\"C.K.\" \/>\n\t<meta name=\"twitter:label2\" content=\"Dur\u00e9e de lecture estim\u00e9e\" \/>\n\t<meta name=\"twitter:data2\" content=\"2 minutes\" \/>\n<script type=\"application\/ld+json\" class=\"yoast-schema-graph\">{\"@context\":\"https:\/\/schema.org\",\"@graph\":[{\"@type\":\"Article\",\"@id\":\"https:\/\/vosgesinfo.fr\/epinalinfo\/2025\/08\/la-bresse-la-ville-finalise-lamenagement-du-nouveau-cabinet-medical\/#article\",\"isPartOf\":{\"@id\":\"https:\/\/vosgesinfo.fr\/epinalinfo\/2025\/08\/la-bresse-la-ville-finalise-lamenagement-du-nouveau-cabinet-medical\/\"},\"author\":{\"name\":\"C.K.\",\"@id\":\"https:\/\/vosgesinfo.fr\/epinalinfo\/#\/schema\/person\/6f9a650eeea99d969b6c4ab78fccbe81\"},\"headline\":\"La Bresse &#8211; La Ville finalise l\u2019am\u00e9nagement du nouveau cabinet m\u00e9dical\",\"datePublished\":\"2025-08-12T09:15:42+00:00\",\"dateModified\":\"2025-08-12T09:07:49+00:00\",\"mainEntityOfPage\":{\"@id\":\"https:\/\/vosgesinfo.fr\/epinalinfo\/2025\/08\/la-bresse-la-ville-finalise-lamenagement-du-nouveau-cabinet-medical\/\"},\"wordCount\":319,\"commentCount\":1,\"publisher\":{\"@id\":\"https:\/\/vosgesinfo.fr\/epinalinfo\/#organization\"},\"image\":{\"@id\":\"https:\/\/vosgesinfo.fr\/epinalinfo\/2025\/08\/la-bresse-la-ville-finalise-lamenagement-du-nouveau-cabinet-medical\/#primaryimage\"},\"thumbnailUrl\":\"https:\/\/vosgesinfo.fr\/app\/uploads\/sites\/3\/2025\/08\/cabinet-medical-la-bresse.jpg\",\"articleSection\":[\"A la Une\",\"Epinal\",\"Remiremont\",\"Vosges\"],\"inLanguage\":\"fr-FR\",\"potentialAction\":[{\"@type\":\"CommentAction\",\"name\":\"Comment\",\"target\":[\"https:\/\/vosgesinfo.fr\/epinalinfo\/2025\/08\/la-bresse-la-ville-finalise-lamenagement-du-nouveau-cabinet-medical\/#respond\"]}]},{\"@type\":\"WebPage\",\"@id\":\"https:\/\/vosgesinfo.fr\/epinalinfo\/2025\/08\/la-bresse-la-ville-finalise-lamenagement-du-nouveau-cabinet-medical\/\",\"url\":\"https:\/\/vosgesinfo.fr\/epinalinfo\/2025\/08\/la-bresse-la-ville-finalise-lamenagement-du-nouveau-cabinet-medical\/\",\"name\":\"La Bresse - La Ville finalise l\u2019am\u00e9nagement du nouveau cabinet m\u00e9dical - Epinal Info\",\"isPartOf\":{\"@id\":\"https:\/\/vosgesinfo.fr\/epinalinfo\/#website\"},\"primaryImageOfPage\":{\"@id\":\"https:\/\/vosgesinfo.fr\/epinalinfo\/2025\/08\/la-bresse-la-ville-finalise-lamenagement-du-nouveau-cabinet-medical\/#primaryimage\"},\"image\":{\"@id\":\"https:\/\/vosgesinfo.fr\/epinalinfo\/2025\/08\/la-bresse-la-ville-finalise-lamenagement-du-nouveau-cabinet-medical\/#primaryimage\"},\"thumbnailUrl\":\"https:\/\/vosgesinfo.fr\/app\/uploads\/sites\/3\/2025\/08\/cabinet-medical-la-bresse.jpg\",\"datePublished\":\"2025-08-12T09:15:42+00:00\",\"dateModified\":\"2025-08-12T09:07:49+00:00\",\"breadcrumb\":{\"@id\":\"https:\/\/vosgesinfo.fr\/epinalinfo\/2025\/08\/la-bresse-la-ville-finalise-lamenagement-du-nouveau-cabinet-medical\/#breadcrumb\"},\"inLanguage\":\"fr-FR\",\"potentialAction\":[{\"@type\":\"ReadAction\",\"target\":[\"https:\/\/vosgesinfo.fr\/epinalinfo\/2025\/08\/la-bresse-la-ville-finalise-lamenagement-du-nouveau-cabinet-medical\/\"]}]},{\"@type\":\"ImageObject\",\"inLanguage\":\"fr-FR\",\"@id\":\"https:\/\/vosgesinfo.fr\/epinalinfo\/2025\/08\/la-bresse-la-ville-finalise-lamenagement-du-nouveau-cabinet-medical\/#primaryimage\",\"url\":\"https:\/\/vosgesinfo.fr\/app\/uploads\/sites\/3\/2025\/08\/cabinet-medical-la-bresse.jpg\",\"contentUrl\":\"https:\/\/vosgesinfo.fr\/app\/uploads\/sites\/3\/2025\/08\/cabinet-medical-la-bresse.jpg\",\"width\":1536,\"height\":2048,\"caption\":\"photos Ville de La Bresse\"},{\"@type\":\"BreadcrumbList\",\"@id\":\"https:\/\/vosgesinfo.fr\/epinalinfo\/2025\/08\/la-bresse-la-ville-finalise-lamenagement-du-nouveau-cabinet-medical\/#breadcrumb\",\"itemListElement\":[{\"@type\":\"ListItem\",\"position\":1,\"name\":\"Home\",\"item\":\"https:\/\/vosgesinfo.fr\/epinalinfo\/\"},{\"@type\":\"ListItem\",\"position\":2,\"name\":\"La Bresse &#8211; La Ville finalise l\u2019am\u00e9nagement du nouveau cabinet m\u00e9dical\"}]},{\"@type\":\"WebSite\",\"@id\":\"https:\/\/vosgesinfo.fr\/epinalinfo\/#website\",\"url\":\"https:\/\/vosgesinfo.fr\/epinalinfo\/\",\"name\":\"Epinal Info\",\"description\":\"Toute l&#039;actualit\u00e9 d&#039;\u00c9pinal\",\"publisher\":{\"@id\":\"https:\/\/vosgesinfo.fr\/epinalinfo\/#organization\"},\"alternateName\":\"Toute l'actualit\u00e9 d'\u00c9pinal\",\"potentialAction\":[{\"@type\":\"SearchAction\",\"target\":{\"@type\":\"EntryPoint\",\"urlTemplate\":\"https:\/\/vosgesinfo.fr\/epinalinfo\/?s={search_term_string}\"},\"query-input\":\"required name=search_term_string\"}],\"inLanguage\":\"fr-FR\"},{\"@type\":\"Organization\",\"@id\":\"https:\/\/vosgesinfo.fr\/epinalinfo\/#organization\",\"name\":\"Epinal Info\",\"url\":\"https:\/\/vosgesinfo.fr\/epinalinfo\/\",\"logo\":{\"@type\":\"ImageObject\",\"inLanguage\":\"fr-FR\",\"@id\":\"https:\/\/vosgesinfo.fr\/epinalinfo\/#\/schema\/logo\/image\/\",\"url\":\"https:\/\/vosgesinfo.fr\/app\/uploads\/sites\/3\/2023\/08\/logo-epinalinfos.svg\",\"contentUrl\":\"https:\/\/vosgesinfo.fr\/app\/uploads\/sites\/3\/2023\/08\/logo-epinalinfos.svg\",\"width\":1,\"height\":1,\"caption\":\"Epinal Info\"},\"image\":{\"@id\":\"https:\/\/vosgesinfo.fr\/epinalinfo\/#\/schema\/logo\/image\/\"},\"sameAs\":[\"https:\/\/www.facebook.com\/Epinalinfos\",\"https:\/\/x.com\/VosgesInfo88\",\"https:\/\/www.youtube.com\/@vosgesinfo\"]},{\"@type\":\"Person\",\"@id\":\"https:\/\/vosgesinfo.fr\/epinalinfo\/#\/schema\/person\/6f9a650eeea99d969b6c4ab78fccbe81\",\"name\":\"C.K.\",\"image\":{\"@type\":\"ImageObject\",\"inLanguage\":\"fr-FR\",\"@id\":\"https:\/\/vosgesinfo.fr\/epinalinfo\/#\/schema\/person\/image\/\",\"url\":\"https:\/\/secure.gravatar.com\/avatar\/48e3fc7f8421ba8942be6b74a2b7f014ca39bc00dece156b7a8e098ae7dc87bf?s=96&d=mm&r=g\",\"contentUrl\":\"https:\/\/secure.gravatar.com\/avatar\/48e3fc7f8421ba8942be6b74a2b7f014ca39bc00dece156b7a8e098ae7dc87bf?s=96&d=mm&r=g\",\"caption\":\"C.K.\"},\"url\":\"https:\/\/vosgesinfo.fr\/epinalinfo\/author\/celia-k-n\/\"}]}<\/script>\n<!-- \/ Yoast SEO plugin. -->","yoast_head_json":{"title":"La Bresse - La Ville finalise l\u2019am\u00e9nagement du nouveau cabinet m\u00e9dical - Epinal Info","robots":{"index":"index","follow":"follow","max-snippet":"max-snippet:-1","max-image-preview":"max-image-preview:large","max-video-preview":"max-video-preview:-1"},"canonical":"https:\/\/vosgesinfo.fr\/epinalinfo\/2025\/08\/la-bresse-la-ville-finalise-lamenagement-du-nouveau-cabinet-medical\/","twitter_card":"summary_large_image","twitter_title":"La Bresse - La Ville finalise l\u2019am\u00e9nagement du nouveau cabinet m\u00e9dical - Epinal Info","twitter_description":"Un an seulement apr\u00e8s le lancement des travaux, le nouveau cabinet de sant\u00e9 de la commune est pr\u00eat \u00e0 ouvrir [&hellip;]","twitter_image":"https:\/\/vosgesinfo.fr\/app\/uploads\/sites\/3\/2025\/08\/cabinet-medical-la-bresse.jpg","twitter_creator":"@VosgesInfo88","twitter_site":"@VosgesInfo88","twitter_misc":{"\u00c9crit par":"C.K.","Dur\u00e9e de lecture estim\u00e9e":"2 minutes"},"schema":{"@context":"https:\/\/schema.org","@graph":[{"@type":"Article","@id":"https:\/\/vosgesinfo.fr\/epinalinfo\/2025\/08\/la-bresse-la-ville-finalise-lamenagement-du-nouveau-cabinet-medical\/#article","isPartOf":{"@id":"https:\/\/vosgesinfo.fr\/epinalinfo\/2025\/08\/la-bresse-la-ville-finalise-lamenagement-du-nouveau-cabinet-medical\/"},"author":{"name":"C.K.","@id":"https:\/\/vosgesinfo.fr\/epinalinfo\/#\/schema\/person\/6f9a650eeea99d969b6c4ab78fccbe81"},"headline":"La Bresse &#8211; La Ville finalise l\u2019am\u00e9nagement du nouveau cabinet m\u00e9dical","datePublished":"2025-08-12T09:15:42+00:00","dateModified":"2025-08-12T09:07:49+00:00","mainEntityOfPage":{"@id":"https:\/\/vosgesinfo.fr\/epinalinfo\/2025\/08\/la-bresse-la-ville-finalise-lamenagement-du-nouveau-cabinet-medical\/"},"wordCount":319,"commentCount":1,"publisher":{"@id":"https:\/\/vosgesinfo.fr\/epinalinfo\/#organization"},"image":{"@id":"https:\/\/vosgesinfo.fr\/epinalinfo\/2025\/08\/la-bresse-la-ville-finalise-lamenagement-du-nouveau-cabinet-medical\/#primaryimage"},"thumbnailUrl":"https:\/\/vosgesinfo.fr\/app\/uploads\/sites\/3\/2025\/08\/cabinet-medical-la-bresse.jpg","articleSection":["A la Une","Epinal","Remiremont","Vosges"],"inLanguage":"fr-FR","potentialAction":[{"@type":"CommentAction","name":"Comment","target":["https:\/\/vosgesinfo.fr\/epinalinfo\/2025\/08\/la-bresse-la-ville-finalise-lamenagement-du-nouveau-cabinet-medical\/#respond"]}]},{"@type":"WebPage","@id":"https:\/\/vosgesinfo.fr\/epinalinfo\/2025\/08\/la-bresse-la-ville-finalise-lamenagement-du-nouveau-cabinet-medical\/","url":"https:\/\/vosgesinfo.fr\/epinalinfo\/2025\/08\/la-bresse-la-ville-finalise-lamenagement-du-nouveau-cabinet-medical\/","name":"La Bresse - La Ville finalise l\u2019am\u00e9nagement du nouveau cabinet m\u00e9dical - Epinal Info","isPartOf":{"@id":"https:\/\/vosgesinfo.fr\/epinalinfo\/#website"},"primaryImageOfPage":{"@id":"https:\/\/vosgesinfo.fr\/epinalinfo\/2025\/08\/la-bresse-la-ville-finalise-lamenagement-du-nouveau-cabinet-medical\/#primaryimage"},"image":{"@id":"https:\/\/vosgesinfo.fr\/epinalinfo\/2025\/08\/la-bresse-la-ville-finalise-lamenagement-du-nouveau-cabinet-medical\/#primaryimage"},"thumbnailUrl":"https:\/\/vosgesinfo.fr\/app\/uploads\/sites\/3\/2025\/08\/cabinet-medical-la-bresse.jpg","datePublished":"2025-08-12T09:15:42+00:00","dateModified":"2025-08-12T09:07:49+00:00","breadcrumb":{"@id":"https:\/\/vosgesinfo.fr\/epinalinfo\/2025\/08\/la-bresse-la-ville-finalise-lamenagement-du-nouveau-cabinet-medical\/#breadcrumb"},"inLanguage":"fr-FR","potentialAction":[{"@type":"ReadAction","target":["https:\/\/vosgesinfo.fr\/epinalinfo\/2025\/08\/la-bresse-la-ville-finalise-lamenagement-du-nouveau-cabinet-medical\/"]}]},{"@type":"ImageObject","inLanguage":"fr-FR","@id":"https:\/\/vosgesinfo.fr\/epinalinfo\/2025\/08\/la-bresse-la-ville-finalise-lamenagement-du-nouveau-cabinet-medical\/#primaryimage","url":"https:\/\/vosgesinfo.fr\/app\/uploads\/sites\/3\/2025\/08\/cabinet-medical-la-bresse.jpg","contentUrl":"https:\/\/vosgesinfo.fr\/app\/uploads\/sites\/3\/2025\/08\/cabinet-medical-la-bresse.jpg","width":1536,"height":2048,"caption":"photos Ville de La Bresse"},{"@type":"BreadcrumbList","@id":"https:\/\/vosgesinfo.fr\/epinalinfo\/2025\/08\/la-bresse-la-ville-finalise-lamenagement-du-nouveau-cabinet-medical\/#breadcrumb","itemListElement":[{"@type":"ListItem","position":1,"name":"Home","item":"https:\/\/vosgesinfo.fr\/epinalinfo\/"},{"@type":"ListItem","position":2,"name":"La Bresse &#8211; La Ville finalise l\u2019am\u00e9nagement du nouveau cabinet m\u00e9dical"}]},{"@type":"WebSite","@id":"https:\/\/vosgesinfo.fr\/epinalinfo\/#website","url":"https:\/\/vosgesinfo.fr\/epinalinfo\/","name":"Epinal Info","description":"Toute l&#039;actualit\u00e9 d&#039;\u00c9pinal","publisher":{"@id":"https:\/\/vosgesinfo.fr\/epinalinfo\/#organization"},"alternateName":"Toute l'actualit\u00e9 d'\u00c9pinal","potentialAction":[{"@type":"SearchAction","target":{"@type":"EntryPoint","urlTemplate":"https:\/\/vosgesinfo.fr\/epinalinfo\/?s={search_term_string}"},"query-input":"required name=search_term_string"}],"inLanguage":"fr-FR"},{"@type":"Organization","@id":"https:\/\/vosgesinfo.fr\/epinalinfo\/#organization","name":"Epinal Info","url":"https:\/\/vosgesinfo.fr\/epinalinfo\/","logo":{"@type":"ImageObject","inLanguage":"fr-FR","@id":"https:\/\/vosgesinfo.fr\/epinalinfo\/#\/schema\/logo\/image\/","url":"https:\/\/vosgesinfo.fr\/app\/uploads\/sites\/3\/2023\/08\/logo-epinalinfos.svg","contentUrl":"https:\/\/vosgesinfo.fr\/app\/uploads\/sites\/3\/2023\/08\/logo-epinalinfos.svg","width":1,"height":1,"caption":"Epinal Info"},"image":{"@id":"https:\/\/vosgesinfo.fr\/epinalinfo\/#\/schema\/logo\/image\/"},"sameAs":["https:\/\/www.facebook.com\/Epinalinfos","https:\/\/x.com\/VosgesInfo88","https:\/\/www.youtube.com\/@vosgesinfo"]},{"@type":"Person","@id":"https:\/\/vosgesinfo.fr\/epinalinfo\/#\/schema\/person\/6f9a650eeea99d969b6c4ab78fccbe81","name":"C.K.","image":{"@type":"ImageObject","inLanguage":"fr-FR","@id":"https:\/\/vosgesinfo.fr\/epinalinfo\/#\/schema\/person\/image\/","url":"https:\/\/secure.gravatar.com\/avatar\/48e3fc7f8421ba8942be6b74a2b7f014ca39bc00dece156b7a8e098ae7dc87bf?s=96&d=mm&r=g","contentUrl":"https:\/\/secure.gravatar.com\/avatar\/48e3fc7f8421ba8942be6b74a2b7f014ca39bc00dece156b7a8e098ae7dc87bf?s=96&d=mm&r=g","caption":"C.K."},"url":"https:\/\/vosgesinfo.fr\/epinalinfo\/author\/celia-k-n\/"}]}},"_links":{"self":[{"href":"https:\/\/vosgesinfo.fr\/epinalinfo\/wp-json\/wp\/v2\/posts\/134268","targetHints":{"allow":["GET"]}}],"collection":[{"href":"https:\/\/vosgesinfo.fr\/epinalinfo\/wp-json\/wp\/v2\/posts"}],"about":[{"href":"https:\/\/vosgesinfo.fr\/epinalinfo\/wp-json\/wp\/v2\/types\/post"}],"author":[{"embeddable":true,"href":"https:\/\/vosgesinfo.fr\/epinalinfo\/wp-json\/wp\/v2\/users\/52"}],"replies":[{"embeddable":true,"href":"https:\/\/vosgesinfo.fr\/epinalinfo\/wp-json\/wp\/v2\/comments?post=134268"}],"version-history":[{"count":1,"href":"https:\/\/vosgesinfo.fr\/epinalinfo\/wp-json\/wp\/v2\/posts\/134268\/revisions"}],"predecessor-version":[{"id":134273,"href":"https:\/\/vosgesinfo.fr\/epinalinfo\/wp-json\/wp\/v2\/posts\/134268\/revisions\/134273"}],"wp:featuredmedia":[{"embeddable":true,"href":"https:\/\/vosgesinfo.fr\/epinalinfo\/wp-json\/wp\/v2\/media\/134269"}],"wp:attachment":[{"href":"https:\/\/vosgesinfo.fr\/epinalinfo\/wp-json\/wp\/v2\/media?parent=134268"}],"wp:term":[{"taxonomy":"category","embeddable":true,"href":"https:\/\/vosgesinfo.fr\/epinalinfo\/wp-json\/wp\/v2\/categories?post=134268"},{"taxonomy":"post_tag","embeddable":true,"href":"https:\/\/vosgesinfo.fr\/epinalinfo\/wp-json\/wp\/v2\/tags?post=134268"}],"curies":[{"name":"wp","href":"https:\/\/api.w.org\/{rel}","templated":true}]}}