{"id":134277,"date":"2025-08-12T12:08:41","date_gmt":"2025-08-12T10:08:41","guid":{"rendered":"https:\/\/vosgesinfo.fr\/epinalinfo\/?p=134277"},"modified":"2025-08-12T12:05:07","modified_gmt":"2025-08-12T10:05:07","slug":"rappel-massif-de-fromages-chez-lidl-et-u-risque-de-contamination-a-la-listeria","status":"publish","type":"post","link":"https:\/\/vosgesinfo.fr\/epinalinfo\/2025\/08\/rappel-massif-de-fromages-chez-lidl-et-u-risque-de-contamination-a-la-listeria\/","title":{"rendered":"Rappel massif de fromages chez Lidl et U : risque de contamination \u00e0 la Listeria"},"content":{"rendered":"<h2 data-start=\"157\" data-end=\"458\"><strong><a href=\"https:\/\/vosgesinfo.fr\/app\/uploads\/sites\/3\/2025\/08\/fromage.jpg\"><img decoding=\"async\" class=\"aligncenter size-full wp-image-134278\" src=\"https:\/\/vosgesinfo.fr\/app\/uploads\/sites\/3\/2025\/08\/fromage.jpg\" alt=\"\" width=\"960\" height=\"639\" srcset=\"https:\/\/vosgesinfo.fr\/app\/uploads\/sites\/3\/2025\/08\/fromage.jpg 960w, https:\/\/vosgesinfo.fr\/app\/uploads\/sites\/3\/2025\/08\/fromage-300x200.jpg 300w, https:\/\/vosgesinfo.fr\/app\/uploads\/sites\/3\/2025\/08\/fromage-768x511.jpg 768w\" sizes=\"(max-width: 960px) 100vw, 960px\" \/><\/a>Un avertissement sanitaire vient d\u2019\u00eatre lanc\u00e9 concernant plusieurs fromages vendus dans les enseignes Lidl et U. Selon le site officiel Rappel Conso, certains lots pourraient \u00eatre contamin\u00e9s par la bact\u00e9rie <em data-start=\"368\" data-end=\"392\">Listeria monocytogenes<\/em>, responsable de la list\u00e9riose, une maladie potentiellement grave.<\/strong><\/h2>\n<h3 data-start=\"460\" data-end=\"486\"><strong data-start=\"464\" data-end=\"486\">Produits concern\u00e9s<\/strong><\/h3>\n<p data-start=\"487\" data-end=\"515\">Les fromages rappel\u00e9s sont :<\/p>\n<ul data-start=\"516\" data-end=\"769\">\n<li data-start=\"516\" data-end=\"586\">\n<p data-start=\"518\" data-end=\"586\"><strong data-start=\"518\" data-end=\"558\">B\u00fbche de fromage de ch\u00e8vre camembert<\/strong> \u2013 marque <em data-start=\"568\" data-end=\"584\">Ch\u00eane d\u2019Argent<\/em><\/p>\n<\/li>\n<li data-start=\"587\" data-end=\"632\">\n<p data-start=\"589\" data-end=\"632\"><strong data-start=\"589\" data-end=\"604\">Coulommiers<\/strong> \u2013 marque <em data-start=\"614\" data-end=\"630\">Ch\u00eane d\u2019Argent<\/em><\/p>\n<\/li>\n<li data-start=\"633\" data-end=\"696\">\n<p data-start=\"635\" data-end=\"696\"><strong data-start=\"635\" data-end=\"668\">Fromage ovale \u00ab\u00a0Le Doucr\u00e9meux\u00a0\u00bb<\/strong> \u2013 marque <em data-start=\"678\" data-end=\"694\">Ch\u00eane d\u2019Argent<\/em><\/p>\n<\/li>\n<li data-start=\"697\" data-end=\"738\">\n<p data-start=\"699\" data-end=\"738\"><strong data-start=\"699\" data-end=\"736\">Fromage pasteuris\u00e9 \u00ab\u00a0Le Carr\u00e9 23%\u00a0\u00bb<\/strong><\/p>\n<\/li>\n<li data-start=\"739\" data-end=\"769\">\n<p data-start=\"741\" data-end=\"769\"><strong data-start=\"741\" data-end=\"754\">Camembert<\/strong> \u2013 marque <em data-start=\"764\" data-end=\"767\">U<\/em><\/p>\n<\/li>\n<\/ul>\n<p data-start=\"771\" data-end=\"864\">Ces produits ont \u00e9t\u00e9 commercialis\u00e9s dans diff\u00e9rents magasins des enseignes <strong data-start=\"846\" data-end=\"854\">Lidl<\/strong> et <strong data-start=\"858\" data-end=\"863\">U<\/strong>.<\/p>\n<h3 data-start=\"866\" data-end=\"894\"><strong data-start=\"870\" data-end=\"894\">Risque pour la sant\u00e9<\/strong><\/h3>\n<p data-start=\"895\" data-end=\"993\">La <em data-start=\"898\" data-end=\"922\">Listeria monocytogenes<\/em> peut provoquer la <strong data-start=\"941\" data-end=\"955\">list\u00e9riose<\/strong>, une infection qui se manifeste par :<\/p>\n<ul data-start=\"994\" data-end=\"1037\">\n<li data-start=\"994\" data-end=\"1004\">\n<p data-start=\"996\" data-end=\"1004\">Fi\u00e8vre<\/p>\n<\/li>\n<li data-start=\"1005\" data-end=\"1021\">\n<p data-start=\"1007\" data-end=\"1021\">Maux de t\u00eate<\/p>\n<\/li>\n<li data-start=\"1022\" data-end=\"1037\">\n<p data-start=\"1024\" data-end=\"1037\">Courbatures<\/p>\n<\/li>\n<\/ul>\n<p data-start=\"1039\" data-end=\"1198\">Chez les personnes fragiles, notamment <strong data-start=\"1078\" data-end=\"1098\">femmes enceintes<\/strong>, <strong data-start=\"1100\" data-end=\"1119\">personnes \u00e2g\u00e9es<\/strong> ou <strong data-start=\"1123\" data-end=\"1142\">immunod\u00e9prim\u00e9es<\/strong>, la maladie peut entra\u00eener des complications graves :<\/p>\n<ul data-start=\"1199\" data-end=\"1300\">\n<li data-start=\"1199\" data-end=\"1225\">\n<p data-start=\"1201\" data-end=\"1225\">Troubles neurologiques<\/p>\n<\/li>\n<li data-start=\"1226\" data-end=\"1300\">\n<p data-start=\"1228\" data-end=\"1300\">Atteintes maternelles ou f\u0153tales (fausse couche, accouchement pr\u00e9matur\u00e9)<\/p>\n<\/li>\n<\/ul>\n<p data-start=\"1302\" data-end=\"1362\">Le <strong data-start=\"1305\" data-end=\"1327\">d\u00e9lai d\u2019incubation<\/strong> peut aller jusqu\u2019\u00e0 <strong data-start=\"1347\" data-end=\"1361\">8 semaines<\/strong>.<\/p>\n<h3 data-start=\"1364\" data-end=\"1405\"><strong data-start=\"1368\" data-end=\"1405\">Recommandations aux consommateurs<\/strong><\/h3>\n<ul data-start=\"1406\" data-end=\"1678\">\n<li data-start=\"1406\" data-end=\"1502\">\n<p data-start=\"1408\" data-end=\"1502\"><strong data-start=\"1408\" data-end=\"1428\">Ne pas consommer<\/strong> ces produits, m\u00eame s\u2019ils ne pr\u00e9sentent pas d\u2019odeur ou d\u2019aspect suspect.<\/p>\n<\/li>\n<li data-start=\"1503\" data-end=\"1551\">\n<p data-start=\"1505\" data-end=\"1551\">Les rapporter en magasin pour remboursement.<\/p>\n<\/li>\n<li data-start=\"1552\" data-end=\"1678\">\n<p data-start=\"1554\" data-end=\"1678\">En cas de sympt\u00f4mes (fi\u00e8vre, maux de t\u00eate, courbatures), <strong data-start=\"1611\" data-end=\"1646\">consulter rapidement un m\u00e9decin<\/strong> en signalant la consommation.<\/p>\n<\/li>\n<\/ul>\n<p data-start=\"1680\" data-end=\"1799\">Pour plus d\u2019informations, consultez la fiche officielle de rappel sur <strong data-start=\"1750\" data-end=\"1798\"><a class=\"cursor-pointer\" target=\"_new\" rel=\"noopener\" data-start=\"1752\" data-end=\"1796\">Rappel Conso<\/a><\/strong>.<\/p>\n","protected":false},"excerpt":{"rendered":"<p>Un avertissement sanitaire vient d\u2019\u00eatre lanc\u00e9 concernant plusieurs fromages vendus dans les enseignes Lidl et U. Selon le site officiel [&hellip;]<\/p>\n","protected":false},"author":52,"featured_media":134278,"comment_status":"open","ping_status":"open","sticky":false,"template":"","format":"standard","meta":{"footnotes":""},"categories":[22,24,5],"tags":[],"class_list":["post-134277","post","type-post","status-publish","format-standard","has-post-thumbnail","hentry","category-a-la-une","category-epinal","category-vosges"],"acf":[],"yoast_head":"<!-- This site is optimized with the Yoast SEO plugin v22.5 - https:\/\/yoast.com\/wordpress\/plugins\/seo\/ -->\n<title>Rappel massif de fromages chez Lidl et U : risque de contamination \u00e0 la Listeria - Epinal Info<\/title>\n<meta name=\"robots\" content=\"index, follow, max-snippet:-1, max-image-preview:large, max-video-preview:-1\" \/>\n<link rel=\"canonical\" href=\"https:\/\/vosgesinfo.fr\/epinalinfo\/2025\/08\/rappel-massif-de-fromages-chez-lidl-et-u-risque-de-contamination-a-la-listeria\/\" \/>\n<meta name=\"twitter:card\" content=\"summary_large_image\" \/>\n<meta name=\"twitter:title\" content=\"Rappel massif de fromages chez Lidl et U : risque de contamination \u00e0 la Listeria - Epinal Info\" \/>\n<meta name=\"twitter:description\" content=\"Un avertissement sanitaire vient d\u2019\u00eatre lanc\u00e9 concernant plusieurs fromages vendus dans les enseignes Lidl et U. Selon le site officiel [&hellip;]\" \/>\n<meta name=\"twitter:image\" content=\"https:\/\/vosgesinfo.fr\/app\/uploads\/sites\/3\/2025\/08\/fromage.jpg\" \/>\n<meta name=\"twitter:creator\" content=\"@VosgesInfo88\" \/>\n<meta name=\"twitter:site\" content=\"@VosgesInfo88\" \/>\n<meta name=\"twitter:label1\" content=\"\u00c9crit par\" \/>\n\t<meta name=\"twitter:data1\" content=\"C.K.\" \/>\n\t<meta name=\"twitter:label2\" content=\"Dur\u00e9e de lecture estim\u00e9e\" \/>\n\t<meta name=\"twitter:data2\" content=\"1 minute\" \/>\n<script type=\"application\/ld+json\" class=\"yoast-schema-graph\">{\"@context\":\"https:\/\/schema.org\",\"@graph\":[{\"@type\":\"Article\",\"@id\":\"https:\/\/vosgesinfo.fr\/epinalinfo\/2025\/08\/rappel-massif-de-fromages-chez-lidl-et-u-risque-de-contamination-a-la-listeria\/#article\",\"isPartOf\":{\"@id\":\"https:\/\/vosgesinfo.fr\/epinalinfo\/2025\/08\/rappel-massif-de-fromages-chez-lidl-et-u-risque-de-contamination-a-la-listeria\/\"},\"author\":{\"name\":\"C.K.\",\"@id\":\"https:\/\/vosgesinfo.fr\/epinalinfo\/#\/schema\/person\/6f9a650eeea99d969b6c4ab78fccbe81\"},\"headline\":\"Rappel massif de fromages chez Lidl et U : risque de contamination \u00e0 la Listeria\",\"datePublished\":\"2025-08-12T10:08:41+00:00\",\"dateModified\":\"2025-08-12T10:05:07+00:00\",\"mainEntityOfPage\":{\"@id\":\"https:\/\/vosgesinfo.fr\/epinalinfo\/2025\/08\/rappel-massif-de-fromages-chez-lidl-et-u-risque-de-contamination-a-la-listeria\/\"},\"wordCount\":246,\"commentCount\":2,\"publisher\":{\"@id\":\"https:\/\/vosgesinfo.fr\/epinalinfo\/#organization\"},\"image\":{\"@id\":\"https:\/\/vosgesinfo.fr\/epinalinfo\/2025\/08\/rappel-massif-de-fromages-chez-lidl-et-u-risque-de-contamination-a-la-listeria\/#primaryimage\"},\"thumbnailUrl\":\"https:\/\/vosgesinfo.fr\/app\/uploads\/sites\/3\/2025\/08\/fromage.jpg\",\"articleSection\":[\"A la Une\",\"Epinal\",\"Vosges\"],\"inLanguage\":\"fr-FR\",\"potentialAction\":[{\"@type\":\"CommentAction\",\"name\":\"Comment\",\"target\":[\"https:\/\/vosgesinfo.fr\/epinalinfo\/2025\/08\/rappel-massif-de-fromages-chez-lidl-et-u-risque-de-contamination-a-la-listeria\/#respond\"]}]},{\"@type\":\"WebPage\",\"@id\":\"https:\/\/vosgesinfo.fr\/epinalinfo\/2025\/08\/rappel-massif-de-fromages-chez-lidl-et-u-risque-de-contamination-a-la-listeria\/\",\"url\":\"https:\/\/vosgesinfo.fr\/epinalinfo\/2025\/08\/rappel-massif-de-fromages-chez-lidl-et-u-risque-de-contamination-a-la-listeria\/\",\"name\":\"Rappel massif de fromages chez Lidl et U : risque de contamination \u00e0 la Listeria - Epinal Info\",\"isPartOf\":{\"@id\":\"https:\/\/vosgesinfo.fr\/epinalinfo\/#website\"},\"primaryImageOfPage\":{\"@id\":\"https:\/\/vosgesinfo.fr\/epinalinfo\/2025\/08\/rappel-massif-de-fromages-chez-lidl-et-u-risque-de-contamination-a-la-listeria\/#primaryimage\"},\"image\":{\"@id\":\"https:\/\/vosgesinfo.fr\/epinalinfo\/2025\/08\/rappel-massif-de-fromages-chez-lidl-et-u-risque-de-contamination-a-la-listeria\/#primaryimage\"},\"thumbnailUrl\":\"https:\/\/vosgesinfo.fr\/app\/uploads\/sites\/3\/2025\/08\/fromage.jpg\",\"datePublished\":\"2025-08-12T10:08:41+00:00\",\"dateModified\":\"2025-08-12T10:05:07+00:00\",\"breadcrumb\":{\"@id\":\"https:\/\/vosgesinfo.fr\/epinalinfo\/2025\/08\/rappel-massif-de-fromages-chez-lidl-et-u-risque-de-contamination-a-la-listeria\/#breadcrumb\"},\"inLanguage\":\"fr-FR\",\"potentialAction\":[{\"@type\":\"ReadAction\",\"target\":[\"https:\/\/vosgesinfo.fr\/epinalinfo\/2025\/08\/rappel-massif-de-fromages-chez-lidl-et-u-risque-de-contamination-a-la-listeria\/\"]}]},{\"@type\":\"ImageObject\",\"inLanguage\":\"fr-FR\",\"@id\":\"https:\/\/vosgesinfo.fr\/epinalinfo\/2025\/08\/rappel-massif-de-fromages-chez-lidl-et-u-risque-de-contamination-a-la-listeria\/#primaryimage\",\"url\":\"https:\/\/vosgesinfo.fr\/app\/uploads\/sites\/3\/2025\/08\/fromage.jpg\",\"contentUrl\":\"https:\/\/vosgesinfo.fr\/app\/uploads\/sites\/3\/2025\/08\/fromage.jpg\",\"width\":960,\"height\":639},{\"@type\":\"BreadcrumbList\",\"@id\":\"https:\/\/vosgesinfo.fr\/epinalinfo\/2025\/08\/rappel-massif-de-fromages-chez-lidl-et-u-risque-de-contamination-a-la-listeria\/#breadcrumb\",\"itemListElement\":[{\"@type\":\"ListItem\",\"position\":1,\"name\":\"Home\",\"item\":\"https:\/\/vosgesinfo.fr\/epinalinfo\/\"},{\"@type\":\"ListItem\",\"position\":2,\"name\":\"Rappel massif de fromages chez Lidl et U : risque de contamination \u00e0 la Listeria\"}]},{\"@type\":\"WebSite\",\"@id\":\"https:\/\/vosgesinfo.fr\/epinalinfo\/#website\",\"url\":\"https:\/\/vosgesinfo.fr\/epinalinfo\/\",\"name\":\"Epinal Info\",\"description\":\"Toute l&#039;actualit\u00e9 d&#039;\u00c9pinal\",\"publisher\":{\"@id\":\"https:\/\/vosgesinfo.fr\/epinalinfo\/#organization\"},\"alternateName\":\"Toute l'actualit\u00e9 d'\u00c9pinal\",\"potentialAction\":[{\"@type\":\"SearchAction\",\"target\":{\"@type\":\"EntryPoint\",\"urlTemplate\":\"https:\/\/vosgesinfo.fr\/epinalinfo\/?s={search_term_string}\"},\"query-input\":\"required name=search_term_string\"}],\"inLanguage\":\"fr-FR\"},{\"@type\":\"Organization\",\"@id\":\"https:\/\/vosgesinfo.fr\/epinalinfo\/#organization\",\"name\":\"Epinal Info\",\"url\":\"https:\/\/vosgesinfo.fr\/epinalinfo\/\",\"logo\":{\"@type\":\"ImageObject\",\"inLanguage\":\"fr-FR\",\"@id\":\"https:\/\/vosgesinfo.fr\/epinalinfo\/#\/schema\/logo\/image\/\",\"url\":\"https:\/\/vosgesinfo.fr\/app\/uploads\/sites\/3\/2023\/08\/logo-epinalinfos.svg\",\"contentUrl\":\"https:\/\/vosgesinfo.fr\/app\/uploads\/sites\/3\/2023\/08\/logo-epinalinfos.svg\",\"width\":1,\"height\":1,\"caption\":\"Epinal Info\"},\"image\":{\"@id\":\"https:\/\/vosgesinfo.fr\/epinalinfo\/#\/schema\/logo\/image\/\"},\"sameAs\":[\"https:\/\/www.facebook.com\/Epinalinfos\",\"https:\/\/x.com\/VosgesInfo88\",\"https:\/\/www.youtube.com\/@vosgesinfo\"]},{\"@type\":\"Person\",\"@id\":\"https:\/\/vosgesinfo.fr\/epinalinfo\/#\/schema\/person\/6f9a650eeea99d969b6c4ab78fccbe81\",\"name\":\"C.K.\",\"image\":{\"@type\":\"ImageObject\",\"inLanguage\":\"fr-FR\",\"@id\":\"https:\/\/vosgesinfo.fr\/epinalinfo\/#\/schema\/person\/image\/\",\"url\":\"https:\/\/secure.gravatar.com\/avatar\/48e3fc7f8421ba8942be6b74a2b7f014ca39bc00dece156b7a8e098ae7dc87bf?s=96&d=mm&r=g\",\"contentUrl\":\"https:\/\/secure.gravatar.com\/avatar\/48e3fc7f8421ba8942be6b74a2b7f014ca39bc00dece156b7a8e098ae7dc87bf?s=96&d=mm&r=g\",\"caption\":\"C.K.\"},\"url\":\"https:\/\/vosgesinfo.fr\/epinalinfo\/author\/celia-k-n\/\"}]}<\/script>\n<!-- \/ Yoast SEO plugin. -->","yoast_head_json":{"title":"Rappel massif de fromages chez Lidl et U : risque de contamination \u00e0 la Listeria - Epinal Info","robots":{"index":"index","follow":"follow","max-snippet":"max-snippet:-1","max-image-preview":"max-image-preview:large","max-video-preview":"max-video-preview:-1"},"canonical":"https:\/\/vosgesinfo.fr\/epinalinfo\/2025\/08\/rappel-massif-de-fromages-chez-lidl-et-u-risque-de-contamination-a-la-listeria\/","twitter_card":"summary_large_image","twitter_title":"Rappel massif de fromages chez Lidl et U : risque de contamination \u00e0 la Listeria - Epinal Info","twitter_description":"Un avertissement sanitaire vient d\u2019\u00eatre lanc\u00e9 concernant plusieurs fromages vendus dans les enseignes Lidl et U. Selon le site officiel [&hellip;]","twitter_image":"https:\/\/vosgesinfo.fr\/app\/uploads\/sites\/3\/2025\/08\/fromage.jpg","twitter_creator":"@VosgesInfo88","twitter_site":"@VosgesInfo88","twitter_misc":{"\u00c9crit par":"C.K.","Dur\u00e9e de lecture estim\u00e9e":"1 minute"},"schema":{"@context":"https:\/\/schema.org","@graph":[{"@type":"Article","@id":"https:\/\/vosgesinfo.fr\/epinalinfo\/2025\/08\/rappel-massif-de-fromages-chez-lidl-et-u-risque-de-contamination-a-la-listeria\/#article","isPartOf":{"@id":"https:\/\/vosgesinfo.fr\/epinalinfo\/2025\/08\/rappel-massif-de-fromages-chez-lidl-et-u-risque-de-contamination-a-la-listeria\/"},"author":{"name":"C.K.","@id":"https:\/\/vosgesinfo.fr\/epinalinfo\/#\/schema\/person\/6f9a650eeea99d969b6c4ab78fccbe81"},"headline":"Rappel massif de fromages chez Lidl et U : risque de contamination \u00e0 la Listeria","datePublished":"2025-08-12T10:08:41+00:00","dateModified":"2025-08-12T10:05:07+00:00","mainEntityOfPage":{"@id":"https:\/\/vosgesinfo.fr\/epinalinfo\/2025\/08\/rappel-massif-de-fromages-chez-lidl-et-u-risque-de-contamination-a-la-listeria\/"},"wordCount":246,"commentCount":2,"publisher":{"@id":"https:\/\/vosgesinfo.fr\/epinalinfo\/#organization"},"image":{"@id":"https:\/\/vosgesinfo.fr\/epinalinfo\/2025\/08\/rappel-massif-de-fromages-chez-lidl-et-u-risque-de-contamination-a-la-listeria\/#primaryimage"},"thumbnailUrl":"https:\/\/vosgesinfo.fr\/app\/uploads\/sites\/3\/2025\/08\/fromage.jpg","articleSection":["A la Une","Epinal","Vosges"],"inLanguage":"fr-FR","potentialAction":[{"@type":"CommentAction","name":"Comment","target":["https:\/\/vosgesinfo.fr\/epinalinfo\/2025\/08\/rappel-massif-de-fromages-chez-lidl-et-u-risque-de-contamination-a-la-listeria\/#respond"]}]},{"@type":"WebPage","@id":"https:\/\/vosgesinfo.fr\/epinalinfo\/2025\/08\/rappel-massif-de-fromages-chez-lidl-et-u-risque-de-contamination-a-la-listeria\/","url":"https:\/\/vosgesinfo.fr\/epinalinfo\/2025\/08\/rappel-massif-de-fromages-chez-lidl-et-u-risque-de-contamination-a-la-listeria\/","name":"Rappel massif de fromages chez Lidl et U : risque de contamination \u00e0 la Listeria - Epinal Info","isPartOf":{"@id":"https:\/\/vosgesinfo.fr\/epinalinfo\/#website"},"primaryImageOfPage":{"@id":"https:\/\/vosgesinfo.fr\/epinalinfo\/2025\/08\/rappel-massif-de-fromages-chez-lidl-et-u-risque-de-contamination-a-la-listeria\/#primaryimage"},"image":{"@id":"https:\/\/vosgesinfo.fr\/epinalinfo\/2025\/08\/rappel-massif-de-fromages-chez-lidl-et-u-risque-de-contamination-a-la-listeria\/#primaryimage"},"thumbnailUrl":"https:\/\/vosgesinfo.fr\/app\/uploads\/sites\/3\/2025\/08\/fromage.jpg","datePublished":"2025-08-12T10:08:41+00:00","dateModified":"2025-08-12T10:05:07+00:00","breadcrumb":{"@id":"https:\/\/vosgesinfo.fr\/epinalinfo\/2025\/08\/rappel-massif-de-fromages-chez-lidl-et-u-risque-de-contamination-a-la-listeria\/#breadcrumb"},"inLanguage":"fr-FR","potentialAction":[{"@type":"ReadAction","target":["https:\/\/vosgesinfo.fr\/epinalinfo\/2025\/08\/rappel-massif-de-fromages-chez-lidl-et-u-risque-de-contamination-a-la-listeria\/"]}]},{"@type":"ImageObject","inLanguage":"fr-FR","@id":"https:\/\/vosgesinfo.fr\/epinalinfo\/2025\/08\/rappel-massif-de-fromages-chez-lidl-et-u-risque-de-contamination-a-la-listeria\/#primaryimage","url":"https:\/\/vosgesinfo.fr\/app\/uploads\/sites\/3\/2025\/08\/fromage.jpg","contentUrl":"https:\/\/vosgesinfo.fr\/app\/uploads\/sites\/3\/2025\/08\/fromage.jpg","width":960,"height":639},{"@type":"BreadcrumbList","@id":"https:\/\/vosgesinfo.fr\/epinalinfo\/2025\/08\/rappel-massif-de-fromages-chez-lidl-et-u-risque-de-contamination-a-la-listeria\/#breadcrumb","itemListElement":[{"@type":"ListItem","position":1,"name":"Home","item":"https:\/\/vosgesinfo.fr\/epinalinfo\/"},{"@type":"ListItem","position":2,"name":"Rappel massif de fromages chez Lidl et U : risque de contamination \u00e0 la Listeria"}]},{"@type":"WebSite","@id":"https:\/\/vosgesinfo.fr\/epinalinfo\/#website","url":"https:\/\/vosgesinfo.fr\/epinalinfo\/","name":"Epinal Info","description":"Toute l&#039;actualit\u00e9 d&#039;\u00c9pinal","publisher":{"@id":"https:\/\/vosgesinfo.fr\/epinalinfo\/#organization"},"alternateName":"Toute l'actualit\u00e9 d'\u00c9pinal","potentialAction":[{"@type":"SearchAction","target":{"@type":"EntryPoint","urlTemplate":"https:\/\/vosgesinfo.fr\/epinalinfo\/?s={search_term_string}"},"query-input":"required name=search_term_string"}],"inLanguage":"fr-FR"},{"@type":"Organization","@id":"https:\/\/vosgesinfo.fr\/epinalinfo\/#organization","name":"Epinal Info","url":"https:\/\/vosgesinfo.fr\/epinalinfo\/","logo":{"@type":"ImageObject","inLanguage":"fr-FR","@id":"https:\/\/vosgesinfo.fr\/epinalinfo\/#\/schema\/logo\/image\/","url":"https:\/\/vosgesinfo.fr\/app\/uploads\/sites\/3\/2023\/08\/logo-epinalinfos.svg","contentUrl":"https:\/\/vosgesinfo.fr\/app\/uploads\/sites\/3\/2023\/08\/logo-epinalinfos.svg","width":1,"height":1,"caption":"Epinal Info"},"image":{"@id":"https:\/\/vosgesinfo.fr\/epinalinfo\/#\/schema\/logo\/image\/"},"sameAs":["https:\/\/www.facebook.com\/Epinalinfos","https:\/\/x.com\/VosgesInfo88","https:\/\/www.youtube.com\/@vosgesinfo"]},{"@type":"Person","@id":"https:\/\/vosgesinfo.fr\/epinalinfo\/#\/schema\/person\/6f9a650eeea99d969b6c4ab78fccbe81","name":"C.K.","image":{"@type":"ImageObject","inLanguage":"fr-FR","@id":"https:\/\/vosgesinfo.fr\/epinalinfo\/#\/schema\/person\/image\/","url":"https:\/\/secure.gravatar.com\/avatar\/48e3fc7f8421ba8942be6b74a2b7f014ca39bc00dece156b7a8e098ae7dc87bf?s=96&d=mm&r=g","contentUrl":"https:\/\/secure.gravatar.com\/avatar\/48e3fc7f8421ba8942be6b74a2b7f014ca39bc00dece156b7a8e098ae7dc87bf?s=96&d=mm&r=g","caption":"C.K."},"url":"https:\/\/vosgesinfo.fr\/epinalinfo\/author\/celia-k-n\/"}]}},"_links":{"self":[{"href":"https:\/\/vosgesinfo.fr\/epinalinfo\/wp-json\/wp\/v2\/posts\/134277","targetHints":{"allow":["GET"]}}],"collection":[{"href":"https:\/\/vosgesinfo.fr\/epinalinfo\/wp-json\/wp\/v2\/posts"}],"about":[{"href":"https:\/\/vosgesinfo.fr\/epinalinfo\/wp-json\/wp\/v2\/types\/post"}],"author":[{"embeddable":true,"href":"https:\/\/vosgesinfo.fr\/epinalinfo\/wp-json\/wp\/v2\/users\/52"}],"replies":[{"embeddable":true,"href":"https:\/\/vosgesinfo.fr\/epinalinfo\/wp-json\/wp\/v2\/comments?post=134277"}],"version-history":[{"count":1,"href":"https:\/\/vosgesinfo.fr\/epinalinfo\/wp-json\/wp\/v2\/posts\/134277\/revisions"}],"predecessor-version":[{"id":134279,"href":"https:\/\/vosgesinfo.fr\/epinalinfo\/wp-json\/wp\/v2\/posts\/134277\/revisions\/134279"}],"wp:featuredmedia":[{"embeddable":true,"href":"https:\/\/vosgesinfo.fr\/epinalinfo\/wp-json\/wp\/v2\/media\/134278"}],"wp:attachment":[{"href":"https:\/\/vosgesinfo.fr\/epinalinfo\/wp-json\/wp\/v2\/media?parent=134277"}],"wp:term":[{"taxonomy":"category","embeddable":true,"href":"https:\/\/vosgesinfo.fr\/epinalinfo\/wp-json\/wp\/v2\/categories?post=134277"},{"taxonomy":"post_tag","embeddable":true,"href":"https:\/\/vosgesinfo.fr\/epinalinfo\/wp-json\/wp\/v2\/tags?post=134277"}],"curies":[{"name":"wp","href":"https:\/\/api.w.org\/{rel}","templated":true}]}}