{"id":134286,"date":"2025-08-13T14:10:28","date_gmt":"2025-08-13T12:10:28","guid":{"rendered":"https:\/\/vosgesinfo.fr\/epinalinfo\/?p=134286"},"modified":"2025-08-13T13:59:28","modified_gmt":"2025-08-13T11:59:28","slug":"la-roue-des-forts-revient-pour-sa-17%e1%b5%89-edition-sport-nature-et-convivialite-au-fort-de-sanchey","status":"publish","type":"post","link":"https:\/\/vosgesinfo.fr\/epinalinfo\/2025\/08\/la-roue-des-forts-revient-pour-sa-17%e1%b5%89-edition-sport-nature-et-convivialite-au-fort-de-sanchey\/","title":{"rendered":"La Roue des Forts revient pour sa 17\u1d49 \u00e9dition : sport, nature et convivialit\u00e9 au Fort de Sanchey"},"content":{"rendered":"<h2 data-start=\"170\" data-end=\"452\"><a href=\"https:\/\/vosgesinfo.fr\/app\/uploads\/sites\/3\/2025\/08\/rouedesforts-40x60-2025-1024x1536-1.jpg\"><img decoding=\"async\" class=\"aligncenter size-full wp-image-134287\" src=\"https:\/\/vosgesinfo.fr\/app\/uploads\/sites\/3\/2025\/08\/rouedesforts-40x60-2025-1024x1536-1.jpg\" alt=\"\" width=\"1024\" height=\"1536\" srcset=\"https:\/\/vosgesinfo.fr\/app\/uploads\/sites\/3\/2025\/08\/rouedesforts-40x60-2025-1024x1536-1.jpg 1024w, https:\/\/vosgesinfo.fr\/app\/uploads\/sites\/3\/2025\/08\/rouedesforts-40x60-2025-1024x1536-1-200x300.jpg 200w, https:\/\/vosgesinfo.fr\/app\/uploads\/sites\/3\/2025\/08\/rouedesforts-40x60-2025-1024x1536-1-683x1024.jpg 683w, https:\/\/vosgesinfo.fr\/app\/uploads\/sites\/3\/2025\/08\/rouedesforts-40x60-2025-1024x1536-1-768x1152.jpg 768w\" sizes=\"(max-width: 1024px) 100vw, 1024px\" \/><\/a>Le dimanche <strong data-start=\"182\" data-end=\"203\">14 septembre 2025<\/strong>, le Fort de Sanchey accueillera la <strong data-start=\"239\" data-end=\"275\">17\u1d49 \u00e9dition de la Roue des Forts<\/strong>, un rendez-vous devenu incontournable pour les passionn\u00e9s de v\u00e9lo. Que vous veniez en famille, entre amis ou en solo, cette journ\u00e9e promet sport, d\u00e9couvertes et convivialit\u00e9.<\/h2>\n<ul data-start=\"1472\" data-end=\"1890\">\n<li data-start=\"1786\" data-end=\"1890\">\n<p data-start=\"187\" data-end=\"527\">Le <strong data-start=\"190\" data-end=\"220\">dimanche 14 septembre 2025<\/strong>, le <strong data-start=\"225\" data-end=\"244\">Fort de Sanchey<\/strong> sera le th\u00e9\u00e2tre d\u2019une nouvelle \u00e9dition de la <strong data-start=\"290\" data-end=\"308\">Roue des Forts<\/strong>, un rendez-vous phare pour les amateurs de v\u00e9lo. Que l\u2019on soit comp\u00e9titeur dans l\u2019\u00e2me, simple curieux ou adepte des balades en famille, cette journ\u00e9e s\u2019annonce comme un moment de sport et de partage \u00e0 ne pas manquer.<\/p>\n<h3 data-start=\"529\" data-end=\"571\">Des parcours pour tous les cyclistes<\/h3>\n<p data-start=\"572\" data-end=\"920\">Int\u00e9gr\u00e9e cette ann\u00e9e aux <strong data-start=\"597\" data-end=\"624\">Folles journ\u00e9es du v\u00e9lo<\/strong> et organis\u00e9e en partenariat avec <strong data-start=\"658\" data-end=\"677\">Tourisme \u00c9pinal<\/strong>, la manifestation proposera <strong data-start=\"706\" data-end=\"726\">cinq itin\u00e9raires<\/strong> de 20 \u00e0 75 km. VTT, Gravel, VTTAE\u2026 chacun trouvera un circuit \u00e0 son go\u00fbt. Les trac\u00e9s, pens\u00e9s pour tous les niveaux, offriront un savant m\u00e9lange de d\u00e9fis sportifs et de d\u00e9couvertes paysag\u00e8res.<\/p>\n<h3 data-start=\"922\" data-end=\"957\">Un village festif et gourmand<\/h3>\n<p data-start=\"958\" data-end=\"1269\">\u00c0 l\u2019arriv\u00e9e, les participants seront accueillis dans un <strong data-start=\"1014\" data-end=\"1031\">village anim\u00e9<\/strong> jusqu\u2019\u00e0 16 h, avec <strong data-start=\"1051\" data-end=\"1124\">stands vari\u00e9s, d\u00e9gustations de bi\u00e8res locales, restauration sur place<\/strong> et animations pour tous les \u00e2ges. Des <strong data-start=\"1163\" data-end=\"1184\">parkings gratuits<\/strong> \u00e0 proximit\u00e9 imm\u00e9diate du fort permettront un acc\u00e8s simple et rapide \u00e0 l\u2019\u00e9v\u00e9nement.<\/p>\n<h3 data-start=\"1271\" data-end=\"1296\">Une cause solidaire<\/h3>\n<p data-start=\"1297\" data-end=\"1549\">Au-del\u00e0 du plaisir de p\u00e9daler, la Roue des Forts porte \u00e9galement un engagement humain. Organis\u00e9e avec le <strong data-start=\"1402\" data-end=\"1426\">Rotary Club d\u2019\u00c9pinal<\/strong>, elle reversera l\u2019int\u00e9gralit\u00e9 de ses b\u00e9n\u00e9fices \u00e0 des associations \u0153uvrant pour <strong data-start=\"1506\" data-end=\"1546\">favoriser l\u2019acc\u00e8s au sport pour tous<\/strong>.<\/p>\n<hr data-start=\"1551\" data-end=\"1554\" \/>\n<h3 data-start=\"1556\" data-end=\"1580\">\ud83d\udccc Infos pratiques<\/h3>\n<ul data-start=\"1581\" data-end=\"1980\">\n<li data-start=\"1581\" data-end=\"1622\">\n<p data-start=\"1583\" data-end=\"1622\"><strong data-start=\"1583\" data-end=\"1591\">Date<\/strong> : Dimanche 14 septembre 2025<\/p>\n<\/li>\n<li data-start=\"1623\" data-end=\"1653\">\n<p data-start=\"1625\" data-end=\"1653\"><strong data-start=\"1625\" data-end=\"1633\">Lieu<\/strong> : Fort de Sanchey<\/p>\n<\/li>\n<li data-start=\"1654\" data-end=\"1730\">\n<p data-start=\"1656\" data-end=\"1730\"><strong data-start=\"1656\" data-end=\"1682\">Inscriptions sur place<\/strong> : de 7 h 30 \u00e0 10 h (selon le parcours choisi)<\/p>\n<\/li>\n<li data-start=\"1731\" data-end=\"1802\">\n<p data-start=\"1733\" data-end=\"1802\"><strong data-start=\"1733\" data-end=\"1743\">Tarifs<\/strong> : Adultes (16 ans et +) : 10 \u20ac \u2013 Enfants (-16 ans) : 5 \u20ac<\/p>\n<\/li>\n<li data-start=\"1803\" data-end=\"1879\">\n<p data-start=\"1805\" data-end=\"1879\"><strong data-start=\"1805\" data-end=\"1827\">Paiement sur place<\/strong> : Esp\u00e8ces ou ch\u00e8ques uniquement (CB non accept\u00e9e)<\/p>\n<\/li>\n<li data-start=\"1880\" data-end=\"1980\">\n<p data-start=\"1882\" data-end=\"1980\"><strong data-start=\"1882\" data-end=\"1907\">Inscriptions en ligne<\/strong> : rubrique <em data-start=\"1919\" data-end=\"1929\">Parcours<\/em> du site officiel, pr\u00e9ventes jusqu\u2019au 7 septembre<\/p>\n<\/li>\n<\/ul>\n<\/li>\n<\/ul>\n","protected":false},"excerpt":{"rendered":"<p>Le dimanche 14 septembre 2025, le Fort de Sanchey accueillera la 17\u1d49 \u00e9dition de la Roue des Forts, un rendez-vous [&hellip;]<\/p>\n","protected":false},"author":52,"featured_media":134287,"comment_status":"open","ping_status":"open","sticky":false,"template":"","format":"standard","meta":{"footnotes":""},"categories":[22,24,54],"tags":[],"class_list":["post-134286","post","type-post","status-publish","format-standard","has-post-thumbnail","hentry","category-a-la-une","category-epinal","category-sanchey"],"acf":[],"yoast_head":"<!-- This site is optimized with the Yoast SEO plugin v22.5 - https:\/\/yoast.com\/wordpress\/plugins\/seo\/ -->\n<title>La Roue des Forts revient pour sa 17\u1d49 \u00e9dition : sport, nature et convivialit\u00e9 au Fort de Sanchey - Epinal Info<\/title>\n<meta name=\"robots\" content=\"index, follow, max-snippet:-1, max-image-preview:large, max-video-preview:-1\" \/>\n<link rel=\"canonical\" href=\"https:\/\/vosgesinfo.fr\/epinalinfo\/2025\/08\/la-roue-des-forts-revient-pour-sa-17\u1d49-edition-sport-nature-et-convivialite-au-fort-de-sanchey\/\" \/>\n<meta name=\"twitter:card\" content=\"summary_large_image\" \/>\n<meta name=\"twitter:title\" content=\"La Roue des Forts revient pour sa 17\u1d49 \u00e9dition : sport, nature et convivialit\u00e9 au Fort de Sanchey - Epinal Info\" \/>\n<meta name=\"twitter:description\" content=\"Le dimanche 14 septembre 2025, le Fort de Sanchey accueillera la 17\u1d49 \u00e9dition de la Roue des Forts, un rendez-vous [&hellip;]\" \/>\n<meta name=\"twitter:image\" content=\"https:\/\/vosgesinfo.fr\/app\/uploads\/sites\/3\/2025\/08\/rouedesforts-40x60-2025-1024x1536-1.jpg\" \/>\n<meta name=\"twitter:creator\" content=\"@VosgesInfo88\" \/>\n<meta name=\"twitter:site\" content=\"@VosgesInfo88\" \/>\n<meta name=\"twitter:label1\" content=\"\u00c9crit par\" \/>\n\t<meta name=\"twitter:data1\" content=\"C.K.\" \/>\n\t<meta name=\"twitter:label2\" content=\"Dur\u00e9e de lecture estim\u00e9e\" \/>\n\t<meta name=\"twitter:data2\" content=\"2 minutes\" \/>\n<script type=\"application\/ld+json\" class=\"yoast-schema-graph\">{\"@context\":\"https:\/\/schema.org\",\"@graph\":[{\"@type\":\"Article\",\"@id\":\"https:\/\/vosgesinfo.fr\/epinalinfo\/2025\/08\/la-roue-des-forts-revient-pour-sa-17%e1%b5%89-edition-sport-nature-et-convivialite-au-fort-de-sanchey\/#article\",\"isPartOf\":{\"@id\":\"https:\/\/vosgesinfo.fr\/epinalinfo\/2025\/08\/la-roue-des-forts-revient-pour-sa-17%e1%b5%89-edition-sport-nature-et-convivialite-au-fort-de-sanchey\/\"},\"author\":{\"name\":\"C.K.\",\"@id\":\"https:\/\/vosgesinfo.fr\/epinalinfo\/#\/schema\/person\/6f9a650eeea99d969b6c4ab78fccbe81\"},\"headline\":\"La Roue des Forts revient pour sa 17\u1d49 \u00e9dition : sport, nature et convivialit\u00e9 au Fort de Sanchey\",\"datePublished\":\"2025-08-13T12:10:28+00:00\",\"dateModified\":\"2025-08-13T11:59:28+00:00\",\"mainEntityOfPage\":{\"@id\":\"https:\/\/vosgesinfo.fr\/epinalinfo\/2025\/08\/la-roue-des-forts-revient-pour-sa-17%e1%b5%89-edition-sport-nature-et-convivialite-au-fort-de-sanchey\/\"},\"wordCount\":347,\"commentCount\":0,\"publisher\":{\"@id\":\"https:\/\/vosgesinfo.fr\/epinalinfo\/#organization\"},\"image\":{\"@id\":\"https:\/\/vosgesinfo.fr\/epinalinfo\/2025\/08\/la-roue-des-forts-revient-pour-sa-17%e1%b5%89-edition-sport-nature-et-convivialite-au-fort-de-sanchey\/#primaryimage\"},\"thumbnailUrl\":\"https:\/\/vosgesinfo.fr\/app\/uploads\/sites\/3\/2025\/08\/rouedesforts-40x60-2025-1024x1536-1.jpg\",\"articleSection\":[\"A la Une\",\"Epinal\",\"sanchey\"],\"inLanguage\":\"fr-FR\",\"potentialAction\":[{\"@type\":\"CommentAction\",\"name\":\"Comment\",\"target\":[\"https:\/\/vosgesinfo.fr\/epinalinfo\/2025\/08\/la-roue-des-forts-revient-pour-sa-17%e1%b5%89-edition-sport-nature-et-convivialite-au-fort-de-sanchey\/#respond\"]}]},{\"@type\":\"WebPage\",\"@id\":\"https:\/\/vosgesinfo.fr\/epinalinfo\/2025\/08\/la-roue-des-forts-revient-pour-sa-17%e1%b5%89-edition-sport-nature-et-convivialite-au-fort-de-sanchey\/\",\"url\":\"https:\/\/vosgesinfo.fr\/epinalinfo\/2025\/08\/la-roue-des-forts-revient-pour-sa-17%e1%b5%89-edition-sport-nature-et-convivialite-au-fort-de-sanchey\/\",\"name\":\"La Roue des Forts revient pour sa 17\u1d49 \u00e9dition : sport, nature et convivialit\u00e9 au Fort de Sanchey - Epinal Info\",\"isPartOf\":{\"@id\":\"https:\/\/vosgesinfo.fr\/epinalinfo\/#website\"},\"primaryImageOfPage\":{\"@id\":\"https:\/\/vosgesinfo.fr\/epinalinfo\/2025\/08\/la-roue-des-forts-revient-pour-sa-17%e1%b5%89-edition-sport-nature-et-convivialite-au-fort-de-sanchey\/#primaryimage\"},\"image\":{\"@id\":\"https:\/\/vosgesinfo.fr\/epinalinfo\/2025\/08\/la-roue-des-forts-revient-pour-sa-17%e1%b5%89-edition-sport-nature-et-convivialite-au-fort-de-sanchey\/#primaryimage\"},\"thumbnailUrl\":\"https:\/\/vosgesinfo.fr\/app\/uploads\/sites\/3\/2025\/08\/rouedesforts-40x60-2025-1024x1536-1.jpg\",\"datePublished\":\"2025-08-13T12:10:28+00:00\",\"dateModified\":\"2025-08-13T11:59:28+00:00\",\"breadcrumb\":{\"@id\":\"https:\/\/vosgesinfo.fr\/epinalinfo\/2025\/08\/la-roue-des-forts-revient-pour-sa-17%e1%b5%89-edition-sport-nature-et-convivialite-au-fort-de-sanchey\/#breadcrumb\"},\"inLanguage\":\"fr-FR\",\"potentialAction\":[{\"@type\":\"ReadAction\",\"target\":[\"https:\/\/vosgesinfo.fr\/epinalinfo\/2025\/08\/la-roue-des-forts-revient-pour-sa-17%e1%b5%89-edition-sport-nature-et-convivialite-au-fort-de-sanchey\/\"]}]},{\"@type\":\"ImageObject\",\"inLanguage\":\"fr-FR\",\"@id\":\"https:\/\/vosgesinfo.fr\/epinalinfo\/2025\/08\/la-roue-des-forts-revient-pour-sa-17%e1%b5%89-edition-sport-nature-et-convivialite-au-fort-de-sanchey\/#primaryimage\",\"url\":\"https:\/\/vosgesinfo.fr\/app\/uploads\/sites\/3\/2025\/08\/rouedesforts-40x60-2025-1024x1536-1.jpg\",\"contentUrl\":\"https:\/\/vosgesinfo.fr\/app\/uploads\/sites\/3\/2025\/08\/rouedesforts-40x60-2025-1024x1536-1.jpg\",\"width\":1024,\"height\":1536},{\"@type\":\"BreadcrumbList\",\"@id\":\"https:\/\/vosgesinfo.fr\/epinalinfo\/2025\/08\/la-roue-des-forts-revient-pour-sa-17%e1%b5%89-edition-sport-nature-et-convivialite-au-fort-de-sanchey\/#breadcrumb\",\"itemListElement\":[{\"@type\":\"ListItem\",\"position\":1,\"name\":\"Home\",\"item\":\"https:\/\/vosgesinfo.fr\/epinalinfo\/\"},{\"@type\":\"ListItem\",\"position\":2,\"name\":\"La Roue des Forts revient pour sa 17\u1d49 \u00e9dition : sport, nature et convivialit\u00e9 au Fort de Sanchey\"}]},{\"@type\":\"WebSite\",\"@id\":\"https:\/\/vosgesinfo.fr\/epinalinfo\/#website\",\"url\":\"https:\/\/vosgesinfo.fr\/epinalinfo\/\",\"name\":\"Epinal Info\",\"description\":\"Toute l&#039;actualit\u00e9 d&#039;\u00c9pinal\",\"publisher\":{\"@id\":\"https:\/\/vosgesinfo.fr\/epinalinfo\/#organization\"},\"alternateName\":\"Toute l'actualit\u00e9 d'\u00c9pinal\",\"potentialAction\":[{\"@type\":\"SearchAction\",\"target\":{\"@type\":\"EntryPoint\",\"urlTemplate\":\"https:\/\/vosgesinfo.fr\/epinalinfo\/?s={search_term_string}\"},\"query-input\":\"required name=search_term_string\"}],\"inLanguage\":\"fr-FR\"},{\"@type\":\"Organization\",\"@id\":\"https:\/\/vosgesinfo.fr\/epinalinfo\/#organization\",\"name\":\"Epinal Info\",\"url\":\"https:\/\/vosgesinfo.fr\/epinalinfo\/\",\"logo\":{\"@type\":\"ImageObject\",\"inLanguage\":\"fr-FR\",\"@id\":\"https:\/\/vosgesinfo.fr\/epinalinfo\/#\/schema\/logo\/image\/\",\"url\":\"https:\/\/vosgesinfo.fr\/app\/uploads\/sites\/3\/2023\/08\/logo-epinalinfos.svg\",\"contentUrl\":\"https:\/\/vosgesinfo.fr\/app\/uploads\/sites\/3\/2023\/08\/logo-epinalinfos.svg\",\"width\":1,\"height\":1,\"caption\":\"Epinal Info\"},\"image\":{\"@id\":\"https:\/\/vosgesinfo.fr\/epinalinfo\/#\/schema\/logo\/image\/\"},\"sameAs\":[\"https:\/\/www.facebook.com\/Epinalinfos\",\"https:\/\/x.com\/VosgesInfo88\",\"https:\/\/www.youtube.com\/@vosgesinfo\"]},{\"@type\":\"Person\",\"@id\":\"https:\/\/vosgesinfo.fr\/epinalinfo\/#\/schema\/person\/6f9a650eeea99d969b6c4ab78fccbe81\",\"name\":\"C.K.\",\"image\":{\"@type\":\"ImageObject\",\"inLanguage\":\"fr-FR\",\"@id\":\"https:\/\/vosgesinfo.fr\/epinalinfo\/#\/schema\/person\/image\/\",\"url\":\"https:\/\/secure.gravatar.com\/avatar\/48e3fc7f8421ba8942be6b74a2b7f014ca39bc00dece156b7a8e098ae7dc87bf?s=96&d=mm&r=g\",\"contentUrl\":\"https:\/\/secure.gravatar.com\/avatar\/48e3fc7f8421ba8942be6b74a2b7f014ca39bc00dece156b7a8e098ae7dc87bf?s=96&d=mm&r=g\",\"caption\":\"C.K.\"},\"url\":\"https:\/\/vosgesinfo.fr\/epinalinfo\/author\/celia-k-n\/\"}]}<\/script>\n<!-- \/ Yoast SEO plugin. -->","yoast_head_json":{"title":"La Roue des Forts revient pour sa 17\u1d49 \u00e9dition : sport, nature et convivialit\u00e9 au Fort de Sanchey - Epinal Info","robots":{"index":"index","follow":"follow","max-snippet":"max-snippet:-1","max-image-preview":"max-image-preview:large","max-video-preview":"max-video-preview:-1"},"canonical":"https:\/\/vosgesinfo.fr\/epinalinfo\/2025\/08\/la-roue-des-forts-revient-pour-sa-17\u1d49-edition-sport-nature-et-convivialite-au-fort-de-sanchey\/","twitter_card":"summary_large_image","twitter_title":"La Roue des Forts revient pour sa 17\u1d49 \u00e9dition : sport, nature et convivialit\u00e9 au Fort de Sanchey - Epinal Info","twitter_description":"Le dimanche 14 septembre 2025, le Fort de Sanchey accueillera la 17\u1d49 \u00e9dition de la Roue des Forts, un rendez-vous [&hellip;]","twitter_image":"https:\/\/vosgesinfo.fr\/app\/uploads\/sites\/3\/2025\/08\/rouedesforts-40x60-2025-1024x1536-1.jpg","twitter_creator":"@VosgesInfo88","twitter_site":"@VosgesInfo88","twitter_misc":{"\u00c9crit par":"C.K.","Dur\u00e9e de lecture estim\u00e9e":"2 minutes"},"schema":{"@context":"https:\/\/schema.org","@graph":[{"@type":"Article","@id":"https:\/\/vosgesinfo.fr\/epinalinfo\/2025\/08\/la-roue-des-forts-revient-pour-sa-17%e1%b5%89-edition-sport-nature-et-convivialite-au-fort-de-sanchey\/#article","isPartOf":{"@id":"https:\/\/vosgesinfo.fr\/epinalinfo\/2025\/08\/la-roue-des-forts-revient-pour-sa-17%e1%b5%89-edition-sport-nature-et-convivialite-au-fort-de-sanchey\/"},"author":{"name":"C.K.","@id":"https:\/\/vosgesinfo.fr\/epinalinfo\/#\/schema\/person\/6f9a650eeea99d969b6c4ab78fccbe81"},"headline":"La Roue des Forts revient pour sa 17\u1d49 \u00e9dition : sport, nature et convivialit\u00e9 au Fort de Sanchey","datePublished":"2025-08-13T12:10:28+00:00","dateModified":"2025-08-13T11:59:28+00:00","mainEntityOfPage":{"@id":"https:\/\/vosgesinfo.fr\/epinalinfo\/2025\/08\/la-roue-des-forts-revient-pour-sa-17%e1%b5%89-edition-sport-nature-et-convivialite-au-fort-de-sanchey\/"},"wordCount":347,"commentCount":0,"publisher":{"@id":"https:\/\/vosgesinfo.fr\/epinalinfo\/#organization"},"image":{"@id":"https:\/\/vosgesinfo.fr\/epinalinfo\/2025\/08\/la-roue-des-forts-revient-pour-sa-17%e1%b5%89-edition-sport-nature-et-convivialite-au-fort-de-sanchey\/#primaryimage"},"thumbnailUrl":"https:\/\/vosgesinfo.fr\/app\/uploads\/sites\/3\/2025\/08\/rouedesforts-40x60-2025-1024x1536-1.jpg","articleSection":["A la Une","Epinal","sanchey"],"inLanguage":"fr-FR","potentialAction":[{"@type":"CommentAction","name":"Comment","target":["https:\/\/vosgesinfo.fr\/epinalinfo\/2025\/08\/la-roue-des-forts-revient-pour-sa-17%e1%b5%89-edition-sport-nature-et-convivialite-au-fort-de-sanchey\/#respond"]}]},{"@type":"WebPage","@id":"https:\/\/vosgesinfo.fr\/epinalinfo\/2025\/08\/la-roue-des-forts-revient-pour-sa-17%e1%b5%89-edition-sport-nature-et-convivialite-au-fort-de-sanchey\/","url":"https:\/\/vosgesinfo.fr\/epinalinfo\/2025\/08\/la-roue-des-forts-revient-pour-sa-17%e1%b5%89-edition-sport-nature-et-convivialite-au-fort-de-sanchey\/","name":"La Roue des Forts revient pour sa 17\u1d49 \u00e9dition : sport, nature et convivialit\u00e9 au Fort de Sanchey - Epinal Info","isPartOf":{"@id":"https:\/\/vosgesinfo.fr\/epinalinfo\/#website"},"primaryImageOfPage":{"@id":"https:\/\/vosgesinfo.fr\/epinalinfo\/2025\/08\/la-roue-des-forts-revient-pour-sa-17%e1%b5%89-edition-sport-nature-et-convivialite-au-fort-de-sanchey\/#primaryimage"},"image":{"@id":"https:\/\/vosgesinfo.fr\/epinalinfo\/2025\/08\/la-roue-des-forts-revient-pour-sa-17%e1%b5%89-edition-sport-nature-et-convivialite-au-fort-de-sanchey\/#primaryimage"},"thumbnailUrl":"https:\/\/vosgesinfo.fr\/app\/uploads\/sites\/3\/2025\/08\/rouedesforts-40x60-2025-1024x1536-1.jpg","datePublished":"2025-08-13T12:10:28+00:00","dateModified":"2025-08-13T11:59:28+00:00","breadcrumb":{"@id":"https:\/\/vosgesinfo.fr\/epinalinfo\/2025\/08\/la-roue-des-forts-revient-pour-sa-17%e1%b5%89-edition-sport-nature-et-convivialite-au-fort-de-sanchey\/#breadcrumb"},"inLanguage":"fr-FR","potentialAction":[{"@type":"ReadAction","target":["https:\/\/vosgesinfo.fr\/epinalinfo\/2025\/08\/la-roue-des-forts-revient-pour-sa-17%e1%b5%89-edition-sport-nature-et-convivialite-au-fort-de-sanchey\/"]}]},{"@type":"ImageObject","inLanguage":"fr-FR","@id":"https:\/\/vosgesinfo.fr\/epinalinfo\/2025\/08\/la-roue-des-forts-revient-pour-sa-17%e1%b5%89-edition-sport-nature-et-convivialite-au-fort-de-sanchey\/#primaryimage","url":"https:\/\/vosgesinfo.fr\/app\/uploads\/sites\/3\/2025\/08\/rouedesforts-40x60-2025-1024x1536-1.jpg","contentUrl":"https:\/\/vosgesinfo.fr\/app\/uploads\/sites\/3\/2025\/08\/rouedesforts-40x60-2025-1024x1536-1.jpg","width":1024,"height":1536},{"@type":"BreadcrumbList","@id":"https:\/\/vosgesinfo.fr\/epinalinfo\/2025\/08\/la-roue-des-forts-revient-pour-sa-17%e1%b5%89-edition-sport-nature-et-convivialite-au-fort-de-sanchey\/#breadcrumb","itemListElement":[{"@type":"ListItem","position":1,"name":"Home","item":"https:\/\/vosgesinfo.fr\/epinalinfo\/"},{"@type":"ListItem","position":2,"name":"La Roue des Forts revient pour sa 17\u1d49 \u00e9dition : sport, nature et convivialit\u00e9 au Fort de Sanchey"}]},{"@type":"WebSite","@id":"https:\/\/vosgesinfo.fr\/epinalinfo\/#website","url":"https:\/\/vosgesinfo.fr\/epinalinfo\/","name":"Epinal Info","description":"Toute l&#039;actualit\u00e9 d&#039;\u00c9pinal","publisher":{"@id":"https:\/\/vosgesinfo.fr\/epinalinfo\/#organization"},"alternateName":"Toute l'actualit\u00e9 d'\u00c9pinal","potentialAction":[{"@type":"SearchAction","target":{"@type":"EntryPoint","urlTemplate":"https:\/\/vosgesinfo.fr\/epinalinfo\/?s={search_term_string}"},"query-input":"required name=search_term_string"}],"inLanguage":"fr-FR"},{"@type":"Organization","@id":"https:\/\/vosgesinfo.fr\/epinalinfo\/#organization","name":"Epinal Info","url":"https:\/\/vosgesinfo.fr\/epinalinfo\/","logo":{"@type":"ImageObject","inLanguage":"fr-FR","@id":"https:\/\/vosgesinfo.fr\/epinalinfo\/#\/schema\/logo\/image\/","url":"https:\/\/vosgesinfo.fr\/app\/uploads\/sites\/3\/2023\/08\/logo-epinalinfos.svg","contentUrl":"https:\/\/vosgesinfo.fr\/app\/uploads\/sites\/3\/2023\/08\/logo-epinalinfos.svg","width":1,"height":1,"caption":"Epinal Info"},"image":{"@id":"https:\/\/vosgesinfo.fr\/epinalinfo\/#\/schema\/logo\/image\/"},"sameAs":["https:\/\/www.facebook.com\/Epinalinfos","https:\/\/x.com\/VosgesInfo88","https:\/\/www.youtube.com\/@vosgesinfo"]},{"@type":"Person","@id":"https:\/\/vosgesinfo.fr\/epinalinfo\/#\/schema\/person\/6f9a650eeea99d969b6c4ab78fccbe81","name":"C.K.","image":{"@type":"ImageObject","inLanguage":"fr-FR","@id":"https:\/\/vosgesinfo.fr\/epinalinfo\/#\/schema\/person\/image\/","url":"https:\/\/secure.gravatar.com\/avatar\/48e3fc7f8421ba8942be6b74a2b7f014ca39bc00dece156b7a8e098ae7dc87bf?s=96&d=mm&r=g","contentUrl":"https:\/\/secure.gravatar.com\/avatar\/48e3fc7f8421ba8942be6b74a2b7f014ca39bc00dece156b7a8e098ae7dc87bf?s=96&d=mm&r=g","caption":"C.K."},"url":"https:\/\/vosgesinfo.fr\/epinalinfo\/author\/celia-k-n\/"}]}},"_links":{"self":[{"href":"https:\/\/vosgesinfo.fr\/epinalinfo\/wp-json\/wp\/v2\/posts\/134286","targetHints":{"allow":["GET"]}}],"collection":[{"href":"https:\/\/vosgesinfo.fr\/epinalinfo\/wp-json\/wp\/v2\/posts"}],"about":[{"href":"https:\/\/vosgesinfo.fr\/epinalinfo\/wp-json\/wp\/v2\/types\/post"}],"author":[{"embeddable":true,"href":"https:\/\/vosgesinfo.fr\/epinalinfo\/wp-json\/wp\/v2\/users\/52"}],"replies":[{"embeddable":true,"href":"https:\/\/vosgesinfo.fr\/epinalinfo\/wp-json\/wp\/v2\/comments?post=134286"}],"version-history":[{"count":1,"href":"https:\/\/vosgesinfo.fr\/epinalinfo\/wp-json\/wp\/v2\/posts\/134286\/revisions"}],"predecessor-version":[{"id":134288,"href":"https:\/\/vosgesinfo.fr\/epinalinfo\/wp-json\/wp\/v2\/posts\/134286\/revisions\/134288"}],"wp:featuredmedia":[{"embeddable":true,"href":"https:\/\/vosgesinfo.fr\/epinalinfo\/wp-json\/wp\/v2\/media\/134287"}],"wp:attachment":[{"href":"https:\/\/vosgesinfo.fr\/epinalinfo\/wp-json\/wp\/v2\/media?parent=134286"}],"wp:term":[{"taxonomy":"category","embeddable":true,"href":"https:\/\/vosgesinfo.fr\/epinalinfo\/wp-json\/wp\/v2\/categories?post=134286"},{"taxonomy":"post_tag","embeddable":true,"href":"https:\/\/vosgesinfo.fr\/epinalinfo\/wp-json\/wp\/v2\/tags?post=134286"}],"curies":[{"name":"wp","href":"https:\/\/api.w.org\/{rel}","templated":true}]}}