{"id":134289,"date":"2025-08-13T14:30:05","date_gmt":"2025-08-13T12:30:05","guid":{"rendered":"https:\/\/vosgesinfo.fr\/epinalinfo\/?p=134289"},"modified":"2025-08-13T14:21:02","modified_gmt":"2025-08-13T12:21:02","slug":"thaon-les-vosges-obtient-le-label-ville-aidante-alzheimer","status":"publish","type":"post","link":"https:\/\/vosgesinfo.fr\/epinalinfo\/2025\/08\/thaon-les-vosges-obtient-le-label-ville-aidante-alzheimer\/","title":{"rendered":"Thaon-les-Vosges obtient le label \u00ab Ville aidante Alzheimer \u00bb"},"content":{"rendered":"<div id=\"attachment_134290\" style=\"width: 2058px\" class=\"wp-caption aligncenter\"><a href=\"https:\/\/vosgesinfo.fr\/app\/uploads\/sites\/3\/2025\/08\/530890726-1254076410089844-4197751344652129674-n.jpg\"><img decoding=\"async\" aria-describedby=\"caption-attachment-134290\" class=\"size-full wp-image-134290\" src=\"https:\/\/vosgesinfo.fr\/app\/uploads\/sites\/3\/2025\/08\/530890726-1254076410089844-4197751344652129674-n.jpg\" alt=\"\" width=\"2048\" height=\"1365\" srcset=\"https:\/\/vosgesinfo.fr\/app\/uploads\/sites\/3\/2025\/08\/530890726-1254076410089844-4197751344652129674-n.jpg 2048w, https:\/\/vosgesinfo.fr\/app\/uploads\/sites\/3\/2025\/08\/530890726-1254076410089844-4197751344652129674-n-300x200.jpg 300w, https:\/\/vosgesinfo.fr\/app\/uploads\/sites\/3\/2025\/08\/530890726-1254076410089844-4197751344652129674-n-1024x683.jpg 1024w, https:\/\/vosgesinfo.fr\/app\/uploads\/sites\/3\/2025\/08\/530890726-1254076410089844-4197751344652129674-n-768x512.jpg 768w, https:\/\/vosgesinfo.fr\/app\/uploads\/sites\/3\/2025\/08\/530890726-1254076410089844-4197751344652129674-n-1536x1024.jpg 1536w\" sizes=\"(max-width: 2048px) 100vw, 2048px\" \/><\/a><p id=\"caption-attachment-134290\" class=\"wp-caption-text\">photo Ville de Thaon-les-Vosges<\/p><\/div>\n<h2 data-start=\"209\" data-end=\"541\"><strong>La commune de Thaon-les-Vosges vient d\u2019\u00eatre officiellement reconnue \u00ab Ville aidante Alzheimer \u00bb. Par cette distinction, la municipalit\u00e9 confirme sa volont\u00e9 d\u2019accompagner les personnes touch\u00e9es par la maladie d\u2019Alzheimer, leurs proches aidants, ainsi que l\u2019ensemble de la population, dans une d\u00e9marche de solidarit\u00e9 et d\u2019inclusion.<\/strong><\/h2>\n<p data-start=\"543\" data-end=\"616\"><strong data-start=\"543\" data-end=\"568\">Un engagement concret<\/strong><br data-start=\"568\" data-end=\"571\" \/>Ce label se traduit par plusieurs actions :<\/p>\n<ul data-start=\"617\" data-end=\"893\">\n<li data-start=\"617\" data-end=\"695\">\n<p data-start=\"619\" data-end=\"695\">diffusion d\u2019une information claire et adapt\u00e9e sur les supports municipaux,<\/p>\n<\/li>\n<li data-start=\"696\" data-end=\"749\">\n<p data-start=\"698\" data-end=\"749\">sensibilisation et formation d\u2019agents municipaux,<\/p>\n<\/li>\n<li data-start=\"750\" data-end=\"893\">\n<p data-start=\"752\" data-end=\"893\">accompagnement des aidants pour les orienter vers des formations, des dispositifs de r\u00e9pit, ainsi que la poursuite du \u00ab Caf\u00e9 des aidants \u00bb.<\/p>\n<\/li>\n<\/ul>\n<p data-start=\"895\" data-end=\"1539\"><strong data-start=\"895\" data-end=\"923\">Une signature officielle<\/strong><br data-start=\"923\" data-end=\"926\" \/>La convention a \u00e9t\u00e9 sign\u00e9e hier apr\u00e8s-midi \u00e0 La Coop\u2019 en pr\u00e9sence d\u2019Anne-Marie Hermann, pr\u00e9sidente de France Alzheimer Vosges, du maire C\u00e9dric Haxaire-Accorsi, ainsi que de plusieurs \u00e9lus et repr\u00e9sentants municipaux : Fran\u00e7oise Bitsch, adjointe aux solidarit\u00e9s et \u00e0 la sant\u00e9, Marie-Odile Balay, conseill\u00e8re d\u00e9l\u00e9gu\u00e9e aux personnes \u00e2g\u00e9es, Chantal Vautrin, conseill\u00e8re d\u00e9l\u00e9gu\u00e9e \u00e0 l\u2019enfance et \u00e0 la famille, Yannick Payot, adjoint en charge de l\u2019habitat et des mobilit\u00e9s douces, et Fran\u00e7ois Grandvallet, maire d\u00e9l\u00e9gu\u00e9 d\u2019Oncourt. \u00c9taient \u00e9galement pr\u00e9sents des agents de la ville, du CCAS et de la Police Municipale.<\/p>\n<p data-start=\"1541\" data-end=\"1810\"><strong data-start=\"1541\" data-end=\"1564\">Un moment convivial<\/strong><br data-start=\"1564\" data-end=\"1567\" \/>Cette rencontre a aussi \u00e9t\u00e9 l\u2019occasion d\u2019\u00e9changes chaleureux avec des repr\u00e9sentants de France Alzheimer venus de l\u2019Aude et des Pyr\u00e9n\u00e9es-Orientales, parmi lesquels \u00c9velyne, ancienne habitante de Thaon-les-Vosges, \u00e9mue de retrouver sa commune.<\/p>\n<p data-start=\"1812\" data-end=\"1996\">Avec ce nouveau label, Thaon-les-Vosges franchit une \u00e9tape importante dans son engagement pour une soci\u00e9t\u00e9 plus inclusive, o\u00f9 chacun trouve sa place et b\u00e9n\u00e9ficie d\u2019un soutien adapt\u00e9.<\/p>\n","protected":false},"excerpt":{"rendered":"<p>La commune de Thaon-les-Vosges vient d\u2019\u00eatre officiellement reconnue \u00ab Ville aidante Alzheimer \u00bb. Par cette distinction, la municipalit\u00e9 confirme sa [&hellip;]<\/p>\n","protected":false},"author":52,"featured_media":134290,"comment_status":"open","ping_status":"open","sticky":false,"template":"","format":"standard","meta":{"footnotes":""},"categories":[22,24,93],"tags":[],"class_list":["post-134289","post","type-post","status-publish","format-standard","has-post-thumbnail","hentry","category-a-la-une","category-epinal","category-thaon-les-vosges"],"acf":[],"yoast_head":"<!-- This site is optimized with the Yoast SEO plugin v22.5 - https:\/\/yoast.com\/wordpress\/plugins\/seo\/ -->\n<title>Thaon-les-Vosges obtient le label \u00ab Ville aidante Alzheimer \u00bb - Epinal Info<\/title>\n<meta name=\"robots\" content=\"index, follow, max-snippet:-1, max-image-preview:large, max-video-preview:-1\" \/>\n<link rel=\"canonical\" href=\"https:\/\/vosgesinfo.fr\/epinalinfo\/2025\/08\/thaon-les-vosges-obtient-le-label-ville-aidante-alzheimer\/\" \/>\n<meta name=\"twitter:card\" content=\"summary_large_image\" \/>\n<meta name=\"twitter:title\" content=\"Thaon-les-Vosges obtient le label \u00ab Ville aidante Alzheimer \u00bb - Epinal Info\" \/>\n<meta name=\"twitter:description\" content=\"La commune de Thaon-les-Vosges vient d\u2019\u00eatre officiellement reconnue \u00ab Ville aidante Alzheimer \u00bb. Par cette distinction, la municipalit\u00e9 confirme sa [&hellip;]\" \/>\n<meta name=\"twitter:image\" content=\"https:\/\/vosgesinfo.fr\/app\/uploads\/sites\/3\/2025\/08\/530890726-1254076410089844-4197751344652129674-n.jpg\" \/>\n<meta name=\"twitter:creator\" content=\"@VosgesInfo88\" \/>\n<meta name=\"twitter:site\" content=\"@VosgesInfo88\" \/>\n<meta name=\"twitter:label1\" content=\"\u00c9crit par\" \/>\n\t<meta name=\"twitter:data1\" content=\"C.K.\" \/>\n\t<meta name=\"twitter:label2\" content=\"Dur\u00e9e de lecture estim\u00e9e\" \/>\n\t<meta name=\"twitter:data2\" content=\"1 minute\" \/>\n<script type=\"application\/ld+json\" class=\"yoast-schema-graph\">{\"@context\":\"https:\/\/schema.org\",\"@graph\":[{\"@type\":\"Article\",\"@id\":\"https:\/\/vosgesinfo.fr\/epinalinfo\/2025\/08\/thaon-les-vosges-obtient-le-label-ville-aidante-alzheimer\/#article\",\"isPartOf\":{\"@id\":\"https:\/\/vosgesinfo.fr\/epinalinfo\/2025\/08\/thaon-les-vosges-obtient-le-label-ville-aidante-alzheimer\/\"},\"author\":{\"name\":\"C.K.\",\"@id\":\"https:\/\/vosgesinfo.fr\/epinalinfo\/#\/schema\/person\/6f9a650eeea99d969b6c4ab78fccbe81\"},\"headline\":\"Thaon-les-Vosges obtient le label \u00ab Ville aidante Alzheimer \u00bb\",\"datePublished\":\"2025-08-13T12:30:05+00:00\",\"dateModified\":\"2025-08-13T12:21:02+00:00\",\"mainEntityOfPage\":{\"@id\":\"https:\/\/vosgesinfo.fr\/epinalinfo\/2025\/08\/thaon-les-vosges-obtient-le-label-ville-aidante-alzheimer\/\"},\"wordCount\":304,\"commentCount\":0,\"publisher\":{\"@id\":\"https:\/\/vosgesinfo.fr\/epinalinfo\/#organization\"},\"image\":{\"@id\":\"https:\/\/vosgesinfo.fr\/epinalinfo\/2025\/08\/thaon-les-vosges-obtient-le-label-ville-aidante-alzheimer\/#primaryimage\"},\"thumbnailUrl\":\"https:\/\/vosgesinfo.fr\/app\/uploads\/sites\/3\/2025\/08\/530890726-1254076410089844-4197751344652129674-n.jpg\",\"articleSection\":[\"A la Une\",\"Epinal\",\"Thaon-les-Vosges\"],\"inLanguage\":\"fr-FR\",\"potentialAction\":[{\"@type\":\"CommentAction\",\"name\":\"Comment\",\"target\":[\"https:\/\/vosgesinfo.fr\/epinalinfo\/2025\/08\/thaon-les-vosges-obtient-le-label-ville-aidante-alzheimer\/#respond\"]}]},{\"@type\":\"WebPage\",\"@id\":\"https:\/\/vosgesinfo.fr\/epinalinfo\/2025\/08\/thaon-les-vosges-obtient-le-label-ville-aidante-alzheimer\/\",\"url\":\"https:\/\/vosgesinfo.fr\/epinalinfo\/2025\/08\/thaon-les-vosges-obtient-le-label-ville-aidante-alzheimer\/\",\"name\":\"Thaon-les-Vosges obtient le label \u00ab Ville aidante Alzheimer \u00bb - Epinal Info\",\"isPartOf\":{\"@id\":\"https:\/\/vosgesinfo.fr\/epinalinfo\/#website\"},\"primaryImageOfPage\":{\"@id\":\"https:\/\/vosgesinfo.fr\/epinalinfo\/2025\/08\/thaon-les-vosges-obtient-le-label-ville-aidante-alzheimer\/#primaryimage\"},\"image\":{\"@id\":\"https:\/\/vosgesinfo.fr\/epinalinfo\/2025\/08\/thaon-les-vosges-obtient-le-label-ville-aidante-alzheimer\/#primaryimage\"},\"thumbnailUrl\":\"https:\/\/vosgesinfo.fr\/app\/uploads\/sites\/3\/2025\/08\/530890726-1254076410089844-4197751344652129674-n.jpg\",\"datePublished\":\"2025-08-13T12:30:05+00:00\",\"dateModified\":\"2025-08-13T12:21:02+00:00\",\"breadcrumb\":{\"@id\":\"https:\/\/vosgesinfo.fr\/epinalinfo\/2025\/08\/thaon-les-vosges-obtient-le-label-ville-aidante-alzheimer\/#breadcrumb\"},\"inLanguage\":\"fr-FR\",\"potentialAction\":[{\"@type\":\"ReadAction\",\"target\":[\"https:\/\/vosgesinfo.fr\/epinalinfo\/2025\/08\/thaon-les-vosges-obtient-le-label-ville-aidante-alzheimer\/\"]}]},{\"@type\":\"ImageObject\",\"inLanguage\":\"fr-FR\",\"@id\":\"https:\/\/vosgesinfo.fr\/epinalinfo\/2025\/08\/thaon-les-vosges-obtient-le-label-ville-aidante-alzheimer\/#primaryimage\",\"url\":\"https:\/\/vosgesinfo.fr\/app\/uploads\/sites\/3\/2025\/08\/530890726-1254076410089844-4197751344652129674-n.jpg\",\"contentUrl\":\"https:\/\/vosgesinfo.fr\/app\/uploads\/sites\/3\/2025\/08\/530890726-1254076410089844-4197751344652129674-n.jpg\",\"width\":2048,\"height\":1365,\"caption\":\"photo Ville de Thaon-les-Vosges\"},{\"@type\":\"BreadcrumbList\",\"@id\":\"https:\/\/vosgesinfo.fr\/epinalinfo\/2025\/08\/thaon-les-vosges-obtient-le-label-ville-aidante-alzheimer\/#breadcrumb\",\"itemListElement\":[{\"@type\":\"ListItem\",\"position\":1,\"name\":\"Home\",\"item\":\"https:\/\/vosgesinfo.fr\/epinalinfo\/\"},{\"@type\":\"ListItem\",\"position\":2,\"name\":\"Thaon-les-Vosges obtient le label \u00ab Ville aidante Alzheimer \u00bb\"}]},{\"@type\":\"WebSite\",\"@id\":\"https:\/\/vosgesinfo.fr\/epinalinfo\/#website\",\"url\":\"https:\/\/vosgesinfo.fr\/epinalinfo\/\",\"name\":\"Epinal Info\",\"description\":\"Toute l&#039;actualit\u00e9 d&#039;\u00c9pinal\",\"publisher\":{\"@id\":\"https:\/\/vosgesinfo.fr\/epinalinfo\/#organization\"},\"alternateName\":\"Toute l'actualit\u00e9 d'\u00c9pinal\",\"potentialAction\":[{\"@type\":\"SearchAction\",\"target\":{\"@type\":\"EntryPoint\",\"urlTemplate\":\"https:\/\/vosgesinfo.fr\/epinalinfo\/?s={search_term_string}\"},\"query-input\":\"required name=search_term_string\"}],\"inLanguage\":\"fr-FR\"},{\"@type\":\"Organization\",\"@id\":\"https:\/\/vosgesinfo.fr\/epinalinfo\/#organization\",\"name\":\"Epinal Info\",\"url\":\"https:\/\/vosgesinfo.fr\/epinalinfo\/\",\"logo\":{\"@type\":\"ImageObject\",\"inLanguage\":\"fr-FR\",\"@id\":\"https:\/\/vosgesinfo.fr\/epinalinfo\/#\/schema\/logo\/image\/\",\"url\":\"https:\/\/vosgesinfo.fr\/app\/uploads\/sites\/3\/2023\/08\/logo-epinalinfos.svg\",\"contentUrl\":\"https:\/\/vosgesinfo.fr\/app\/uploads\/sites\/3\/2023\/08\/logo-epinalinfos.svg\",\"width\":1,\"height\":1,\"caption\":\"Epinal Info\"},\"image\":{\"@id\":\"https:\/\/vosgesinfo.fr\/epinalinfo\/#\/schema\/logo\/image\/\"},\"sameAs\":[\"https:\/\/www.facebook.com\/Epinalinfos\",\"https:\/\/x.com\/VosgesInfo88\",\"https:\/\/www.youtube.com\/@vosgesinfo\"]},{\"@type\":\"Person\",\"@id\":\"https:\/\/vosgesinfo.fr\/epinalinfo\/#\/schema\/person\/6f9a650eeea99d969b6c4ab78fccbe81\",\"name\":\"C.K.\",\"image\":{\"@type\":\"ImageObject\",\"inLanguage\":\"fr-FR\",\"@id\":\"https:\/\/vosgesinfo.fr\/epinalinfo\/#\/schema\/person\/image\/\",\"url\":\"https:\/\/secure.gravatar.com\/avatar\/48e3fc7f8421ba8942be6b74a2b7f014ca39bc00dece156b7a8e098ae7dc87bf?s=96&d=mm&r=g\",\"contentUrl\":\"https:\/\/secure.gravatar.com\/avatar\/48e3fc7f8421ba8942be6b74a2b7f014ca39bc00dece156b7a8e098ae7dc87bf?s=96&d=mm&r=g\",\"caption\":\"C.K.\"},\"url\":\"https:\/\/vosgesinfo.fr\/epinalinfo\/author\/celia-k-n\/\"}]}<\/script>\n<!-- \/ Yoast SEO plugin. -->","yoast_head_json":{"title":"Thaon-les-Vosges obtient le label \u00ab Ville aidante Alzheimer \u00bb - Epinal Info","robots":{"index":"index","follow":"follow","max-snippet":"max-snippet:-1","max-image-preview":"max-image-preview:large","max-video-preview":"max-video-preview:-1"},"canonical":"https:\/\/vosgesinfo.fr\/epinalinfo\/2025\/08\/thaon-les-vosges-obtient-le-label-ville-aidante-alzheimer\/","twitter_card":"summary_large_image","twitter_title":"Thaon-les-Vosges obtient le label \u00ab Ville aidante Alzheimer \u00bb - Epinal Info","twitter_description":"La commune de Thaon-les-Vosges vient d\u2019\u00eatre officiellement reconnue \u00ab Ville aidante Alzheimer \u00bb. Par cette distinction, la municipalit\u00e9 confirme sa [&hellip;]","twitter_image":"https:\/\/vosgesinfo.fr\/app\/uploads\/sites\/3\/2025\/08\/530890726-1254076410089844-4197751344652129674-n.jpg","twitter_creator":"@VosgesInfo88","twitter_site":"@VosgesInfo88","twitter_misc":{"\u00c9crit par":"C.K.","Dur\u00e9e de lecture estim\u00e9e":"1 minute"},"schema":{"@context":"https:\/\/schema.org","@graph":[{"@type":"Article","@id":"https:\/\/vosgesinfo.fr\/epinalinfo\/2025\/08\/thaon-les-vosges-obtient-le-label-ville-aidante-alzheimer\/#article","isPartOf":{"@id":"https:\/\/vosgesinfo.fr\/epinalinfo\/2025\/08\/thaon-les-vosges-obtient-le-label-ville-aidante-alzheimer\/"},"author":{"name":"C.K.","@id":"https:\/\/vosgesinfo.fr\/epinalinfo\/#\/schema\/person\/6f9a650eeea99d969b6c4ab78fccbe81"},"headline":"Thaon-les-Vosges obtient le label \u00ab Ville aidante Alzheimer \u00bb","datePublished":"2025-08-13T12:30:05+00:00","dateModified":"2025-08-13T12:21:02+00:00","mainEntityOfPage":{"@id":"https:\/\/vosgesinfo.fr\/epinalinfo\/2025\/08\/thaon-les-vosges-obtient-le-label-ville-aidante-alzheimer\/"},"wordCount":304,"commentCount":0,"publisher":{"@id":"https:\/\/vosgesinfo.fr\/epinalinfo\/#organization"},"image":{"@id":"https:\/\/vosgesinfo.fr\/epinalinfo\/2025\/08\/thaon-les-vosges-obtient-le-label-ville-aidante-alzheimer\/#primaryimage"},"thumbnailUrl":"https:\/\/vosgesinfo.fr\/app\/uploads\/sites\/3\/2025\/08\/530890726-1254076410089844-4197751344652129674-n.jpg","articleSection":["A la Une","Epinal","Thaon-les-Vosges"],"inLanguage":"fr-FR","potentialAction":[{"@type":"CommentAction","name":"Comment","target":["https:\/\/vosgesinfo.fr\/epinalinfo\/2025\/08\/thaon-les-vosges-obtient-le-label-ville-aidante-alzheimer\/#respond"]}]},{"@type":"WebPage","@id":"https:\/\/vosgesinfo.fr\/epinalinfo\/2025\/08\/thaon-les-vosges-obtient-le-label-ville-aidante-alzheimer\/","url":"https:\/\/vosgesinfo.fr\/epinalinfo\/2025\/08\/thaon-les-vosges-obtient-le-label-ville-aidante-alzheimer\/","name":"Thaon-les-Vosges obtient le label \u00ab Ville aidante Alzheimer \u00bb - Epinal Info","isPartOf":{"@id":"https:\/\/vosgesinfo.fr\/epinalinfo\/#website"},"primaryImageOfPage":{"@id":"https:\/\/vosgesinfo.fr\/epinalinfo\/2025\/08\/thaon-les-vosges-obtient-le-label-ville-aidante-alzheimer\/#primaryimage"},"image":{"@id":"https:\/\/vosgesinfo.fr\/epinalinfo\/2025\/08\/thaon-les-vosges-obtient-le-label-ville-aidante-alzheimer\/#primaryimage"},"thumbnailUrl":"https:\/\/vosgesinfo.fr\/app\/uploads\/sites\/3\/2025\/08\/530890726-1254076410089844-4197751344652129674-n.jpg","datePublished":"2025-08-13T12:30:05+00:00","dateModified":"2025-08-13T12:21:02+00:00","breadcrumb":{"@id":"https:\/\/vosgesinfo.fr\/epinalinfo\/2025\/08\/thaon-les-vosges-obtient-le-label-ville-aidante-alzheimer\/#breadcrumb"},"inLanguage":"fr-FR","potentialAction":[{"@type":"ReadAction","target":["https:\/\/vosgesinfo.fr\/epinalinfo\/2025\/08\/thaon-les-vosges-obtient-le-label-ville-aidante-alzheimer\/"]}]},{"@type":"ImageObject","inLanguage":"fr-FR","@id":"https:\/\/vosgesinfo.fr\/epinalinfo\/2025\/08\/thaon-les-vosges-obtient-le-label-ville-aidante-alzheimer\/#primaryimage","url":"https:\/\/vosgesinfo.fr\/app\/uploads\/sites\/3\/2025\/08\/530890726-1254076410089844-4197751344652129674-n.jpg","contentUrl":"https:\/\/vosgesinfo.fr\/app\/uploads\/sites\/3\/2025\/08\/530890726-1254076410089844-4197751344652129674-n.jpg","width":2048,"height":1365,"caption":"photo Ville de Thaon-les-Vosges"},{"@type":"BreadcrumbList","@id":"https:\/\/vosgesinfo.fr\/epinalinfo\/2025\/08\/thaon-les-vosges-obtient-le-label-ville-aidante-alzheimer\/#breadcrumb","itemListElement":[{"@type":"ListItem","position":1,"name":"Home","item":"https:\/\/vosgesinfo.fr\/epinalinfo\/"},{"@type":"ListItem","position":2,"name":"Thaon-les-Vosges obtient le label \u00ab Ville aidante Alzheimer \u00bb"}]},{"@type":"WebSite","@id":"https:\/\/vosgesinfo.fr\/epinalinfo\/#website","url":"https:\/\/vosgesinfo.fr\/epinalinfo\/","name":"Epinal Info","description":"Toute l&#039;actualit\u00e9 d&#039;\u00c9pinal","publisher":{"@id":"https:\/\/vosgesinfo.fr\/epinalinfo\/#organization"},"alternateName":"Toute l'actualit\u00e9 d'\u00c9pinal","potentialAction":[{"@type":"SearchAction","target":{"@type":"EntryPoint","urlTemplate":"https:\/\/vosgesinfo.fr\/epinalinfo\/?s={search_term_string}"},"query-input":"required name=search_term_string"}],"inLanguage":"fr-FR"},{"@type":"Organization","@id":"https:\/\/vosgesinfo.fr\/epinalinfo\/#organization","name":"Epinal Info","url":"https:\/\/vosgesinfo.fr\/epinalinfo\/","logo":{"@type":"ImageObject","inLanguage":"fr-FR","@id":"https:\/\/vosgesinfo.fr\/epinalinfo\/#\/schema\/logo\/image\/","url":"https:\/\/vosgesinfo.fr\/app\/uploads\/sites\/3\/2023\/08\/logo-epinalinfos.svg","contentUrl":"https:\/\/vosgesinfo.fr\/app\/uploads\/sites\/3\/2023\/08\/logo-epinalinfos.svg","width":1,"height":1,"caption":"Epinal Info"},"image":{"@id":"https:\/\/vosgesinfo.fr\/epinalinfo\/#\/schema\/logo\/image\/"},"sameAs":["https:\/\/www.facebook.com\/Epinalinfos","https:\/\/x.com\/VosgesInfo88","https:\/\/www.youtube.com\/@vosgesinfo"]},{"@type":"Person","@id":"https:\/\/vosgesinfo.fr\/epinalinfo\/#\/schema\/person\/6f9a650eeea99d969b6c4ab78fccbe81","name":"C.K.","image":{"@type":"ImageObject","inLanguage":"fr-FR","@id":"https:\/\/vosgesinfo.fr\/epinalinfo\/#\/schema\/person\/image\/","url":"https:\/\/secure.gravatar.com\/avatar\/48e3fc7f8421ba8942be6b74a2b7f014ca39bc00dece156b7a8e098ae7dc87bf?s=96&d=mm&r=g","contentUrl":"https:\/\/secure.gravatar.com\/avatar\/48e3fc7f8421ba8942be6b74a2b7f014ca39bc00dece156b7a8e098ae7dc87bf?s=96&d=mm&r=g","caption":"C.K."},"url":"https:\/\/vosgesinfo.fr\/epinalinfo\/author\/celia-k-n\/"}]}},"_links":{"self":[{"href":"https:\/\/vosgesinfo.fr\/epinalinfo\/wp-json\/wp\/v2\/posts\/134289","targetHints":{"allow":["GET"]}}],"collection":[{"href":"https:\/\/vosgesinfo.fr\/epinalinfo\/wp-json\/wp\/v2\/posts"}],"about":[{"href":"https:\/\/vosgesinfo.fr\/epinalinfo\/wp-json\/wp\/v2\/types\/post"}],"author":[{"embeddable":true,"href":"https:\/\/vosgesinfo.fr\/epinalinfo\/wp-json\/wp\/v2\/users\/52"}],"replies":[{"embeddable":true,"href":"https:\/\/vosgesinfo.fr\/epinalinfo\/wp-json\/wp\/v2\/comments?post=134289"}],"version-history":[{"count":1,"href":"https:\/\/vosgesinfo.fr\/epinalinfo\/wp-json\/wp\/v2\/posts\/134289\/revisions"}],"predecessor-version":[{"id":134291,"href":"https:\/\/vosgesinfo.fr\/epinalinfo\/wp-json\/wp\/v2\/posts\/134289\/revisions\/134291"}],"wp:featuredmedia":[{"embeddable":true,"href":"https:\/\/vosgesinfo.fr\/epinalinfo\/wp-json\/wp\/v2\/media\/134290"}],"wp:attachment":[{"href":"https:\/\/vosgesinfo.fr\/epinalinfo\/wp-json\/wp\/v2\/media?parent=134289"}],"wp:term":[{"taxonomy":"category","embeddable":true,"href":"https:\/\/vosgesinfo.fr\/epinalinfo\/wp-json\/wp\/v2\/categories?post=134289"},{"taxonomy":"post_tag","embeddable":true,"href":"https:\/\/vosgesinfo.fr\/epinalinfo\/wp-json\/wp\/v2\/tags?post=134289"}],"curies":[{"name":"wp","href":"https:\/\/api.w.org\/{rel}","templated":true}]}}