{"id":134292,"date":"2025-08-13T15:00:27","date_gmt":"2025-08-13T13:00:27","guid":{"rendered":"https:\/\/vosgesinfo.fr\/epinalinfo\/?p=134292"},"modified":"2025-08-16T08:57:56","modified_gmt":"2025-08-16T06:57:56","slug":"canicule-et-degradation-de-la-qualite-de-lair-en-grand-est-vigilance-face-a-lozone","status":"publish","type":"post","link":"https:\/\/vosgesinfo.fr\/epinalinfo\/2025\/08\/canicule-et-degradation-de-la-qualite-de-lair-en-grand-est-vigilance-face-a-lozone\/","title":{"rendered":"Canicule et d\u00e9gradation de la qualit\u00e9 de l\u2019air en Grand Est : vigilance face \u00e0 l\u2019ozone"},"content":{"rendered":"<div id=\"attachment_74225\" style=\"width: 810px\" class=\"wp-caption aligncenter\"><a href=\"https:\/\/vosgesinfo.fr\/app\/uploads\/sites\/3\/2024\/08\/201506pollution.jpg\"><img decoding=\"async\" aria-describedby=\"caption-attachment-74225\" class=\"wp-image-74225 size-full\" src=\"https:\/\/vosgesinfo.fr\/app\/uploads\/sites\/3\/2024\/08\/201506pollution.jpg\" alt=\"\" width=\"800\" height=\"530\" srcset=\"https:\/\/vosgesinfo.fr\/app\/uploads\/sites\/3\/2024\/08\/201506pollution.jpg 800w, https:\/\/vosgesinfo.fr\/app\/uploads\/sites\/3\/2024\/08\/201506pollution-300x199.jpg 300w, https:\/\/vosgesinfo.fr\/app\/uploads\/sites\/3\/2024\/08\/201506pollution-768x509.jpg 768w\" sizes=\"(max-width: 800px) 100vw, 800px\" \/><\/a><p id=\"caption-attachment-74225\" class=\"wp-caption-text\">illustration<\/p><\/div>\n<h2 data-start=\"298\" data-end=\"666\"><strong>Un \u00e9pisode de canicule touche actuellement la France, avec des temp\u00e9ratures particuli\u00e8rement \u00e9lev\u00e9es dans le Sud-Ouest, le Sud et la r\u00e9gion Rh\u00f4ne-Alpes. Le Grand Est n\u2019est pas \u00e9pargn\u00e9 : la r\u00e9gion est plac\u00e9e en vigilance orange pour fortes chaleurs, avec un ensoleillement soutenu qui accentue un autre ph\u00e9nom\u00e8ne pr\u00e9occupant : l\u2019augmentation des concentrations d\u2019ozone.<\/strong><\/h2>\n<h3 data-start=\"668\" data-end=\"723\">Bon ozone, mauvais ozone : comprendre la diff\u00e9rence<\/h3>\n<p data-start=\"724\" data-end=\"822\">L\u2019ozone est une mol\u00e9cule unique, mais son impact d\u00e9pend de l\u2019altitude \u00e0 laquelle elle se trouve.<\/p>\n<ul data-start=\"823\" data-end=\"1130\">\n<li data-start=\"823\" data-end=\"999\">\n<p data-start=\"825\" data-end=\"999\"><strong data-start=\"825\" data-end=\"849\">Dans la stratosph\u00e8re<\/strong> (12 \u00e0 50 km au-dessus du sol) : c\u2019est le \u201cbon\u201d ozone. Il forme la fameuse couche protectrice qui absorbe une partie des rayons ultraviolets nocifs.<\/p>\n<\/li>\n<li data-start=\"1000\" data-end=\"1130\">\n<p data-start=\"1002\" data-end=\"1130\"><strong data-start=\"1002\" data-end=\"1025\">Dans la troposph\u00e8re<\/strong> (0 \u00e0 15 km) : c\u2019est le \u201cmauvais\u201d ozone. Oxydant puissant, il est nocif pour la sant\u00e9 et les \u00e9cosyst\u00e8mes.<\/p>\n<\/li>\n<\/ul>\n<p data-start=\"1132\" data-end=\"1526\">L\u2019ozone troposph\u00e9rique est un polluant <strong data-start=\"1171\" data-end=\"1185\">secondaire<\/strong>, form\u00e9 par la r\u00e9action entre des polluants primaires (oxydes d\u2019azote et compos\u00e9s organiques volatils) et le rayonnement solaire. Les oxydes d\u2019azote proviennent surtout du trafic routier, tandis que les compos\u00e9s organiques sont \u00e9mis par l\u2019industrie, certaines activit\u00e9s domestiques, la combustion\u2026 mais aussi naturellement par la v\u00e9g\u00e9tation.<\/p>\n<h3 data-start=\"1528\" data-end=\"1576\">Une situation propice \u00e0 la formation d\u2019ozone<\/h3>\n<p data-start=\"1577\" data-end=\"2008\">Depuis une semaine, les concentrations d\u2019ozone augmentent sur presque toute la r\u00e9gion Grand Est. Les conditions m\u00e9t\u00e9orologiques \u2014 chaleur, ensoleillement intense, absence de vent \u2014 favorisent cette accumulation.<br data-start=\"1788\" data-end=\"1791\" \/>La plaine d\u2019Alsace, en raison de sa topographie, est particuli\u00e8rement touch\u00e9e. Mais ce polluant peut voyager, ce qui explique qu\u2019il affecte aussi bien les zones urbaines que les campagnes et les hauteurs vosgiennes.<\/p>\n<p data-start=\"2010\" data-end=\"2165\">Pour l\u2019instant, aucun seuil d\u2019alerte n\u2019a \u00e9t\u00e9 franchi, mais la stabilit\u00e9 des conditions dans les prochains jours laisse envisager un possible d\u00e9clenchement.<\/p>\n<h3 data-start=\"2167\" data-end=\"2222\">Des effets notables sur la sant\u00e9 et l\u2019environnement<\/h3>\n<ul data-start=\"2223\" data-end=\"2659\">\n<li data-start=\"2223\" data-end=\"2503\">\n<p data-start=\"2225\" data-end=\"2503\"><strong data-start=\"2225\" data-end=\"2234\">Sant\u00e9<\/strong> : l\u2019ozone peut p\u00e9n\u00e9trer profond\u00e9ment dans les voies respiratoires, provoquant irritations, alt\u00e9rations pulmonaires, g\u00eane respiratoire et effets cardiovasculaires. La fonction respiratoire peut diminuer de 5 \u00e0 30 % selon l\u2019exposition et la sensibilit\u00e9 de la personne.<\/p>\n<\/li>\n<li data-start=\"2504\" data-end=\"2659\">\n<p data-start=\"2506\" data-end=\"2659\"><strong data-start=\"2506\" data-end=\"2523\">Environnement<\/strong> : il fragilise les v\u00e9g\u00e9taux, entra\u00eenant une baisse de rendement agricole (5 \u00e0 20 % selon les cultures) et participe \u00e0 l\u2019effet de serre.<\/p>\n<\/li>\n<\/ul>\n<h3 data-start=\"2661\" data-end=\"2692\">Les bons r\u00e9flexes \u00e0 adopter<\/h3>\n<ul data-start=\"2693\" data-end=\"3295\">\n<li data-start=\"2693\" data-end=\"2799\">\n<p data-start=\"2695\" data-end=\"2799\"><strong data-start=\"2695\" data-end=\"2720\">Limiter les \u00e9missions<\/strong> : r\u00e9duire l\u2019usage de la voiture, \u00e9viter les produits contenant des solvants.<\/p>\n<\/li>\n<li data-start=\"2800\" data-end=\"3018\">\n<p data-start=\"2802\" data-end=\"3018\"><strong data-start=\"2802\" data-end=\"2817\">Se prot\u00e9ger<\/strong> : pour les personnes vuln\u00e9rables (femmes enceintes, enfants, personnes \u00e2g\u00e9es, malades chroniques), \u00e9viter les efforts physiques en ext\u00e9rieur aux heures chaudes, privil\u00e9gier les sorties t\u00f4t le matin.<\/p>\n<\/li>\n<li data-start=\"3019\" data-end=\"3131\">\n<p data-start=\"3021\" data-end=\"3131\"><strong data-start=\"3021\" data-end=\"3051\">R\u00e9agir en cas de sympt\u00f4mes<\/strong> : consulter rapidement un professionnel de sant\u00e9 en cas de g\u00eane respiratoire.<\/p>\n<\/li>\n<li data-start=\"3132\" data-end=\"3295\">\n<p data-start=\"3134\" data-end=\"3295\"><strong data-start=\"3134\" data-end=\"3148\">S\u2019informer<\/strong> : suivre l\u2019\u00e9volution de la qualit\u00e9 de l\u2019air sur <a class=\"\" href=\"https:\/\/www.atmo-grandest.eu\" target=\"_new\" rel=\"noopener\" data-start=\"3197\" data-end=\"3245\">atmo-grandest.eu<\/a> ou via l\u2019application mobile gratuite <em data-start=\"3283\" data-end=\"3294\">Air to Go<\/em>.<\/p>\n<\/li>\n<\/ul>\n","protected":false},"excerpt":{"rendered":"<p>Un \u00e9pisode de canicule touche actuellement la France, avec des temp\u00e9ratures particuli\u00e8rement \u00e9lev\u00e9es dans le Sud-Ouest, le Sud et la [&hellip;]<\/p>\n","protected":false},"author":52,"featured_media":74225,"comment_status":"open","ping_status":"open","sticky":false,"template":"","format":"standard","meta":{"footnotes":""},"categories":[22,24,5],"tags":[],"class_list":["post-134292","post","type-post","status-publish","format-standard","has-post-thumbnail","hentry","category-a-la-une","category-epinal","category-vosges"],"acf":[],"yoast_head":"<!-- This site is optimized with the Yoast SEO plugin v22.5 - https:\/\/yoast.com\/wordpress\/plugins\/seo\/ -->\n<title>Canicule et d\u00e9gradation de la qualit\u00e9 de l\u2019air en Grand Est : vigilance face \u00e0 l\u2019ozone - Epinal Info<\/title>\n<meta name=\"robots\" content=\"index, follow, max-snippet:-1, max-image-preview:large, max-video-preview:-1\" \/>\n<link rel=\"canonical\" href=\"https:\/\/vosgesinfo.fr\/epinalinfo\/2025\/08\/canicule-et-degradation-de-la-qualite-de-lair-en-grand-est-vigilance-face-a-lozone\/\" \/>\n<meta name=\"twitter:card\" content=\"summary_large_image\" \/>\n<meta name=\"twitter:title\" content=\"Canicule et d\u00e9gradation de la qualit\u00e9 de l\u2019air en Grand Est : vigilance face \u00e0 l\u2019ozone - Epinal Info\" \/>\n<meta name=\"twitter:description\" content=\"Un \u00e9pisode de canicule touche actuellement la France, avec des temp\u00e9ratures particuli\u00e8rement \u00e9lev\u00e9es dans le Sud-Ouest, le Sud et la [&hellip;]\" \/>\n<meta name=\"twitter:image\" content=\"https:\/\/vosgesinfo.fr\/app\/uploads\/sites\/3\/2024\/08\/201506pollution.jpg\" \/>\n<meta name=\"twitter:creator\" content=\"@VosgesInfo88\" \/>\n<meta name=\"twitter:site\" content=\"@VosgesInfo88\" \/>\n<meta name=\"twitter:label1\" content=\"\u00c9crit par\" \/>\n\t<meta name=\"twitter:data1\" content=\"C.K.\" \/>\n\t<meta name=\"twitter:label2\" content=\"Dur\u00e9e de lecture estim\u00e9e\" \/>\n\t<meta name=\"twitter:data2\" content=\"3 minutes\" \/>\n<script type=\"application\/ld+json\" class=\"yoast-schema-graph\">{\"@context\":\"https:\/\/schema.org\",\"@graph\":[{\"@type\":\"Article\",\"@id\":\"https:\/\/vosgesinfo.fr\/epinalinfo\/2025\/08\/canicule-et-degradation-de-la-qualite-de-lair-en-grand-est-vigilance-face-a-lozone\/#article\",\"isPartOf\":{\"@id\":\"https:\/\/vosgesinfo.fr\/epinalinfo\/2025\/08\/canicule-et-degradation-de-la-qualite-de-lair-en-grand-est-vigilance-face-a-lozone\/\"},\"author\":{\"name\":\"C.K.\",\"@id\":\"https:\/\/vosgesinfo.fr\/epinalinfo\/#\/schema\/person\/6f9a650eeea99d969b6c4ab78fccbe81\"},\"headline\":\"Canicule et d\u00e9gradation de la qualit\u00e9 de l\u2019air en Grand Est : vigilance face \u00e0 l\u2019ozone\",\"datePublished\":\"2025-08-13T13:00:27+00:00\",\"dateModified\":\"2025-08-16T06:57:56+00:00\",\"mainEntityOfPage\":{\"@id\":\"https:\/\/vosgesinfo.fr\/epinalinfo\/2025\/08\/canicule-et-degradation-de-la-qualite-de-lair-en-grand-est-vigilance-face-a-lozone\/\"},\"wordCount\":497,\"commentCount\":3,\"publisher\":{\"@id\":\"https:\/\/vosgesinfo.fr\/epinalinfo\/#organization\"},\"image\":{\"@id\":\"https:\/\/vosgesinfo.fr\/epinalinfo\/2025\/08\/canicule-et-degradation-de-la-qualite-de-lair-en-grand-est-vigilance-face-a-lozone\/#primaryimage\"},\"thumbnailUrl\":\"https:\/\/vosgesinfo.fr\/app\/uploads\/sites\/3\/2024\/08\/201506pollution.jpg\",\"articleSection\":[\"A la Une\",\"Epinal\",\"Vosges\"],\"inLanguage\":\"fr-FR\",\"potentialAction\":[{\"@type\":\"CommentAction\",\"name\":\"Comment\",\"target\":[\"https:\/\/vosgesinfo.fr\/epinalinfo\/2025\/08\/canicule-et-degradation-de-la-qualite-de-lair-en-grand-est-vigilance-face-a-lozone\/#respond\"]}]},{\"@type\":\"WebPage\",\"@id\":\"https:\/\/vosgesinfo.fr\/epinalinfo\/2025\/08\/canicule-et-degradation-de-la-qualite-de-lair-en-grand-est-vigilance-face-a-lozone\/\",\"url\":\"https:\/\/vosgesinfo.fr\/epinalinfo\/2025\/08\/canicule-et-degradation-de-la-qualite-de-lair-en-grand-est-vigilance-face-a-lozone\/\",\"name\":\"Canicule et d\u00e9gradation de la qualit\u00e9 de l\u2019air en Grand Est : vigilance face \u00e0 l\u2019ozone - Epinal Info\",\"isPartOf\":{\"@id\":\"https:\/\/vosgesinfo.fr\/epinalinfo\/#website\"},\"primaryImageOfPage\":{\"@id\":\"https:\/\/vosgesinfo.fr\/epinalinfo\/2025\/08\/canicule-et-degradation-de-la-qualite-de-lair-en-grand-est-vigilance-face-a-lozone\/#primaryimage\"},\"image\":{\"@id\":\"https:\/\/vosgesinfo.fr\/epinalinfo\/2025\/08\/canicule-et-degradation-de-la-qualite-de-lair-en-grand-est-vigilance-face-a-lozone\/#primaryimage\"},\"thumbnailUrl\":\"https:\/\/vosgesinfo.fr\/app\/uploads\/sites\/3\/2024\/08\/201506pollution.jpg\",\"datePublished\":\"2025-08-13T13:00:27+00:00\",\"dateModified\":\"2025-08-16T06:57:56+00:00\",\"breadcrumb\":{\"@id\":\"https:\/\/vosgesinfo.fr\/epinalinfo\/2025\/08\/canicule-et-degradation-de-la-qualite-de-lair-en-grand-est-vigilance-face-a-lozone\/#breadcrumb\"},\"inLanguage\":\"fr-FR\",\"potentialAction\":[{\"@type\":\"ReadAction\",\"target\":[\"https:\/\/vosgesinfo.fr\/epinalinfo\/2025\/08\/canicule-et-degradation-de-la-qualite-de-lair-en-grand-est-vigilance-face-a-lozone\/\"]}]},{\"@type\":\"ImageObject\",\"inLanguage\":\"fr-FR\",\"@id\":\"https:\/\/vosgesinfo.fr\/epinalinfo\/2025\/08\/canicule-et-degradation-de-la-qualite-de-lair-en-grand-est-vigilance-face-a-lozone\/#primaryimage\",\"url\":\"https:\/\/vosgesinfo.fr\/app\/uploads\/sites\/3\/2024\/08\/201506pollution.jpg\",\"contentUrl\":\"https:\/\/vosgesinfo.fr\/app\/uploads\/sites\/3\/2024\/08\/201506pollution.jpg\",\"width\":800,\"height\":530},{\"@type\":\"BreadcrumbList\",\"@id\":\"https:\/\/vosgesinfo.fr\/epinalinfo\/2025\/08\/canicule-et-degradation-de-la-qualite-de-lair-en-grand-est-vigilance-face-a-lozone\/#breadcrumb\",\"itemListElement\":[{\"@type\":\"ListItem\",\"position\":1,\"name\":\"Home\",\"item\":\"https:\/\/vosgesinfo.fr\/epinalinfo\/\"},{\"@type\":\"ListItem\",\"position\":2,\"name\":\"Canicule et d\u00e9gradation de la qualit\u00e9 de l\u2019air en Grand Est : vigilance face \u00e0 l\u2019ozone\"}]},{\"@type\":\"WebSite\",\"@id\":\"https:\/\/vosgesinfo.fr\/epinalinfo\/#website\",\"url\":\"https:\/\/vosgesinfo.fr\/epinalinfo\/\",\"name\":\"Epinal Info\",\"description\":\"Toute l&#039;actualit\u00e9 d&#039;\u00c9pinal\",\"publisher\":{\"@id\":\"https:\/\/vosgesinfo.fr\/epinalinfo\/#organization\"},\"alternateName\":\"Toute l'actualit\u00e9 d'\u00c9pinal\",\"potentialAction\":[{\"@type\":\"SearchAction\",\"target\":{\"@type\":\"EntryPoint\",\"urlTemplate\":\"https:\/\/vosgesinfo.fr\/epinalinfo\/?s={search_term_string}\"},\"query-input\":\"required name=search_term_string\"}],\"inLanguage\":\"fr-FR\"},{\"@type\":\"Organization\",\"@id\":\"https:\/\/vosgesinfo.fr\/epinalinfo\/#organization\",\"name\":\"Epinal Info\",\"url\":\"https:\/\/vosgesinfo.fr\/epinalinfo\/\",\"logo\":{\"@type\":\"ImageObject\",\"inLanguage\":\"fr-FR\",\"@id\":\"https:\/\/vosgesinfo.fr\/epinalinfo\/#\/schema\/logo\/image\/\",\"url\":\"https:\/\/vosgesinfo.fr\/app\/uploads\/sites\/3\/2023\/08\/logo-epinalinfos.svg\",\"contentUrl\":\"https:\/\/vosgesinfo.fr\/app\/uploads\/sites\/3\/2023\/08\/logo-epinalinfos.svg\",\"width\":1,\"height\":1,\"caption\":\"Epinal Info\"},\"image\":{\"@id\":\"https:\/\/vosgesinfo.fr\/epinalinfo\/#\/schema\/logo\/image\/\"},\"sameAs\":[\"https:\/\/www.facebook.com\/Epinalinfos\",\"https:\/\/x.com\/VosgesInfo88\",\"https:\/\/www.youtube.com\/@vosgesinfo\"]},{\"@type\":\"Person\",\"@id\":\"https:\/\/vosgesinfo.fr\/epinalinfo\/#\/schema\/person\/6f9a650eeea99d969b6c4ab78fccbe81\",\"name\":\"C.K.\",\"image\":{\"@type\":\"ImageObject\",\"inLanguage\":\"fr-FR\",\"@id\":\"https:\/\/vosgesinfo.fr\/epinalinfo\/#\/schema\/person\/image\/\",\"url\":\"https:\/\/secure.gravatar.com\/avatar\/48e3fc7f8421ba8942be6b74a2b7f014ca39bc00dece156b7a8e098ae7dc87bf?s=96&d=mm&r=g\",\"contentUrl\":\"https:\/\/secure.gravatar.com\/avatar\/48e3fc7f8421ba8942be6b74a2b7f014ca39bc00dece156b7a8e098ae7dc87bf?s=96&d=mm&r=g\",\"caption\":\"C.K.\"},\"url\":\"https:\/\/vosgesinfo.fr\/epinalinfo\/author\/celia-k-n\/\"}]}<\/script>\n<!-- \/ Yoast SEO plugin. -->","yoast_head_json":{"title":"Canicule et d\u00e9gradation de la qualit\u00e9 de l\u2019air en Grand Est : vigilance face \u00e0 l\u2019ozone - Epinal Info","robots":{"index":"index","follow":"follow","max-snippet":"max-snippet:-1","max-image-preview":"max-image-preview:large","max-video-preview":"max-video-preview:-1"},"canonical":"https:\/\/vosgesinfo.fr\/epinalinfo\/2025\/08\/canicule-et-degradation-de-la-qualite-de-lair-en-grand-est-vigilance-face-a-lozone\/","twitter_card":"summary_large_image","twitter_title":"Canicule et d\u00e9gradation de la qualit\u00e9 de l\u2019air en Grand Est : vigilance face \u00e0 l\u2019ozone - Epinal Info","twitter_description":"Un \u00e9pisode de canicule touche actuellement la France, avec des temp\u00e9ratures particuli\u00e8rement \u00e9lev\u00e9es dans le Sud-Ouest, le Sud et la [&hellip;]","twitter_image":"https:\/\/vosgesinfo.fr\/app\/uploads\/sites\/3\/2024\/08\/201506pollution.jpg","twitter_creator":"@VosgesInfo88","twitter_site":"@VosgesInfo88","twitter_misc":{"\u00c9crit par":"C.K.","Dur\u00e9e de lecture estim\u00e9e":"3 minutes"},"schema":{"@context":"https:\/\/schema.org","@graph":[{"@type":"Article","@id":"https:\/\/vosgesinfo.fr\/epinalinfo\/2025\/08\/canicule-et-degradation-de-la-qualite-de-lair-en-grand-est-vigilance-face-a-lozone\/#article","isPartOf":{"@id":"https:\/\/vosgesinfo.fr\/epinalinfo\/2025\/08\/canicule-et-degradation-de-la-qualite-de-lair-en-grand-est-vigilance-face-a-lozone\/"},"author":{"name":"C.K.","@id":"https:\/\/vosgesinfo.fr\/epinalinfo\/#\/schema\/person\/6f9a650eeea99d969b6c4ab78fccbe81"},"headline":"Canicule et d\u00e9gradation de la qualit\u00e9 de l\u2019air en Grand Est : vigilance face \u00e0 l\u2019ozone","datePublished":"2025-08-13T13:00:27+00:00","dateModified":"2025-08-16T06:57:56+00:00","mainEntityOfPage":{"@id":"https:\/\/vosgesinfo.fr\/epinalinfo\/2025\/08\/canicule-et-degradation-de-la-qualite-de-lair-en-grand-est-vigilance-face-a-lozone\/"},"wordCount":497,"commentCount":3,"publisher":{"@id":"https:\/\/vosgesinfo.fr\/epinalinfo\/#organization"},"image":{"@id":"https:\/\/vosgesinfo.fr\/epinalinfo\/2025\/08\/canicule-et-degradation-de-la-qualite-de-lair-en-grand-est-vigilance-face-a-lozone\/#primaryimage"},"thumbnailUrl":"https:\/\/vosgesinfo.fr\/app\/uploads\/sites\/3\/2024\/08\/201506pollution.jpg","articleSection":["A la Une","Epinal","Vosges"],"inLanguage":"fr-FR","potentialAction":[{"@type":"CommentAction","name":"Comment","target":["https:\/\/vosgesinfo.fr\/epinalinfo\/2025\/08\/canicule-et-degradation-de-la-qualite-de-lair-en-grand-est-vigilance-face-a-lozone\/#respond"]}]},{"@type":"WebPage","@id":"https:\/\/vosgesinfo.fr\/epinalinfo\/2025\/08\/canicule-et-degradation-de-la-qualite-de-lair-en-grand-est-vigilance-face-a-lozone\/","url":"https:\/\/vosgesinfo.fr\/epinalinfo\/2025\/08\/canicule-et-degradation-de-la-qualite-de-lair-en-grand-est-vigilance-face-a-lozone\/","name":"Canicule et d\u00e9gradation de la qualit\u00e9 de l\u2019air en Grand Est : vigilance face \u00e0 l\u2019ozone - Epinal Info","isPartOf":{"@id":"https:\/\/vosgesinfo.fr\/epinalinfo\/#website"},"primaryImageOfPage":{"@id":"https:\/\/vosgesinfo.fr\/epinalinfo\/2025\/08\/canicule-et-degradation-de-la-qualite-de-lair-en-grand-est-vigilance-face-a-lozone\/#primaryimage"},"image":{"@id":"https:\/\/vosgesinfo.fr\/epinalinfo\/2025\/08\/canicule-et-degradation-de-la-qualite-de-lair-en-grand-est-vigilance-face-a-lozone\/#primaryimage"},"thumbnailUrl":"https:\/\/vosgesinfo.fr\/app\/uploads\/sites\/3\/2024\/08\/201506pollution.jpg","datePublished":"2025-08-13T13:00:27+00:00","dateModified":"2025-08-16T06:57:56+00:00","breadcrumb":{"@id":"https:\/\/vosgesinfo.fr\/epinalinfo\/2025\/08\/canicule-et-degradation-de-la-qualite-de-lair-en-grand-est-vigilance-face-a-lozone\/#breadcrumb"},"inLanguage":"fr-FR","potentialAction":[{"@type":"ReadAction","target":["https:\/\/vosgesinfo.fr\/epinalinfo\/2025\/08\/canicule-et-degradation-de-la-qualite-de-lair-en-grand-est-vigilance-face-a-lozone\/"]}]},{"@type":"ImageObject","inLanguage":"fr-FR","@id":"https:\/\/vosgesinfo.fr\/epinalinfo\/2025\/08\/canicule-et-degradation-de-la-qualite-de-lair-en-grand-est-vigilance-face-a-lozone\/#primaryimage","url":"https:\/\/vosgesinfo.fr\/app\/uploads\/sites\/3\/2024\/08\/201506pollution.jpg","contentUrl":"https:\/\/vosgesinfo.fr\/app\/uploads\/sites\/3\/2024\/08\/201506pollution.jpg","width":800,"height":530},{"@type":"BreadcrumbList","@id":"https:\/\/vosgesinfo.fr\/epinalinfo\/2025\/08\/canicule-et-degradation-de-la-qualite-de-lair-en-grand-est-vigilance-face-a-lozone\/#breadcrumb","itemListElement":[{"@type":"ListItem","position":1,"name":"Home","item":"https:\/\/vosgesinfo.fr\/epinalinfo\/"},{"@type":"ListItem","position":2,"name":"Canicule et d\u00e9gradation de la qualit\u00e9 de l\u2019air en Grand Est : vigilance face \u00e0 l\u2019ozone"}]},{"@type":"WebSite","@id":"https:\/\/vosgesinfo.fr\/epinalinfo\/#website","url":"https:\/\/vosgesinfo.fr\/epinalinfo\/","name":"Epinal Info","description":"Toute l&#039;actualit\u00e9 d&#039;\u00c9pinal","publisher":{"@id":"https:\/\/vosgesinfo.fr\/epinalinfo\/#organization"},"alternateName":"Toute l'actualit\u00e9 d'\u00c9pinal","potentialAction":[{"@type":"SearchAction","target":{"@type":"EntryPoint","urlTemplate":"https:\/\/vosgesinfo.fr\/epinalinfo\/?s={search_term_string}"},"query-input":"required name=search_term_string"}],"inLanguage":"fr-FR"},{"@type":"Organization","@id":"https:\/\/vosgesinfo.fr\/epinalinfo\/#organization","name":"Epinal Info","url":"https:\/\/vosgesinfo.fr\/epinalinfo\/","logo":{"@type":"ImageObject","inLanguage":"fr-FR","@id":"https:\/\/vosgesinfo.fr\/epinalinfo\/#\/schema\/logo\/image\/","url":"https:\/\/vosgesinfo.fr\/app\/uploads\/sites\/3\/2023\/08\/logo-epinalinfos.svg","contentUrl":"https:\/\/vosgesinfo.fr\/app\/uploads\/sites\/3\/2023\/08\/logo-epinalinfos.svg","width":1,"height":1,"caption":"Epinal Info"},"image":{"@id":"https:\/\/vosgesinfo.fr\/epinalinfo\/#\/schema\/logo\/image\/"},"sameAs":["https:\/\/www.facebook.com\/Epinalinfos","https:\/\/x.com\/VosgesInfo88","https:\/\/www.youtube.com\/@vosgesinfo"]},{"@type":"Person","@id":"https:\/\/vosgesinfo.fr\/epinalinfo\/#\/schema\/person\/6f9a650eeea99d969b6c4ab78fccbe81","name":"C.K.","image":{"@type":"ImageObject","inLanguage":"fr-FR","@id":"https:\/\/vosgesinfo.fr\/epinalinfo\/#\/schema\/person\/image\/","url":"https:\/\/secure.gravatar.com\/avatar\/48e3fc7f8421ba8942be6b74a2b7f014ca39bc00dece156b7a8e098ae7dc87bf?s=96&d=mm&r=g","contentUrl":"https:\/\/secure.gravatar.com\/avatar\/48e3fc7f8421ba8942be6b74a2b7f014ca39bc00dece156b7a8e098ae7dc87bf?s=96&d=mm&r=g","caption":"C.K."},"url":"https:\/\/vosgesinfo.fr\/epinalinfo\/author\/celia-k-n\/"}]}},"_links":{"self":[{"href":"https:\/\/vosgesinfo.fr\/epinalinfo\/wp-json\/wp\/v2\/posts\/134292","targetHints":{"allow":["GET"]}}],"collection":[{"href":"https:\/\/vosgesinfo.fr\/epinalinfo\/wp-json\/wp\/v2\/posts"}],"about":[{"href":"https:\/\/vosgesinfo.fr\/epinalinfo\/wp-json\/wp\/v2\/types\/post"}],"author":[{"embeddable":true,"href":"https:\/\/vosgesinfo.fr\/epinalinfo\/wp-json\/wp\/v2\/users\/52"}],"replies":[{"embeddable":true,"href":"https:\/\/vosgesinfo.fr\/epinalinfo\/wp-json\/wp\/v2\/comments?post=134292"}],"version-history":[{"count":2,"href":"https:\/\/vosgesinfo.fr\/epinalinfo\/wp-json\/wp\/v2\/posts\/134292\/revisions"}],"predecessor-version":[{"id":134349,"href":"https:\/\/vosgesinfo.fr\/epinalinfo\/wp-json\/wp\/v2\/posts\/134292\/revisions\/134349"}],"wp:featuredmedia":[{"embeddable":true,"href":"https:\/\/vosgesinfo.fr\/epinalinfo\/wp-json\/wp\/v2\/media\/74225"}],"wp:attachment":[{"href":"https:\/\/vosgesinfo.fr\/epinalinfo\/wp-json\/wp\/v2\/media?parent=134292"}],"wp:term":[{"taxonomy":"category","embeddable":true,"href":"https:\/\/vosgesinfo.fr\/epinalinfo\/wp-json\/wp\/v2\/categories?post=134292"},{"taxonomy":"post_tag","embeddable":true,"href":"https:\/\/vosgesinfo.fr\/epinalinfo\/wp-json\/wp\/v2\/tags?post=134292"}],"curies":[{"name":"wp","href":"https:\/\/api.w.org\/{rel}","templated":true}]}}